{"id":1036083,"date":"2025-12-31T12:31:34","date_gmt":"2025-12-31T09:31:34","guid":{"rendered":"https:\/\/darkamazi.site\/?p=1036083"},"modified":"2025-12-31T12:31:34","modified_gmt":"2025-12-31T09:31:34","slug":"erbilin-bayrak-restinin-ardindan-suriye-fuari-yetkilileri-geri-adim-atti","status":"publish","type":"post","link":"https:\/\/darkamazi.site\/archives\/1036083","title":{"rendered":"Erbil\u2019in \u2018Bayrak\u2019 restinin ard\u0131ndan Suriye Fuar\u0131 yetkilileri geri ad\u0131m att\u0131"},"content":{"rendered":"<p style=\"text-align: justify\">\u015eam Uluslararas\u0131 Fuar Kurumu\u2019nun Erbil\u2019de d\u00fczenlenecek Suriye \u00fcr\u00fcnleri fuar\u0131 i\u00e7in haz\u0131rlad\u0131\u011f\u0131 reklam g\u00f6rselinde K\u00fcrdistan Bayra\u011f\u0131\u2019na yer vermemesi kriz \u00e7\u0131kard\u0131. Erbil y\u00f6netiminden gelen sert tepkiler \u00fczerine g\u00f6rsel sosyal medyadan silinirken, yetkililer &#8220;Bayra\u011f\u0131m\u0131z\u0131 tan\u0131mayan burada fuar a\u00e7amaz&#8221; a\u00e7\u0131klamas\u0131nda bulundu.<\/p>\n<p style=\"text-align: justify\">\u015eam Uluslararas\u0131 Fuar ve Uluslararas\u0131 Pazarlar Genel Kurumu, 23-26 Ocak 2026 tarihleri aras\u0131nda Erbil\u2019de d\u00fczenlenmesi planlanan &#8220;Suriye Ulusal \u00dcr\u00fcnleri Fuar\u0131&#8221; i\u00e7in sosyal medya \u00fczerinden bir davet ilan\u0131 yay\u0131mlad\u0131.<\/p>\n<p style=\"text-align: justify\">Ancak ilanda kullan\u0131lan Erbil Kalesi g\u00f6rselinde sadece Irak ve Suriye bayraklar\u0131n\u0131n yer almas\u0131, K\u00fcrdistan B\u00f6lgesi bayra\u011f\u0131n\u0131n ise d\u0131\u015flanmas\u0131 b\u00fcy\u00fck tepki toplad\u0131.<\/p>\n<p style=\"text-align: justify\"><strong>R\u00fbdaw\u2019\u0131n haberinin ard\u0131ndan payla\u015f\u0131m silindi<\/strong><\/p>\n<p style=\"text-align: justify\">S\u00f6z konusu g\u00f6rselde, Erbil\u2019in sembol\u00fc olan tarihi Erbil Kalesi \u00fczerine devasa boyutlarda Irak ve Suriye bayraklar\u0131n\u0131n montajland\u0131\u011f\u0131, ancak resmi olarak bulunmas\u0131 gereken K\u00fcrdistan Bayra\u011f\u0131\u2019n\u0131n kas\u0131tl\u0131 olarak koyulmad\u0131\u011f\u0131 g\u00f6r\u00fcld\u00fc.<\/p>\n<p style=\"text-align: justify\">R\u00fbdaw\u2019\u0131n konuyu g\u00fcndeme getirmesinin ard\u0131ndan, \u015eam Uluslararas\u0131 Fuar Kurumu ak\u015fam saat 19:00 sular\u0131nda payla\u015f\u0131m\u0131 Facebook sayfas\u0131ndan silmek zorunda kald\u0131.<\/p>\n<p style=\"text-align: justify\"><strong>Erbil y\u00f6netiminden sert tepki: &#8220;\u0130zin vermeyiz&#8221;<\/strong><\/p>\n<p style=\"text-align: justify\">Krizin patlak vermesinin ard\u0131ndan K\u00fcrdistan B\u00f6lgesi yetkilileri ard\u0131 ard\u0131na a\u00e7\u0131klamalarda bulundu.<\/p>\n<p style=\"text-align: justify\">K\u00fcrdistan B\u00f6lgesi Yat\u0131r\u0131m Heyeti Ba\u015fkan\u0131 Muhammed \u015eukri, &#8220;O g\u00f6rselde K\u00fcrdistan Bayra\u011f\u0131\u2019n\u0131n olmamas\u0131na asla izin vermeyiz. Kendileriyle ileti\u015fime ge\u00e7tik; o g\u00f6rseli de\u011fi\u015ftirmek zorundalar. Aksi takdirde bu fuara kat\u0131lmalar\u0131na veya d\u00fczenlemelerine m\u00fcsaade edilmeyecektir&#8221; dedi.<\/p>\n<p style=\"text-align: justify\">Erbil Valisi Omid Xo\u015fnav da, konunun k\u0131rm\u0131z\u0131 \u00e7izgileri oldu\u011funu belirterek, &#8220;K\u00fcrdistan Bayra\u011f\u0131\u2019n\u0131n yok say\u0131lmas\u0131n\u0131 hi\u00e7bir \u015fekilde kabul etmiyoruz. Fuar organizat\u00f6rlerine net mesaj\u0131m\u0131z\u0131 ilettik: E\u011fer K\u00fcrdistan Bayra\u011f\u0131\u2019n\u0131 tan\u0131yorsan\u0131z bu fuar\u0131 yapabilirsiniz, tan\u0131m\u0131yorsan\u0131z burada fuar a\u00e7man\u0131z m\u00fcmk\u00fcn de\u011fildir&#8221; ifadelerini kulland\u0131.<\/p>\n<p style=\"text-align: justify\"><strong>Fuar iptal tehlikesiyle kar\u015f\u0131 kar\u015f\u0131ya<\/strong><\/p>\n<p style=\"text-align: justify\">Erbil Valili\u011fi ve Yat\u0131r\u0131m Heyeti, organizat\u00f6rlere verdikleri ultimatomda, tan\u0131t\u0131m materyallerinin K\u00fcrdistan B\u00f6lgesi\u2019nin resmi sembollerine sayg\u0131 duyacak \u015fekilde g\u00fcncellenmemesi halinde fuar\u0131n tamamen iptal edilece\u011fini bildirdi.<\/p>\n<p style=\"text-align: justify\">\u015eam ve Halep Sanayi Odalar\u0131\u2019n\u0131n g\u00f6zetiminde yap\u0131lmas\u0131 planlanan fuar\u0131n, 23 Ocak 2026\u2019da Erbil Uluslararas\u0131 Fuar Alan\u0131\u2019nda ba\u015flamas\u0131 \u00f6ng\u00f6r\u00fcl\u00fcyor.<\/p>\n","protected":false},"excerpt":{"rendered":"<p>\u015eam Uluslararas\u0131 Fuar Kurumu\u2019nun Erbil\u2019de d\u00fczenlenecek Suriye \u00fcr\u00fcnleri fuar\u0131 i\u00e7in haz\u0131rlad\u0131\u011f\u0131 reklam g\u00f6rselinde K\u00fcrdistan Bayra\u011f\u0131\u2019na yer vermemesi kriz \u00e7\u0131kard\u0131. Erbil y\u00f6netiminden gelen sert tepkiler \u00fczerine g\u00f6rsel sosyal medyadan silinirken, yetkililer &#8220;Bayra\u011f\u0131m\u0131z\u0131 tan\u0131mayan burada fuar a\u00e7amaz&#8221; a\u00e7\u0131klamas\u0131nda bulundu. \u015eam Uluslararas\u0131 Fuar ve Uluslararas\u0131 Pazarlar Genel Kurumu, 23-26 Ocak 2026 tarihleri aras\u0131nda Erbil\u2019de d\u00fczenlenmesi planlanan &#8220;Suriye Ulusal [&hellip;]<\/p>\n","protected":false},"author":2,"featured_media":1036084,"comment_status":"closed","ping_status":"closed","sticky":false,"template":"","format":"standard","meta":{"footnotes":""},"categories":[3],"tags":[],"class_list":["post-1036083","post","type-post","status-publish","format-standard","has-post-thumbnail","hentry","category-kurdistan"],"blocksy_meta":[],"seo_head":"<!-- This site is optimized with the Yoast SEO plugin v27.5 - https:\/\/yoast.com\/product\/yoast-seo-wordpress\/ -->\n<title>Erbil\u2019in \u2018Bayrak\u2019 restinin ard\u0131ndan Suriye Fuar\u0131 yetkilileri geri ad\u0131m att\u0131 - Darka Mazi<\/title>\n<meta name=\"robots\" content=\"index, follow, max-snippet:-1, max-image-preview:large, max-video-preview:-1\" \/>\n<link rel=\"canonical\" href=\"https:\/\/darkamazi.site\/archives\/1036083\" \/>\n<meta property=\"og:locale\" content=\"en_US\" \/>\n<meta property=\"og:type\" content=\"article\" \/>\n<meta property=\"og:title\" content=\"Erbil\u2019in \u2018Bayrak\u2019 restinin ard\u0131ndan Suriye Fuar\u0131 yetkilileri geri ad\u0131m att\u0131 - Darka Mazi\" \/>\n<meta property=\"og:description\" content=\"\u015eam Uluslararas\u0131 Fuar Kurumu\u2019nun Erbil\u2019de d\u00fczenlenecek Suriye \u00fcr\u00fcnleri fuar\u0131 i\u00e7in haz\u0131rlad\u0131\u011f\u0131 reklam g\u00f6rselinde K\u00fcrdistan Bayra\u011f\u0131\u2019na yer vermemesi kriz \u00e7\u0131kard\u0131. Erbil y\u00f6netiminden gelen sert tepkiler \u00fczerine g\u00f6rsel sosyal medyadan silinirken, yetkililer &#8220;Bayra\u011f\u0131m\u0131z\u0131 tan\u0131mayan burada fuar a\u00e7amaz&#8221; a\u00e7\u0131klamas\u0131nda bulundu. \u015eam Uluslararas\u0131 Fuar ve Uluslararas\u0131 Pazarlar Genel Kurumu, 23-26 Ocak 2026 tarihleri aras\u0131nda Erbil\u2019de d\u00fczenlenmesi planlanan &#8220;Suriye Ulusal [&hellip;]\" \/>\n<meta property=\"og:url\" content=\"https:\/\/darkamazi.site\/archives\/1036083\" \/>\n<meta property=\"og:site_name\" content=\"Darka Mazi\" \/>\n<meta property=\"article:publisher\" content=\"https:\/\/www.facebook.com\/DarkaMaziturkce\" \/>\n<meta property=\"article:published_time\" content=\"2025-12-31T09:31:34+00:00\" \/>\n<meta property=\"og:image\" content=\"https:\/\/darkamazi.site\/file\/2025\/12\/Kurdistan-Bayrak-suriye.jpg\" \/>\n\t<meta property=\"og:image:width\" content=\"752\" \/>\n\t<meta property=\"og:image:height\" content=\"472\" \/>\n\t<meta property=\"og:image:type\" content=\"image\/jpeg\" \/>\n<meta name=\"author\" content=\"darka mazi\" \/>\n<meta name=\"twitter:card\" content=\"summary_large_image\" \/>\n<meta name=\"twitter:creator\" content=\"@DarkaMaziTurkce\" \/>\n<meta name=\"twitter:site\" content=\"@DarkaMaziTurkce\" \/>\n<meta name=\"twitter:label1\" content=\"Written by\" \/>\n\t<meta name=\"twitter:data1\" content=\"darka mazi\" \/>\n\t<meta name=\"twitter:label2\" content=\"Est. reading time\" \/>\n\t<meta name=\"twitter:data2\" content=\"2 minutes\" \/>\n<script type=\"application\/ld+json\" class=\"seo-schema-graph\">{\"@context\":\"https:\\\/\\\/schema.org\",\"@graph\":[{\"@type\":\"NewsArticle\",\"@id\":\"https:\\\/\\\/darkamazi.site\\\/archives\\\/1036083#article\",\"isPartOf\":{\"@id\":\"https:\\\/\\\/darkamazi.site\\\/archives\\\/1036083\"},\"author\":{\"name\":\"darka mazi\",\"@id\":\"https:\\\/\\\/darkamazi.site\\\/#\\\/schema\\\/person\\\/67986a95ac546c16760365877ef4a9d3\"},\"headline\":\"Erbil\u2019in \u2018Bayrak\u2019 restinin ard\u0131ndan Suriye Fuar\u0131 yetkilileri geri ad\u0131m att\u0131\",\"datePublished\":\"2025-12-31T09:31:34+00:00\",\"mainEntityOfPage\":{\"@id\":\"https:\\\/\\\/darkamazi.site\\\/archives\\\/1036083\"},\"wordCount\":413,\"publisher\":{\"@id\":\"https:\\\/\\\/darkamazi.site\\\/#organization\"},\"image\":{\"@id\":\"https:\\\/\\\/darkamazi.site\\\/archives\\\/1036083#primaryimage\"},\"thumbnailUrl\":\"https:\\\/\\\/darkamazi.site\\\/darka-content\\\/uploads\\\/2025\\\/12\\\/Kurdistan-Bayrak-suriye.jpg\",\"articleSection\":[\"Kurdistan\"],\"inLanguage\":\"en-US\"},{\"@type\":\"WebPage\",\"@id\":\"https:\\\/\\\/darkamazi.site\\\/archives\\\/1036083\",\"url\":\"https:\\\/\\\/darkamazi.site\\\/archives\\\/1036083\",\"name\":\"Erbil\u2019in \u2018Bayrak\u2019 restinin ard\u0131ndan Suriye Fuar\u0131 yetkilileri geri ad\u0131m att\u0131 - Darka Mazi\",\"isPartOf\":{\"@id\":\"https:\\\/\\\/darkamazi.site\\\/#website\"},\"primaryImageOfPage\":{\"@id\":\"https:\\\/\\\/darkamazi.site\\\/archives\\\/1036083#primaryimage\"},\"image\":{\"@id\":\"https:\\\/\\\/darkamazi.site\\\/archives\\\/1036083#primaryimage\"},\"thumbnailUrl\":\"https:\\\/\\\/darkamazi.site\\\/darka-content\\\/uploads\\\/2025\\\/12\\\/Kurdistan-Bayrak-suriye.jpg\",\"datePublished\":\"2025-12-31T09:31:34+00:00\",\"breadcrumb\":{\"@id\":\"https:\\\/\\\/darkamazi.site\\\/archives\\\/1036083#breadcrumb\"},\"inLanguage\":\"en-US\",\"potentialAction\":[{\"@type\":\"ReadAction\",\"target\":[\"https:\\\/\\\/darkamazi.site\\\/archives\\\/1036083\"]}]},{\"@type\":\"ImageObject\",\"inLanguage\":\"en-US\",\"@id\":\"https:\\\/\\\/darkamazi.site\\\/archives\\\/1036083#primaryimage\",\"url\":\"https:\\\/\\\/darkamazi.site\\\/darka-content\\\/uploads\\\/2025\\\/12\\\/Kurdistan-Bayrak-suriye.jpg\",\"contentUrl\":\"https:\\\/\\\/darkamazi.site\\\/darka-content\\\/uploads\\\/2025\\\/12\\\/Kurdistan-Bayrak-suriye.jpg\",\"width\":752,\"height\":472,\"caption\":\"foto: Rudaw\"},{\"@type\":\"BreadcrumbList\",\"@id\":\"https:\\\/\\\/darkamazi.site\\\/archives\\\/1036083#breadcrumb\",\"itemListElement\":[{\"@type\":\"ListItem\",\"position\":1,\"name\":\"Home\",\"item\":\"https:\\\/\\\/darkamazi.site\\\/\"},{\"@type\":\"ListItem\",\"position\":2,\"name\":\"Erbil\u2019in \u2018Bayrak\u2019 restinin ard\u0131ndan Suriye Fuar\u0131 yetkilileri geri ad\u0131m att\u0131\"}]},{\"@type\":\"WebSite\",\"@id\":\"https:\\\/\\\/darkamazi.site\\\/#website\",\"url\":\"https:\\\/\\\/darkamazi.site\\\/\",\"name\":\"Darka Mazi\",\"description\":\"Ana Sayfa\",\"publisher\":{\"@id\":\"https:\\\/\\\/darkamazi.site\\\/#organization\"},\"potentialAction\":[{\"@type\":\"SearchAction\",\"target\":{\"@type\":\"EntryPoint\",\"urlTemplate\":\"https:\\\/\\\/darkamazi.site\\\/?s={search_term_string}\"},\"query-input\":{\"@type\":\"PropertyValueSpecification\",\"valueRequired\":true,\"valueName\":\"search_term_string\"}}],\"inLanguage\":\"en-US\"},{\"@type\":\"Organization\",\"@id\":\"https:\\\/\\\/darkamazi.site\\\/#organization\",\"name\":\"Darka Mazi T\u00fcrk\u00e7e\",\"alternateName\":\"Darka Mazi\",\"url\":\"https:\\\/\\\/darkamazi.site\\\/\",\"logo\":{\"@type\":\"ImageObject\",\"inLanguage\":\"en-US\",\"@id\":\"https:\\\/\\\/darkamazi.site\\\/#\\\/schema\\\/logo\\\/image\\\/\",\"url\":\"https:\\\/\\\/darkamazi.site\\\/darka-content\\\/uploads\\\/2017\\\/12\\\/darka-mazi-logo.png\",\"contentUrl\":\"https:\\\/\\\/darkamazi.site\\\/darka-content\\\/uploads\\\/2017\\\/12\\\/darka-mazi-logo.png\",\"width\":151,\"height\":75,\"caption\":\"Darka Mazi T\u00fcrk\u00e7e\"},\"image\":{\"@id\":\"https:\\\/\\\/darkamazi.site\\\/#\\\/schema\\\/logo\\\/image\\\/\"},\"sameAs\":[\"https:\\\/\\\/www.facebook.com\\\/DarkaMaziturkce\",\"https:\\\/\\\/x.com\\\/DarkaMaziTurkce\"]},{\"@type\":\"Person\",\"@id\":\"https:\\\/\\\/darkamazi.site\\\/#\\\/schema\\\/person\\\/67986a95ac546c16760365877ef4a9d3\",\"name\":\"darka mazi\",\"sameAs\":[\"https:\\\/\\\/darkamazi.site\"],\"url\":\"https:\\\/\\\/darkamazi.site\\\/archives\\\/author\\\/turkish\"}]}<\/script>\n<!-- \/ Yoast SEO plugin. -->","seo_head_json":{"title":"Erbil\u2019in \u2018Bayrak\u2019 restinin ard\u0131ndan Suriye Fuar\u0131 yetkilileri geri ad\u0131m att\u0131 - Darka Mazi","robots":{"index":"index","follow":"follow","max-snippet":"max-snippet:-1","max-image-preview":"max-image-preview:large","max-video-preview":"max-video-preview:-1"},"canonical":"https:\/\/darkamazi.site\/archives\/1036083","og_locale":"en_US","og_type":"article","og_title":"Erbil\u2019in \u2018Bayrak\u2019 restinin ard\u0131ndan Suriye Fuar\u0131 yetkilileri geri ad\u0131m att\u0131 - Darka Mazi","og_description":"\u015eam Uluslararas\u0131 Fuar Kurumu\u2019nun Erbil\u2019de d\u00fczenlenecek Suriye \u00fcr\u00fcnleri fuar\u0131 i\u00e7in haz\u0131rlad\u0131\u011f\u0131 reklam g\u00f6rselinde K\u00fcrdistan Bayra\u011f\u0131\u2019na yer vermemesi kriz \u00e7\u0131kard\u0131. Erbil y\u00f6netiminden gelen sert tepkiler \u00fczerine g\u00f6rsel sosyal medyadan silinirken, yetkililer &#8220;Bayra\u011f\u0131m\u0131z\u0131 tan\u0131mayan burada fuar a\u00e7amaz&#8221; a\u00e7\u0131klamas\u0131nda bulundu. \u015eam Uluslararas\u0131 Fuar ve Uluslararas\u0131 Pazarlar Genel Kurumu, 23-26 Ocak 2026 tarihleri aras\u0131nda Erbil\u2019de d\u00fczenlenmesi planlanan &#8220;Suriye Ulusal [&hellip;]","og_url":"https:\/\/darkamazi.site\/archives\/1036083","og_site_name":"Darka Mazi","article_publisher":"https:\/\/www.facebook.com\/DarkaMaziturkce","article_published_time":"2025-12-31T09:31:34+00:00","og_image":[{"width":752,"height":472,"url":"https:\/\/darkamazi.site\/file\/2025\/12\/Kurdistan-Bayrak-suriye.jpg","type":"image\/jpeg"}],"author":"darka mazi","twitter_card":"summary_large_image","twitter_creator":"@DarkaMaziTurkce","twitter_site":"@DarkaMaziTurkce","twitter_misc":{"Written by":"darka mazi","Est. reading time":"2 minutes"},"schema":{"@context":"https:\/\/schema.org","@graph":[{"@type":"NewsArticle","@id":"https:\/\/darkamazi.site\/archives\/1036083#article","isPartOf":{"@id":"https:\/\/darkamazi.site\/archives\/1036083"},"author":{"name":"darka mazi","@id":"https:\/\/darkamazi.site\/#\/schema\/person\/67986a95ac546c16760365877ef4a9d3"},"headline":"Erbil\u2019in \u2018Bayrak\u2019 restinin ard\u0131ndan Suriye Fuar\u0131 yetkilileri geri ad\u0131m att\u0131","datePublished":"2025-12-31T09:31:34+00:00","mainEntityOfPage":{"@id":"https:\/\/darkamazi.site\/archives\/1036083"},"wordCount":413,"publisher":{"@id":"https:\/\/darkamazi.site\/#organization"},"image":{"@id":"https:\/\/darkamazi.site\/archives\/1036083#primaryimage"},"thumbnailUrl":"https:\/\/darkamazi.site\/file\/2025\/12\/Kurdistan-Bayrak-suriye.jpg","articleSection":["Kurdistan"],"inLanguage":"en-US"},{"@type":"WebPage","@id":"https:\/\/darkamazi.site\/archives\/1036083","url":"https:\/\/darkamazi.site\/archives\/1036083","name":"Erbil\u2019in \u2018Bayrak\u2019 restinin ard\u0131ndan Suriye Fuar\u0131 yetkilileri geri ad\u0131m att\u0131 - Darka Mazi","isPartOf":{"@id":"https:\/\/darkamazi.site\/#website"},"primaryImageOfPage":{"@id":"https:\/\/darkamazi.site\/archives\/1036083#primaryimage"},"image":{"@id":"https:\/\/darkamazi.site\/archives\/1036083#primaryimage"},"thumbnailUrl":"https:\/\/darkamazi.site\/file\/2025\/12\/Kurdistan-Bayrak-suriye.jpg","datePublished":"2025-12-31T09:31:34+00:00","breadcrumb":{"@id":"https:\/\/darkamazi.site\/archives\/1036083#breadcrumb"},"inLanguage":"en-US","potentialAction":[{"@type":"ReadAction","target":["https:\/\/darkamazi.site\/archives\/1036083"]}]},{"@type":"ImageObject","inLanguage":"en-US","@id":"https:\/\/darkamazi.site\/archives\/1036083#primaryimage","url":"https:\/\/darkamazi.site\/file\/2025\/12\/Kurdistan-Bayrak-suriye.jpg","contentUrl":"https:\/\/darkamazi.site\/file\/2025\/12\/Kurdistan-Bayrak-suriye.jpg","width":752,"height":472,"caption":"foto: Rudaw"},{"@type":"BreadcrumbList","@id":"https:\/\/darkamazi.site\/archives\/1036083#breadcrumb","itemListElement":[{"@type":"ListItem","position":1,"name":"Home","item":"https:\/\/darkamazi.site\/"},{"@type":"ListItem","position":2,"name":"Erbil\u2019in \u2018Bayrak\u2019 restinin ard\u0131ndan Suriye Fuar\u0131 yetkilileri geri ad\u0131m att\u0131"}]},{"@type":"WebSite","@id":"https:\/\/darkamazi.site\/#website","url":"https:\/\/darkamazi.site\/","name":"Darka Mazi","description":"Ana Sayfa","publisher":{"@id":"https:\/\/darkamazi.site\/#organization"},"potentialAction":[{"@type":"SearchAction","target":{"@type":"EntryPoint","urlTemplate":"https:\/\/darkamazi.site\/?s={search_term_string}"},"query-input":{"@type":"PropertyValueSpecification","valueRequired":true,"valueName":"search_term_string"}}],"inLanguage":"en-US"},{"@type":"Organization","@id":"https:\/\/darkamazi.site\/#organization","name":"Darka Mazi T\u00fcrk\u00e7e","alternateName":"Darka Mazi","url":"https:\/\/darkamazi.site\/","logo":{"@type":"ImageObject","inLanguage":"en-US","@id":"https:\/\/darkamazi.site\/#\/schema\/logo\/image\/","url":"https:\/\/darkamazi.site\/file\/2017\/12\/darka-mazi-logo.png","contentUrl":"https:\/\/darkamazi.site\/file\/2017\/12\/darka-mazi-logo.png","width":151,"height":75,"caption":"Darka Mazi T\u00fcrk\u00e7e"},"image":{"@id":"https:\/\/darkamazi.site\/#\/schema\/logo\/image\/"},"sameAs":["https:\/\/www.facebook.com\/DarkaMaziturkce","https:\/\/x.com\/DarkaMaziTurkce"]},{"@type":"Person","@id":"https:\/\/darkamazi.site\/#\/schema\/person\/67986a95ac546c16760365877ef4a9d3","name":"darka mazi","sameAs":["https:\/\/darkamazi.site"],"url":"https:\/\/darkamazi.site\/archives\/author\/turkish"}]}},"_links":{"self":[{"href":"https:\/\/darkamazi.site\/funavuv\/wp\/v2\/posts\/1036083","targetHints":{"allow":["GET"]}}],"collection":[{"href":"https:\/\/darkamazi.site\/funavuv\/wp\/v2\/posts"}],"about":[{"href":"https:\/\/darkamazi.site\/funavuv\/wp\/v2\/types\/post"}],"author":[{"embeddable":true,"href":"https:\/\/darkamazi.site\/funavuv\/wp\/v2\/users\/2"}],"replies":[{"embeddable":true,"href":"https:\/\/darkamazi.site\/funavuv\/wp\/v2\/comments?post=1036083"}],"version-history":[{"count":0,"href":"https:\/\/darkamazi.site\/funavuv\/wp\/v2\/posts\/1036083\/revisions"}],"wp:featuredmedia":[{"embeddable":true,"href":"https:\/\/darkamazi.site\/funavuv\/wp\/v2\/media\/1036084"}],"wp:attachment":[{"href":"https:\/\/darkamazi.site\/funavuv\/wp\/v2\/media?parent=1036083"}],"wp:term":[{"taxonomy":"category","embeddable":true,"href":"https:\/\/darkamazi.site\/funavuv\/wp\/v2\/categories?post=1036083"},{"taxonomy":"post_tag","embeddable":true,"href":"https:\/\/darkamazi.site\/funavuv\/wp\/v2\/tags?post=1036083"}],"curies":[{"name":"wp","href":"https:\/\/api.w.org\/{rel}","templated":true}]}}