{"id":1036086,"date":"2025-12-31T12:42:57","date_gmt":"2025-12-31T09:42:57","guid":{"rendered":"https:\/\/darkamazi.site\/?p=1036086"},"modified":"2025-12-31T12:42:57","modified_gmt":"2025-12-31T09:42:57","slug":"tsk-aciklamasinda-dsgye-donuk-operasyon-icin-sinyal-suriye-hukumeti-birlik-ve-butunlugu-icin-bir-inisiyatif-almaya-karar-verirse-turkiye-ona-destek-olacaktir","status":"publish","type":"post","link":"https:\/\/darkamazi.site\/archives\/1036086","title":{"rendered":"TSK a\u00e7\u0131klamas\u0131nda DSG&#8217;ye d\u00f6n\u00fck operasyon i\u00e7in sinyal: &#8220;Suriye h\u00fck\u00fcmeti birlik ve b\u00fct\u00fcnl\u00fc\u011f\u00fc i\u00e7in bir inisiyatif almaya karar verirse T\u00fcrkiye ona destek olacakt\u0131r&#8221;"},"content":{"rendered":"<p style=\"text-align: justify\">T\u00fcrkiye\u00a0\u00a0Milli Savunma Bakanl\u0131\u011f\u0131&#8217;ndan Suriye\u2019de \u015eam ile DSG aras\u0131ndaki entegrasyon g\u00f6r\u00fc\u015fmelerine ili\u015fkin dikkat \u00e7ekici bir a\u00e7\u0131klama geldi.<\/p>\n<p style=\"text-align: justify\">MSB&#8217;den yap\u0131lan a\u00e7\u0131klamada, &#8220;Suriye h\u00fck\u00fcmetiyle &#8220;Tek Devlet, Tek Ordu&#8221; ilkesi do\u011frultusunda yak\u0131n i\u015fbirli\u011fini s\u00fcrd\u00fcr\u00fcyor, entegrasyon s\u00fcrecini yak\u0131ndan takip ediyoruz. Suriye h\u00fck\u00fcmeti birlik ve b\u00fct\u00fcnl\u00fc\u011f\u00fc i\u00e7in bir insiyatif almaya karar verirse T\u00fcrkiye ona destek olacakt\u0131r&#8221; denildi.<\/p>\n<p style=\"text-align: justify\">MSB Bas\u0131n ve Halkla \u0130li\u015fkiler M\u00fc\u015faviri ve Bakanl\u0131k S\u00f6zc\u00fcs\u00fc Tu\u011famiral Zeki Akt\u00fcrk, bakanl\u0131kta d\u00fczenlenen haftal\u0131k bas\u0131n bilgilendirme toplant\u0131s\u0131nda konu\u015ftu.<\/p>\n<p style=\"text-align: justify\">Bakanl\u0131ktan yap\u0131lan a\u00e7\u0131klamada, &#8220;Beka ve g\u00fcvenli\u011fimize y\u00f6nelen risk ve tehdit unsurlar\u0131 ile m\u00fccadelesini s\u0131n\u0131rlar\u0131m\u0131zda ve \u00f6tesinde kararl\u0131l\u0131kla s\u00fcrd\u00fcren T\u00fcrk Silahl\u0131 Kuvvetlerimizin operasyon ve arama-tarama faaliyetleri kesintisiz bir \u015fekilde devam ediyor&#8221; denildi.<\/p>\n<p style=\"text-align: justify\"><strong>Hudut g\u00fcvenli\u011fi<\/strong><\/p>\n<p style=\"text-align: justify\">Son bir haftada hudutlar\u0131m\u0131zdan yasa d\u0131\u015f\u0131 yollarla ge\u00e7meye \u00e7al\u0131\u015fan 136 \u015fah\u0131s yakalan\u0131rken, 1186 \u015fah\u0131s ise engellendi.<\/p>\n<p style=\"text-align: justify\">Bakanl\u0131ktan yap\u0131lan bilgilendirmede Cumhuriyet tarihimizin en yo\u011fun ve etkin tedbirleri ile korunan hudutlar\u0131m\u0131zdaki ba\u015far\u0131 rakamlara da yans\u0131d\u0131\u011f\u0131 vurguland\u0131.<\/p>\n<p style=\"text-align: justify\">2025 y\u0131l\u0131nda hudutlar\u0131m\u0131zdan yasa d\u0131\u015f\u0131 yollarla ge\u00e7meye \u00e7al\u0131\u015f\u0131rken yakalananlar\u0131n say\u0131s\u0131 9 bin 942, engellenen ki\u015fi say\u0131s\u0131 da 66 bin 794 olmu\u015ftur.<\/p>\n<p style=\"text-align: justify\">Ke\u015fif, g\u00f6zetleme ve devriye faaliyetlerini aral\u0131ks\u0131z s\u00fcrd\u00fcren hudut birlikleri taraf\u0131ndan; Hakkari ve Van hudut hatlar\u0131nda ger\u00e7ekle\u015ftirilen arama-tarama faaliyetlerinde bu hafta ele ge\u00e7irilen 101 kilogram uyu\u015fturucu ile birlikte bu y\u0131l ele ge\u00e7irilen 1982 kilogram uyu\u015fturucu madde kolluk kuvvetlerine teslim edildi.<\/p>\n<p style=\"text-align: justify\">A\u00e7\u0131klamada, &#8220;T\u00fcrk Silahl\u0131 Kuvvetlerimiz ter\u00f6rle m\u00fccadele ve hudut g\u00fcvenli\u011finde elde edilen ba\u015far\u0131 ve etkinli\u011fin \u00e7\u0131tas\u0131n\u0131 2026 y\u0131l\u0131nda daha da yukar\u0131lara ta\u015f\u0131ma azim ve kararl\u0131l\u0131\u011f\u0131ndad\u0131r.&#8221; ifadesi kullan\u0131ld\u0131.<\/p>\n<p style=\"text-align: justify\"><strong>&#8220;Filistin halk\u0131 ya\u015fam hakk\u0131na kavu\u015ftu\u011fu bir y\u0131l olmas\u0131n\u0131 temenni ediyoruz&#8221;<\/strong><\/p>\n<p style=\"text-align: justify\">Bakanl\u0131ktan yap\u0131lan a\u00e7\u0131klamada katil \u0130srail&#8217;in Filistin&#8217;e y\u00f6nelik sald\u0131r\u0131lar\u0131na da de\u011finildi.<\/p>\n<p style=\"text-align: justify\">&#8220;\u0130srail, iki y\u0131l\u0131 a\u015fk\u0131n s\u00fcredir b\u00f6lgesel ve k\u00fcresel d\u00fczeyde istikrars\u0131zl\u0131k yaratmaya ve hukuksuzlu\u011fa devam etmektedir. Uluslararas\u0131 toplum ise, \u0130srail&#8217;in Filistin halk\u0131na y\u00f6nelik ac\u0131mas\u0131z katliamlar\u0131n\u0131 ve insanl\u0131k d\u0131\u015f\u0131 uygulamalar\u0131n\u0131 durdurmakta; b\u00f6lge \u00fclkelerinin egemenli\u011fine y\u00f6nelik tehditlerini ve b\u00f6lgede yaratt\u0131\u011f\u0131 kaosu engellemekte yetersiz kalmaktad\u0131r. Gelecek y\u0131l\u0131n, b\u00f6lgeye ve Filistin&#8217;e bar\u0131\u015f\u0131n geldi\u011fi, Filistin halk\u0131n\u0131n ya\u015fam hakk\u0131na kavu\u015ftu\u011fu, b\u00f6lgesel g\u00fcven ve istikrar\u0131n sa\u011fland\u0131\u011f\u0131 bir y\u0131l olmas\u0131n\u0131 temenni ediyoruz. &#8220;<\/p>\n<p style=\"text-align: justify\"><strong>Bakanl\u0131k Demokratik Suriye G\u00fc\u00e7leri\u00a0\u00a0a\u00e7\u0131klamas\u0131<\/strong><\/p>\n<p style=\"text-align: justify\">Milli\u00a0Savunma\u00a0Bakanl\u0131\u011f\u0131nca (MSB), &#8220;Suriye h\u00fck\u00fcmetiyle &#8216;Tek Devlet, Tek Ordu&#8217; ilkesi do\u011frultusunda yak\u0131n i\u015fbirli\u011fini s\u00fcrd\u00fcr\u00fcyor entegrasyon s\u00fcrecini yak\u0131ndan takip ediyoruz. Suriye h\u00fck\u00fcmeti birlik ve b\u00fct\u00fcnl\u00fc\u011f\u00fc i\u00e7in bir inisiyatif almaya karar verirse T\u00fcrkiye ona destek olacakt\u0131r&#8221; ifadesi kullan\u0131ld\u0131.<\/p>\n<p style=\"text-align: justify\">MSB&#8217;de d\u00fczenlenen haftal\u0131k bas\u0131n bilgilendirme toplant\u0131s\u0131n\u0131n ard\u0131ndan Bakanl\u0131k taraf\u0131ndan bas\u0131n mensuplar\u0131n\u0131n sorular\u0131na cevaben a\u00e7\u0131klamalar yap\u0131ld\u0131.<\/p>\n<p style=\"text-align: justify\">Bas\u0131n mensuplar\u0131n\u0131n F-35 tedarikine ili\u015fkin sorular\u0131 \u00fczerine Bakanl\u0131k taraf\u0131ndan \u015fu a\u00e7\u0131klama yap\u0131ld\u0131:<\/p>\n<p style=\"text-align: justify\">&#8220;Hava Kuvvetleri Komutanl\u0131\u011f\u0131m\u0131z\u0131n ihtiya\u00e7lar\u0131 do\u011frultusunda\u00a0milli\u00a0u\u00e7a\u011f\u0131m\u0131z KAAN hizmete girinceye kadar geli\u015fmi\u015f teknolojiyle donat\u0131lm\u0131\u015f modern sava\u015f u\u00e7aklar\u0131n\u0131n envantere al\u0131nmas\u0131, envanterin \u00e7e\u015fitlendirilmesi ve cayd\u0131r\u0131c\u0131l\u0131k kapasitesinin art\u0131r\u0131lmas\u0131 faaliyetlerimiz s\u00fcrmektedir. CAATSA yapt\u0131r\u0131mlar\u0131n\u0131n kald\u0131r\u0131lmas\u0131 durumunda ABD ile\u00a0savunma\u00a0sanayii i\u015fbirli\u011finin ivmesinin artaca\u011f\u0131n\u0131 de\u011ferlendiriyoruz. S\u00f6z konusu yapt\u0131r\u0131mlar\u0131n kald\u0131r\u0131lmas\u0131 ve F-35 tedariki konusunda \u00e7al\u0131\u015fmalar devam ediyor.&#8221;<\/p>\n<p style=\"text-align: justify\">Bakanl\u0131k Suriye&#8217;deki son duruma y\u00f6nelik sorular \u00fczerine ise, &#8220;SDG, adem-i merkeziyet\u00e7ilik ve federalizm taleplerini dile getirmeye devam etmekte ve merkezi otoriteye entegre olma konusunda ad\u0131m atmamaktad\u0131r. Daha \u00f6nce de vurgulad\u0131\u011f\u0131m\u0131z gibi SDG&#8217;nin bu tavr\u0131 Suriye&#8217;nin toprak b\u00fct\u00fcnl\u00fc\u011f\u00fcne ve istikrar\u0131na zarar vermektedir. Suriye h\u00fck\u00fcmetiyle &#8216;Tek Devlet, Tek Ordu&#8217; ilkesi do\u011frultusunda yak\u0131n i\u015fbirli\u011fini s\u00fcrd\u00fcr\u00fcyor entegrasyon s\u00fcrecini yak\u0131ndan takip ediyoruz. Suriye h\u00fck\u00fcmeti birlik ve b\u00fct\u00fcnl\u00fc\u011f\u00fc i\u00e7in bir inisiyatif almaya karar verirse T\u00fcrkiye ona destek olacakt\u0131r&#8221; a\u00e7\u0131klamas\u0131n\u0131 yapt\u0131.<\/p>\n","protected":false},"excerpt":{"rendered":"<p>T\u00fcrkiye\u00a0\u00a0Milli Savunma Bakanl\u0131\u011f\u0131&#8217;ndan Suriye\u2019de \u015eam ile DSG aras\u0131ndaki entegrasyon g\u00f6r\u00fc\u015fmelerine ili\u015fkin dikkat \u00e7ekici bir a\u00e7\u0131klama geldi. MSB&#8217;den yap\u0131lan a\u00e7\u0131klamada, &#8220;Suriye h\u00fck\u00fcmetiyle &#8220;Tek Devlet, Tek Ordu&#8221; ilkesi do\u011frultusunda yak\u0131n i\u015fbirli\u011fini s\u00fcrd\u00fcr\u00fcyor, entegrasyon s\u00fcrecini yak\u0131ndan takip ediyoruz. Suriye h\u00fck\u00fcmeti birlik ve b\u00fct\u00fcnl\u00fc\u011f\u00fc i\u00e7in bir insiyatif almaya karar verirse T\u00fcrkiye ona destek olacakt\u0131r&#8221; denildi. MSB Bas\u0131n ve Halkla [&hellip;]<\/p>\n","protected":false},"author":2,"featured_media":1036087,"comment_status":"closed","ping_status":"closed","sticky":false,"template":"","format":"standard","meta":{"footnotes":""},"categories":[29],"tags":[31],"class_list":["post-1036086","post","type-post","status-publish","format-standard","has-post-thumbnail","hentry","category-ortadogu","tag-onemli"],"blocksy_meta":[],"seo_head":"<!-- This site is optimized with the Yoast SEO plugin v27.5 - https:\/\/yoast.com\/product\/yoast-seo-wordpress\/ -->\n<title>TSK a\u00e7\u0131klamas\u0131nda DSG&#039;ye d\u00f6n\u00fck operasyon i\u00e7in sinyal: &quot;Suriye h\u00fck\u00fcmeti birlik ve b\u00fct\u00fcnl\u00fc\u011f\u00fc i\u00e7in bir inisiyatif almaya karar verirse T\u00fcrkiye ona destek olacakt\u0131r&quot; - Darka Mazi<\/title>\n<meta name=\"robots\" content=\"index, follow, max-snippet:-1, max-image-preview:large, max-video-preview:-1\" \/>\n<link rel=\"canonical\" href=\"https:\/\/darkamazi.site\/archives\/1036086\" \/>\n<meta property=\"og:locale\" content=\"en_US\" \/>\n<meta property=\"og:type\" content=\"article\" \/>\n<meta property=\"og:title\" content=\"TSK a\u00e7\u0131klamas\u0131nda DSG&#039;ye d\u00f6n\u00fck operasyon i\u00e7in sinyal: &quot;Suriye h\u00fck\u00fcmeti birlik ve b\u00fct\u00fcnl\u00fc\u011f\u00fc i\u00e7in bir inisiyatif almaya karar verirse T\u00fcrkiye ona destek olacakt\u0131r&quot; - Darka Mazi\" \/>\n<meta property=\"og:description\" content=\"T\u00fcrkiye\u00a0\u00a0Milli Savunma Bakanl\u0131\u011f\u0131&#8217;ndan Suriye\u2019de \u015eam ile DSG aras\u0131ndaki entegrasyon g\u00f6r\u00fc\u015fmelerine ili\u015fkin dikkat \u00e7ekici bir a\u00e7\u0131klama geldi. MSB&#8217;den yap\u0131lan a\u00e7\u0131klamada, &#8220;Suriye h\u00fck\u00fcmetiyle &#8220;Tek Devlet, Tek Ordu&#8221; ilkesi do\u011frultusunda yak\u0131n i\u015fbirli\u011fini s\u00fcrd\u00fcr\u00fcyor, entegrasyon s\u00fcrecini yak\u0131ndan takip ediyoruz. Suriye h\u00fck\u00fcmeti birlik ve b\u00fct\u00fcnl\u00fc\u011f\u00fc i\u00e7in bir insiyatif almaya karar verirse T\u00fcrkiye ona destek olacakt\u0131r&#8221; denildi. MSB Bas\u0131n ve Halkla [&hellip;]\" \/>\n<meta property=\"og:url\" content=\"https:\/\/darkamazi.site\/archives\/1036086\" \/>\n<meta property=\"og:site_name\" content=\"Darka Mazi\" \/>\n<meta property=\"article:publisher\" content=\"https:\/\/www.facebook.com\/DarkaMaziturkce\" \/>\n<meta property=\"article:published_time\" content=\"2025-12-31T09:42:57+00:00\" \/>\n<meta property=\"og:image\" content=\"https:\/\/darkamazi.site\/file\/2025\/12\/SDG-SAM-1.jpg\" \/>\n\t<meta property=\"og:image:width\" content=\"1562\" \/>\n\t<meta property=\"og:image:height\" content=\"878\" \/>\n\t<meta property=\"og:image:type\" content=\"image\/jpeg\" \/>\n<meta name=\"author\" content=\"darka mazi\" \/>\n<meta name=\"twitter:card\" content=\"summary_large_image\" \/>\n<meta name=\"twitter:creator\" content=\"@DarkaMaziTurkce\" \/>\n<meta name=\"twitter:site\" content=\"@DarkaMaziTurkce\" \/>\n<meta name=\"twitter:label1\" content=\"Written by\" \/>\n\t<meta name=\"twitter:data1\" content=\"darka mazi\" \/>\n\t<meta name=\"twitter:label2\" content=\"Est. reading time\" \/>\n\t<meta name=\"twitter:data2\" content=\"3 minutes\" \/>\n<script type=\"application\/ld+json\" class=\"seo-schema-graph\">{\"@context\":\"https:\\\/\\\/schema.org\",\"@graph\":[{\"@type\":\"NewsArticle\",\"@id\":\"https:\\\/\\\/darkamazi.site\\\/archives\\\/1036086#article\",\"isPartOf\":{\"@id\":\"https:\\\/\\\/darkamazi.site\\\/archives\\\/1036086\"},\"author\":{\"name\":\"darka mazi\",\"@id\":\"https:\\\/\\\/darkamazi.site\\\/#\\\/schema\\\/person\\\/67986a95ac546c16760365877ef4a9d3\"},\"headline\":\"TSK a\u00e7\u0131klamas\u0131nda DSG&#8217;ye d\u00f6n\u00fck operasyon i\u00e7in sinyal: &#8220;Suriye h\u00fck\u00fcmeti birlik ve b\u00fct\u00fcnl\u00fc\u011f\u00fc i\u00e7in bir inisiyatif almaya karar verirse T\u00fcrkiye ona destek olacakt\u0131r&#8221;\",\"datePublished\":\"2025-12-31T09:42:57+00:00\",\"mainEntityOfPage\":{\"@id\":\"https:\\\/\\\/darkamazi.site\\\/archives\\\/1036086\"},\"wordCount\":821,\"publisher\":{\"@id\":\"https:\\\/\\\/darkamazi.site\\\/#organization\"},\"image\":{\"@id\":\"https:\\\/\\\/darkamazi.site\\\/archives\\\/1036086#primaryimage\"},\"thumbnailUrl\":\"https:\\\/\\\/darkamazi.site\\\/darka-content\\\/uploads\\\/2025\\\/12\\\/SDG-SAM-1.jpg\",\"keywords\":[\"\u00f6nemli\"],\"articleSection\":[\"Ortado\u011fu\"],\"inLanguage\":\"en-US\"},{\"@type\":\"WebPage\",\"@id\":\"https:\\\/\\\/darkamazi.site\\\/archives\\\/1036086\",\"url\":\"https:\\\/\\\/darkamazi.site\\\/archives\\\/1036086\",\"name\":\"TSK a\u00e7\u0131klamas\u0131nda DSG'ye d\u00f6n\u00fck operasyon i\u00e7in sinyal: \\\"Suriye h\u00fck\u00fcmeti birlik ve b\u00fct\u00fcnl\u00fc\u011f\u00fc i\u00e7in bir inisiyatif almaya karar verirse T\u00fcrkiye ona destek olacakt\u0131r\\\" - Darka Mazi\",\"isPartOf\":{\"@id\":\"https:\\\/\\\/darkamazi.site\\\/#website\"},\"primaryImageOfPage\":{\"@id\":\"https:\\\/\\\/darkamazi.site\\\/archives\\\/1036086#primaryimage\"},\"image\":{\"@id\":\"https:\\\/\\\/darkamazi.site\\\/archives\\\/1036086#primaryimage\"},\"thumbnailUrl\":\"https:\\\/\\\/darkamazi.site\\\/darka-content\\\/uploads\\\/2025\\\/12\\\/SDG-SAM-1.jpg\",\"datePublished\":\"2025-12-31T09:42:57+00:00\",\"breadcrumb\":{\"@id\":\"https:\\\/\\\/darkamazi.site\\\/archives\\\/1036086#breadcrumb\"},\"inLanguage\":\"en-US\",\"potentialAction\":[{\"@type\":\"ReadAction\",\"target\":[\"https:\\\/\\\/darkamazi.site\\\/archives\\\/1036086\"]}]},{\"@type\":\"ImageObject\",\"inLanguage\":\"en-US\",\"@id\":\"https:\\\/\\\/darkamazi.site\\\/archives\\\/1036086#primaryimage\",\"url\":\"https:\\\/\\\/darkamazi.site\\\/darka-content\\\/uploads\\\/2025\\\/12\\\/SDG-SAM-1.jpg\",\"contentUrl\":\"https:\\\/\\\/darkamazi.site\\\/darka-content\\\/uploads\\\/2025\\\/12\\\/SDG-SAM-1.jpg\",\"width\":1562,\"height\":878,\"caption\":\"TSK a\u00e7\u0131klamas\u0131nda DSG'ye d\u00f6n\u00fck operasyon i\u00e7in sinyal: \\\"Suriye h\u00fck\u00fcmeti birlik ve b\u00fct\u00fcnl\u00fc\u011f\u00fc i\u00e7in bir inisiyatif almaya karar verirse T\u00fcrkiye ona destek olacakt\u0131r\\\"\"},{\"@type\":\"BreadcrumbList\",\"@id\":\"https:\\\/\\\/darkamazi.site\\\/archives\\\/1036086#breadcrumb\",\"itemListElement\":[{\"@type\":\"ListItem\",\"position\":1,\"name\":\"Home\",\"item\":\"https:\\\/\\\/darkamazi.site\\\/\"},{\"@type\":\"ListItem\",\"position\":2,\"name\":\"TSK a\u00e7\u0131klamas\u0131nda DSG&#8217;ye d\u00f6n\u00fck operasyon i\u00e7in sinyal: &#8220;Suriye h\u00fck\u00fcmeti birlik ve b\u00fct\u00fcnl\u00fc\u011f\u00fc i\u00e7in bir inisiyatif almaya karar verirse T\u00fcrkiye ona destek olacakt\u0131r&#8221;\"}]},{\"@type\":\"WebSite\",\"@id\":\"https:\\\/\\\/darkamazi.site\\\/#website\",\"url\":\"https:\\\/\\\/darkamazi.site\\\/\",\"name\":\"Darka Mazi\",\"description\":\"Ana Sayfa\",\"publisher\":{\"@id\":\"https:\\\/\\\/darkamazi.site\\\/#organization\"},\"potentialAction\":[{\"@type\":\"SearchAction\",\"target\":{\"@type\":\"EntryPoint\",\"urlTemplate\":\"https:\\\/\\\/darkamazi.site\\\/?s={search_term_string}\"},\"query-input\":{\"@type\":\"PropertyValueSpecification\",\"valueRequired\":true,\"valueName\":\"search_term_string\"}}],\"inLanguage\":\"en-US\"},{\"@type\":\"Organization\",\"@id\":\"https:\\\/\\\/darkamazi.site\\\/#organization\",\"name\":\"Darka Mazi T\u00fcrk\u00e7e\",\"alternateName\":\"Darka Mazi\",\"url\":\"https:\\\/\\\/darkamazi.site\\\/\",\"logo\":{\"@type\":\"ImageObject\",\"inLanguage\":\"en-US\",\"@id\":\"https:\\\/\\\/darkamazi.site\\\/#\\\/schema\\\/logo\\\/image\\\/\",\"url\":\"https:\\\/\\\/darkamazi.site\\\/darka-content\\\/uploads\\\/2017\\\/12\\\/darka-mazi-logo.png\",\"contentUrl\":\"https:\\\/\\\/darkamazi.site\\\/darka-content\\\/uploads\\\/2017\\\/12\\\/darka-mazi-logo.png\",\"width\":151,\"height\":75,\"caption\":\"Darka Mazi T\u00fcrk\u00e7e\"},\"image\":{\"@id\":\"https:\\\/\\\/darkamazi.site\\\/#\\\/schema\\\/logo\\\/image\\\/\"},\"sameAs\":[\"https:\\\/\\\/www.facebook.com\\\/DarkaMaziturkce\",\"https:\\\/\\\/x.com\\\/DarkaMaziTurkce\"]},{\"@type\":\"Person\",\"@id\":\"https:\\\/\\\/darkamazi.site\\\/#\\\/schema\\\/person\\\/67986a95ac546c16760365877ef4a9d3\",\"name\":\"darka mazi\",\"sameAs\":[\"https:\\\/\\\/darkamazi.site\"],\"url\":\"https:\\\/\\\/darkamazi.site\\\/archives\\\/author\\\/turkish\"}]}<\/script>\n<!-- \/ Yoast SEO plugin. -->","seo_head_json":{"title":"TSK a\u00e7\u0131klamas\u0131nda DSG'ye d\u00f6n\u00fck operasyon i\u00e7in sinyal: \"Suriye h\u00fck\u00fcmeti birlik ve b\u00fct\u00fcnl\u00fc\u011f\u00fc i\u00e7in bir inisiyatif almaya karar verirse T\u00fcrkiye ona destek olacakt\u0131r\" - Darka Mazi","robots":{"index":"index","follow":"follow","max-snippet":"max-snippet:-1","max-image-preview":"max-image-preview:large","max-video-preview":"max-video-preview:-1"},"canonical":"https:\/\/darkamazi.site\/archives\/1036086","og_locale":"en_US","og_type":"article","og_title":"TSK a\u00e7\u0131klamas\u0131nda DSG'ye d\u00f6n\u00fck operasyon i\u00e7in sinyal: \"Suriye h\u00fck\u00fcmeti birlik ve b\u00fct\u00fcnl\u00fc\u011f\u00fc i\u00e7in bir inisiyatif almaya karar verirse T\u00fcrkiye ona destek olacakt\u0131r\" - Darka Mazi","og_description":"T\u00fcrkiye\u00a0\u00a0Milli Savunma Bakanl\u0131\u011f\u0131&#8217;ndan Suriye\u2019de \u015eam ile DSG aras\u0131ndaki entegrasyon g\u00f6r\u00fc\u015fmelerine ili\u015fkin dikkat \u00e7ekici bir a\u00e7\u0131klama geldi. MSB&#8217;den yap\u0131lan a\u00e7\u0131klamada, &#8220;Suriye h\u00fck\u00fcmetiyle &#8220;Tek Devlet, Tek Ordu&#8221; ilkesi do\u011frultusunda yak\u0131n i\u015fbirli\u011fini s\u00fcrd\u00fcr\u00fcyor, entegrasyon s\u00fcrecini yak\u0131ndan takip ediyoruz. Suriye h\u00fck\u00fcmeti birlik ve b\u00fct\u00fcnl\u00fc\u011f\u00fc i\u00e7in bir insiyatif almaya karar verirse T\u00fcrkiye ona destek olacakt\u0131r&#8221; denildi. MSB Bas\u0131n ve Halkla [&hellip;]","og_url":"https:\/\/darkamazi.site\/archives\/1036086","og_site_name":"Darka Mazi","article_publisher":"https:\/\/www.facebook.com\/DarkaMaziturkce","article_published_time":"2025-12-31T09:42:57+00:00","og_image":[{"width":1562,"height":878,"url":"https:\/\/darkamazi.site\/file\/2025\/12\/SDG-SAM-1.jpg","type":"image\/jpeg"}],"author":"darka mazi","twitter_card":"summary_large_image","twitter_creator":"@DarkaMaziTurkce","twitter_site":"@DarkaMaziTurkce","twitter_misc":{"Written by":"darka mazi","Est. reading time":"3 minutes"},"schema":{"@context":"https:\/\/schema.org","@graph":[{"@type":"NewsArticle","@id":"https:\/\/darkamazi.site\/archives\/1036086#article","isPartOf":{"@id":"https:\/\/darkamazi.site\/archives\/1036086"},"author":{"name":"darka mazi","@id":"https:\/\/darkamazi.site\/#\/schema\/person\/67986a95ac546c16760365877ef4a9d3"},"headline":"TSK a\u00e7\u0131klamas\u0131nda DSG&#8217;ye d\u00f6n\u00fck operasyon i\u00e7in sinyal: &#8220;Suriye h\u00fck\u00fcmeti birlik ve b\u00fct\u00fcnl\u00fc\u011f\u00fc i\u00e7in bir inisiyatif almaya karar verirse T\u00fcrkiye ona destek olacakt\u0131r&#8221;","datePublished":"2025-12-31T09:42:57+00:00","mainEntityOfPage":{"@id":"https:\/\/darkamazi.site\/archives\/1036086"},"wordCount":821,"publisher":{"@id":"https:\/\/darkamazi.site\/#organization"},"image":{"@id":"https:\/\/darkamazi.site\/archives\/1036086#primaryimage"},"thumbnailUrl":"https:\/\/darkamazi.site\/file\/2025\/12\/SDG-SAM-1.jpg","keywords":["\u00f6nemli"],"articleSection":["Ortado\u011fu"],"inLanguage":"en-US"},{"@type":"WebPage","@id":"https:\/\/darkamazi.site\/archives\/1036086","url":"https:\/\/darkamazi.site\/archives\/1036086","name":"TSK a\u00e7\u0131klamas\u0131nda DSG'ye d\u00f6n\u00fck operasyon i\u00e7in sinyal: \"Suriye h\u00fck\u00fcmeti birlik ve b\u00fct\u00fcnl\u00fc\u011f\u00fc i\u00e7in bir inisiyatif almaya karar verirse T\u00fcrkiye ona destek olacakt\u0131r\" - Darka Mazi","isPartOf":{"@id":"https:\/\/darkamazi.site\/#website"},"primaryImageOfPage":{"@id":"https:\/\/darkamazi.site\/archives\/1036086#primaryimage"},"image":{"@id":"https:\/\/darkamazi.site\/archives\/1036086#primaryimage"},"thumbnailUrl":"https:\/\/darkamazi.site\/file\/2025\/12\/SDG-SAM-1.jpg","datePublished":"2025-12-31T09:42:57+00:00","breadcrumb":{"@id":"https:\/\/darkamazi.site\/archives\/1036086#breadcrumb"},"inLanguage":"en-US","potentialAction":[{"@type":"ReadAction","target":["https:\/\/darkamazi.site\/archives\/1036086"]}]},{"@type":"ImageObject","inLanguage":"en-US","@id":"https:\/\/darkamazi.site\/archives\/1036086#primaryimage","url":"https:\/\/darkamazi.site\/file\/2025\/12\/SDG-SAM-1.jpg","contentUrl":"https:\/\/darkamazi.site\/file\/2025\/12\/SDG-SAM-1.jpg","width":1562,"height":878,"caption":"TSK a\u00e7\u0131klamas\u0131nda DSG'ye d\u00f6n\u00fck operasyon i\u00e7in sinyal: \"Suriye h\u00fck\u00fcmeti birlik ve b\u00fct\u00fcnl\u00fc\u011f\u00fc i\u00e7in bir inisiyatif almaya karar verirse T\u00fcrkiye ona destek olacakt\u0131r\""},{"@type":"BreadcrumbList","@id":"https:\/\/darkamazi.site\/archives\/1036086#breadcrumb","itemListElement":[{"@type":"ListItem","position":1,"name":"Home","item":"https:\/\/darkamazi.site\/"},{"@type":"ListItem","position":2,"name":"TSK a\u00e7\u0131klamas\u0131nda DSG&#8217;ye d\u00f6n\u00fck operasyon i\u00e7in sinyal: &#8220;Suriye h\u00fck\u00fcmeti birlik ve b\u00fct\u00fcnl\u00fc\u011f\u00fc i\u00e7in bir inisiyatif almaya karar verirse T\u00fcrkiye ona destek olacakt\u0131r&#8221;"}]},{"@type":"WebSite","@id":"https:\/\/darkamazi.site\/#website","url":"https:\/\/darkamazi.site\/","name":"Darka Mazi","description":"Ana Sayfa","publisher":{"@id":"https:\/\/darkamazi.site\/#organization"},"potentialAction":[{"@type":"SearchAction","target":{"@type":"EntryPoint","urlTemplate":"https:\/\/darkamazi.site\/?s={search_term_string}"},"query-input":{"@type":"PropertyValueSpecification","valueRequired":true,"valueName":"search_term_string"}}],"inLanguage":"en-US"},{"@type":"Organization","@id":"https:\/\/darkamazi.site\/#organization","name":"Darka Mazi T\u00fcrk\u00e7e","alternateName":"Darka Mazi","url":"https:\/\/darkamazi.site\/","logo":{"@type":"ImageObject","inLanguage":"en-US","@id":"https:\/\/darkamazi.site\/#\/schema\/logo\/image\/","url":"https:\/\/darkamazi.site\/file\/2017\/12\/darka-mazi-logo.png","contentUrl":"https:\/\/darkamazi.site\/file\/2017\/12\/darka-mazi-logo.png","width":151,"height":75,"caption":"Darka Mazi T\u00fcrk\u00e7e"},"image":{"@id":"https:\/\/darkamazi.site\/#\/schema\/logo\/image\/"},"sameAs":["https:\/\/www.facebook.com\/DarkaMaziturkce","https:\/\/x.com\/DarkaMaziTurkce"]},{"@type":"Person","@id":"https:\/\/darkamazi.site\/#\/schema\/person\/67986a95ac546c16760365877ef4a9d3","name":"darka mazi","sameAs":["https:\/\/darkamazi.site"],"url":"https:\/\/darkamazi.site\/archives\/author\/turkish"}]}},"_links":{"self":[{"href":"https:\/\/darkamazi.site\/funavuv\/wp\/v2\/posts\/1036086","targetHints":{"allow":["GET"]}}],"collection":[{"href":"https:\/\/darkamazi.site\/funavuv\/wp\/v2\/posts"}],"about":[{"href":"https:\/\/darkamazi.site\/funavuv\/wp\/v2\/types\/post"}],"author":[{"embeddable":true,"href":"https:\/\/darkamazi.site\/funavuv\/wp\/v2\/users\/2"}],"replies":[{"embeddable":true,"href":"https:\/\/darkamazi.site\/funavuv\/wp\/v2\/comments?post=1036086"}],"version-history":[{"count":0,"href":"https:\/\/darkamazi.site\/funavuv\/wp\/v2\/posts\/1036086\/revisions"}],"wp:featuredmedia":[{"embeddable":true,"href":"https:\/\/darkamazi.site\/funavuv\/wp\/v2\/media\/1036087"}],"wp:attachment":[{"href":"https:\/\/darkamazi.site\/funavuv\/wp\/v2\/media?parent=1036086"}],"wp:term":[{"taxonomy":"category","embeddable":true,"href":"https:\/\/darkamazi.site\/funavuv\/wp\/v2\/categories?post=1036086"},{"taxonomy":"post_tag","embeddable":true,"href":"https:\/\/darkamazi.site\/funavuv\/wp\/v2\/tags?post=1036086"}],"curies":[{"name":"wp","href":"https:\/\/api.w.org\/{rel}","templated":true}]}}