{"id":1036089,"date":"2025-12-31T14:20:25","date_gmt":"2025-12-31T11:20:25","guid":{"rendered":"https:\/\/darkamazi.site\/?p=1036089"},"modified":"2025-12-31T14:20:25","modified_gmt":"2025-12-31T11:20:25","slug":"ismail-besikciyi-anlamak-ve-anlatma-sorumlulugu","status":"publish","type":"post","link":"https:\/\/darkamazi.site\/archives\/1036089","title":{"rendered":"\u0130smail Be\u015fik\u00e7i\u2019yi Anlamak ve anlatma sorumlulu\u011fu!"},"content":{"rendered":"<p style=\"text-align: justify\"><strong>27 Aral\u0131k 2025<\/strong>\u2018te kaleme al\u0131nm\u0131\u015f ve <strong>29 Aral\u0131k<\/strong>\u2019ta <em>\u201cNerina Azad\u201d<\/em>ta yayinlanan <strong>\u201c27 Eyl\u00fcl 2025\u2026\u0130smail Be\u015fik\u00e7i\u201d<\/strong> ba\u015fl\u0131kl\u0131, Kek \u0130brahim G\u00f6rb\u00fcz\u2019\u00fcn makalesi \u00fczerine!<\/p>\n<p style=\"text-align: justify\">De\u011ferli Hocam\u0131z, <strong>27.09.2025\u2019<\/strong>te, Diyarbekir\u2019de kendisiyle ilgili (\u0130smail\u00ea Me) adl\u0131 bir belgesel filmi izlerken, beyin kanamas\u0131 ge\u00e7irdi. \u00d6zellikle bu durumdan sonra hocam\u0131z \u0130. Be\u015fik\u00e7i ile ilgili spek\u00fclatif bilgiler ve tart\u0131\u015fmalar da g\u00f6r\u00fcnmeye ba\u015fland\u0131.<\/p>\n<p style=\"text-align: justify\">Tarih, tarihe tan\u0131kl\u0131k ve Sosyolog, ara\u015ft\u0131rmac\u0131 bilim insan\u0131 Be\u015fik\u00e7i\u2019yi anlatmak ve a\u011f\u0131rl\u0131\u011f\u0131n\u0131 ta\u015f\u0131mak, Kurd milli dava insanlar\u0131 a\u00e7\u0131s\u0131ndan \u00e7ok \u00f6nemlidir. Hi\u00e7bir \u00e7\u0131kara, ideolojiye ve kal\u0131ba s\u0131\u011fmayan bir bilim insan\u0131n\u0131 ta\u015f\u0131ma sorumlulu\u011fudur. B\u00fcy\u00fck bir sorumluluktur ve ayn\u0131 zamanda a\u011f\u0131r bir y\u00fck\u00fcml\u00fcl\u00fckt\u00fcr ve mutlaka bu y\u00fck\u00fcml\u00fcl\u00fc\u011fe lay\u0131k, Be\u015fik\u00e7i\u2019nin duru\u015funu, tarihi momentlerini ve \u00e7abalar\u0131n\u0131, bilimdeki ara\u015ft\u0131rma kararl\u0131\u011f\u0131n\u0131 laikiyle, hi\u00e7 bir \u00e7\u0131kar, hesap ve ideolojik kayg\u0131ya yer vermeyerek, ta\u015f\u0131mak gerekiyor.<\/p>\n<p style=\"text-align: justify\">De\u011ferli Be\u015fik\u00e7i\u2019nin d\u00fc\u015f\u00fcncelerinin yerli yerine oturmas\u0131, kitlere ula\u015ft\u0131r\u0131lmas\u0131 savunulmas\u0131 ile ilgili, \u00e7ok \u00f6nemli iki tarihi moment var:<\/p>\n<p style=\"text-align: justify\">Bu iki d\u00f6nem iyi anla\u015f\u0131lmadan, \u0130smail Be\u015fik\u00e7i anlat\u0131lmaz.<\/p>\n<p style=\"text-align: justify\">Bu tarihi momentlerden biri; <strong>12 Mart 1971 <\/strong>Askeri darbesi sonras\u0131, Diyarbekir\u2019deki yarg\u0131lamalar ve \u00f6zellikle <strong>DDKO<\/strong> \u00fcyelerinin bir k\u0131sm\u0131n\u0131n olu\u015fturdu\u011fu <strong><em>\u201cOcak K\u00f6m\u00fcn\u00fc\u201d<\/em><\/strong> ve Bu kom\u00fcnde y\u00fcr\u00fct\u00fclen e\u011fitim \u00e7al\u0131\u015fmalar\u0131, kollektif haz\u0131rlanan iki siyasi savunmad\u0131r. Bu savunmalardan biri <strong><em>\u201cDDKO Dava Dosyas\u0131 savunmas\u0131\u201d<\/em><\/strong>, ikinci Savunma ise <strong><em>\u201c\u0130. Be\u015fik\u00e7i Dava Dosyas\u0131 Savunmas\u0131\u2019<\/em><\/strong>d\u0131r. Bu iki Dosyada, geni\u015f belgelerle, T\u00fcrk mahkemeleri kar\u015f\u0131s\u0131nda, Kurd ve Kurdistan davas\u0131, geni\u015f bir \u015fekilde, belgelerle savunulmu\u015f. Bu savunmalar, Be\u015fik\u00e7i\u2019nin de i\u00e7inde oldu\u011fu <strong><em>\u201cOcak K\u00f6m\u00fcn\u00fc\u201d<\/em><\/strong> \u00fcyelerinin tarihi duru\u015flar\u0131 ve kollektif \u00fcr\u00fcnleri ve tarihe tan\u0131kl\u0131klar\u0131d\u0131r. Bu iki Savunma da <strong><em>1975<\/em><\/strong> y\u0131l\u0131nda b\u00fcy\u00fck boy kitaplar olarak, <strong>Komal Bas\u0131m-Yayinevi<\/strong> ilk eserleri olarak yay\u0131nlanm\u0131\u015ft\u0131r.<\/p>\n<p style=\"text-align: justify\">\u0130kinci d\u00f6nem ise Komal Bas\u0131m-Yay\u0131n ve Da\u011f\u0131t\u0131m s\u00fcrecidir. Bu s\u00fcre\u00e7te; Ocak K\u00f6m\u00fcn\u00fc \u00fcyeleri, Be\u015fik\u00e7i de dahil, cezaevinden \u00e7\u0131k\u0131ld\u0131ktan sonra (1974-1975 y\u0131llar\u0131) Kurd hareketinde kendini dayatan bir ayr\u0131\u015fma s\u00fcrecidir de. Daha \u00f6nce <strong>1969<\/strong>\u2019la ba\u015flayan <strong><em>\u201cKurdlerin Ayri \u00d6rg\u00fctlenmesi\u201d<\/em><\/strong> tezi ile, Kurd siyasi kadrolar\u0131n\u0131, T\u00fcrk sol\u2019undan ay\u0131ran ve kurulu\u015fu ilan edilen <strong>DDKO\u2019<\/strong>lar, k\u0131sa bir \u00f6m\u00fcrden sonra <strong>12 Mart<\/strong> darbesi\u2019nin gelmesi ile birlikte, yo\u011fun operasyonlarla bu kadrolar ve sempatizanlar cezaevlerine al\u0131nm\u0131\u015ft\u0131.<\/p>\n<p style=\"text-align: justify\">Siyasi savunmay\u0131 \u00fcstlenen <strong><em>\u201cOcak K\u00f6m\u00fcn\u00fc\u201d<\/em><\/strong> \u00fcyeleri a\u011f\u0131r cezalara \u00e7arpt\u0131r\u0131lm\u0131\u015ft\u0131. 4 y\u0131ll\u0131k tutukluluk s\u00fcrecinden sonra, af \u00e7\u0131km\u0131\u015f ve tahliye olmu\u015flard\u0131. Bu s\u00fcre\u00e7, Kurd hareketinde yeni bir aray\u0131\u015fa denk d\u00fc\u015fer. Bu Kurd hareketinin T\u00fcrk solundan yolunu tamamen ay\u0131rd\u0131\u011f\u0131 bir d\u00f6nemdir. Bir yandan Komal Bas\u0131m-Yay\u0131nevi kurulur ve onun b\u00fcnyesinde \u00e7\u0131kart\u0131lan <strong>R\u0131zgari <\/strong>dergisi etraf\u0131nda bir \u00f6rg\u00fctlenmeye gidilir. Di\u011fer Kurd gruplar\u0131 da kimi Partisini kurar, kimi yayinevleri ve \u00e7\u0131kard\u0131klar\u0131 dergilerle s\u00fcrece ba\u015flarlar. \u0130smail Be\u015fik\u00e7i\u2019de, <strong><em>\u201cOcak K\u00f6m\u00fcn\u00fc\u201d<\/em><\/strong> \u00fcyeleri ile birlikte,<strong> Komal-Rizgari<\/strong>\u2019yi olu\u015fturan kadrolarla ara\u015ft\u0131rmalar\u0131na yeniden ba\u015flar.<\/p>\n<p style=\"text-align: justify\"><strong>Komal-Rizgari<\/strong> s\u00fcrecinde <strong>\u0130smail Be\u015fik\u00e7i,<\/strong> bu ekiple \u00e7al\u0131\u015fmas\u0131na ra\u011fmen, <strong>Rizgari<\/strong> yaz\u0131 kadrosunda olmas\u0131na ra\u011fmen, bu grup, hi\u00e7bir zaman kendi grubunun bir \u00fcyesi olarak g\u00f6rmedi ve kitlere kendi grub \u00e7\u0131kar\u0131 i\u00e7in prestijinden yararlanma gibi bir hesaplar\u0131 olmad\u0131. Her zaman <strong>\u0130. Be\u015fik\u00e7i<\/strong>\u2019yi bir bilim insan\u0131 olarak sundu ve o \u00f6nemli bilimsel duru\u015fu da hep korundu. Hatta cezaevleri ve mahkemeler s\u00fcrecinde, \u0130. Be\u015fik\u00e7i\u2019yi sahiplenmek, korumak ve onun savunmalar\u0131n\u0131, mahkeme duru\u015flar\u0131n\u0131 s\u00fcrekli sald\u0131r\u0131lara kar\u015f\u0131 koruma g\u00f6revi y\u00fcr\u00fct\u00fcld\u00fc. Avukatlar ayarland\u0131, ihtiya\u00e7lar\u0131 kar\u015f\u0131land\u0131 ve sahiplendi. Bu g\u00fcnleri g\u00f6\u011f\u00fcsleyen Avukatlar, arkada\u015flar\u0131n \u00e7o\u011fu hala ya\u015f\u0131yor. Ayni \u015fekilde <strong>\u0130smail Be\u015fik\u00e7i<\/strong>\u2019yi uluslararas\u0131 d\u00fczeye ve \u00f6rg\u00fctlere, bilim d\u00fcnyas\u0131na ta\u015f\u0131yan, tan\u0131tan \u0130nsan Haklar\u0131 Mahkemesi ve \u00f6rg\u00fctleri nezdinde tan\u0131tan yine bu gruptur.<\/p>\n<p style=\"text-align: justify\">Be\u015fik\u00e7i\u2019nin <strong>1975<\/strong> sonras\u0131 s\u00fcre\u00e7te <strong>Komal Bas\u0131n-yayinlar\u0131<\/strong> aras\u0131nda <strong>Be\u015fik\u00e7i<\/strong> Hocam\u0131z\u0131n a\u015fa\u011f\u0131daki kitaplar\u0131 yay\u0131nlan\u0131r:<\/p>\n<p style=\"text-align: justify\">-\u0130smail Be\u015fik\u00e7i Dava Dosyas\u0131, 1975<\/p>\n<p style=\"text-align: justify\">-Bilim Y\u00f6ntemi, <strong>1977<\/strong><\/p>\n<p style=\"text-align: justify\">-Bilim Y\u00f6ntemi, T\u00fcrkiye&#8217;deki Uygulama 1 K\u00fcrtlerin Mecburi -\u0130skan\u0131, <strong>1977<\/strong><\/p>\n<p style=\"text-align: justify\">-Bilim Y\u00f6ntemi, T\u00fcrkiye&#8217;deki Uygulama 2 T\u00fcrk Tarih Tezi, -G\u00fcne\u015f Dil Teorisi ve K\u00fcrt sorunu, <strong>1978<\/strong><\/p>\n<p style=\"text-align: justify\">-Bilim Y\u00f6ntemi, T\u00fcrkiye&#8217;deki Uygulama 3 Cumhuriyet Halk -F\u0131rkas\u0131n\u0131n T\u00fcz\u00fc\u011f\u00fc ve K\u00fcrt Sorunu, <strong>1978<\/strong><\/p>\n<p style=\"text-align: justify\">Bu s\u00fcre\u00e7; \u00f6zellikle Komal Bas\u0131m-Yayimevi\u2019nin korucusu rahmetli <strong>Orhan Kotan <\/strong>ve Di\u011fer Komal \u00e7al\u0131\u015fanlar\u0131 arkada\u015flar birlikte yo\u011fun bir \u00e7aba harcarlar. Ayn\u0131 zamanda <strong>1976<\/strong>, 21 Mart <strong>Newroz<\/strong> Bayram\u2019\u0131nda \u00e7\u0131kan <strong>R\u0131zgari<\/strong> dergisinin yazar kadrosunda Be\u015fik\u00e7i\u2019de yer al\u0131r.<\/p>\n<p style=\"text-align: justify\">Alanlarda (<strong>\u0130stanbol, Ankara, Adana, Diyarbak\u0131r, K\u0131z\u0131ltepe, Bitlis Komal <\/strong>b\u00fcro \u00e7al\u0131\u015fanlar\u0131 ve \u00e7\u0131kan <strong>R\u0131zgari<\/strong> dergisi \u00e7al\u0131\u015fanlar\u0131 b\u00fct\u00fcn bask\u0131lara, \u00f6tekile\u015ftirmelere ve \u00e7ok y\u00f6nl\u00fc sald\u0131r\u0131lara ra\u011fmen; Be\u015fik\u00e7i\u2019nin kitaplar\u0131n\u0131, onunla ilgili yayinlanan onlarca b\u00fcr\u00f6\u015f\u00fcr\u00fc sahiplenmi\u015f, da\u011f\u0131tm\u0131\u015f ve bask\u0131lara g\u00f6\u011f\u00fcs germi\u015fler. Ayn\u0131 zamanda, Be\u015fik\u00e7i tezleri \u00fczerinde \u00e7\u0131kan tart\u0131\u015fmalara kat\u0131lm\u0131\u015f, T\u00fcrk yazarlar\u0131 ve t\u00fcrk solunun b\u00fct\u00fcn sald\u0131r\u0131lar\u0131na kar\u015f\u0131, Be\u015fik\u00e7i\u2019nin d\u00fc\u015f\u00fcncelerini sahiplenmi\u015f ve savunmu\u015flar. Benim de o d\u00f6nemde <strong>Komal K\u0131z\u0131ltepe Sorumlu\u2019<\/strong>su olarak aralar\u0131nda bulundu\u011fum bu grubun Be\u015fik\u00e7i\u2019nin bu momentinde de ciddi, ink\u00e2ra gelmez emekleri var.<\/p>\n<p style=\"text-align: justify\">S\u00f6z\u00fcn\u00fc etti\u011fim makalede, kek \u0130brahim G\u00fcrb\u00fcz\u00fcn:<\/p>\n<p style=\"text-align: justify\"><em>\u201c\u2018On iki y\u0131l sekiz ay sonra ikinci s\u00f6z\u2019 ifadesiyle kar\u015f\u0131la\u015ft\u0131m. \u015ea\u015fk\u0131nl\u0131\u011f\u0131m giderek artt\u0131. Be\u015fik\u00e7i, kitab\u0131 1976\u20131977 y\u0131llar\u0131nda tamamlad\u0131\u011f\u0131n\u0131 ve Komal yay\u0131nevine teslim etti\u011fini, ancak d\u00f6nemin siyasal ko\u015fullar\u0131 nedeniyle yay\u0131mlayamad\u0131\u011f\u0131n\u0131, el yazmas\u0131n\u0131n kayboldu\u011funu ve bu nedenle \u00e7al\u0131\u015fman\u0131n on iki y\u0131l gecikti\u011fini anlat\u0131yordu.\u201d<\/em><\/p>\n<p style=\"text-align: justify\">Kek \u0130brahim, yukarda k\u0131saca anlatt\u0131\u011f\u0131m s\u00fcre\u00e7lerle ilgili, <strong>Komal-Rizgari<\/strong> s\u00fcreci ile ilgili ger\u00e7ekle uyu\u015fmayan bir imaj yarat\u0131yor. Komal-Rizgari s\u00fcrecinde, kesinlikle Be\u015fik\u00e7i, bu olu\u015fumun kadro ve sempatizanlar\u0131 taraf\u0131ndan g\u00f6zbebekleri gibi korunmu\u015f, sahiplenmi\u015f ve b\u00fct\u00fcn alanlarda, Be\u015fik\u00e7i\u2019nin \u00e7\u0131kan b\u00fct\u00fcn eserlerini da\u011f\u0131t\u0131m\u0131n\u0131, sahiplenmesini ve savunarak, bu eserlerin arkas\u0131nda durmas\u0131n\u0131 bir g\u00f6rev olarak bilmi\u015fler. Bilerek ve kas\u0131tl\u0131 olarak Be\u015fik\u00e7i\u2019nin hi\u00e7bir eserine ambargo konmami\u015f, engellenmemi\u015ftir.<\/p>\n<p style=\"text-align: justify\"><em>\u201c\u00d6ns\u00f6zde ge\u00e7ti\u011fi\u201d<\/em> idia edilen eserlerle ilgili, ya da yayinlanmak \u00fczere verilen iki \u00e7al\u0131\u015fma var. Bu \u00e7al\u0131\u015fmalardan biri <strong><em>\u201c33 Kur\u015fun, Mu\u011flali olay\u0131\u201d<\/em><\/strong> ve di\u011feri de <strong><em>\u201cTun\u00e7eli Kanunu ve Dersim Jenosidi\u201d<\/em><\/strong>dir. Bu iki kitab\u0131n bas\u0131lmamas\u0131nda Komal Yay\u0131nevinin herhangi bir sorumlulu\u011fu yok.<\/p>\n<p style=\"text-align: justify\"><strong><em>\u201c33 Kur\u015fun ve Mu\u011flal\u0131\u201d<\/em><\/strong> olay\u0131 ile ilgili, direkt Be\u015fik\u00e7i hocam i\u015fin i\u00e7indedir ve\u00a0 <strong><em>\u201c33 Kur\u015fun \u015eiiri\u201d<\/em><\/strong>nin Yazar\u0131 Rahmetli <strong>Ahmet Arife<\/strong> incelemek \u00fczere verilir ve Kitap uzun s\u00fcre geri gelmez, 12 Eyl\u00fcl 1980 Askeri darbesi olur. \u0130smail Be\u015fik\u00e7i Tutuklu ve Komal kapat\u0131lmi\u015f. Bu kitab\u0131 daha \u00f6nce, bizzat Be\u015fik\u00e7i hocam\u0131z kendi eliyle Rahmetli <strong>Arif<\/strong>\u2019e teslim etmi\u015fti.<\/p>\n<p style=\"text-align: justify\">Di\u011fer \u00c7al\u0131\u015fma ise; bir karalama olarak, <strong><em>\u201cTun\u00e7eli Kanunu ve Dersim Jenosidi\u201d <\/em><\/strong>12 Eyl\u00fcl\u201d\u00fcn olmas\u0131 ile birlikte; korunmak \u00fczere <strong>Mersin<\/strong>\u2019de bir arkada\u015fa teslim edilir. O d\u00f6nemde yo\u011fun ev aramalar\u0131 ve mahalle bask\u0131nlar\u0131 nedeniyle o arkada\u015f (ki o arkada\u015f sa\u011fd\u0131r) kitab\u0131 g\u00f6t\u00fcr\u00fcr ve tarlada saklar. Fakat daha sonra kitap ondan istenir ve kitab\u0131 bulamaz. Bu kitapla ilgi <strong><em>\u201cpolisin eline ge\u00e7mi\u015f olabilir\u201d<\/em><\/strong> ihtimali ile d\u00f6nemin baz\u0131 <strong>POL-DER<\/strong> \u00fcyeleri ile ili\u015fkiye ge\u00e7ilir ve Polisin Mersin\u2019deki depolar\u0131na kadar arama yap\u0131l\u0131r, ama <strong><em>\u201cTun\u00e7eli Kanunu ve Dersim Jenosidi\u201d <\/em><\/strong>\u00e7al\u0131\u015fmas\u0131 bulunamaz. D\u00f6nemin \u015fartlar\u0131 g\u00f6z \u00f6n\u00fcne al\u0131narak, Komal\u2019in ne \u015fartlarda yay\u0131n yapt\u0131\u011f\u0131 g\u00f6z \u00f6n\u00fcne al\u0131narak de\u011ferlendirme yap\u0131lmas\u0131 gerekiyor. <em>\u201cKol kopsun yen i\u00e7inde kals\u0131n\u201d <\/em>misali tarihe tan\u0131kl\u0131k edersek, bir\u00e7ok insan\u0131n eme\u011fine sayg\u0131s\u0131zl\u0131k etmi\u015f oluruz. Bu a\u00e7\u0131dan herkesin eme\u011fine sayg\u0131 duymakta yarar var.<\/p>\n<p style=\"text-align: justify\">Kek <strong>\u0130brahim G\u00fcrb\u00fcz<\/strong>, makalesinin bir b\u00f6l\u00fcm\u00fcnde;<\/p>\n<p style=\"text-align: justify\"><em>\u201cDaha da \u00e7arp\u0131c\u0131 olan\u0131 \u015fuydu: 1978 tarihinde yay\u0131mlanan <strong>Lucien Rimbaud<\/strong>\u2019un K\u00fcrdistan adl\u0131 kitab\u0131n\u0131n arka kapa\u011f\u0131nda, Tunceli Kanunu (1935) adl\u0131 eserin yak\u0131nda yay\u0131mlanaca\u011f\u0131na dair bir ilan bulunuyordu. Ancak bu ilan edilen kitap bir t\u00fcrl\u00fc ortaya \u00e7\u0131kmam\u0131\u015f, adeta ortadan kaybolmu\u015ftu. Be\u015fik\u00e7i, y\u0131llar sonra eseri, tuttu\u011fu notlardan ve m\u00fcsveddelerden yararlanarak ba\u015ftan sona yeniden yazarak okura sunmu\u015ftu.<\/em><em>\u201d deniyor.<\/em><\/p>\n<p style=\"text-align: justify\">\u015eimdi, en zor \u015fartlarda ve b\u00fcy\u00fck ekonomik zorluklarla &#8211;<strong>ki \u0130smail Be\u015fik\u00e7i hocam\u0131z bu \u015fartlar\u0131 birebir ya\u015fam\u0131\u015f ve tan\u0131\u011f\u0131d\u0131r<\/strong>&#8211; Be\u015fik\u00e7i Hocam\u0131z\u0131n 8<strong> eserini<\/strong> ve \u0130smail Be\u015fik\u00e7i hakk\u0131nda onlarca bro\u015f\u00fcr yay\u0131nlayan <strong>Komal Bas\u0131m-Yayinevi, <\/strong>neden Be\u015fik\u00e7i\u2019nin iki eserine bilin\u00e7li bir ambargo koysun, k\u00f6steklesin? Bunun bir ge\u00e7erli mant\u0131\u011f\u0131 var m\u0131 kek \u0130brahim?<\/p>\n<p style=\"text-align: justify\">Yukarda belirtti\u011fim gibi, tarihe tan\u0131kl\u0131k, ciddi bir i\u015ftir, vebal\u0131 a\u011f\u0131rd\u0131r! Durumu dramatik hale sokarak, okuyucuya sunman\u0131n yerine, ger\u00e7ekler ve zaman-\u015fartlar g\u00f6z \u00f6n\u00fcne al\u0131narak y\u00fcr\u00fct\u00fclen i\u015flerin neden ba\u015far\u0131lamad\u0131\u011f\u0131n\u0131 ortaya koymak daha do\u011frudur. Diyorsunuz ki:<\/p>\n<p style=\"text-align: justify\"><em>\u201cBu sat\u0131rlar\u0131 okudu\u011fumda (Kitab\u0131n \u00e7\u0131k\u0131\u015f ilan\u0131 ve \u00d6ns\u00f6z\u00fc kastederek) derin bir sars\u0131nt\u0131 ya\u015fad\u0131m. Yetmi\u015f ya\u015f\u0131ma gelmi\u015ftim ve h\u00e2l\u00e2 \u0130smail Be\u015fik\u00e7i hakk\u0131nda yeni \u015feyler \u00f6\u011freniyordum. Onun ya\u015fam\u0131, m\u00fccadelesi ve maruz kald\u0131\u011f\u0131 bask\u0131lar, her seferinde yeni bir hakikati ortaya \u00e7\u0131kar\u0131yordu. Bu hem h\u00fcz\u00fcnl\u00fc hem de tuhaf bir sevin\u00e7ti; \u00e7\u00fcnk\u00fc \u00f6\u011frenmeye devam ediyordum.<\/em><\/p>\n<p style=\"text-align: justify\"><em>Kitap eve ula\u015ft\u0131\u011f\u0131nda, e\u015fimden arka kapa\u011f\u0131 kontrol etmesini rica ettim. K\u0131sa s\u00fcre sonra g\u00f6nderdi\u011fi foto\u011fraf\u0131 g\u00f6rd\u00fc\u011f\u00fcmde adeta donup kald\u0131m. \u0130lan oradayd\u0131. Be\u015fikci\u2019nin anlatt\u0131\u011f\u0131 her \u015fey, birebir do\u011frulan\u0131yordu.<\/em><em>\u201d<\/em><\/p>\n<p style=\"text-align: justify\">Bu tart\u0131\u015fmalar, Be\u015fik\u00e7i\u2019nin sa\u011fl\u0131kl\u0131 oldu\u011fu d\u00f6nemde de\u011fil de, Herkes i\u00e7in manidar oldu\u011fu bir d\u00f6nemde, yeniden servis edilmesi ger\u00e7ekten d\u00fc\u015f\u00fcnd\u00fcr\u00fcc\u00fc! \u0130lan\u0131 verilen ama \u00e7\u0131kmayan ba\u015fka kitaplarda var. Yukarda dedi\u011fim gibi, \u015eartlar \u00e7ok \u00f6nemli ve zaten <strong>Komal Bas\u0131m-Yayimev 1979<\/strong>\u2019dan sonra yayin hayat\u0131 hemen hemen durmu\u015f durumda.<\/p>\n<p style=\"text-align: justify\">Dolay\u0131s\u0131yla:<\/p>\n<p style=\"text-align: justify\"><em>\u201c\u0130smail Be\u015fik\u00e7i\u2019nin 1977 y\u0131l\u0131nda kaleme ald\u0131\u011f\u0131 Tunceli Kanunu ve Dersim jenosidi adl\u0131 \u00e7al\u0131\u015fman\u0131n ba\u015f\u0131na gelenler, ayn\u0131 d\u00f6nemde haz\u0131rlanan Bilim Serisi 5: General Mu\u011flal\u0131 Olay\u0131 ve otuz \u00fc\u00e7 kur\u015fun adl\u0131 kitap i\u00e7in de neredeyse birebir tekrarlan\u0131r. Her iki eser de 1978 y\u0131l\u0131nda Komal Yay\u0131nlar\u0131\u2019na teslim edilmi\u015f, ancak k\u0131sa bir s\u00fcre sonra a\u00e7\u0131klanamaz bi\u00e7imde ortadan kaybolmu\u015ftur. Bu iki \u00e7al\u0131\u015fman\u0131n da yay\u0131mlanma s\u00fcrecinde ayn\u0131 ak\u0131beti payla\u015fmas\u0131, basit bir tesad\u00fcf olman\u0131n \u00f6tesinde, d\u00fc\u015f\u00fcnsel \u00fcretimin sistematik bi\u00e7imde engellenmesine i\u015faret eden son derece \u00e7arp\u0131c\u0131 ve d\u00fc\u015f\u00fcnd\u00fcr\u00fcc\u00fc bir durumdur. Bu kaybolu\u015flar, yaln\u0131zca kitaplar\u0131n de\u011fil, ayn\u0131 zamanda hakikatin kamusal dola\u015f\u0131ma girmesinin de bilin\u00e7li bi\u00e7imde engellendi\u011fini g\u00f6stermektedir.<\/em><em>\u201d<\/em><\/p>\n<p style=\"text-align: justify\">Bu de\u011ferlendirme, tamamen haks\u0131z bir de\u011ferlendirme. Bu t\u00fcr \u00e7arp\u0131tmalar\u0131n; <strong>\u0130smail Be\u015fik\u00e7<\/strong>i\u2019yi koruma de\u011fil, spek\u00fclasyonlarla yeniden tart\u0131\u015fmalar\u0131n i\u00e7ine \u00e7ekilece\u011fi imaj\u0131 veriliyor. Bunun Hocam\u0131za zarar verece\u011fini net bir \u015fekilde, bir Be\u015fik\u00e7i d\u00fc\u015f\u00fcncelerinin savunucusu ve \u00f6\u011frencisi olarak belirtiyorum.<\/p>\n<p style=\"text-align: justify\"><strong>\u0130smail Be\u015fik\u00e7i Vakf\u0131<\/strong>, tarihi sorumlulu\u011fu, \u0130. Be\u015fik\u00e7i misyon ve d\u00fc\u015f\u00fcncelerini temsil eden bir kurumdur. Bu kurum b\u00fct\u00fcn Kurd ve Kurdistan\u2019lilar i\u00e7in \u00f6nemlidir. Bu kuruma g\u00f6lge d\u00fc\u015f\u00fcrmek, spek\u00fclasyon alan\u0131na \u00e7evirmek, ba\u015fta Be\u015fik\u00e7i, onun d\u00fc\u015f\u00fcncelerine ve Be\u015fik\u00e7i\u2019yi sahiplenen, destekleyen Kurdlere hakaret olur. Be\u015fik\u00e7i Vakf\u0131 ve y\u00f6neticileri, buna dikkat etme sorumlulu\u011fu alt\u0131ndad\u0131r.<\/p>\n<p style=\"text-align: justify\"><strong>Komal-R\u0131zgari<\/strong> s\u00fcrecini, <strong><em>\u201cOcak K\u00f6m\u00fcn\u00fc \u00fcyeleri\u201d<\/em><\/strong>nin duru\u015funa kat\u0131lmayabilirsiniz, ama hi\u00e7 kimsenin bu ekibin Kurdistan\u2019\u0131n ulusal kurtulu\u015f m\u00fccadelesindeki yerini g\u00f6lgelemeye hakk\u0131 yok. Emekleri, do\u011frular\u0131 ve yanl\u0131\u015flar\u0131 ile bu ekibin \u00e7al\u0131\u015fmalar\u0131 ar\u015fivlerde duruyor. <strong><em>\u201cBasit bir tesad\u00fcf olman\u0131n \u00f6tesinde\u201d<\/em><\/strong> diyerek, bu ekibi a\u011f\u0131r bir t\u00f6hmetin alt\u0131nda b\u0131rakmak, yanl\u0131\u015f ve tarihe tan\u0131kl\u0131k, sorumluluk de\u011fil, kendini her \u015feyin merkezine koyma hevesidir, ba\u015fkas\u0131n\u0131n eme\u011fini g\u00f6rmezlikten gelme, inkar etme ve tarihi kendisiyle ba\u015flatma tutumudur. B\u00f6ylesi bir tutum vakfa zarar verir.<\/p>\n<p style=\"text-align: justify\">\u0130smail Be\u015fik\u00e7i ile ilgili haz\u0131rlanan belgeselde de bilin\u00e7li bir \u015fekilde yukarda belirti\u011fim iki d\u00f6nem, onun yak\u0131n arkada\u015flar\u0131 da dahil, yok say\u0131larak yap\u0131lm\u0131\u015f. Bu Belgesel, Be\u015fik\u00e7i\u2019nin belgeseli de\u011fil, birilerinin <strong>Be\u015fik\u00e7i<\/strong> \u00fczerinden kendini sunma filmidir. <strong>1969\u2019<\/strong>lardan <strong>2025<\/strong>\u2019e kadar, Be\u015fik\u00e7i\u2019nin Kurdlerle <strong>56 <\/strong>y\u0131ll\u0131k bir beraberli\u011fi var. B\u00fct\u00fcn d\u00f6nemleri en iyi \u015fekilde belgelemek, tarihe mal etmek bir sorumluluktur.<\/p>\n<p style=\"text-align: justify\">Be\u015fik\u00e7i Vakf\u0131 gibi bir vak\u0131f, kesinlikle bu yanl\u0131\u015flardan ve olumsuzluklardan, spek\u00fclatif bilgilerden uzak durmas\u0131 gerekiyor. Asl\u0131nda tart\u0131\u015f\u0131lan bu s\u00fcre\u00e7le ilgili, sorunlalar ilgili, d\u00f6nemin sorumlular\u0131 arkada\u015flar\u0131n mektuplar\u0131, a\u00e7\u0131klamalar\u0131 ve tan\u0131kl\u0131klar\u0131 var. Bunlar g\u00f6rmezlikten gelinerek, ikinci, \u00fc\u00e7\u00fcnc\u00fc ellerden bilgilerle yorumlar yap\u0131l\u0131yor.<\/p>\n<p style=\"text-align: justify\">Onun i\u00e7in bahsini etti\u011fim bu iki s\u00fcreci (Ocak K\u00f6m\u00fcn\u00fc ve Komal R\u0131zgeri) ve \u0130smail Be\u015fik\u00e7i konusunda nesnel olmakta fayda var.<\/p>\n<p style=\"text-align: justify\"><strong>Be\u015fik\u00e7i,<\/strong> hepimizin Be\u015fik\u00e7i\u2019sidir. Be\u015fik\u00e7i, her Kurd ve Kurdistan\u2019l\u0131n\u0131n \u00a0Be\u015fik\u00e7isi\u2019dir, kimse onu bireysel alana \u00e7ekerek, <strong><em>\u201cBe\u015fik\u00e7i\u2019yi yeni taniyoruz\u201d<\/em><\/strong> \u015feklinde bir manip\u00fclasyonla spek\u00fclatif bilgileri yaymas\u0131n, bu ba\u015fta Be\u015fik\u00e7i hocam\u0131za haks\u0131zl\u0131k olur.<\/p>\n<p style=\"text-align: justify\"><strong>Be\u015fik\u00e7i,<\/strong> bilimin, ger\u00e7eklerin ve militan Kurd milli damar\u0131n savunucusu ve bilim insan\u0131d\u0131r.<\/p>\n<p style=\"text-align: justify\">Not: Makalede g\u00f6r\u00fc\u015fler yazara aittir, Darka Mazi&#8217;nin yay\u0131n politikas\u0131 ile uyu\u015fmaya bilir.<\/p>\n","protected":false},"excerpt":{"rendered":"<p>27 Aral\u0131k 2025\u2018te kaleme al\u0131nm\u0131\u015f ve 29 Aral\u0131k\u2019ta \u201cNerina Azad\u201dta yayinlanan \u201c27 Eyl\u00fcl 2025\u2026\u0130smail Be\u015fik\u00e7i\u201d ba\u015fl\u0131kl\u0131, Kek \u0130brahim G\u00f6rb\u00fcz\u2019\u00fcn makalesi \u00fczerine! De\u011ferli Hocam\u0131z, 27.09.2025\u2019te, Diyarbekir\u2019de kendisiyle ilgili (\u0130smail\u00ea Me) adl\u0131 bir belgesel filmi izlerken, beyin kanamas\u0131 ge\u00e7irdi. \u00d6zellikle bu durumdan sonra hocam\u0131z \u0130. Be\u015fik\u00e7i ile ilgili spek\u00fclatif bilgiler ve tart\u0131\u015fmalar da g\u00f6r\u00fcnmeye ba\u015fland\u0131. Tarih, tarihe [&hellip;]<\/p>\n","protected":false},"author":2,"featured_media":1036090,"comment_status":"closed","ping_status":"closed","sticky":false,"template":"","format":"standard","meta":{"footnotes":""},"categories":[1],"tags":[31],"class_list":["post-1036089","post","type-post","status-publish","format-standard","has-post-thumbnail","hentry","category-uncategory","tag-onemli"],"blocksy_meta":[],"seo_head":"<!-- This site is optimized with the Yoast SEO plugin v27.5 - https:\/\/yoast.com\/product\/yoast-seo-wordpress\/ -->\n<title>\u0130smail Be\u015fik\u00e7i\u2019yi Anlamak ve anlatma sorumlulu\u011fu! - Darka Mazi<\/title>\n<meta name=\"robots\" content=\"index, follow, max-snippet:-1, max-image-preview:large, max-video-preview:-1\" \/>\n<link rel=\"canonical\" href=\"https:\/\/darkamazi.site\/archives\/1036089\" \/>\n<meta property=\"og:locale\" content=\"en_US\" \/>\n<meta property=\"og:type\" content=\"article\" \/>\n<meta property=\"og:title\" content=\"\u0130smail Be\u015fik\u00e7i\u2019yi Anlamak ve anlatma sorumlulu\u011fu! - Darka Mazi\" \/>\n<meta property=\"og:description\" content=\"27 Aral\u0131k 2025\u2018te kaleme al\u0131nm\u0131\u015f ve 29 Aral\u0131k\u2019ta \u201cNerina Azad\u201dta yayinlanan \u201c27 Eyl\u00fcl 2025\u2026\u0130smail Be\u015fik\u00e7i\u201d ba\u015fl\u0131kl\u0131, Kek \u0130brahim G\u00f6rb\u00fcz\u2019\u00fcn makalesi \u00fczerine! De\u011ferli Hocam\u0131z, 27.09.2025\u2019te, Diyarbekir\u2019de kendisiyle ilgili (\u0130smail\u00ea Me) adl\u0131 bir belgesel filmi izlerken, beyin kanamas\u0131 ge\u00e7irdi. \u00d6zellikle bu durumdan sonra hocam\u0131z \u0130. Be\u015fik\u00e7i ile ilgili spek\u00fclatif bilgiler ve tart\u0131\u015fmalar da g\u00f6r\u00fcnmeye ba\u015fland\u0131. Tarih, tarihe [&hellip;]\" \/>\n<meta property=\"og:url\" content=\"https:\/\/darkamazi.site\/archives\/1036089\" \/>\n<meta property=\"og:site_name\" content=\"Darka Mazi\" \/>\n<meta property=\"article:publisher\" content=\"https:\/\/www.facebook.com\/DarkaMaziturkce\" \/>\n<meta property=\"article:published_time\" content=\"2025-12-31T11:20:25+00:00\" \/>\n<meta property=\"og:image\" content=\"https:\/\/darkamazi.site\/file\/2025\/12\/sheyhmus-4.jpg\" \/>\n\t<meta property=\"og:image:width\" content=\"900\" \/>\n\t<meta property=\"og:image:height\" content=\"475\" \/>\n\t<meta property=\"og:image:type\" content=\"image\/jpeg\" \/>\n<meta name=\"author\" content=\"darka mazi\" \/>\n<meta name=\"twitter:card\" content=\"summary_large_image\" \/>\n<meta name=\"twitter:creator\" content=\"@DarkaMaziTurkce\" \/>\n<meta name=\"twitter:site\" content=\"@DarkaMaziTurkce\" \/>\n<meta name=\"twitter:label1\" content=\"Written by\" \/>\n\t<meta name=\"twitter:data1\" content=\"darka mazi\" \/>\n\t<meta name=\"twitter:label2\" content=\"Est. reading time\" \/>\n\t<meta name=\"twitter:data2\" content=\"8 minutes\" \/>\n<script type=\"application\/ld+json\" class=\"seo-schema-graph\">{\"@context\":\"https:\\\/\\\/schema.org\",\"@graph\":[{\"@type\":\"NewsArticle\",\"@id\":\"https:\\\/\\\/darkamazi.site\\\/archives\\\/1036089#article\",\"isPartOf\":{\"@id\":\"https:\\\/\\\/darkamazi.site\\\/archives\\\/1036089\"},\"author\":{\"name\":\"darka mazi\",\"@id\":\"https:\\\/\\\/darkamazi.site\\\/#\\\/schema\\\/person\\\/67986a95ac546c16760365877ef4a9d3\"},\"headline\":\"\u0130smail Be\u015fik\u00e7i\u2019yi Anlamak ve anlatma sorumlulu\u011fu!\",\"datePublished\":\"2025-12-31T11:20:25+00:00\",\"mainEntityOfPage\":{\"@id\":\"https:\\\/\\\/darkamazi.site\\\/archives\\\/1036089\"},\"wordCount\":2466,\"publisher\":{\"@id\":\"https:\\\/\\\/darkamazi.site\\\/#organization\"},\"image\":{\"@id\":\"https:\\\/\\\/darkamazi.site\\\/archives\\\/1036089#primaryimage\"},\"thumbnailUrl\":\"https:\\\/\\\/darkamazi.site\\\/darka-content\\\/uploads\\\/2025\\\/12\\\/sheyhmus-4.jpg\",\"keywords\":[\"\u00f6nemli\"],\"articleSection\":[\"uncategory\"],\"inLanguage\":\"en-US\"},{\"@type\":\"WebPage\",\"@id\":\"https:\\\/\\\/darkamazi.site\\\/archives\\\/1036089\",\"url\":\"https:\\\/\\\/darkamazi.site\\\/archives\\\/1036089\",\"name\":\"\u0130smail Be\u015fik\u00e7i\u2019yi Anlamak ve anlatma sorumlulu\u011fu! - Darka Mazi\",\"isPartOf\":{\"@id\":\"https:\\\/\\\/darkamazi.site\\\/#website\"},\"primaryImageOfPage\":{\"@id\":\"https:\\\/\\\/darkamazi.site\\\/archives\\\/1036089#primaryimage\"},\"image\":{\"@id\":\"https:\\\/\\\/darkamazi.site\\\/archives\\\/1036089#primaryimage\"},\"thumbnailUrl\":\"https:\\\/\\\/darkamazi.site\\\/darka-content\\\/uploads\\\/2025\\\/12\\\/sheyhmus-4.jpg\",\"datePublished\":\"2025-12-31T11:20:25+00:00\",\"breadcrumb\":{\"@id\":\"https:\\\/\\\/darkamazi.site\\\/archives\\\/1036089#breadcrumb\"},\"inLanguage\":\"en-US\",\"potentialAction\":[{\"@type\":\"ReadAction\",\"target\":[\"https:\\\/\\\/darkamazi.site\\\/archives\\\/1036089\"]}]},{\"@type\":\"ImageObject\",\"inLanguage\":\"en-US\",\"@id\":\"https:\\\/\\\/darkamazi.site\\\/archives\\\/1036089#primaryimage\",\"url\":\"https:\\\/\\\/darkamazi.site\\\/darka-content\\\/uploads\\\/2025\\\/12\\\/sheyhmus-4.jpg\",\"contentUrl\":\"https:\\\/\\\/darkamazi.site\\\/darka-content\\\/uploads\\\/2025\\\/12\\\/sheyhmus-4.jpg\",\"width\":900,\"height\":475,\"caption\":\"\u0130smail Be\u015fik\u00e7i\u2019yi Anlamak ve anlatma sorumlulu\u011fu!\"},{\"@type\":\"BreadcrumbList\",\"@id\":\"https:\\\/\\\/darkamazi.site\\\/archives\\\/1036089#breadcrumb\",\"itemListElement\":[{\"@type\":\"ListItem\",\"position\":1,\"name\":\"Home\",\"item\":\"https:\\\/\\\/darkamazi.site\\\/\"},{\"@type\":\"ListItem\",\"position\":2,\"name\":\"\u0130smail Be\u015fik\u00e7i\u2019yi Anlamak ve anlatma sorumlulu\u011fu!\"}]},{\"@type\":\"WebSite\",\"@id\":\"https:\\\/\\\/darkamazi.site\\\/#website\",\"url\":\"https:\\\/\\\/darkamazi.site\\\/\",\"name\":\"Darka Mazi\",\"description\":\"Ana Sayfa\",\"publisher\":{\"@id\":\"https:\\\/\\\/darkamazi.site\\\/#organization\"},\"potentialAction\":[{\"@type\":\"SearchAction\",\"target\":{\"@type\":\"EntryPoint\",\"urlTemplate\":\"https:\\\/\\\/darkamazi.site\\\/?s={search_term_string}\"},\"query-input\":{\"@type\":\"PropertyValueSpecification\",\"valueRequired\":true,\"valueName\":\"search_term_string\"}}],\"inLanguage\":\"en-US\"},{\"@type\":\"Organization\",\"@id\":\"https:\\\/\\\/darkamazi.site\\\/#organization\",\"name\":\"Darka Mazi T\u00fcrk\u00e7e\",\"alternateName\":\"Darka Mazi\",\"url\":\"https:\\\/\\\/darkamazi.site\\\/\",\"logo\":{\"@type\":\"ImageObject\",\"inLanguage\":\"en-US\",\"@id\":\"https:\\\/\\\/darkamazi.site\\\/#\\\/schema\\\/logo\\\/image\\\/\",\"url\":\"https:\\\/\\\/darkamazi.site\\\/darka-content\\\/uploads\\\/2017\\\/12\\\/darka-mazi-logo.png\",\"contentUrl\":\"https:\\\/\\\/darkamazi.site\\\/darka-content\\\/uploads\\\/2017\\\/12\\\/darka-mazi-logo.png\",\"width\":151,\"height\":75,\"caption\":\"Darka Mazi T\u00fcrk\u00e7e\"},\"image\":{\"@id\":\"https:\\\/\\\/darkamazi.site\\\/#\\\/schema\\\/logo\\\/image\\\/\"},\"sameAs\":[\"https:\\\/\\\/www.facebook.com\\\/DarkaMaziturkce\",\"https:\\\/\\\/x.com\\\/DarkaMaziTurkce\"]},{\"@type\":\"Person\",\"@id\":\"https:\\\/\\\/darkamazi.site\\\/#\\\/schema\\\/person\\\/67986a95ac546c16760365877ef4a9d3\",\"name\":\"darka mazi\",\"sameAs\":[\"https:\\\/\\\/darkamazi.site\"],\"url\":\"https:\\\/\\\/darkamazi.site\\\/archives\\\/author\\\/turkish\"}]}<\/script>\n<!-- \/ Yoast SEO plugin. -->","seo_head_json":{"title":"\u0130smail Be\u015fik\u00e7i\u2019yi Anlamak ve anlatma sorumlulu\u011fu! - Darka Mazi","robots":{"index":"index","follow":"follow","max-snippet":"max-snippet:-1","max-image-preview":"max-image-preview:large","max-video-preview":"max-video-preview:-1"},"canonical":"https:\/\/darkamazi.site\/archives\/1036089","og_locale":"en_US","og_type":"article","og_title":"\u0130smail Be\u015fik\u00e7i\u2019yi Anlamak ve anlatma sorumlulu\u011fu! - Darka Mazi","og_description":"27 Aral\u0131k 2025\u2018te kaleme al\u0131nm\u0131\u015f ve 29 Aral\u0131k\u2019ta \u201cNerina Azad\u201dta yayinlanan \u201c27 Eyl\u00fcl 2025\u2026\u0130smail Be\u015fik\u00e7i\u201d ba\u015fl\u0131kl\u0131, Kek \u0130brahim G\u00f6rb\u00fcz\u2019\u00fcn makalesi \u00fczerine! De\u011ferli Hocam\u0131z, 27.09.2025\u2019te, Diyarbekir\u2019de kendisiyle ilgili (\u0130smail\u00ea Me) adl\u0131 bir belgesel filmi izlerken, beyin kanamas\u0131 ge\u00e7irdi. \u00d6zellikle bu durumdan sonra hocam\u0131z \u0130. Be\u015fik\u00e7i ile ilgili spek\u00fclatif bilgiler ve tart\u0131\u015fmalar da g\u00f6r\u00fcnmeye ba\u015fland\u0131. Tarih, tarihe [&hellip;]","og_url":"https:\/\/darkamazi.site\/archives\/1036089","og_site_name":"Darka Mazi","article_publisher":"https:\/\/www.facebook.com\/DarkaMaziturkce","article_published_time":"2025-12-31T11:20:25+00:00","og_image":[{"width":900,"height":475,"url":"https:\/\/darkamazi.site\/file\/2025\/12\/sheyhmus-4.jpg","type":"image\/jpeg"}],"author":"darka mazi","twitter_card":"summary_large_image","twitter_creator":"@DarkaMaziTurkce","twitter_site":"@DarkaMaziTurkce","twitter_misc":{"Written by":"darka mazi","Est. reading time":"8 minutes"},"schema":{"@context":"https:\/\/schema.org","@graph":[{"@type":"NewsArticle","@id":"https:\/\/darkamazi.site\/archives\/1036089#article","isPartOf":{"@id":"https:\/\/darkamazi.site\/archives\/1036089"},"author":{"name":"darka mazi","@id":"https:\/\/darkamazi.site\/#\/schema\/person\/67986a95ac546c16760365877ef4a9d3"},"headline":"\u0130smail Be\u015fik\u00e7i\u2019yi Anlamak ve anlatma sorumlulu\u011fu!","datePublished":"2025-12-31T11:20:25+00:00","mainEntityOfPage":{"@id":"https:\/\/darkamazi.site\/archives\/1036089"},"wordCount":2466,"publisher":{"@id":"https:\/\/darkamazi.site\/#organization"},"image":{"@id":"https:\/\/darkamazi.site\/archives\/1036089#primaryimage"},"thumbnailUrl":"https:\/\/darkamazi.site\/file\/2025\/12\/sheyhmus-4.jpg","keywords":["\u00f6nemli"],"articleSection":["uncategory"],"inLanguage":"en-US"},{"@type":"WebPage","@id":"https:\/\/darkamazi.site\/archives\/1036089","url":"https:\/\/darkamazi.site\/archives\/1036089","name":"\u0130smail Be\u015fik\u00e7i\u2019yi Anlamak ve anlatma sorumlulu\u011fu! - Darka Mazi","isPartOf":{"@id":"https:\/\/darkamazi.site\/#website"},"primaryImageOfPage":{"@id":"https:\/\/darkamazi.site\/archives\/1036089#primaryimage"},"image":{"@id":"https:\/\/darkamazi.site\/archives\/1036089#primaryimage"},"thumbnailUrl":"https:\/\/darkamazi.site\/file\/2025\/12\/sheyhmus-4.jpg","datePublished":"2025-12-31T11:20:25+00:00","breadcrumb":{"@id":"https:\/\/darkamazi.site\/archives\/1036089#breadcrumb"},"inLanguage":"en-US","potentialAction":[{"@type":"ReadAction","target":["https:\/\/darkamazi.site\/archives\/1036089"]}]},{"@type":"ImageObject","inLanguage":"en-US","@id":"https:\/\/darkamazi.site\/archives\/1036089#primaryimage","url":"https:\/\/darkamazi.site\/file\/2025\/12\/sheyhmus-4.jpg","contentUrl":"https:\/\/darkamazi.site\/file\/2025\/12\/sheyhmus-4.jpg","width":900,"height":475,"caption":"\u0130smail Be\u015fik\u00e7i\u2019yi Anlamak ve anlatma sorumlulu\u011fu!"},{"@type":"BreadcrumbList","@id":"https:\/\/darkamazi.site\/archives\/1036089#breadcrumb","itemListElement":[{"@type":"ListItem","position":1,"name":"Home","item":"https:\/\/darkamazi.site\/"},{"@type":"ListItem","position":2,"name":"\u0130smail Be\u015fik\u00e7i\u2019yi Anlamak ve anlatma sorumlulu\u011fu!"}]},{"@type":"WebSite","@id":"https:\/\/darkamazi.site\/#website","url":"https:\/\/darkamazi.site\/","name":"Darka Mazi","description":"Ana Sayfa","publisher":{"@id":"https:\/\/darkamazi.site\/#organization"},"potentialAction":[{"@type":"SearchAction","target":{"@type":"EntryPoint","urlTemplate":"https:\/\/darkamazi.site\/?s={search_term_string}"},"query-input":{"@type":"PropertyValueSpecification","valueRequired":true,"valueName":"search_term_string"}}],"inLanguage":"en-US"},{"@type":"Organization","@id":"https:\/\/darkamazi.site\/#organization","name":"Darka Mazi T\u00fcrk\u00e7e","alternateName":"Darka Mazi","url":"https:\/\/darkamazi.site\/","logo":{"@type":"ImageObject","inLanguage":"en-US","@id":"https:\/\/darkamazi.site\/#\/schema\/logo\/image\/","url":"https:\/\/darkamazi.site\/file\/2017\/12\/darka-mazi-logo.png","contentUrl":"https:\/\/darkamazi.site\/file\/2017\/12\/darka-mazi-logo.png","width":151,"height":75,"caption":"Darka Mazi T\u00fcrk\u00e7e"},"image":{"@id":"https:\/\/darkamazi.site\/#\/schema\/logo\/image\/"},"sameAs":["https:\/\/www.facebook.com\/DarkaMaziturkce","https:\/\/x.com\/DarkaMaziTurkce"]},{"@type":"Person","@id":"https:\/\/darkamazi.site\/#\/schema\/person\/67986a95ac546c16760365877ef4a9d3","name":"darka mazi","sameAs":["https:\/\/darkamazi.site"],"url":"https:\/\/darkamazi.site\/archives\/author\/turkish"}]}},"_links":{"self":[{"href":"https:\/\/darkamazi.site\/funavuv\/wp\/v2\/posts\/1036089","targetHints":{"allow":["GET"]}}],"collection":[{"href":"https:\/\/darkamazi.site\/funavuv\/wp\/v2\/posts"}],"about":[{"href":"https:\/\/darkamazi.site\/funavuv\/wp\/v2\/types\/post"}],"author":[{"embeddable":true,"href":"https:\/\/darkamazi.site\/funavuv\/wp\/v2\/users\/2"}],"replies":[{"embeddable":true,"href":"https:\/\/darkamazi.site\/funavuv\/wp\/v2\/comments?post=1036089"}],"version-history":[{"count":0,"href":"https:\/\/darkamazi.site\/funavuv\/wp\/v2\/posts\/1036089\/revisions"}],"wp:featuredmedia":[{"embeddable":true,"href":"https:\/\/darkamazi.site\/funavuv\/wp\/v2\/media\/1036090"}],"wp:attachment":[{"href":"https:\/\/darkamazi.site\/funavuv\/wp\/v2\/media?parent=1036089"}],"wp:term":[{"taxonomy":"category","embeddable":true,"href":"https:\/\/darkamazi.site\/funavuv\/wp\/v2\/categories?post=1036089"},{"taxonomy":"post_tag","embeddable":true,"href":"https:\/\/darkamazi.site\/funavuv\/wp\/v2\/tags?post=1036089"}],"curies":[{"name":"wp","href":"https:\/\/api.w.org\/{rel}","templated":true}]}}