{"id":1036095,"date":"2026-01-03T11:55:49","date_gmt":"2026-01-03T08:55:49","guid":{"rendered":"https:\/\/darkamazi.site\/?p=1036095"},"modified":"2026-01-03T11:55:49","modified_gmt":"2026-01-03T08:55:49","slug":"kdp-iden-uluslararasi-topluma-ve-avrupaya-cagri-irandaki-gosterileri-destekleyin","status":"publish","type":"post","link":"https:\/\/darkamazi.site\/archives\/1036095","title":{"rendered":"KDP-\u0130\u2019den uluslararas\u0131 topluma ve Avrupa\u2019ya \u00e7a\u011fr\u0131: \u0130ran\u2019daki g\u00f6sterileri destekleyin"},"content":{"rendered":"<p style=\"text-align: justify\">Rojhilat\u2019ta faaliyet y\u00fcr\u00fcten K\u00fcrdistan Demokrat Partisi- \u0130ran (KDP-\u0130) D\u0131\u015f \u0130li\u015fkiler B\u00fcrosu, \u0130ran&#8217;daki g\u00f6steriler hakk\u0131nda bir a\u00e7\u0131klama yay\u0131mlad\u0131 ve uluslararas\u0131 topluma Tahran&#8217;\u0131n \u015fiddeti kar\u015f\u0131s\u0131nda sessiz kalmama \u00e7a\u011fr\u0131s\u0131nda bulundu.<\/p>\n<p style=\"text-align: justify\">A\u00e7\u0131klamada, 2025 y\u0131l\u0131n\u0131n son g\u00fcnlerinde \u0130ran&#8217;\u0131n b\u00fcy\u00fck \u015fehirlerinde yeni bir halk g\u00f6sterileri dalgas\u0131n\u0131n ba\u015flad\u0131\u011f\u0131 belirtildi.<\/p>\n<p style=\"text-align: justify\">KDP-\u0130, bu g\u00f6sterilerin ekonomik zorluklar, y\u00fcksek enflasyon ve yayg\u0131n siyasi ho\u015fnutsuzluk nedeniyle patlak verdi\u011fini a\u00e7\u0131klad\u0131.<\/p>\n<p style=\"text-align: justify\">Krizlerin sadece ekonomik olmad\u0131\u011f\u0131na dikkat \u00e7ekilen a\u00e7\u0131klamada, bu durumun ayn\u0131 zamanda \u0130ran halklar\u0131n\u0131n uzun s\u00fcredir kar\u015f\u0131 kar\u015f\u0131ya kald\u0131\u011f\u0131 siyasi bask\u0131lar\u0131n bir sonucu oldu\u011fu vurguland\u0131.<\/p>\n<p style=\"text-align: justify\">Bu durumun, \u00f6zg\u00fcrl\u00fck, kurtulu\u015f, adalet ve hesap verilebilirlik talep eden g\u00f6stericilerin sloganlar\u0131nda da g\u00f6r\u00fcld\u00fc\u011f\u00fc ifade edildi.<\/p>\n<p style=\"text-align: justify\">KDP-\u0130,, devam eden g\u00f6sterilerde rejimin bask\u0131c\u0131 g\u00fc\u00e7lerinin \u00e7ok say\u0131da g\u00f6stericiyi \u00f6ld\u00fcrd\u00fc\u011f\u00fcn\u00fc ve yaralad\u0131\u011f\u0131n\u0131 bildirdi.<\/p>\n<p style=\"text-align: justify\">A\u00e7\u0131klamada, &#8220;Jin, Jiyan, Azad\u00ee&#8221; (Kad\u0131n, Ya\u015fam, \u00d6zg\u00fcrl\u00fck) hareketi s\u0131ras\u0131nda K\u00fcrtlerin, rejim g\u00fc\u00e7lerinin \u00e7ok vah\u015fi ve orant\u0131s\u0131z bir tepkisiyle kar\u015f\u0131la\u015ft\u0131\u011f\u0131 hat\u0131rlat\u0131ld\u0131.<\/p>\n<p style=\"text-align: justify\">A\u00e7\u0131klamaya g\u00f6re bu bask\u0131 y\u00f6ntemi sadece \u0130ran K\u00fcrdistan\u0131 ile s\u0131n\u0131rl\u0131 de\u011fil; \u0130ran genelinde siviller, gazeteciler ve insan haklar\u0131 savunucular\u0131 takibat ve sert polis taktikleri ile kar\u015f\u0131 kar\u015f\u0131ya kal\u0131yor.<\/p>\n<p style=\"text-align: justify\">KDP-\u0130, bu eylemlerin k\u0131nand\u0131\u011f\u0131 ve &#8220;insanl\u0131\u011fa kar\u015f\u0131 su\u00e7lar&#8221; olarak tan\u0131mland\u0131\u011f\u0131 Birle\u015fmi\u015f Milletler raporuna at\u0131fta bulundu.<\/p>\n<p style=\"text-align: justify\">Ayr\u0131ca ba\u011f\u0131ms\u0131z kurulu\u015flar\u0131n istatistiklerine g\u00f6re 2025 y\u0131l\u0131nda 1500&#8217;den fazla ki\u015finin idam edildi\u011fi, bunun son y\u0131llardaki en y\u00fcksek rakam oldu\u011fu ve bu a\u011f\u0131r cezalardan en \u00e7ok K\u00fcrtlerin etkilendi\u011fi a\u00e7\u0131kland\u0131.<\/p>\n<p style=\"text-align: justify\">KDP-\u0130, rejimin \u015fiddetini \u00f6nlemek amac\u0131yla Avrupa&#8217;ya ve d\u00fcnya siyaset\u00e7ilerine \u015fu ad\u0131mlar\u0131 atmalar\u0131 \u00e7a\u011fr\u0131s\u0131nda bulundu:<\/p>\n<p style=\"text-align: justify\">\u201cBar\u0131\u015f\u00e7\u0131l g\u00f6sterileri a\u00e7\u0131k\u00e7a destekleyin ve \u0130slam Cumhuriyeti&#8217;nin bask\u0131c\u0131 g\u00fc\u00e7lerinin a\u015f\u0131r\u0131 g\u00fc\u00e7 kullan\u0131m\u0131n\u0131 k\u0131nay\u0131n.<\/p>\n<p style=\"text-align: justify\">\u0130nsan haklar\u0131 ihlallerinden do\u011frudan sorumlu olan \u0130ranl\u0131 yetkililere ve kurumlara y\u00f6nelik yapt\u0131r\u0131mlar\u0131 geni\u015fletmek i\u00e7in di\u011fer siyaset\u00e7iler ve liderlerle koordinasyon sa\u011flay\u0131n.<\/p>\n<p style=\"text-align: justify\">\u0130nsan haklar\u0131 ihlallerini izlemek, raporlamak ve Birle\u015fmi\u015f Milletler mekanizmalar\u0131 ile uluslararas\u0131 g\u00f6zlemcilerin ba\u011f\u0131ms\u0131z eri\u015fimini sa\u011flamak i\u00e7in \u00e7aba g\u00f6sterin.\u201d<\/p>\n<p style=\"text-align: justify\">KDP-\u0130 a\u00e7\u0131klaman\u0131n sonunda, Avrupa&#8217;n\u0131n ve siyaset\u00e7ilerinin uzun s\u00fcredir insan onuru, \u00f6zg\u00fcrl\u00fck ve adalet gibi evrensel de\u011ferleri savundu\u011funu belirtti.<\/p>\n<p style=\"text-align: justify\">A\u00e7\u0131klaman\u0131n bir di\u011fer b\u00f6l\u00fcm\u00fcnde, temel demokratik haklar\u0131n\u0131 talep etmek i\u00e7in her \u015feyi g\u00f6ze alan \u0130ran halklar\u0131n\u0131n ya\u015fam\u0131 \u00fczerinde, Avrupa&#8217;n\u0131n bu hassas d\u00f6nemdeki deste\u011finin b\u00fcy\u00fck bir etki yaratabilece\u011fi vurguland\u0131.<\/p>\n","protected":false},"excerpt":{"rendered":"<p>Rojhilat\u2019ta faaliyet y\u00fcr\u00fcten K\u00fcrdistan Demokrat Partisi- \u0130ran (KDP-\u0130) D\u0131\u015f \u0130li\u015fkiler B\u00fcrosu, \u0130ran&#8217;daki g\u00f6steriler hakk\u0131nda bir a\u00e7\u0131klama yay\u0131mlad\u0131 ve uluslararas\u0131 topluma Tahran&#8217;\u0131n \u015fiddeti kar\u015f\u0131s\u0131nda sessiz kalmama \u00e7a\u011fr\u0131s\u0131nda bulundu. A\u00e7\u0131klamada, 2025 y\u0131l\u0131n\u0131n son g\u00fcnlerinde \u0130ran&#8217;\u0131n b\u00fcy\u00fck \u015fehirlerinde yeni bir halk g\u00f6sterileri dalgas\u0131n\u0131n ba\u015flad\u0131\u011f\u0131 belirtildi. KDP-\u0130, bu g\u00f6sterilerin ekonomik zorluklar, y\u00fcksek enflasyon ve yayg\u0131n siyasi ho\u015fnutsuzluk nedeniyle patlak [&hellip;]<\/p>\n","protected":false},"author":2,"featured_media":1036096,"comment_status":"closed","ping_status":"closed","sticky":false,"template":"","format":"standard","meta":{"footnotes":""},"categories":[3],"tags":[31],"class_list":["post-1036095","post","type-post","status-publish","format-standard","has-post-thumbnail","hentry","category-kurdistan","tag-onemli"],"blocksy_meta":[],"seo_head":"<!-- This site is optimized with the Yoast SEO plugin v27.5 - https:\/\/yoast.com\/product\/yoast-seo-wordpress\/ -->\n<title>KDP-\u0130\u2019den uluslararas\u0131 topluma ve Avrupa\u2019ya \u00e7a\u011fr\u0131: \u0130ran\u2019daki g\u00f6sterileri destekleyin - Darka Mazi<\/title>\n<meta name=\"robots\" content=\"index, follow, max-snippet:-1, max-image-preview:large, max-video-preview:-1\" \/>\n<link rel=\"canonical\" href=\"https:\/\/darkamazi.site\/archives\/1036095\" \/>\n<meta property=\"og:locale\" content=\"en_US\" \/>\n<meta property=\"og:type\" content=\"article\" \/>\n<meta property=\"og:title\" content=\"KDP-\u0130\u2019den uluslararas\u0131 topluma ve Avrupa\u2019ya \u00e7a\u011fr\u0131: \u0130ran\u2019daki g\u00f6sterileri destekleyin - Darka Mazi\" \/>\n<meta property=\"og:description\" content=\"Rojhilat\u2019ta faaliyet y\u00fcr\u00fcten K\u00fcrdistan Demokrat Partisi- \u0130ran (KDP-\u0130) D\u0131\u015f \u0130li\u015fkiler B\u00fcrosu, \u0130ran&#8217;daki g\u00f6steriler hakk\u0131nda bir a\u00e7\u0131klama yay\u0131mlad\u0131 ve uluslararas\u0131 topluma Tahran&#8217;\u0131n \u015fiddeti kar\u015f\u0131s\u0131nda sessiz kalmama \u00e7a\u011fr\u0131s\u0131nda bulundu. A\u00e7\u0131klamada, 2025 y\u0131l\u0131n\u0131n son g\u00fcnlerinde \u0130ran&#8217;\u0131n b\u00fcy\u00fck \u015fehirlerinde yeni bir halk g\u00f6sterileri dalgas\u0131n\u0131n ba\u015flad\u0131\u011f\u0131 belirtildi. KDP-\u0130, bu g\u00f6sterilerin ekonomik zorluklar, y\u00fcksek enflasyon ve yayg\u0131n siyasi ho\u015fnutsuzluk nedeniyle patlak [&hellip;]\" \/>\n<meta property=\"og:url\" content=\"https:\/\/darkamazi.site\/archives\/1036095\" \/>\n<meta property=\"og:site_name\" content=\"Darka Mazi\" \/>\n<meta property=\"article:publisher\" content=\"https:\/\/www.facebook.com\/DarkaMaziturkce\" \/>\n<meta property=\"article:published_time\" content=\"2026-01-03T08:55:49+00:00\" \/>\n<meta property=\"og:image\" content=\"https:\/\/darkamazi.site\/file\/2026\/01\/PDKI-2.jpeg\" \/>\n\t<meta property=\"og:image:width\" content=\"2048\" \/>\n\t<meta property=\"og:image:height\" content=\"1156\" \/>\n\t<meta property=\"og:image:type\" content=\"image\/jpeg\" \/>\n<meta name=\"author\" content=\"darka mazi\" \/>\n<meta name=\"twitter:card\" content=\"summary_large_image\" \/>\n<meta name=\"twitter:creator\" content=\"@DarkaMaziTurkce\" \/>\n<meta name=\"twitter:site\" content=\"@DarkaMaziTurkce\" \/>\n<meta name=\"twitter:label1\" content=\"Written by\" \/>\n\t<meta name=\"twitter:data1\" content=\"darka mazi\" \/>\n\t<meta name=\"twitter:label2\" content=\"Est. reading time\" \/>\n\t<meta name=\"twitter:data2\" content=\"2 minutes\" \/>\n<script type=\"application\/ld+json\" class=\"seo-schema-graph\">{\"@context\":\"https:\\\/\\\/schema.org\",\"@graph\":[{\"@type\":\"NewsArticle\",\"@id\":\"https:\\\/\\\/darkamazi.site\\\/archives\\\/1036095#article\",\"isPartOf\":{\"@id\":\"https:\\\/\\\/darkamazi.site\\\/archives\\\/1036095\"},\"author\":{\"name\":\"darka mazi\",\"@id\":\"https:\\\/\\\/darkamazi.site\\\/#\\\/schema\\\/person\\\/67986a95ac546c16760365877ef4a9d3\"},\"headline\":\"KDP-\u0130\u2019den uluslararas\u0131 topluma ve Avrupa\u2019ya \u00e7a\u011fr\u0131: \u0130ran\u2019daki g\u00f6sterileri destekleyin\",\"datePublished\":\"2026-01-03T08:55:49+00:00\",\"mainEntityOfPage\":{\"@id\":\"https:\\\/\\\/darkamazi.site\\\/archives\\\/1036095\"},\"wordCount\":498,\"publisher\":{\"@id\":\"https:\\\/\\\/darkamazi.site\\\/#organization\"},\"image\":{\"@id\":\"https:\\\/\\\/darkamazi.site\\\/archives\\\/1036095#primaryimage\"},\"thumbnailUrl\":\"https:\\\/\\\/darkamazi.site\\\/darka-content\\\/uploads\\\/2026\\\/01\\\/PDKI-2.jpeg\",\"keywords\":[\"\u00f6nemli\"],\"articleSection\":[\"Kurdistan\"],\"inLanguage\":\"en-US\"},{\"@type\":\"WebPage\",\"@id\":\"https:\\\/\\\/darkamazi.site\\\/archives\\\/1036095\",\"url\":\"https:\\\/\\\/darkamazi.site\\\/archives\\\/1036095\",\"name\":\"KDP-\u0130\u2019den uluslararas\u0131 topluma ve Avrupa\u2019ya \u00e7a\u011fr\u0131: \u0130ran\u2019daki g\u00f6sterileri destekleyin - Darka Mazi\",\"isPartOf\":{\"@id\":\"https:\\\/\\\/darkamazi.site\\\/#website\"},\"primaryImageOfPage\":{\"@id\":\"https:\\\/\\\/darkamazi.site\\\/archives\\\/1036095#primaryimage\"},\"image\":{\"@id\":\"https:\\\/\\\/darkamazi.site\\\/archives\\\/1036095#primaryimage\"},\"thumbnailUrl\":\"https:\\\/\\\/darkamazi.site\\\/darka-content\\\/uploads\\\/2026\\\/01\\\/PDKI-2.jpeg\",\"datePublished\":\"2026-01-03T08:55:49+00:00\",\"breadcrumb\":{\"@id\":\"https:\\\/\\\/darkamazi.site\\\/archives\\\/1036095#breadcrumb\"},\"inLanguage\":\"en-US\",\"potentialAction\":[{\"@type\":\"ReadAction\",\"target\":[\"https:\\\/\\\/darkamazi.site\\\/archives\\\/1036095\"]}]},{\"@type\":\"ImageObject\",\"inLanguage\":\"en-US\",\"@id\":\"https:\\\/\\\/darkamazi.site\\\/archives\\\/1036095#primaryimage\",\"url\":\"https:\\\/\\\/darkamazi.site\\\/darka-content\\\/uploads\\\/2026\\\/01\\\/PDKI-2.jpeg\",\"contentUrl\":\"https:\\\/\\\/darkamazi.site\\\/darka-content\\\/uploads\\\/2026\\\/01\\\/PDKI-2.jpeg\",\"width\":2048,\"height\":1156,\"caption\":\"KDP-\u0130\u2019den uluslararas\u0131 topluma ve Avrupa\u2019ya \u00e7a\u011fr\u0131: \u0130ran\u2019daki g\u00f6sterileri destekleyin\"},{\"@type\":\"BreadcrumbList\",\"@id\":\"https:\\\/\\\/darkamazi.site\\\/archives\\\/1036095#breadcrumb\",\"itemListElement\":[{\"@type\":\"ListItem\",\"position\":1,\"name\":\"Home\",\"item\":\"https:\\\/\\\/darkamazi.site\\\/\"},{\"@type\":\"ListItem\",\"position\":2,\"name\":\"KDP-\u0130\u2019den uluslararas\u0131 topluma ve Avrupa\u2019ya \u00e7a\u011fr\u0131: \u0130ran\u2019daki g\u00f6sterileri destekleyin\"}]},{\"@type\":\"WebSite\",\"@id\":\"https:\\\/\\\/darkamazi.site\\\/#website\",\"url\":\"https:\\\/\\\/darkamazi.site\\\/\",\"name\":\"Darka Mazi\",\"description\":\"Ana Sayfa\",\"publisher\":{\"@id\":\"https:\\\/\\\/darkamazi.site\\\/#organization\"},\"potentialAction\":[{\"@type\":\"SearchAction\",\"target\":{\"@type\":\"EntryPoint\",\"urlTemplate\":\"https:\\\/\\\/darkamazi.site\\\/?s={search_term_string}\"},\"query-input\":{\"@type\":\"PropertyValueSpecification\",\"valueRequired\":true,\"valueName\":\"search_term_string\"}}],\"inLanguage\":\"en-US\"},{\"@type\":\"Organization\",\"@id\":\"https:\\\/\\\/darkamazi.site\\\/#organization\",\"name\":\"Darka Mazi T\u00fcrk\u00e7e\",\"alternateName\":\"Darka Mazi\",\"url\":\"https:\\\/\\\/darkamazi.site\\\/\",\"logo\":{\"@type\":\"ImageObject\",\"inLanguage\":\"en-US\",\"@id\":\"https:\\\/\\\/darkamazi.site\\\/#\\\/schema\\\/logo\\\/image\\\/\",\"url\":\"https:\\\/\\\/darkamazi.site\\\/darka-content\\\/uploads\\\/2017\\\/12\\\/darka-mazi-logo.png\",\"contentUrl\":\"https:\\\/\\\/darkamazi.site\\\/darka-content\\\/uploads\\\/2017\\\/12\\\/darka-mazi-logo.png\",\"width\":151,\"height\":75,\"caption\":\"Darka Mazi T\u00fcrk\u00e7e\"},\"image\":{\"@id\":\"https:\\\/\\\/darkamazi.site\\\/#\\\/schema\\\/logo\\\/image\\\/\"},\"sameAs\":[\"https:\\\/\\\/www.facebook.com\\\/DarkaMaziturkce\",\"https:\\\/\\\/x.com\\\/DarkaMaziTurkce\"]},{\"@type\":\"Person\",\"@id\":\"https:\\\/\\\/darkamazi.site\\\/#\\\/schema\\\/person\\\/67986a95ac546c16760365877ef4a9d3\",\"name\":\"darka mazi\",\"sameAs\":[\"https:\\\/\\\/darkamazi.site\"],\"url\":\"https:\\\/\\\/darkamazi.site\\\/archives\\\/author\\\/turkish\"}]}<\/script>\n<!-- \/ Yoast SEO plugin. -->","seo_head_json":{"title":"KDP-\u0130\u2019den uluslararas\u0131 topluma ve Avrupa\u2019ya \u00e7a\u011fr\u0131: \u0130ran\u2019daki g\u00f6sterileri destekleyin - Darka Mazi","robots":{"index":"index","follow":"follow","max-snippet":"max-snippet:-1","max-image-preview":"max-image-preview:large","max-video-preview":"max-video-preview:-1"},"canonical":"https:\/\/darkamazi.site\/archives\/1036095","og_locale":"en_US","og_type":"article","og_title":"KDP-\u0130\u2019den uluslararas\u0131 topluma ve Avrupa\u2019ya \u00e7a\u011fr\u0131: \u0130ran\u2019daki g\u00f6sterileri destekleyin - Darka Mazi","og_description":"Rojhilat\u2019ta faaliyet y\u00fcr\u00fcten K\u00fcrdistan Demokrat Partisi- \u0130ran (KDP-\u0130) D\u0131\u015f \u0130li\u015fkiler B\u00fcrosu, \u0130ran&#8217;daki g\u00f6steriler hakk\u0131nda bir a\u00e7\u0131klama yay\u0131mlad\u0131 ve uluslararas\u0131 topluma Tahran&#8217;\u0131n \u015fiddeti kar\u015f\u0131s\u0131nda sessiz kalmama \u00e7a\u011fr\u0131s\u0131nda bulundu. A\u00e7\u0131klamada, 2025 y\u0131l\u0131n\u0131n son g\u00fcnlerinde \u0130ran&#8217;\u0131n b\u00fcy\u00fck \u015fehirlerinde yeni bir halk g\u00f6sterileri dalgas\u0131n\u0131n ba\u015flad\u0131\u011f\u0131 belirtildi. KDP-\u0130, bu g\u00f6sterilerin ekonomik zorluklar, y\u00fcksek enflasyon ve yayg\u0131n siyasi ho\u015fnutsuzluk nedeniyle patlak [&hellip;]","og_url":"https:\/\/darkamazi.site\/archives\/1036095","og_site_name":"Darka Mazi","article_publisher":"https:\/\/www.facebook.com\/DarkaMaziturkce","article_published_time":"2026-01-03T08:55:49+00:00","og_image":[{"width":2048,"height":1156,"url":"https:\/\/darkamazi.site\/file\/2026\/01\/PDKI-2.jpeg","type":"image\/jpeg"}],"author":"darka mazi","twitter_card":"summary_large_image","twitter_creator":"@DarkaMaziTurkce","twitter_site":"@DarkaMaziTurkce","twitter_misc":{"Written by":"darka mazi","Est. reading time":"2 minutes"},"schema":{"@context":"https:\/\/schema.org","@graph":[{"@type":"NewsArticle","@id":"https:\/\/darkamazi.site\/archives\/1036095#article","isPartOf":{"@id":"https:\/\/darkamazi.site\/archives\/1036095"},"author":{"name":"darka mazi","@id":"https:\/\/darkamazi.site\/#\/schema\/person\/67986a95ac546c16760365877ef4a9d3"},"headline":"KDP-\u0130\u2019den uluslararas\u0131 topluma ve Avrupa\u2019ya \u00e7a\u011fr\u0131: \u0130ran\u2019daki g\u00f6sterileri destekleyin","datePublished":"2026-01-03T08:55:49+00:00","mainEntityOfPage":{"@id":"https:\/\/darkamazi.site\/archives\/1036095"},"wordCount":498,"publisher":{"@id":"https:\/\/darkamazi.site\/#organization"},"image":{"@id":"https:\/\/darkamazi.site\/archives\/1036095#primaryimage"},"thumbnailUrl":"https:\/\/darkamazi.site\/file\/2026\/01\/PDKI-2.jpeg","keywords":["\u00f6nemli"],"articleSection":["Kurdistan"],"inLanguage":"en-US"},{"@type":"WebPage","@id":"https:\/\/darkamazi.site\/archives\/1036095","url":"https:\/\/darkamazi.site\/archives\/1036095","name":"KDP-\u0130\u2019den uluslararas\u0131 topluma ve Avrupa\u2019ya \u00e7a\u011fr\u0131: \u0130ran\u2019daki g\u00f6sterileri destekleyin - Darka Mazi","isPartOf":{"@id":"https:\/\/darkamazi.site\/#website"},"primaryImageOfPage":{"@id":"https:\/\/darkamazi.site\/archives\/1036095#primaryimage"},"image":{"@id":"https:\/\/darkamazi.site\/archives\/1036095#primaryimage"},"thumbnailUrl":"https:\/\/darkamazi.site\/file\/2026\/01\/PDKI-2.jpeg","datePublished":"2026-01-03T08:55:49+00:00","breadcrumb":{"@id":"https:\/\/darkamazi.site\/archives\/1036095#breadcrumb"},"inLanguage":"en-US","potentialAction":[{"@type":"ReadAction","target":["https:\/\/darkamazi.site\/archives\/1036095"]}]},{"@type":"ImageObject","inLanguage":"en-US","@id":"https:\/\/darkamazi.site\/archives\/1036095#primaryimage","url":"https:\/\/darkamazi.site\/file\/2026\/01\/PDKI-2.jpeg","contentUrl":"https:\/\/darkamazi.site\/file\/2026\/01\/PDKI-2.jpeg","width":2048,"height":1156,"caption":"KDP-\u0130\u2019den uluslararas\u0131 topluma ve Avrupa\u2019ya \u00e7a\u011fr\u0131: \u0130ran\u2019daki g\u00f6sterileri destekleyin"},{"@type":"BreadcrumbList","@id":"https:\/\/darkamazi.site\/archives\/1036095#breadcrumb","itemListElement":[{"@type":"ListItem","position":1,"name":"Home","item":"https:\/\/darkamazi.site\/"},{"@type":"ListItem","position":2,"name":"KDP-\u0130\u2019den uluslararas\u0131 topluma ve Avrupa\u2019ya \u00e7a\u011fr\u0131: \u0130ran\u2019daki g\u00f6sterileri destekleyin"}]},{"@type":"WebSite","@id":"https:\/\/darkamazi.site\/#website","url":"https:\/\/darkamazi.site\/","name":"Darka Mazi","description":"Ana Sayfa","publisher":{"@id":"https:\/\/darkamazi.site\/#organization"},"potentialAction":[{"@type":"SearchAction","target":{"@type":"EntryPoint","urlTemplate":"https:\/\/darkamazi.site\/?s={search_term_string}"},"query-input":{"@type":"PropertyValueSpecification","valueRequired":true,"valueName":"search_term_string"}}],"inLanguage":"en-US"},{"@type":"Organization","@id":"https:\/\/darkamazi.site\/#organization","name":"Darka Mazi T\u00fcrk\u00e7e","alternateName":"Darka Mazi","url":"https:\/\/darkamazi.site\/","logo":{"@type":"ImageObject","inLanguage":"en-US","@id":"https:\/\/darkamazi.site\/#\/schema\/logo\/image\/","url":"https:\/\/darkamazi.site\/file\/2017\/12\/darka-mazi-logo.png","contentUrl":"https:\/\/darkamazi.site\/file\/2017\/12\/darka-mazi-logo.png","width":151,"height":75,"caption":"Darka Mazi T\u00fcrk\u00e7e"},"image":{"@id":"https:\/\/darkamazi.site\/#\/schema\/logo\/image\/"},"sameAs":["https:\/\/www.facebook.com\/DarkaMaziturkce","https:\/\/x.com\/DarkaMaziTurkce"]},{"@type":"Person","@id":"https:\/\/darkamazi.site\/#\/schema\/person\/67986a95ac546c16760365877ef4a9d3","name":"darka mazi","sameAs":["https:\/\/darkamazi.site"],"url":"https:\/\/darkamazi.site\/archives\/author\/turkish"}]}},"_links":{"self":[{"href":"https:\/\/darkamazi.site\/funavuv\/wp\/v2\/posts\/1036095","targetHints":{"allow":["GET"]}}],"collection":[{"href":"https:\/\/darkamazi.site\/funavuv\/wp\/v2\/posts"}],"about":[{"href":"https:\/\/darkamazi.site\/funavuv\/wp\/v2\/types\/post"}],"author":[{"embeddable":true,"href":"https:\/\/darkamazi.site\/funavuv\/wp\/v2\/users\/2"}],"replies":[{"embeddable":true,"href":"https:\/\/darkamazi.site\/funavuv\/wp\/v2\/comments?post=1036095"}],"version-history":[{"count":0,"href":"https:\/\/darkamazi.site\/funavuv\/wp\/v2\/posts\/1036095\/revisions"}],"wp:featuredmedia":[{"embeddable":true,"href":"https:\/\/darkamazi.site\/funavuv\/wp\/v2\/media\/1036096"}],"wp:attachment":[{"href":"https:\/\/darkamazi.site\/funavuv\/wp\/v2\/media?parent=1036095"}],"wp:term":[{"taxonomy":"category","embeddable":true,"href":"https:\/\/darkamazi.site\/funavuv\/wp\/v2\/categories?post=1036095"},{"taxonomy":"post_tag","embeddable":true,"href":"https:\/\/darkamazi.site\/funavuv\/wp\/v2\/tags?post=1036095"}],"curies":[{"name":"wp","href":"https:\/\/api.w.org\/{rel}","templated":true}]}}