{"id":1036101,"date":"2026-01-03T13:26:38","date_gmt":"2026-01-03T10:26:38","guid":{"rendered":"https:\/\/darkamazi.site\/?p=1036101"},"modified":"2026-01-03T13:26:38","modified_gmt":"2026-01-03T10:26:38","slug":"5-kurt-orgutunden-trumpin-iran-aciklamasina-destek-ve-avrupaya-cagri-iranla-ticari-iliskiler-icin-insanlik-degerlerine-sirt-donmeyin","status":"publish","type":"post","link":"https:\/\/darkamazi.site\/archives\/1036101","title":{"rendered":"5 K\u00fcrt \u00f6rg\u00fct\u00fcnden Trump\u2019\u0131n \u0130ran a\u00e7\u0131klamas\u0131na destek ve Avrupa\u2019ya \u00e7a\u011fr\u0131: \u0130ran\u2019la ticari ili\u015fkiler i\u00e7in insanl\u0131k de\u011ferlerine s\u0131rt d\u00f6nmeyin"},"content":{"rendered":"<p style=\"text-align: justify\">\u0130ran\u2019da g\u00f6steriler yo\u011funla\u015f\u0131rken 5 K\u00fcrt \u00f6rg\u00fct \u0130ran\u2019a kar\u015f\u0131 tutumunu a\u00e7\u0131klad\u0131. A\u00e7\u0131klamada Avrupa\u2019n\u0131n sessizli\u011fi ele\u015ftirilerken g\u00fcnl\u00fck olarak \u0130ran\u2019a kar\u015f\u0131 verdikleri m\u00fccadeleden geri ad\u0131m atmayacaklar\u0131n\u0131 belirttiler.<\/p>\n<p style=\"text-align: justify\">K\u00fcrdistan \u00d6zg\u00fcrl\u00fck Partisi (PAK), K\u00fcrdistan Milli Ordusu (SMK), K\u00fcrdistan \u00d6zg\u00fcrl\u00fck Timleri (TAK), K\u00fcrdistan Kad\u0131n \u00d6zg\u00fcrl\u00fck Hareketi (Nina) ve K\u00fcrdistan Gen\u00e7lik \u00d6rg\u00fct\u00fc (RAK) toplu bir a\u00e7\u0131klama yay\u0131nlad\u0131. A\u00e7\u0131klaman\u0131n t\u00fcm metni a\u015fa\u011f\u0131da\u2026<\/p>\n<p style=\"text-align: justify\">\u00a0K\u00fcrdistan Halk\u0131na ve Kamuoyuna;<\/p>\n<p style=\"text-align: justify\">ABD Ba\u015fkan\u0131 Donald Trump, \u0130ran&#8217;\u0131, bar\u0131\u015f\u00e7\u0131l g\u00f6stericilere ate\u015f a\u00e7\u0131p \u00f6ld\u00fcrmesi halinde ABD&#8217;nin yard\u0131ma ko\u015faca\u011f\u0131 ve harekete ge\u00e7meye haz\u0131r oldu\u011fu konusunda uyard\u0131.<\/p>\n<p style=\"text-align: justify\">Ba\u015fkan Trump&#8217;\u0131n a\u00e7\u0131k tehdidinin bir yandan g\u00f6stericileri desteklemek, di\u011fer yandan Tahran&#8217;\u0131n insanlar\u0131 \u00f6ld\u00fcrmesine engel olmak anlam\u0131na geldi\u011fi g\u00f6z \u00f6n\u00fcne al\u0131nd\u0131\u011f\u0131nda; \u00f6zg\u00fcrl\u00fck ve adalet i\u00e7in ac\u0131 \u00e7eken herkes taraf\u0131ndan takdir edilmektedir.<\/p>\n<p style=\"text-align: justify\">\u0130ran&#8217;a kar\u015f\u0131 g\u00fcnl\u00fck m\u00fccadele i\u00e7inde olan bizler i\u00e7in, Ba\u015fkan Trump&#8217;\u0131n tutumunun \u00f6nemi, Barack Obama ve Joe Biden&#8217;\u0131n ba\u015fkanl\u0131klar\u0131 d\u00f6neminde ki \u00a0uygulamalar\u0131 hat\u0131rlad\u0131\u011f\u0131m\u0131zda daha da umut verici hale geliyor. Ayr\u0131ca, \u0130ran&#8217;\u0131n insanlar\u0131 \u00f6ld\u00fcrmesini \u00f6nlemek i\u00e7in hi\u00e7bir zaman kararl\u0131 bir politika benimsemeyen ve \u0130ran ile ticaret masas\u0131nda t\u00fcm insani de\u011ferlerini kaybeden Avrupa \u00fclkelerinin tutumunu da ele\u015ftiriyoruz.<\/p>\n<p style=\"text-align: justify\">Ba\u015fkan Donald Trump&#8217;\u0131n tutumunu memnuniyetle kar\u015f\u0131larken ve takdir ederken, \u0130ran&#8217;\u0131n bat\u0131, g\u00fcney ve kuzeybat\u0131 illerinde, yani K\u00fcrdistan, Lorestan ve Bakhtiari&#8217;de protestocular\u0131 direk hedef alarak a\u011f\u0131r \u015fiddet kullanarak \u00a0\u00f6ld\u00fcrmesine de dikkat \u00e7ekmek istiyoruz.<\/p>\n<p style=\"text-align: justify\">Bu nedenle, bu b\u00f6lgeler ve hava sahas\u0131 i\u00e7in Koruma Sorumlulu\u011fu (R2P) ilkelerinin g\u00f6zetilmesi i\u00e7in \u00e7al\u0131\u015fmak istiyoruz. Bu alanlar \u201cU\u00e7u\u015fa Yasak B\u00f6lge\u201d (NFZ) haline getirildi.<\/p>\n<p style=\"text-align: justify\">K\u00fcrdistan \u00d6zg\u00fcrl\u00fck Partisi (PAK)<\/p>\n<p style=\"text-align: justify\">K\u00fcrdistan Milli Ordusu (SMK)<\/p>\n<p style=\"text-align: justify\">K\u00fcrdistan \u00d6zg\u00fcrl\u00fck Ekibi (TAK)<\/p>\n<p style=\"text-align: justify\">K\u00fcrdistan Kad\u0131n \u00d6zg\u00fcrl\u00fck \u00d6rg\u00fct\u00fc &#8211; Nina<\/p>\n<p style=\"text-align: justify\">K\u00fcrdistan \u00d6zg\u00fcrl\u00fck Gen\u00e7lik \u00d6rg\u00fct\u00fc-RAK<\/p>\n<p style=\"text-align: justify\">12 \u015eubat 2725 (2 Ocak 2025 MS)<\/p>\n","protected":false},"excerpt":{"rendered":"<p>\u0130ran\u2019da g\u00f6steriler yo\u011funla\u015f\u0131rken 5 K\u00fcrt \u00f6rg\u00fct \u0130ran\u2019a kar\u015f\u0131 tutumunu a\u00e7\u0131klad\u0131. A\u00e7\u0131klamada Avrupa\u2019n\u0131n sessizli\u011fi ele\u015ftirilerken g\u00fcnl\u00fck olarak \u0130ran\u2019a kar\u015f\u0131 verdikleri m\u00fccadeleden geri ad\u0131m atmayacaklar\u0131n\u0131 belirttiler. K\u00fcrdistan \u00d6zg\u00fcrl\u00fck Partisi (PAK), K\u00fcrdistan Milli Ordusu (SMK), K\u00fcrdistan \u00d6zg\u00fcrl\u00fck Timleri (TAK), K\u00fcrdistan Kad\u0131n \u00d6zg\u00fcrl\u00fck Hareketi (Nina) ve K\u00fcrdistan Gen\u00e7lik \u00d6rg\u00fct\u00fc (RAK) toplu bir a\u00e7\u0131klama yay\u0131nlad\u0131. A\u00e7\u0131klaman\u0131n t\u00fcm metni a\u015fa\u011f\u0131da\u2026 \u00a0K\u00fcrdistan [&hellip;]<\/p>\n","protected":false},"author":2,"featured_media":1036103,"comment_status":"closed","ping_status":"closed","sticky":false,"template":"","format":"standard","meta":{"footnotes":""},"categories":[3],"tags":[31],"class_list":["post-1036101","post","type-post","status-publish","format-standard","has-post-thumbnail","hentry","category-kurdistan","tag-onemli"],"blocksy_meta":[],"seo_head":"<!-- This site is optimized with the Yoast SEO plugin v27.5 - https:\/\/yoast.com\/product\/yoast-seo-wordpress\/ -->\n<title>5 K\u00fcrt \u00f6rg\u00fct\u00fcnden Trump\u2019\u0131n \u0130ran a\u00e7\u0131klamas\u0131na destek ve Avrupa\u2019ya \u00e7a\u011fr\u0131: \u0130ran\u2019la ticari ili\u015fkiler i\u00e7in insanl\u0131k de\u011ferlerine s\u0131rt d\u00f6nmeyin - Darka Mazi<\/title>\n<meta name=\"robots\" content=\"index, follow, max-snippet:-1, max-image-preview:large, max-video-preview:-1\" \/>\n<link rel=\"canonical\" href=\"https:\/\/darkamazi.site\/archives\/1036101\" \/>\n<meta property=\"og:locale\" content=\"en_US\" \/>\n<meta property=\"og:type\" content=\"article\" \/>\n<meta property=\"og:title\" content=\"5 K\u00fcrt \u00f6rg\u00fct\u00fcnden Trump\u2019\u0131n \u0130ran a\u00e7\u0131klamas\u0131na destek ve Avrupa\u2019ya \u00e7a\u011fr\u0131: \u0130ran\u2019la ticari ili\u015fkiler i\u00e7in insanl\u0131k de\u011ferlerine s\u0131rt d\u00f6nmeyin - Darka Mazi\" \/>\n<meta property=\"og:description\" content=\"\u0130ran\u2019da g\u00f6steriler yo\u011funla\u015f\u0131rken 5 K\u00fcrt \u00f6rg\u00fct \u0130ran\u2019a kar\u015f\u0131 tutumunu a\u00e7\u0131klad\u0131. A\u00e7\u0131klamada Avrupa\u2019n\u0131n sessizli\u011fi ele\u015ftirilerken g\u00fcnl\u00fck olarak \u0130ran\u2019a kar\u015f\u0131 verdikleri m\u00fccadeleden geri ad\u0131m atmayacaklar\u0131n\u0131 belirttiler. K\u00fcrdistan \u00d6zg\u00fcrl\u00fck Partisi (PAK), K\u00fcrdistan Milli Ordusu (SMK), K\u00fcrdistan \u00d6zg\u00fcrl\u00fck Timleri (TAK), K\u00fcrdistan Kad\u0131n \u00d6zg\u00fcrl\u00fck Hareketi (Nina) ve K\u00fcrdistan Gen\u00e7lik \u00d6rg\u00fct\u00fc (RAK) toplu bir a\u00e7\u0131klama yay\u0131nlad\u0131. A\u00e7\u0131klaman\u0131n t\u00fcm metni a\u015fa\u011f\u0131da\u2026 \u00a0K\u00fcrdistan [&hellip;]\" \/>\n<meta property=\"og:url\" content=\"https:\/\/darkamazi.site\/archives\/1036101\" \/>\n<meta property=\"og:site_name\" content=\"Darka Mazi\" \/>\n<meta property=\"article:publisher\" content=\"https:\/\/www.facebook.com\/DarkaMaziturkce\" \/>\n<meta property=\"article:published_time\" content=\"2026-01-03T10:26:38+00:00\" \/>\n<meta property=\"og:image\" content=\"https:\/\/darkamazi.site\/file\/2026\/01\/Iran-Kurd.jpg\" \/>\n\t<meta property=\"og:image:width\" content=\"900\" \/>\n\t<meta property=\"og:image:height\" content=\"500\" \/>\n\t<meta property=\"og:image:type\" content=\"image\/jpeg\" \/>\n<meta name=\"author\" content=\"darka mazi\" \/>\n<meta name=\"twitter:card\" content=\"summary_large_image\" \/>\n<meta name=\"twitter:creator\" content=\"@DarkaMaziTurkce\" \/>\n<meta name=\"twitter:site\" content=\"@DarkaMaziTurkce\" \/>\n<meta name=\"twitter:label1\" content=\"Written by\" \/>\n\t<meta name=\"twitter:data1\" content=\"darka mazi\" \/>\n\t<meta name=\"twitter:label2\" content=\"Est. reading time\" \/>\n\t<meta name=\"twitter:data2\" content=\"2 minutes\" \/>\n<script type=\"application\/ld+json\" class=\"seo-schema-graph\">{\"@context\":\"https:\\\/\\\/schema.org\",\"@graph\":[{\"@type\":\"NewsArticle\",\"@id\":\"https:\\\/\\\/darkamazi.site\\\/archives\\\/1036101#article\",\"isPartOf\":{\"@id\":\"https:\\\/\\\/darkamazi.site\\\/archives\\\/1036101\"},\"author\":{\"name\":\"darka mazi\",\"@id\":\"https:\\\/\\\/darkamazi.site\\\/#\\\/schema\\\/person\\\/67986a95ac546c16760365877ef4a9d3\"},\"headline\":\"5 K\u00fcrt \u00f6rg\u00fct\u00fcnden Trump\u2019\u0131n \u0130ran a\u00e7\u0131klamas\u0131na destek ve Avrupa\u2019ya \u00e7a\u011fr\u0131: \u0130ran\u2019la ticari ili\u015fkiler i\u00e7in insanl\u0131k de\u011ferlerine s\u0131rt d\u00f6nmeyin\",\"datePublished\":\"2026-01-03T10:26:38+00:00\",\"mainEntityOfPage\":{\"@id\":\"https:\\\/\\\/darkamazi.site\\\/archives\\\/1036101\"},\"wordCount\":406,\"publisher\":{\"@id\":\"https:\\\/\\\/darkamazi.site\\\/#organization\"},\"image\":{\"@id\":\"https:\\\/\\\/darkamazi.site\\\/archives\\\/1036101#primaryimage\"},\"thumbnailUrl\":\"https:\\\/\\\/darkamazi.site\\\/darka-content\\\/uploads\\\/2026\\\/01\\\/Iran-Kurd.jpg\",\"keywords\":[\"\u00f6nemli\"],\"articleSection\":[\"Kurdistan\"],\"inLanguage\":\"en-US\"},{\"@type\":\"WebPage\",\"@id\":\"https:\\\/\\\/darkamazi.site\\\/archives\\\/1036101\",\"url\":\"https:\\\/\\\/darkamazi.site\\\/archives\\\/1036101\",\"name\":\"5 K\u00fcrt \u00f6rg\u00fct\u00fcnden Trump\u2019\u0131n \u0130ran a\u00e7\u0131klamas\u0131na destek ve Avrupa\u2019ya \u00e7a\u011fr\u0131: \u0130ran\u2019la ticari ili\u015fkiler i\u00e7in insanl\u0131k de\u011ferlerine s\u0131rt d\u00f6nmeyin - Darka Mazi\",\"isPartOf\":{\"@id\":\"https:\\\/\\\/darkamazi.site\\\/#website\"},\"primaryImageOfPage\":{\"@id\":\"https:\\\/\\\/darkamazi.site\\\/archives\\\/1036101#primaryimage\"},\"image\":{\"@id\":\"https:\\\/\\\/darkamazi.site\\\/archives\\\/1036101#primaryimage\"},\"thumbnailUrl\":\"https:\\\/\\\/darkamazi.site\\\/darka-content\\\/uploads\\\/2026\\\/01\\\/Iran-Kurd.jpg\",\"datePublished\":\"2026-01-03T10:26:38+00:00\",\"breadcrumb\":{\"@id\":\"https:\\\/\\\/darkamazi.site\\\/archives\\\/1036101#breadcrumb\"},\"inLanguage\":\"en-US\",\"potentialAction\":[{\"@type\":\"ReadAction\",\"target\":[\"https:\\\/\\\/darkamazi.site\\\/archives\\\/1036101\"]}]},{\"@type\":\"ImageObject\",\"inLanguage\":\"en-US\",\"@id\":\"https:\\\/\\\/darkamazi.site\\\/archives\\\/1036101#primaryimage\",\"url\":\"https:\\\/\\\/darkamazi.site\\\/darka-content\\\/uploads\\\/2026\\\/01\\\/Iran-Kurd.jpg\",\"contentUrl\":\"https:\\\/\\\/darkamazi.site\\\/darka-content\\\/uploads\\\/2026\\\/01\\\/Iran-Kurd.jpg\",\"width\":900,\"height\":500,\"caption\":\"5 K\u00fcrt \u00f6rg\u00fct\u00fcnden Trump\u2019\u0131n \u0130ran a\u00e7\u0131klamas\u0131na destek ve Avrupa\u2019ya \u00e7a\u011fr\u0131: \u0130ran\u2019la ticari ili\u015fkiler i\u00e7in insanl\u0131k de\u011ferlerine s\u0131rt d\u00f6nmeyin\"},{\"@type\":\"BreadcrumbList\",\"@id\":\"https:\\\/\\\/darkamazi.site\\\/archives\\\/1036101#breadcrumb\",\"itemListElement\":[{\"@type\":\"ListItem\",\"position\":1,\"name\":\"Home\",\"item\":\"https:\\\/\\\/darkamazi.site\\\/\"},{\"@type\":\"ListItem\",\"position\":2,\"name\":\"5 K\u00fcrt \u00f6rg\u00fct\u00fcnden Trump\u2019\u0131n \u0130ran a\u00e7\u0131klamas\u0131na destek ve Avrupa\u2019ya \u00e7a\u011fr\u0131: \u0130ran\u2019la ticari ili\u015fkiler i\u00e7in insanl\u0131k de\u011ferlerine s\u0131rt d\u00f6nmeyin\"}]},{\"@type\":\"WebSite\",\"@id\":\"https:\\\/\\\/darkamazi.site\\\/#website\",\"url\":\"https:\\\/\\\/darkamazi.site\\\/\",\"name\":\"Darka Mazi\",\"description\":\"Ana Sayfa\",\"publisher\":{\"@id\":\"https:\\\/\\\/darkamazi.site\\\/#organization\"},\"potentialAction\":[{\"@type\":\"SearchAction\",\"target\":{\"@type\":\"EntryPoint\",\"urlTemplate\":\"https:\\\/\\\/darkamazi.site\\\/?s={search_term_string}\"},\"query-input\":{\"@type\":\"PropertyValueSpecification\",\"valueRequired\":true,\"valueName\":\"search_term_string\"}}],\"inLanguage\":\"en-US\"},{\"@type\":\"Organization\",\"@id\":\"https:\\\/\\\/darkamazi.site\\\/#organization\",\"name\":\"Darka Mazi T\u00fcrk\u00e7e\",\"alternateName\":\"Darka Mazi\",\"url\":\"https:\\\/\\\/darkamazi.site\\\/\",\"logo\":{\"@type\":\"ImageObject\",\"inLanguage\":\"en-US\",\"@id\":\"https:\\\/\\\/darkamazi.site\\\/#\\\/schema\\\/logo\\\/image\\\/\",\"url\":\"https:\\\/\\\/darkamazi.site\\\/darka-content\\\/uploads\\\/2017\\\/12\\\/darka-mazi-logo.png\",\"contentUrl\":\"https:\\\/\\\/darkamazi.site\\\/darka-content\\\/uploads\\\/2017\\\/12\\\/darka-mazi-logo.png\",\"width\":151,\"height\":75,\"caption\":\"Darka Mazi T\u00fcrk\u00e7e\"},\"image\":{\"@id\":\"https:\\\/\\\/darkamazi.site\\\/#\\\/schema\\\/logo\\\/image\\\/\"},\"sameAs\":[\"https:\\\/\\\/www.facebook.com\\\/DarkaMaziturkce\",\"https:\\\/\\\/x.com\\\/DarkaMaziTurkce\"]},{\"@type\":\"Person\",\"@id\":\"https:\\\/\\\/darkamazi.site\\\/#\\\/schema\\\/person\\\/67986a95ac546c16760365877ef4a9d3\",\"name\":\"darka mazi\",\"sameAs\":[\"https:\\\/\\\/darkamazi.site\"],\"url\":\"https:\\\/\\\/darkamazi.site\\\/archives\\\/author\\\/turkish\"}]}<\/script>\n<!-- \/ Yoast SEO plugin. -->","seo_head_json":{"title":"5 K\u00fcrt \u00f6rg\u00fct\u00fcnden Trump\u2019\u0131n \u0130ran a\u00e7\u0131klamas\u0131na destek ve Avrupa\u2019ya \u00e7a\u011fr\u0131: \u0130ran\u2019la ticari ili\u015fkiler i\u00e7in insanl\u0131k de\u011ferlerine s\u0131rt d\u00f6nmeyin - Darka Mazi","robots":{"index":"index","follow":"follow","max-snippet":"max-snippet:-1","max-image-preview":"max-image-preview:large","max-video-preview":"max-video-preview:-1"},"canonical":"https:\/\/darkamazi.site\/archives\/1036101","og_locale":"en_US","og_type":"article","og_title":"5 K\u00fcrt \u00f6rg\u00fct\u00fcnden Trump\u2019\u0131n \u0130ran a\u00e7\u0131klamas\u0131na destek ve Avrupa\u2019ya \u00e7a\u011fr\u0131: \u0130ran\u2019la ticari ili\u015fkiler i\u00e7in insanl\u0131k de\u011ferlerine s\u0131rt d\u00f6nmeyin - Darka Mazi","og_description":"\u0130ran\u2019da g\u00f6steriler yo\u011funla\u015f\u0131rken 5 K\u00fcrt \u00f6rg\u00fct \u0130ran\u2019a kar\u015f\u0131 tutumunu a\u00e7\u0131klad\u0131. A\u00e7\u0131klamada Avrupa\u2019n\u0131n sessizli\u011fi ele\u015ftirilerken g\u00fcnl\u00fck olarak \u0130ran\u2019a kar\u015f\u0131 verdikleri m\u00fccadeleden geri ad\u0131m atmayacaklar\u0131n\u0131 belirttiler. K\u00fcrdistan \u00d6zg\u00fcrl\u00fck Partisi (PAK), K\u00fcrdistan Milli Ordusu (SMK), K\u00fcrdistan \u00d6zg\u00fcrl\u00fck Timleri (TAK), K\u00fcrdistan Kad\u0131n \u00d6zg\u00fcrl\u00fck Hareketi (Nina) ve K\u00fcrdistan Gen\u00e7lik \u00d6rg\u00fct\u00fc (RAK) toplu bir a\u00e7\u0131klama yay\u0131nlad\u0131. A\u00e7\u0131klaman\u0131n t\u00fcm metni a\u015fa\u011f\u0131da\u2026 \u00a0K\u00fcrdistan [&hellip;]","og_url":"https:\/\/darkamazi.site\/archives\/1036101","og_site_name":"Darka Mazi","article_publisher":"https:\/\/www.facebook.com\/DarkaMaziturkce","article_published_time":"2026-01-03T10:26:38+00:00","og_image":[{"width":900,"height":500,"url":"https:\/\/darkamazi.site\/file\/2026\/01\/Iran-Kurd.jpg","type":"image\/jpeg"}],"author":"darka mazi","twitter_card":"summary_large_image","twitter_creator":"@DarkaMaziTurkce","twitter_site":"@DarkaMaziTurkce","twitter_misc":{"Written by":"darka mazi","Est. reading time":"2 minutes"},"schema":{"@context":"https:\/\/schema.org","@graph":[{"@type":"NewsArticle","@id":"https:\/\/darkamazi.site\/archives\/1036101#article","isPartOf":{"@id":"https:\/\/darkamazi.site\/archives\/1036101"},"author":{"name":"darka mazi","@id":"https:\/\/darkamazi.site\/#\/schema\/person\/67986a95ac546c16760365877ef4a9d3"},"headline":"5 K\u00fcrt \u00f6rg\u00fct\u00fcnden Trump\u2019\u0131n \u0130ran a\u00e7\u0131klamas\u0131na destek ve Avrupa\u2019ya \u00e7a\u011fr\u0131: \u0130ran\u2019la ticari ili\u015fkiler i\u00e7in insanl\u0131k de\u011ferlerine s\u0131rt d\u00f6nmeyin","datePublished":"2026-01-03T10:26:38+00:00","mainEntityOfPage":{"@id":"https:\/\/darkamazi.site\/archives\/1036101"},"wordCount":406,"publisher":{"@id":"https:\/\/darkamazi.site\/#organization"},"image":{"@id":"https:\/\/darkamazi.site\/archives\/1036101#primaryimage"},"thumbnailUrl":"https:\/\/darkamazi.site\/file\/2026\/01\/Iran-Kurd.jpg","keywords":["\u00f6nemli"],"articleSection":["Kurdistan"],"inLanguage":"en-US"},{"@type":"WebPage","@id":"https:\/\/darkamazi.site\/archives\/1036101","url":"https:\/\/darkamazi.site\/archives\/1036101","name":"5 K\u00fcrt \u00f6rg\u00fct\u00fcnden Trump\u2019\u0131n \u0130ran a\u00e7\u0131klamas\u0131na destek ve Avrupa\u2019ya \u00e7a\u011fr\u0131: \u0130ran\u2019la ticari ili\u015fkiler i\u00e7in insanl\u0131k de\u011ferlerine s\u0131rt d\u00f6nmeyin - Darka Mazi","isPartOf":{"@id":"https:\/\/darkamazi.site\/#website"},"primaryImageOfPage":{"@id":"https:\/\/darkamazi.site\/archives\/1036101#primaryimage"},"image":{"@id":"https:\/\/darkamazi.site\/archives\/1036101#primaryimage"},"thumbnailUrl":"https:\/\/darkamazi.site\/file\/2026\/01\/Iran-Kurd.jpg","datePublished":"2026-01-03T10:26:38+00:00","breadcrumb":{"@id":"https:\/\/darkamazi.site\/archives\/1036101#breadcrumb"},"inLanguage":"en-US","potentialAction":[{"@type":"ReadAction","target":["https:\/\/darkamazi.site\/archives\/1036101"]}]},{"@type":"ImageObject","inLanguage":"en-US","@id":"https:\/\/darkamazi.site\/archives\/1036101#primaryimage","url":"https:\/\/darkamazi.site\/file\/2026\/01\/Iran-Kurd.jpg","contentUrl":"https:\/\/darkamazi.site\/file\/2026\/01\/Iran-Kurd.jpg","width":900,"height":500,"caption":"5 K\u00fcrt \u00f6rg\u00fct\u00fcnden Trump\u2019\u0131n \u0130ran a\u00e7\u0131klamas\u0131na destek ve Avrupa\u2019ya \u00e7a\u011fr\u0131: \u0130ran\u2019la ticari ili\u015fkiler i\u00e7in insanl\u0131k de\u011ferlerine s\u0131rt d\u00f6nmeyin"},{"@type":"BreadcrumbList","@id":"https:\/\/darkamazi.site\/archives\/1036101#breadcrumb","itemListElement":[{"@type":"ListItem","position":1,"name":"Home","item":"https:\/\/darkamazi.site\/"},{"@type":"ListItem","position":2,"name":"5 K\u00fcrt \u00f6rg\u00fct\u00fcnden Trump\u2019\u0131n \u0130ran a\u00e7\u0131klamas\u0131na destek ve Avrupa\u2019ya \u00e7a\u011fr\u0131: \u0130ran\u2019la ticari ili\u015fkiler i\u00e7in insanl\u0131k de\u011ferlerine s\u0131rt d\u00f6nmeyin"}]},{"@type":"WebSite","@id":"https:\/\/darkamazi.site\/#website","url":"https:\/\/darkamazi.site\/","name":"Darka Mazi","description":"Ana Sayfa","publisher":{"@id":"https:\/\/darkamazi.site\/#organization"},"potentialAction":[{"@type":"SearchAction","target":{"@type":"EntryPoint","urlTemplate":"https:\/\/darkamazi.site\/?s={search_term_string}"},"query-input":{"@type":"PropertyValueSpecification","valueRequired":true,"valueName":"search_term_string"}}],"inLanguage":"en-US"},{"@type":"Organization","@id":"https:\/\/darkamazi.site\/#organization","name":"Darka Mazi T\u00fcrk\u00e7e","alternateName":"Darka Mazi","url":"https:\/\/darkamazi.site\/","logo":{"@type":"ImageObject","inLanguage":"en-US","@id":"https:\/\/darkamazi.site\/#\/schema\/logo\/image\/","url":"https:\/\/darkamazi.site\/file\/2017\/12\/darka-mazi-logo.png","contentUrl":"https:\/\/darkamazi.site\/file\/2017\/12\/darka-mazi-logo.png","width":151,"height":75,"caption":"Darka Mazi T\u00fcrk\u00e7e"},"image":{"@id":"https:\/\/darkamazi.site\/#\/schema\/logo\/image\/"},"sameAs":["https:\/\/www.facebook.com\/DarkaMaziturkce","https:\/\/x.com\/DarkaMaziTurkce"]},{"@type":"Person","@id":"https:\/\/darkamazi.site\/#\/schema\/person\/67986a95ac546c16760365877ef4a9d3","name":"darka mazi","sameAs":["https:\/\/darkamazi.site"],"url":"https:\/\/darkamazi.site\/archives\/author\/turkish"}]}},"_links":{"self":[{"href":"https:\/\/darkamazi.site\/funavuv\/wp\/v2\/posts\/1036101","targetHints":{"allow":["GET"]}}],"collection":[{"href":"https:\/\/darkamazi.site\/funavuv\/wp\/v2\/posts"}],"about":[{"href":"https:\/\/darkamazi.site\/funavuv\/wp\/v2\/types\/post"}],"author":[{"embeddable":true,"href":"https:\/\/darkamazi.site\/funavuv\/wp\/v2\/users\/2"}],"replies":[{"embeddable":true,"href":"https:\/\/darkamazi.site\/funavuv\/wp\/v2\/comments?post=1036101"}],"version-history":[{"count":0,"href":"https:\/\/darkamazi.site\/funavuv\/wp\/v2\/posts\/1036101\/revisions"}],"wp:featuredmedia":[{"embeddable":true,"href":"https:\/\/darkamazi.site\/funavuv\/wp\/v2\/media\/1036103"}],"wp:attachment":[{"href":"https:\/\/darkamazi.site\/funavuv\/wp\/v2\/media?parent=1036101"}],"wp:term":[{"taxonomy":"category","embeddable":true,"href":"https:\/\/darkamazi.site\/funavuv\/wp\/v2\/categories?post=1036101"},{"taxonomy":"post_tag","embeddable":true,"href":"https:\/\/darkamazi.site\/funavuv\/wp\/v2\/tags?post=1036101"}],"curies":[{"name":"wp","href":"https:\/\/api.w.org\/{rel}","templated":true}]}}