{"id":1036112,"date":"2026-01-06T16:59:33","date_gmt":"2026-01-06T13:59:33","guid":{"rendered":"https:\/\/darkamazi.site\/?p=1036112"},"modified":"2026-01-06T17:00:38","modified_gmt":"2026-01-06T14:00:38","slug":"1036112","status":"publish","type":"post","link":"https:\/\/darkamazi.site\/archives\/1036112","title":{"rendered":"Halep\u2019te \u00e7at\u0131\u015fmalar \u015fiddetlendi: Can kay\u0131plar\u0131 var!"},"content":{"rendered":"<p style=\"text-align: justify\">Halep\u2019in stratejik noktalar\u0131 ile Deyr Hafir ve Ti\u015frin Baraj\u0131 \u00e7evresinde askeri hareketlilik ve bombard\u0131manlar yo\u011funla\u015ft\u0131. \u015eam y\u00f6netimi bir askerinin hayat\u0131n\u0131 kaybetti\u011fini a\u00e7\u0131klarken; Halep\u2019in \u015eeyh Maksud mahallesinde d\u00fczenlenen sald\u0131r\u0131larda ikisi \u00e7ocuk olmak \u00fczere \u00e7ok say\u0131da sivil yaraland\u0131.<\/p>\n<p style=\"text-align: justify\">Suriye resmi haber ajans\u0131 SANA\u2019n\u0131n Halep Medya Direkt\u00f6rl\u00fc\u011f\u00fc\u2019ne dayand\u0131rd\u0131\u011f\u0131 habere g\u00f6re, Demokratik Suriye G\u00fc\u00e7leri (DSG) Halep\u2019teki \u015eihan Kav\u015fa\u011f\u0131 yak\u0131nlar\u0131n\u0131 hedef ald\u0131.<\/p>\n<p style=\"text-align: justify\">A\u00e7\u0131klamada, sald\u0131r\u0131 sonucunda Savunma Bakanl\u0131\u011f\u0131\u2019na ba\u011fl\u0131 bir personelin hayat\u0131n\u0131 kaybetti\u011fi, \u00fc\u00e7 personelin ise yaraland\u0131\u011f\u0131 belirtildi.<\/p>\n<p style=\"text-align: justify\">Yetkililer, b\u00f6lgedeki g\u00fcvenli\u011fin tam olarak sa\u011flanmas\u0131na kadar vatanda\u015flara temas hatlar\u0131ndan, \u00f6zellikle de E\u015frefiye ve \u015eeyh Maksud mahallelerine yak\u0131n b\u00f6lgelerden uzak durma \u00e7a\u011fr\u0131s\u0131nda bulundu.<\/p>\n<p style=\"text-align: justify\"><strong>SANA: DSG\u2019nin bombard\u0131man\u0131nda 3 sivil \u00f6ld\u00fc<\/strong><\/p>\n<p style=\"text-align: justify\">\u00d6te yandan Suriye devlet ajans\u0131 SANA, Halep kentindeki Meydan Mahallesi\u2019nde yerle\u015fim alanlar\u0131na y\u00f6nelik DSG\u2019nin bombard\u0131man\u0131nda ikisi kad\u0131n 3 sivilin hayat\u0131n\u0131 kaybetti\u011fini duyurdu.<\/p>\n<p style=\"text-align: justify\">Ancak s\u00f6z konusu iddialar DSG taraf\u0131ndan reddedildi.<\/p>\n<p style=\"text-align: justify\"><strong>DSG\u2019den misilleme ve &#8220;sivil katliam\u0131&#8221; su\u00e7lamas\u0131<\/strong><\/p>\n<p style=\"text-align: justify\">Di\u011fer yandan DSG Bas\u0131n Merkezi, Suriye Ge\u00e7ici H\u00fck\u00fcmeti\u2019ne ba\u011fl\u0131 &#8220;El-Am\u015fat&#8221; ve di\u011fer silahl\u0131 gruplar\u0131n Deyr Hafir (Tabka) ve Ti\u015frin Baraj\u0131 \u00e7evresindeki sivil alanlar\u0131 a\u011f\u0131r silahlar ve kamikaze dronlarla hedef ald\u0131\u011f\u0131n\u0131 duyurdu.<\/p>\n<p style=\"text-align: justify\">DSG, \u015eam h\u00fck\u00fcmetine ba\u011fl\u0131 gruplar taraf\u0131ndan at\u0131lan ve \u015eeyh Maksud Mahallesi\u2019ni hedefleyen bir f\u00fczenin biti\u015fikteki Meydan Mahallesi\u2019ne d\u00fc\u015ft\u00fc\u011f\u00fcn\u00fc a\u00e7\u0131klad\u0131.<\/p>\n<p style=\"text-align: justify\">A\u00e7\u0131klamada, \u201cBu d\u00fc\u015fmanca davran\u0131\u015flar, insani hukuk kurallar\u0131na y\u00f6nelik a\u00e7\u0131k bir kay\u0131ts\u0131zl\u0131\u011f\u0131 g\u00f6stermektedir. Bu sald\u0131r\u0131lar\u0131 ger\u00e7ekle\u015ftiren taraf\u0131, ortaya \u00e7\u0131kabilecek t\u00fcm zarar ve sonu\u00e7lardan tamamen sorumlu tutuyoruz\u201d ifadelerine yer verdi.<\/p>\n<p style=\"text-align: justify\">DSG a\u00e7\u0131klamas\u0131nda, bu sald\u0131r\u0131lar\u0131n altyap\u0131ya b\u00fcy\u00fck zarar verdi\u011fi ve elektrik hatlar\u0131n\u0131n koptu\u011fu belirtilirken, &#8220;Halk\u0131m\u0131z\u0131 ve b\u00f6lgemizin g\u00fcvenli\u011fini korumak i\u00e7in me\u015fru m\u00fcdafaa hakk\u0131m\u0131z\u0131 kullanaca\u011f\u0131z&#8221; mesaj\u0131 verildi.<\/p>\n<p style=\"text-align: justify\"><strong>Asayi\u015f\u2019ten a\u00e7\u0131klama<\/strong><\/p>\n<p style=\"text-align: justify\">Halep\u2019te \u00d6zerk Y\u00f6netim\u2019e ba\u011fl\u0131 \u0130\u00e7 G\u00fcvenlik G\u00fc\u00e7leri (Asayi\u015f) de, h\u00fck\u00fcmete ba\u011fl\u0131 silahl\u0131 gruplar\u0131n \u015eeyh Maksud ve E\u015frefiye mahallelerindeki yerle\u015fim alanlar\u0131n\u0131 a\u011f\u0131r silahlar ve Grad f\u00fczeleriyle hedef ald\u0131\u011f\u0131n\u0131, bunun da \u201canla\u015fmalar\u0131n ve ate\u015fkesin yeni bir ihlali\u201d oldu\u011funu duyurdu.<\/p>\n<p style=\"text-align: justify\">Asayi\u015fi, her iki mahalleye y\u00f6nelik sald\u0131r\u0131lar\u0131n b\u00f6lgede b\u00fcy\u00fck maddi hasara yol a\u00e7t\u0131\u011f\u0131n\u0131 ve sivil can kay\u0131plar\u0131na neden oldu\u011funu bildirdi.<\/p>\n<p style=\"text-align: justify\"><strong>\u015eeyh Maksud\u2019da \u00e7ocuklar hedef oldu<\/strong><\/p>\n<p style=\"text-align: justify\">Yerel kaynaklardan al\u0131nan bilgilere g\u00f6re, Halep\u2019in \u015eeyh Maksud mahallesine y\u00f6nelik a\u011f\u0131r silahlarla d\u00fczenlenen sald\u0131r\u0131larda bilan\u00e7o a\u011f\u0131rla\u015f\u0131yor.<\/p>\n<p style=\"text-align: justify\">Top mermilerinin isabet etti\u011fi mahallede 2 ya\u015f\u0131ndaki \u0130van Ebdo ve 3 ya\u015f\u0131ndaki \u015eam Dilo isimli iki \u00e7ocu\u011fun yaraland\u0131\u011f\u0131 bildirildi.<\/p>\n<p style=\"text-align: justify\">Ayr\u0131ca mahallede sabah saatlerinden bu yana s\u00fcren bombard\u0131manda 1 ki\u015finin hayat\u0131n\u0131 kaybetti\u011fi, 2 ki\u015finin ise yaraland\u0131\u011f\u0131 kaydedildi.<\/p>\n<p style=\"text-align: justify\"><strong>Kamikaze \u0130HA sald\u0131r\u0131s\u0131<\/strong><\/p>\n<p style=\"text-align: justify\">\u015eeyh Maksud\u2019un kuzeyindeki \u015eiq\u00eaf b\u00f6lgesine d\u00fczenlenen \u0130HA sald\u0131r\u0131s\u0131nda ise Mihemed Ridwan \u0130brahim ve Rizgar Ridwan \u0130brahim isimli iki karde\u015f yaraland\u0131.<\/p>\n<p style=\"text-align: justify\">Yaral\u0131lar E\u015frefiye\u2019deki Halid Fecir Hastanesi\u2019ne kald\u0131r\u0131larak tedavi alt\u0131na al\u0131nd\u0131.<\/p>\n<p style=\"text-align: justify\">B\u00f6lgedeki gerilim devam ederken, her iki taraf da mevzilerini tahkim etmeyi s\u00fcrd\u00fcr\u00fcyor. Yerel otoriteler, sivillerin g\u00fcvenli alanlara \u00e7ekilmesi konusunda uyar\u0131larda bulunuyor.<\/p>\n","protected":false},"excerpt":{"rendered":"<p>Halep\u2019in stratejik noktalar\u0131 ile Deyr Hafir ve Ti\u015frin Baraj\u0131 \u00e7evresinde askeri hareketlilik ve bombard\u0131manlar yo\u011funla\u015ft\u0131. \u015eam y\u00f6netimi bir askerinin hayat\u0131n\u0131 kaybetti\u011fini a\u00e7\u0131klarken; Halep\u2019in \u015eeyh Maksud mahallesinde d\u00fczenlenen sald\u0131r\u0131larda ikisi \u00e7ocuk olmak \u00fczere \u00e7ok say\u0131da sivil yaraland\u0131. Suriye resmi haber ajans\u0131 SANA\u2019n\u0131n Halep Medya Direkt\u00f6rl\u00fc\u011f\u00fc\u2019ne dayand\u0131rd\u0131\u011f\u0131 habere g\u00f6re, Demokratik Suriye G\u00fc\u00e7leri (DSG) Halep\u2019teki \u015eihan Kav\u015fa\u011f\u0131 yak\u0131nlar\u0131n\u0131 [&hellip;]<\/p>\n","protected":false},"author":2,"featured_media":1036113,"comment_status":"closed","ping_status":"closed","sticky":false,"template":"","format":"standard","meta":{"footnotes":""},"categories":[3],"tags":[31],"class_list":["post-1036112","post","type-post","status-publish","format-standard","has-post-thumbnail","hentry","category-kurdistan","tag-onemli"],"blocksy_meta":[],"seo_head":"<!-- This site is optimized with the Yoast SEO plugin v27.5 - https:\/\/yoast.com\/product\/yoast-seo-wordpress\/ -->\n<title>Halep\u2019te \u00e7at\u0131\u015fmalar \u015fiddetlendi: Can kay\u0131plar\u0131 var! - Darka Mazi<\/title>\n<meta name=\"robots\" content=\"index, follow, max-snippet:-1, max-image-preview:large, max-video-preview:-1\" \/>\n<link rel=\"canonical\" href=\"https:\/\/darkamazi.site\/archives\/1036112\" \/>\n<meta property=\"og:locale\" content=\"en_US\" \/>\n<meta property=\"og:type\" content=\"article\" \/>\n<meta property=\"og:title\" content=\"Halep\u2019te \u00e7at\u0131\u015fmalar \u015fiddetlendi: Can kay\u0131plar\u0131 var! - Darka Mazi\" \/>\n<meta property=\"og:description\" content=\"Halep\u2019in stratejik noktalar\u0131 ile Deyr Hafir ve Ti\u015frin Baraj\u0131 \u00e7evresinde askeri hareketlilik ve bombard\u0131manlar yo\u011funla\u015ft\u0131. \u015eam y\u00f6netimi bir askerinin hayat\u0131n\u0131 kaybetti\u011fini a\u00e7\u0131klarken; Halep\u2019in \u015eeyh Maksud mahallesinde d\u00fczenlenen sald\u0131r\u0131larda ikisi \u00e7ocuk olmak \u00fczere \u00e7ok say\u0131da sivil yaraland\u0131. Suriye resmi haber ajans\u0131 SANA\u2019n\u0131n Halep Medya Direkt\u00f6rl\u00fc\u011f\u00fc\u2019ne dayand\u0131rd\u0131\u011f\u0131 habere g\u00f6re, Demokratik Suriye G\u00fc\u00e7leri (DSG) Halep\u2019teki \u015eihan Kav\u015fa\u011f\u0131 yak\u0131nlar\u0131n\u0131 [&hellip;]\" \/>\n<meta property=\"og:url\" content=\"https:\/\/darkamazi.site\/archives\/1036112\" \/>\n<meta property=\"og:site_name\" content=\"Darka Mazi\" \/>\n<meta property=\"article:publisher\" content=\"https:\/\/www.facebook.com\/DarkaMaziturkce\" \/>\n<meta property=\"article:published_time\" content=\"2026-01-06T13:59:33+00:00\" \/>\n<meta property=\"article:modified_time\" content=\"2026-01-06T14:00:38+00:00\" \/>\n<meta property=\"og:image\" content=\"https:\/\/darkamazi.site\/file\/2026\/01\/HSD.jpg\" \/>\n\t<meta property=\"og:image:width\" content=\"900\" \/>\n\t<meta property=\"og:image:height\" content=\"497\" \/>\n\t<meta property=\"og:image:type\" content=\"image\/jpeg\" \/>\n<meta name=\"author\" content=\"darka mazi\" \/>\n<meta name=\"twitter:card\" content=\"summary_large_image\" \/>\n<meta name=\"twitter:creator\" content=\"@DarkaMaziTurkce\" \/>\n<meta name=\"twitter:site\" content=\"@DarkaMaziTurkce\" \/>\n<meta name=\"twitter:label1\" content=\"Written by\" \/>\n\t<meta name=\"twitter:data1\" content=\"darka mazi\" \/>\n\t<meta name=\"twitter:label2\" content=\"Est. reading time\" \/>\n\t<meta name=\"twitter:data2\" content=\"2 minutes\" \/>\n<script type=\"application\/ld+json\" class=\"seo-schema-graph\">{\"@context\":\"https:\\\/\\\/schema.org\",\"@graph\":[{\"@type\":\"NewsArticle\",\"@id\":\"https:\\\/\\\/darkamazi.site\\\/archives\\\/1036112#article\",\"isPartOf\":{\"@id\":\"https:\\\/\\\/darkamazi.site\\\/archives\\\/1036112\"},\"author\":{\"name\":\"darka mazi\",\"@id\":\"https:\\\/\\\/darkamazi.site\\\/#\\\/schema\\\/person\\\/67986a95ac546c16760365877ef4a9d3\"},\"headline\":\"Halep\u2019te \u00e7at\u0131\u015fmalar \u015fiddetlendi: Can kay\u0131plar\u0131 var!\",\"datePublished\":\"2026-01-06T13:59:33+00:00\",\"dateModified\":\"2026-01-06T14:00:38+00:00\",\"mainEntityOfPage\":{\"@id\":\"https:\\\/\\\/darkamazi.site\\\/archives\\\/1036112\"},\"wordCount\":613,\"publisher\":{\"@id\":\"https:\\\/\\\/darkamazi.site\\\/#organization\"},\"image\":{\"@id\":\"https:\\\/\\\/darkamazi.site\\\/archives\\\/1036112#primaryimage\"},\"thumbnailUrl\":\"https:\\\/\\\/darkamazi.site\\\/darka-content\\\/uploads\\\/2026\\\/01\\\/HSD.jpg\",\"keywords\":[\"\u00f6nemli\"],\"articleSection\":[\"Kurdistan\"],\"inLanguage\":\"en-US\"},{\"@type\":\"WebPage\",\"@id\":\"https:\\\/\\\/darkamazi.site\\\/archives\\\/1036112\",\"url\":\"https:\\\/\\\/darkamazi.site\\\/archives\\\/1036112\",\"name\":\"Halep\u2019te \u00e7at\u0131\u015fmalar \u015fiddetlendi: Can kay\u0131plar\u0131 var! - Darka Mazi\",\"isPartOf\":{\"@id\":\"https:\\\/\\\/darkamazi.site\\\/#website\"},\"primaryImageOfPage\":{\"@id\":\"https:\\\/\\\/darkamazi.site\\\/archives\\\/1036112#primaryimage\"},\"image\":{\"@id\":\"https:\\\/\\\/darkamazi.site\\\/archives\\\/1036112#primaryimage\"},\"thumbnailUrl\":\"https:\\\/\\\/darkamazi.site\\\/darka-content\\\/uploads\\\/2026\\\/01\\\/HSD.jpg\",\"datePublished\":\"2026-01-06T13:59:33+00:00\",\"dateModified\":\"2026-01-06T14:00:38+00:00\",\"breadcrumb\":{\"@id\":\"https:\\\/\\\/darkamazi.site\\\/archives\\\/1036112#breadcrumb\"},\"inLanguage\":\"en-US\",\"potentialAction\":[{\"@type\":\"ReadAction\",\"target\":[\"https:\\\/\\\/darkamazi.site\\\/archives\\\/1036112\"]}]},{\"@type\":\"ImageObject\",\"inLanguage\":\"en-US\",\"@id\":\"https:\\\/\\\/darkamazi.site\\\/archives\\\/1036112#primaryimage\",\"url\":\"https:\\\/\\\/darkamazi.site\\\/darka-content\\\/uploads\\\/2026\\\/01\\\/HSD.jpg\",\"contentUrl\":\"https:\\\/\\\/darkamazi.site\\\/darka-content\\\/uploads\\\/2026\\\/01\\\/HSD.jpg\",\"width\":900,\"height\":497,\"caption\":\"Halep\u2019te \u00e7at\u0131\u015fmalar \u015fiddetlendi: Can kay\u0131plar\u0131 var!\"},{\"@type\":\"BreadcrumbList\",\"@id\":\"https:\\\/\\\/darkamazi.site\\\/archives\\\/1036112#breadcrumb\",\"itemListElement\":[{\"@type\":\"ListItem\",\"position\":1,\"name\":\"Home\",\"item\":\"https:\\\/\\\/darkamazi.site\\\/\"},{\"@type\":\"ListItem\",\"position\":2,\"name\":\"Halep\u2019te \u00e7at\u0131\u015fmalar \u015fiddetlendi: Can kay\u0131plar\u0131 var!\"}]},{\"@type\":\"WebSite\",\"@id\":\"https:\\\/\\\/darkamazi.site\\\/#website\",\"url\":\"https:\\\/\\\/darkamazi.site\\\/\",\"name\":\"Darka Mazi\",\"description\":\"Ana Sayfa\",\"publisher\":{\"@id\":\"https:\\\/\\\/darkamazi.site\\\/#organization\"},\"potentialAction\":[{\"@type\":\"SearchAction\",\"target\":{\"@type\":\"EntryPoint\",\"urlTemplate\":\"https:\\\/\\\/darkamazi.site\\\/?s={search_term_string}\"},\"query-input\":{\"@type\":\"PropertyValueSpecification\",\"valueRequired\":true,\"valueName\":\"search_term_string\"}}],\"inLanguage\":\"en-US\"},{\"@type\":\"Organization\",\"@id\":\"https:\\\/\\\/darkamazi.site\\\/#organization\",\"name\":\"Darka Mazi T\u00fcrk\u00e7e\",\"alternateName\":\"Darka Mazi\",\"url\":\"https:\\\/\\\/darkamazi.site\\\/\",\"logo\":{\"@type\":\"ImageObject\",\"inLanguage\":\"en-US\",\"@id\":\"https:\\\/\\\/darkamazi.site\\\/#\\\/schema\\\/logo\\\/image\\\/\",\"url\":\"https:\\\/\\\/darkamazi.site\\\/darka-content\\\/uploads\\\/2017\\\/12\\\/darka-mazi-logo.png\",\"contentUrl\":\"https:\\\/\\\/darkamazi.site\\\/darka-content\\\/uploads\\\/2017\\\/12\\\/darka-mazi-logo.png\",\"width\":151,\"height\":75,\"caption\":\"Darka Mazi T\u00fcrk\u00e7e\"},\"image\":{\"@id\":\"https:\\\/\\\/darkamazi.site\\\/#\\\/schema\\\/logo\\\/image\\\/\"},\"sameAs\":[\"https:\\\/\\\/www.facebook.com\\\/DarkaMaziturkce\",\"https:\\\/\\\/x.com\\\/DarkaMaziTurkce\"]},{\"@type\":\"Person\",\"@id\":\"https:\\\/\\\/darkamazi.site\\\/#\\\/schema\\\/person\\\/67986a95ac546c16760365877ef4a9d3\",\"name\":\"darka mazi\",\"sameAs\":[\"https:\\\/\\\/darkamazi.site\"],\"url\":\"https:\\\/\\\/darkamazi.site\\\/archives\\\/author\\\/turkish\"}]}<\/script>\n<!-- \/ Yoast SEO plugin. -->","seo_head_json":{"title":"Halep\u2019te \u00e7at\u0131\u015fmalar \u015fiddetlendi: Can kay\u0131plar\u0131 var! - Darka Mazi","robots":{"index":"index","follow":"follow","max-snippet":"max-snippet:-1","max-image-preview":"max-image-preview:large","max-video-preview":"max-video-preview:-1"},"canonical":"https:\/\/darkamazi.site\/archives\/1036112","og_locale":"en_US","og_type":"article","og_title":"Halep\u2019te \u00e7at\u0131\u015fmalar \u015fiddetlendi: Can kay\u0131plar\u0131 var! - Darka Mazi","og_description":"Halep\u2019in stratejik noktalar\u0131 ile Deyr Hafir ve Ti\u015frin Baraj\u0131 \u00e7evresinde askeri hareketlilik ve bombard\u0131manlar yo\u011funla\u015ft\u0131. \u015eam y\u00f6netimi bir askerinin hayat\u0131n\u0131 kaybetti\u011fini a\u00e7\u0131klarken; Halep\u2019in \u015eeyh Maksud mahallesinde d\u00fczenlenen sald\u0131r\u0131larda ikisi \u00e7ocuk olmak \u00fczere \u00e7ok say\u0131da sivil yaraland\u0131. Suriye resmi haber ajans\u0131 SANA\u2019n\u0131n Halep Medya Direkt\u00f6rl\u00fc\u011f\u00fc\u2019ne dayand\u0131rd\u0131\u011f\u0131 habere g\u00f6re, Demokratik Suriye G\u00fc\u00e7leri (DSG) Halep\u2019teki \u015eihan Kav\u015fa\u011f\u0131 yak\u0131nlar\u0131n\u0131 [&hellip;]","og_url":"https:\/\/darkamazi.site\/archives\/1036112","og_site_name":"Darka Mazi","article_publisher":"https:\/\/www.facebook.com\/DarkaMaziturkce","article_published_time":"2026-01-06T13:59:33+00:00","article_modified_time":"2026-01-06T14:00:38+00:00","og_image":[{"width":900,"height":497,"url":"https:\/\/darkamazi.site\/file\/2026\/01\/HSD.jpg","type":"image\/jpeg"}],"author":"darka mazi","twitter_card":"summary_large_image","twitter_creator":"@DarkaMaziTurkce","twitter_site":"@DarkaMaziTurkce","twitter_misc":{"Written by":"darka mazi","Est. reading time":"2 minutes"},"schema":{"@context":"https:\/\/schema.org","@graph":[{"@type":"NewsArticle","@id":"https:\/\/darkamazi.site\/archives\/1036112#article","isPartOf":{"@id":"https:\/\/darkamazi.site\/archives\/1036112"},"author":{"name":"darka mazi","@id":"https:\/\/darkamazi.site\/#\/schema\/person\/67986a95ac546c16760365877ef4a9d3"},"headline":"Halep\u2019te \u00e7at\u0131\u015fmalar \u015fiddetlendi: Can kay\u0131plar\u0131 var!","datePublished":"2026-01-06T13:59:33+00:00","dateModified":"2026-01-06T14:00:38+00:00","mainEntityOfPage":{"@id":"https:\/\/darkamazi.site\/archives\/1036112"},"wordCount":613,"publisher":{"@id":"https:\/\/darkamazi.site\/#organization"},"image":{"@id":"https:\/\/darkamazi.site\/archives\/1036112#primaryimage"},"thumbnailUrl":"https:\/\/darkamazi.site\/file\/2026\/01\/HSD.jpg","keywords":["\u00f6nemli"],"articleSection":["Kurdistan"],"inLanguage":"en-US"},{"@type":"WebPage","@id":"https:\/\/darkamazi.site\/archives\/1036112","url":"https:\/\/darkamazi.site\/archives\/1036112","name":"Halep\u2019te \u00e7at\u0131\u015fmalar \u015fiddetlendi: Can kay\u0131plar\u0131 var! - Darka Mazi","isPartOf":{"@id":"https:\/\/darkamazi.site\/#website"},"primaryImageOfPage":{"@id":"https:\/\/darkamazi.site\/archives\/1036112#primaryimage"},"image":{"@id":"https:\/\/darkamazi.site\/archives\/1036112#primaryimage"},"thumbnailUrl":"https:\/\/darkamazi.site\/file\/2026\/01\/HSD.jpg","datePublished":"2026-01-06T13:59:33+00:00","dateModified":"2026-01-06T14:00:38+00:00","breadcrumb":{"@id":"https:\/\/darkamazi.site\/archives\/1036112#breadcrumb"},"inLanguage":"en-US","potentialAction":[{"@type":"ReadAction","target":["https:\/\/darkamazi.site\/archives\/1036112"]}]},{"@type":"ImageObject","inLanguage":"en-US","@id":"https:\/\/darkamazi.site\/archives\/1036112#primaryimage","url":"https:\/\/darkamazi.site\/file\/2026\/01\/HSD.jpg","contentUrl":"https:\/\/darkamazi.site\/file\/2026\/01\/HSD.jpg","width":900,"height":497,"caption":"Halep\u2019te \u00e7at\u0131\u015fmalar \u015fiddetlendi: Can kay\u0131plar\u0131 var!"},{"@type":"BreadcrumbList","@id":"https:\/\/darkamazi.site\/archives\/1036112#breadcrumb","itemListElement":[{"@type":"ListItem","position":1,"name":"Home","item":"https:\/\/darkamazi.site\/"},{"@type":"ListItem","position":2,"name":"Halep\u2019te \u00e7at\u0131\u015fmalar \u015fiddetlendi: Can kay\u0131plar\u0131 var!"}]},{"@type":"WebSite","@id":"https:\/\/darkamazi.site\/#website","url":"https:\/\/darkamazi.site\/","name":"Darka Mazi","description":"Ana Sayfa","publisher":{"@id":"https:\/\/darkamazi.site\/#organization"},"potentialAction":[{"@type":"SearchAction","target":{"@type":"EntryPoint","urlTemplate":"https:\/\/darkamazi.site\/?s={search_term_string}"},"query-input":{"@type":"PropertyValueSpecification","valueRequired":true,"valueName":"search_term_string"}}],"inLanguage":"en-US"},{"@type":"Organization","@id":"https:\/\/darkamazi.site\/#organization","name":"Darka Mazi T\u00fcrk\u00e7e","alternateName":"Darka Mazi","url":"https:\/\/darkamazi.site\/","logo":{"@type":"ImageObject","inLanguage":"en-US","@id":"https:\/\/darkamazi.site\/#\/schema\/logo\/image\/","url":"https:\/\/darkamazi.site\/file\/2017\/12\/darka-mazi-logo.png","contentUrl":"https:\/\/darkamazi.site\/file\/2017\/12\/darka-mazi-logo.png","width":151,"height":75,"caption":"Darka Mazi T\u00fcrk\u00e7e"},"image":{"@id":"https:\/\/darkamazi.site\/#\/schema\/logo\/image\/"},"sameAs":["https:\/\/www.facebook.com\/DarkaMaziturkce","https:\/\/x.com\/DarkaMaziTurkce"]},{"@type":"Person","@id":"https:\/\/darkamazi.site\/#\/schema\/person\/67986a95ac546c16760365877ef4a9d3","name":"darka mazi","sameAs":["https:\/\/darkamazi.site"],"url":"https:\/\/darkamazi.site\/archives\/author\/turkish"}]}},"_links":{"self":[{"href":"https:\/\/darkamazi.site\/funavuv\/wp\/v2\/posts\/1036112","targetHints":{"allow":["GET"]}}],"collection":[{"href":"https:\/\/darkamazi.site\/funavuv\/wp\/v2\/posts"}],"about":[{"href":"https:\/\/darkamazi.site\/funavuv\/wp\/v2\/types\/post"}],"author":[{"embeddable":true,"href":"https:\/\/darkamazi.site\/funavuv\/wp\/v2\/users\/2"}],"replies":[{"embeddable":true,"href":"https:\/\/darkamazi.site\/funavuv\/wp\/v2\/comments?post=1036112"}],"version-history":[{"count":0,"href":"https:\/\/darkamazi.site\/funavuv\/wp\/v2\/posts\/1036112\/revisions"}],"wp:featuredmedia":[{"embeddable":true,"href":"https:\/\/darkamazi.site\/funavuv\/wp\/v2\/media\/1036113"}],"wp:attachment":[{"href":"https:\/\/darkamazi.site\/funavuv\/wp\/v2\/media?parent=1036112"}],"wp:term":[{"taxonomy":"category","embeddable":true,"href":"https:\/\/darkamazi.site\/funavuv\/wp\/v2\/categories?post=1036112"},{"taxonomy":"post_tag","embeddable":true,"href":"https:\/\/darkamazi.site\/funavuv\/wp\/v2\/tags?post=1036112"}],"curies":[{"name":"wp","href":"https:\/\/api.w.org\/{rel}","templated":true}]}}