{"id":1036119,"date":"2026-01-07T17:28:04","date_gmt":"2026-01-07T14:28:04","guid":{"rendered":"https:\/\/darkamazi.site\/?p=1036119"},"modified":"2026-01-07T17:28:04","modified_gmt":"2026-01-07T14:28:04","slug":"kurt-meselesi-bir-ic-isgal-rejiminin-anatomisi","status":"publish","type":"post","link":"https:\/\/darkamazi.site\/archives\/1036119","title":{"rendered":"K\u00fcrt Meselesi: Bir \u0130\u00e7 \u0130\u015fgal Rejiminin Anatomisi"},"content":{"rendered":"<p style=\"text-align: justify\">\n<div>Emperyalizm \u00e7o\u011fu zaman k\u00fcresel g\u00fc\u00e7lerin deniza\u015f\u0131r\u0131 yay\u0131lmac\u0131l\u0131\u011f\u0131yla tan\u0131mlansa da, siyasal teori ve tarihsel deneyim, bir halk a\u00e7\u0131s\u0131ndan en y\u0131k\u0131c\u0131 emperyalizm bi\u00e7iminin kendi vatan\u0131nda kurulan i\u00e7 i\u015fgal rejimleri oldu\u011funu g\u00f6stermektedir. Bir halk i\u00e7in en b\u00fcy\u00fck emperyalist, onun topra\u011f\u0131n\u0131 fiilen i\u015fgal eden, dilini yasaklayan, kimli\u011fini ink\u00e2r eden ve tarihsel varl\u0131\u011f\u0131n\u0131 ortadan kald\u0131rmay\u0131 hedefleyen devlettir. K\u00fcrt milleti a\u00e7\u0131s\u0131ndan bu tan\u0131m\u0131n kar\u015f\u0131l\u0131\u011f\u0131, T\u00fcrkiye Cumhuriyeti&#8217;nin kurulu\u015fundan itibaren K\u00fcrdistan co\u011frafyas\u0131nda tesis etti\u011fi siyasal ve ideolojik d\u00fczendir.<\/div>\n<div><\/div>\n<div>T\u00fcrkiye Cumhuriyeti&#8217;nin K\u00fcrdistan&#8217;daki egemenli\u011fi, e\u015fit yurtta\u015fl\u0131\u011fa dayal\u0131 bir siyasal birliktelik ya da g\u00f6n\u00fcll\u00fc bir ulusla\u015fma s\u00fcrecinin \u00fcr\u00fcn\u00fc de\u011fildir. Bu egemenlik, askeri fetih, zorla merkezile\u015ftirme ve sistematik asimilasyon politikalar\u0131yla kurulmu\u015f bir i\u00e7 kolonyal y\u00f6netim bi\u00e7imidir. Cumhuriyetin erken d\u00f6neminden itibaren uygulamaya konulan iskan kanunlar\u0131, zorunlu g\u00f6\u00e7ler, toplu katliamlar, dil yasaklar\u0131 ve k\u00fclt\u00fcrel bast\u0131rma politikalar\u0131, K\u00fcrt milletini siyasal bir \u00f6zne olmaktan \u00e7\u0131kararak onu T\u00fcrkle\u015ftirilmi\u015f bir n\u00fcfus kategorisine indirgemeyi hedeflemi\u015ftir.<\/div>\n<div><\/div>\n<div>Bu rejimin ay\u0131rt edici y\u00f6n\u00fc, bask\u0131n\u0131n ge\u00e7ici veya konjonkt\u00fcrel olmamas\u0131, aksine kurumsalla\u015fm\u0131\u015f ve s\u00fcreklilik kazanm\u0131\u015f olmas\u0131d\u0131r. K\u00fcrt dili, yaln\u0131zca kamusal alandan de\u011fil; e\u011fitim sisteminin tamam\u0131ndan bilin\u00e7li ve sistematik bi\u00e7imde tasfiye edilmi\u015ftir. Y\u00fcz y\u0131l\u0131 a\u015fk\u0131n bir s\u00fcre boyunca K\u00fcrt milletinin ana dilinde tek bir kamusal ilkokulun dahi a\u00e7\u0131lmam\u0131\u015f olmas\u0131, g\u00fcvenlik kayg\u0131lar\u0131yla ya da devlet kapasitesinin yetersizli\u011fiyle a\u00e7\u0131klanabilecek bir durum de\u011fildir. Bu tablo, dilsel imhay\u0131 hedefleyen bilin\u00e7li bir devlet politikas\u0131na i\u015faret etmektedir.<\/div>\n<div><\/div>\n<div>Kemalist rejimin K\u00fcrtler \u00fczerindeki uygulamalar\u0131, yaln\u0131zca siyasal bask\u0131 veya isyan bast\u0131rma \u00e7er\u00e7evesinde de\u011ferlendirilemez. Burada s\u00f6z konusu olan, K\u00fcrtlerin K\u00fcrt olmaktan \u00e7\u0131kar\u0131lmas\u0131n\u0131 hedefleyen b\u00fct\u00fcnl\u00fckl\u00fc bir ulus-imha stratejisidir. Kimli\u011fin ink\u00e2r\u0131, dilin yasaklanmas\u0131 ve tarihsel haf\u0131zan\u0131n silinmesi, &#8220;medeniyet&#8221;, &#8220;\u00e7a\u011fda\u015fla\u015fma&#8221; ve &#8220;ulus in\u015fas\u0131&#8221; gibi kavramlarla me\u015frula\u015ft\u0131r\u0131lm\u0131\u015f; bu s\u00f6ylemler arac\u0131l\u0131\u011f\u0131yla k\u00fclt\u00fcrel yok olu\u015f ilerleme olarak sunulmu\u015ftur. Bu y\u00f6n\u00fcyle Kemalizm, bask\u0131y\u0131 yaln\u0131zca uygulayan de\u011fil, onu ideolojik olarak normalle\u015ftiren bir yap\u0131 olarak i\u015flev g\u00f6rm\u00fc\u015ft\u00fcr.<\/div>\n<div>Tarihsel kar\u015f\u0131la\u015ft\u0131rma a\u00e7\u0131s\u0131ndan bak\u0131ld\u0131\u011f\u0131nda, bu i\u00e7 kolonyal modelin \u00f6zg\u00fcnl\u00fc\u011f\u00fc daha da belirginle\u015fmektedir. Nazi Almanyas\u0131, yay\u0131lmac\u0131 ve soyk\u0131r\u0131mc\u0131 bir i\u015fgal g\u00fcc\u00fcyd\u00fc; ancak i\u015fgal etti\u011fi \u00fclkelerde dahi, i\u015fgal edilen halklara y\u00f6nelik olarak ana dilin kamusal e\u011fitimden mutlak ve s\u00fcreklilik arz eden bi\u00e7imde silinmesi, anayasal d\u00fczeyde kurumsalla\u015ft\u0131r\u0131lm\u0131\u015f bir devlet doktrini h\u00e2line getirilmemi\u015ftir. Kemalist rejim ise K\u00fcrtler s\u00f6z konusu oldu\u011funda, fiziksel \u015fiddeti k\u00fclt\u00fcrel ve dilsel yok olu\u015fla tamamlayan, uzun erimli ve sistematik bir imha modeli geli\u015ftirmi\u015ftir. Bu durum, Kemalist i\u00e7 kolonyalizmi klasik emperyal y\u00f6netim bi\u00e7imlerinden ay\u0131ran temel unsurlardan biridir.<\/div>\n<div><\/div>\n<div>Bu tarihsel ger\u00e7eklik, K\u00fcrt siyasetinin temel \u00e7eli\u015fkisini de a\u00e7\u0131k bi\u00e7imde ortaya koymaktad\u0131r. K\u00fcrt meselesi, \u00f6ncelikle soyut bir emperyalizm tart\u0131\u015fmas\u0131 de\u011fil; somut bir i\u015fgal ve ink\u00e2r meselesidir. K\u00fcrt milletinin vatan\u0131n\u0131 i\u015fgal eden, dilini yasaklayan ve kimli\u011fini yok sayan devletle y\u00fczle\u015fmeden; ABD, NATO ya da k\u00fcresel g\u00fc\u00e7 dengeleri \u00fczerinden kurulan her siyasal s\u00f6ylem, meseleyi \u00f6z\u00fcnden uzakla\u015ft\u0131r\u0131r. En b\u00fcy\u00fck emperyal g\u00fcc\u00fc g\u00f6r\u00fcnmez k\u0131lan her analiz, fark\u0131nda olsun ya da olmas\u0131n, i\u00e7 i\u015fgal rejiminin ideolojik yeniden \u00fcretimine hizmet eder.<\/div>\n<div><\/div>\n<div>Bu ba\u011flamda g\u00fcncel K\u00fcrt siyasetinde \u00f6ne \u00e7\u0131kan &#8220;denge&#8221;, &#8220;normalle\u015fme&#8221; ve &#8220;makul akt\u00f6r&#8221; s\u00f6ylemleri, tarihsel olarak sorunlu bir y\u00f6nelime i\u015faret etmektedir. \u0130\u015fgalci devlete g\u00fcven verme, onun &#8220;devlet akl\u0131na&#8221; hitap etme ya da emperyal merkezlere istikrar taahh\u00fcd\u00fc sunma \u00e7abalar\u0131, K\u00fcrt meselesini bir \u00f6zg\u00fcrl\u00fck ve s\u00f6m\u00fcrgecilik sorunu olmaktan \u00e7\u0131kar\u0131p pazarl\u0131k nesnesine indirgemektedir. Bu yakla\u015f\u0131m siyasal realizm olarak sunulsa da, \u00f6z\u00fcnde i\u00e7 kolonyal d\u00fczenle uyum aray\u0131\u015f\u0131ndan ba\u015fka bir anlam ta\u015f\u0131mamaktad\u0131r.<\/div>\n<div>K\u00fcrt milletinin tarihsel deneyimi, \u00f6zg\u00fcrl\u00fc\u011f\u00fcn i\u015fgalci g\u00fc\u00e7le uzla\u015farak de\u011fil, onunla a\u00e7\u0131k ve net bir siyasal kopu\u015f geli\u015ftirerek m\u00fcmk\u00fcn oldu\u011funu g\u00f6stermektedir. K\u00fcrdistan&#8217;da kurulan i\u00e7 i\u015fgal rejimini adland\u0131rmadan, onun emperyal ve kolonyal niteli\u011fini te\u015fhir etmeden geli\u015ftirilen her siyasal hat, teorik olarak eksik ve siyasal olarak sakat kalmaya mahk\u00fbmdur. Kemalizmi ve T\u00fcrkiye Cumhuriyeti&#8217;ni K\u00fcrtler a\u00e7\u0131s\u0131ndan temel emperyal yap\u0131 olarak tan\u0131mlamayan her yakla\u015f\u0131m, ka\u00e7\u0131n\u0131lmaz bi\u00e7imde ink\u00e2r d\u00fczeninin s\u0131n\u0131rlar\u0131 i\u00e7inde dola\u015f\u0131r.<\/div>\n<div><\/div>\n<div>Bu nedenle K\u00fcrt meselesi, bir &#8220;uyum&#8221;, &#8220;entegrasyon&#8221; ya da &#8220;reform&#8221; sorunu de\u011fil; i\u00e7 i\u015fgal rejimi alt\u0131nda var olma m\u00fccadelesidir. K\u00fcrt milletinin dili, kimli\u011fi ve tarihsel haf\u0131zas\u0131 hedef al\u0131narak in\u015fa edilmi\u015f bu yap\u0131yla hesapla\u015fmadan, \u00f6zg\u00fcrl\u00fck iddias\u0131 ta\u015f\u0131yan bir siyaset hatt\u0131 kurmak m\u00fcmk\u00fcn de\u011fildir. Emperyalizmle m\u00fccadele, en \u00f6nce kendi vatan\u0131n\u0131 i\u015fgal eden emperyal g\u00fcc\u00fc te\u015fhis etmeyi ve ona kar\u015f\u0131 tavizsiz bir siyasal duru\u015f geli\u015ftirmeyi gerektirir. Bunun d\u0131\u015f\u0131ndaki her tutum, hangi kavramlarla s\u00fcslenirse s\u00fcslensin, i\u00e7 i\u015fgal rejiminin devaml\u0131l\u0131\u011f\u0131na hizmet eder.<\/div>\n","protected":false},"excerpt":{"rendered":"<p>Emperyalizm \u00e7o\u011fu zaman k\u00fcresel g\u00fc\u00e7lerin deniza\u015f\u0131r\u0131 yay\u0131lmac\u0131l\u0131\u011f\u0131yla tan\u0131mlansa da, siyasal teori ve tarihsel deneyim, bir halk a\u00e7\u0131s\u0131ndan en y\u0131k\u0131c\u0131 emperyalizm bi\u00e7iminin kendi vatan\u0131nda kurulan i\u00e7 i\u015fgal rejimleri oldu\u011funu g\u00f6stermektedir. Bir halk i\u00e7in en b\u00fcy\u00fck emperyalist, onun topra\u011f\u0131n\u0131 fiilen i\u015fgal eden, dilini yasaklayan, kimli\u011fini ink\u00e2r eden ve tarihsel varl\u0131\u011f\u0131n\u0131 ortadan kald\u0131rmay\u0131 hedefleyen devlettir. K\u00fcrt milleti a\u00e7\u0131s\u0131ndan [&hellip;]<\/p>\n","protected":false},"author":2,"featured_media":1035881,"comment_status":"closed","ping_status":"closed","sticky":false,"template":"","format":"standard","meta":{"footnotes":""},"categories":[26],"tags":[31],"class_list":["post-1036119","post","type-post","status-publish","format-standard","has-post-thumbnail","hentry","category-forum","tag-onemli"],"blocksy_meta":[],"seo_head":"<!-- This site is optimized with the Yoast SEO plugin v27.5 - https:\/\/yoast.com\/product\/yoast-seo-wordpress\/ -->\n<title>K\u00fcrt Meselesi: Bir \u0130\u00e7 \u0130\u015fgal Rejiminin Anatomisi - Darka Mazi<\/title>\n<meta name=\"robots\" content=\"index, follow, max-snippet:-1, max-image-preview:large, max-video-preview:-1\" \/>\n<link rel=\"canonical\" href=\"https:\/\/darkamazi.site\/archives\/1036119\" \/>\n<meta property=\"og:locale\" content=\"en_US\" \/>\n<meta property=\"og:type\" content=\"article\" \/>\n<meta property=\"og:title\" content=\"K\u00fcrt Meselesi: Bir \u0130\u00e7 \u0130\u015fgal Rejiminin Anatomisi - Darka Mazi\" \/>\n<meta property=\"og:description\" content=\"Emperyalizm \u00e7o\u011fu zaman k\u00fcresel g\u00fc\u00e7lerin deniza\u015f\u0131r\u0131 yay\u0131lmac\u0131l\u0131\u011f\u0131yla tan\u0131mlansa da, siyasal teori ve tarihsel deneyim, bir halk a\u00e7\u0131s\u0131ndan en y\u0131k\u0131c\u0131 emperyalizm bi\u00e7iminin kendi vatan\u0131nda kurulan i\u00e7 i\u015fgal rejimleri oldu\u011funu g\u00f6stermektedir. Bir halk i\u00e7in en b\u00fcy\u00fck emperyalist, onun topra\u011f\u0131n\u0131 fiilen i\u015fgal eden, dilini yasaklayan, kimli\u011fini ink\u00e2r eden ve tarihsel varl\u0131\u011f\u0131n\u0131 ortadan kald\u0131rmay\u0131 hedefleyen devlettir. K\u00fcrt milleti a\u00e7\u0131s\u0131ndan [&hellip;]\" \/>\n<meta property=\"og:url\" content=\"https:\/\/darkamazi.site\/archives\/1036119\" \/>\n<meta property=\"og:site_name\" content=\"Darka Mazi\" \/>\n<meta property=\"article:publisher\" content=\"https:\/\/www.facebook.com\/DarkaMaziturkce\" \/>\n<meta property=\"article:published_time\" content=\"2026-01-07T14:28:04+00:00\" \/>\n<meta property=\"og:image\" content=\"https:\/\/darkamazi.site\/file\/2025\/12\/Husamettinpsd.jpg\" \/>\n\t<meta property=\"og:image:width\" content=\"900\" \/>\n\t<meta property=\"og:image:height\" content=\"497\" \/>\n\t<meta property=\"og:image:type\" content=\"image\/jpeg\" \/>\n<meta name=\"author\" content=\"darka mazi\" \/>\n<meta name=\"twitter:card\" content=\"summary_large_image\" \/>\n<meta name=\"twitter:creator\" content=\"@DarkaMaziTurkce\" \/>\n<meta name=\"twitter:site\" content=\"@DarkaMaziTurkce\" \/>\n<meta name=\"twitter:label1\" content=\"Written by\" \/>\n\t<meta name=\"twitter:data1\" content=\"darka mazi\" \/>\n\t<meta name=\"twitter:label2\" content=\"Est. reading time\" \/>\n\t<meta name=\"twitter:data2\" content=\"4 minutes\" \/>\n<script type=\"application\/ld+json\" class=\"seo-schema-graph\">{\"@context\":\"https:\\\/\\\/schema.org\",\"@graph\":[{\"@type\":\"NewsArticle\",\"@id\":\"https:\\\/\\\/darkamazi.site\\\/archives\\\/1036119#article\",\"isPartOf\":{\"@id\":\"https:\\\/\\\/darkamazi.site\\\/archives\\\/1036119\"},\"author\":{\"name\":\"darka mazi\",\"@id\":\"https:\\\/\\\/darkamazi.site\\\/#\\\/schema\\\/person\\\/67986a95ac546c16760365877ef4a9d3\"},\"headline\":\"K\u00fcrt Meselesi: Bir \u0130\u00e7 \u0130\u015fgal Rejiminin Anatomisi\",\"datePublished\":\"2026-01-07T14:28:04+00:00\",\"mainEntityOfPage\":{\"@id\":\"https:\\\/\\\/darkamazi.site\\\/archives\\\/1036119\"},\"wordCount\":955,\"publisher\":{\"@id\":\"https:\\\/\\\/darkamazi.site\\\/#organization\"},\"image\":{\"@id\":\"https:\\\/\\\/darkamazi.site\\\/archives\\\/1036119#primaryimage\"},\"thumbnailUrl\":\"https:\\\/\\\/darkamazi.site\\\/darka-content\\\/uploads\\\/2025\\\/12\\\/Husamettinpsd.jpg\",\"keywords\":[\"\u00f6nemli\"],\"articleSection\":[\"Forum\"],\"inLanguage\":\"en-US\"},{\"@type\":\"WebPage\",\"@id\":\"https:\\\/\\\/darkamazi.site\\\/archives\\\/1036119\",\"url\":\"https:\\\/\\\/darkamazi.site\\\/archives\\\/1036119\",\"name\":\"K\u00fcrt Meselesi: Bir \u0130\u00e7 \u0130\u015fgal Rejiminin Anatomisi - Darka Mazi\",\"isPartOf\":{\"@id\":\"https:\\\/\\\/darkamazi.site\\\/#website\"},\"primaryImageOfPage\":{\"@id\":\"https:\\\/\\\/darkamazi.site\\\/archives\\\/1036119#primaryimage\"},\"image\":{\"@id\":\"https:\\\/\\\/darkamazi.site\\\/archives\\\/1036119#primaryimage\"},\"thumbnailUrl\":\"https:\\\/\\\/darkamazi.site\\\/darka-content\\\/uploads\\\/2025\\\/12\\\/Husamettinpsd.jpg\",\"datePublished\":\"2026-01-07T14:28:04+00:00\",\"breadcrumb\":{\"@id\":\"https:\\\/\\\/darkamazi.site\\\/archives\\\/1036119#breadcrumb\"},\"inLanguage\":\"en-US\",\"potentialAction\":[{\"@type\":\"ReadAction\",\"target\":[\"https:\\\/\\\/darkamazi.site\\\/archives\\\/1036119\"]}]},{\"@type\":\"ImageObject\",\"inLanguage\":\"en-US\",\"@id\":\"https:\\\/\\\/darkamazi.site\\\/archives\\\/1036119#primaryimage\",\"url\":\"https:\\\/\\\/darkamazi.site\\\/darka-content\\\/uploads\\\/2025\\\/12\\\/Husamettinpsd.jpg\",\"contentUrl\":\"https:\\\/\\\/darkamazi.site\\\/darka-content\\\/uploads\\\/2025\\\/12\\\/Husamettinpsd.jpg\",\"width\":900,\"height\":497,\"caption\":\"K\u00fcrt Meselesi: Bir \u0130\u00e7 \u0130\u015fgal Rejiminin Anatomisi\"},{\"@type\":\"BreadcrumbList\",\"@id\":\"https:\\\/\\\/darkamazi.site\\\/archives\\\/1036119#breadcrumb\",\"itemListElement\":[{\"@type\":\"ListItem\",\"position\":1,\"name\":\"Home\",\"item\":\"https:\\\/\\\/darkamazi.site\\\/\"},{\"@type\":\"ListItem\",\"position\":2,\"name\":\"K\u00fcrt Meselesi: Bir \u0130\u00e7 \u0130\u015fgal Rejiminin Anatomisi\"}]},{\"@type\":\"WebSite\",\"@id\":\"https:\\\/\\\/darkamazi.site\\\/#website\",\"url\":\"https:\\\/\\\/darkamazi.site\\\/\",\"name\":\"Darka Mazi\",\"description\":\"Ana Sayfa\",\"publisher\":{\"@id\":\"https:\\\/\\\/darkamazi.site\\\/#organization\"},\"potentialAction\":[{\"@type\":\"SearchAction\",\"target\":{\"@type\":\"EntryPoint\",\"urlTemplate\":\"https:\\\/\\\/darkamazi.site\\\/?s={search_term_string}\"},\"query-input\":{\"@type\":\"PropertyValueSpecification\",\"valueRequired\":true,\"valueName\":\"search_term_string\"}}],\"inLanguage\":\"en-US\"},{\"@type\":\"Organization\",\"@id\":\"https:\\\/\\\/darkamazi.site\\\/#organization\",\"name\":\"Darka Mazi T\u00fcrk\u00e7e\",\"alternateName\":\"Darka Mazi\",\"url\":\"https:\\\/\\\/darkamazi.site\\\/\",\"logo\":{\"@type\":\"ImageObject\",\"inLanguage\":\"en-US\",\"@id\":\"https:\\\/\\\/darkamazi.site\\\/#\\\/schema\\\/logo\\\/image\\\/\",\"url\":\"https:\\\/\\\/darkamazi.site\\\/darka-content\\\/uploads\\\/2017\\\/12\\\/darka-mazi-logo.png\",\"contentUrl\":\"https:\\\/\\\/darkamazi.site\\\/darka-content\\\/uploads\\\/2017\\\/12\\\/darka-mazi-logo.png\",\"width\":151,\"height\":75,\"caption\":\"Darka Mazi T\u00fcrk\u00e7e\"},\"image\":{\"@id\":\"https:\\\/\\\/darkamazi.site\\\/#\\\/schema\\\/logo\\\/image\\\/\"},\"sameAs\":[\"https:\\\/\\\/www.facebook.com\\\/DarkaMaziturkce\",\"https:\\\/\\\/x.com\\\/DarkaMaziTurkce\"]},{\"@type\":\"Person\",\"@id\":\"https:\\\/\\\/darkamazi.site\\\/#\\\/schema\\\/person\\\/67986a95ac546c16760365877ef4a9d3\",\"name\":\"darka mazi\",\"sameAs\":[\"https:\\\/\\\/darkamazi.site\"],\"url\":\"https:\\\/\\\/darkamazi.site\\\/archives\\\/author\\\/turkish\"}]}<\/script>\n<!-- \/ Yoast SEO plugin. -->","seo_head_json":{"title":"K\u00fcrt Meselesi: Bir \u0130\u00e7 \u0130\u015fgal Rejiminin Anatomisi - Darka Mazi","robots":{"index":"index","follow":"follow","max-snippet":"max-snippet:-1","max-image-preview":"max-image-preview:large","max-video-preview":"max-video-preview:-1"},"canonical":"https:\/\/darkamazi.site\/archives\/1036119","og_locale":"en_US","og_type":"article","og_title":"K\u00fcrt Meselesi: Bir \u0130\u00e7 \u0130\u015fgal Rejiminin Anatomisi - Darka Mazi","og_description":"Emperyalizm \u00e7o\u011fu zaman k\u00fcresel g\u00fc\u00e7lerin deniza\u015f\u0131r\u0131 yay\u0131lmac\u0131l\u0131\u011f\u0131yla tan\u0131mlansa da, siyasal teori ve tarihsel deneyim, bir halk a\u00e7\u0131s\u0131ndan en y\u0131k\u0131c\u0131 emperyalizm bi\u00e7iminin kendi vatan\u0131nda kurulan i\u00e7 i\u015fgal rejimleri oldu\u011funu g\u00f6stermektedir. Bir halk i\u00e7in en b\u00fcy\u00fck emperyalist, onun topra\u011f\u0131n\u0131 fiilen i\u015fgal eden, dilini yasaklayan, kimli\u011fini ink\u00e2r eden ve tarihsel varl\u0131\u011f\u0131n\u0131 ortadan kald\u0131rmay\u0131 hedefleyen devlettir. K\u00fcrt milleti a\u00e7\u0131s\u0131ndan [&hellip;]","og_url":"https:\/\/darkamazi.site\/archives\/1036119","og_site_name":"Darka Mazi","article_publisher":"https:\/\/www.facebook.com\/DarkaMaziturkce","article_published_time":"2026-01-07T14:28:04+00:00","og_image":[{"width":900,"height":497,"url":"https:\/\/darkamazi.site\/file\/2025\/12\/Husamettinpsd.jpg","type":"image\/jpeg"}],"author":"darka mazi","twitter_card":"summary_large_image","twitter_creator":"@DarkaMaziTurkce","twitter_site":"@DarkaMaziTurkce","twitter_misc":{"Written by":"darka mazi","Est. reading time":"4 minutes"},"schema":{"@context":"https:\/\/schema.org","@graph":[{"@type":"NewsArticle","@id":"https:\/\/darkamazi.site\/archives\/1036119#article","isPartOf":{"@id":"https:\/\/darkamazi.site\/archives\/1036119"},"author":{"name":"darka mazi","@id":"https:\/\/darkamazi.site\/#\/schema\/person\/67986a95ac546c16760365877ef4a9d3"},"headline":"K\u00fcrt Meselesi: Bir \u0130\u00e7 \u0130\u015fgal Rejiminin Anatomisi","datePublished":"2026-01-07T14:28:04+00:00","mainEntityOfPage":{"@id":"https:\/\/darkamazi.site\/archives\/1036119"},"wordCount":955,"publisher":{"@id":"https:\/\/darkamazi.site\/#organization"},"image":{"@id":"https:\/\/darkamazi.site\/archives\/1036119#primaryimage"},"thumbnailUrl":"https:\/\/darkamazi.site\/file\/2025\/12\/Husamettinpsd.jpg","keywords":["\u00f6nemli"],"articleSection":["Forum"],"inLanguage":"en-US"},{"@type":"WebPage","@id":"https:\/\/darkamazi.site\/archives\/1036119","url":"https:\/\/darkamazi.site\/archives\/1036119","name":"K\u00fcrt Meselesi: Bir \u0130\u00e7 \u0130\u015fgal Rejiminin Anatomisi - Darka Mazi","isPartOf":{"@id":"https:\/\/darkamazi.site\/#website"},"primaryImageOfPage":{"@id":"https:\/\/darkamazi.site\/archives\/1036119#primaryimage"},"image":{"@id":"https:\/\/darkamazi.site\/archives\/1036119#primaryimage"},"thumbnailUrl":"https:\/\/darkamazi.site\/file\/2025\/12\/Husamettinpsd.jpg","datePublished":"2026-01-07T14:28:04+00:00","breadcrumb":{"@id":"https:\/\/darkamazi.site\/archives\/1036119#breadcrumb"},"inLanguage":"en-US","potentialAction":[{"@type":"ReadAction","target":["https:\/\/darkamazi.site\/archives\/1036119"]}]},{"@type":"ImageObject","inLanguage":"en-US","@id":"https:\/\/darkamazi.site\/archives\/1036119#primaryimage","url":"https:\/\/darkamazi.site\/file\/2025\/12\/Husamettinpsd.jpg","contentUrl":"https:\/\/darkamazi.site\/file\/2025\/12\/Husamettinpsd.jpg","width":900,"height":497,"caption":"K\u00fcrt Meselesi: Bir \u0130\u00e7 \u0130\u015fgal Rejiminin Anatomisi"},{"@type":"BreadcrumbList","@id":"https:\/\/darkamazi.site\/archives\/1036119#breadcrumb","itemListElement":[{"@type":"ListItem","position":1,"name":"Home","item":"https:\/\/darkamazi.site\/"},{"@type":"ListItem","position":2,"name":"K\u00fcrt Meselesi: Bir \u0130\u00e7 \u0130\u015fgal Rejiminin Anatomisi"}]},{"@type":"WebSite","@id":"https:\/\/darkamazi.site\/#website","url":"https:\/\/darkamazi.site\/","name":"Darka Mazi","description":"Ana Sayfa","publisher":{"@id":"https:\/\/darkamazi.site\/#organization"},"potentialAction":[{"@type":"SearchAction","target":{"@type":"EntryPoint","urlTemplate":"https:\/\/darkamazi.site\/?s={search_term_string}"},"query-input":{"@type":"PropertyValueSpecification","valueRequired":true,"valueName":"search_term_string"}}],"inLanguage":"en-US"},{"@type":"Organization","@id":"https:\/\/darkamazi.site\/#organization","name":"Darka Mazi T\u00fcrk\u00e7e","alternateName":"Darka Mazi","url":"https:\/\/darkamazi.site\/","logo":{"@type":"ImageObject","inLanguage":"en-US","@id":"https:\/\/darkamazi.site\/#\/schema\/logo\/image\/","url":"https:\/\/darkamazi.site\/file\/2017\/12\/darka-mazi-logo.png","contentUrl":"https:\/\/darkamazi.site\/file\/2017\/12\/darka-mazi-logo.png","width":151,"height":75,"caption":"Darka Mazi T\u00fcrk\u00e7e"},"image":{"@id":"https:\/\/darkamazi.site\/#\/schema\/logo\/image\/"},"sameAs":["https:\/\/www.facebook.com\/DarkaMaziturkce","https:\/\/x.com\/DarkaMaziTurkce"]},{"@type":"Person","@id":"https:\/\/darkamazi.site\/#\/schema\/person\/67986a95ac546c16760365877ef4a9d3","name":"darka mazi","sameAs":["https:\/\/darkamazi.site"],"url":"https:\/\/darkamazi.site\/archives\/author\/turkish"}]}},"_links":{"self":[{"href":"https:\/\/darkamazi.site\/funavuv\/wp\/v2\/posts\/1036119","targetHints":{"allow":["GET"]}}],"collection":[{"href":"https:\/\/darkamazi.site\/funavuv\/wp\/v2\/posts"}],"about":[{"href":"https:\/\/darkamazi.site\/funavuv\/wp\/v2\/types\/post"}],"author":[{"embeddable":true,"href":"https:\/\/darkamazi.site\/funavuv\/wp\/v2\/users\/2"}],"replies":[{"embeddable":true,"href":"https:\/\/darkamazi.site\/funavuv\/wp\/v2\/comments?post=1036119"}],"version-history":[{"count":0,"href":"https:\/\/darkamazi.site\/funavuv\/wp\/v2\/posts\/1036119\/revisions"}],"wp:featuredmedia":[{"embeddable":true,"href":"https:\/\/darkamazi.site\/funavuv\/wp\/v2\/media\/1035881"}],"wp:attachment":[{"href":"https:\/\/darkamazi.site\/funavuv\/wp\/v2\/media?parent=1036119"}],"wp:term":[{"taxonomy":"category","embeddable":true,"href":"https:\/\/darkamazi.site\/funavuv\/wp\/v2\/categories?post=1036119"},{"taxonomy":"post_tag","embeddable":true,"href":"https:\/\/darkamazi.site\/funavuv\/wp\/v2\/tags?post=1036119"}],"curies":[{"name":"wp","href":"https:\/\/api.w.org\/{rel}","templated":true}]}}