{"id":1036121,"date":"2026-01-07T22:41:01","date_gmt":"2026-01-07T19:41:01","guid":{"rendered":"https:\/\/darkamazi.site\/?p=1036121"},"modified":"2026-01-07T22:41:01","modified_gmt":"2026-01-07T19:41:01","slug":"baskan-barzani-halepte-kurtlere-karsi-etnik-temizlik-yapiliyor","status":"publish","type":"post","link":"https:\/\/darkamazi.site\/archives\/1036121","title":{"rendered":"Ba\u015fkan Barzani: Halep&#8217;te K\u00fcrtlere kar\u015f\u0131 etnik temizlik yap\u0131l\u0131yor"},"content":{"rendered":"<p style=\"text-align: justify\">\u00a0Ba\u015fkan Mesud Barzani, Halep\u2019teki \u00e7at\u0131\u015fmalara ili\u015fkin yapt\u0131\u011f\u0131 a\u00e7\u0131klamada, &#8220;Halep&#8217;te \u015fu anda mevcut olan tehlikeli durum, sava\u015f ve \u015fiddet b\u00fcy\u00fck bir endi\u015fe kayna\u011f\u0131d\u0131r, sivil halk\u0131n ve masum vatanda\u015flar\u0131n hayat\u0131 \u00fczerinde bir tehlike olu\u015fturmu\u015ftur B\u00f6lgede K\u00fcrtlere kar\u015f\u0131 bir etnik temizlik tehdidi bulunuyor\u201d ifadelerini kulland\u0131.<\/p>\n<p style=\"text-align: justify\">A\u00e7\u0131klamas\u0131nda Suriye makamlar\u0131na seslenen Ba\u015fkan Barzani, &#8220;Siyasi anla\u015fmazl\u0131klar\u0131n ulusal (etnik) bir \u00e7at\u0131\u015fmaya d\u00f6n\u00fc\u015ft\u00fcr\u00fclmesine izin vermeyin. K\u00fcrt vatanda\u015flar\u0131n ata topraklar\u0131ndan zorla s\u00fcr\u00fclmesini ve bask\u0131ya maruz kalmas\u0131n\u0131 engelleyin&#8221; ifadelerini kulland\u0131.<\/p>\n<p style=\"text-align: justify\"><strong>\u00a0<\/strong><span>Barzani ayn\u0131 zamanda Demokratik Suriye G\u00fc\u00e7leri\u2019ne (DSG) de \u00e7a\u011fr\u0131da bulunarak, kan d\u00f6k\u00fclmesini durdurmak ve \u00e7at\u0131\u015fmalar\u0131 sonland\u0131rmak i\u00e7in ellerinden geleni yapmalar\u0131n\u0131 istedi.<\/span><\/p>\n<p style=\"text-align: justify\">Ba\u015fkan Barzani a\u00e7\u0131klamas\u0131nda \u015fu ifadelere yer verdi:<\/p>\n<p style=\"text-align: justify\">&#8220;Rahman ve Rahim olan Allah\u2019\u0131n ad\u0131yla,<\/p>\n<p style=\"text-align: justify\">Suriye\u2019deki siyasi de\u011fi\u015fimler, Suriye\u2019deki K\u00fcrt halk\u0131n\u0131n me\u015fru haklar\u0131n\u0131n g\u00f6zetilmesi ve t\u00fcm sorunlar\u0131n \u00e7\u00f6z\u00fclmesi i\u00e7in uygun bir \u00e7\u00f6z\u00fcm yolu bulunmas\u0131 ad\u0131na iyi bir f\u0131rsatt\u0131. Bu ama\u00e7la t\u00fcm taraflarla; her t\u00fcrl\u00fc sorun ve anla\u015fmazl\u0131\u011f\u0131n diyalog ve bar\u0131\u015f\u00e7\u0131l y\u00f6ntemlerle \u00e7\u00f6z\u00fclmesi gerekti\u011fi y\u00f6n\u00fcnde b\u00fcy\u00fck \u00e7aba sarf ettik.<\/p>\n<p style=\"text-align: justify\">Ancak \u015fu anda Halep \u015fehrinde h\u00fck\u00fcm s\u00fcren tehlikeli durum, sava\u015f ve \u015fiddet b\u00fcy\u00fck bir endi\u015fe kayna\u011f\u0131d\u0131r; masum sivillerin hayat\u0131 \u00fczerinde tehdit olu\u015fturmakta ve b\u00f6lgedeki K\u00fcrtlere y\u00f6nelik bir etnik temizlik tehlikesi bar\u0131nd\u0131rmaktad\u0131r.<\/p>\n<p style=\"text-align: justify\">Suriye yetkililerinden, siyasi anla\u015fmazl\u0131klar\u0131n ulusal (etnik) bir \u00e7at\u0131\u015fmaya d\u00f6n\u00fc\u015ft\u00fcr\u00fclmemesini; Halep b\u00f6lgesindeki sorunlarda K\u00fcrt vatanda\u015flar\u0131n bask\u0131, \u015fiddet, ata topraklar\u0131ndan s\u00fcr\u00fclme ve etnik temizli\u011fe maruz kalmas\u0131na izin verilmemesini talep ediyorum.<\/p>\n<p style=\"text-align: justify\">Ayr\u0131ca K\u00fcrt taraflardan ve \u00f6zellikle DSG\u2019den, sava\u015f ve \u00e7at\u0131\u015fmalar\u0131n durdurulmas\u0131, daha fazla kan d\u00f6k\u00fclmesinin \u00f6nlenmesi i\u00e7in ellerinden geleni yapmalar\u0131n\u0131; her iki taraf\u0131n da sorunlar\u0131n \u00e7\u00f6z\u00fcm\u00fc i\u00e7in diyalog ve g\u00f6r\u00fc\u015fme yoluna ba\u015fvurmas\u0131n\u0131 istiyorum.<\/p>\n<p style=\"text-align: justify\">Siyasi anla\u015fmazl\u0131klar\u0131n sivil halk\u0131n hayat\u0131n\u0131 tehlikeye atmas\u0131na ve K\u00fcrt halk\u0131na kar\u015f\u0131 etnik temizli\u011fe yol a\u00e7mas\u0131na m\u00fcsaade edilemez; bu insanl\u0131\u011fa kar\u015f\u0131 bir su\u00e7tur ve \u00e7ok tehlikeli sonu\u00e7lar do\u011furacakt\u0131r.\u201d<\/p>\n","protected":false},"excerpt":{"rendered":"<p>\u00a0Ba\u015fkan Mesud Barzani, Halep\u2019teki \u00e7at\u0131\u015fmalara ili\u015fkin yapt\u0131\u011f\u0131 a\u00e7\u0131klamada, &#8220;Halep&#8217;te \u015fu anda mevcut olan tehlikeli durum, sava\u015f ve \u015fiddet b\u00fcy\u00fck bir endi\u015fe kayna\u011f\u0131d\u0131r, sivil halk\u0131n ve masum vatanda\u015flar\u0131n hayat\u0131 \u00fczerinde bir tehlike olu\u015fturmu\u015ftur B\u00f6lgede K\u00fcrtlere kar\u015f\u0131 bir etnik temizlik tehdidi bulunuyor\u201d ifadelerini kulland\u0131. A\u00e7\u0131klamas\u0131nda Suriye makamlar\u0131na seslenen Ba\u015fkan Barzani, &#8220;Siyasi anla\u015fmazl\u0131klar\u0131n ulusal (etnik) bir \u00e7at\u0131\u015fmaya d\u00f6n\u00fc\u015ft\u00fcr\u00fclmesine [&hellip;]<\/p>\n","protected":false},"author":2,"featured_media":1036122,"comment_status":"closed","ping_status":"closed","sticky":false,"template":"","format":"standard","meta":{"footnotes":""},"categories":[3],"tags":[31],"class_list":["post-1036121","post","type-post","status-publish","format-standard","has-post-thumbnail","hentry","category-kurdistan","tag-onemli"],"blocksy_meta":[],"seo_head":"<!-- This site is optimized with the Yoast SEO plugin v27.5 - https:\/\/yoast.com\/product\/yoast-seo-wordpress\/ -->\n<title>Ba\u015fkan Barzani: Halep&#039;te K\u00fcrtlere kar\u015f\u0131 etnik temizlik yap\u0131l\u0131yor - Darka Mazi<\/title>\n<meta name=\"robots\" content=\"index, follow, max-snippet:-1, max-image-preview:large, max-video-preview:-1\" \/>\n<link rel=\"canonical\" href=\"https:\/\/darkamazi.site\/archives\/1036121\" \/>\n<meta property=\"og:locale\" content=\"en_US\" \/>\n<meta property=\"og:type\" content=\"article\" \/>\n<meta property=\"og:title\" content=\"Ba\u015fkan Barzani: Halep&#039;te K\u00fcrtlere kar\u015f\u0131 etnik temizlik yap\u0131l\u0131yor - Darka Mazi\" \/>\n<meta property=\"og:description\" content=\"\u00a0Ba\u015fkan Mesud Barzani, Halep\u2019teki \u00e7at\u0131\u015fmalara ili\u015fkin yapt\u0131\u011f\u0131 a\u00e7\u0131klamada, &#8220;Halep&#8217;te \u015fu anda mevcut olan tehlikeli durum, sava\u015f ve \u015fiddet b\u00fcy\u00fck bir endi\u015fe kayna\u011f\u0131d\u0131r, sivil halk\u0131n ve masum vatanda\u015flar\u0131n hayat\u0131 \u00fczerinde bir tehlike olu\u015fturmu\u015ftur B\u00f6lgede K\u00fcrtlere kar\u015f\u0131 bir etnik temizlik tehdidi bulunuyor\u201d ifadelerini kulland\u0131. A\u00e7\u0131klamas\u0131nda Suriye makamlar\u0131na seslenen Ba\u015fkan Barzani, &#8220;Siyasi anla\u015fmazl\u0131klar\u0131n ulusal (etnik) bir \u00e7at\u0131\u015fmaya d\u00f6n\u00fc\u015ft\u00fcr\u00fclmesine [&hellip;]\" \/>\n<meta property=\"og:url\" content=\"https:\/\/darkamazi.site\/archives\/1036121\" \/>\n<meta property=\"og:site_name\" content=\"Darka Mazi\" \/>\n<meta property=\"article:publisher\" content=\"https:\/\/www.facebook.com\/DarkaMaziturkce\" \/>\n<meta property=\"article:published_time\" content=\"2026-01-07T19:41:01+00:00\" \/>\n<meta property=\"og:image\" content=\"https:\/\/darkamazi.site\/file\/2026\/01\/serok-barzani-yeni-photo.jpg\" \/>\n\t<meta property=\"og:image:width\" content=\"1562\" \/>\n\t<meta property=\"og:image:height\" content=\"878\" \/>\n\t<meta property=\"og:image:type\" content=\"image\/jpeg\" \/>\n<meta name=\"author\" content=\"darka mazi\" \/>\n<meta name=\"twitter:card\" content=\"summary_large_image\" \/>\n<meta name=\"twitter:creator\" content=\"@DarkaMaziTurkce\" \/>\n<meta name=\"twitter:site\" content=\"@DarkaMaziTurkce\" \/>\n<meta name=\"twitter:label1\" content=\"Written by\" \/>\n\t<meta name=\"twitter:data1\" content=\"darka mazi\" \/>\n\t<meta name=\"twitter:label2\" content=\"Est. reading time\" \/>\n\t<meta name=\"twitter:data2\" content=\"2 minutes\" \/>\n<script type=\"application\/ld+json\" class=\"seo-schema-graph\">{\"@context\":\"https:\\\/\\\/schema.org\",\"@graph\":[{\"@type\":\"NewsArticle\",\"@id\":\"https:\\\/\\\/darkamazi.site\\\/archives\\\/1036121#article\",\"isPartOf\":{\"@id\":\"https:\\\/\\\/darkamazi.site\\\/archives\\\/1036121\"},\"author\":{\"name\":\"darka mazi\",\"@id\":\"https:\\\/\\\/darkamazi.site\\\/#\\\/schema\\\/person\\\/67986a95ac546c16760365877ef4a9d3\"},\"headline\":\"Ba\u015fkan Barzani: Halep&#8217;te K\u00fcrtlere kar\u015f\u0131 etnik temizlik yap\u0131l\u0131yor\",\"datePublished\":\"2026-01-07T19:41:01+00:00\",\"mainEntityOfPage\":{\"@id\":\"https:\\\/\\\/darkamazi.site\\\/archives\\\/1036121\"},\"wordCount\":428,\"publisher\":{\"@id\":\"https:\\\/\\\/darkamazi.site\\\/#organization\"},\"image\":{\"@id\":\"https:\\\/\\\/darkamazi.site\\\/archives\\\/1036121#primaryimage\"},\"thumbnailUrl\":\"https:\\\/\\\/darkamazi.site\\\/darka-content\\\/uploads\\\/2026\\\/01\\\/serok-barzani-yeni-photo.jpg\",\"keywords\":[\"\u00f6nemli\"],\"articleSection\":[\"Kurdistan\"],\"inLanguage\":\"en-US\"},{\"@type\":\"WebPage\",\"@id\":\"https:\\\/\\\/darkamazi.site\\\/archives\\\/1036121\",\"url\":\"https:\\\/\\\/darkamazi.site\\\/archives\\\/1036121\",\"name\":\"Ba\u015fkan Barzani: Halep'te K\u00fcrtlere kar\u015f\u0131 etnik temizlik yap\u0131l\u0131yor - Darka Mazi\",\"isPartOf\":{\"@id\":\"https:\\\/\\\/darkamazi.site\\\/#website\"},\"primaryImageOfPage\":{\"@id\":\"https:\\\/\\\/darkamazi.site\\\/archives\\\/1036121#primaryimage\"},\"image\":{\"@id\":\"https:\\\/\\\/darkamazi.site\\\/archives\\\/1036121#primaryimage\"},\"thumbnailUrl\":\"https:\\\/\\\/darkamazi.site\\\/darka-content\\\/uploads\\\/2026\\\/01\\\/serok-barzani-yeni-photo.jpg\",\"datePublished\":\"2026-01-07T19:41:01+00:00\",\"breadcrumb\":{\"@id\":\"https:\\\/\\\/darkamazi.site\\\/archives\\\/1036121#breadcrumb\"},\"inLanguage\":\"en-US\",\"potentialAction\":[{\"@type\":\"ReadAction\",\"target\":[\"https:\\\/\\\/darkamazi.site\\\/archives\\\/1036121\"]}]},{\"@type\":\"ImageObject\",\"inLanguage\":\"en-US\",\"@id\":\"https:\\\/\\\/darkamazi.site\\\/archives\\\/1036121#primaryimage\",\"url\":\"https:\\\/\\\/darkamazi.site\\\/darka-content\\\/uploads\\\/2026\\\/01\\\/serok-barzani-yeni-photo.jpg\",\"contentUrl\":\"https:\\\/\\\/darkamazi.site\\\/darka-content\\\/uploads\\\/2026\\\/01\\\/serok-barzani-yeni-photo.jpg\",\"width\":1562,\"height\":878,\"caption\":\"Ba\u015fkan Barzani: Halep'te K\u00fcrtlere kar\u015f\u0131 etnik temizlik yap\u0131l\u0131yor\"},{\"@type\":\"BreadcrumbList\",\"@id\":\"https:\\\/\\\/darkamazi.site\\\/archives\\\/1036121#breadcrumb\",\"itemListElement\":[{\"@type\":\"ListItem\",\"position\":1,\"name\":\"Home\",\"item\":\"https:\\\/\\\/darkamazi.site\\\/\"},{\"@type\":\"ListItem\",\"position\":2,\"name\":\"Ba\u015fkan Barzani: Halep&#8217;te K\u00fcrtlere kar\u015f\u0131 etnik temizlik yap\u0131l\u0131yor\"}]},{\"@type\":\"WebSite\",\"@id\":\"https:\\\/\\\/darkamazi.site\\\/#website\",\"url\":\"https:\\\/\\\/darkamazi.site\\\/\",\"name\":\"Darka Mazi\",\"description\":\"Ana Sayfa\",\"publisher\":{\"@id\":\"https:\\\/\\\/darkamazi.site\\\/#organization\"},\"potentialAction\":[{\"@type\":\"SearchAction\",\"target\":{\"@type\":\"EntryPoint\",\"urlTemplate\":\"https:\\\/\\\/darkamazi.site\\\/?s={search_term_string}\"},\"query-input\":{\"@type\":\"PropertyValueSpecification\",\"valueRequired\":true,\"valueName\":\"search_term_string\"}}],\"inLanguage\":\"en-US\"},{\"@type\":\"Organization\",\"@id\":\"https:\\\/\\\/darkamazi.site\\\/#organization\",\"name\":\"Darka Mazi T\u00fcrk\u00e7e\",\"alternateName\":\"Darka Mazi\",\"url\":\"https:\\\/\\\/darkamazi.site\\\/\",\"logo\":{\"@type\":\"ImageObject\",\"inLanguage\":\"en-US\",\"@id\":\"https:\\\/\\\/darkamazi.site\\\/#\\\/schema\\\/logo\\\/image\\\/\",\"url\":\"https:\\\/\\\/darkamazi.site\\\/darka-content\\\/uploads\\\/2017\\\/12\\\/darka-mazi-logo.png\",\"contentUrl\":\"https:\\\/\\\/darkamazi.site\\\/darka-content\\\/uploads\\\/2017\\\/12\\\/darka-mazi-logo.png\",\"width\":151,\"height\":75,\"caption\":\"Darka Mazi T\u00fcrk\u00e7e\"},\"image\":{\"@id\":\"https:\\\/\\\/darkamazi.site\\\/#\\\/schema\\\/logo\\\/image\\\/\"},\"sameAs\":[\"https:\\\/\\\/www.facebook.com\\\/DarkaMaziturkce\",\"https:\\\/\\\/x.com\\\/DarkaMaziTurkce\"]},{\"@type\":\"Person\",\"@id\":\"https:\\\/\\\/darkamazi.site\\\/#\\\/schema\\\/person\\\/67986a95ac546c16760365877ef4a9d3\",\"name\":\"darka mazi\",\"sameAs\":[\"https:\\\/\\\/darkamazi.site\"],\"url\":\"https:\\\/\\\/darkamazi.site\\\/archives\\\/author\\\/turkish\"}]}<\/script>\n<!-- \/ Yoast SEO plugin. -->","seo_head_json":{"title":"Ba\u015fkan Barzani: Halep'te K\u00fcrtlere kar\u015f\u0131 etnik temizlik yap\u0131l\u0131yor - Darka Mazi","robots":{"index":"index","follow":"follow","max-snippet":"max-snippet:-1","max-image-preview":"max-image-preview:large","max-video-preview":"max-video-preview:-1"},"canonical":"https:\/\/darkamazi.site\/archives\/1036121","og_locale":"en_US","og_type":"article","og_title":"Ba\u015fkan Barzani: Halep'te K\u00fcrtlere kar\u015f\u0131 etnik temizlik yap\u0131l\u0131yor - Darka Mazi","og_description":"\u00a0Ba\u015fkan Mesud Barzani, Halep\u2019teki \u00e7at\u0131\u015fmalara ili\u015fkin yapt\u0131\u011f\u0131 a\u00e7\u0131klamada, &#8220;Halep&#8217;te \u015fu anda mevcut olan tehlikeli durum, sava\u015f ve \u015fiddet b\u00fcy\u00fck bir endi\u015fe kayna\u011f\u0131d\u0131r, sivil halk\u0131n ve masum vatanda\u015flar\u0131n hayat\u0131 \u00fczerinde bir tehlike olu\u015fturmu\u015ftur B\u00f6lgede K\u00fcrtlere kar\u015f\u0131 bir etnik temizlik tehdidi bulunuyor\u201d ifadelerini kulland\u0131. A\u00e7\u0131klamas\u0131nda Suriye makamlar\u0131na seslenen Ba\u015fkan Barzani, &#8220;Siyasi anla\u015fmazl\u0131klar\u0131n ulusal (etnik) bir \u00e7at\u0131\u015fmaya d\u00f6n\u00fc\u015ft\u00fcr\u00fclmesine [&hellip;]","og_url":"https:\/\/darkamazi.site\/archives\/1036121","og_site_name":"Darka Mazi","article_publisher":"https:\/\/www.facebook.com\/DarkaMaziturkce","article_published_time":"2026-01-07T19:41:01+00:00","og_image":[{"width":1562,"height":878,"url":"https:\/\/darkamazi.site\/file\/2026\/01\/serok-barzani-yeni-photo.jpg","type":"image\/jpeg"}],"author":"darka mazi","twitter_card":"summary_large_image","twitter_creator":"@DarkaMaziTurkce","twitter_site":"@DarkaMaziTurkce","twitter_misc":{"Written by":"darka mazi","Est. reading time":"2 minutes"},"schema":{"@context":"https:\/\/schema.org","@graph":[{"@type":"NewsArticle","@id":"https:\/\/darkamazi.site\/archives\/1036121#article","isPartOf":{"@id":"https:\/\/darkamazi.site\/archives\/1036121"},"author":{"name":"darka mazi","@id":"https:\/\/darkamazi.site\/#\/schema\/person\/67986a95ac546c16760365877ef4a9d3"},"headline":"Ba\u015fkan Barzani: Halep&#8217;te K\u00fcrtlere kar\u015f\u0131 etnik temizlik yap\u0131l\u0131yor","datePublished":"2026-01-07T19:41:01+00:00","mainEntityOfPage":{"@id":"https:\/\/darkamazi.site\/archives\/1036121"},"wordCount":428,"publisher":{"@id":"https:\/\/darkamazi.site\/#organization"},"image":{"@id":"https:\/\/darkamazi.site\/archives\/1036121#primaryimage"},"thumbnailUrl":"https:\/\/darkamazi.site\/file\/2026\/01\/serok-barzani-yeni-photo.jpg","keywords":["\u00f6nemli"],"articleSection":["Kurdistan"],"inLanguage":"en-US"},{"@type":"WebPage","@id":"https:\/\/darkamazi.site\/archives\/1036121","url":"https:\/\/darkamazi.site\/archives\/1036121","name":"Ba\u015fkan Barzani: Halep'te K\u00fcrtlere kar\u015f\u0131 etnik temizlik yap\u0131l\u0131yor - Darka Mazi","isPartOf":{"@id":"https:\/\/darkamazi.site\/#website"},"primaryImageOfPage":{"@id":"https:\/\/darkamazi.site\/archives\/1036121#primaryimage"},"image":{"@id":"https:\/\/darkamazi.site\/archives\/1036121#primaryimage"},"thumbnailUrl":"https:\/\/darkamazi.site\/file\/2026\/01\/serok-barzani-yeni-photo.jpg","datePublished":"2026-01-07T19:41:01+00:00","breadcrumb":{"@id":"https:\/\/darkamazi.site\/archives\/1036121#breadcrumb"},"inLanguage":"en-US","potentialAction":[{"@type":"ReadAction","target":["https:\/\/darkamazi.site\/archives\/1036121"]}]},{"@type":"ImageObject","inLanguage":"en-US","@id":"https:\/\/darkamazi.site\/archives\/1036121#primaryimage","url":"https:\/\/darkamazi.site\/file\/2026\/01\/serok-barzani-yeni-photo.jpg","contentUrl":"https:\/\/darkamazi.site\/file\/2026\/01\/serok-barzani-yeni-photo.jpg","width":1562,"height":878,"caption":"Ba\u015fkan Barzani: Halep'te K\u00fcrtlere kar\u015f\u0131 etnik temizlik yap\u0131l\u0131yor"},{"@type":"BreadcrumbList","@id":"https:\/\/darkamazi.site\/archives\/1036121#breadcrumb","itemListElement":[{"@type":"ListItem","position":1,"name":"Home","item":"https:\/\/darkamazi.site\/"},{"@type":"ListItem","position":2,"name":"Ba\u015fkan Barzani: Halep&#8217;te K\u00fcrtlere kar\u015f\u0131 etnik temizlik yap\u0131l\u0131yor"}]},{"@type":"WebSite","@id":"https:\/\/darkamazi.site\/#website","url":"https:\/\/darkamazi.site\/","name":"Darka Mazi","description":"Ana Sayfa","publisher":{"@id":"https:\/\/darkamazi.site\/#organization"},"potentialAction":[{"@type":"SearchAction","target":{"@type":"EntryPoint","urlTemplate":"https:\/\/darkamazi.site\/?s={search_term_string}"},"query-input":{"@type":"PropertyValueSpecification","valueRequired":true,"valueName":"search_term_string"}}],"inLanguage":"en-US"},{"@type":"Organization","@id":"https:\/\/darkamazi.site\/#organization","name":"Darka Mazi T\u00fcrk\u00e7e","alternateName":"Darka Mazi","url":"https:\/\/darkamazi.site\/","logo":{"@type":"ImageObject","inLanguage":"en-US","@id":"https:\/\/darkamazi.site\/#\/schema\/logo\/image\/","url":"https:\/\/darkamazi.site\/file\/2017\/12\/darka-mazi-logo.png","contentUrl":"https:\/\/darkamazi.site\/file\/2017\/12\/darka-mazi-logo.png","width":151,"height":75,"caption":"Darka Mazi T\u00fcrk\u00e7e"},"image":{"@id":"https:\/\/darkamazi.site\/#\/schema\/logo\/image\/"},"sameAs":["https:\/\/www.facebook.com\/DarkaMaziturkce","https:\/\/x.com\/DarkaMaziTurkce"]},{"@type":"Person","@id":"https:\/\/darkamazi.site\/#\/schema\/person\/67986a95ac546c16760365877ef4a9d3","name":"darka mazi","sameAs":["https:\/\/darkamazi.site"],"url":"https:\/\/darkamazi.site\/archives\/author\/turkish"}]}},"_links":{"self":[{"href":"https:\/\/darkamazi.site\/funavuv\/wp\/v2\/posts\/1036121","targetHints":{"allow":["GET"]}}],"collection":[{"href":"https:\/\/darkamazi.site\/funavuv\/wp\/v2\/posts"}],"about":[{"href":"https:\/\/darkamazi.site\/funavuv\/wp\/v2\/types\/post"}],"author":[{"embeddable":true,"href":"https:\/\/darkamazi.site\/funavuv\/wp\/v2\/users\/2"}],"replies":[{"embeddable":true,"href":"https:\/\/darkamazi.site\/funavuv\/wp\/v2\/comments?post=1036121"}],"version-history":[{"count":0,"href":"https:\/\/darkamazi.site\/funavuv\/wp\/v2\/posts\/1036121\/revisions"}],"wp:featuredmedia":[{"embeddable":true,"href":"https:\/\/darkamazi.site\/funavuv\/wp\/v2\/media\/1036122"}],"wp:attachment":[{"href":"https:\/\/darkamazi.site\/funavuv\/wp\/v2\/media?parent=1036121"}],"wp:term":[{"taxonomy":"category","embeddable":true,"href":"https:\/\/darkamazi.site\/funavuv\/wp\/v2\/categories?post=1036121"},{"taxonomy":"post_tag","embeddable":true,"href":"https:\/\/darkamazi.site\/funavuv\/wp\/v2\/tags?post=1036121"}],"curies":[{"name":"wp","href":"https:\/\/api.w.org\/{rel}","templated":true}]}}