{"id":1036141,"date":"2026-01-10T01:20:48","date_gmt":"2026-01-09T22:20:48","guid":{"rendered":"https:\/\/darkamazi.site\/?p=1036141"},"modified":"2026-01-10T01:22:30","modified_gmt":"2026-01-09T22:22:30","slug":"baskan-barzaniden-abd-temsilcisi-barracka-halepte-kurtlere-karsi-etnik-temizlik-yapiliyor","status":"publish","type":"post","link":"https:\/\/darkamazi.site\/archives\/1036141","title":{"rendered":"Ba\u015fkan Barzani&#8217;den ABD temsilcisi Barrack&#8217;a: Halep&#8217;te K\u00fcrtlere kar\u015f\u0131 etnik temizlik yap\u0131l\u0131yor"},"content":{"rendered":"<p style=\"text-align: justify\">Ba\u015fkan Mesud Barzani&#8217;nin, ABD\u2019nin Suriye \u00d6zel Temsilcisi Tom Barrack ile Halep\u2019te K\u00fcrt mahallelerindeki duruma ili\u015fkin bir g\u00f6r\u00fc\u015fme ger\u00e7ekle\u015ftirdi\u011fi bildirildi.<\/p>\n<p style=\"text-align: justify\">Ba\u015fkan Barzani\u2019nin Ofisi\u2019nden yap\u0131lan a\u00e7\u0131klamaya g\u00f6re 9 Ocak 2026 Cuma ak\u015fam\u0131, Ba\u015fkan Mesud Barzani ile Ba\u015fkan Trump&#8217;\u0131n Suriye \u00d6zel Temsilcisi ve ABD&#8217;nin T\u00fcrkiye B\u00fcy\u00fckel\u00e7isi Tom Barrack aras\u0131nda bir telefon g\u00f6r\u00fc\u015fmesi ger\u00e7ekle\u015ftirildi.<\/p>\n<p style=\"text-align: justify\">G\u00f6r\u00fc\u015fmede, b\u00f6lgedeki ve Suriye\u2019deki siyasi durum, ya\u015fanan son geli\u015fmeler ile Suriye genelinde ve Halep\u2019te artan gerginlikler hakk\u0131nda g\u00f6r\u00fc\u015f al\u0131\u015fveri\u015finde bulunuldu.<\/p>\n<p style=\"text-align: justify\">G\u00f6r\u00fc\u015fmenin devam\u0131nda her iki taraf da; gerginlik ve karga\u015fan\u0131n sonland\u0131r\u0131lmas\u0131, durumun normale d\u00f6nmesi, g\u00fcvenlik, istikrar ve bar\u0131\u015f\u0131n sa\u011flanmas\u0131 ad\u0131na ciddi ad\u0131mlar\u0131n at\u0131lmas\u0131 ve bu do\u011frultuda her t\u00fcrl\u00fc \u00e7aban\u0131n g\u00f6sterilmesi gerekti\u011fi konusunda mutab\u0131k kald\u0131.<\/p>\n<p style=\"text-align: justify\">Suriye ordusunun Halep\u2019teki K\u00fcrt mahallelerine y\u00f6nelik operasyonlar\u0131 sonras\u0131 \u0130\u00e7 g\u00fcvenlik g\u00fc\u00e7leri ile ya\u015fanan \u00e7at\u0131\u015fmalar b\u00f6lgede \u00f6zellikle K\u00fcrt kamuoyunda b\u00fcy\u00fck bir endi\u015fe ve tepkiye neden oldu.<\/p>\n<p style=\"text-align: justify\">Ba\u015fkan Mesud Barzani, Halep\u2019teki \u00e7at\u0131\u015fmalara ili\u015fkin yapt\u0131\u011f\u0131 a\u00e7\u0131klamada, &#8220;Halep&#8217;te \u015fu anda mevcut olan tehlikeli durum, sava\u015f ve \u015fiddet b\u00fcy\u00fck bir endi\u015fe kayna\u011f\u0131d\u0131r, sivil halk\u0131n ve masum vatanda\u015flar\u0131n hayat\u0131 \u00fczerinde bir tehlike olu\u015fturmu\u015ftur B\u00f6lgede K\u00fcrtlere kar\u015f\u0131 bir etnik temizlik tehdidi bulunuyor\u201d demi\u015fti.<\/p>\n<p style=\"text-align: justify\">A\u00e7\u0131klamas\u0131nda Suriye makamlar\u0131na seslenen Ba\u015fkan Barzani, &#8220;Siyasi anla\u015fmazl\u0131klar\u0131n ulusal (etnik) bir \u00e7at\u0131\u015fmaya d\u00f6n\u00fc\u015ft\u00fcr\u00fclmesine izin vermeyin. K\u00fcrt vatanda\u015flar\u0131n ata topraklar\u0131ndan zorla s\u00fcr\u00fclmesini ve bask\u0131ya maruz kalmas\u0131n\u0131 engelleyin&#8221; ifadelerini kullanm\u0131\u015ft\u0131.<\/p>\n<p style=\"text-align: justify\">\u00a0Barzani ayn\u0131 zamanda Demokratik Suriye G\u00fc\u00e7leri\u2019ne (DSG) de \u00e7a\u011fr\u0131da bulunarak, kan d\u00f6k\u00fclmesini durdurmak ve \u00e7at\u0131\u015fmalar\u0131 sonland\u0131rmak i\u00e7in ellerinden geleni yapmalar\u0131n\u0131 istedi.<\/p>\n","protected":false},"excerpt":{"rendered":"<p>Ba\u015fkan Mesud Barzani&#8217;nin, ABD\u2019nin Suriye \u00d6zel Temsilcisi Tom Barrack ile Halep\u2019te K\u00fcrt mahallelerindeki duruma ili\u015fkin bir g\u00f6r\u00fc\u015fme ger\u00e7ekle\u015ftirdi\u011fi bildirildi. Ba\u015fkan Barzani\u2019nin Ofisi\u2019nden yap\u0131lan a\u00e7\u0131klamaya g\u00f6re 9 Ocak 2026 Cuma ak\u015fam\u0131, Ba\u015fkan Mesud Barzani ile Ba\u015fkan Trump&#8217;\u0131n Suriye \u00d6zel Temsilcisi ve ABD&#8217;nin T\u00fcrkiye B\u00fcy\u00fckel\u00e7isi Tom Barrack aras\u0131nda bir telefon g\u00f6r\u00fc\u015fmesi ger\u00e7ekle\u015ftirildi. G\u00f6r\u00fc\u015fmede, b\u00f6lgedeki ve Suriye\u2019deki siyasi [&hellip;]<\/p>\n","protected":false},"author":2,"featured_media":1036143,"comment_status":"closed","ping_status":"closed","sticky":false,"template":"","format":"standard","meta":{"footnotes":""},"categories":[3],"tags":[31],"class_list":["post-1036141","post","type-post","status-publish","format-standard","has-post-thumbnail","hentry","category-kurdistan","tag-onemli"],"blocksy_meta":[],"seo_head":"<!-- This site is optimized with the Yoast SEO plugin v27.5 - https:\/\/yoast.com\/product\/yoast-seo-wordpress\/ -->\n<title>Ba\u015fkan Barzani&#039;den ABD temsilcisi Barrack&#039;a: Halep&#039;te K\u00fcrtlere kar\u015f\u0131 etnik temizlik yap\u0131l\u0131yor - Darka Mazi<\/title>\n<meta name=\"robots\" content=\"index, follow, max-snippet:-1, max-image-preview:large, max-video-preview:-1\" \/>\n<link rel=\"canonical\" href=\"https:\/\/darkamazi.site\/archives\/1036141\" \/>\n<meta property=\"og:locale\" content=\"en_US\" \/>\n<meta property=\"og:type\" content=\"article\" \/>\n<meta property=\"og:title\" content=\"Ba\u015fkan Barzani&#039;den ABD temsilcisi Barrack&#039;a: Halep&#039;te K\u00fcrtlere kar\u015f\u0131 etnik temizlik yap\u0131l\u0131yor - Darka Mazi\" \/>\n<meta property=\"og:description\" content=\"Ba\u015fkan Mesud Barzani&#8217;nin, ABD\u2019nin Suriye \u00d6zel Temsilcisi Tom Barrack ile Halep\u2019te K\u00fcrt mahallelerindeki duruma ili\u015fkin bir g\u00f6r\u00fc\u015fme ger\u00e7ekle\u015ftirdi\u011fi bildirildi. Ba\u015fkan Barzani\u2019nin Ofisi\u2019nden yap\u0131lan a\u00e7\u0131klamaya g\u00f6re 9 Ocak 2026 Cuma ak\u015fam\u0131, Ba\u015fkan Mesud Barzani ile Ba\u015fkan Trump&#8217;\u0131n Suriye \u00d6zel Temsilcisi ve ABD&#8217;nin T\u00fcrkiye B\u00fcy\u00fckel\u00e7isi Tom Barrack aras\u0131nda bir telefon g\u00f6r\u00fc\u015fmesi ger\u00e7ekle\u015ftirildi. G\u00f6r\u00fc\u015fmede, b\u00f6lgedeki ve Suriye\u2019deki siyasi [&hellip;]\" \/>\n<meta property=\"og:url\" content=\"https:\/\/darkamazi.site\/archives\/1036141\" \/>\n<meta property=\"og:site_name\" content=\"Darka Mazi\" \/>\n<meta property=\"article:publisher\" content=\"https:\/\/www.facebook.com\/DarkaMaziturkce\" \/>\n<meta property=\"article:published_time\" content=\"2026-01-09T22:20:48+00:00\" \/>\n<meta property=\"article:modified_time\" content=\"2026-01-09T22:22:30+00:00\" \/>\n<meta property=\"og:image\" content=\"https:\/\/darkamazi.site\/file\/2026\/01\/serok-says-Barrack.jpg\" \/>\n\t<meta property=\"og:image:width\" content=\"1700\" \/>\n\t<meta property=\"og:image:height\" content=\"1132\" \/>\n\t<meta property=\"og:image:type\" content=\"image\/jpeg\" \/>\n<meta name=\"author\" content=\"darka mazi\" \/>\n<meta name=\"twitter:card\" content=\"summary_large_image\" \/>\n<meta name=\"twitter:creator\" content=\"@DarkaMaziTurkce\" \/>\n<meta name=\"twitter:site\" content=\"@DarkaMaziTurkce\" \/>\n<meta name=\"twitter:label1\" content=\"Written by\" \/>\n\t<meta name=\"twitter:data1\" content=\"darka mazi\" \/>\n\t<meta name=\"twitter:label2\" content=\"Est. reading time\" \/>\n\t<meta name=\"twitter:data2\" content=\"2 minutes\" \/>\n<script type=\"application\/ld+json\" class=\"seo-schema-graph\">{\"@context\":\"https:\\\/\\\/schema.org\",\"@graph\":[{\"@type\":\"NewsArticle\",\"@id\":\"https:\\\/\\\/darkamazi.site\\\/archives\\\/1036141#article\",\"isPartOf\":{\"@id\":\"https:\\\/\\\/darkamazi.site\\\/archives\\\/1036141\"},\"author\":{\"name\":\"darka mazi\",\"@id\":\"https:\\\/\\\/darkamazi.site\\\/#\\\/schema\\\/person\\\/67986a95ac546c16760365877ef4a9d3\"},\"headline\":\"Ba\u015fkan Barzani&#8217;den ABD temsilcisi Barrack&#8217;a: Halep&#8217;te K\u00fcrtlere kar\u015f\u0131 etnik temizlik yap\u0131l\u0131yor\",\"datePublished\":\"2026-01-09T22:20:48+00:00\",\"dateModified\":\"2026-01-09T22:22:30+00:00\",\"mainEntityOfPage\":{\"@id\":\"https:\\\/\\\/darkamazi.site\\\/archives\\\/1036141\"},\"wordCount\":358,\"publisher\":{\"@id\":\"https:\\\/\\\/darkamazi.site\\\/#organization\"},\"image\":{\"@id\":\"https:\\\/\\\/darkamazi.site\\\/archives\\\/1036141#primaryimage\"},\"thumbnailUrl\":\"https:\\\/\\\/darkamazi.site\\\/darka-content\\\/uploads\\\/2026\\\/01\\\/serok-says-Barrack.jpg\",\"keywords\":[\"\u00f6nemli\"],\"articleSection\":[\"Kurdistan\"],\"inLanguage\":\"en-US\"},{\"@type\":\"WebPage\",\"@id\":\"https:\\\/\\\/darkamazi.site\\\/archives\\\/1036141\",\"url\":\"https:\\\/\\\/darkamazi.site\\\/archives\\\/1036141\",\"name\":\"Ba\u015fkan Barzani'den ABD temsilcisi Barrack'a: Halep'te K\u00fcrtlere kar\u015f\u0131 etnik temizlik yap\u0131l\u0131yor - Darka Mazi\",\"isPartOf\":{\"@id\":\"https:\\\/\\\/darkamazi.site\\\/#website\"},\"primaryImageOfPage\":{\"@id\":\"https:\\\/\\\/darkamazi.site\\\/archives\\\/1036141#primaryimage\"},\"image\":{\"@id\":\"https:\\\/\\\/darkamazi.site\\\/archives\\\/1036141#primaryimage\"},\"thumbnailUrl\":\"https:\\\/\\\/darkamazi.site\\\/darka-content\\\/uploads\\\/2026\\\/01\\\/serok-says-Barrack.jpg\",\"datePublished\":\"2026-01-09T22:20:48+00:00\",\"dateModified\":\"2026-01-09T22:22:30+00:00\",\"breadcrumb\":{\"@id\":\"https:\\\/\\\/darkamazi.site\\\/archives\\\/1036141#breadcrumb\"},\"inLanguage\":\"en-US\",\"potentialAction\":[{\"@type\":\"ReadAction\",\"target\":[\"https:\\\/\\\/darkamazi.site\\\/archives\\\/1036141\"]}]},{\"@type\":\"ImageObject\",\"inLanguage\":\"en-US\",\"@id\":\"https:\\\/\\\/darkamazi.site\\\/archives\\\/1036141#primaryimage\",\"url\":\"https:\\\/\\\/darkamazi.site\\\/darka-content\\\/uploads\\\/2026\\\/01\\\/serok-says-Barrack.jpg\",\"contentUrl\":\"https:\\\/\\\/darkamazi.site\\\/darka-content\\\/uploads\\\/2026\\\/01\\\/serok-says-Barrack.jpg\",\"width\":1700,\"height\":1132,\"caption\":\"Ba\u015fkan Barzani'den ABD temsilcisi Barrack'a: Halep'te K\u00fcrtlere kar\u015f\u0131 etnik temizlik yap\u0131l\u0131yor\"},{\"@type\":\"BreadcrumbList\",\"@id\":\"https:\\\/\\\/darkamazi.site\\\/archives\\\/1036141#breadcrumb\",\"itemListElement\":[{\"@type\":\"ListItem\",\"position\":1,\"name\":\"Home\",\"item\":\"https:\\\/\\\/darkamazi.site\\\/\"},{\"@type\":\"ListItem\",\"position\":2,\"name\":\"Ba\u015fkan Barzani&#8217;den ABD temsilcisi Barrack&#8217;a: Halep&#8217;te K\u00fcrtlere kar\u015f\u0131 etnik temizlik yap\u0131l\u0131yor\"}]},{\"@type\":\"WebSite\",\"@id\":\"https:\\\/\\\/darkamazi.site\\\/#website\",\"url\":\"https:\\\/\\\/darkamazi.site\\\/\",\"name\":\"Darka Mazi\",\"description\":\"Ana Sayfa\",\"publisher\":{\"@id\":\"https:\\\/\\\/darkamazi.site\\\/#organization\"},\"potentialAction\":[{\"@type\":\"SearchAction\",\"target\":{\"@type\":\"EntryPoint\",\"urlTemplate\":\"https:\\\/\\\/darkamazi.site\\\/?s={search_term_string}\"},\"query-input\":{\"@type\":\"PropertyValueSpecification\",\"valueRequired\":true,\"valueName\":\"search_term_string\"}}],\"inLanguage\":\"en-US\"},{\"@type\":\"Organization\",\"@id\":\"https:\\\/\\\/darkamazi.site\\\/#organization\",\"name\":\"Darka Mazi T\u00fcrk\u00e7e\",\"alternateName\":\"Darka Mazi\",\"url\":\"https:\\\/\\\/darkamazi.site\\\/\",\"logo\":{\"@type\":\"ImageObject\",\"inLanguage\":\"en-US\",\"@id\":\"https:\\\/\\\/darkamazi.site\\\/#\\\/schema\\\/logo\\\/image\\\/\",\"url\":\"https:\\\/\\\/darkamazi.site\\\/darka-content\\\/uploads\\\/2017\\\/12\\\/darka-mazi-logo.png\",\"contentUrl\":\"https:\\\/\\\/darkamazi.site\\\/darka-content\\\/uploads\\\/2017\\\/12\\\/darka-mazi-logo.png\",\"width\":151,\"height\":75,\"caption\":\"Darka Mazi T\u00fcrk\u00e7e\"},\"image\":{\"@id\":\"https:\\\/\\\/darkamazi.site\\\/#\\\/schema\\\/logo\\\/image\\\/\"},\"sameAs\":[\"https:\\\/\\\/www.facebook.com\\\/DarkaMaziturkce\",\"https:\\\/\\\/x.com\\\/DarkaMaziTurkce\"]},{\"@type\":\"Person\",\"@id\":\"https:\\\/\\\/darkamazi.site\\\/#\\\/schema\\\/person\\\/67986a95ac546c16760365877ef4a9d3\",\"name\":\"darka mazi\",\"sameAs\":[\"https:\\\/\\\/darkamazi.site\"],\"url\":\"https:\\\/\\\/darkamazi.site\\\/archives\\\/author\\\/turkish\"}]}<\/script>\n<!-- \/ Yoast SEO plugin. -->","seo_head_json":{"title":"Ba\u015fkan Barzani'den ABD temsilcisi Barrack'a: Halep'te K\u00fcrtlere kar\u015f\u0131 etnik temizlik yap\u0131l\u0131yor - Darka Mazi","robots":{"index":"index","follow":"follow","max-snippet":"max-snippet:-1","max-image-preview":"max-image-preview:large","max-video-preview":"max-video-preview:-1"},"canonical":"https:\/\/darkamazi.site\/archives\/1036141","og_locale":"en_US","og_type":"article","og_title":"Ba\u015fkan Barzani'den ABD temsilcisi Barrack'a: Halep'te K\u00fcrtlere kar\u015f\u0131 etnik temizlik yap\u0131l\u0131yor - Darka Mazi","og_description":"Ba\u015fkan Mesud Barzani&#8217;nin, ABD\u2019nin Suriye \u00d6zel Temsilcisi Tom Barrack ile Halep\u2019te K\u00fcrt mahallelerindeki duruma ili\u015fkin bir g\u00f6r\u00fc\u015fme ger\u00e7ekle\u015ftirdi\u011fi bildirildi. Ba\u015fkan Barzani\u2019nin Ofisi\u2019nden yap\u0131lan a\u00e7\u0131klamaya g\u00f6re 9 Ocak 2026 Cuma ak\u015fam\u0131, Ba\u015fkan Mesud Barzani ile Ba\u015fkan Trump&#8217;\u0131n Suriye \u00d6zel Temsilcisi ve ABD&#8217;nin T\u00fcrkiye B\u00fcy\u00fckel\u00e7isi Tom Barrack aras\u0131nda bir telefon g\u00f6r\u00fc\u015fmesi ger\u00e7ekle\u015ftirildi. G\u00f6r\u00fc\u015fmede, b\u00f6lgedeki ve Suriye\u2019deki siyasi [&hellip;]","og_url":"https:\/\/darkamazi.site\/archives\/1036141","og_site_name":"Darka Mazi","article_publisher":"https:\/\/www.facebook.com\/DarkaMaziturkce","article_published_time":"2026-01-09T22:20:48+00:00","article_modified_time":"2026-01-09T22:22:30+00:00","og_image":[{"width":1700,"height":1132,"url":"https:\/\/darkamazi.site\/file\/2026\/01\/serok-says-Barrack.jpg","type":"image\/jpeg"}],"author":"darka mazi","twitter_card":"summary_large_image","twitter_creator":"@DarkaMaziTurkce","twitter_site":"@DarkaMaziTurkce","twitter_misc":{"Written by":"darka mazi","Est. reading time":"2 minutes"},"schema":{"@context":"https:\/\/schema.org","@graph":[{"@type":"NewsArticle","@id":"https:\/\/darkamazi.site\/archives\/1036141#article","isPartOf":{"@id":"https:\/\/darkamazi.site\/archives\/1036141"},"author":{"name":"darka mazi","@id":"https:\/\/darkamazi.site\/#\/schema\/person\/67986a95ac546c16760365877ef4a9d3"},"headline":"Ba\u015fkan Barzani&#8217;den ABD temsilcisi Barrack&#8217;a: Halep&#8217;te K\u00fcrtlere kar\u015f\u0131 etnik temizlik yap\u0131l\u0131yor","datePublished":"2026-01-09T22:20:48+00:00","dateModified":"2026-01-09T22:22:30+00:00","mainEntityOfPage":{"@id":"https:\/\/darkamazi.site\/archives\/1036141"},"wordCount":358,"publisher":{"@id":"https:\/\/darkamazi.site\/#organization"},"image":{"@id":"https:\/\/darkamazi.site\/archives\/1036141#primaryimage"},"thumbnailUrl":"https:\/\/darkamazi.site\/file\/2026\/01\/serok-says-Barrack.jpg","keywords":["\u00f6nemli"],"articleSection":["Kurdistan"],"inLanguage":"en-US"},{"@type":"WebPage","@id":"https:\/\/darkamazi.site\/archives\/1036141","url":"https:\/\/darkamazi.site\/archives\/1036141","name":"Ba\u015fkan Barzani'den ABD temsilcisi Barrack'a: Halep'te K\u00fcrtlere kar\u015f\u0131 etnik temizlik yap\u0131l\u0131yor - Darka Mazi","isPartOf":{"@id":"https:\/\/darkamazi.site\/#website"},"primaryImageOfPage":{"@id":"https:\/\/darkamazi.site\/archives\/1036141#primaryimage"},"image":{"@id":"https:\/\/darkamazi.site\/archives\/1036141#primaryimage"},"thumbnailUrl":"https:\/\/darkamazi.site\/file\/2026\/01\/serok-says-Barrack.jpg","datePublished":"2026-01-09T22:20:48+00:00","dateModified":"2026-01-09T22:22:30+00:00","breadcrumb":{"@id":"https:\/\/darkamazi.site\/archives\/1036141#breadcrumb"},"inLanguage":"en-US","potentialAction":[{"@type":"ReadAction","target":["https:\/\/darkamazi.site\/archives\/1036141"]}]},{"@type":"ImageObject","inLanguage":"en-US","@id":"https:\/\/darkamazi.site\/archives\/1036141#primaryimage","url":"https:\/\/darkamazi.site\/file\/2026\/01\/serok-says-Barrack.jpg","contentUrl":"https:\/\/darkamazi.site\/file\/2026\/01\/serok-says-Barrack.jpg","width":1700,"height":1132,"caption":"Ba\u015fkan Barzani'den ABD temsilcisi Barrack'a: Halep'te K\u00fcrtlere kar\u015f\u0131 etnik temizlik yap\u0131l\u0131yor"},{"@type":"BreadcrumbList","@id":"https:\/\/darkamazi.site\/archives\/1036141#breadcrumb","itemListElement":[{"@type":"ListItem","position":1,"name":"Home","item":"https:\/\/darkamazi.site\/"},{"@type":"ListItem","position":2,"name":"Ba\u015fkan Barzani&#8217;den ABD temsilcisi Barrack&#8217;a: Halep&#8217;te K\u00fcrtlere kar\u015f\u0131 etnik temizlik yap\u0131l\u0131yor"}]},{"@type":"WebSite","@id":"https:\/\/darkamazi.site\/#website","url":"https:\/\/darkamazi.site\/","name":"Darka Mazi","description":"Ana Sayfa","publisher":{"@id":"https:\/\/darkamazi.site\/#organization"},"potentialAction":[{"@type":"SearchAction","target":{"@type":"EntryPoint","urlTemplate":"https:\/\/darkamazi.site\/?s={search_term_string}"},"query-input":{"@type":"PropertyValueSpecification","valueRequired":true,"valueName":"search_term_string"}}],"inLanguage":"en-US"},{"@type":"Organization","@id":"https:\/\/darkamazi.site\/#organization","name":"Darka Mazi T\u00fcrk\u00e7e","alternateName":"Darka Mazi","url":"https:\/\/darkamazi.site\/","logo":{"@type":"ImageObject","inLanguage":"en-US","@id":"https:\/\/darkamazi.site\/#\/schema\/logo\/image\/","url":"https:\/\/darkamazi.site\/file\/2017\/12\/darka-mazi-logo.png","contentUrl":"https:\/\/darkamazi.site\/file\/2017\/12\/darka-mazi-logo.png","width":151,"height":75,"caption":"Darka Mazi T\u00fcrk\u00e7e"},"image":{"@id":"https:\/\/darkamazi.site\/#\/schema\/logo\/image\/"},"sameAs":["https:\/\/www.facebook.com\/DarkaMaziturkce","https:\/\/x.com\/DarkaMaziTurkce"]},{"@type":"Person","@id":"https:\/\/darkamazi.site\/#\/schema\/person\/67986a95ac546c16760365877ef4a9d3","name":"darka mazi","sameAs":["https:\/\/darkamazi.site"],"url":"https:\/\/darkamazi.site\/archives\/author\/turkish"}]}},"_links":{"self":[{"href":"https:\/\/darkamazi.site\/funavuv\/wp\/v2\/posts\/1036141","targetHints":{"allow":["GET"]}}],"collection":[{"href":"https:\/\/darkamazi.site\/funavuv\/wp\/v2\/posts"}],"about":[{"href":"https:\/\/darkamazi.site\/funavuv\/wp\/v2\/types\/post"}],"author":[{"embeddable":true,"href":"https:\/\/darkamazi.site\/funavuv\/wp\/v2\/users\/2"}],"replies":[{"embeddable":true,"href":"https:\/\/darkamazi.site\/funavuv\/wp\/v2\/comments?post=1036141"}],"version-history":[{"count":0,"href":"https:\/\/darkamazi.site\/funavuv\/wp\/v2\/posts\/1036141\/revisions"}],"wp:featuredmedia":[{"embeddable":true,"href":"https:\/\/darkamazi.site\/funavuv\/wp\/v2\/media\/1036143"}],"wp:attachment":[{"href":"https:\/\/darkamazi.site\/funavuv\/wp\/v2\/media?parent=1036141"}],"wp:term":[{"taxonomy":"category","embeddable":true,"href":"https:\/\/darkamazi.site\/funavuv\/wp\/v2\/categories?post=1036141"},{"taxonomy":"post_tag","embeddable":true,"href":"https:\/\/darkamazi.site\/funavuv\/wp\/v2\/tags?post=1036141"}],"curies":[{"name":"wp","href":"https:\/\/api.w.org\/{rel}","templated":true}]}}