{"id":1036145,"date":"2026-01-10T01:55:03","date_gmt":"2026-01-09T22:55:03","guid":{"rendered":"https:\/\/darkamazi.site\/?p=1036145"},"modified":"2026-01-10T01:55:03","modified_gmt":"2026-01-09T22:55:03","slug":"rojava-ozerk-yonetimi-uluslararasi-teklifi-kabul-ettiklerini-acikladi-askeri-guclerimizi-firatin-dogusuna-cekiyoruz","status":"publish","type":"post","link":"https:\/\/darkamazi.site\/archives\/1036145","title":{"rendered":"Rojava \u00d6zerk Y\u00f6netimi Uluslararas\u0131 teklifi kabul ettiklerini a\u00e7\u0131klad\u0131: Askeri g\u00fc\u00e7lerimizi F\u0131rat&#8217;\u0131n do\u011fusuna \u00e7ekiyoruz"},"content":{"rendered":"<p style=\"text-align: justify\">Rojava\u00a0\u00a0\u00d6zerk Y\u00f6netimi, Halep\u2019te \u00e7at\u0131\u015fmalar\u0131n ya\u015fand\u0131\u011f\u0131 \u015eeyh Maksud ve E\u015frefiye mahallelerindeki askeri unsurlar\u0131n F\u0131rat\u2019\u0131n do\u011fusuna \u00e7ekilmesi y\u00f6n\u00fcndeki uluslararas\u0131 teklifi \u015fartl\u0131 olarak kabul etti\u011fini a\u00e7\u0131klad\u0131.<\/p>\n<p style=\"text-align: justify\">A\u00e7\u0131klamada \u201cher iki mahallenin sakinleri i\u00e7in yerel bir K\u00fcrt koruma g\u00fcc\u00fcn\u00fcn ve yerel bir meclisin varl\u0131\u011f\u0131n\u0131n garanti edilmesi \u015fart\u0131na ba\u011fl\u0131\u201d olarak \u00e7ekilmeyi kabul etti\u011fi belirtildi.<\/p>\n<p style=\"text-align: justify\">Rojava \u00d6zerk Y\u00f6netimi D\u0131\u015f \u0130li\u015fkiler Dairesi E\u015f Ba\u015fkan\u0131 \u0130lham Ahmed, 10 Ocak 2026 tarihinde X sosyal medya platformu \u00fczerinden Halep\u2019teki sava\u015fa ili\u015fkin kritik bir a\u00e7\u0131klama yay\u0131nlad\u0131.<\/p>\n<p style=\"text-align: justify\"><strong>&#8220;\u015eartl\u0131 kabul&#8221; duyuruldu<\/strong><\/p>\n<p style=\"text-align: justify\">\u0130lham Ahmed a\u00e7\u0131klamas\u0131nda, sivillerin korunmas\u0131n\u0131n en b\u00fcy\u00fck \u00f6ncelikleri oldu\u011funu belirterek \u015fu ifadelere yer verdi:<\/p>\n<p style=\"text-align: justify\">Kuzey ve Do\u011fu Suriye \u00d6zerk Y\u00f6netimi olarak, \u015eeyh Maksud ve E\u015frefiye mahallelerinde ya\u015fayan sivillerin korunmas\u0131n\u0131n en \u00f6ncelikli g\u00f6revlerimizden biri oldu\u011funu bir kez daha vurguluyoruz. Bu \u00e7er\u00e7evede, uluslararas\u0131 arabulucu g\u00fc\u00e7lerin, \u015eeyh Maksud\u2019da bulunan g\u00fc\u00e7lerin g\u00fcvenli bir \u015fekilde F\u0131rat\u2019\u0131n do\u011fusuna yeniden konu\u015fland\u0131r\u0131lmas\u0131na ili\u015fkin sundu\u011fu teklifi memnuniyetle kar\u015f\u0131l\u0131yoruz. Ancak bu s\u00fcrecin; yerel K\u00fcrt koruma g\u00fc\u00e7lerinin varl\u0131\u011f\u0131n\u0131 g\u00fcvence alt\u0131na almas\u0131, iki mahallenin sakinlerinden olu\u015fan bir yerel meclisin kurulmas\u0131n\u0131 sa\u011flamas\u0131 ve 1 Nisan Anla\u015fmas\u0131 ile uyumlu olmas\u0131 temel \u015fart\u0131m\u0131zd\u0131r. Bu esaslar do\u011frultusunda tutumumuzu kamuoyunun bilgisine sunar\u0131z.&#8221;<\/p>\n<p style=\"text-align: justify\">Bu a\u00e7\u0131klama, Suriye ordusunun Halep&#8217;teki K\u00fcrt mahallelerine y\u00f6nelik operasyon ba\u015flatt\u0131\u011f\u0131 ve b\u00f6lgeyi &#8220;kapal\u0131 askeri b\u00f6lge&#8221; ilan etti\u011fi s\u00fcre\u00e7te geldi. \u00c7at\u0131\u015fmalarda Suriye Demokratik Meclisi (MSD) hastanelerin hedef al\u0131nd\u0131\u011f\u0131n\u0131 belirtirken, Suriye ordusu ise ate\u015fkesin ihlal edildi\u011fini ve askerlerinin \u00f6ld\u00fcr\u00fcld\u00fc\u011f\u00fcn\u00fc a\u00e7\u0131klam\u0131\u015ft\u0131.<\/p>\n<p style=\"text-align: justify\"><strong>Kriz devam ederken uluslararas\u0131 alanda da hareketlilik ya\u015fand\u0131:<\/strong><\/p>\n<p style=\"text-align: justify\">ABD Ba\u015fkan\u0131 Donald Trump, R\u00fbdaw\u2019a verdi\u011fi deme\u00e7te her iki tarafla da ili\u015fkilerinin iyi oldu\u011funu belirterek, &#8220;Sava\u015f yeni ba\u015flad\u0131 ve durmas\u0131n\u0131 istiyoruz&#8221; dedi.<\/p>\n<p style=\"text-align: justify\">\u00a0Avrupa Komisyonu Ba\u015fkan\u0131 Ursula von der Leyen, \u015eam&#8217;da 620 milyon Euro&#8217;luk yard\u0131m paketini a\u00e7\u0131klarken Halep&#8217;teki \u00e7at\u0131\u015fmalardan endi\u015fe duyduklar\u0131n\u0131 ve acil diyalog gerekti\u011fini vurgulad\u0131.<\/p>\n<p style=\"text-align: justify\">Suriye ve T\u00fcrkiye D\u0131\u015fi\u015fleri Bakanlar\u0131 telefon g\u00f6r\u00fc\u015fmesi ger\u00e7ekle\u015ftirerek &#8220;tehditlere kar\u015f\u0131 ortak koordinasyon&#8221; mesaj\u0131 verdi.<\/p>\n","protected":false},"excerpt":{"rendered":"<p>Rojava\u00a0\u00a0\u00d6zerk Y\u00f6netimi, Halep\u2019te \u00e7at\u0131\u015fmalar\u0131n ya\u015fand\u0131\u011f\u0131 \u015eeyh Maksud ve E\u015frefiye mahallelerindeki askeri unsurlar\u0131n F\u0131rat\u2019\u0131n do\u011fusuna \u00e7ekilmesi y\u00f6n\u00fcndeki uluslararas\u0131 teklifi \u015fartl\u0131 olarak kabul etti\u011fini a\u00e7\u0131klad\u0131. A\u00e7\u0131klamada \u201cher iki mahallenin sakinleri i\u00e7in yerel bir K\u00fcrt koruma g\u00fcc\u00fcn\u00fcn ve yerel bir meclisin varl\u0131\u011f\u0131n\u0131n garanti edilmesi \u015fart\u0131na ba\u011fl\u0131\u201d olarak \u00e7ekilmeyi kabul etti\u011fi belirtildi. Rojava \u00d6zerk Y\u00f6netimi D\u0131\u015f \u0130li\u015fkiler Dairesi E\u015f [&hellip;]<\/p>\n","protected":false},"author":2,"featured_media":1036146,"comment_status":"closed","ping_status":"closed","sticky":false,"template":"","format":"standard","meta":{"footnotes":""},"categories":[3],"tags":[31],"class_list":["post-1036145","post","type-post","status-publish","format-standard","has-post-thumbnail","hentry","category-kurdistan","tag-onemli"],"blocksy_meta":[],"seo_head":"<!-- This site is optimized with the Yoast SEO plugin v27.5 - https:\/\/yoast.com\/product\/yoast-seo-wordpress\/ -->\n<title>Rojava \u00d6zerk Y\u00f6netimi Uluslararas\u0131 teklifi kabul ettiklerini a\u00e7\u0131klad\u0131: Askeri g\u00fc\u00e7lerimizi F\u0131rat&#039;\u0131n do\u011fusuna \u00e7ekiyoruz - Darka Mazi<\/title>\n<meta name=\"robots\" content=\"index, follow, max-snippet:-1, max-image-preview:large, max-video-preview:-1\" \/>\n<link rel=\"canonical\" href=\"https:\/\/darkamazi.site\/archives\/1036145\" \/>\n<meta property=\"og:locale\" content=\"en_US\" \/>\n<meta property=\"og:type\" content=\"article\" \/>\n<meta property=\"og:title\" content=\"Rojava \u00d6zerk Y\u00f6netimi Uluslararas\u0131 teklifi kabul ettiklerini a\u00e7\u0131klad\u0131: Askeri g\u00fc\u00e7lerimizi F\u0131rat&#039;\u0131n do\u011fusuna \u00e7ekiyoruz - Darka Mazi\" \/>\n<meta property=\"og:description\" content=\"Rojava\u00a0\u00a0\u00d6zerk Y\u00f6netimi, Halep\u2019te \u00e7at\u0131\u015fmalar\u0131n ya\u015fand\u0131\u011f\u0131 \u015eeyh Maksud ve E\u015frefiye mahallelerindeki askeri unsurlar\u0131n F\u0131rat\u2019\u0131n do\u011fusuna \u00e7ekilmesi y\u00f6n\u00fcndeki uluslararas\u0131 teklifi \u015fartl\u0131 olarak kabul etti\u011fini a\u00e7\u0131klad\u0131. A\u00e7\u0131klamada \u201cher iki mahallenin sakinleri i\u00e7in yerel bir K\u00fcrt koruma g\u00fcc\u00fcn\u00fcn ve yerel bir meclisin varl\u0131\u011f\u0131n\u0131n garanti edilmesi \u015fart\u0131na ba\u011fl\u0131\u201d olarak \u00e7ekilmeyi kabul etti\u011fi belirtildi. Rojava \u00d6zerk Y\u00f6netimi D\u0131\u015f \u0130li\u015fkiler Dairesi E\u015f [&hellip;]\" \/>\n<meta property=\"og:url\" content=\"https:\/\/darkamazi.site\/archives\/1036145\" \/>\n<meta property=\"og:site_name\" content=\"Darka Mazi\" \/>\n<meta property=\"article:publisher\" content=\"https:\/\/www.facebook.com\/DarkaMaziturkce\" \/>\n<meta property=\"article:published_time\" content=\"2026-01-09T22:55:03+00:00\" \/>\n<meta property=\"og:image\" content=\"https:\/\/darkamazi.site\/file\/2026\/01\/rojava-kurdistan-768x424-1.jpg\" \/>\n\t<meta property=\"og:image:width\" content=\"768\" \/>\n\t<meta property=\"og:image:height\" content=\"424\" \/>\n\t<meta property=\"og:image:type\" content=\"image\/jpeg\" \/>\n<meta name=\"author\" content=\"darka mazi\" \/>\n<meta name=\"twitter:card\" content=\"summary_large_image\" \/>\n<meta name=\"twitter:creator\" content=\"@DarkaMaziTurkce\" \/>\n<meta name=\"twitter:site\" content=\"@DarkaMaziTurkce\" \/>\n<meta name=\"twitter:label1\" content=\"Written by\" \/>\n\t<meta name=\"twitter:data1\" content=\"darka mazi\" \/>\n\t<meta name=\"twitter:label2\" content=\"Est. reading time\" \/>\n\t<meta name=\"twitter:data2\" content=\"2 minutes\" \/>\n<script type=\"application\/ld+json\" class=\"seo-schema-graph\">{\"@context\":\"https:\\\/\\\/schema.org\",\"@graph\":[{\"@type\":\"NewsArticle\",\"@id\":\"https:\\\/\\\/darkamazi.site\\\/archives\\\/1036145#article\",\"isPartOf\":{\"@id\":\"https:\\\/\\\/darkamazi.site\\\/archives\\\/1036145\"},\"author\":{\"name\":\"darka mazi\",\"@id\":\"https:\\\/\\\/darkamazi.site\\\/#\\\/schema\\\/person\\\/67986a95ac546c16760365877ef4a9d3\"},\"headline\":\"Rojava \u00d6zerk Y\u00f6netimi Uluslararas\u0131 teklifi kabul ettiklerini a\u00e7\u0131klad\u0131: Askeri g\u00fc\u00e7lerimizi F\u0131rat&#8217;\u0131n do\u011fusuna \u00e7ekiyoruz\",\"datePublished\":\"2026-01-09T22:55:03+00:00\",\"mainEntityOfPage\":{\"@id\":\"https:\\\/\\\/darkamazi.site\\\/archives\\\/1036145\"},\"wordCount\":419,\"publisher\":{\"@id\":\"https:\\\/\\\/darkamazi.site\\\/#organization\"},\"image\":{\"@id\":\"https:\\\/\\\/darkamazi.site\\\/archives\\\/1036145#primaryimage\"},\"thumbnailUrl\":\"https:\\\/\\\/darkamazi.site\\\/darka-content\\\/uploads\\\/2026\\\/01\\\/rojava-kurdistan-768x424-1.jpg\",\"keywords\":[\"\u00f6nemli\"],\"articleSection\":[\"Kurdistan\"],\"inLanguage\":\"en-US\"},{\"@type\":\"WebPage\",\"@id\":\"https:\\\/\\\/darkamazi.site\\\/archives\\\/1036145\",\"url\":\"https:\\\/\\\/darkamazi.site\\\/archives\\\/1036145\",\"name\":\"Rojava \u00d6zerk Y\u00f6netimi Uluslararas\u0131 teklifi kabul ettiklerini a\u00e7\u0131klad\u0131: Askeri g\u00fc\u00e7lerimizi F\u0131rat'\u0131n do\u011fusuna \u00e7ekiyoruz - Darka Mazi\",\"isPartOf\":{\"@id\":\"https:\\\/\\\/darkamazi.site\\\/#website\"},\"primaryImageOfPage\":{\"@id\":\"https:\\\/\\\/darkamazi.site\\\/archives\\\/1036145#primaryimage\"},\"image\":{\"@id\":\"https:\\\/\\\/darkamazi.site\\\/archives\\\/1036145#primaryimage\"},\"thumbnailUrl\":\"https:\\\/\\\/darkamazi.site\\\/darka-content\\\/uploads\\\/2026\\\/01\\\/rojava-kurdistan-768x424-1.jpg\",\"datePublished\":\"2026-01-09T22:55:03+00:00\",\"breadcrumb\":{\"@id\":\"https:\\\/\\\/darkamazi.site\\\/archives\\\/1036145#breadcrumb\"},\"inLanguage\":\"en-US\",\"potentialAction\":[{\"@type\":\"ReadAction\",\"target\":[\"https:\\\/\\\/darkamazi.site\\\/archives\\\/1036145\"]}]},{\"@type\":\"ImageObject\",\"inLanguage\":\"en-US\",\"@id\":\"https:\\\/\\\/darkamazi.site\\\/archives\\\/1036145#primaryimage\",\"url\":\"https:\\\/\\\/darkamazi.site\\\/darka-content\\\/uploads\\\/2026\\\/01\\\/rojava-kurdistan-768x424-1.jpg\",\"contentUrl\":\"https:\\\/\\\/darkamazi.site\\\/darka-content\\\/uploads\\\/2026\\\/01\\\/rojava-kurdistan-768x424-1.jpg\",\"width\":768,\"height\":424,\"caption\":\"Rojava \u00d6zerk Y\u00f6netimi Uluslararas\u0131 teklifi kabul ettiklerini a\u00e7\u0131klad\u0131: Askeri g\u00fc\u00e7lerimizi F\u0131rat'\u0131n do\u011fusuna \u00e7ekiyoruz\"},{\"@type\":\"BreadcrumbList\",\"@id\":\"https:\\\/\\\/darkamazi.site\\\/archives\\\/1036145#breadcrumb\",\"itemListElement\":[{\"@type\":\"ListItem\",\"position\":1,\"name\":\"Home\",\"item\":\"https:\\\/\\\/darkamazi.site\\\/\"},{\"@type\":\"ListItem\",\"position\":2,\"name\":\"Rojava \u00d6zerk Y\u00f6netimi Uluslararas\u0131 teklifi kabul ettiklerini a\u00e7\u0131klad\u0131: Askeri g\u00fc\u00e7lerimizi F\u0131rat&#8217;\u0131n do\u011fusuna \u00e7ekiyoruz\"}]},{\"@type\":\"WebSite\",\"@id\":\"https:\\\/\\\/darkamazi.site\\\/#website\",\"url\":\"https:\\\/\\\/darkamazi.site\\\/\",\"name\":\"Darka Mazi\",\"description\":\"Ana Sayfa\",\"publisher\":{\"@id\":\"https:\\\/\\\/darkamazi.site\\\/#organization\"},\"potentialAction\":[{\"@type\":\"SearchAction\",\"target\":{\"@type\":\"EntryPoint\",\"urlTemplate\":\"https:\\\/\\\/darkamazi.site\\\/?s={search_term_string}\"},\"query-input\":{\"@type\":\"PropertyValueSpecification\",\"valueRequired\":true,\"valueName\":\"search_term_string\"}}],\"inLanguage\":\"en-US\"},{\"@type\":\"Organization\",\"@id\":\"https:\\\/\\\/darkamazi.site\\\/#organization\",\"name\":\"Darka Mazi T\u00fcrk\u00e7e\",\"alternateName\":\"Darka Mazi\",\"url\":\"https:\\\/\\\/darkamazi.site\\\/\",\"logo\":{\"@type\":\"ImageObject\",\"inLanguage\":\"en-US\",\"@id\":\"https:\\\/\\\/darkamazi.site\\\/#\\\/schema\\\/logo\\\/image\\\/\",\"url\":\"https:\\\/\\\/darkamazi.site\\\/darka-content\\\/uploads\\\/2017\\\/12\\\/darka-mazi-logo.png\",\"contentUrl\":\"https:\\\/\\\/darkamazi.site\\\/darka-content\\\/uploads\\\/2017\\\/12\\\/darka-mazi-logo.png\",\"width\":151,\"height\":75,\"caption\":\"Darka Mazi T\u00fcrk\u00e7e\"},\"image\":{\"@id\":\"https:\\\/\\\/darkamazi.site\\\/#\\\/schema\\\/logo\\\/image\\\/\"},\"sameAs\":[\"https:\\\/\\\/www.facebook.com\\\/DarkaMaziturkce\",\"https:\\\/\\\/x.com\\\/DarkaMaziTurkce\"]},{\"@type\":\"Person\",\"@id\":\"https:\\\/\\\/darkamazi.site\\\/#\\\/schema\\\/person\\\/67986a95ac546c16760365877ef4a9d3\",\"name\":\"darka mazi\",\"sameAs\":[\"https:\\\/\\\/darkamazi.site\"],\"url\":\"https:\\\/\\\/darkamazi.site\\\/archives\\\/author\\\/turkish\"}]}<\/script>\n<!-- \/ Yoast SEO plugin. -->","seo_head_json":{"title":"Rojava \u00d6zerk Y\u00f6netimi Uluslararas\u0131 teklifi kabul ettiklerini a\u00e7\u0131klad\u0131: Askeri g\u00fc\u00e7lerimizi F\u0131rat'\u0131n do\u011fusuna \u00e7ekiyoruz - Darka Mazi","robots":{"index":"index","follow":"follow","max-snippet":"max-snippet:-1","max-image-preview":"max-image-preview:large","max-video-preview":"max-video-preview:-1"},"canonical":"https:\/\/darkamazi.site\/archives\/1036145","og_locale":"en_US","og_type":"article","og_title":"Rojava \u00d6zerk Y\u00f6netimi Uluslararas\u0131 teklifi kabul ettiklerini a\u00e7\u0131klad\u0131: Askeri g\u00fc\u00e7lerimizi F\u0131rat'\u0131n do\u011fusuna \u00e7ekiyoruz - Darka Mazi","og_description":"Rojava\u00a0\u00a0\u00d6zerk Y\u00f6netimi, Halep\u2019te \u00e7at\u0131\u015fmalar\u0131n ya\u015fand\u0131\u011f\u0131 \u015eeyh Maksud ve E\u015frefiye mahallelerindeki askeri unsurlar\u0131n F\u0131rat\u2019\u0131n do\u011fusuna \u00e7ekilmesi y\u00f6n\u00fcndeki uluslararas\u0131 teklifi \u015fartl\u0131 olarak kabul etti\u011fini a\u00e7\u0131klad\u0131. A\u00e7\u0131klamada \u201cher iki mahallenin sakinleri i\u00e7in yerel bir K\u00fcrt koruma g\u00fcc\u00fcn\u00fcn ve yerel bir meclisin varl\u0131\u011f\u0131n\u0131n garanti edilmesi \u015fart\u0131na ba\u011fl\u0131\u201d olarak \u00e7ekilmeyi kabul etti\u011fi belirtildi. Rojava \u00d6zerk Y\u00f6netimi D\u0131\u015f \u0130li\u015fkiler Dairesi E\u015f [&hellip;]","og_url":"https:\/\/darkamazi.site\/archives\/1036145","og_site_name":"Darka Mazi","article_publisher":"https:\/\/www.facebook.com\/DarkaMaziturkce","article_published_time":"2026-01-09T22:55:03+00:00","og_image":[{"width":768,"height":424,"url":"https:\/\/darkamazi.site\/file\/2026\/01\/rojava-kurdistan-768x424-1.jpg","type":"image\/jpeg"}],"author":"darka mazi","twitter_card":"summary_large_image","twitter_creator":"@DarkaMaziTurkce","twitter_site":"@DarkaMaziTurkce","twitter_misc":{"Written by":"darka mazi","Est. reading time":"2 minutes"},"schema":{"@context":"https:\/\/schema.org","@graph":[{"@type":"NewsArticle","@id":"https:\/\/darkamazi.site\/archives\/1036145#article","isPartOf":{"@id":"https:\/\/darkamazi.site\/archives\/1036145"},"author":{"name":"darka mazi","@id":"https:\/\/darkamazi.site\/#\/schema\/person\/67986a95ac546c16760365877ef4a9d3"},"headline":"Rojava \u00d6zerk Y\u00f6netimi Uluslararas\u0131 teklifi kabul ettiklerini a\u00e7\u0131klad\u0131: Askeri g\u00fc\u00e7lerimizi F\u0131rat&#8217;\u0131n do\u011fusuna \u00e7ekiyoruz","datePublished":"2026-01-09T22:55:03+00:00","mainEntityOfPage":{"@id":"https:\/\/darkamazi.site\/archives\/1036145"},"wordCount":419,"publisher":{"@id":"https:\/\/darkamazi.site\/#organization"},"image":{"@id":"https:\/\/darkamazi.site\/archives\/1036145#primaryimage"},"thumbnailUrl":"https:\/\/darkamazi.site\/file\/2026\/01\/rojava-kurdistan-768x424-1.jpg","keywords":["\u00f6nemli"],"articleSection":["Kurdistan"],"inLanguage":"en-US"},{"@type":"WebPage","@id":"https:\/\/darkamazi.site\/archives\/1036145","url":"https:\/\/darkamazi.site\/archives\/1036145","name":"Rojava \u00d6zerk Y\u00f6netimi Uluslararas\u0131 teklifi kabul ettiklerini a\u00e7\u0131klad\u0131: Askeri g\u00fc\u00e7lerimizi F\u0131rat'\u0131n do\u011fusuna \u00e7ekiyoruz - Darka Mazi","isPartOf":{"@id":"https:\/\/darkamazi.site\/#website"},"primaryImageOfPage":{"@id":"https:\/\/darkamazi.site\/archives\/1036145#primaryimage"},"image":{"@id":"https:\/\/darkamazi.site\/archives\/1036145#primaryimage"},"thumbnailUrl":"https:\/\/darkamazi.site\/file\/2026\/01\/rojava-kurdistan-768x424-1.jpg","datePublished":"2026-01-09T22:55:03+00:00","breadcrumb":{"@id":"https:\/\/darkamazi.site\/archives\/1036145#breadcrumb"},"inLanguage":"en-US","potentialAction":[{"@type":"ReadAction","target":["https:\/\/darkamazi.site\/archives\/1036145"]}]},{"@type":"ImageObject","inLanguage":"en-US","@id":"https:\/\/darkamazi.site\/archives\/1036145#primaryimage","url":"https:\/\/darkamazi.site\/file\/2026\/01\/rojava-kurdistan-768x424-1.jpg","contentUrl":"https:\/\/darkamazi.site\/file\/2026\/01\/rojava-kurdistan-768x424-1.jpg","width":768,"height":424,"caption":"Rojava \u00d6zerk Y\u00f6netimi Uluslararas\u0131 teklifi kabul ettiklerini a\u00e7\u0131klad\u0131: Askeri g\u00fc\u00e7lerimizi F\u0131rat'\u0131n do\u011fusuna \u00e7ekiyoruz"},{"@type":"BreadcrumbList","@id":"https:\/\/darkamazi.site\/archives\/1036145#breadcrumb","itemListElement":[{"@type":"ListItem","position":1,"name":"Home","item":"https:\/\/darkamazi.site\/"},{"@type":"ListItem","position":2,"name":"Rojava \u00d6zerk Y\u00f6netimi Uluslararas\u0131 teklifi kabul ettiklerini a\u00e7\u0131klad\u0131: Askeri g\u00fc\u00e7lerimizi F\u0131rat&#8217;\u0131n do\u011fusuna \u00e7ekiyoruz"}]},{"@type":"WebSite","@id":"https:\/\/darkamazi.site\/#website","url":"https:\/\/darkamazi.site\/","name":"Darka Mazi","description":"Ana Sayfa","publisher":{"@id":"https:\/\/darkamazi.site\/#organization"},"potentialAction":[{"@type":"SearchAction","target":{"@type":"EntryPoint","urlTemplate":"https:\/\/darkamazi.site\/?s={search_term_string}"},"query-input":{"@type":"PropertyValueSpecification","valueRequired":true,"valueName":"search_term_string"}}],"inLanguage":"en-US"},{"@type":"Organization","@id":"https:\/\/darkamazi.site\/#organization","name":"Darka Mazi T\u00fcrk\u00e7e","alternateName":"Darka Mazi","url":"https:\/\/darkamazi.site\/","logo":{"@type":"ImageObject","inLanguage":"en-US","@id":"https:\/\/darkamazi.site\/#\/schema\/logo\/image\/","url":"https:\/\/darkamazi.site\/file\/2017\/12\/darka-mazi-logo.png","contentUrl":"https:\/\/darkamazi.site\/file\/2017\/12\/darka-mazi-logo.png","width":151,"height":75,"caption":"Darka Mazi T\u00fcrk\u00e7e"},"image":{"@id":"https:\/\/darkamazi.site\/#\/schema\/logo\/image\/"},"sameAs":["https:\/\/www.facebook.com\/DarkaMaziturkce","https:\/\/x.com\/DarkaMaziTurkce"]},{"@type":"Person","@id":"https:\/\/darkamazi.site\/#\/schema\/person\/67986a95ac546c16760365877ef4a9d3","name":"darka mazi","sameAs":["https:\/\/darkamazi.site"],"url":"https:\/\/darkamazi.site\/archives\/author\/turkish"}]}},"_links":{"self":[{"href":"https:\/\/darkamazi.site\/funavuv\/wp\/v2\/posts\/1036145","targetHints":{"allow":["GET"]}}],"collection":[{"href":"https:\/\/darkamazi.site\/funavuv\/wp\/v2\/posts"}],"about":[{"href":"https:\/\/darkamazi.site\/funavuv\/wp\/v2\/types\/post"}],"author":[{"embeddable":true,"href":"https:\/\/darkamazi.site\/funavuv\/wp\/v2\/users\/2"}],"replies":[{"embeddable":true,"href":"https:\/\/darkamazi.site\/funavuv\/wp\/v2\/comments?post=1036145"}],"version-history":[{"count":0,"href":"https:\/\/darkamazi.site\/funavuv\/wp\/v2\/posts\/1036145\/revisions"}],"wp:featuredmedia":[{"embeddable":true,"href":"https:\/\/darkamazi.site\/funavuv\/wp\/v2\/media\/1036146"}],"wp:attachment":[{"href":"https:\/\/darkamazi.site\/funavuv\/wp\/v2\/media?parent=1036145"}],"wp:term":[{"taxonomy":"category","embeddable":true,"href":"https:\/\/darkamazi.site\/funavuv\/wp\/v2\/categories?post=1036145"},{"taxonomy":"post_tag","embeddable":true,"href":"https:\/\/darkamazi.site\/funavuv\/wp\/v2\/tags?post=1036145"}],"curies":[{"name":"wp","href":"https:\/\/api.w.org\/{rel}","templated":true}]}}