{"id":1036154,"date":"2026-01-10T17:09:14","date_gmt":"2026-01-10T14:09:14","guid":{"rendered":"https:\/\/darkamazi.site\/?p=1036154"},"modified":"2026-01-10T17:10:12","modified_gmt":"2026-01-10T14:10:12","slug":"kuzey-kurdistandaki-dort-kurt-partisinden-halep-ve-rojhilat-icin-ortak-aciklama","status":"publish","type":"post","link":"https:\/\/darkamazi.site\/archives\/1036154","title":{"rendered":"Kuzey K\u00fcrdistandaki d\u00f6rt K\u00fcrt partisinden Halep ve Rojhilat i\u00e7in ortak a\u00e7\u0131klama"},"content":{"rendered":"<p style=\"text-align: justify\">\u00a0HAK-PAR, PDK-BAKUR, PSK ve PWK; Halep\u2019teki K\u00fcrtlere y\u00f6nelik sald\u0131r\u0131lar\u0131 protesto etmek ve Rojhilat ile \u0130ran halklar\u0131n\u0131n ayaklanmas\u0131na destek vermek amac\u0131yla bug\u00fcn Diyarbak\u0131r\u2019da, G\u00fcneydo\u011fu Gazeteciler Cemiyeti\u2019nde bir bas\u0131n toplant\u0131s\u0131 d\u00fczenledi.<\/p>\n<p style=\"text-align: justify\">Bas\u0131n toplant\u0131s\u0131n\u0131n a\u00e7\u0131l\u0131\u015f\u0131nda PSK Genel Ba\u015fkan\u0131 Bayram Bozyel, toplant\u0131n\u0131n amac\u0131na dair k\u0131sa bir konu\u015fma yapt\u0131.<\/p>\n<p style=\"text-align: justify\">Ard\u0131ndan, PWK Genel Ba\u015fkan Yard\u0131mc\u0131s\u0131 Mehmet Can Azbay; HAK-PAR, PDK-BAKUR, PSK ve PWK\u2019nin ortak a\u00e7\u0131klamas\u0131n\u0131n K\u00fcrt\u00e7esini okudu. HAK-PAR Diyarbak\u0131r \u0130l Ba\u015fkan\u0131 Mustafa Okumu\u015f ise ortak a\u00e7\u0131klaman\u0131n T\u00fcrk\u00e7esini kamuoyuyla payla\u015ft\u0131.<\/p>\n<p style=\"text-align: justify\">Bas\u0131n toplant\u0131s\u0131na HAK-PAR, PDK-BAKUR, PSK ve PWK \u00fcye ve y\u00f6neticilerinin yan\u0131 s\u0131ra \u00e7ok say\u0131da K\u00fcrt siyaset\u00e7i ve ayd\u0131n kat\u0131ld\u0131.<\/p>\n<p style=\"text-align: justify\">HAK-PAR, PDK-BAKUR, PSK ve PWK\u2019nin ortak a\u00e7\u0131klamas\u0131 \u015f\u00f6yle:<\/p>\n<p style=\"text-align: justify\">\u201cSuriye Y\u00f6netimi&#8217;ne ba\u011fl\u0131 askeri g\u00fc\u00e7ler, g\u00fcnlerdir sivil-asker ayr\u0131m\u0131 g\u00f6zetmeksizin Halep\u2019in \u00e7o\u011funlu\u011fu K\u00fcrtlerden olu\u015fan \u015eeyh Maksut ve E\u015frefiye mahallelerini bombalamakta ve d\u00fc\u015fmanca sald\u0131r\u0131lar ger\u00e7ekle\u015ftirmektedir. Bu sald\u0131r\u0131lar sonucunda \u00e7ok say\u0131da \u00f6l\u00fc ve yaral\u0131 bulunmaktad\u0131r.<\/p>\n<p style=\"text-align: justify\">\u015eam y\u00f6netimi; \u0131rk\u00e7\u0131 ve \u015fovenist bir zihniyetle, bu sald\u0131r\u0131lar \u00fczerinden Halep\u2019in demografisini de\u011fi\u015ftirmek istemekte ve K\u00fcrt halk\u0131na y\u00f6nelik katliamlar\u0131n \u00f6n\u00fcn\u00fc a\u00e7maktad\u0131r. Bu sald\u0131r\u0131lar, Rojava K\u00fcrdistan\u0131 K\u00fcrtlerinin kazan\u0131mlar\u0131n\u0131 ortadan kald\u0131rma ve \u00fcniter, totaliter, \u015foven, tek\u00e7i, bir Arap devlet politikas\u0131n\u0131 hayata ge\u00e7irme denemesidir.<\/p>\n<p style=\"text-align: justify\"><strong>\u201cFederal bir anayasan\u0131n engellenmesi giri\u015fimidir\u201d<\/strong><\/p>\n<p style=\"text-align: justify\">Bu sald\u0131r\u0131lar, ayn\u0131 zamanda; Rojava K\u00fcrdistan\u0131\u2019n\u0131n (G\u00fcneybat\u0131 K\u00fcrdistan) siyasi stat\u00fcs\u00fcn\u00fcn engellenmesi; Suriye\u2019deki t\u00fcm etnik, dini, mezhepsel ve sosyal bile\u015fenlerin \u00f6zg\u00fcrl\u00fck, demokrasi, adalet ve e\u015fitlik m\u00fccadelesinin, federal bir anayasan\u0131n engellenmesi giri\u015fimidir.<\/p>\n<p style=\"text-align: justify\">\u015eam Y\u00f6netimi\u2019ne ba\u011fl\u0131 silahl\u0131 gruplar\u0131n sivil-asker ayr\u0131m\u0131 g\u00f6zetmeksizin Halep\u2019in \u00e7o\u011funlu\u011fu K\u00fcrtlerden olu\u015fan \u015eeyh Maksut ve E\u015frefiye mahallelerine y\u00f6nelik bu ter\u00f6rist sald\u0131r\u0131lar\u0131n\u0131 k\u0131n\u0131yoruz.<\/p>\n<p style=\"text-align: justify\">Uluslararas\u0131 Koalisyon\u2019a, Birle\u015fmi\u015f Milletler ve Avrupa Konseyi\u2019ne \u015eam Y\u00f6netimi\u2019nin bu sald\u0131r\u0131lar\u0131n\u0131 derhal durdurmas\u0131 i\u00e7in acilen somut bir tutum almas\u0131 \u00e7a\u011fr\u0131da bulunuyoruz. K\u00fcrdistan\u2019\u0131n d\u00f6rt par\u00e7as\u0131 ve diasporadaki t\u00fcm K\u00fcrtler, bu sald\u0131r\u0131lara kar\u015f\u0131 ortak bir tav\u0131rla ses \u00e7\u0131karmal\u0131 ve Rojava halk\u0131m\u0131z\u0131n davas\u0131na sahip \u00e7\u0131kmal\u0131d\u0131rlar.<\/p>\n<p style=\"text-align: justify\">T\u00fcrkiye Devleti\u2019ni Suriye\u2019deki \u0131rk\u00e7\u0131, \u015fiddet yanl\u0131s\u0131 g\u00fc\u00e7lere verdi\u011fi deste\u011fe ve K\u00fcrt kar\u015f\u0131t\u0131 siyasete son vermeye \u00e7a\u011f\u0131r\u0131yoruz.<\/p>\n<p style=\"text-align: justify\">\u00d6zerk Y\u00f6netim\u2019i ve Rojava K\u00fcrdistan\u0131\u2019ndaki t\u00fcm partileri; 26 Nisan 2025 tarihinde ger\u00e7ekle\u015fen Kam\u0131\u015fl\u0131 Konferans\u0131 \u00e7er\u00e7evesinde hareket etmeye \u00e7a\u011f\u0131r\u0131yoruz. Halk\u0131m\u0131z\u0131n milli ve demokratik haklar\u0131 ve siyasi bir stat\u00fc esas al\u0131narak konferansta se\u00e7ilen &#8220;Temsil Heyeti&#8221;nin halk\u0131m\u0131z\u0131 temsil etmesi ve daha aktif bir tutum i\u00e7inde olmas\u0131 gerekti\u011fini \u00f6nemle vurguluyoruz.<\/p>\n<p style=\"text-align: justify\">HAK-PAR, PDK-BAKUR, PSK ve PWK olarak, Rojava K\u00fcrdistan\u0131\u2019ndaki halk\u0131m\u0131z\u0131n milli, co\u011frafik, siyasi stat\u00fc m\u00fccadelesini ve Suriye\u2019deki t\u00fcm milli, etnik, dini, mezhebi, sosyal bile\u015fenlerin federal, demokratik, \u00f6zg\u00fcr bir Anayasa ve sistem i\u00e7in y\u00fcr\u00fctt\u00fc\u011f\u00fc m\u00fccadeleyi t\u00fcm g\u00fcc\u00fcm\u00fczle destekliyoruz.<\/p>\n<p style=\"text-align: justify\"><strong>&#8220;Rojhilat K\u00fcrdistan\u0131 ve \u0130ran halklar\u0131n\u0131n ayaklanmas\u0131n\u0131 destekliyoruz&#8221;<\/strong><\/p>\n<p style=\"text-align: justify\">28 Aral\u0131k 2025\u2019ten bu yana, \u0130ran ve Rojhilat K\u00fcrdistan\u0131 halklar\u0131, \u0130ran \u0130slam Rejimi\u2019nin zulm\u00fcne kar\u015f\u0131 kitlesel bir ayaklanma s\u00fcrd\u00fcrmektedir. Tahran\u2019da ekonomik taleplerle ba\u015flayan eylemler; kad\u0131nlar\u0131n, gen\u00e7lerin ve toplumun geni\u015f kesimlerinin kat\u0131l\u0131m\u0131yla bug\u00fcn rejim kar\u015f\u0131t\u0131 bir boyuta ula\u015fm\u0131\u015ft\u0131r.<\/p>\n<p style=\"text-align: justify\">\u0130ran Devleti\u2019nin bu me\u015fru ve bar\u0131\u015f\u00e7\u0131l \u00f6zg\u00fcrl\u00fck direni\u015fine y\u00f6nelik sald\u0131r\u0131lar\u0131 sonucunda, bug\u00fcne kadar yakla\u015f\u0131k 50 ki\u015fi hayat\u0131n\u0131 kaybetmi\u015f, \u00e7ok say\u0131da ki\u015fi yaralanm\u0131\u015ft\u0131r. G\u00f6zalt\u0131na al\u0131nanlar\u0131n ak\u0131beti ise bilinmemektedir.<\/p>\n<p style=\"text-align: justify\">\u0130ran \u0130slam Rejimi, on y\u0131llard\u0131r K\u00fcrt, Belu\u00e7 ve di\u011fer halklar \u00fczerinde bask\u0131, idam ve katliamlarla iktidar\u0131n\u0131 ayakta tutmaktad\u0131r. Ancak, K\u00fcrt milletinin ve \u0130ran\u2019daki t\u00fcm halklar\u0131n d\u00fc\u015fman\u0131 olan bu k\u00f6hne rejimin, ciddi bir \u00e7\u00fcr\u00fcme ve yok olu\u015f s\u00fcrecine girdi\u011fi a\u00e7\u0131kt\u0131r. Halklar\u0131n direni\u015fi, bu rejimin sonunu h\u0131zland\u0131racakt\u0131r.<\/p>\n<p style=\"text-align: justify\">Uluslararas\u0131 kurumlara, \u00f6zellikle Birle\u015fmi\u015f Milletler ve Avrupa Konseyi&#8217;ne, bu katliamlar\u0131 durdurmak i\u00e7in etkili bir tav\u0131r almalar\u0131 \u00e7a\u011fr\u0131s\u0131nda bulunuyoruz. D\u00fcnyadaki t\u00fcm bar\u0131\u015f ve demokrasi yanl\u0131s\u0131 g\u00fc\u00e7lerini de\u00a0 \u0130ran devletinin bask\u0131lar\u0131na kar\u015f\u0131 seslerini y\u00fckseltmeye \u00e7a\u011f\u0131r\u0131yoruz.<\/p>\n<p style=\"text-align: justify\">Do\u011fu K\u00fcrdistan halk\u0131n\u0131n \u00f6zg\u00fcrl\u00fc\u011f\u00fc, her \u015feyden \u00f6nce siyasi partilerin ulusal demokratik ittifak\u0131ndan ge\u00e7mektedir. Bu vesileyle 7 partiden olu\u015fan &#8220;\u0130ran K\u00fcrdistan\u0131 Siyasi Partileri\u2019nin\u00a0 \u0130\u015fbirli\u011fi \u0130\u00e7in Diyalog Merkezi&#8221;ni sayg\u0131yla selaml\u0131yoruz.<\/p>\n<p style=\"text-align: justify\">HAK-PAR, PDK-BAKUR, PSK ve PWK olarak; Do\u011fu K\u00fcrdistan\u2019daki halk\u0131m\u0131z\u0131 \u00f6zg\u00fcrl\u00fck m\u00fccadelesini ve \u0130ran ve Do\u011fu K\u00fcrdistan halklar\u0131n\u0131n zulme, katliamlara kar\u015f\u0131 ba\u015fkald\u0131r\u0131lar\u0131n\u0131; federal, demokratik, adil, \u00f6zg\u00fcr bir sistem ve gelecek i\u00e7in y\u00fcr\u00fctt\u00fckleri m\u00fccadeleyi t\u00fcm g\u00fcc\u00fcm\u00fczle destekliyoruz.\u201d<\/p>\n","protected":false},"excerpt":{"rendered":"<p>\u00a0HAK-PAR, PDK-BAKUR, PSK ve PWK; Halep\u2019teki K\u00fcrtlere y\u00f6nelik sald\u0131r\u0131lar\u0131 protesto etmek ve Rojhilat ile \u0130ran halklar\u0131n\u0131n ayaklanmas\u0131na destek vermek amac\u0131yla bug\u00fcn Diyarbak\u0131r\u2019da, G\u00fcneydo\u011fu Gazeteciler Cemiyeti\u2019nde bir bas\u0131n toplant\u0131s\u0131 d\u00fczenledi. Bas\u0131n toplant\u0131s\u0131n\u0131n a\u00e7\u0131l\u0131\u015f\u0131nda PSK Genel Ba\u015fkan\u0131 Bayram Bozyel, toplant\u0131n\u0131n amac\u0131na dair k\u0131sa bir konu\u015fma yapt\u0131. Ard\u0131ndan, PWK Genel Ba\u015fkan Yard\u0131mc\u0131s\u0131 Mehmet Can Azbay; HAK-PAR, PDK-BAKUR, PSK [&hellip;]<\/p>\n","protected":false},"author":2,"featured_media":1036155,"comment_status":"closed","ping_status":"closed","sticky":false,"template":"","format":"standard","meta":{"footnotes":""},"categories":[3],"tags":[31],"class_list":["post-1036154","post","type-post","status-publish","format-standard","has-post-thumbnail","hentry","category-kurdistan","tag-onemli"],"blocksy_meta":[],"seo_head":"<!-- This site is optimized with the Yoast SEO plugin v27.5 - https:\/\/yoast.com\/product\/yoast-seo-wordpress\/ -->\n<title>Kuzey K\u00fcrdistandaki d\u00f6rt K\u00fcrt partisinden Halep ve Rojhilat i\u00e7in ortak a\u00e7\u0131klama - Darka Mazi<\/title>\n<meta name=\"robots\" content=\"index, follow, max-snippet:-1, max-image-preview:large, max-video-preview:-1\" \/>\n<link rel=\"canonical\" href=\"https:\/\/darkamazi.site\/archives\/1036154\" \/>\n<meta property=\"og:locale\" content=\"en_US\" \/>\n<meta property=\"og:type\" content=\"article\" \/>\n<meta property=\"og:title\" content=\"Kuzey K\u00fcrdistandaki d\u00f6rt K\u00fcrt partisinden Halep ve Rojhilat i\u00e7in ortak a\u00e7\u0131klama - Darka Mazi\" \/>\n<meta property=\"og:description\" content=\"\u00a0HAK-PAR, PDK-BAKUR, PSK ve PWK; Halep\u2019teki K\u00fcrtlere y\u00f6nelik sald\u0131r\u0131lar\u0131 protesto etmek ve Rojhilat ile \u0130ran halklar\u0131n\u0131n ayaklanmas\u0131na destek vermek amac\u0131yla bug\u00fcn Diyarbak\u0131r\u2019da, G\u00fcneydo\u011fu Gazeteciler Cemiyeti\u2019nde bir bas\u0131n toplant\u0131s\u0131 d\u00fczenledi. Bas\u0131n toplant\u0131s\u0131n\u0131n a\u00e7\u0131l\u0131\u015f\u0131nda PSK Genel Ba\u015fkan\u0131 Bayram Bozyel, toplant\u0131n\u0131n amac\u0131na dair k\u0131sa bir konu\u015fma yapt\u0131. Ard\u0131ndan, PWK Genel Ba\u015fkan Yard\u0131mc\u0131s\u0131 Mehmet Can Azbay; HAK-PAR, PDK-BAKUR, PSK [&hellip;]\" \/>\n<meta property=\"og:url\" content=\"https:\/\/darkamazi.site\/archives\/1036154\" \/>\n<meta property=\"og:site_name\" content=\"Darka Mazi\" \/>\n<meta property=\"article:publisher\" content=\"https:\/\/www.facebook.com\/DarkaMaziturkce\" \/>\n<meta property=\"article:published_time\" content=\"2026-01-10T14:09:14+00:00\" \/>\n<meta property=\"article:modified_time\" content=\"2026-01-10T14:10:12+00:00\" \/>\n<meta property=\"og:image\" content=\"https:\/\/darkamazi.site\/file\/2026\/01\/Partiler-1.jpg\" \/>\n\t<meta property=\"og:image:width\" content=\"2040\" \/>\n\t<meta property=\"og:image:height\" content=\"1530\" \/>\n\t<meta property=\"og:image:type\" content=\"image\/jpeg\" \/>\n<meta name=\"author\" content=\"darka mazi\" \/>\n<meta name=\"twitter:card\" content=\"summary_large_image\" \/>\n<meta name=\"twitter:creator\" content=\"@DarkaMaziTurkce\" \/>\n<meta name=\"twitter:site\" content=\"@DarkaMaziTurkce\" \/>\n<meta name=\"twitter:label1\" content=\"Written by\" \/>\n\t<meta name=\"twitter:data1\" content=\"darka mazi\" \/>\n\t<meta name=\"twitter:label2\" content=\"Est. reading time\" \/>\n\t<meta name=\"twitter:data2\" content=\"3 minutes\" \/>\n<script type=\"application\/ld+json\" class=\"seo-schema-graph\">{\"@context\":\"https:\\\/\\\/schema.org\",\"@graph\":[{\"@type\":\"NewsArticle\",\"@id\":\"https:\\\/\\\/darkamazi.site\\\/archives\\\/1036154#article\",\"isPartOf\":{\"@id\":\"https:\\\/\\\/darkamazi.site\\\/archives\\\/1036154\"},\"author\":{\"name\":\"darka mazi\",\"@id\":\"https:\\\/\\\/darkamazi.site\\\/#\\\/schema\\\/person\\\/67986a95ac546c16760365877ef4a9d3\"},\"headline\":\"Kuzey K\u00fcrdistandaki d\u00f6rt K\u00fcrt partisinden Halep ve Rojhilat i\u00e7in ortak a\u00e7\u0131klama\",\"datePublished\":\"2026-01-10T14:09:14+00:00\",\"dateModified\":\"2026-01-10T14:10:12+00:00\",\"mainEntityOfPage\":{\"@id\":\"https:\\\/\\\/darkamazi.site\\\/archives\\\/1036154\"},\"wordCount\":937,\"publisher\":{\"@id\":\"https:\\\/\\\/darkamazi.site\\\/#organization\"},\"image\":{\"@id\":\"https:\\\/\\\/darkamazi.site\\\/archives\\\/1036154#primaryimage\"},\"thumbnailUrl\":\"https:\\\/\\\/darkamazi.site\\\/darka-content\\\/uploads\\\/2026\\\/01\\\/Partiler-1.jpg\",\"keywords\":[\"\u00f6nemli\"],\"articleSection\":[\"Kurdistan\"],\"inLanguage\":\"en-US\"},{\"@type\":\"WebPage\",\"@id\":\"https:\\\/\\\/darkamazi.site\\\/archives\\\/1036154\",\"url\":\"https:\\\/\\\/darkamazi.site\\\/archives\\\/1036154\",\"name\":\"Kuzey K\u00fcrdistandaki d\u00f6rt K\u00fcrt partisinden Halep ve Rojhilat i\u00e7in ortak a\u00e7\u0131klama - Darka Mazi\",\"isPartOf\":{\"@id\":\"https:\\\/\\\/darkamazi.site\\\/#website\"},\"primaryImageOfPage\":{\"@id\":\"https:\\\/\\\/darkamazi.site\\\/archives\\\/1036154#primaryimage\"},\"image\":{\"@id\":\"https:\\\/\\\/darkamazi.site\\\/archives\\\/1036154#primaryimage\"},\"thumbnailUrl\":\"https:\\\/\\\/darkamazi.site\\\/darka-content\\\/uploads\\\/2026\\\/01\\\/Partiler-1.jpg\",\"datePublished\":\"2026-01-10T14:09:14+00:00\",\"dateModified\":\"2026-01-10T14:10:12+00:00\",\"breadcrumb\":{\"@id\":\"https:\\\/\\\/darkamazi.site\\\/archives\\\/1036154#breadcrumb\"},\"inLanguage\":\"en-US\",\"potentialAction\":[{\"@type\":\"ReadAction\",\"target\":[\"https:\\\/\\\/darkamazi.site\\\/archives\\\/1036154\"]}]},{\"@type\":\"ImageObject\",\"inLanguage\":\"en-US\",\"@id\":\"https:\\\/\\\/darkamazi.site\\\/archives\\\/1036154#primaryimage\",\"url\":\"https:\\\/\\\/darkamazi.site\\\/darka-content\\\/uploads\\\/2026\\\/01\\\/Partiler-1.jpg\",\"contentUrl\":\"https:\\\/\\\/darkamazi.site\\\/darka-content\\\/uploads\\\/2026\\\/01\\\/Partiler-1.jpg\",\"width\":2040,\"height\":1530,\"caption\":\"Kuzey K\u00fcrdistandaki d\u00f6rt K\u00fcrt partisinden Halep ve Rojhilat i\u00e7in ortak a\u00e7\u0131klama\"},{\"@type\":\"BreadcrumbList\",\"@id\":\"https:\\\/\\\/darkamazi.site\\\/archives\\\/1036154#breadcrumb\",\"itemListElement\":[{\"@type\":\"ListItem\",\"position\":1,\"name\":\"Home\",\"item\":\"https:\\\/\\\/darkamazi.site\\\/\"},{\"@type\":\"ListItem\",\"position\":2,\"name\":\"Kuzey K\u00fcrdistandaki d\u00f6rt K\u00fcrt partisinden Halep ve Rojhilat i\u00e7in ortak a\u00e7\u0131klama\"}]},{\"@type\":\"WebSite\",\"@id\":\"https:\\\/\\\/darkamazi.site\\\/#website\",\"url\":\"https:\\\/\\\/darkamazi.site\\\/\",\"name\":\"Darka Mazi\",\"description\":\"Ana Sayfa\",\"publisher\":{\"@id\":\"https:\\\/\\\/darkamazi.site\\\/#organization\"},\"potentialAction\":[{\"@type\":\"SearchAction\",\"target\":{\"@type\":\"EntryPoint\",\"urlTemplate\":\"https:\\\/\\\/darkamazi.site\\\/?s={search_term_string}\"},\"query-input\":{\"@type\":\"PropertyValueSpecification\",\"valueRequired\":true,\"valueName\":\"search_term_string\"}}],\"inLanguage\":\"en-US\"},{\"@type\":\"Organization\",\"@id\":\"https:\\\/\\\/darkamazi.site\\\/#organization\",\"name\":\"Darka Mazi T\u00fcrk\u00e7e\",\"alternateName\":\"Darka Mazi\",\"url\":\"https:\\\/\\\/darkamazi.site\\\/\",\"logo\":{\"@type\":\"ImageObject\",\"inLanguage\":\"en-US\",\"@id\":\"https:\\\/\\\/darkamazi.site\\\/#\\\/schema\\\/logo\\\/image\\\/\",\"url\":\"https:\\\/\\\/darkamazi.site\\\/darka-content\\\/uploads\\\/2017\\\/12\\\/darka-mazi-logo.png\",\"contentUrl\":\"https:\\\/\\\/darkamazi.site\\\/darka-content\\\/uploads\\\/2017\\\/12\\\/darka-mazi-logo.png\",\"width\":151,\"height\":75,\"caption\":\"Darka Mazi T\u00fcrk\u00e7e\"},\"image\":{\"@id\":\"https:\\\/\\\/darkamazi.site\\\/#\\\/schema\\\/logo\\\/image\\\/\"},\"sameAs\":[\"https:\\\/\\\/www.facebook.com\\\/DarkaMaziturkce\",\"https:\\\/\\\/x.com\\\/DarkaMaziTurkce\"]},{\"@type\":\"Person\",\"@id\":\"https:\\\/\\\/darkamazi.site\\\/#\\\/schema\\\/person\\\/67986a95ac546c16760365877ef4a9d3\",\"name\":\"darka mazi\",\"sameAs\":[\"https:\\\/\\\/darkamazi.site\"],\"url\":\"https:\\\/\\\/darkamazi.site\\\/archives\\\/author\\\/turkish\"}]}<\/script>\n<!-- \/ Yoast SEO plugin. -->","seo_head_json":{"title":"Kuzey K\u00fcrdistandaki d\u00f6rt K\u00fcrt partisinden Halep ve Rojhilat i\u00e7in ortak a\u00e7\u0131klama - Darka Mazi","robots":{"index":"index","follow":"follow","max-snippet":"max-snippet:-1","max-image-preview":"max-image-preview:large","max-video-preview":"max-video-preview:-1"},"canonical":"https:\/\/darkamazi.site\/archives\/1036154","og_locale":"en_US","og_type":"article","og_title":"Kuzey K\u00fcrdistandaki d\u00f6rt K\u00fcrt partisinden Halep ve Rojhilat i\u00e7in ortak a\u00e7\u0131klama - Darka Mazi","og_description":"\u00a0HAK-PAR, PDK-BAKUR, PSK ve PWK; Halep\u2019teki K\u00fcrtlere y\u00f6nelik sald\u0131r\u0131lar\u0131 protesto etmek ve Rojhilat ile \u0130ran halklar\u0131n\u0131n ayaklanmas\u0131na destek vermek amac\u0131yla bug\u00fcn Diyarbak\u0131r\u2019da, G\u00fcneydo\u011fu Gazeteciler Cemiyeti\u2019nde bir bas\u0131n toplant\u0131s\u0131 d\u00fczenledi. Bas\u0131n toplant\u0131s\u0131n\u0131n a\u00e7\u0131l\u0131\u015f\u0131nda PSK Genel Ba\u015fkan\u0131 Bayram Bozyel, toplant\u0131n\u0131n amac\u0131na dair k\u0131sa bir konu\u015fma yapt\u0131. Ard\u0131ndan, PWK Genel Ba\u015fkan Yard\u0131mc\u0131s\u0131 Mehmet Can Azbay; HAK-PAR, PDK-BAKUR, PSK [&hellip;]","og_url":"https:\/\/darkamazi.site\/archives\/1036154","og_site_name":"Darka Mazi","article_publisher":"https:\/\/www.facebook.com\/DarkaMaziturkce","article_published_time":"2026-01-10T14:09:14+00:00","article_modified_time":"2026-01-10T14:10:12+00:00","og_image":[{"width":2040,"height":1530,"url":"https:\/\/darkamazi.site\/file\/2026\/01\/Partiler-1.jpg","type":"image\/jpeg"}],"author":"darka mazi","twitter_card":"summary_large_image","twitter_creator":"@DarkaMaziTurkce","twitter_site":"@DarkaMaziTurkce","twitter_misc":{"Written by":"darka mazi","Est. reading time":"3 minutes"},"schema":{"@context":"https:\/\/schema.org","@graph":[{"@type":"NewsArticle","@id":"https:\/\/darkamazi.site\/archives\/1036154#article","isPartOf":{"@id":"https:\/\/darkamazi.site\/archives\/1036154"},"author":{"name":"darka mazi","@id":"https:\/\/darkamazi.site\/#\/schema\/person\/67986a95ac546c16760365877ef4a9d3"},"headline":"Kuzey K\u00fcrdistandaki d\u00f6rt K\u00fcrt partisinden Halep ve Rojhilat i\u00e7in ortak a\u00e7\u0131klama","datePublished":"2026-01-10T14:09:14+00:00","dateModified":"2026-01-10T14:10:12+00:00","mainEntityOfPage":{"@id":"https:\/\/darkamazi.site\/archives\/1036154"},"wordCount":937,"publisher":{"@id":"https:\/\/darkamazi.site\/#organization"},"image":{"@id":"https:\/\/darkamazi.site\/archives\/1036154#primaryimage"},"thumbnailUrl":"https:\/\/darkamazi.site\/file\/2026\/01\/Partiler-1.jpg","keywords":["\u00f6nemli"],"articleSection":["Kurdistan"],"inLanguage":"en-US"},{"@type":"WebPage","@id":"https:\/\/darkamazi.site\/archives\/1036154","url":"https:\/\/darkamazi.site\/archives\/1036154","name":"Kuzey K\u00fcrdistandaki d\u00f6rt K\u00fcrt partisinden Halep ve Rojhilat i\u00e7in ortak a\u00e7\u0131klama - Darka Mazi","isPartOf":{"@id":"https:\/\/darkamazi.site\/#website"},"primaryImageOfPage":{"@id":"https:\/\/darkamazi.site\/archives\/1036154#primaryimage"},"image":{"@id":"https:\/\/darkamazi.site\/archives\/1036154#primaryimage"},"thumbnailUrl":"https:\/\/darkamazi.site\/file\/2026\/01\/Partiler-1.jpg","datePublished":"2026-01-10T14:09:14+00:00","dateModified":"2026-01-10T14:10:12+00:00","breadcrumb":{"@id":"https:\/\/darkamazi.site\/archives\/1036154#breadcrumb"},"inLanguage":"en-US","potentialAction":[{"@type":"ReadAction","target":["https:\/\/darkamazi.site\/archives\/1036154"]}]},{"@type":"ImageObject","inLanguage":"en-US","@id":"https:\/\/darkamazi.site\/archives\/1036154#primaryimage","url":"https:\/\/darkamazi.site\/file\/2026\/01\/Partiler-1.jpg","contentUrl":"https:\/\/darkamazi.site\/file\/2026\/01\/Partiler-1.jpg","width":2040,"height":1530,"caption":"Kuzey K\u00fcrdistandaki d\u00f6rt K\u00fcrt partisinden Halep ve Rojhilat i\u00e7in ortak a\u00e7\u0131klama"},{"@type":"BreadcrumbList","@id":"https:\/\/darkamazi.site\/archives\/1036154#breadcrumb","itemListElement":[{"@type":"ListItem","position":1,"name":"Home","item":"https:\/\/darkamazi.site\/"},{"@type":"ListItem","position":2,"name":"Kuzey K\u00fcrdistandaki d\u00f6rt K\u00fcrt partisinden Halep ve Rojhilat i\u00e7in ortak a\u00e7\u0131klama"}]},{"@type":"WebSite","@id":"https:\/\/darkamazi.site\/#website","url":"https:\/\/darkamazi.site\/","name":"Darka Mazi","description":"Ana Sayfa","publisher":{"@id":"https:\/\/darkamazi.site\/#organization"},"potentialAction":[{"@type":"SearchAction","target":{"@type":"EntryPoint","urlTemplate":"https:\/\/darkamazi.site\/?s={search_term_string}"},"query-input":{"@type":"PropertyValueSpecification","valueRequired":true,"valueName":"search_term_string"}}],"inLanguage":"en-US"},{"@type":"Organization","@id":"https:\/\/darkamazi.site\/#organization","name":"Darka Mazi T\u00fcrk\u00e7e","alternateName":"Darka Mazi","url":"https:\/\/darkamazi.site\/","logo":{"@type":"ImageObject","inLanguage":"en-US","@id":"https:\/\/darkamazi.site\/#\/schema\/logo\/image\/","url":"https:\/\/darkamazi.site\/file\/2017\/12\/darka-mazi-logo.png","contentUrl":"https:\/\/darkamazi.site\/file\/2017\/12\/darka-mazi-logo.png","width":151,"height":75,"caption":"Darka Mazi T\u00fcrk\u00e7e"},"image":{"@id":"https:\/\/darkamazi.site\/#\/schema\/logo\/image\/"},"sameAs":["https:\/\/www.facebook.com\/DarkaMaziturkce","https:\/\/x.com\/DarkaMaziTurkce"]},{"@type":"Person","@id":"https:\/\/darkamazi.site\/#\/schema\/person\/67986a95ac546c16760365877ef4a9d3","name":"darka mazi","sameAs":["https:\/\/darkamazi.site"],"url":"https:\/\/darkamazi.site\/archives\/author\/turkish"}]}},"_links":{"self":[{"href":"https:\/\/darkamazi.site\/funavuv\/wp\/v2\/posts\/1036154","targetHints":{"allow":["GET"]}}],"collection":[{"href":"https:\/\/darkamazi.site\/funavuv\/wp\/v2\/posts"}],"about":[{"href":"https:\/\/darkamazi.site\/funavuv\/wp\/v2\/types\/post"}],"author":[{"embeddable":true,"href":"https:\/\/darkamazi.site\/funavuv\/wp\/v2\/users\/2"}],"replies":[{"embeddable":true,"href":"https:\/\/darkamazi.site\/funavuv\/wp\/v2\/comments?post=1036154"}],"version-history":[{"count":0,"href":"https:\/\/darkamazi.site\/funavuv\/wp\/v2\/posts\/1036154\/revisions"}],"wp:featuredmedia":[{"embeddable":true,"href":"https:\/\/darkamazi.site\/funavuv\/wp\/v2\/media\/1036155"}],"wp:attachment":[{"href":"https:\/\/darkamazi.site\/funavuv\/wp\/v2\/media?parent=1036154"}],"wp:term":[{"taxonomy":"category","embeddable":true,"href":"https:\/\/darkamazi.site\/funavuv\/wp\/v2\/categories?post=1036154"},{"taxonomy":"post_tag","embeddable":true,"href":"https:\/\/darkamazi.site\/funavuv\/wp\/v2\/tags?post=1036154"}],"curies":[{"name":"wp","href":"https:\/\/api.w.org\/{rel}","templated":true}]}}