{"id":1036157,"date":"2026-01-10T17:35:43","date_gmt":"2026-01-10T14:35:43","guid":{"rendered":"https:\/\/darkamazi.site\/?p=1036157"},"modified":"2026-01-10T17:36:42","modified_gmt":"2026-01-10T14:36:42","slug":"ozerk-yonetimden-acil-cagri-halepteki-hastane-hedef-aliniyor","status":"publish","type":"post","link":"https:\/\/darkamazi.site\/archives\/1036157","title":{"rendered":"\u00d6zerk Y\u00f6netim&#8217;den &#8220;acil&#8221; \u00e7a\u011fr\u0131: Halep&#8217;teki hastane hedef al\u0131n\u0131yor"},"content":{"rendered":"<p>Kuzey ve Do\u011fu Suriye \u00d6zerk Y\u00f6netimi, Halep&#8217;in \u015eeyh Maksud mahallesindeki Halid Fecr Hastanesinin hedef al\u0131nmas\u0131 \u00fczerine uluslararas\u0131 topluma acil \u00e7a\u011fr\u0131da bulunarak, sald\u0131r\u0131lar\u0131n &#8220;soyk\u0131r\u0131m ve katliam&#8221; riski ta\u015f\u0131d\u0131\u011f\u0131 uyar\u0131s\u0131nda bulundu.<\/p>\n<p>\u00d6zerk Y\u00f6netim; 10 Ocak 2026 Cumartesi g\u00fcn\u00fc yay\u0131mlad\u0131\u011f\u0131 yaz\u0131l\u0131 a\u00e7\u0131klamada, yerel ve uluslararas\u0131 kamuoyuna, k\u00fcresel g\u00fc\u00e7lere ve insan haklar\u0131 \u00f6rg\u00fctlerine seslendi.<\/p>\n<p>A\u00e7\u0131klamada, sald\u0131r\u0131lar\u0131n ba\u015flad\u0131\u011f\u0131 ilk g\u00fcnden bu yana \u015eeyh Maksud mahallesindeki Halid Fecr Hastanesinin sistematik ve planl\u0131 bir \u015fekilde hedef al\u0131nd\u0131\u011f\u0131 belirtildi.<\/p>\n<p>Sivil bir sa\u011fl\u0131k kurulu\u015fu olan hastanenin s\u00fcrekli bombalanmas\u0131n\u0131n &#8220;sava\u015f su\u00e7u&#8221; te\u015fkil etti\u011fi ve uluslararas\u0131 hukukun a\u00e7\u0131k bir ihlali oldu\u011fu vurguland\u0131.<\/p>\n<p>A\u00e7\u0131klamada, &#8220;Bu durum, hasta, yaral\u0131 ve sa\u011fl\u0131k ekiplerinin hayat\u0131n\u0131 tehlikeye atman\u0131n yan\u0131 s\u0131ra, sa\u011fl\u0131k hizmetlerinin tamamen durmas\u0131 nedeniyle insani bir katliam ya\u015fanmas\u0131 konusunda ger\u00e7ek bir korku yaratmaktad\u0131r.&#8221; ifadelerine yer verildi.<\/p>\n<p>\u00d6zerk Y\u00f6netim&#8217;in \u00e7a\u011fr\u0131s\u0131nda, bombard\u0131man\u0131n devam etmesinin insani ve sa\u011fl\u0131k krizini derinle\u015ftirece\u011fi, sivilleri en temel hak olan tedavi hakk\u0131ndan mahrum b\u0131rakaca\u011f\u0131, can kay\u0131plar\u0131n\u0131 art\u0131raca\u011f\u0131 ve halk aras\u0131nda korku ve pani\u011fe neden olaca\u011f\u0131 uyar\u0131s\u0131 yap\u0131ld\u0131.<\/p>\n<p>A\u00e7\u0131klaman\u0131n sonunda; uluslararas\u0131 g\u00fc\u00e7ler, Birle\u015fmi\u015f Milletler (BM) ve insan haklar\u0131 \u00f6rg\u00fctlerine &#8220;acil m\u00fcdahale&#8221; \u00e7a\u011fr\u0131s\u0131nda bulunuldu.<\/p>\n<p>Bombard\u0131man\u0131n derhal durdurulmas\u0131, hastane ve sa\u011fl\u0131k kurulu\u015flar\u0131na tam koruma sa\u011flanmas\u0131 ve sa\u011fl\u0131k ekiplerinin \u00e7al\u0131\u015fmalar\u0131n\u0131 engelsiz bir \u015fekilde s\u00fcrd\u00fcrebilmesi i\u00e7in harekete ge\u00e7ilmesi talep edildi.<\/p>\n<p>\u00c7at\u0131\u015fmalar\u0131n ba\u015flad\u0131\u011f\u0131 6 Ocak\u2019tan bu yana \u015eeyh Maksud\u2019un tek ana sa\u011fl\u0131k merkezi olan Halid Fecir Hastanesi defalarca a\u011f\u0131r silahlarla vurulmu\u015ftu.<\/p>\n<p>Asayi\u015f yetkilileri, hastanenin sistematik olarak hedef al\u0131nmas\u0131n\u0131n uluslararas\u0131 insanc\u0131l hukukun a\u011f\u0131r bir ihlali oldu\u011funu hat\u0131rlatarak, sivil yerle\u015fim yerlerinde ve hastanelerde hi\u00e7bir askeri yap\u0131n\u0131n bulunmad\u0131\u011f\u0131n\u0131 yineledi.<\/p>\n","protected":false},"excerpt":{"rendered":"<p>Kuzey ve Do\u011fu Suriye \u00d6zerk Y\u00f6netimi, Halep&#8217;in \u015eeyh Maksud mahallesindeki Halid Fecr Hastanesinin hedef al\u0131nmas\u0131 \u00fczerine uluslararas\u0131 topluma acil \u00e7a\u011fr\u0131da bulunarak, sald\u0131r\u0131lar\u0131n &#8220;soyk\u0131r\u0131m ve katliam&#8221; riski ta\u015f\u0131d\u0131\u011f\u0131 uyar\u0131s\u0131nda bulundu. \u00d6zerk Y\u00f6netim; 10 Ocak 2026 Cumartesi g\u00fcn\u00fc yay\u0131mlad\u0131\u011f\u0131 yaz\u0131l\u0131 a\u00e7\u0131klamada, yerel ve uluslararas\u0131 kamuoyuna, k\u00fcresel g\u00fc\u00e7lere ve insan haklar\u0131 \u00f6rg\u00fctlerine seslendi. A\u00e7\u0131klamada, sald\u0131r\u0131lar\u0131n ba\u015flad\u0131\u011f\u0131 ilk g\u00fcnden [&hellip;]<\/p>\n","protected":false},"author":2,"featured_media":1036158,"comment_status":"closed","ping_status":"closed","sticky":false,"template":"","format":"standard","meta":{"footnotes":""},"categories":[3],"tags":[31],"class_list":["post-1036157","post","type-post","status-publish","format-standard","has-post-thumbnail","hentry","category-kurdistan","tag-onemli"],"blocksy_meta":[],"seo_head":"<!-- This site is optimized with the Yoast SEO plugin v27.5 - https:\/\/yoast.com\/product\/yoast-seo-wordpress\/ -->\n<title>\u00d6zerk Y\u00f6netim&#039;den &quot;acil&quot; \u00e7a\u011fr\u0131: Halep&#039;teki hastane hedef al\u0131n\u0131yor - Darka Mazi<\/title>\n<meta name=\"robots\" content=\"index, follow, max-snippet:-1, max-image-preview:large, max-video-preview:-1\" \/>\n<link rel=\"canonical\" href=\"https:\/\/darkamazi.site\/archives\/1036157\" \/>\n<meta property=\"og:locale\" content=\"en_US\" \/>\n<meta property=\"og:type\" content=\"article\" \/>\n<meta property=\"og:title\" content=\"\u00d6zerk Y\u00f6netim&#039;den &quot;acil&quot; \u00e7a\u011fr\u0131: Halep&#039;teki hastane hedef al\u0131n\u0131yor - Darka Mazi\" \/>\n<meta property=\"og:description\" content=\"Kuzey ve Do\u011fu Suriye \u00d6zerk Y\u00f6netimi, Halep&#8217;in \u015eeyh Maksud mahallesindeki Halid Fecr Hastanesinin hedef al\u0131nmas\u0131 \u00fczerine uluslararas\u0131 topluma acil \u00e7a\u011fr\u0131da bulunarak, sald\u0131r\u0131lar\u0131n &#8220;soyk\u0131r\u0131m ve katliam&#8221; riski ta\u015f\u0131d\u0131\u011f\u0131 uyar\u0131s\u0131nda bulundu. \u00d6zerk Y\u00f6netim; 10 Ocak 2026 Cumartesi g\u00fcn\u00fc yay\u0131mlad\u0131\u011f\u0131 yaz\u0131l\u0131 a\u00e7\u0131klamada, yerel ve uluslararas\u0131 kamuoyuna, k\u00fcresel g\u00fc\u00e7lere ve insan haklar\u0131 \u00f6rg\u00fctlerine seslendi. A\u00e7\u0131klamada, sald\u0131r\u0131lar\u0131n ba\u015flad\u0131\u011f\u0131 ilk g\u00fcnden [&hellip;]\" \/>\n<meta property=\"og:url\" content=\"https:\/\/darkamazi.site\/archives\/1036157\" \/>\n<meta property=\"og:site_name\" content=\"Darka Mazi\" \/>\n<meta property=\"article:publisher\" content=\"https:\/\/www.facebook.com\/DarkaMaziturkce\" \/>\n<meta property=\"article:published_time\" content=\"2026-01-10T14:35:43+00:00\" \/>\n<meta property=\"article:modified_time\" content=\"2026-01-10T14:36:42+00:00\" \/>\n<meta property=\"og:image\" content=\"https:\/\/darkamazi.site\/file\/2026\/01\/ozerk-yonetim.jpg\" \/>\n\t<meta property=\"og:image:width\" content=\"1562\" \/>\n\t<meta property=\"og:image:height\" content=\"878\" \/>\n\t<meta property=\"og:image:type\" content=\"image\/jpeg\" \/>\n<meta name=\"author\" content=\"darka mazi\" \/>\n<meta name=\"twitter:card\" content=\"summary_large_image\" \/>\n<meta name=\"twitter:creator\" content=\"@DarkaMaziTurkce\" \/>\n<meta name=\"twitter:site\" content=\"@DarkaMaziTurkce\" \/>\n<meta name=\"twitter:label1\" content=\"Written by\" \/>\n\t<meta name=\"twitter:data1\" content=\"darka mazi\" \/>\n\t<meta name=\"twitter:label2\" content=\"Est. reading time\" \/>\n\t<meta name=\"twitter:data2\" content=\"2 minutes\" \/>\n<script type=\"application\/ld+json\" class=\"seo-schema-graph\">{\"@context\":\"https:\\\/\\\/schema.org\",\"@graph\":[{\"@type\":\"NewsArticle\",\"@id\":\"https:\\\/\\\/darkamazi.site\\\/archives\\\/1036157#article\",\"isPartOf\":{\"@id\":\"https:\\\/\\\/darkamazi.site\\\/archives\\\/1036157\"},\"author\":{\"name\":\"darka mazi\",\"@id\":\"https:\\\/\\\/darkamazi.site\\\/#\\\/schema\\\/person\\\/67986a95ac546c16760365877ef4a9d3\"},\"headline\":\"\u00d6zerk Y\u00f6netim&#8217;den &#8220;acil&#8221; \u00e7a\u011fr\u0131: Halep&#8217;teki hastane hedef al\u0131n\u0131yor\",\"datePublished\":\"2026-01-10T14:35:43+00:00\",\"dateModified\":\"2026-01-10T14:36:42+00:00\",\"mainEntityOfPage\":{\"@id\":\"https:\\\/\\\/darkamazi.site\\\/archives\\\/1036157\"},\"wordCount\":364,\"publisher\":{\"@id\":\"https:\\\/\\\/darkamazi.site\\\/#organization\"},\"image\":{\"@id\":\"https:\\\/\\\/darkamazi.site\\\/archives\\\/1036157#primaryimage\"},\"thumbnailUrl\":\"https:\\\/\\\/darkamazi.site\\\/darka-content\\\/uploads\\\/2026\\\/01\\\/ozerk-yonetim.jpg\",\"keywords\":[\"\u00f6nemli\"],\"articleSection\":[\"Kurdistan\"],\"inLanguage\":\"en-US\"},{\"@type\":\"WebPage\",\"@id\":\"https:\\\/\\\/darkamazi.site\\\/archives\\\/1036157\",\"url\":\"https:\\\/\\\/darkamazi.site\\\/archives\\\/1036157\",\"name\":\"\u00d6zerk Y\u00f6netim'den \\\"acil\\\" \u00e7a\u011fr\u0131: Halep'teki hastane hedef al\u0131n\u0131yor - Darka Mazi\",\"isPartOf\":{\"@id\":\"https:\\\/\\\/darkamazi.site\\\/#website\"},\"primaryImageOfPage\":{\"@id\":\"https:\\\/\\\/darkamazi.site\\\/archives\\\/1036157#primaryimage\"},\"image\":{\"@id\":\"https:\\\/\\\/darkamazi.site\\\/archives\\\/1036157#primaryimage\"},\"thumbnailUrl\":\"https:\\\/\\\/darkamazi.site\\\/darka-content\\\/uploads\\\/2026\\\/01\\\/ozerk-yonetim.jpg\",\"datePublished\":\"2026-01-10T14:35:43+00:00\",\"dateModified\":\"2026-01-10T14:36:42+00:00\",\"breadcrumb\":{\"@id\":\"https:\\\/\\\/darkamazi.site\\\/archives\\\/1036157#breadcrumb\"},\"inLanguage\":\"en-US\",\"potentialAction\":[{\"@type\":\"ReadAction\",\"target\":[\"https:\\\/\\\/darkamazi.site\\\/archives\\\/1036157\"]}]},{\"@type\":\"ImageObject\",\"inLanguage\":\"en-US\",\"@id\":\"https:\\\/\\\/darkamazi.site\\\/archives\\\/1036157#primaryimage\",\"url\":\"https:\\\/\\\/darkamazi.site\\\/darka-content\\\/uploads\\\/2026\\\/01\\\/ozerk-yonetim.jpg\",\"contentUrl\":\"https:\\\/\\\/darkamazi.site\\\/darka-content\\\/uploads\\\/2026\\\/01\\\/ozerk-yonetim.jpg\",\"width\":1562,\"height\":878,\"caption\":\"\u00d6zerk Y\u00f6netim'den \\\"acil\\\" \u00e7a\u011fr\u0131: Halep'teki hastane hedef al\u0131n\u0131yor\"},{\"@type\":\"BreadcrumbList\",\"@id\":\"https:\\\/\\\/darkamazi.site\\\/archives\\\/1036157#breadcrumb\",\"itemListElement\":[{\"@type\":\"ListItem\",\"position\":1,\"name\":\"Home\",\"item\":\"https:\\\/\\\/darkamazi.site\\\/\"},{\"@type\":\"ListItem\",\"position\":2,\"name\":\"\u00d6zerk Y\u00f6netim&#8217;den &#8220;acil&#8221; \u00e7a\u011fr\u0131: Halep&#8217;teki hastane hedef al\u0131n\u0131yor\"}]},{\"@type\":\"WebSite\",\"@id\":\"https:\\\/\\\/darkamazi.site\\\/#website\",\"url\":\"https:\\\/\\\/darkamazi.site\\\/\",\"name\":\"Darka Mazi\",\"description\":\"Ana Sayfa\",\"publisher\":{\"@id\":\"https:\\\/\\\/darkamazi.site\\\/#organization\"},\"potentialAction\":[{\"@type\":\"SearchAction\",\"target\":{\"@type\":\"EntryPoint\",\"urlTemplate\":\"https:\\\/\\\/darkamazi.site\\\/?s={search_term_string}\"},\"query-input\":{\"@type\":\"PropertyValueSpecification\",\"valueRequired\":true,\"valueName\":\"search_term_string\"}}],\"inLanguage\":\"en-US\"},{\"@type\":\"Organization\",\"@id\":\"https:\\\/\\\/darkamazi.site\\\/#organization\",\"name\":\"Darka Mazi T\u00fcrk\u00e7e\",\"alternateName\":\"Darka Mazi\",\"url\":\"https:\\\/\\\/darkamazi.site\\\/\",\"logo\":{\"@type\":\"ImageObject\",\"inLanguage\":\"en-US\",\"@id\":\"https:\\\/\\\/darkamazi.site\\\/#\\\/schema\\\/logo\\\/image\\\/\",\"url\":\"https:\\\/\\\/darkamazi.site\\\/darka-content\\\/uploads\\\/2017\\\/12\\\/darka-mazi-logo.png\",\"contentUrl\":\"https:\\\/\\\/darkamazi.site\\\/darka-content\\\/uploads\\\/2017\\\/12\\\/darka-mazi-logo.png\",\"width\":151,\"height\":75,\"caption\":\"Darka Mazi T\u00fcrk\u00e7e\"},\"image\":{\"@id\":\"https:\\\/\\\/darkamazi.site\\\/#\\\/schema\\\/logo\\\/image\\\/\"},\"sameAs\":[\"https:\\\/\\\/www.facebook.com\\\/DarkaMaziturkce\",\"https:\\\/\\\/x.com\\\/DarkaMaziTurkce\"]},{\"@type\":\"Person\",\"@id\":\"https:\\\/\\\/darkamazi.site\\\/#\\\/schema\\\/person\\\/67986a95ac546c16760365877ef4a9d3\",\"name\":\"darka mazi\",\"sameAs\":[\"https:\\\/\\\/darkamazi.site\"],\"url\":\"https:\\\/\\\/darkamazi.site\\\/archives\\\/author\\\/turkish\"}]}<\/script>\n<!-- \/ Yoast SEO plugin. -->","seo_head_json":{"title":"\u00d6zerk Y\u00f6netim'den \"acil\" \u00e7a\u011fr\u0131: Halep'teki hastane hedef al\u0131n\u0131yor - Darka Mazi","robots":{"index":"index","follow":"follow","max-snippet":"max-snippet:-1","max-image-preview":"max-image-preview:large","max-video-preview":"max-video-preview:-1"},"canonical":"https:\/\/darkamazi.site\/archives\/1036157","og_locale":"en_US","og_type":"article","og_title":"\u00d6zerk Y\u00f6netim'den \"acil\" \u00e7a\u011fr\u0131: Halep'teki hastane hedef al\u0131n\u0131yor - Darka Mazi","og_description":"Kuzey ve Do\u011fu Suriye \u00d6zerk Y\u00f6netimi, Halep&#8217;in \u015eeyh Maksud mahallesindeki Halid Fecr Hastanesinin hedef al\u0131nmas\u0131 \u00fczerine uluslararas\u0131 topluma acil \u00e7a\u011fr\u0131da bulunarak, sald\u0131r\u0131lar\u0131n &#8220;soyk\u0131r\u0131m ve katliam&#8221; riski ta\u015f\u0131d\u0131\u011f\u0131 uyar\u0131s\u0131nda bulundu. \u00d6zerk Y\u00f6netim; 10 Ocak 2026 Cumartesi g\u00fcn\u00fc yay\u0131mlad\u0131\u011f\u0131 yaz\u0131l\u0131 a\u00e7\u0131klamada, yerel ve uluslararas\u0131 kamuoyuna, k\u00fcresel g\u00fc\u00e7lere ve insan haklar\u0131 \u00f6rg\u00fctlerine seslendi. A\u00e7\u0131klamada, sald\u0131r\u0131lar\u0131n ba\u015flad\u0131\u011f\u0131 ilk g\u00fcnden [&hellip;]","og_url":"https:\/\/darkamazi.site\/archives\/1036157","og_site_name":"Darka Mazi","article_publisher":"https:\/\/www.facebook.com\/DarkaMaziturkce","article_published_time":"2026-01-10T14:35:43+00:00","article_modified_time":"2026-01-10T14:36:42+00:00","og_image":[{"width":1562,"height":878,"url":"https:\/\/darkamazi.site\/file\/2026\/01\/ozerk-yonetim.jpg","type":"image\/jpeg"}],"author":"darka mazi","twitter_card":"summary_large_image","twitter_creator":"@DarkaMaziTurkce","twitter_site":"@DarkaMaziTurkce","twitter_misc":{"Written by":"darka mazi","Est. reading time":"2 minutes"},"schema":{"@context":"https:\/\/schema.org","@graph":[{"@type":"NewsArticle","@id":"https:\/\/darkamazi.site\/archives\/1036157#article","isPartOf":{"@id":"https:\/\/darkamazi.site\/archives\/1036157"},"author":{"name":"darka mazi","@id":"https:\/\/darkamazi.site\/#\/schema\/person\/67986a95ac546c16760365877ef4a9d3"},"headline":"\u00d6zerk Y\u00f6netim&#8217;den &#8220;acil&#8221; \u00e7a\u011fr\u0131: Halep&#8217;teki hastane hedef al\u0131n\u0131yor","datePublished":"2026-01-10T14:35:43+00:00","dateModified":"2026-01-10T14:36:42+00:00","mainEntityOfPage":{"@id":"https:\/\/darkamazi.site\/archives\/1036157"},"wordCount":364,"publisher":{"@id":"https:\/\/darkamazi.site\/#organization"},"image":{"@id":"https:\/\/darkamazi.site\/archives\/1036157#primaryimage"},"thumbnailUrl":"https:\/\/darkamazi.site\/file\/2026\/01\/ozerk-yonetim.jpg","keywords":["\u00f6nemli"],"articleSection":["Kurdistan"],"inLanguage":"en-US"},{"@type":"WebPage","@id":"https:\/\/darkamazi.site\/archives\/1036157","url":"https:\/\/darkamazi.site\/archives\/1036157","name":"\u00d6zerk Y\u00f6netim'den \"acil\" \u00e7a\u011fr\u0131: Halep'teki hastane hedef al\u0131n\u0131yor - Darka Mazi","isPartOf":{"@id":"https:\/\/darkamazi.site\/#website"},"primaryImageOfPage":{"@id":"https:\/\/darkamazi.site\/archives\/1036157#primaryimage"},"image":{"@id":"https:\/\/darkamazi.site\/archives\/1036157#primaryimage"},"thumbnailUrl":"https:\/\/darkamazi.site\/file\/2026\/01\/ozerk-yonetim.jpg","datePublished":"2026-01-10T14:35:43+00:00","dateModified":"2026-01-10T14:36:42+00:00","breadcrumb":{"@id":"https:\/\/darkamazi.site\/archives\/1036157#breadcrumb"},"inLanguage":"en-US","potentialAction":[{"@type":"ReadAction","target":["https:\/\/darkamazi.site\/archives\/1036157"]}]},{"@type":"ImageObject","inLanguage":"en-US","@id":"https:\/\/darkamazi.site\/archives\/1036157#primaryimage","url":"https:\/\/darkamazi.site\/file\/2026\/01\/ozerk-yonetim.jpg","contentUrl":"https:\/\/darkamazi.site\/file\/2026\/01\/ozerk-yonetim.jpg","width":1562,"height":878,"caption":"\u00d6zerk Y\u00f6netim'den \"acil\" \u00e7a\u011fr\u0131: Halep'teki hastane hedef al\u0131n\u0131yor"},{"@type":"BreadcrumbList","@id":"https:\/\/darkamazi.site\/archives\/1036157#breadcrumb","itemListElement":[{"@type":"ListItem","position":1,"name":"Home","item":"https:\/\/darkamazi.site\/"},{"@type":"ListItem","position":2,"name":"\u00d6zerk Y\u00f6netim&#8217;den &#8220;acil&#8221; \u00e7a\u011fr\u0131: Halep&#8217;teki hastane hedef al\u0131n\u0131yor"}]},{"@type":"WebSite","@id":"https:\/\/darkamazi.site\/#website","url":"https:\/\/darkamazi.site\/","name":"Darka Mazi","description":"Ana Sayfa","publisher":{"@id":"https:\/\/darkamazi.site\/#organization"},"potentialAction":[{"@type":"SearchAction","target":{"@type":"EntryPoint","urlTemplate":"https:\/\/darkamazi.site\/?s={search_term_string}"},"query-input":{"@type":"PropertyValueSpecification","valueRequired":true,"valueName":"search_term_string"}}],"inLanguage":"en-US"},{"@type":"Organization","@id":"https:\/\/darkamazi.site\/#organization","name":"Darka Mazi T\u00fcrk\u00e7e","alternateName":"Darka Mazi","url":"https:\/\/darkamazi.site\/","logo":{"@type":"ImageObject","inLanguage":"en-US","@id":"https:\/\/darkamazi.site\/#\/schema\/logo\/image\/","url":"https:\/\/darkamazi.site\/file\/2017\/12\/darka-mazi-logo.png","contentUrl":"https:\/\/darkamazi.site\/file\/2017\/12\/darka-mazi-logo.png","width":151,"height":75,"caption":"Darka Mazi T\u00fcrk\u00e7e"},"image":{"@id":"https:\/\/darkamazi.site\/#\/schema\/logo\/image\/"},"sameAs":["https:\/\/www.facebook.com\/DarkaMaziturkce","https:\/\/x.com\/DarkaMaziTurkce"]},{"@type":"Person","@id":"https:\/\/darkamazi.site\/#\/schema\/person\/67986a95ac546c16760365877ef4a9d3","name":"darka mazi","sameAs":["https:\/\/darkamazi.site"],"url":"https:\/\/darkamazi.site\/archives\/author\/turkish"}]}},"_links":{"self":[{"href":"https:\/\/darkamazi.site\/funavuv\/wp\/v2\/posts\/1036157","targetHints":{"allow":["GET"]}}],"collection":[{"href":"https:\/\/darkamazi.site\/funavuv\/wp\/v2\/posts"}],"about":[{"href":"https:\/\/darkamazi.site\/funavuv\/wp\/v2\/types\/post"}],"author":[{"embeddable":true,"href":"https:\/\/darkamazi.site\/funavuv\/wp\/v2\/users\/2"}],"replies":[{"embeddable":true,"href":"https:\/\/darkamazi.site\/funavuv\/wp\/v2\/comments?post=1036157"}],"version-history":[{"count":0,"href":"https:\/\/darkamazi.site\/funavuv\/wp\/v2\/posts\/1036157\/revisions"}],"wp:featuredmedia":[{"embeddable":true,"href":"https:\/\/darkamazi.site\/funavuv\/wp\/v2\/media\/1036158"}],"wp:attachment":[{"href":"https:\/\/darkamazi.site\/funavuv\/wp\/v2\/media?parent=1036157"}],"wp:term":[{"taxonomy":"category","embeddable":true,"href":"https:\/\/darkamazi.site\/funavuv\/wp\/v2\/categories?post=1036157"},{"taxonomy":"post_tag","embeddable":true,"href":"https:\/\/darkamazi.site\/funavuv\/wp\/v2\/tags?post=1036157"}],"curies":[{"name":"wp","href":"https:\/\/api.w.org\/{rel}","templated":true}]}}