{"id":1036161,"date":"2026-01-10T17:44:47","date_gmt":"2026-01-10T14:44:47","guid":{"rendered":"https:\/\/darkamazi.site\/?p=1036161"},"modified":"2026-01-10T17:44:47","modified_gmt":"2026-01-10T14:44:47","slug":"esrefiye-ve-seyh-maksud-catismalari-hatalar-riskler-ve-firsatlar","status":"publish","type":"post","link":"https:\/\/darkamazi.site\/archives\/1036161","title":{"rendered":"E\u015frefiye ve \u015eeyh Maksud \u00e7at\u0131\u015fmalar\u0131, hatalar, riskler ve f\u0131rsatlar\u2026"},"content":{"rendered":"<p style=\"text-align: justify\">Halep\u2019teki iki K\u00fcrt mahallesi E\u015frefiye ve \u015eeyh Maksud\u2019daki \u00e7at\u0131\u015fmalar devam ediyor. Hem bu iki mahalledeki K\u00fcrtler hem de d\u00f6rt par\u00e7a K\u00fcrdistan halk\u0131 Kobani\u2019deki gibi bir direni\u015f sergiledi. \u00a0Bu sat\u0131rlar yaz\u0131larken Rojava y\u00f6netimi g\u00fc\u00e7lerini \u00e7ekece\u011fini a\u00e7\u0131klad\u0131, fakat 1 Nisan anla\u015fmas\u0131na dikkat \u00e7ekti ve \u015fartl\u0131 kabul etti. \u015eimdilik bu anla\u015fman\u0131n uygulan\u0131p uygulanmayaca\u011f\u0131 tam olarak bilinmiyor.<\/p>\n<p style=\"text-align: justify\">Fakat Halep\u2019te ya\u015fananlar \u00f6yle bir oldu bitti ile \u00fczerinden atlanacak \u015feyler de\u011fil.<\/p>\n<p style=\"text-align: justify\">Halep \u00e7ok \u00f6nemli bir konumda. Halep\u2019ten \u00e7\u0131k\u0131nca do\u011fal olarak t\u00fcm F\u0131rat\u2019\u0131n Bat\u0131s\u0131ndan \u00e7\u0131km\u0131\u015f oluyorsunuz. Ve s\u0131ra ondan sonra geliyor Derazor ve Rakka\u2019ya.\u00a0 Yani F\u0131rat\u2019\u0131n bat\u0131s\u0131ndaki\u00a0 son noktaya geliyorsunuz. . Ayr\u0131ca Halep\u2019te Suriye\u2019nin en b\u00fcy\u00fck \u015fehri. O \u015fehirde n\u00fcfusu 400 binden fazla olan tekstil at\u00f6lyeleri olan \u00f6nemli iki mahalleyi kontrol etmek K\u00fcrtler i\u00e7in \u00f6nemliydi. Elbette ki \u015fimdi \u00e7\u0131k\u0131nca da K\u00fcrtler her \u015feyi kaybetmi\u015f olmayacak fakat kaybedilmeye de bilinirdi. Ve Suriye dosyas\u0131 daha kapanm\u0131\u015f de\u011fil, daha \u00e7ok tart\u0131\u015fma olacak. Bunun i\u00e7in Rojava y\u00f6netiminin sormas\u0131 gereken sorular, vermesi gereken cevaplar ve almas\u0131 gereken kararlar var.<\/p>\n<p style=\"text-align: justify\"><strong>K\u00fcrtler neden ba\u015far\u0131l\u0131 olam\u0131yor? <\/strong><\/p>\n<p style=\"text-align: justify\">3 y\u0131l \u00f6nce Rojava\u2019da K\u00fcrt g\u00fcc\u00fc\u00a0 Bat\u0131l\u0131 \u00fclkeler nezdinde kahramand\u0131, d\u00fcnyay\u0131 kurtaran kad\u0131nlard\u0131, \u00f6zg\u00fcrl\u00fck melekleriydi. \u00a0Tam da o zaman Colani\u2019de ter\u00f6rist bir radikal \u0130slamc\u0131yd\u0131. \u00dc\u00e7 y\u0131l sonra nas\u0131l oldu o ter\u00f6rist da d\u00fcnyay\u0131 kurtaran kad\u0131nlar\u0131n ve erkeklerin ordusuna, halk\u0131na me\u015fru bir g\u00fc\u00e7 olarak sald\u0131r\u0131yor. Ayn\u0131 g\u00fcn Avrupa heyetini a\u011f\u0131rlay\u0131p bir de \u00fcst\u00fcne para (hibe) al\u0131yor\u201d. Ne de\u011fi\u015fti, K\u00fcrtler neden o yere gelemedi?<\/p>\n<p style=\"text-align: justify\">Elbette ki d\u00fcnyada bir anti-K\u00fcrt nizam\u0131 var ve t\u00fcm k\u00f6\u015fe ba\u015flar\u0131 tutulmu\u015f. Ba\u015f\u0131n\u0131 baz\u0131 bat\u0131l\u0131 devletlerin ve lobilerin \u00e7ekti\u011fi yap\u0131lar K\u00fcrtlerin ekonomik ve siyasi g\u00fc\u00e7 olmas\u0131n\u0131 kendi \u00e7\u0131kar\u0131na uygun g\u00f6rm\u00fcyor. S\u00f6m\u00fcrgeci devletler de benzer bi\u00e7imde. Fakat bunlar i\u015fin bir yan\u0131. Rojava\u2019da 2012 y\u0131l\u0131ndan bu yana sistematik olarak yap\u0131lan bir hatalar zinciri var.<\/p>\n<p style=\"text-align: justify\"><strong>Rojava\u2019da PKK etkisi\u2026 <\/strong><\/p>\n<p style=\"text-align: justify\">Evet Rojava\u2019daki direni\u015fi sahipleniyoruz, her K\u00fcrt Rojava i\u00e7in elinden geleni yapmal\u0131d\u0131r. Fakat ge\u00e7mi\u015fi de hi\u00e7 ya\u015fanmam\u0131\u015f, her \u015feyi pir u pak g\u00f6remeyece\u011fimiz gibi ele\u015ftiri hakk\u0131m\u0131z da vard\u0131r. Bunun i\u00e7in net s\u00f6ylemek gerek; Arap Bahar\u0131n\u0131n ba\u015f\u0131ndan itibaren PKK, Rojava\u2019ya b\u00fcy\u00fck kaybettirdi. \u00a0Bunu s\u00f6yledi\u011fimiz zaman deniyor ki \u201cPKK, olmasa Rojava olmazd\u0131. Tam tersidir Rojava olmasa PKK son on y\u0131l \u00e7ok daha k\u00f6t\u00fc durumda olurdu. 2012\u2019den g\u00fcn\u00fcm\u00fcze PKK\u2019nin t\u00fcm ekonomisi, a\u011f\u0131r kadro yap\u0131s\u0131, geri cephesi, propaganda \u00e7al\u0131\u015fmalar\u0131 hepsi Rojava \u00fczerinden y\u00fcr\u00fct\u00fcld\u00fc. Avrupa\u2019da Amerika\u2019da kendine yer buldu. Evet PKK Rojava\u2019ya kadro g\u00f6nderdi, sistem kurdu ama sonra da o sistemin s\u0131rt\u0131na bindi. Ve Rojava\u2019n\u0131n bir Rojaval\u0131 kimlik kazanmas\u0131na engel oldu. S\u00fcrekli kadrolar\u0131n iradesine ipotek kondu.<\/p>\n<p style=\"text-align: justify\">Mesela Rojava\u2019n\u0131n K\u00fcrdistani taleplerinin olmamas\u0131 PKK\u2019nin ideolojik icad\u0131d\u0131r. \u00a0\u201cK\u00fcrt ve K\u00fcrdistani taleplerde\u201d bulunmad\u0131. Bunun yerine demokrasi, \u00f6zg\u00fcrl\u00fck, kad\u0131n haklar\u0131 vb s\u00f6ylemleri kulland\u0131. \u00d6yle bir duruma geldi ki neredeyse Rojava ad\u0131n\u0131 kullanan hain ilan edilecekti, ad\u0131n\u0131 \u201cBakure Suriye\u201d yapt\u0131lar. \u00a0G\u00fcl gibi federalizm, konfederalizm, gibi kavramlar varken kimse ne istediklerini anlams\u0131n diye Kanton diye sistem uydurdular.\u00a0 Rojava K\u00fcrtlere sald\u0131r\u0131n\u0131n merkezi yap\u0131ld\u0131. K\u00fcrt d\u00fc\u015fmanl\u0131\u011f\u0131n\u0131n merkezi yap\u0131ld\u0131. \u00a0Rojava muallakta tutuldu. Neden? Bunlar \u00f6ng\u00f6r\u00fcs\u00fczl\u00fck de\u011fildi veya hata de\u011fildi bunlar bilin\u00e7li tercihlerdi. Ve t\u00fcm bunlar\u0131n arkas\u0131nda \u00d6calan vard\u0131.<\/p>\n<p style=\"text-align: justify\"><strong>\u00d6calan ve yine \u00d6calan\u2026. <\/strong><\/p>\n<p style=\"text-align: justify\">Suriye\u2019de s\u00fcre\u00e7 ba\u015flad\u0131\u011f\u0131 zaman yani 2012 y\u0131l\u0131nda yine \u00d6calan bir \u00e7\u00f6z\u00fcm s\u00fcreci ile ortaya \u00e7\u0131kt\u0131 ve Rojava s\u00fcrecine m\u00fcdahale etti. Rojava\u2019y\u0131 Bat\u0131\u2019dan uzak tutmaya te\u015fvik etti. \u00d6calan 2012 y\u0131l\u0131nda Rojava i\u00e7in \u015f\u00f6yle s\u00f6yleyecekti \u201c\u0130srail\u2019in k\u00fc\u00e7\u00fck K\u00fcrt devleti oyununa kanmay\u0131n, biz haklar\u0131n \u00f6zg\u00fcrl\u00fck sistemini kuraca\u011f\u0131z\u201d yani \u00d6calan o zaman Rojava\u2019y\u0131 sistem i\u00e7inde tutmak istedi. \u0130ster T\u00fcrkiye ister Esad ama yeter ki sistem i\u00e7in olsun. \u00d6yle oldu. Bundan T\u00fcrkiye daha kazan\u00e7l\u0131 \u00e7\u0131kt\u0131.<\/p>\n<p style=\"text-align: justify\">Efrin\u2019i, Sere Kaniye\u2019yi i\u015fgal etti, \u00e7eteleri buraya yerle\u015ftirip bir geri cephe kurdu, toprak kazand\u0131.<\/p>\n<p style=\"text-align: justify\">Yine \u00d6calan tam Esad rejiminin d\u00fc\u015ft\u00fc\u011f\u00fc d\u00f6nemde ortaya \u00e7\u0131kt\u0131. Ve Rojava\u2019y\u0131 oyalad\u0131. Ha T\u00fcrkiye ile anla\u015fma olacak, ha \u00e7\u00f6z\u00fcm s\u00fcreci denirken Rojava Esad\u2019\u0131n ilk devrildi\u011fi 6 ay\u0131 kaybetti. Colani pragmatik yakla\u015ft\u0131, herkese s\u00f6zler verdi, kullan\u0131\u015fl\u0131 bir duru\u015f g\u00f6sterdi ve siyaseti ele ald\u0131. \u00a0O arada Rojava halk\u0131 \u201cKom\u00fcnal sosyalizm ve \u00d6calan\u2019a \u00f6zg\u00fcrl\u00fck\u201d sloganlar\u0131 atmak i\u00e7in sokaklarda y\u00fcr\u00fct\u00fcl\u00fcyordu. Nisan ay\u0131nda yapt\u0131\u011f\u0131 g\u00f6r\u00fc\u015fmede Rojava i\u00e7in \u201c\u0130srail\u2019in Ha\u015fdi \u015eabisi olmu\u015flar\u201d dedi.\u00a0 Yani Rojava\u2019da bir y\u0131ld\u0131r K\u00fcrtlerin elini kolunu ba\u011flad\u0131. Hi\u00e7 kimse ile ili\u015fkilenmesine izin vermiyorlar.<\/p>\n<p style=\"text-align: justify\">\u00a0\u00a0\u0130mral\u0131-Kandil-T\u00fcrk devleti aras\u0131ndaki iki \u00e7\u00f6z\u00fcm s\u00fcreci de Rojava\u2019da b\u00fcy\u00fck bir sapma ve eksen kaymas\u0131na yol a\u00e7t\u0131. \u00c7\u00fcnk\u00fc zaten bu s\u00fcre\u00e7ler \u00d6calan\u2019\u0131n Rojava\u2019y\u0131 yanl\u0131\u015f bir mecraya y\u00f6nlendirmesi i\u00e7in organize edilmi\u015fti.<\/p>\n<p style=\"text-align: justify\">Acaba Rojava y\u00f6netimi bunu g\u00f6rebiliyor mu? Bunu y\u0131kacak g\u00fcc\u00fc var m\u0131 bilemiyoruz. \u00c7\u00fcnk\u00fc bundan sonraki s\u00fcreci bu belirleyecek. Rojava y\u00f6netimi \u00d6calan\u2019\u0131n kendilerini manip\u00fclasyonunu durdurmal\u0131lar. \u00a0\u00d6calan\u2019\u0131 t\u00fcmden reddetmeseler bile sadece manevi veya sembolik bir lider kabul edip kendini kaderini \u00d6calan\u2019\u0131n elinden almak zorundad\u0131r.<\/p>\n<p style=\"text-align: justify\">Di\u011fer bir zorundal\u0131klar\u0131 da \u015fudur Rojava\u2019da sorun K\u00fcrt olarak anayasaya ge\u00e7me sorunudur. Bunun i\u00e7in hayali kavramlarla de\u011fil somut ve K\u00fcrdistani taleplerle sahaya \u00e7\u0131kmal\u0131d\u0131r.<\/p>\n","protected":false},"excerpt":{"rendered":"<p>Halep\u2019teki iki K\u00fcrt mahallesi E\u015frefiye ve \u015eeyh Maksud\u2019daki \u00e7at\u0131\u015fmalar devam ediyor. Hem bu iki mahalledeki K\u00fcrtler hem de d\u00f6rt par\u00e7a K\u00fcrdistan halk\u0131 Kobani\u2019deki gibi bir direni\u015f sergiledi. \u00a0Bu sat\u0131rlar yaz\u0131larken Rojava y\u00f6netimi g\u00fc\u00e7lerini \u00e7ekece\u011fini a\u00e7\u0131klad\u0131, fakat 1 Nisan anla\u015fmas\u0131na dikkat \u00e7ekti ve \u015fartl\u0131 kabul etti. \u015eimdilik bu anla\u015fman\u0131n uygulan\u0131p uygulanmayaca\u011f\u0131 tam olarak bilinmiyor. Fakat Halep\u2019te [&hellip;]<\/p>\n","protected":false},"author":2,"featured_media":1036162,"comment_status":"closed","ping_status":"closed","sticky":false,"template":"","format":"standard","meta":{"footnotes":""},"categories":[7],"tags":[31],"class_list":["post-1036161","post","type-post","status-publish","format-standard","has-post-thumbnail","hentry","category-editorden","tag-onemli"],"blocksy_meta":[],"seo_head":"<!-- This site is optimized with the Yoast SEO plugin v27.5 - https:\/\/yoast.com\/product\/yoast-seo-wordpress\/ -->\n<title>E\u015frefiye ve \u015eeyh Maksud \u00e7at\u0131\u015fmalar\u0131, hatalar, riskler ve f\u0131rsatlar\u2026 - Darka Mazi<\/title>\n<meta name=\"robots\" content=\"index, follow, max-snippet:-1, max-image-preview:large, max-video-preview:-1\" \/>\n<link rel=\"canonical\" href=\"https:\/\/darkamazi.site\/archives\/1036161\" \/>\n<meta property=\"og:locale\" content=\"en_US\" \/>\n<meta property=\"og:type\" content=\"article\" \/>\n<meta property=\"og:title\" content=\"E\u015frefiye ve \u015eeyh Maksud \u00e7at\u0131\u015fmalar\u0131, hatalar, riskler ve f\u0131rsatlar\u2026 - Darka Mazi\" \/>\n<meta property=\"og:description\" content=\"Halep\u2019teki iki K\u00fcrt mahallesi E\u015frefiye ve \u015eeyh Maksud\u2019daki \u00e7at\u0131\u015fmalar devam ediyor. Hem bu iki mahalledeki K\u00fcrtler hem de d\u00f6rt par\u00e7a K\u00fcrdistan halk\u0131 Kobani\u2019deki gibi bir direni\u015f sergiledi. \u00a0Bu sat\u0131rlar yaz\u0131larken Rojava y\u00f6netimi g\u00fc\u00e7lerini \u00e7ekece\u011fini a\u00e7\u0131klad\u0131, fakat 1 Nisan anla\u015fmas\u0131na dikkat \u00e7ekti ve \u015fartl\u0131 kabul etti. \u015eimdilik bu anla\u015fman\u0131n uygulan\u0131p uygulanmayaca\u011f\u0131 tam olarak bilinmiyor. Fakat Halep\u2019te [&hellip;]\" \/>\n<meta property=\"og:url\" content=\"https:\/\/darkamazi.site\/archives\/1036161\" \/>\n<meta property=\"og:site_name\" content=\"Darka Mazi\" \/>\n<meta property=\"article:publisher\" content=\"https:\/\/www.facebook.com\/DarkaMaziturkce\" \/>\n<meta property=\"article:published_time\" content=\"2026-01-10T14:44:47+00:00\" \/>\n<meta property=\"og:image\" content=\"https:\/\/darkamazi.site\/file\/2026\/01\/esrefiye.jpg\" \/>\n\t<meta property=\"og:image:width\" content=\"900\" \/>\n\t<meta property=\"og:image:height\" content=\"475\" \/>\n\t<meta property=\"og:image:type\" content=\"image\/jpeg\" \/>\n<meta name=\"author\" content=\"darka mazi\" \/>\n<meta name=\"twitter:card\" content=\"summary_large_image\" \/>\n<meta name=\"twitter:creator\" content=\"@DarkaMaziTurkce\" \/>\n<meta name=\"twitter:site\" content=\"@DarkaMaziTurkce\" \/>\n<meta name=\"twitter:label1\" content=\"Written by\" \/>\n\t<meta name=\"twitter:data1\" content=\"darka mazi\" \/>\n\t<meta name=\"twitter:label2\" content=\"Est. reading time\" \/>\n\t<meta name=\"twitter:data2\" content=\"4 minutes\" \/>\n<script type=\"application\/ld+json\" class=\"seo-schema-graph\">{\"@context\":\"https:\\\/\\\/schema.org\",\"@graph\":[{\"@type\":\"NewsArticle\",\"@id\":\"https:\\\/\\\/darkamazi.site\\\/archives\\\/1036161#article\",\"isPartOf\":{\"@id\":\"https:\\\/\\\/darkamazi.site\\\/archives\\\/1036161\"},\"author\":{\"name\":\"darka mazi\",\"@id\":\"https:\\\/\\\/darkamazi.site\\\/#\\\/schema\\\/person\\\/67986a95ac546c16760365877ef4a9d3\"},\"headline\":\"E\u015frefiye ve \u015eeyh Maksud \u00e7at\u0131\u015fmalar\u0131, hatalar, riskler ve f\u0131rsatlar\u2026\",\"datePublished\":\"2026-01-10T14:44:47+00:00\",\"mainEntityOfPage\":{\"@id\":\"https:\\\/\\\/darkamazi.site\\\/archives\\\/1036161\"},\"wordCount\":1040,\"publisher\":{\"@id\":\"https:\\\/\\\/darkamazi.site\\\/#organization\"},\"image\":{\"@id\":\"https:\\\/\\\/darkamazi.site\\\/archives\\\/1036161#primaryimage\"},\"thumbnailUrl\":\"https:\\\/\\\/darkamazi.site\\\/darka-content\\\/uploads\\\/2026\\\/01\\\/esrefiye.jpg\",\"keywords\":[\"\u00f6nemli\"],\"articleSection\":[\"Edit\u00f6rden\"],\"inLanguage\":\"en-US\"},{\"@type\":\"WebPage\",\"@id\":\"https:\\\/\\\/darkamazi.site\\\/archives\\\/1036161\",\"url\":\"https:\\\/\\\/darkamazi.site\\\/archives\\\/1036161\",\"name\":\"E\u015frefiye ve \u015eeyh Maksud \u00e7at\u0131\u015fmalar\u0131, hatalar, riskler ve f\u0131rsatlar\u2026 - Darka Mazi\",\"isPartOf\":{\"@id\":\"https:\\\/\\\/darkamazi.site\\\/#website\"},\"primaryImageOfPage\":{\"@id\":\"https:\\\/\\\/darkamazi.site\\\/archives\\\/1036161#primaryimage\"},\"image\":{\"@id\":\"https:\\\/\\\/darkamazi.site\\\/archives\\\/1036161#primaryimage\"},\"thumbnailUrl\":\"https:\\\/\\\/darkamazi.site\\\/darka-content\\\/uploads\\\/2026\\\/01\\\/esrefiye.jpg\",\"datePublished\":\"2026-01-10T14:44:47+00:00\",\"breadcrumb\":{\"@id\":\"https:\\\/\\\/darkamazi.site\\\/archives\\\/1036161#breadcrumb\"},\"inLanguage\":\"en-US\",\"potentialAction\":[{\"@type\":\"ReadAction\",\"target\":[\"https:\\\/\\\/darkamazi.site\\\/archives\\\/1036161\"]}]},{\"@type\":\"ImageObject\",\"inLanguage\":\"en-US\",\"@id\":\"https:\\\/\\\/darkamazi.site\\\/archives\\\/1036161#primaryimage\",\"url\":\"https:\\\/\\\/darkamazi.site\\\/darka-content\\\/uploads\\\/2026\\\/01\\\/esrefiye.jpg\",\"contentUrl\":\"https:\\\/\\\/darkamazi.site\\\/darka-content\\\/uploads\\\/2026\\\/01\\\/esrefiye.jpg\",\"width\":900,\"height\":475,\"caption\":\"E\u015frefiye ve \u015eeyh Maksud \u00e7at\u0131\u015fmalar\u0131, hatalar, riskler ve f\u0131rsatlar\u2026\"},{\"@type\":\"BreadcrumbList\",\"@id\":\"https:\\\/\\\/darkamazi.site\\\/archives\\\/1036161#breadcrumb\",\"itemListElement\":[{\"@type\":\"ListItem\",\"position\":1,\"name\":\"Home\",\"item\":\"https:\\\/\\\/darkamazi.site\\\/\"},{\"@type\":\"ListItem\",\"position\":2,\"name\":\"E\u015frefiye ve \u015eeyh Maksud \u00e7at\u0131\u015fmalar\u0131, hatalar, riskler ve f\u0131rsatlar\u2026\"}]},{\"@type\":\"WebSite\",\"@id\":\"https:\\\/\\\/darkamazi.site\\\/#website\",\"url\":\"https:\\\/\\\/darkamazi.site\\\/\",\"name\":\"Darka Mazi\",\"description\":\"Ana Sayfa\",\"publisher\":{\"@id\":\"https:\\\/\\\/darkamazi.site\\\/#organization\"},\"potentialAction\":[{\"@type\":\"SearchAction\",\"target\":{\"@type\":\"EntryPoint\",\"urlTemplate\":\"https:\\\/\\\/darkamazi.site\\\/?s={search_term_string}\"},\"query-input\":{\"@type\":\"PropertyValueSpecification\",\"valueRequired\":true,\"valueName\":\"search_term_string\"}}],\"inLanguage\":\"en-US\"},{\"@type\":\"Organization\",\"@id\":\"https:\\\/\\\/darkamazi.site\\\/#organization\",\"name\":\"Darka Mazi T\u00fcrk\u00e7e\",\"alternateName\":\"Darka Mazi\",\"url\":\"https:\\\/\\\/darkamazi.site\\\/\",\"logo\":{\"@type\":\"ImageObject\",\"inLanguage\":\"en-US\",\"@id\":\"https:\\\/\\\/darkamazi.site\\\/#\\\/schema\\\/logo\\\/image\\\/\",\"url\":\"https:\\\/\\\/darkamazi.site\\\/darka-content\\\/uploads\\\/2017\\\/12\\\/darka-mazi-logo.png\",\"contentUrl\":\"https:\\\/\\\/darkamazi.site\\\/darka-content\\\/uploads\\\/2017\\\/12\\\/darka-mazi-logo.png\",\"width\":151,\"height\":75,\"caption\":\"Darka Mazi T\u00fcrk\u00e7e\"},\"image\":{\"@id\":\"https:\\\/\\\/darkamazi.site\\\/#\\\/schema\\\/logo\\\/image\\\/\"},\"sameAs\":[\"https:\\\/\\\/www.facebook.com\\\/DarkaMaziturkce\",\"https:\\\/\\\/x.com\\\/DarkaMaziTurkce\"]},{\"@type\":\"Person\",\"@id\":\"https:\\\/\\\/darkamazi.site\\\/#\\\/schema\\\/person\\\/67986a95ac546c16760365877ef4a9d3\",\"name\":\"darka mazi\",\"sameAs\":[\"https:\\\/\\\/darkamazi.site\"],\"url\":\"https:\\\/\\\/darkamazi.site\\\/archives\\\/author\\\/turkish\"}]}<\/script>\n<!-- \/ Yoast SEO plugin. -->","seo_head_json":{"title":"E\u015frefiye ve \u015eeyh Maksud \u00e7at\u0131\u015fmalar\u0131, hatalar, riskler ve f\u0131rsatlar\u2026 - Darka Mazi","robots":{"index":"index","follow":"follow","max-snippet":"max-snippet:-1","max-image-preview":"max-image-preview:large","max-video-preview":"max-video-preview:-1"},"canonical":"https:\/\/darkamazi.site\/archives\/1036161","og_locale":"en_US","og_type":"article","og_title":"E\u015frefiye ve \u015eeyh Maksud \u00e7at\u0131\u015fmalar\u0131, hatalar, riskler ve f\u0131rsatlar\u2026 - Darka Mazi","og_description":"Halep\u2019teki iki K\u00fcrt mahallesi E\u015frefiye ve \u015eeyh Maksud\u2019daki \u00e7at\u0131\u015fmalar devam ediyor. Hem bu iki mahalledeki K\u00fcrtler hem de d\u00f6rt par\u00e7a K\u00fcrdistan halk\u0131 Kobani\u2019deki gibi bir direni\u015f sergiledi. \u00a0Bu sat\u0131rlar yaz\u0131larken Rojava y\u00f6netimi g\u00fc\u00e7lerini \u00e7ekece\u011fini a\u00e7\u0131klad\u0131, fakat 1 Nisan anla\u015fmas\u0131na dikkat \u00e7ekti ve \u015fartl\u0131 kabul etti. \u015eimdilik bu anla\u015fman\u0131n uygulan\u0131p uygulanmayaca\u011f\u0131 tam olarak bilinmiyor. Fakat Halep\u2019te [&hellip;]","og_url":"https:\/\/darkamazi.site\/archives\/1036161","og_site_name":"Darka Mazi","article_publisher":"https:\/\/www.facebook.com\/DarkaMaziturkce","article_published_time":"2026-01-10T14:44:47+00:00","og_image":[{"width":900,"height":475,"url":"https:\/\/darkamazi.site\/file\/2026\/01\/esrefiye.jpg","type":"image\/jpeg"}],"author":"darka mazi","twitter_card":"summary_large_image","twitter_creator":"@DarkaMaziTurkce","twitter_site":"@DarkaMaziTurkce","twitter_misc":{"Written by":"darka mazi","Est. reading time":"4 minutes"},"schema":{"@context":"https:\/\/schema.org","@graph":[{"@type":"NewsArticle","@id":"https:\/\/darkamazi.site\/archives\/1036161#article","isPartOf":{"@id":"https:\/\/darkamazi.site\/archives\/1036161"},"author":{"name":"darka mazi","@id":"https:\/\/darkamazi.site\/#\/schema\/person\/67986a95ac546c16760365877ef4a9d3"},"headline":"E\u015frefiye ve \u015eeyh Maksud \u00e7at\u0131\u015fmalar\u0131, hatalar, riskler ve f\u0131rsatlar\u2026","datePublished":"2026-01-10T14:44:47+00:00","mainEntityOfPage":{"@id":"https:\/\/darkamazi.site\/archives\/1036161"},"wordCount":1040,"publisher":{"@id":"https:\/\/darkamazi.site\/#organization"},"image":{"@id":"https:\/\/darkamazi.site\/archives\/1036161#primaryimage"},"thumbnailUrl":"https:\/\/darkamazi.site\/file\/2026\/01\/esrefiye.jpg","keywords":["\u00f6nemli"],"articleSection":["Edit\u00f6rden"],"inLanguage":"en-US"},{"@type":"WebPage","@id":"https:\/\/darkamazi.site\/archives\/1036161","url":"https:\/\/darkamazi.site\/archives\/1036161","name":"E\u015frefiye ve \u015eeyh Maksud \u00e7at\u0131\u015fmalar\u0131, hatalar, riskler ve f\u0131rsatlar\u2026 - Darka Mazi","isPartOf":{"@id":"https:\/\/darkamazi.site\/#website"},"primaryImageOfPage":{"@id":"https:\/\/darkamazi.site\/archives\/1036161#primaryimage"},"image":{"@id":"https:\/\/darkamazi.site\/archives\/1036161#primaryimage"},"thumbnailUrl":"https:\/\/darkamazi.site\/file\/2026\/01\/esrefiye.jpg","datePublished":"2026-01-10T14:44:47+00:00","breadcrumb":{"@id":"https:\/\/darkamazi.site\/archives\/1036161#breadcrumb"},"inLanguage":"en-US","potentialAction":[{"@type":"ReadAction","target":["https:\/\/darkamazi.site\/archives\/1036161"]}]},{"@type":"ImageObject","inLanguage":"en-US","@id":"https:\/\/darkamazi.site\/archives\/1036161#primaryimage","url":"https:\/\/darkamazi.site\/file\/2026\/01\/esrefiye.jpg","contentUrl":"https:\/\/darkamazi.site\/file\/2026\/01\/esrefiye.jpg","width":900,"height":475,"caption":"E\u015frefiye ve \u015eeyh Maksud \u00e7at\u0131\u015fmalar\u0131, hatalar, riskler ve f\u0131rsatlar\u2026"},{"@type":"BreadcrumbList","@id":"https:\/\/darkamazi.site\/archives\/1036161#breadcrumb","itemListElement":[{"@type":"ListItem","position":1,"name":"Home","item":"https:\/\/darkamazi.site\/"},{"@type":"ListItem","position":2,"name":"E\u015frefiye ve \u015eeyh Maksud \u00e7at\u0131\u015fmalar\u0131, hatalar, riskler ve f\u0131rsatlar\u2026"}]},{"@type":"WebSite","@id":"https:\/\/darkamazi.site\/#website","url":"https:\/\/darkamazi.site\/","name":"Darka Mazi","description":"Ana Sayfa","publisher":{"@id":"https:\/\/darkamazi.site\/#organization"},"potentialAction":[{"@type":"SearchAction","target":{"@type":"EntryPoint","urlTemplate":"https:\/\/darkamazi.site\/?s={search_term_string}"},"query-input":{"@type":"PropertyValueSpecification","valueRequired":true,"valueName":"search_term_string"}}],"inLanguage":"en-US"},{"@type":"Organization","@id":"https:\/\/darkamazi.site\/#organization","name":"Darka Mazi T\u00fcrk\u00e7e","alternateName":"Darka Mazi","url":"https:\/\/darkamazi.site\/","logo":{"@type":"ImageObject","inLanguage":"en-US","@id":"https:\/\/darkamazi.site\/#\/schema\/logo\/image\/","url":"https:\/\/darkamazi.site\/file\/2017\/12\/darka-mazi-logo.png","contentUrl":"https:\/\/darkamazi.site\/file\/2017\/12\/darka-mazi-logo.png","width":151,"height":75,"caption":"Darka Mazi T\u00fcrk\u00e7e"},"image":{"@id":"https:\/\/darkamazi.site\/#\/schema\/logo\/image\/"},"sameAs":["https:\/\/www.facebook.com\/DarkaMaziturkce","https:\/\/x.com\/DarkaMaziTurkce"]},{"@type":"Person","@id":"https:\/\/darkamazi.site\/#\/schema\/person\/67986a95ac546c16760365877ef4a9d3","name":"darka mazi","sameAs":["https:\/\/darkamazi.site"],"url":"https:\/\/darkamazi.site\/archives\/author\/turkish"}]}},"_links":{"self":[{"href":"https:\/\/darkamazi.site\/funavuv\/wp\/v2\/posts\/1036161","targetHints":{"allow":["GET"]}}],"collection":[{"href":"https:\/\/darkamazi.site\/funavuv\/wp\/v2\/posts"}],"about":[{"href":"https:\/\/darkamazi.site\/funavuv\/wp\/v2\/types\/post"}],"author":[{"embeddable":true,"href":"https:\/\/darkamazi.site\/funavuv\/wp\/v2\/users\/2"}],"replies":[{"embeddable":true,"href":"https:\/\/darkamazi.site\/funavuv\/wp\/v2\/comments?post=1036161"}],"version-history":[{"count":0,"href":"https:\/\/darkamazi.site\/funavuv\/wp\/v2\/posts\/1036161\/revisions"}],"wp:featuredmedia":[{"embeddable":true,"href":"https:\/\/darkamazi.site\/funavuv\/wp\/v2\/media\/1036162"}],"wp:attachment":[{"href":"https:\/\/darkamazi.site\/funavuv\/wp\/v2\/media?parent=1036161"}],"wp:term":[{"taxonomy":"category","embeddable":true,"href":"https:\/\/darkamazi.site\/funavuv\/wp\/v2\/categories?post=1036161"},{"taxonomy":"post_tag","embeddable":true,"href":"https:\/\/darkamazi.site\/funavuv\/wp\/v2\/tags?post=1036161"}],"curies":[{"name":"wp","href":"https:\/\/api.w.org\/{rel}","templated":true}]}}