{"id":1036164,"date":"2026-01-11T10:12:22","date_gmt":"2026-01-11T07:12:22","guid":{"rendered":"https:\/\/darkamazi.site\/?p=1036164"},"modified":"2026-01-11T10:12:22","modified_gmt":"2026-01-11T07:12:22","slug":"mazlum-abdi-uluslararasi-taraflarin-arabuluculuguyla-catismalarin-durdurulmasi-icin-anlasmaya-vardik","status":"publish","type":"post","link":"https:\/\/darkamazi.site\/archives\/1036164","title":{"rendered":"Mazlum Abdi: &#8220;Uluslararas\u0131 taraflar\u0131n arabuluculu\u011fuyla, \u00e7at\u0131\u015fmalar\u0131n durdurulmas\u0131 i\u00e7in anla\u015fmaya vard\u0131k&#8221;"},"content":{"rendered":"<p style=\"text-align: justify\">DSG Genel Komutan\u0131 Mazlum Abdi, \u201cUluslararas\u0131 taraflar\u0131n arabuluculu\u011fuyla Halep&#8217;teki halk\u0131m\u0131z\u0131n haklar\u0131na y\u00f6nelik sald\u0131r\u0131lar\u0131 ve ihlalleri durdurmak i\u00e7in bir anla\u015fmaya vard\u0131k\u201d ifadelerini kulland\u0131.<\/p>\n<p style=\"text-align: justify\">Demokratik Suriye G\u00fc\u00e7leri (DSG) Genel Komutan\u0131 Mazlum Abdi, Halep\u2019teki \u00e7at\u0131\u015fmalara ili\u015fkin a\u00e7\u0131klamada bulundu.<\/p>\n<p style=\"text-align: justify\">X \u00fczerinden a\u00e7\u0131klama yapan Abdi, \u201c\u00e7at\u0131\u015fmalar\u0131n durdurulmas\u0131 i\u00e7in anla\u015fmaya var\u0131ld\u0131\u011f\u0131n\u0131\u201d kaydetti.<\/p>\n<p style=\"text-align: justify\">Abdi\u2019nin a\u00e7\u0131klamas\u0131 \u015f\u00f6yle:<\/p>\n<p style=\"text-align: justify\">&#8220;Uluslararas\u0131 taraflar\u0131n arabuluculu\u011fuyla Halep&#8217;teki halk\u0131m\u0131z\u0131n haklar\u0131na y\u00f6nelik sald\u0131r\u0131lar\u0131 ve ihlalleri durdurmak i\u00e7in bir anla\u015fmaya vard\u0131k.<\/p>\n<p style=\"text-align: justify\">Bu anla\u015fma, ate\u015fkesin sa\u011flanmas\u0131n\u0131 ve \u015fehitlerin, yaral\u0131lar\u0131n, mahsur kalan sivillerin ve sava\u015f\u00e7\u0131lar\u0131n E\u015frefiye ve \u015eeyh Maksud mahallelerinden Kuzey ve Do\u011fu Suriye&#8217;ye g\u00fcvenli bir \u015fekilde \u00e7\u0131kar\u0131lmas\u0131n\u0131 \u00f6ng\u00f6rmektedir.<\/p>\n<p style=\"text-align: justify\">Arabulucular\u0131, verdikleri s\u00f6zlere uymaya, ihlalleri durdurmaya ve g\u00f6\u00e7menlerin evlerine g\u00fcvenli bir \u015fekilde d\u00f6nmeleri i\u00e7in \u00e7al\u0131\u015fmaya \u00e7a\u011f\u0131r\u0131yoruz.<\/p>\n<p style=\"text-align: justify\">\u015eeyh Maksud ve E\u015frefiye&#8217;nin direni\u015f\u00e7ilerine, \u015fehitlerine, yolda\u015flar\u0131na, ailelerine ve direnen sivillere b\u00fcy\u00fck bir sayg\u0131 ve onurla selam olsun.\u00a0 \u015eehitlerin ailelerine ve halk\u0131m\u0131za ba\u015fsa\u011fl\u0131\u011f\u0131 diledi\u011fimiz gibi kendimize de ba\u015fsa\u011fl\u0131\u011f\u0131 diliyor, yaral\u0131lara acil \u015fifalar diliyoruz.&#8221;<\/p>\n","protected":false},"excerpt":{"rendered":"<p>DSG Genel Komutan\u0131 Mazlum Abdi, \u201cUluslararas\u0131 taraflar\u0131n arabuluculu\u011fuyla Halep&#8217;teki halk\u0131m\u0131z\u0131n haklar\u0131na y\u00f6nelik sald\u0131r\u0131lar\u0131 ve ihlalleri durdurmak i\u00e7in bir anla\u015fmaya vard\u0131k\u201d ifadelerini kulland\u0131. Demokratik Suriye G\u00fc\u00e7leri (DSG) Genel Komutan\u0131 Mazlum Abdi, Halep\u2019teki \u00e7at\u0131\u015fmalara ili\u015fkin a\u00e7\u0131klamada bulundu. X \u00fczerinden a\u00e7\u0131klama yapan Abdi, \u201c\u00e7at\u0131\u015fmalar\u0131n durdurulmas\u0131 i\u00e7in anla\u015fmaya var\u0131ld\u0131\u011f\u0131n\u0131\u201d kaydetti. Abdi\u2019nin a\u00e7\u0131klamas\u0131 \u015f\u00f6yle: &#8220;Uluslararas\u0131 taraflar\u0131n arabuluculu\u011fuyla Halep&#8217;teki halk\u0131m\u0131z\u0131n haklar\u0131na [&hellip;]<\/p>\n","protected":false},"author":2,"featured_media":1036165,"comment_status":"closed","ping_status":"closed","sticky":false,"template":"","format":"standard","meta":{"footnotes":""},"categories":[3],"tags":[31],"class_list":["post-1036164","post","type-post","status-publish","format-standard","has-post-thumbnail","hentry","category-kurdistan","tag-onemli"],"blocksy_meta":[],"seo_head":"<!-- This site is optimized with the Yoast SEO plugin v27.5 - https:\/\/yoast.com\/product\/yoast-seo-wordpress\/ -->\n<title>Mazlum Abdi: &quot;Uluslararas\u0131 taraflar\u0131n arabuluculu\u011fuyla, \u00e7at\u0131\u015fmalar\u0131n durdurulmas\u0131 i\u00e7in anla\u015fmaya vard\u0131k&quot; - Darka Mazi<\/title>\n<meta name=\"robots\" content=\"index, follow, max-snippet:-1, max-image-preview:large, max-video-preview:-1\" \/>\n<link rel=\"canonical\" href=\"https:\/\/darkamazi.site\/archives\/1036164\" \/>\n<meta property=\"og:locale\" content=\"en_US\" \/>\n<meta property=\"og:type\" content=\"article\" \/>\n<meta property=\"og:title\" content=\"Mazlum Abdi: &quot;Uluslararas\u0131 taraflar\u0131n arabuluculu\u011fuyla, \u00e7at\u0131\u015fmalar\u0131n durdurulmas\u0131 i\u00e7in anla\u015fmaya vard\u0131k&quot; - Darka Mazi\" \/>\n<meta property=\"og:description\" content=\"DSG Genel Komutan\u0131 Mazlum Abdi, \u201cUluslararas\u0131 taraflar\u0131n arabuluculu\u011fuyla Halep&#8217;teki halk\u0131m\u0131z\u0131n haklar\u0131na y\u00f6nelik sald\u0131r\u0131lar\u0131 ve ihlalleri durdurmak i\u00e7in bir anla\u015fmaya vard\u0131k\u201d ifadelerini kulland\u0131. Demokratik Suriye G\u00fc\u00e7leri (DSG) Genel Komutan\u0131 Mazlum Abdi, Halep\u2019teki \u00e7at\u0131\u015fmalara ili\u015fkin a\u00e7\u0131klamada bulundu. X \u00fczerinden a\u00e7\u0131klama yapan Abdi, \u201c\u00e7at\u0131\u015fmalar\u0131n durdurulmas\u0131 i\u00e7in anla\u015fmaya var\u0131ld\u0131\u011f\u0131n\u0131\u201d kaydetti. Abdi\u2019nin a\u00e7\u0131klamas\u0131 \u015f\u00f6yle: &#8220;Uluslararas\u0131 taraflar\u0131n arabuluculu\u011fuyla Halep&#8217;teki halk\u0131m\u0131z\u0131n haklar\u0131na [&hellip;]\" \/>\n<meta property=\"og:url\" content=\"https:\/\/darkamazi.site\/archives\/1036164\" \/>\n<meta property=\"og:site_name\" content=\"Darka Mazi\" \/>\n<meta property=\"article:publisher\" content=\"https:\/\/www.facebook.com\/DarkaMaziturkce\" \/>\n<meta property=\"article:published_time\" content=\"2026-01-11T07:12:22+00:00\" \/>\n<meta property=\"og:image\" content=\"https:\/\/darkamazi.site\/file\/2026\/01\/Abdi-1.jpg\" \/>\n\t<meta property=\"og:image:width\" content=\"1500\" \/>\n\t<meta property=\"og:image:height\" content=\"945\" \/>\n\t<meta property=\"og:image:type\" content=\"image\/jpeg\" \/>\n<meta name=\"author\" content=\"darka mazi\" \/>\n<meta name=\"twitter:card\" content=\"summary_large_image\" \/>\n<meta name=\"twitter:creator\" content=\"@DarkaMaziTurkce\" \/>\n<meta name=\"twitter:site\" content=\"@DarkaMaziTurkce\" \/>\n<meta name=\"twitter:label1\" content=\"Written by\" \/>\n\t<meta name=\"twitter:data1\" content=\"darka mazi\" \/>\n\t<meta name=\"twitter:label2\" content=\"Est. reading time\" \/>\n\t<meta name=\"twitter:data2\" content=\"1 minute\" \/>\n<script type=\"application\/ld+json\" class=\"seo-schema-graph\">{\"@context\":\"https:\\\/\\\/schema.org\",\"@graph\":[{\"@type\":\"NewsArticle\",\"@id\":\"https:\\\/\\\/darkamazi.site\\\/archives\\\/1036164#article\",\"isPartOf\":{\"@id\":\"https:\\\/\\\/darkamazi.site\\\/archives\\\/1036164\"},\"author\":{\"name\":\"darka mazi\",\"@id\":\"https:\\\/\\\/darkamazi.site\\\/#\\\/schema\\\/person\\\/67986a95ac546c16760365877ef4a9d3\"},\"headline\":\"Mazlum Abdi: &#8220;Uluslararas\u0131 taraflar\u0131n arabuluculu\u011fuyla, \u00e7at\u0131\u015fmalar\u0131n durdurulmas\u0131 i\u00e7in anla\u015fmaya vard\u0131k&#8221;\",\"datePublished\":\"2026-01-11T07:12:22+00:00\",\"mainEntityOfPage\":{\"@id\":\"https:\\\/\\\/darkamazi.site\\\/archives\\\/1036164\"},\"wordCount\":234,\"publisher\":{\"@id\":\"https:\\\/\\\/darkamazi.site\\\/#organization\"},\"image\":{\"@id\":\"https:\\\/\\\/darkamazi.site\\\/archives\\\/1036164#primaryimage\"},\"thumbnailUrl\":\"https:\\\/\\\/darkamazi.site\\\/darka-content\\\/uploads\\\/2026\\\/01\\\/Abdi-1.jpg\",\"keywords\":[\"\u00f6nemli\"],\"articleSection\":[\"Kurdistan\"],\"inLanguage\":\"en-US\"},{\"@type\":\"WebPage\",\"@id\":\"https:\\\/\\\/darkamazi.site\\\/archives\\\/1036164\",\"url\":\"https:\\\/\\\/darkamazi.site\\\/archives\\\/1036164\",\"name\":\"Mazlum Abdi: \\\"Uluslararas\u0131 taraflar\u0131n arabuluculu\u011fuyla, \u00e7at\u0131\u015fmalar\u0131n durdurulmas\u0131 i\u00e7in anla\u015fmaya vard\u0131k\\\" - Darka Mazi\",\"isPartOf\":{\"@id\":\"https:\\\/\\\/darkamazi.site\\\/#website\"},\"primaryImageOfPage\":{\"@id\":\"https:\\\/\\\/darkamazi.site\\\/archives\\\/1036164#primaryimage\"},\"image\":{\"@id\":\"https:\\\/\\\/darkamazi.site\\\/archives\\\/1036164#primaryimage\"},\"thumbnailUrl\":\"https:\\\/\\\/darkamazi.site\\\/darka-content\\\/uploads\\\/2026\\\/01\\\/Abdi-1.jpg\",\"datePublished\":\"2026-01-11T07:12:22+00:00\",\"breadcrumb\":{\"@id\":\"https:\\\/\\\/darkamazi.site\\\/archives\\\/1036164#breadcrumb\"},\"inLanguage\":\"en-US\",\"potentialAction\":[{\"@type\":\"ReadAction\",\"target\":[\"https:\\\/\\\/darkamazi.site\\\/archives\\\/1036164\"]}]},{\"@type\":\"ImageObject\",\"inLanguage\":\"en-US\",\"@id\":\"https:\\\/\\\/darkamazi.site\\\/archives\\\/1036164#primaryimage\",\"url\":\"https:\\\/\\\/darkamazi.site\\\/darka-content\\\/uploads\\\/2026\\\/01\\\/Abdi-1.jpg\",\"contentUrl\":\"https:\\\/\\\/darkamazi.site\\\/darka-content\\\/uploads\\\/2026\\\/01\\\/Abdi-1.jpg\",\"width\":1500,\"height\":945,\"caption\":\"Mazlum Abdi: \\\"Uluslararas\u0131 taraflar\u0131n arabuluculu\u011fuyla, \u00e7at\u0131\u015fmalar\u0131n durdurulmas\u0131 i\u00e7in anla\u015fmaya vard\u0131k\\\"\"},{\"@type\":\"BreadcrumbList\",\"@id\":\"https:\\\/\\\/darkamazi.site\\\/archives\\\/1036164#breadcrumb\",\"itemListElement\":[{\"@type\":\"ListItem\",\"position\":1,\"name\":\"Home\",\"item\":\"https:\\\/\\\/darkamazi.site\\\/\"},{\"@type\":\"ListItem\",\"position\":2,\"name\":\"Mazlum Abdi: &#8220;Uluslararas\u0131 taraflar\u0131n arabuluculu\u011fuyla, \u00e7at\u0131\u015fmalar\u0131n durdurulmas\u0131 i\u00e7in anla\u015fmaya vard\u0131k&#8221;\"}]},{\"@type\":\"WebSite\",\"@id\":\"https:\\\/\\\/darkamazi.site\\\/#website\",\"url\":\"https:\\\/\\\/darkamazi.site\\\/\",\"name\":\"Darka Mazi\",\"description\":\"Ana Sayfa\",\"publisher\":{\"@id\":\"https:\\\/\\\/darkamazi.site\\\/#organization\"},\"potentialAction\":[{\"@type\":\"SearchAction\",\"target\":{\"@type\":\"EntryPoint\",\"urlTemplate\":\"https:\\\/\\\/darkamazi.site\\\/?s={search_term_string}\"},\"query-input\":{\"@type\":\"PropertyValueSpecification\",\"valueRequired\":true,\"valueName\":\"search_term_string\"}}],\"inLanguage\":\"en-US\"},{\"@type\":\"Organization\",\"@id\":\"https:\\\/\\\/darkamazi.site\\\/#organization\",\"name\":\"Darka Mazi T\u00fcrk\u00e7e\",\"alternateName\":\"Darka Mazi\",\"url\":\"https:\\\/\\\/darkamazi.site\\\/\",\"logo\":{\"@type\":\"ImageObject\",\"inLanguage\":\"en-US\",\"@id\":\"https:\\\/\\\/darkamazi.site\\\/#\\\/schema\\\/logo\\\/image\\\/\",\"url\":\"https:\\\/\\\/darkamazi.site\\\/darka-content\\\/uploads\\\/2017\\\/12\\\/darka-mazi-logo.png\",\"contentUrl\":\"https:\\\/\\\/darkamazi.site\\\/darka-content\\\/uploads\\\/2017\\\/12\\\/darka-mazi-logo.png\",\"width\":151,\"height\":75,\"caption\":\"Darka Mazi T\u00fcrk\u00e7e\"},\"image\":{\"@id\":\"https:\\\/\\\/darkamazi.site\\\/#\\\/schema\\\/logo\\\/image\\\/\"},\"sameAs\":[\"https:\\\/\\\/www.facebook.com\\\/DarkaMaziturkce\",\"https:\\\/\\\/x.com\\\/DarkaMaziTurkce\"]},{\"@type\":\"Person\",\"@id\":\"https:\\\/\\\/darkamazi.site\\\/#\\\/schema\\\/person\\\/67986a95ac546c16760365877ef4a9d3\",\"name\":\"darka mazi\",\"sameAs\":[\"https:\\\/\\\/darkamazi.site\"],\"url\":\"https:\\\/\\\/darkamazi.site\\\/archives\\\/author\\\/turkish\"}]}<\/script>\n<!-- \/ Yoast SEO plugin. -->","seo_head_json":{"title":"Mazlum Abdi: \"Uluslararas\u0131 taraflar\u0131n arabuluculu\u011fuyla, \u00e7at\u0131\u015fmalar\u0131n durdurulmas\u0131 i\u00e7in anla\u015fmaya vard\u0131k\" - Darka Mazi","robots":{"index":"index","follow":"follow","max-snippet":"max-snippet:-1","max-image-preview":"max-image-preview:large","max-video-preview":"max-video-preview:-1"},"canonical":"https:\/\/darkamazi.site\/archives\/1036164","og_locale":"en_US","og_type":"article","og_title":"Mazlum Abdi: \"Uluslararas\u0131 taraflar\u0131n arabuluculu\u011fuyla, \u00e7at\u0131\u015fmalar\u0131n durdurulmas\u0131 i\u00e7in anla\u015fmaya vard\u0131k\" - Darka Mazi","og_description":"DSG Genel Komutan\u0131 Mazlum Abdi, \u201cUluslararas\u0131 taraflar\u0131n arabuluculu\u011fuyla Halep&#8217;teki halk\u0131m\u0131z\u0131n haklar\u0131na y\u00f6nelik sald\u0131r\u0131lar\u0131 ve ihlalleri durdurmak i\u00e7in bir anla\u015fmaya vard\u0131k\u201d ifadelerini kulland\u0131. Demokratik Suriye G\u00fc\u00e7leri (DSG) Genel Komutan\u0131 Mazlum Abdi, Halep\u2019teki \u00e7at\u0131\u015fmalara ili\u015fkin a\u00e7\u0131klamada bulundu. X \u00fczerinden a\u00e7\u0131klama yapan Abdi, \u201c\u00e7at\u0131\u015fmalar\u0131n durdurulmas\u0131 i\u00e7in anla\u015fmaya var\u0131ld\u0131\u011f\u0131n\u0131\u201d kaydetti. Abdi\u2019nin a\u00e7\u0131klamas\u0131 \u015f\u00f6yle: &#8220;Uluslararas\u0131 taraflar\u0131n arabuluculu\u011fuyla Halep&#8217;teki halk\u0131m\u0131z\u0131n haklar\u0131na [&hellip;]","og_url":"https:\/\/darkamazi.site\/archives\/1036164","og_site_name":"Darka Mazi","article_publisher":"https:\/\/www.facebook.com\/DarkaMaziturkce","article_published_time":"2026-01-11T07:12:22+00:00","og_image":[{"width":1500,"height":945,"url":"https:\/\/darkamazi.site\/file\/2026\/01\/Abdi-1.jpg","type":"image\/jpeg"}],"author":"darka mazi","twitter_card":"summary_large_image","twitter_creator":"@DarkaMaziTurkce","twitter_site":"@DarkaMaziTurkce","twitter_misc":{"Written by":"darka mazi","Est. reading time":"1 minute"},"schema":{"@context":"https:\/\/schema.org","@graph":[{"@type":"NewsArticle","@id":"https:\/\/darkamazi.site\/archives\/1036164#article","isPartOf":{"@id":"https:\/\/darkamazi.site\/archives\/1036164"},"author":{"name":"darka mazi","@id":"https:\/\/darkamazi.site\/#\/schema\/person\/67986a95ac546c16760365877ef4a9d3"},"headline":"Mazlum Abdi: &#8220;Uluslararas\u0131 taraflar\u0131n arabuluculu\u011fuyla, \u00e7at\u0131\u015fmalar\u0131n durdurulmas\u0131 i\u00e7in anla\u015fmaya vard\u0131k&#8221;","datePublished":"2026-01-11T07:12:22+00:00","mainEntityOfPage":{"@id":"https:\/\/darkamazi.site\/archives\/1036164"},"wordCount":234,"publisher":{"@id":"https:\/\/darkamazi.site\/#organization"},"image":{"@id":"https:\/\/darkamazi.site\/archives\/1036164#primaryimage"},"thumbnailUrl":"https:\/\/darkamazi.site\/file\/2026\/01\/Abdi-1.jpg","keywords":["\u00f6nemli"],"articleSection":["Kurdistan"],"inLanguage":"en-US"},{"@type":"WebPage","@id":"https:\/\/darkamazi.site\/archives\/1036164","url":"https:\/\/darkamazi.site\/archives\/1036164","name":"Mazlum Abdi: \"Uluslararas\u0131 taraflar\u0131n arabuluculu\u011fuyla, \u00e7at\u0131\u015fmalar\u0131n durdurulmas\u0131 i\u00e7in anla\u015fmaya vard\u0131k\" - Darka Mazi","isPartOf":{"@id":"https:\/\/darkamazi.site\/#website"},"primaryImageOfPage":{"@id":"https:\/\/darkamazi.site\/archives\/1036164#primaryimage"},"image":{"@id":"https:\/\/darkamazi.site\/archives\/1036164#primaryimage"},"thumbnailUrl":"https:\/\/darkamazi.site\/file\/2026\/01\/Abdi-1.jpg","datePublished":"2026-01-11T07:12:22+00:00","breadcrumb":{"@id":"https:\/\/darkamazi.site\/archives\/1036164#breadcrumb"},"inLanguage":"en-US","potentialAction":[{"@type":"ReadAction","target":["https:\/\/darkamazi.site\/archives\/1036164"]}]},{"@type":"ImageObject","inLanguage":"en-US","@id":"https:\/\/darkamazi.site\/archives\/1036164#primaryimage","url":"https:\/\/darkamazi.site\/file\/2026\/01\/Abdi-1.jpg","contentUrl":"https:\/\/darkamazi.site\/file\/2026\/01\/Abdi-1.jpg","width":1500,"height":945,"caption":"Mazlum Abdi: \"Uluslararas\u0131 taraflar\u0131n arabuluculu\u011fuyla, \u00e7at\u0131\u015fmalar\u0131n durdurulmas\u0131 i\u00e7in anla\u015fmaya vard\u0131k\""},{"@type":"BreadcrumbList","@id":"https:\/\/darkamazi.site\/archives\/1036164#breadcrumb","itemListElement":[{"@type":"ListItem","position":1,"name":"Home","item":"https:\/\/darkamazi.site\/"},{"@type":"ListItem","position":2,"name":"Mazlum Abdi: &#8220;Uluslararas\u0131 taraflar\u0131n arabuluculu\u011fuyla, \u00e7at\u0131\u015fmalar\u0131n durdurulmas\u0131 i\u00e7in anla\u015fmaya vard\u0131k&#8221;"}]},{"@type":"WebSite","@id":"https:\/\/darkamazi.site\/#website","url":"https:\/\/darkamazi.site\/","name":"Darka Mazi","description":"Ana Sayfa","publisher":{"@id":"https:\/\/darkamazi.site\/#organization"},"potentialAction":[{"@type":"SearchAction","target":{"@type":"EntryPoint","urlTemplate":"https:\/\/darkamazi.site\/?s={search_term_string}"},"query-input":{"@type":"PropertyValueSpecification","valueRequired":true,"valueName":"search_term_string"}}],"inLanguage":"en-US"},{"@type":"Organization","@id":"https:\/\/darkamazi.site\/#organization","name":"Darka Mazi T\u00fcrk\u00e7e","alternateName":"Darka Mazi","url":"https:\/\/darkamazi.site\/","logo":{"@type":"ImageObject","inLanguage":"en-US","@id":"https:\/\/darkamazi.site\/#\/schema\/logo\/image\/","url":"https:\/\/darkamazi.site\/file\/2017\/12\/darka-mazi-logo.png","contentUrl":"https:\/\/darkamazi.site\/file\/2017\/12\/darka-mazi-logo.png","width":151,"height":75,"caption":"Darka Mazi T\u00fcrk\u00e7e"},"image":{"@id":"https:\/\/darkamazi.site\/#\/schema\/logo\/image\/"},"sameAs":["https:\/\/www.facebook.com\/DarkaMaziturkce","https:\/\/x.com\/DarkaMaziTurkce"]},{"@type":"Person","@id":"https:\/\/darkamazi.site\/#\/schema\/person\/67986a95ac546c16760365877ef4a9d3","name":"darka mazi","sameAs":["https:\/\/darkamazi.site"],"url":"https:\/\/darkamazi.site\/archives\/author\/turkish"}]}},"_links":{"self":[{"href":"https:\/\/darkamazi.site\/funavuv\/wp\/v2\/posts\/1036164","targetHints":{"allow":["GET"]}}],"collection":[{"href":"https:\/\/darkamazi.site\/funavuv\/wp\/v2\/posts"}],"about":[{"href":"https:\/\/darkamazi.site\/funavuv\/wp\/v2\/types\/post"}],"author":[{"embeddable":true,"href":"https:\/\/darkamazi.site\/funavuv\/wp\/v2\/users\/2"}],"replies":[{"embeddable":true,"href":"https:\/\/darkamazi.site\/funavuv\/wp\/v2\/comments?post=1036164"}],"version-history":[{"count":0,"href":"https:\/\/darkamazi.site\/funavuv\/wp\/v2\/posts\/1036164\/revisions"}],"wp:featuredmedia":[{"embeddable":true,"href":"https:\/\/darkamazi.site\/funavuv\/wp\/v2\/media\/1036165"}],"wp:attachment":[{"href":"https:\/\/darkamazi.site\/funavuv\/wp\/v2\/media?parent=1036164"}],"wp:term":[{"taxonomy":"category","embeddable":true,"href":"https:\/\/darkamazi.site\/funavuv\/wp\/v2\/categories?post=1036164"},{"taxonomy":"post_tag","embeddable":true,"href":"https:\/\/darkamazi.site\/funavuv\/wp\/v2\/tags?post=1036164"}],"curies":[{"name":"wp","href":"https:\/\/api.w.org\/{rel}","templated":true}]}}