{"id":1036169,"date":"2026-01-11T13:44:06","date_gmt":"2026-01-11T10:44:06","guid":{"rendered":"https:\/\/darkamazi.site\/?p=1036169"},"modified":"2026-01-11T13:44:06","modified_gmt":"2026-01-11T10:44:06","slug":"agit-kabayel-yenilmezlik-serisini-devam-ettirdi-tekrardan-dunya-sampiyonu-oldu","status":"publish","type":"post","link":"https:\/\/darkamazi.site\/archives\/1036169","title":{"rendered":"Agit Kabayel  yenilmezlik serisini devam ettirdi, tekrardan d\u00fcnya \u015fampiyonu oldu"},"content":{"rendered":"<p style=\"text-align: justify\">WBC A\u011f\u0131r Siklet Boks \u015eampiyonas\u0131\u2019nda Polonyal\u0131 Damian Knyba ile ringe \u00e7\u0131kan K\u00fcrt boks\u00f6r Agit Kabayel, rakibini teknik \u00fcst\u00fcnl\u00fc\u011f\u00fcyle yenerek kariyerindeki yenilmezlik serisini s\u00fcrd\u00fcrd\u00fc. Yenilmezlik serisini 27-0\u2019a \u00e7\u0131karan Agit Kabayel, ma\u00e7\u0131n ard\u0131ndan bir de Rojava mesaj\u0131 verdi.<\/p>\n<p style=\"text-align: justify\">Almanya&#8217;n\u0131n Oberhausen kentindeki Rudolf Weber-Arena&#8217;da d\u00fcn ak\u015fam ringe \u00e7\u0131kan K\u00fcrt boks\u00f6r Agit Kabayel, WBC ge\u00e7ici a\u011f\u0131r s\u0131klet d\u00fcnya \u015fampiyonluk kemerini korumak i\u00e7in Polonyal\u0131 boks\u00f6r Damian Knyba ile kar\u015f\u0131la\u015ft\u0131.<\/p>\n<p style=\"text-align: justify\">Yakla\u015f\u0131k 13 bin seyircinin \u00f6n\u00fcnde ger\u00e7ekle\u015fen nefes kesen m\u00fccadelede Kabayel, rakibini \u00fc\u00e7\u00fcnc\u00fc rauntta teknik nakavtla ma\u011flup ederek yenilgisiz unvan\u0131n\u0131 s\u00fcrd\u00fcrd\u00fc.<\/p>\n<p style=\"text-align: justify\">Oberhausen\u2019daki binlerce taraftar\u0131n deste\u011fini arkas\u0131na alan Kabayel, rakibine \u015fans tan\u0131mad\u0131 ve son raundda rakibini nakavt ile yendi.<\/p>\n<p style=\"text-align: justify\">Bu sonu\u00e7la profesyonel kariyerindeki 27\u2019nci galibiyetini alan Kabayel, 19\u2019uncu nakavt\u0131na imza atm\u0131\u015f oldu.<\/p>\n<p style=\"text-align: justify\"><strong>\u201c\u015eu an Rojava&#8217;da olanlar\u0131 asla kabul etmiyoruz\u201d<\/strong><\/p>\n<p style=\"text-align: justify\">Zaferinin ard\u0131ndan ringde co\u015fkulu bir a\u00e7\u0131klama yapan Agit Kabayel, &#8220;\u00c7ok te\u015fekk\u00fcrler. Herkese, t\u00fcm destek\u00e7ilere te\u015fekk\u00fcr ederim. Bir \u015fey s\u00f6ylemek istiyorum: Bij\u00ee Kurdistan! (Ya\u015fas\u0131n K\u00fcrdistan!) Ana vatan\u0131mdan gelen t\u00fcm insanlara selam olsun. \u015eu an Rojava&#8217;da olanlar\u0131 asla kabul etmiyoruz. Ve dedi\u011fim gibi, Bij\u00ee Kurdistan! Sizin i\u00e7in ve t\u00fcm hayranlar\u0131m i\u00e7in buraday\u0131m. Hepimiz i\u00e7in harika bir gece\u201d dedi.<\/p>\n<p style=\"text-align: justify\">Kabayel, d\u00fcnya \u015fampiyonluk kemerinin sahibi Oleksandr Usyk\u2019e meydan okuyarak \u015fu ifadeleri kulland\u0131:<\/p>\n<p style=\"text-align: justify\">\u201cBana d\u00fcnya \u015fampiyonluk ma\u00e7\u0131n\u0131 verin, ben haz\u0131r\u0131m. Kiminle nerede d\u00f6v\u00fc\u015fece\u011fim fark etmez, kemer i\u00e7in d\u00f6v\u00fc\u015fmek istiyorum.\u201d<\/p>\n<p style=\"text-align: justify\"><strong>Agit Kabayel kimdir?<\/strong><\/p>\n<p style=\"text-align: justify\">1992 y\u0131l\u0131nda Almanya Leverkusen\u2019de d\u00fcnyaya gelen Kabayel, baba taraf\u0131ndan Mara\u015f-Pazarc\u0131kl\u0131.<\/p>\n<p style=\"text-align: justify\">Almanya-Bochum\u2019da ya\u015f\u0131yor.<\/p>\n<p style=\"text-align: justify\">Profesyonel boks\u00f6r olan Kabayel, b\u00f6lgesel d\u00fczeyde, 2017&#8217;den 2019&#8217;a kadar Avrupa \u015fampiyonlu\u011fu da dahil olmak \u00fczere, \u00e7ok say\u0131da a\u011f\u0131r siklet \u015fampiyonas\u0131na kat\u0131ld\u0131.<\/p>\n<p style=\"text-align: justify\">K\u00fcrt a\u011f\u0131r siklet sporcusu, tarihin en eski boks otoritesi olarak kabul edilen The Ring Dergisi\u2019nde d\u00fcnyan\u0131n en iyi 10 a\u011f\u0131r sikletleri aras\u0131nda yer ald\u0131.<\/p>\n","protected":false},"excerpt":{"rendered":"<p>WBC A\u011f\u0131r Siklet Boks \u015eampiyonas\u0131\u2019nda Polonyal\u0131 Damian Knyba ile ringe \u00e7\u0131kan K\u00fcrt boks\u00f6r Agit Kabayel, rakibini teknik \u00fcst\u00fcnl\u00fc\u011f\u00fcyle yenerek kariyerindeki yenilmezlik serisini s\u00fcrd\u00fcrd\u00fc. Yenilmezlik serisini 27-0\u2019a \u00e7\u0131karan Agit Kabayel, ma\u00e7\u0131n ard\u0131ndan bir de Rojava mesaj\u0131 verdi. Almanya&#8217;n\u0131n Oberhausen kentindeki Rudolf Weber-Arena&#8217;da d\u00fcn ak\u015fam ringe \u00e7\u0131kan K\u00fcrt boks\u00f6r Agit Kabayel, WBC ge\u00e7ici a\u011f\u0131r s\u0131klet d\u00fcnya \u015fampiyonluk [&hellip;]<\/p>\n","protected":false},"author":2,"featured_media":1036171,"comment_status":"closed","ping_status":"closed","sticky":false,"template":"","format":"standard","meta":{"footnotes":""},"categories":[3],"tags":[31],"class_list":["post-1036169","post","type-post","status-publish","format-standard","has-post-thumbnail","hentry","category-kurdistan","tag-onemli"],"blocksy_meta":[],"seo_head":"<!-- This site is optimized with the Yoast SEO plugin v27.5 - https:\/\/yoast.com\/product\/yoast-seo-wordpress\/ -->\n<title>Agit Kabayel yenilmezlik serisini devam ettirdi, tekrardan d\u00fcnya \u015fampiyonu oldu - Darka Mazi<\/title>\n<meta name=\"robots\" content=\"index, follow, max-snippet:-1, max-image-preview:large, max-video-preview:-1\" \/>\n<link rel=\"canonical\" href=\"https:\/\/darkamazi.site\/archives\/1036169\" \/>\n<meta property=\"og:locale\" content=\"en_US\" \/>\n<meta property=\"og:type\" content=\"article\" \/>\n<meta property=\"og:title\" content=\"Agit Kabayel yenilmezlik serisini devam ettirdi, tekrardan d\u00fcnya \u015fampiyonu oldu - Darka Mazi\" \/>\n<meta property=\"og:description\" content=\"WBC A\u011f\u0131r Siklet Boks \u015eampiyonas\u0131\u2019nda Polonyal\u0131 Damian Knyba ile ringe \u00e7\u0131kan K\u00fcrt boks\u00f6r Agit Kabayel, rakibini teknik \u00fcst\u00fcnl\u00fc\u011f\u00fcyle yenerek kariyerindeki yenilmezlik serisini s\u00fcrd\u00fcrd\u00fc. Yenilmezlik serisini 27-0\u2019a \u00e7\u0131karan Agit Kabayel, ma\u00e7\u0131n ard\u0131ndan bir de Rojava mesaj\u0131 verdi. Almanya&#8217;n\u0131n Oberhausen kentindeki Rudolf Weber-Arena&#8217;da d\u00fcn ak\u015fam ringe \u00e7\u0131kan K\u00fcrt boks\u00f6r Agit Kabayel, WBC ge\u00e7ici a\u011f\u0131r s\u0131klet d\u00fcnya \u015fampiyonluk [&hellip;]\" \/>\n<meta property=\"og:url\" content=\"https:\/\/darkamazi.site\/archives\/1036169\" \/>\n<meta property=\"og:site_name\" content=\"Darka Mazi\" \/>\n<meta property=\"article:publisher\" content=\"https:\/\/www.facebook.com\/DarkaMaziturkce\" \/>\n<meta property=\"article:published_time\" content=\"2026-01-11T10:44:06+00:00\" \/>\n<meta property=\"og:image\" content=\"https:\/\/darkamazi.site\/file\/2026\/01\/Agit.jpg\" \/>\n\t<meta property=\"og:image:width\" content=\"2000\" \/>\n\t<meta property=\"og:image:height\" content=\"1009\" \/>\n\t<meta property=\"og:image:type\" content=\"image\/jpeg\" \/>\n<meta name=\"author\" content=\"darka mazi\" \/>\n<meta name=\"twitter:card\" content=\"summary_large_image\" \/>\n<meta name=\"twitter:creator\" content=\"@DarkaMaziTurkce\" \/>\n<meta name=\"twitter:site\" content=\"@DarkaMaziTurkce\" \/>\n<meta name=\"twitter:label1\" content=\"Written by\" \/>\n\t<meta name=\"twitter:data1\" content=\"darka mazi\" \/>\n\t<meta name=\"twitter:label2\" content=\"Est. reading time\" \/>\n\t<meta name=\"twitter:data2\" content=\"2 minutes\" \/>\n<script type=\"application\/ld+json\" class=\"seo-schema-graph\">{\"@context\":\"https:\\\/\\\/schema.org\",\"@graph\":[{\"@type\":\"NewsArticle\",\"@id\":\"https:\\\/\\\/darkamazi.site\\\/archives\\\/1036169#article\",\"isPartOf\":{\"@id\":\"https:\\\/\\\/darkamazi.site\\\/archives\\\/1036169\"},\"author\":{\"name\":\"darka mazi\",\"@id\":\"https:\\\/\\\/darkamazi.site\\\/#\\\/schema\\\/person\\\/67986a95ac546c16760365877ef4a9d3\"},\"headline\":\"Agit Kabayel yenilmezlik serisini devam ettirdi, tekrardan d\u00fcnya \u015fampiyonu oldu\",\"datePublished\":\"2026-01-11T10:44:06+00:00\",\"mainEntityOfPage\":{\"@id\":\"https:\\\/\\\/darkamazi.site\\\/archives\\\/1036169\"},\"wordCount\":375,\"publisher\":{\"@id\":\"https:\\\/\\\/darkamazi.site\\\/#organization\"},\"image\":{\"@id\":\"https:\\\/\\\/darkamazi.site\\\/archives\\\/1036169#primaryimage\"},\"thumbnailUrl\":\"https:\\\/\\\/darkamazi.site\\\/darka-content\\\/uploads\\\/2026\\\/01\\\/Agit.jpg\",\"keywords\":[\"\u00f6nemli\"],\"articleSection\":[\"Kurdistan\"],\"inLanguage\":\"en-US\"},{\"@type\":\"WebPage\",\"@id\":\"https:\\\/\\\/darkamazi.site\\\/archives\\\/1036169\",\"url\":\"https:\\\/\\\/darkamazi.site\\\/archives\\\/1036169\",\"name\":\"Agit Kabayel yenilmezlik serisini devam ettirdi, tekrardan d\u00fcnya \u015fampiyonu oldu - Darka Mazi\",\"isPartOf\":{\"@id\":\"https:\\\/\\\/darkamazi.site\\\/#website\"},\"primaryImageOfPage\":{\"@id\":\"https:\\\/\\\/darkamazi.site\\\/archives\\\/1036169#primaryimage\"},\"image\":{\"@id\":\"https:\\\/\\\/darkamazi.site\\\/archives\\\/1036169#primaryimage\"},\"thumbnailUrl\":\"https:\\\/\\\/darkamazi.site\\\/darka-content\\\/uploads\\\/2026\\\/01\\\/Agit.jpg\",\"datePublished\":\"2026-01-11T10:44:06+00:00\",\"breadcrumb\":{\"@id\":\"https:\\\/\\\/darkamazi.site\\\/archives\\\/1036169#breadcrumb\"},\"inLanguage\":\"en-US\",\"potentialAction\":[{\"@type\":\"ReadAction\",\"target\":[\"https:\\\/\\\/darkamazi.site\\\/archives\\\/1036169\"]}]},{\"@type\":\"ImageObject\",\"inLanguage\":\"en-US\",\"@id\":\"https:\\\/\\\/darkamazi.site\\\/archives\\\/1036169#primaryimage\",\"url\":\"https:\\\/\\\/darkamazi.site\\\/darka-content\\\/uploads\\\/2026\\\/01\\\/Agit.jpg\",\"contentUrl\":\"https:\\\/\\\/darkamazi.site\\\/darka-content\\\/uploads\\\/2026\\\/01\\\/Agit.jpg\",\"width\":2000,\"height\":1009,\"caption\":\"Agit Kabayel yenilmezlik serisini devam ettirdi, tekrardan d\u00fcnya \u015fampiyonu oldu\"},{\"@type\":\"BreadcrumbList\",\"@id\":\"https:\\\/\\\/darkamazi.site\\\/archives\\\/1036169#breadcrumb\",\"itemListElement\":[{\"@type\":\"ListItem\",\"position\":1,\"name\":\"Home\",\"item\":\"https:\\\/\\\/darkamazi.site\\\/\"},{\"@type\":\"ListItem\",\"position\":2,\"name\":\"Agit Kabayel yenilmezlik serisini devam ettirdi, tekrardan d\u00fcnya \u015fampiyonu oldu\"}]},{\"@type\":\"WebSite\",\"@id\":\"https:\\\/\\\/darkamazi.site\\\/#website\",\"url\":\"https:\\\/\\\/darkamazi.site\\\/\",\"name\":\"Darka Mazi\",\"description\":\"Ana Sayfa\",\"publisher\":{\"@id\":\"https:\\\/\\\/darkamazi.site\\\/#organization\"},\"potentialAction\":[{\"@type\":\"SearchAction\",\"target\":{\"@type\":\"EntryPoint\",\"urlTemplate\":\"https:\\\/\\\/darkamazi.site\\\/?s={search_term_string}\"},\"query-input\":{\"@type\":\"PropertyValueSpecification\",\"valueRequired\":true,\"valueName\":\"search_term_string\"}}],\"inLanguage\":\"en-US\"},{\"@type\":\"Organization\",\"@id\":\"https:\\\/\\\/darkamazi.site\\\/#organization\",\"name\":\"Darka Mazi T\u00fcrk\u00e7e\",\"alternateName\":\"Darka Mazi\",\"url\":\"https:\\\/\\\/darkamazi.site\\\/\",\"logo\":{\"@type\":\"ImageObject\",\"inLanguage\":\"en-US\",\"@id\":\"https:\\\/\\\/darkamazi.site\\\/#\\\/schema\\\/logo\\\/image\\\/\",\"url\":\"https:\\\/\\\/darkamazi.site\\\/darka-content\\\/uploads\\\/2017\\\/12\\\/darka-mazi-logo.png\",\"contentUrl\":\"https:\\\/\\\/darkamazi.site\\\/darka-content\\\/uploads\\\/2017\\\/12\\\/darka-mazi-logo.png\",\"width\":151,\"height\":75,\"caption\":\"Darka Mazi T\u00fcrk\u00e7e\"},\"image\":{\"@id\":\"https:\\\/\\\/darkamazi.site\\\/#\\\/schema\\\/logo\\\/image\\\/\"},\"sameAs\":[\"https:\\\/\\\/www.facebook.com\\\/DarkaMaziturkce\",\"https:\\\/\\\/x.com\\\/DarkaMaziTurkce\"]},{\"@type\":\"Person\",\"@id\":\"https:\\\/\\\/darkamazi.site\\\/#\\\/schema\\\/person\\\/67986a95ac546c16760365877ef4a9d3\",\"name\":\"darka mazi\",\"sameAs\":[\"https:\\\/\\\/darkamazi.site\"],\"url\":\"https:\\\/\\\/darkamazi.site\\\/archives\\\/author\\\/turkish\"}]}<\/script>\n<!-- \/ Yoast SEO plugin. -->","seo_head_json":{"title":"Agit Kabayel yenilmezlik serisini devam ettirdi, tekrardan d\u00fcnya \u015fampiyonu oldu - Darka Mazi","robots":{"index":"index","follow":"follow","max-snippet":"max-snippet:-1","max-image-preview":"max-image-preview:large","max-video-preview":"max-video-preview:-1"},"canonical":"https:\/\/darkamazi.site\/archives\/1036169","og_locale":"en_US","og_type":"article","og_title":"Agit Kabayel yenilmezlik serisini devam ettirdi, tekrardan d\u00fcnya \u015fampiyonu oldu - Darka Mazi","og_description":"WBC A\u011f\u0131r Siklet Boks \u015eampiyonas\u0131\u2019nda Polonyal\u0131 Damian Knyba ile ringe \u00e7\u0131kan K\u00fcrt boks\u00f6r Agit Kabayel, rakibini teknik \u00fcst\u00fcnl\u00fc\u011f\u00fcyle yenerek kariyerindeki yenilmezlik serisini s\u00fcrd\u00fcrd\u00fc. Yenilmezlik serisini 27-0\u2019a \u00e7\u0131karan Agit Kabayel, ma\u00e7\u0131n ard\u0131ndan bir de Rojava mesaj\u0131 verdi. Almanya&#8217;n\u0131n Oberhausen kentindeki Rudolf Weber-Arena&#8217;da d\u00fcn ak\u015fam ringe \u00e7\u0131kan K\u00fcrt boks\u00f6r Agit Kabayel, WBC ge\u00e7ici a\u011f\u0131r s\u0131klet d\u00fcnya \u015fampiyonluk [&hellip;]","og_url":"https:\/\/darkamazi.site\/archives\/1036169","og_site_name":"Darka Mazi","article_publisher":"https:\/\/www.facebook.com\/DarkaMaziturkce","article_published_time":"2026-01-11T10:44:06+00:00","og_image":[{"width":2000,"height":1009,"url":"https:\/\/darkamazi.site\/file\/2026\/01\/Agit.jpg","type":"image\/jpeg"}],"author":"darka mazi","twitter_card":"summary_large_image","twitter_creator":"@DarkaMaziTurkce","twitter_site":"@DarkaMaziTurkce","twitter_misc":{"Written by":"darka mazi","Est. reading time":"2 minutes"},"schema":{"@context":"https:\/\/schema.org","@graph":[{"@type":"NewsArticle","@id":"https:\/\/darkamazi.site\/archives\/1036169#article","isPartOf":{"@id":"https:\/\/darkamazi.site\/archives\/1036169"},"author":{"name":"darka mazi","@id":"https:\/\/darkamazi.site\/#\/schema\/person\/67986a95ac546c16760365877ef4a9d3"},"headline":"Agit Kabayel yenilmezlik serisini devam ettirdi, tekrardan d\u00fcnya \u015fampiyonu oldu","datePublished":"2026-01-11T10:44:06+00:00","mainEntityOfPage":{"@id":"https:\/\/darkamazi.site\/archives\/1036169"},"wordCount":375,"publisher":{"@id":"https:\/\/darkamazi.site\/#organization"},"image":{"@id":"https:\/\/darkamazi.site\/archives\/1036169#primaryimage"},"thumbnailUrl":"https:\/\/darkamazi.site\/file\/2026\/01\/Agit.jpg","keywords":["\u00f6nemli"],"articleSection":["Kurdistan"],"inLanguage":"en-US"},{"@type":"WebPage","@id":"https:\/\/darkamazi.site\/archives\/1036169","url":"https:\/\/darkamazi.site\/archives\/1036169","name":"Agit Kabayel yenilmezlik serisini devam ettirdi, tekrardan d\u00fcnya \u015fampiyonu oldu - Darka Mazi","isPartOf":{"@id":"https:\/\/darkamazi.site\/#website"},"primaryImageOfPage":{"@id":"https:\/\/darkamazi.site\/archives\/1036169#primaryimage"},"image":{"@id":"https:\/\/darkamazi.site\/archives\/1036169#primaryimage"},"thumbnailUrl":"https:\/\/darkamazi.site\/file\/2026\/01\/Agit.jpg","datePublished":"2026-01-11T10:44:06+00:00","breadcrumb":{"@id":"https:\/\/darkamazi.site\/archives\/1036169#breadcrumb"},"inLanguage":"en-US","potentialAction":[{"@type":"ReadAction","target":["https:\/\/darkamazi.site\/archives\/1036169"]}]},{"@type":"ImageObject","inLanguage":"en-US","@id":"https:\/\/darkamazi.site\/archives\/1036169#primaryimage","url":"https:\/\/darkamazi.site\/file\/2026\/01\/Agit.jpg","contentUrl":"https:\/\/darkamazi.site\/file\/2026\/01\/Agit.jpg","width":2000,"height":1009,"caption":"Agit Kabayel yenilmezlik serisini devam ettirdi, tekrardan d\u00fcnya \u015fampiyonu oldu"},{"@type":"BreadcrumbList","@id":"https:\/\/darkamazi.site\/archives\/1036169#breadcrumb","itemListElement":[{"@type":"ListItem","position":1,"name":"Home","item":"https:\/\/darkamazi.site\/"},{"@type":"ListItem","position":2,"name":"Agit Kabayel yenilmezlik serisini devam ettirdi, tekrardan d\u00fcnya \u015fampiyonu oldu"}]},{"@type":"WebSite","@id":"https:\/\/darkamazi.site\/#website","url":"https:\/\/darkamazi.site\/","name":"Darka Mazi","description":"Ana Sayfa","publisher":{"@id":"https:\/\/darkamazi.site\/#organization"},"potentialAction":[{"@type":"SearchAction","target":{"@type":"EntryPoint","urlTemplate":"https:\/\/darkamazi.site\/?s={search_term_string}"},"query-input":{"@type":"PropertyValueSpecification","valueRequired":true,"valueName":"search_term_string"}}],"inLanguage":"en-US"},{"@type":"Organization","@id":"https:\/\/darkamazi.site\/#organization","name":"Darka Mazi T\u00fcrk\u00e7e","alternateName":"Darka Mazi","url":"https:\/\/darkamazi.site\/","logo":{"@type":"ImageObject","inLanguage":"en-US","@id":"https:\/\/darkamazi.site\/#\/schema\/logo\/image\/","url":"https:\/\/darkamazi.site\/file\/2017\/12\/darka-mazi-logo.png","contentUrl":"https:\/\/darkamazi.site\/file\/2017\/12\/darka-mazi-logo.png","width":151,"height":75,"caption":"Darka Mazi T\u00fcrk\u00e7e"},"image":{"@id":"https:\/\/darkamazi.site\/#\/schema\/logo\/image\/"},"sameAs":["https:\/\/www.facebook.com\/DarkaMaziturkce","https:\/\/x.com\/DarkaMaziTurkce"]},{"@type":"Person","@id":"https:\/\/darkamazi.site\/#\/schema\/person\/67986a95ac546c16760365877ef4a9d3","name":"darka mazi","sameAs":["https:\/\/darkamazi.site"],"url":"https:\/\/darkamazi.site\/archives\/author\/turkish"}]}},"_links":{"self":[{"href":"https:\/\/darkamazi.site\/funavuv\/wp\/v2\/posts\/1036169","targetHints":{"allow":["GET"]}}],"collection":[{"href":"https:\/\/darkamazi.site\/funavuv\/wp\/v2\/posts"}],"about":[{"href":"https:\/\/darkamazi.site\/funavuv\/wp\/v2\/types\/post"}],"author":[{"embeddable":true,"href":"https:\/\/darkamazi.site\/funavuv\/wp\/v2\/users\/2"}],"replies":[{"embeddable":true,"href":"https:\/\/darkamazi.site\/funavuv\/wp\/v2\/comments?post=1036169"}],"version-history":[{"count":0,"href":"https:\/\/darkamazi.site\/funavuv\/wp\/v2\/posts\/1036169\/revisions"}],"wp:featuredmedia":[{"embeddable":true,"href":"https:\/\/darkamazi.site\/funavuv\/wp\/v2\/media\/1036171"}],"wp:attachment":[{"href":"https:\/\/darkamazi.site\/funavuv\/wp\/v2\/media?parent=1036169"}],"wp:term":[{"taxonomy":"category","embeddable":true,"href":"https:\/\/darkamazi.site\/funavuv\/wp\/v2\/categories?post=1036169"},{"taxonomy":"post_tag","embeddable":true,"href":"https:\/\/darkamazi.site\/funavuv\/wp\/v2\/tags?post=1036169"}],"curies":[{"name":"wp","href":"https:\/\/api.w.org\/{rel}","templated":true}]}}