{"id":1036173,"date":"2026-01-11T17:15:10","date_gmt":"2026-01-11T14:15:10","guid":{"rendered":"https:\/\/darkamazi.site\/?p=1036173"},"modified":"2026-01-11T17:15:10","modified_gmt":"2026-01-11T14:15:10","slug":"esrefiye-ve-seyh-maksud-catismalarinin-askeri-ve-siyasi-sonuclari-uzerine","status":"publish","type":"post","link":"https:\/\/darkamazi.site\/archives\/1036173","title":{"rendered":"E\u015frefiye ve \u015eeyh Maksud \u00e7at\u0131\u015fmalar\u0131n\u0131n askeri ve siyasi sonu\u00e7lar\u0131 \u00fczerine\u2026"},"content":{"rendered":"<p style=\"text-align: justify\">7 Ocak g\u00fcn\u00fc E\u015frefiye ve \u015eeyh Maksud\u2019da ba\u015flayan \u00e7at\u0131\u015fmalar ay\u0131n 11\u2019inde sabaha kar\u015f\u0131 yap\u0131lan a\u00e7\u0131klama ile sona geldi. D\u00f6rt g\u00fcnl\u00fck \u00e7at\u0131\u015fma i\u00e7inde iki mahalledeki K\u00fcrtler g\u00f6\u00e7e u\u011frad\u0131 ve b\u00fcy\u00fck ac\u0131larla kar\u015f\u0131 kar\u015f\u0131ya kald\u0131. K\u00fcrt halk\u0131n\u0131n o\u011fullar\u0131 ve k\u0131zlar\u0131 bu mahallelerde b\u00fcy\u00fck bir direni\u015f g\u00f6stererek \u015fehit d\u00fc\u015ft\u00fc. \u015eehitlerin ve halk\u0131n kahramanl\u0131\u011f\u0131n\u0131n \u00f6n\u00fcnde sayg\u0131 ile e\u011filiyorum.<\/p>\n<p style=\"text-align: justify\">K\u00fcrtler \u015eeyh Maksud ve E\u015frefiye\u2019de b\u00fcy\u00fck bir direni\u015f g\u00f6sterdi. Halk\u0131n direni\u015fini sahiplenmek ve desteklemek K\u00fcrt olman\u0131n hatta insan olman\u0131n \u015fart\u0131.\u00a0 Medyada ki ac\u0131 dolu videolar, \u00e7etelerin insanl\u0131k d\u0131\u015f\u0131 muamelesi hepimizi b\u00fcy\u00fck sarst\u0131 ve a\u015f\u0131r\u0131 duygusal bir atmosfer olu\u015ftu. Fakat gen\u00e7lerin ve halk\u0131n kahramanl\u0131\u011f\u0131 askeri ve siyasi y\u00f6netimin stratejik hatalar\u0131n\u0131 \u00f6rtmez.<\/p>\n<p style=\"text-align: justify\">Halep\u2019te hem askeri hem de siyasi olarak yap\u0131lan b\u00fcy\u00fck stratejik hatalar var.<\/p>\n<p style=\"text-align: justify\">Rojava y\u00f6netimi 2014\u2019ten beri ABD ile i\u00e7 i\u00e7e ve \u00e7ok iyi biliyor ki ABD Rojava i\u00e7in T\u00fcrkiye ile olan ili\u015fkilerini feda etmez.\u00a0 Bunu Efrin\u2019de, Sere Kaniye\u2019de, net g\u00f6rd\u00fck.\u00a0 Ve Rojava \u00f6zerk y\u00f6netimi ile SDG-YPG g\u00fc\u00e7lerinin Halep\u2019ten \u00e7\u0131kmas\u0131n\u0131n ABD destekli bir proje oldu\u011fu da T\u0131l R\u0131fat\u2019ta ve Minbi\u00e7\u2019ten \u00e7\u0131kma d\u00f6neminde g\u00f6r\u00fcld\u00fc. Yani SDG bir Halep sava\u015f\u0131nda kendisine Bat\u0131\u2019dan bir destek verilmeyece\u011fini iyi biliyor. Yani Halep\u2019te SDG tek ba\u015f\u0131na sava\u015facak.\u00a0 Ve eninde sonunda oradan \u00e7\u0131kar\u0131lacak. Peki buna ra\u011fmen neden \u00e7at\u0131\u015fmaya girildi.<\/p>\n<p style=\"text-align: justify\"><strong>Direnin karar\u0131 PKK\u2019den<\/strong><\/p>\n<p style=\"text-align: justify\">Elimizdeki bilgilere g\u00f6re Mazlum Abdi\u2019nin 4 Ocak\u2019ta \u015eam\u2019a yapt\u0131\u011f\u0131 ziyarette kendisine ya \u00e7\u0131k\u0131n ya da sald\u0131raca\u011f\u0131z dendi. Mazlum Abdi Rojava y\u00f6netimini toplayarak ortak karar almak istedi. Toplant\u0131da i\u00e7inde \u0130lham Ahmed\u2019in de oldu\u011fu bir gurup \u00e7\u0131kal\u0131m, \u00e7at\u0131\u015fma olmas\u0131n dedi.<\/p>\n<p style=\"text-align: justify\">Feshedilen PKK\u2019nin \u015fimdiki y\u00f6netimi yani \u201cKandil diyelim\u201d bunu kabul etmedi. T\u00fcrkiye\u2019ye kar\u015f\u0131 elini g\u00fc\u00e7lendirmek ve mesaj vermek i\u00e7in \u015eeyh Maksud ev E\u015frefiye\u2019de \u201cdirenin\u201d karar\u0131 verdi. PKK\u2019nin Rojava\u2019da bir PKK Rojava ve Ortado\u011fu Koordinasyonu ad\u0131nda bir yap\u0131lanmas\u0131 var. Ad\u0131 \u015fimdi ise APO\u2019cu Hareket Koordinasyonu bu koordinasyonda da Mustafa Karasu, Bahoz Erdal ve Aldar Xalil gibi isimler var. APO\u2019cu koordinasyon Kandil\u2019in karar\u0131n\u0131 dayatt\u0131 ve geri kalan Rojava y\u00f6netimi kar\u015f\u0131 koyamad\u0131\u011f\u0131 i\u00e7in direnme karar\u0131 \u00e7\u0131kt\u0131.<\/p>\n<p style=\"text-align: justify\">\n2019 y\u0131l\u0131nda Gire Spi\u2019de T\u00fcrk devleti operasyonu s\u0131ras\u0131nda da PKK yine \u201cdirenin, halk\u0131 \u00e7\u0131karmay\u0131n\u201d dayatmas\u0131nda bulundu. Mazlum Abdi tek ba\u015f\u0131na inisiyatif alarak halk\u0131 geri \u00e7ekti ve b\u00fcy\u00fck bir katilam\u0131 engelledi. Bu kez de ayn\u0131 \u015feyi yapmal\u0131yd\u0131.<\/p>\n<p style=\"text-align: justify\">4 g\u00fcnl\u00fck \u00e7at\u0131\u015fman\u0131n sonunda a\u011f\u0131r bir bilan\u00e7o var.\u00a0 Y\u00fczden fazla \u015fehit, esir, yaral\u0131 g\u00f6\u00e7 etmi\u015f 300 bin insan var. \u0130nsanlar y\u0131llard\u0131r u\u011fra\u015f\u0131p didinip yapt\u0131klar\u0131 evleri kaybetti, i\u015flerini kaybetti iki mahalledeki 400 bine yak\u0131n K\u00fcrt a\u011f\u0131r bir ekonomik, sosyal ve psikolojik \u00e7\u00f6k\u00fc\u015f ile kar\u015f\u0131 kar\u015f\u0131ya.\u00a0 E\u015frefiye ve \u015eeyh Maksud travmas\u0131 diyebilece\u011fimiz bir durum asl\u0131nda t\u00fcm K\u00fcrtler \u00fczerinde etkili oldu.<\/p>\n<p style=\"text-align: justify\">Yani PKK yine T\u00fcrk devletine mesaj g\u00f6ndermek i\u00e7in halk\u0131 kurban etti ve Kuzey\u2019deki Hendek Sava\u015flar\u0131 facias\u0131n\u0131n daha k\u00f6t\u00fc ve a\u011f\u0131r bir durumu ya\u015fand\u0131.<\/p>\n<p style=\"text-align: justify\"><strong>Sonu\u00e7tan SDG ve YPG sorumludur<\/strong><\/p>\n<p style=\"text-align: justify\">SDG\u2019nin iki mahalleye destek g\u00f6ndermedi\u011fi ve sadece sivil g\u00fc\u00e7lerin direndi\u011fi y\u00f6n\u00fcndeki s\u00f6ylem ger\u00e7e\u011fi tam olarak ifade etmemektedir. SDG ve YPG her iki mahalledeki \u00e7at\u0131\u015fmalara resmi olarak kat\u0131lmasa da ya\u015fanan askeri durumdan her iki g\u00fc\u00e7 sorumludur.<\/p>\n<p style=\"text-align: justify\">Halep gibi bir yerde \u015fehrin 5\u2019te birlik b\u00f6l\u00fcm\u00fcnde bir mevzi sava\u015f\u0131 verildi. \u0130ki mahalle 5 saat i\u00e7inde \u00e7embere al\u0131nd\u0131 ve mahallelerde \u00e7at\u0131\u015fmalar ya\u015fand\u0131. Bu iki mahalle daha 2012 y\u0131l\u0131nda \u00f6zerk y\u00f6netim ilan edilen yerler. Yani tam 13 y\u0131l Rojava y\u00f6netimi ve YPG taraf\u0131ndan idare edildi. Peki hi\u00e7bir hendek ve yer alt\u0131 d\u00fczeni kaz\u0131lmad\u0131 m\u0131 da d\u00f6rt g\u00fcn i\u00e7inde \u00e7eteler t\u00fcm mahallelere girdi. Asayi\u015fte yer alan gen\u00e7ler kendi bedenlerini patlatarak direnmek zorunda kald\u0131. Onlar bedenlerini patlatarak kahramanl\u0131klar\u0131n\u0131 g\u00f6sterdiler fakat onar\u0131 bu sona mahkum edenler bu halka a\u00e7\u0131klama yapmak zorunda..<\/p>\n<p style=\"text-align: justify\"><strong>Rojava y\u00f6netimi PKK\u2019nin \u201c\u00f6lmek direnmektir\u201d siyasetini b\u0131rakmal\u0131d\u0131r<\/strong><\/p>\n<p style=\"text-align: justify\">Mahalleleri korumak i\u00e7in yap\u0131lmas\u0131 gereken sava\u015f\u0131 t\u00fcm Halep \u015fehrine yaymakt\u0131. \u00c7eteler arkadan vurulmal\u0131yd\u0131. Bunu da yapmad\u0131lar neden \u00e7\u00fcnk\u00fc bunun siyasal y\u00fck\u00fcml\u00fc\u011f\u00fc olurda, ABD ile ili\u015fkiler gerilirdi, \u015eam ile masa devrilirdi. Sonu\u00e7 olarak pazarl\u0131k yap\u0131l\u0131rken K\u00fcrt gen\u00e7leri vah\u015fi I\u015e\u0130D art\u0131klar\u0131n\u0131n \u00f6n\u00fcne at\u0131ld\u0131. Yani diplomasi de elini g\u00fc\u00e7lendirmek i\u00e7in \u00f6lecekleri biline biline o sava\u015f\u00e7\u0131lar b\u0131rak\u0131ld\u0131. Bu ac\u0131 bir durumdur. Fakat bu yol tercih edildi. Bu PKK\u2019nin mantalitesidir. \u201cGen\u00e7leri mevziye ver, kahramanl\u0131k yaps\u0131n, \u015fehit olsunlar nas\u0131lsa biz bu \u015fehitlerle kitleyi motive eder kendimize propaganda yapar\u0131z\u201d. PKK y\u0131llard\u0131r bu siyaseti uyguluyor. Hi\u00e7bir yerde kazanm\u0131yor, ama verdi\u011fi \u015fehitlerle motive oluyor, yeni \u015fehit olacak insanlar kazan\u0131yor. Maalesef ki Rojava y\u00f6netimi de ayn\u0131 yolu tercih etti.<\/p>\n<p style=\"text-align: justify\">PKK Hendek Sava\u015f\u0131nda Mehmet Tun\u00e7 ve arkada\u015flar\u0131n\u0131 \u201csonuna kadar direnece\u011fiz\u201d diyerek bodrumda b\u0131rakt\u0131 ve canl\u0131 canl\u0131 yak\u0131ld\u0131lar. Halep Asayi\u015f Y\u00f6netimi Ziyad Haleb\u2019in sonu ile Mehmet Tun\u00e7\u2019un sonu ayn\u0131d\u0131r. \u00d6lmek d\u0131\u015f\u0131nda kendilerine yol b\u0131rak\u0131lmam\u0131\u015ft\u0131r.\u00a0 Direnmek \u00f6lmek de\u011fildir. Direnmek gen\u00e7 bedenlerin propaganda i\u00e7in harcanmas\u0131 de\u011fildir.<\/p>\n<p style=\"text-align: justify\">\nBa\u015fta Mazlum Abdi olmak \u00fczere Rojava y\u00f6netimi PKK\u2019nin bu \u00f6lerek direnmek siyasetini b\u0131rakmal\u0131d\u0131r. Bir \u00f6rg\u00fct gibi de\u011fil, kadro hareketi gibi de\u011fil halk y\u00f6neten me\u015fru bir g\u00fc\u00e7 gibi hareket etmelidir.<\/p>\n<p style=\"text-align: justify\">Burada Ba\u015fkan Barzani\u2019nin rol\u00fcne de de\u011finmek gerek. Ba\u015fkan Barzani ilk g\u00fcnden meseleyi etnik temizlik olarak de\u011ferlendirdi ve uyar\u0131 yapt\u0131 ayr\u0131ca PKK\u2019nin esir ald\u0131\u011f\u0131 Rojava y\u00f6netimine destek i\u00e7in t\u00fcm diplomatik \u00e7abalar\u0131n\u0131 yo\u011funla\u015ft\u0131rd\u0131.<\/p>\n<p style=\"text-align: justify\"><strong>K\u00fcrtler haz\u0131r olmal\u0131<\/strong><\/p>\n<p style=\"text-align: justify\">\u00c7at\u0131\u015fman\u0131n siyasi sonu\u00e7lar\u0131n\u0131 ayr\u0131nt\u0131l\u0131 ayr\u0131 bir yaz\u0131 i\u00e7inde inceleye biliriz. Elbette ki olumsuz etkileri olacak YPG art\u0131k masada eskisi kadar eli g\u00fc\u00e7l\u00fc olmayacak. Ayr\u0131ca bundan sonra Rakka ve Deyrezor gibi \u015fehirlerinden de \u00e7\u0131kmas\u0131 istene bilir. Kald\u0131 ki burada ki kitle ve askeri g\u00fcc\u00fcn a\u011f\u0131rl\u0131\u011f\u0131 Arap A\u015firetlerindedir. A\u00e7\u0131k belirtmek gerekir ki bu a\u015firetleri YPG\u2019nin yan\u0131nda tutan g\u00fc\u00e7 Suudi Arabistan\u2019d\u0131r. E\u011fer \u00e7ekmek isterse bu g\u00fc\u00e7ler SDG\u2019yi tek eder. Rojava y\u00f6netimi \u015fimdiden bunun i\u00e7in haz\u0131r olmal\u0131d\u0131r.<\/p>\n<p style=\"text-align: justify\">Halep sava\u015f\u0131 \u015funu g\u00f6sterdi, PKK\u2019nin \u00f6z y\u00f6netim, \u00f6z savunma, kanton \u015fu bu sistemleri kaybetmi\u015ftir. PKK kuzeyde ki yenilgisini Rojava\u2019ya da bula\u015ft\u0131rmaktad\u0131r. Hatta PKK \u015fimde bu yenilgiyi Rojhilat\u2019a da bula\u015ft\u0131rmak istemektedir. \u00a0PKK Rojava\u2019y\u0131 b\u0131rakm\u0131yorsa Rojava y\u00f6netimi PKK\u2019yi b\u0131rakmal\u0131d\u0131r.<\/p>\n<p style=\"text-align: justify\">Son olarak Halep\u2019te K\u00fcrtlerin yaralar\u0131 sar\u0131lmal\u0131d\u0131r. Barzani yard\u0131m vakf\u0131 g\u00f6\u00e7 eden halka sahipleniyor fakat y\u0131k\u0131lan mahalleri yapmak PKK\u2019nin g\u00f6revidir. PKK milyon dolarl\u0131k kasalar\u0131n\u0131 bir zahmet Halep halk\u0131 i\u00e7in a\u00e7s\u0131n. 30 y\u0131ld\u0131r Halep ve \u015eeyh Maksud halk\u0131 PKK\u2019yi s\u0131rt\u0131nda ta\u015f\u0131d\u0131. Evlat verdi, yard\u0131m verdi her deste\u011fi sundu. \u015eimdi de s\u0131ra PKK\u2019de. Halk\u0131n en az\u0131ndan ekonomik hayat\u0131 biraz d\u00fczeltilsin.<\/p>\n<p style=\"text-align: justify\">Ele\u015ftirilerimizin nedeni d\u00fc\u015fmanl\u0131k yapmak de\u011fildir. Tam tersine \u00f6zg\u00fcr bir Rojava g\u00f6rmek i\u00e7in s\u00f6yl\u00fcyoruz. Mazlum Abdi\u2019nin liderli\u011finde Rojava\u2019n\u0131n ayakta kalmas\u0131 i\u00e7in s\u00f6yl\u00fcyoruz.<\/p>\n<p style=\"text-align: justify\">Evet her \u015fey bitmemi\u015ftir. Fakat K\u00fcrtlerin eskisinden daha fazla birlik olmaya, stratejik d\u00fc\u015f\u00fcnmeye ihtiyac\u0131 vard\u0131r.<\/p>\n","protected":false},"excerpt":{"rendered":"<p>7 Ocak g\u00fcn\u00fc E\u015frefiye ve \u015eeyh Maksud\u2019da ba\u015flayan \u00e7at\u0131\u015fmalar ay\u0131n 11\u2019inde sabaha kar\u015f\u0131 yap\u0131lan a\u00e7\u0131klama ile sona geldi. D\u00f6rt g\u00fcnl\u00fck \u00e7at\u0131\u015fma i\u00e7inde iki mahalledeki K\u00fcrtler g\u00f6\u00e7e u\u011frad\u0131 ve b\u00fcy\u00fck ac\u0131larla kar\u015f\u0131 kar\u015f\u0131ya kald\u0131. K\u00fcrt halk\u0131n\u0131n o\u011fullar\u0131 ve k\u0131zlar\u0131 bu mahallelerde b\u00fcy\u00fck bir direni\u015f g\u00f6stererek \u015fehit d\u00fc\u015ft\u00fc. \u015eehitlerin ve halk\u0131n kahramanl\u0131\u011f\u0131n\u0131n \u00f6n\u00fcnde sayg\u0131 ile e\u011filiyorum. K\u00fcrtler [&hellip;]<\/p>\n","protected":false},"author":2,"featured_media":1036174,"comment_status":"closed","ping_status":"closed","sticky":false,"template":"","format":"standard","meta":{"footnotes":""},"categories":[7],"tags":[31],"class_list":["post-1036173","post","type-post","status-publish","format-standard","has-post-thumbnail","hentry","category-editorden","tag-onemli"],"blocksy_meta":[],"seo_head":"<!-- This site is optimized with the Yoast SEO plugin v27.5 - https:\/\/yoast.com\/product\/yoast-seo-wordpress\/ -->\n<title>E\u015frefiye ve \u015eeyh Maksud \u00e7at\u0131\u015fmalar\u0131n\u0131n askeri ve siyasi sonu\u00e7lar\u0131 \u00fczerine\u2026 - Darka Mazi<\/title>\n<meta name=\"robots\" content=\"index, follow, max-snippet:-1, max-image-preview:large, max-video-preview:-1\" \/>\n<link rel=\"canonical\" href=\"https:\/\/darkamazi.site\/archives\/1036173\" \/>\n<meta property=\"og:locale\" content=\"en_US\" \/>\n<meta property=\"og:type\" content=\"article\" \/>\n<meta property=\"og:title\" content=\"E\u015frefiye ve \u015eeyh Maksud \u00e7at\u0131\u015fmalar\u0131n\u0131n askeri ve siyasi sonu\u00e7lar\u0131 \u00fczerine\u2026 - Darka Mazi\" \/>\n<meta property=\"og:description\" content=\"7 Ocak g\u00fcn\u00fc E\u015frefiye ve \u015eeyh Maksud\u2019da ba\u015flayan \u00e7at\u0131\u015fmalar ay\u0131n 11\u2019inde sabaha kar\u015f\u0131 yap\u0131lan a\u00e7\u0131klama ile sona geldi. D\u00f6rt g\u00fcnl\u00fck \u00e7at\u0131\u015fma i\u00e7inde iki mahalledeki K\u00fcrtler g\u00f6\u00e7e u\u011frad\u0131 ve b\u00fcy\u00fck ac\u0131larla kar\u015f\u0131 kar\u015f\u0131ya kald\u0131. K\u00fcrt halk\u0131n\u0131n o\u011fullar\u0131 ve k\u0131zlar\u0131 bu mahallelerde b\u00fcy\u00fck bir direni\u015f g\u00f6stererek \u015fehit d\u00fc\u015ft\u00fc. \u015eehitlerin ve halk\u0131n kahramanl\u0131\u011f\u0131n\u0131n \u00f6n\u00fcnde sayg\u0131 ile e\u011filiyorum. K\u00fcrtler [&hellip;]\" \/>\n<meta property=\"og:url\" content=\"https:\/\/darkamazi.site\/archives\/1036173\" \/>\n<meta property=\"og:site_name\" content=\"Darka Mazi\" \/>\n<meta property=\"article:publisher\" content=\"https:\/\/www.facebook.com\/DarkaMaziturkce\" \/>\n<meta property=\"article:published_time\" content=\"2026-01-11T14:15:10+00:00\" \/>\n<meta property=\"og:image\" content=\"https:\/\/darkamazi.site\/file\/2026\/01\/shikhmaqsod.jpg\" \/>\n\t<meta property=\"og:image:width\" content=\"900\" \/>\n\t<meta property=\"og:image:height\" content=\"497\" \/>\n\t<meta property=\"og:image:type\" content=\"image\/jpeg\" \/>\n<meta name=\"author\" content=\"darka mazi\" \/>\n<meta name=\"twitter:card\" content=\"summary_large_image\" \/>\n<meta name=\"twitter:creator\" content=\"@DarkaMaziTurkce\" \/>\n<meta name=\"twitter:site\" content=\"@DarkaMaziTurkce\" \/>\n<meta name=\"twitter:label1\" content=\"Written by\" \/>\n\t<meta name=\"twitter:data1\" content=\"darka mazi\" \/>\n\t<meta name=\"twitter:label2\" content=\"Est. reading time\" \/>\n\t<meta name=\"twitter:data2\" content=\"5 minutes\" \/>\n<script type=\"application\/ld+json\" class=\"seo-schema-graph\">{\"@context\":\"https:\\\/\\\/schema.org\",\"@graph\":[{\"@type\":\"NewsArticle\",\"@id\":\"https:\\\/\\\/darkamazi.site\\\/archives\\\/1036173#article\",\"isPartOf\":{\"@id\":\"https:\\\/\\\/darkamazi.site\\\/archives\\\/1036173\"},\"author\":{\"name\":\"darka mazi\",\"@id\":\"https:\\\/\\\/darkamazi.site\\\/#\\\/schema\\\/person\\\/67986a95ac546c16760365877ef4a9d3\"},\"headline\":\"E\u015frefiye ve \u015eeyh Maksud \u00e7at\u0131\u015fmalar\u0131n\u0131n askeri ve siyasi sonu\u00e7lar\u0131 \u00fczerine\u2026\",\"datePublished\":\"2026-01-11T14:15:10+00:00\",\"mainEntityOfPage\":{\"@id\":\"https:\\\/\\\/darkamazi.site\\\/archives\\\/1036173\"},\"wordCount\":1378,\"publisher\":{\"@id\":\"https:\\\/\\\/darkamazi.site\\\/#organization\"},\"image\":{\"@id\":\"https:\\\/\\\/darkamazi.site\\\/archives\\\/1036173#primaryimage\"},\"thumbnailUrl\":\"https:\\\/\\\/darkamazi.site\\\/darka-content\\\/uploads\\\/2026\\\/01\\\/shikhmaqsod.jpg\",\"keywords\":[\"\u00f6nemli\"],\"articleSection\":[\"Edit\u00f6rden\"],\"inLanguage\":\"en-US\"},{\"@type\":\"WebPage\",\"@id\":\"https:\\\/\\\/darkamazi.site\\\/archives\\\/1036173\",\"url\":\"https:\\\/\\\/darkamazi.site\\\/archives\\\/1036173\",\"name\":\"E\u015frefiye ve \u015eeyh Maksud \u00e7at\u0131\u015fmalar\u0131n\u0131n askeri ve siyasi sonu\u00e7lar\u0131 \u00fczerine\u2026 - Darka Mazi\",\"isPartOf\":{\"@id\":\"https:\\\/\\\/darkamazi.site\\\/#website\"},\"primaryImageOfPage\":{\"@id\":\"https:\\\/\\\/darkamazi.site\\\/archives\\\/1036173#primaryimage\"},\"image\":{\"@id\":\"https:\\\/\\\/darkamazi.site\\\/archives\\\/1036173#primaryimage\"},\"thumbnailUrl\":\"https:\\\/\\\/darkamazi.site\\\/darka-content\\\/uploads\\\/2026\\\/01\\\/shikhmaqsod.jpg\",\"datePublished\":\"2026-01-11T14:15:10+00:00\",\"breadcrumb\":{\"@id\":\"https:\\\/\\\/darkamazi.site\\\/archives\\\/1036173#breadcrumb\"},\"inLanguage\":\"en-US\",\"potentialAction\":[{\"@type\":\"ReadAction\",\"target\":[\"https:\\\/\\\/darkamazi.site\\\/archives\\\/1036173\"]}]},{\"@type\":\"ImageObject\",\"inLanguage\":\"en-US\",\"@id\":\"https:\\\/\\\/darkamazi.site\\\/archives\\\/1036173#primaryimage\",\"url\":\"https:\\\/\\\/darkamazi.site\\\/darka-content\\\/uploads\\\/2026\\\/01\\\/shikhmaqsod.jpg\",\"contentUrl\":\"https:\\\/\\\/darkamazi.site\\\/darka-content\\\/uploads\\\/2026\\\/01\\\/shikhmaqsod.jpg\",\"width\":900,\"height\":497,\"caption\":\"E\u015frefiye ve \u015eeyh Maksud \u00e7at\u0131\u015fmalar\u0131n\u0131n askeri ve siyasi sonu\u00e7lar\u0131 \u00fczerine\u2026\"},{\"@type\":\"BreadcrumbList\",\"@id\":\"https:\\\/\\\/darkamazi.site\\\/archives\\\/1036173#breadcrumb\",\"itemListElement\":[{\"@type\":\"ListItem\",\"position\":1,\"name\":\"Home\",\"item\":\"https:\\\/\\\/darkamazi.site\\\/\"},{\"@type\":\"ListItem\",\"position\":2,\"name\":\"E\u015frefiye ve \u015eeyh Maksud \u00e7at\u0131\u015fmalar\u0131n\u0131n askeri ve siyasi sonu\u00e7lar\u0131 \u00fczerine\u2026\"}]},{\"@type\":\"WebSite\",\"@id\":\"https:\\\/\\\/darkamazi.site\\\/#website\",\"url\":\"https:\\\/\\\/darkamazi.site\\\/\",\"name\":\"Darka Mazi\",\"description\":\"Ana Sayfa\",\"publisher\":{\"@id\":\"https:\\\/\\\/darkamazi.site\\\/#organization\"},\"potentialAction\":[{\"@type\":\"SearchAction\",\"target\":{\"@type\":\"EntryPoint\",\"urlTemplate\":\"https:\\\/\\\/darkamazi.site\\\/?s={search_term_string}\"},\"query-input\":{\"@type\":\"PropertyValueSpecification\",\"valueRequired\":true,\"valueName\":\"search_term_string\"}}],\"inLanguage\":\"en-US\"},{\"@type\":\"Organization\",\"@id\":\"https:\\\/\\\/darkamazi.site\\\/#organization\",\"name\":\"Darka Mazi T\u00fcrk\u00e7e\",\"alternateName\":\"Darka Mazi\",\"url\":\"https:\\\/\\\/darkamazi.site\\\/\",\"logo\":{\"@type\":\"ImageObject\",\"inLanguage\":\"en-US\",\"@id\":\"https:\\\/\\\/darkamazi.site\\\/#\\\/schema\\\/logo\\\/image\\\/\",\"url\":\"https:\\\/\\\/darkamazi.site\\\/darka-content\\\/uploads\\\/2017\\\/12\\\/darka-mazi-logo.png\",\"contentUrl\":\"https:\\\/\\\/darkamazi.site\\\/darka-content\\\/uploads\\\/2017\\\/12\\\/darka-mazi-logo.png\",\"width\":151,\"height\":75,\"caption\":\"Darka Mazi T\u00fcrk\u00e7e\"},\"image\":{\"@id\":\"https:\\\/\\\/darkamazi.site\\\/#\\\/schema\\\/logo\\\/image\\\/\"},\"sameAs\":[\"https:\\\/\\\/www.facebook.com\\\/DarkaMaziturkce\",\"https:\\\/\\\/x.com\\\/DarkaMaziTurkce\"]},{\"@type\":\"Person\",\"@id\":\"https:\\\/\\\/darkamazi.site\\\/#\\\/schema\\\/person\\\/67986a95ac546c16760365877ef4a9d3\",\"name\":\"darka mazi\",\"sameAs\":[\"https:\\\/\\\/darkamazi.site\"],\"url\":\"https:\\\/\\\/darkamazi.site\\\/archives\\\/author\\\/turkish\"}]}<\/script>\n<!-- \/ Yoast SEO plugin. -->","seo_head_json":{"title":"E\u015frefiye ve \u015eeyh Maksud \u00e7at\u0131\u015fmalar\u0131n\u0131n askeri ve siyasi sonu\u00e7lar\u0131 \u00fczerine\u2026 - Darka Mazi","robots":{"index":"index","follow":"follow","max-snippet":"max-snippet:-1","max-image-preview":"max-image-preview:large","max-video-preview":"max-video-preview:-1"},"canonical":"https:\/\/darkamazi.site\/archives\/1036173","og_locale":"en_US","og_type":"article","og_title":"E\u015frefiye ve \u015eeyh Maksud \u00e7at\u0131\u015fmalar\u0131n\u0131n askeri ve siyasi sonu\u00e7lar\u0131 \u00fczerine\u2026 - Darka Mazi","og_description":"7 Ocak g\u00fcn\u00fc E\u015frefiye ve \u015eeyh Maksud\u2019da ba\u015flayan \u00e7at\u0131\u015fmalar ay\u0131n 11\u2019inde sabaha kar\u015f\u0131 yap\u0131lan a\u00e7\u0131klama ile sona geldi. D\u00f6rt g\u00fcnl\u00fck \u00e7at\u0131\u015fma i\u00e7inde iki mahalledeki K\u00fcrtler g\u00f6\u00e7e u\u011frad\u0131 ve b\u00fcy\u00fck ac\u0131larla kar\u015f\u0131 kar\u015f\u0131ya kald\u0131. K\u00fcrt halk\u0131n\u0131n o\u011fullar\u0131 ve k\u0131zlar\u0131 bu mahallelerde b\u00fcy\u00fck bir direni\u015f g\u00f6stererek \u015fehit d\u00fc\u015ft\u00fc. \u015eehitlerin ve halk\u0131n kahramanl\u0131\u011f\u0131n\u0131n \u00f6n\u00fcnde sayg\u0131 ile e\u011filiyorum. K\u00fcrtler [&hellip;]","og_url":"https:\/\/darkamazi.site\/archives\/1036173","og_site_name":"Darka Mazi","article_publisher":"https:\/\/www.facebook.com\/DarkaMaziturkce","article_published_time":"2026-01-11T14:15:10+00:00","og_image":[{"width":900,"height":497,"url":"https:\/\/darkamazi.site\/file\/2026\/01\/shikhmaqsod.jpg","type":"image\/jpeg"}],"author":"darka mazi","twitter_card":"summary_large_image","twitter_creator":"@DarkaMaziTurkce","twitter_site":"@DarkaMaziTurkce","twitter_misc":{"Written by":"darka mazi","Est. reading time":"5 minutes"},"schema":{"@context":"https:\/\/schema.org","@graph":[{"@type":"NewsArticle","@id":"https:\/\/darkamazi.site\/archives\/1036173#article","isPartOf":{"@id":"https:\/\/darkamazi.site\/archives\/1036173"},"author":{"name":"darka mazi","@id":"https:\/\/darkamazi.site\/#\/schema\/person\/67986a95ac546c16760365877ef4a9d3"},"headline":"E\u015frefiye ve \u015eeyh Maksud \u00e7at\u0131\u015fmalar\u0131n\u0131n askeri ve siyasi sonu\u00e7lar\u0131 \u00fczerine\u2026","datePublished":"2026-01-11T14:15:10+00:00","mainEntityOfPage":{"@id":"https:\/\/darkamazi.site\/archives\/1036173"},"wordCount":1378,"publisher":{"@id":"https:\/\/darkamazi.site\/#organization"},"image":{"@id":"https:\/\/darkamazi.site\/archives\/1036173#primaryimage"},"thumbnailUrl":"https:\/\/darkamazi.site\/file\/2026\/01\/shikhmaqsod.jpg","keywords":["\u00f6nemli"],"articleSection":["Edit\u00f6rden"],"inLanguage":"en-US"},{"@type":"WebPage","@id":"https:\/\/darkamazi.site\/archives\/1036173","url":"https:\/\/darkamazi.site\/archives\/1036173","name":"E\u015frefiye ve \u015eeyh Maksud \u00e7at\u0131\u015fmalar\u0131n\u0131n askeri ve siyasi sonu\u00e7lar\u0131 \u00fczerine\u2026 - Darka Mazi","isPartOf":{"@id":"https:\/\/darkamazi.site\/#website"},"primaryImageOfPage":{"@id":"https:\/\/darkamazi.site\/archives\/1036173#primaryimage"},"image":{"@id":"https:\/\/darkamazi.site\/archives\/1036173#primaryimage"},"thumbnailUrl":"https:\/\/darkamazi.site\/file\/2026\/01\/shikhmaqsod.jpg","datePublished":"2026-01-11T14:15:10+00:00","breadcrumb":{"@id":"https:\/\/darkamazi.site\/archives\/1036173#breadcrumb"},"inLanguage":"en-US","potentialAction":[{"@type":"ReadAction","target":["https:\/\/darkamazi.site\/archives\/1036173"]}]},{"@type":"ImageObject","inLanguage":"en-US","@id":"https:\/\/darkamazi.site\/archives\/1036173#primaryimage","url":"https:\/\/darkamazi.site\/file\/2026\/01\/shikhmaqsod.jpg","contentUrl":"https:\/\/darkamazi.site\/file\/2026\/01\/shikhmaqsod.jpg","width":900,"height":497,"caption":"E\u015frefiye ve \u015eeyh Maksud \u00e7at\u0131\u015fmalar\u0131n\u0131n askeri ve siyasi sonu\u00e7lar\u0131 \u00fczerine\u2026"},{"@type":"BreadcrumbList","@id":"https:\/\/darkamazi.site\/archives\/1036173#breadcrumb","itemListElement":[{"@type":"ListItem","position":1,"name":"Home","item":"https:\/\/darkamazi.site\/"},{"@type":"ListItem","position":2,"name":"E\u015frefiye ve \u015eeyh Maksud \u00e7at\u0131\u015fmalar\u0131n\u0131n askeri ve siyasi sonu\u00e7lar\u0131 \u00fczerine\u2026"}]},{"@type":"WebSite","@id":"https:\/\/darkamazi.site\/#website","url":"https:\/\/darkamazi.site\/","name":"Darka Mazi","description":"Ana Sayfa","publisher":{"@id":"https:\/\/darkamazi.site\/#organization"},"potentialAction":[{"@type":"SearchAction","target":{"@type":"EntryPoint","urlTemplate":"https:\/\/darkamazi.site\/?s={search_term_string}"},"query-input":{"@type":"PropertyValueSpecification","valueRequired":true,"valueName":"search_term_string"}}],"inLanguage":"en-US"},{"@type":"Organization","@id":"https:\/\/darkamazi.site\/#organization","name":"Darka Mazi T\u00fcrk\u00e7e","alternateName":"Darka Mazi","url":"https:\/\/darkamazi.site\/","logo":{"@type":"ImageObject","inLanguage":"en-US","@id":"https:\/\/darkamazi.site\/#\/schema\/logo\/image\/","url":"https:\/\/darkamazi.site\/file\/2017\/12\/darka-mazi-logo.png","contentUrl":"https:\/\/darkamazi.site\/file\/2017\/12\/darka-mazi-logo.png","width":151,"height":75,"caption":"Darka Mazi T\u00fcrk\u00e7e"},"image":{"@id":"https:\/\/darkamazi.site\/#\/schema\/logo\/image\/"},"sameAs":["https:\/\/www.facebook.com\/DarkaMaziturkce","https:\/\/x.com\/DarkaMaziTurkce"]},{"@type":"Person","@id":"https:\/\/darkamazi.site\/#\/schema\/person\/67986a95ac546c16760365877ef4a9d3","name":"darka mazi","sameAs":["https:\/\/darkamazi.site"],"url":"https:\/\/darkamazi.site\/archives\/author\/turkish"}]}},"_links":{"self":[{"href":"https:\/\/darkamazi.site\/funavuv\/wp\/v2\/posts\/1036173","targetHints":{"allow":["GET"]}}],"collection":[{"href":"https:\/\/darkamazi.site\/funavuv\/wp\/v2\/posts"}],"about":[{"href":"https:\/\/darkamazi.site\/funavuv\/wp\/v2\/types\/post"}],"author":[{"embeddable":true,"href":"https:\/\/darkamazi.site\/funavuv\/wp\/v2\/users\/2"}],"replies":[{"embeddable":true,"href":"https:\/\/darkamazi.site\/funavuv\/wp\/v2\/comments?post=1036173"}],"version-history":[{"count":0,"href":"https:\/\/darkamazi.site\/funavuv\/wp\/v2\/posts\/1036173\/revisions"}],"wp:featuredmedia":[{"embeddable":true,"href":"https:\/\/darkamazi.site\/funavuv\/wp\/v2\/media\/1036174"}],"wp:attachment":[{"href":"https:\/\/darkamazi.site\/funavuv\/wp\/v2\/media?parent=1036173"}],"wp:term":[{"taxonomy":"category","embeddable":true,"href":"https:\/\/darkamazi.site\/funavuv\/wp\/v2\/categories?post=1036173"},{"taxonomy":"post_tag","embeddable":true,"href":"https:\/\/darkamazi.site\/funavuv\/wp\/v2\/tags?post=1036173"}],"curies":[{"name":"wp","href":"https:\/\/api.w.org\/{rel}","templated":true}]}}