{"id":1036176,"date":"2026-01-11T23:35:26","date_gmt":"2026-01-11T20:35:26","guid":{"rendered":"https:\/\/darkamazi.site\/?p=1036176"},"modified":"2026-01-11T23:35:26","modified_gmt":"2026-01-11T20:35:26","slug":"erbil-valiligi-halepteki-olaylar-nedeni-ile-suriye-urunleri-fuarini-iptal-etti","status":"publish","type":"post","link":"https:\/\/darkamazi.site\/archives\/1036176","title":{"rendered":"Erbil Valili\u011fi Halep&#8217;teki olaylar nedeni ile &#8221; Suriye \u00dcr\u00fcnleri Fuar\u0131n\u0131&#8221; iptal etti"},"content":{"rendered":"<p>Erbil Valisi Omid Xo\u015fnav, Suriye\u2019de ya\u015fanan geli\u015fmeler nedeniyle 26 Ocak\u2019ta d\u00fczenlenmesi planlanan Suriye \u00dcr\u00fcnleri Fuar\u0131\u2019n\u0131n tamamen iptal edildi\u011fini a\u00e7\u0131klad\u0131.<\/p>\n<p>R\u00fbdaw\u2019a konu\u015fan Vali Xo\u015fnav, 26 Ocak 2026\u2019da Erbil Uluslararas\u0131 Fuar Alan\u0131\u2019nda a\u00e7\u0131lmas\u0131 beklenen organizasyonun durduruldu\u011funu belirterek, \u201cSuriye\u2019deki son olaylar nedeniyle bu fuar\u0131n a\u00e7\u0131lmas\u0131na hi\u00e7bir \u015fekilde izin verilmeyecektir\u201d dedi.<\/p>\n<p><strong>Gerek\u00e7e: Halep\u2019teki geli\u015fmeler<\/strong><\/p>\n<p>Xo\u015fnav, iptal karar\u0131n\u0131n temel gerek\u00e7esinin Halep\u2019te ya\u015fanan son olaylar oldu\u011funu vurgulad\u0131.<\/p>\n<p><strong>\u201cBayrak krizi\u201d de etkili oldu\u00a0\u00a0<\/strong><\/p>\n<p>Fuar\u0131n iptal s\u00fcrecinin yaln\u0131zca son geli\u015fmelerle s\u0131n\u0131rl\u0131 olmad\u0131\u011f\u0131na dikkat \u00e7eken Xo\u015fnav, daha \u00f6nce de organizat\u00f6rlerin K\u00fcrdistan B\u00f6lgesi\u2019nin resmi bayra\u011f\u0131n\u0131 reklam afi\u015flerinde kullanmamas\u0131 nedeniyle m\u00fcdahalede bulunduklar\u0131n\u0131 hat\u0131rlatt\u0131.<\/p>\n<p>Suriye taraf\u0131 (\u015eam Uluslararas\u0131 Fuar Genel Kurumu), tan\u0131t\u0131m g\u00f6rsellerinde Erbil Kalesi \u00fczerine yaln\u0131zca Irak ve Suriye bayraklar\u0131n\u0131 yerle\u015ftirmi\u015f, K\u00fcrdistan Bayra\u011f\u0131\u2019na yer vermemi\u015fti.<\/p>\n<p>Gelen tepkiler ve Erbil Valili\u011fi\u2019nin uyar\u0131s\u0131 \u00fczerine g\u00f6rseller daha sonra g\u00fcncellenerek K\u00fcrdistan bayra\u011f\u0131 eklenmi\u015fti.<\/p>\n<p>Ancak son ya\u015fanan geli\u015fmelerin ard\u0131ndan fuar\u0131n tamamen iptal edilmesine karar verildi.<\/p>\n","protected":false},"excerpt":{"rendered":"<p>Erbil Valisi Omid Xo\u015fnav, Suriye\u2019de ya\u015fanan geli\u015fmeler nedeniyle 26 Ocak\u2019ta d\u00fczenlenmesi planlanan Suriye \u00dcr\u00fcnleri Fuar\u0131\u2019n\u0131n tamamen iptal edildi\u011fini a\u00e7\u0131klad\u0131. R\u00fbdaw\u2019a konu\u015fan Vali Xo\u015fnav, 26 Ocak 2026\u2019da Erbil Uluslararas\u0131 Fuar Alan\u0131\u2019nda a\u00e7\u0131lmas\u0131 beklenen organizasyonun durduruldu\u011funu belirterek, \u201cSuriye\u2019deki son olaylar nedeniyle bu fuar\u0131n a\u00e7\u0131lmas\u0131na hi\u00e7bir \u015fekilde izin verilmeyecektir\u201d dedi. Gerek\u00e7e: Halep\u2019teki geli\u015fmeler Xo\u015fnav, iptal karar\u0131n\u0131n temel gerek\u00e7esinin [&hellip;]<\/p>\n","protected":false},"author":2,"featured_media":1036177,"comment_status":"closed","ping_status":"closed","sticky":false,"template":"","format":"standard","meta":{"footnotes":""},"categories":[3],"tags":[],"class_list":["post-1036176","post","type-post","status-publish","format-standard","has-post-thumbnail","hentry","category-kurdistan"],"blocksy_meta":[],"seo_head":"<!-- This site is optimized with the Yoast SEO plugin v27.5 - https:\/\/yoast.com\/product\/yoast-seo-wordpress\/ -->\n<title>Erbil Valili\u011fi Halep&#039;teki olaylar nedeni ile &quot; Suriye \u00dcr\u00fcnleri Fuar\u0131n\u0131&quot; iptal etti - Darka Mazi<\/title>\n<meta name=\"robots\" content=\"index, follow, max-snippet:-1, max-image-preview:large, max-video-preview:-1\" \/>\n<link rel=\"canonical\" href=\"https:\/\/darkamazi.site\/archives\/1036176\" \/>\n<meta property=\"og:locale\" content=\"en_US\" \/>\n<meta property=\"og:type\" content=\"article\" \/>\n<meta property=\"og:title\" content=\"Erbil Valili\u011fi Halep&#039;teki olaylar nedeni ile &quot; Suriye \u00dcr\u00fcnleri Fuar\u0131n\u0131&quot; iptal etti - Darka Mazi\" \/>\n<meta property=\"og:description\" content=\"Erbil Valisi Omid Xo\u015fnav, Suriye\u2019de ya\u015fanan geli\u015fmeler nedeniyle 26 Ocak\u2019ta d\u00fczenlenmesi planlanan Suriye \u00dcr\u00fcnleri Fuar\u0131\u2019n\u0131n tamamen iptal edildi\u011fini a\u00e7\u0131klad\u0131. R\u00fbdaw\u2019a konu\u015fan Vali Xo\u015fnav, 26 Ocak 2026\u2019da Erbil Uluslararas\u0131 Fuar Alan\u0131\u2019nda a\u00e7\u0131lmas\u0131 beklenen organizasyonun durduruldu\u011funu belirterek, \u201cSuriye\u2019deki son olaylar nedeniyle bu fuar\u0131n a\u00e7\u0131lmas\u0131na hi\u00e7bir \u015fekilde izin verilmeyecektir\u201d dedi. Gerek\u00e7e: Halep\u2019teki geli\u015fmeler Xo\u015fnav, iptal karar\u0131n\u0131n temel gerek\u00e7esinin [&hellip;]\" \/>\n<meta property=\"og:url\" content=\"https:\/\/darkamazi.site\/archives\/1036176\" \/>\n<meta property=\"og:site_name\" content=\"Darka Mazi\" \/>\n<meta property=\"article:publisher\" content=\"https:\/\/www.facebook.com\/DarkaMaziturkce\" \/>\n<meta property=\"article:published_time\" content=\"2026-01-11T20:35:26+00:00\" \/>\n<meta property=\"og:image\" content=\"https:\/\/darkamazi.site\/file\/2026\/01\/Fuar.jpg\" \/>\n\t<meta property=\"og:image:width\" content=\"1562\" \/>\n\t<meta property=\"og:image:height\" content=\"878\" \/>\n\t<meta property=\"og:image:type\" content=\"image\/jpeg\" \/>\n<meta name=\"author\" content=\"darka mazi\" \/>\n<meta name=\"twitter:card\" content=\"summary_large_image\" \/>\n<meta name=\"twitter:creator\" content=\"@DarkaMaziTurkce\" \/>\n<meta name=\"twitter:site\" content=\"@DarkaMaziTurkce\" \/>\n<meta name=\"twitter:label1\" content=\"Written by\" \/>\n\t<meta name=\"twitter:data1\" content=\"darka mazi\" \/>\n\t<meta name=\"twitter:label2\" content=\"Est. reading time\" \/>\n\t<meta name=\"twitter:data2\" content=\"1 minute\" \/>\n<script type=\"application\/ld+json\" class=\"seo-schema-graph\">{\"@context\":\"https:\\\/\\\/schema.org\",\"@graph\":[{\"@type\":\"NewsArticle\",\"@id\":\"https:\\\/\\\/darkamazi.site\\\/archives\\\/1036176#article\",\"isPartOf\":{\"@id\":\"https:\\\/\\\/darkamazi.site\\\/archives\\\/1036176\"},\"author\":{\"name\":\"darka mazi\",\"@id\":\"https:\\\/\\\/darkamazi.site\\\/#\\\/schema\\\/person\\\/67986a95ac546c16760365877ef4a9d3\"},\"headline\":\"Erbil Valili\u011fi Halep&#8217;teki olaylar nedeni ile &#8221; Suriye \u00dcr\u00fcnleri Fuar\u0131n\u0131&#8221; iptal etti\",\"datePublished\":\"2026-01-11T20:35:26+00:00\",\"mainEntityOfPage\":{\"@id\":\"https:\\\/\\\/darkamazi.site\\\/archives\\\/1036176\"},\"wordCount\":222,\"publisher\":{\"@id\":\"https:\\\/\\\/darkamazi.site\\\/#organization\"},\"image\":{\"@id\":\"https:\\\/\\\/darkamazi.site\\\/archives\\\/1036176#primaryimage\"},\"thumbnailUrl\":\"https:\\\/\\\/darkamazi.site\\\/darka-content\\\/uploads\\\/2026\\\/01\\\/Fuar.jpg\",\"articleSection\":[\"Kurdistan\"],\"inLanguage\":\"en-US\"},{\"@type\":\"WebPage\",\"@id\":\"https:\\\/\\\/darkamazi.site\\\/archives\\\/1036176\",\"url\":\"https:\\\/\\\/darkamazi.site\\\/archives\\\/1036176\",\"name\":\"Erbil Valili\u011fi Halep'teki olaylar nedeni ile \\\" Suriye \u00dcr\u00fcnleri Fuar\u0131n\u0131\\\" iptal etti - Darka Mazi\",\"isPartOf\":{\"@id\":\"https:\\\/\\\/darkamazi.site\\\/#website\"},\"primaryImageOfPage\":{\"@id\":\"https:\\\/\\\/darkamazi.site\\\/archives\\\/1036176#primaryimage\"},\"image\":{\"@id\":\"https:\\\/\\\/darkamazi.site\\\/archives\\\/1036176#primaryimage\"},\"thumbnailUrl\":\"https:\\\/\\\/darkamazi.site\\\/darka-content\\\/uploads\\\/2026\\\/01\\\/Fuar.jpg\",\"datePublished\":\"2026-01-11T20:35:26+00:00\",\"breadcrumb\":{\"@id\":\"https:\\\/\\\/darkamazi.site\\\/archives\\\/1036176#breadcrumb\"},\"inLanguage\":\"en-US\",\"potentialAction\":[{\"@type\":\"ReadAction\",\"target\":[\"https:\\\/\\\/darkamazi.site\\\/archives\\\/1036176\"]}]},{\"@type\":\"ImageObject\",\"inLanguage\":\"en-US\",\"@id\":\"https:\\\/\\\/darkamazi.site\\\/archives\\\/1036176#primaryimage\",\"url\":\"https:\\\/\\\/darkamazi.site\\\/darka-content\\\/uploads\\\/2026\\\/01\\\/Fuar.jpg\",\"contentUrl\":\"https:\\\/\\\/darkamazi.site\\\/darka-content\\\/uploads\\\/2026\\\/01\\\/Fuar.jpg\",\"width\":1562,\"height\":878,\"caption\":\"Erbil Valili\u011fi Halep'teki olaylar nedeni ile \\\" Suriye \u00dcr\u00fcnleri Fuar\u0131n\u0131\\\" iptal etti\"},{\"@type\":\"BreadcrumbList\",\"@id\":\"https:\\\/\\\/darkamazi.site\\\/archives\\\/1036176#breadcrumb\",\"itemListElement\":[{\"@type\":\"ListItem\",\"position\":1,\"name\":\"Home\",\"item\":\"https:\\\/\\\/darkamazi.site\\\/\"},{\"@type\":\"ListItem\",\"position\":2,\"name\":\"Erbil Valili\u011fi Halep&#8217;teki olaylar nedeni ile &#8221; Suriye \u00dcr\u00fcnleri Fuar\u0131n\u0131&#8221; iptal etti\"}]},{\"@type\":\"WebSite\",\"@id\":\"https:\\\/\\\/darkamazi.site\\\/#website\",\"url\":\"https:\\\/\\\/darkamazi.site\\\/\",\"name\":\"Darka Mazi\",\"description\":\"Ana Sayfa\",\"publisher\":{\"@id\":\"https:\\\/\\\/darkamazi.site\\\/#organization\"},\"potentialAction\":[{\"@type\":\"SearchAction\",\"target\":{\"@type\":\"EntryPoint\",\"urlTemplate\":\"https:\\\/\\\/darkamazi.site\\\/?s={search_term_string}\"},\"query-input\":{\"@type\":\"PropertyValueSpecification\",\"valueRequired\":true,\"valueName\":\"search_term_string\"}}],\"inLanguage\":\"en-US\"},{\"@type\":\"Organization\",\"@id\":\"https:\\\/\\\/darkamazi.site\\\/#organization\",\"name\":\"Darka Mazi T\u00fcrk\u00e7e\",\"alternateName\":\"Darka Mazi\",\"url\":\"https:\\\/\\\/darkamazi.site\\\/\",\"logo\":{\"@type\":\"ImageObject\",\"inLanguage\":\"en-US\",\"@id\":\"https:\\\/\\\/darkamazi.site\\\/#\\\/schema\\\/logo\\\/image\\\/\",\"url\":\"https:\\\/\\\/darkamazi.site\\\/darka-content\\\/uploads\\\/2017\\\/12\\\/darka-mazi-logo.png\",\"contentUrl\":\"https:\\\/\\\/darkamazi.site\\\/darka-content\\\/uploads\\\/2017\\\/12\\\/darka-mazi-logo.png\",\"width\":151,\"height\":75,\"caption\":\"Darka Mazi T\u00fcrk\u00e7e\"},\"image\":{\"@id\":\"https:\\\/\\\/darkamazi.site\\\/#\\\/schema\\\/logo\\\/image\\\/\"},\"sameAs\":[\"https:\\\/\\\/www.facebook.com\\\/DarkaMaziturkce\",\"https:\\\/\\\/x.com\\\/DarkaMaziTurkce\"]},{\"@type\":\"Person\",\"@id\":\"https:\\\/\\\/darkamazi.site\\\/#\\\/schema\\\/person\\\/67986a95ac546c16760365877ef4a9d3\",\"name\":\"darka mazi\",\"sameAs\":[\"https:\\\/\\\/darkamazi.site\"],\"url\":\"https:\\\/\\\/darkamazi.site\\\/archives\\\/author\\\/turkish\"}]}<\/script>\n<!-- \/ Yoast SEO plugin. -->","seo_head_json":{"title":"Erbil Valili\u011fi Halep'teki olaylar nedeni ile \" Suriye \u00dcr\u00fcnleri Fuar\u0131n\u0131\" iptal etti - Darka Mazi","robots":{"index":"index","follow":"follow","max-snippet":"max-snippet:-1","max-image-preview":"max-image-preview:large","max-video-preview":"max-video-preview:-1"},"canonical":"https:\/\/darkamazi.site\/archives\/1036176","og_locale":"en_US","og_type":"article","og_title":"Erbil Valili\u011fi Halep'teki olaylar nedeni ile \" Suriye \u00dcr\u00fcnleri Fuar\u0131n\u0131\" iptal etti - Darka Mazi","og_description":"Erbil Valisi Omid Xo\u015fnav, Suriye\u2019de ya\u015fanan geli\u015fmeler nedeniyle 26 Ocak\u2019ta d\u00fczenlenmesi planlanan Suriye \u00dcr\u00fcnleri Fuar\u0131\u2019n\u0131n tamamen iptal edildi\u011fini a\u00e7\u0131klad\u0131. R\u00fbdaw\u2019a konu\u015fan Vali Xo\u015fnav, 26 Ocak 2026\u2019da Erbil Uluslararas\u0131 Fuar Alan\u0131\u2019nda a\u00e7\u0131lmas\u0131 beklenen organizasyonun durduruldu\u011funu belirterek, \u201cSuriye\u2019deki son olaylar nedeniyle bu fuar\u0131n a\u00e7\u0131lmas\u0131na hi\u00e7bir \u015fekilde izin verilmeyecektir\u201d dedi. Gerek\u00e7e: Halep\u2019teki geli\u015fmeler Xo\u015fnav, iptal karar\u0131n\u0131n temel gerek\u00e7esinin [&hellip;]","og_url":"https:\/\/darkamazi.site\/archives\/1036176","og_site_name":"Darka Mazi","article_publisher":"https:\/\/www.facebook.com\/DarkaMaziturkce","article_published_time":"2026-01-11T20:35:26+00:00","og_image":[{"width":1562,"height":878,"url":"https:\/\/darkamazi.site\/file\/2026\/01\/Fuar.jpg","type":"image\/jpeg"}],"author":"darka mazi","twitter_card":"summary_large_image","twitter_creator":"@DarkaMaziTurkce","twitter_site":"@DarkaMaziTurkce","twitter_misc":{"Written by":"darka mazi","Est. reading time":"1 minute"},"schema":{"@context":"https:\/\/schema.org","@graph":[{"@type":"NewsArticle","@id":"https:\/\/darkamazi.site\/archives\/1036176#article","isPartOf":{"@id":"https:\/\/darkamazi.site\/archives\/1036176"},"author":{"name":"darka mazi","@id":"https:\/\/darkamazi.site\/#\/schema\/person\/67986a95ac546c16760365877ef4a9d3"},"headline":"Erbil Valili\u011fi Halep&#8217;teki olaylar nedeni ile &#8221; Suriye \u00dcr\u00fcnleri Fuar\u0131n\u0131&#8221; iptal etti","datePublished":"2026-01-11T20:35:26+00:00","mainEntityOfPage":{"@id":"https:\/\/darkamazi.site\/archives\/1036176"},"wordCount":222,"publisher":{"@id":"https:\/\/darkamazi.site\/#organization"},"image":{"@id":"https:\/\/darkamazi.site\/archives\/1036176#primaryimage"},"thumbnailUrl":"https:\/\/darkamazi.site\/file\/2026\/01\/Fuar.jpg","articleSection":["Kurdistan"],"inLanguage":"en-US"},{"@type":"WebPage","@id":"https:\/\/darkamazi.site\/archives\/1036176","url":"https:\/\/darkamazi.site\/archives\/1036176","name":"Erbil Valili\u011fi Halep'teki olaylar nedeni ile \" Suriye \u00dcr\u00fcnleri Fuar\u0131n\u0131\" iptal etti - Darka Mazi","isPartOf":{"@id":"https:\/\/darkamazi.site\/#website"},"primaryImageOfPage":{"@id":"https:\/\/darkamazi.site\/archives\/1036176#primaryimage"},"image":{"@id":"https:\/\/darkamazi.site\/archives\/1036176#primaryimage"},"thumbnailUrl":"https:\/\/darkamazi.site\/file\/2026\/01\/Fuar.jpg","datePublished":"2026-01-11T20:35:26+00:00","breadcrumb":{"@id":"https:\/\/darkamazi.site\/archives\/1036176#breadcrumb"},"inLanguage":"en-US","potentialAction":[{"@type":"ReadAction","target":["https:\/\/darkamazi.site\/archives\/1036176"]}]},{"@type":"ImageObject","inLanguage":"en-US","@id":"https:\/\/darkamazi.site\/archives\/1036176#primaryimage","url":"https:\/\/darkamazi.site\/file\/2026\/01\/Fuar.jpg","contentUrl":"https:\/\/darkamazi.site\/file\/2026\/01\/Fuar.jpg","width":1562,"height":878,"caption":"Erbil Valili\u011fi Halep'teki olaylar nedeni ile \" Suriye \u00dcr\u00fcnleri Fuar\u0131n\u0131\" iptal etti"},{"@type":"BreadcrumbList","@id":"https:\/\/darkamazi.site\/archives\/1036176#breadcrumb","itemListElement":[{"@type":"ListItem","position":1,"name":"Home","item":"https:\/\/darkamazi.site\/"},{"@type":"ListItem","position":2,"name":"Erbil Valili\u011fi Halep&#8217;teki olaylar nedeni ile &#8221; Suriye \u00dcr\u00fcnleri Fuar\u0131n\u0131&#8221; iptal etti"}]},{"@type":"WebSite","@id":"https:\/\/darkamazi.site\/#website","url":"https:\/\/darkamazi.site\/","name":"Darka Mazi","description":"Ana Sayfa","publisher":{"@id":"https:\/\/darkamazi.site\/#organization"},"potentialAction":[{"@type":"SearchAction","target":{"@type":"EntryPoint","urlTemplate":"https:\/\/darkamazi.site\/?s={search_term_string}"},"query-input":{"@type":"PropertyValueSpecification","valueRequired":true,"valueName":"search_term_string"}}],"inLanguage":"en-US"},{"@type":"Organization","@id":"https:\/\/darkamazi.site\/#organization","name":"Darka Mazi T\u00fcrk\u00e7e","alternateName":"Darka Mazi","url":"https:\/\/darkamazi.site\/","logo":{"@type":"ImageObject","inLanguage":"en-US","@id":"https:\/\/darkamazi.site\/#\/schema\/logo\/image\/","url":"https:\/\/darkamazi.site\/file\/2017\/12\/darka-mazi-logo.png","contentUrl":"https:\/\/darkamazi.site\/file\/2017\/12\/darka-mazi-logo.png","width":151,"height":75,"caption":"Darka Mazi T\u00fcrk\u00e7e"},"image":{"@id":"https:\/\/darkamazi.site\/#\/schema\/logo\/image\/"},"sameAs":["https:\/\/www.facebook.com\/DarkaMaziturkce","https:\/\/x.com\/DarkaMaziTurkce"]},{"@type":"Person","@id":"https:\/\/darkamazi.site\/#\/schema\/person\/67986a95ac546c16760365877ef4a9d3","name":"darka mazi","sameAs":["https:\/\/darkamazi.site"],"url":"https:\/\/darkamazi.site\/archives\/author\/turkish"}]}},"_links":{"self":[{"href":"https:\/\/darkamazi.site\/funavuv\/wp\/v2\/posts\/1036176","targetHints":{"allow":["GET"]}}],"collection":[{"href":"https:\/\/darkamazi.site\/funavuv\/wp\/v2\/posts"}],"about":[{"href":"https:\/\/darkamazi.site\/funavuv\/wp\/v2\/types\/post"}],"author":[{"embeddable":true,"href":"https:\/\/darkamazi.site\/funavuv\/wp\/v2\/users\/2"}],"replies":[{"embeddable":true,"href":"https:\/\/darkamazi.site\/funavuv\/wp\/v2\/comments?post=1036176"}],"version-history":[{"count":0,"href":"https:\/\/darkamazi.site\/funavuv\/wp\/v2\/posts\/1036176\/revisions"}],"wp:featuredmedia":[{"embeddable":true,"href":"https:\/\/darkamazi.site\/funavuv\/wp\/v2\/media\/1036177"}],"wp:attachment":[{"href":"https:\/\/darkamazi.site\/funavuv\/wp\/v2\/media?parent=1036176"}],"wp:term":[{"taxonomy":"category","embeddable":true,"href":"https:\/\/darkamazi.site\/funavuv\/wp\/v2\/categories?post=1036176"},{"taxonomy":"post_tag","embeddable":true,"href":"https:\/\/darkamazi.site\/funavuv\/wp\/v2\/tags?post=1036176"}],"curies":[{"name":"wp","href":"https:\/\/api.w.org\/{rel}","templated":true}]}}