{"id":1036179,"date":"2026-01-12T22:06:19","date_gmt":"2026-01-12T19:06:19","guid":{"rendered":"https:\/\/darkamazi.site\/?p=1036179"},"modified":"2026-01-12T22:06:19","modified_gmt":"2026-01-12T19:06:19","slug":"barzani-yardim-vakfindan-halepliler-icin-seferberlik-8-binden-fazla-siginmaciya-yardim-eli","status":"publish","type":"post","link":"https:\/\/darkamazi.site\/archives\/1036179","title":{"rendered":"Barzani Yard\u0131m Vakf\u0131\u2019ndan Halepliler i\u00e7in  seferberlik: 8 binden fazla s\u0131\u011f\u0131nmac\u0131ya yard\u0131m eli"},"content":{"rendered":"<p style=\"text-align: justify\">Halep\u2019teki \u00e7at\u0131\u015fmalar ve g\u00fcvenlik sorunlar\u0131 nedeniyle Afrin\u2019e s\u0131\u011f\u0131nan sivillere y\u00f6nelik yard\u0131m \u00e7al\u0131\u015fmalar\u0131n\u0131 aral\u0131ks\u0131z s\u00fcrd\u00fcren Barzani Yard\u0131m Vakf\u0131 (BCF), son \u00fc\u00e7 g\u00fcnde 8 binden fazla g\u00f6\u00e7mene yard\u0131m ula\u015ft\u0131rd\u0131.<\/p>\n<p style=\"text-align: justify\">BCF, yay\u0131mlad\u0131\u011f\u0131 son raporda, Halep\u2019te k\u00f6t\u00fcle\u015fen g\u00fcvenlik durumu ve askeri \u00e7at\u0131\u015fmalar nedeniyle Afrin il\u00e7esine g\u00f6\u00e7 etmek zorunda kalan sivillere y\u00f6nelik yard\u0131m faaliyetlerinin bilan\u00e7osunu a\u00e7\u0131klad\u0131.<\/p>\n<p style=\"text-align: justify\">BCF Suriye Ofisinin verilerine g\u00f6re 9-11 Ocak 2026 tarihleri aras\u0131nda toplam 8 bin 189 g\u00f6\u00e7zede vakf\u0131n yard\u0131mlar\u0131ndan faydaland\u0131.<\/p>\n<p style=\"text-align: justify\">Rapora g\u00f6re son \u00fc\u00e7 g\u00fcnl\u00fck s\u00fcre zarf\u0131nda 7 bin 4 ki\u015filik s\u0131cak yemek da\u011f\u0131t\u0131ld\u0131, 436 ki\u015fiye battaniye, d\u00f6\u015fek ve mutfak seti gibi temel ev e\u015fyalar\u0131 temin edildi, 142 ki\u015fiye giysi yard\u0131m\u0131 yap\u0131ld\u0131 ve 273 ki\u015fiye t\u0131bbi muayene ve ila\u00e7 deste\u011fi sa\u011fland\u0131.<\/p>\n<p style=\"text-align: justify\">Fiziksel yard\u0131mlar\u0131n yan\u0131 s\u0131ra \u00e7ocuklar\u0131n psikolojik durumuna da \u00f6nem veren BCF, 334 \u00e7ocu\u011fun kat\u0131l\u0131m\u0131yla \u00e7e\u015fitli e\u011flence ve psikolojik destek aktiviteleri d\u00fczenledi.<\/p>\n<p style=\"text-align: justify\">Vak\u0131f, 12 Ocak 2026 (bug\u00fcn) planlamas\u0131 kapsam\u0131nda ise yard\u0131mlar\u0131 geni\u015fleterek s\u00fcrd\u00fcr\u00fcyor. Bu \u00e7er\u00e7evede 2 bin ki\u015filik s\u0131cak yemek da\u011f\u0131t\u0131m\u0131n\u0131n devam etmesi, kamplar i\u00e7in mobil sa\u011fl\u0131k ekiplerinin aktif hale getirilmesi ve 2 bin aile i\u00e7in hijyen malzemeleri i\u00e7eren \u00f6zel bir deponun haz\u0131rlanmas\u0131 hedefleniyor.<\/p>\n<p style=\"text-align: justify\">S\u00f6z konusu yard\u0131mlar\u0131n, Peace Village ve Tuffin Katolik Kilisesi gibi ba\u011f\u0131\u015f\u00e7\u0131 kurulu\u015flar\u0131n deste\u011fiyle ger\u00e7ekle\u015ftirildi\u011fi belirtildi.<\/p>\n<p style=\"text-align: justify\">Suriye ordusunun Halep\u2019in E\u015frefiye ve \u015eeyh Maksud mahallelerindeki K\u00fcrt yerle\u015fimlerine y\u00f6nelik 8 Ocak 2026\u2019da ba\u015flatt\u0131\u011f\u0131 sald\u0131r\u0131lar, b\u00fcy\u00fck bir g\u00f6\u00e7 dalgas\u0131n\u0131 tetikledi.<\/p>\n<p style=\"text-align: justify\">\u0130statistiklere g\u00f6re \u015fu ana kadar yakla\u015f\u0131k 27 bin 750 aile (tahmini 138 bin 750 ki\u015fi) yerinden edildi. Bu n\u00fcfusun y\u00fczde 90\u2019\u0131ndan fazlas\u0131n\u0131n Afrin b\u00f6lgesine s\u0131\u011f\u0131nd\u0131\u011f\u0131 kaydedildi.<\/p>\n<p style=\"text-align: justify\">BCF yetkilileri, g\u00f6\u00e7zedelerin \u00e7ok a\u011f\u0131r insani ko\u015fullar alt\u0131nda ya\u015fad\u0131\u011f\u0131na dikkat \u00e7ekti. \u00d6zellikle da\u011fl\u0131k b\u00f6lgelerdeki kar ya\u011f\u0131\u015f\u0131 ve dondurucu k\u0131\u015f \u015fartlar\u0131, g\u0131da ve yak\u0131t yetersizli\u011fi ile birle\u015fince, bar\u0131nma sorunu ya\u015fayan binlerce aile i\u00e7in hayati risk olu\u015fturuyor.<\/p>\n","protected":false},"excerpt":{"rendered":"<p>Halep\u2019teki \u00e7at\u0131\u015fmalar ve g\u00fcvenlik sorunlar\u0131 nedeniyle Afrin\u2019e s\u0131\u011f\u0131nan sivillere y\u00f6nelik yard\u0131m \u00e7al\u0131\u015fmalar\u0131n\u0131 aral\u0131ks\u0131z s\u00fcrd\u00fcren Barzani Yard\u0131m Vakf\u0131 (BCF), son \u00fc\u00e7 g\u00fcnde 8 binden fazla g\u00f6\u00e7mene yard\u0131m ula\u015ft\u0131rd\u0131. BCF, yay\u0131mlad\u0131\u011f\u0131 son raporda, Halep\u2019te k\u00f6t\u00fcle\u015fen g\u00fcvenlik durumu ve askeri \u00e7at\u0131\u015fmalar nedeniyle Afrin il\u00e7esine g\u00f6\u00e7 etmek zorunda kalan sivillere y\u00f6nelik yard\u0131m faaliyetlerinin bilan\u00e7osunu a\u00e7\u0131klad\u0131. BCF Suriye Ofisinin verilerine [&hellip;]<\/p>\n","protected":false},"author":2,"featured_media":1036180,"comment_status":"closed","ping_status":"closed","sticky":false,"template":"","format":"standard","meta":{"footnotes":""},"categories":[3],"tags":[31],"class_list":["post-1036179","post","type-post","status-publish","format-standard","has-post-thumbnail","hentry","category-kurdistan","tag-onemli"],"blocksy_meta":[],"seo_head":"<!-- This site is optimized with the Yoast SEO plugin v27.5 - https:\/\/yoast.com\/product\/yoast-seo-wordpress\/ -->\n<title>Barzani Yard\u0131m Vakf\u0131\u2019ndan Halepliler i\u00e7in seferberlik: 8 binden fazla s\u0131\u011f\u0131nmac\u0131ya yard\u0131m eli - Darka Mazi<\/title>\n<meta name=\"robots\" content=\"index, follow, max-snippet:-1, max-image-preview:large, max-video-preview:-1\" \/>\n<link rel=\"canonical\" href=\"https:\/\/darkamazi.site\/archives\/1036179\" \/>\n<meta property=\"og:locale\" content=\"en_US\" \/>\n<meta property=\"og:type\" content=\"article\" \/>\n<meta property=\"og:title\" content=\"Barzani Yard\u0131m Vakf\u0131\u2019ndan Halepliler i\u00e7in seferberlik: 8 binden fazla s\u0131\u011f\u0131nmac\u0131ya yard\u0131m eli - Darka Mazi\" \/>\n<meta property=\"og:description\" content=\"Halep\u2019teki \u00e7at\u0131\u015fmalar ve g\u00fcvenlik sorunlar\u0131 nedeniyle Afrin\u2019e s\u0131\u011f\u0131nan sivillere y\u00f6nelik yard\u0131m \u00e7al\u0131\u015fmalar\u0131n\u0131 aral\u0131ks\u0131z s\u00fcrd\u00fcren Barzani Yard\u0131m Vakf\u0131 (BCF), son \u00fc\u00e7 g\u00fcnde 8 binden fazla g\u00f6\u00e7mene yard\u0131m ula\u015ft\u0131rd\u0131. BCF, yay\u0131mlad\u0131\u011f\u0131 son raporda, Halep\u2019te k\u00f6t\u00fcle\u015fen g\u00fcvenlik durumu ve askeri \u00e7at\u0131\u015fmalar nedeniyle Afrin il\u00e7esine g\u00f6\u00e7 etmek zorunda kalan sivillere y\u00f6nelik yard\u0131m faaliyetlerinin bilan\u00e7osunu a\u00e7\u0131klad\u0131. BCF Suriye Ofisinin verilerine [&hellip;]\" \/>\n<meta property=\"og:url\" content=\"https:\/\/darkamazi.site\/archives\/1036179\" \/>\n<meta property=\"og:site_name\" content=\"Darka Mazi\" \/>\n<meta property=\"article:publisher\" content=\"https:\/\/www.facebook.com\/DarkaMaziturkce\" \/>\n<meta property=\"article:published_time\" content=\"2026-01-12T19:06:19+00:00\" \/>\n<meta property=\"og:image\" content=\"https:\/\/darkamazi.site\/file\/2026\/01\/BCF.jpg\" \/>\n\t<meta property=\"og:image:width\" content=\"900\" \/>\n\t<meta property=\"og:image:height\" content=\"500\" \/>\n\t<meta property=\"og:image:type\" content=\"image\/jpeg\" \/>\n<meta name=\"author\" content=\"darka mazi\" \/>\n<meta name=\"twitter:card\" content=\"summary_large_image\" \/>\n<meta name=\"twitter:creator\" content=\"@DarkaMaziTurkce\" \/>\n<meta name=\"twitter:site\" content=\"@DarkaMaziTurkce\" \/>\n<meta name=\"twitter:label1\" content=\"Written by\" \/>\n\t<meta name=\"twitter:data1\" content=\"darka mazi\" \/>\n\t<meta name=\"twitter:label2\" content=\"Est. reading time\" \/>\n\t<meta name=\"twitter:data2\" content=\"2 minutes\" \/>\n<script type=\"application\/ld+json\" class=\"seo-schema-graph\">{\"@context\":\"https:\\\/\\\/schema.org\",\"@graph\":[{\"@type\":\"NewsArticle\",\"@id\":\"https:\\\/\\\/darkamazi.site\\\/archives\\\/1036179#article\",\"isPartOf\":{\"@id\":\"https:\\\/\\\/darkamazi.site\\\/archives\\\/1036179\"},\"author\":{\"name\":\"darka mazi\",\"@id\":\"https:\\\/\\\/darkamazi.site\\\/#\\\/schema\\\/person\\\/67986a95ac546c16760365877ef4a9d3\"},\"headline\":\"Barzani Yard\u0131m Vakf\u0131\u2019ndan Halepliler i\u00e7in seferberlik: 8 binden fazla s\u0131\u011f\u0131nmac\u0131ya yard\u0131m eli\",\"datePublished\":\"2026-01-12T19:06:19+00:00\",\"mainEntityOfPage\":{\"@id\":\"https:\\\/\\\/darkamazi.site\\\/archives\\\/1036179\"},\"wordCount\":400,\"publisher\":{\"@id\":\"https:\\\/\\\/darkamazi.site\\\/#organization\"},\"image\":{\"@id\":\"https:\\\/\\\/darkamazi.site\\\/archives\\\/1036179#primaryimage\"},\"thumbnailUrl\":\"https:\\\/\\\/darkamazi.site\\\/darka-content\\\/uploads\\\/2026\\\/01\\\/BCF.jpg\",\"keywords\":[\"\u00f6nemli\"],\"articleSection\":[\"Kurdistan\"],\"inLanguage\":\"en-US\"},{\"@type\":\"WebPage\",\"@id\":\"https:\\\/\\\/darkamazi.site\\\/archives\\\/1036179\",\"url\":\"https:\\\/\\\/darkamazi.site\\\/archives\\\/1036179\",\"name\":\"Barzani Yard\u0131m Vakf\u0131\u2019ndan Halepliler i\u00e7in seferberlik: 8 binden fazla s\u0131\u011f\u0131nmac\u0131ya yard\u0131m eli - Darka Mazi\",\"isPartOf\":{\"@id\":\"https:\\\/\\\/darkamazi.site\\\/#website\"},\"primaryImageOfPage\":{\"@id\":\"https:\\\/\\\/darkamazi.site\\\/archives\\\/1036179#primaryimage\"},\"image\":{\"@id\":\"https:\\\/\\\/darkamazi.site\\\/archives\\\/1036179#primaryimage\"},\"thumbnailUrl\":\"https:\\\/\\\/darkamazi.site\\\/darka-content\\\/uploads\\\/2026\\\/01\\\/BCF.jpg\",\"datePublished\":\"2026-01-12T19:06:19+00:00\",\"breadcrumb\":{\"@id\":\"https:\\\/\\\/darkamazi.site\\\/archives\\\/1036179#breadcrumb\"},\"inLanguage\":\"en-US\",\"potentialAction\":[{\"@type\":\"ReadAction\",\"target\":[\"https:\\\/\\\/darkamazi.site\\\/archives\\\/1036179\"]}]},{\"@type\":\"ImageObject\",\"inLanguage\":\"en-US\",\"@id\":\"https:\\\/\\\/darkamazi.site\\\/archives\\\/1036179#primaryimage\",\"url\":\"https:\\\/\\\/darkamazi.site\\\/darka-content\\\/uploads\\\/2026\\\/01\\\/BCF.jpg\",\"contentUrl\":\"https:\\\/\\\/darkamazi.site\\\/darka-content\\\/uploads\\\/2026\\\/01\\\/BCF.jpg\",\"width\":900,\"height\":500,\"caption\":\"Barzani Yard\u0131m Vakf\u0131\u2019ndan Efrin seferberli\u011fi: 8 binden fazla s\u0131\u011f\u0131nmac\u0131ya yard\u0131m eli\"},{\"@type\":\"BreadcrumbList\",\"@id\":\"https:\\\/\\\/darkamazi.site\\\/archives\\\/1036179#breadcrumb\",\"itemListElement\":[{\"@type\":\"ListItem\",\"position\":1,\"name\":\"Home\",\"item\":\"https:\\\/\\\/darkamazi.site\\\/\"},{\"@type\":\"ListItem\",\"position\":2,\"name\":\"Barzani Yard\u0131m Vakf\u0131\u2019ndan Halepliler i\u00e7in seferberlik: 8 binden fazla s\u0131\u011f\u0131nmac\u0131ya yard\u0131m eli\"}]},{\"@type\":\"WebSite\",\"@id\":\"https:\\\/\\\/darkamazi.site\\\/#website\",\"url\":\"https:\\\/\\\/darkamazi.site\\\/\",\"name\":\"Darka Mazi\",\"description\":\"Ana Sayfa\",\"publisher\":{\"@id\":\"https:\\\/\\\/darkamazi.site\\\/#organization\"},\"potentialAction\":[{\"@type\":\"SearchAction\",\"target\":{\"@type\":\"EntryPoint\",\"urlTemplate\":\"https:\\\/\\\/darkamazi.site\\\/?s={search_term_string}\"},\"query-input\":{\"@type\":\"PropertyValueSpecification\",\"valueRequired\":true,\"valueName\":\"search_term_string\"}}],\"inLanguage\":\"en-US\"},{\"@type\":\"Organization\",\"@id\":\"https:\\\/\\\/darkamazi.site\\\/#organization\",\"name\":\"Darka Mazi T\u00fcrk\u00e7e\",\"alternateName\":\"Darka Mazi\",\"url\":\"https:\\\/\\\/darkamazi.site\\\/\",\"logo\":{\"@type\":\"ImageObject\",\"inLanguage\":\"en-US\",\"@id\":\"https:\\\/\\\/darkamazi.site\\\/#\\\/schema\\\/logo\\\/image\\\/\",\"url\":\"https:\\\/\\\/darkamazi.site\\\/darka-content\\\/uploads\\\/2017\\\/12\\\/darka-mazi-logo.png\",\"contentUrl\":\"https:\\\/\\\/darkamazi.site\\\/darka-content\\\/uploads\\\/2017\\\/12\\\/darka-mazi-logo.png\",\"width\":151,\"height\":75,\"caption\":\"Darka Mazi T\u00fcrk\u00e7e\"},\"image\":{\"@id\":\"https:\\\/\\\/darkamazi.site\\\/#\\\/schema\\\/logo\\\/image\\\/\"},\"sameAs\":[\"https:\\\/\\\/www.facebook.com\\\/DarkaMaziturkce\",\"https:\\\/\\\/x.com\\\/DarkaMaziTurkce\"]},{\"@type\":\"Person\",\"@id\":\"https:\\\/\\\/darkamazi.site\\\/#\\\/schema\\\/person\\\/67986a95ac546c16760365877ef4a9d3\",\"name\":\"darka mazi\",\"sameAs\":[\"https:\\\/\\\/darkamazi.site\"],\"url\":\"https:\\\/\\\/darkamazi.site\\\/archives\\\/author\\\/turkish\"}]}<\/script>\n<!-- \/ Yoast SEO plugin. -->","seo_head_json":{"title":"Barzani Yard\u0131m Vakf\u0131\u2019ndan Halepliler i\u00e7in seferberlik: 8 binden fazla s\u0131\u011f\u0131nmac\u0131ya yard\u0131m eli - Darka Mazi","robots":{"index":"index","follow":"follow","max-snippet":"max-snippet:-1","max-image-preview":"max-image-preview:large","max-video-preview":"max-video-preview:-1"},"canonical":"https:\/\/darkamazi.site\/archives\/1036179","og_locale":"en_US","og_type":"article","og_title":"Barzani Yard\u0131m Vakf\u0131\u2019ndan Halepliler i\u00e7in seferberlik: 8 binden fazla s\u0131\u011f\u0131nmac\u0131ya yard\u0131m eli - Darka Mazi","og_description":"Halep\u2019teki \u00e7at\u0131\u015fmalar ve g\u00fcvenlik sorunlar\u0131 nedeniyle Afrin\u2019e s\u0131\u011f\u0131nan sivillere y\u00f6nelik yard\u0131m \u00e7al\u0131\u015fmalar\u0131n\u0131 aral\u0131ks\u0131z s\u00fcrd\u00fcren Barzani Yard\u0131m Vakf\u0131 (BCF), son \u00fc\u00e7 g\u00fcnde 8 binden fazla g\u00f6\u00e7mene yard\u0131m ula\u015ft\u0131rd\u0131. BCF, yay\u0131mlad\u0131\u011f\u0131 son raporda, Halep\u2019te k\u00f6t\u00fcle\u015fen g\u00fcvenlik durumu ve askeri \u00e7at\u0131\u015fmalar nedeniyle Afrin il\u00e7esine g\u00f6\u00e7 etmek zorunda kalan sivillere y\u00f6nelik yard\u0131m faaliyetlerinin bilan\u00e7osunu a\u00e7\u0131klad\u0131. BCF Suriye Ofisinin verilerine [&hellip;]","og_url":"https:\/\/darkamazi.site\/archives\/1036179","og_site_name":"Darka Mazi","article_publisher":"https:\/\/www.facebook.com\/DarkaMaziturkce","article_published_time":"2026-01-12T19:06:19+00:00","og_image":[{"width":900,"height":500,"url":"https:\/\/darkamazi.site\/file\/2026\/01\/BCF.jpg","type":"image\/jpeg"}],"author":"darka mazi","twitter_card":"summary_large_image","twitter_creator":"@DarkaMaziTurkce","twitter_site":"@DarkaMaziTurkce","twitter_misc":{"Written by":"darka mazi","Est. reading time":"2 minutes"},"schema":{"@context":"https:\/\/schema.org","@graph":[{"@type":"NewsArticle","@id":"https:\/\/darkamazi.site\/archives\/1036179#article","isPartOf":{"@id":"https:\/\/darkamazi.site\/archives\/1036179"},"author":{"name":"darka mazi","@id":"https:\/\/darkamazi.site\/#\/schema\/person\/67986a95ac546c16760365877ef4a9d3"},"headline":"Barzani Yard\u0131m Vakf\u0131\u2019ndan Halepliler i\u00e7in seferberlik: 8 binden fazla s\u0131\u011f\u0131nmac\u0131ya yard\u0131m eli","datePublished":"2026-01-12T19:06:19+00:00","mainEntityOfPage":{"@id":"https:\/\/darkamazi.site\/archives\/1036179"},"wordCount":400,"publisher":{"@id":"https:\/\/darkamazi.site\/#organization"},"image":{"@id":"https:\/\/darkamazi.site\/archives\/1036179#primaryimage"},"thumbnailUrl":"https:\/\/darkamazi.site\/file\/2026\/01\/BCF.jpg","keywords":["\u00f6nemli"],"articleSection":["Kurdistan"],"inLanguage":"en-US"},{"@type":"WebPage","@id":"https:\/\/darkamazi.site\/archives\/1036179","url":"https:\/\/darkamazi.site\/archives\/1036179","name":"Barzani Yard\u0131m Vakf\u0131\u2019ndan Halepliler i\u00e7in seferberlik: 8 binden fazla s\u0131\u011f\u0131nmac\u0131ya yard\u0131m eli - Darka Mazi","isPartOf":{"@id":"https:\/\/darkamazi.site\/#website"},"primaryImageOfPage":{"@id":"https:\/\/darkamazi.site\/archives\/1036179#primaryimage"},"image":{"@id":"https:\/\/darkamazi.site\/archives\/1036179#primaryimage"},"thumbnailUrl":"https:\/\/darkamazi.site\/file\/2026\/01\/BCF.jpg","datePublished":"2026-01-12T19:06:19+00:00","breadcrumb":{"@id":"https:\/\/darkamazi.site\/archives\/1036179#breadcrumb"},"inLanguage":"en-US","potentialAction":[{"@type":"ReadAction","target":["https:\/\/darkamazi.site\/archives\/1036179"]}]},{"@type":"ImageObject","inLanguage":"en-US","@id":"https:\/\/darkamazi.site\/archives\/1036179#primaryimage","url":"https:\/\/darkamazi.site\/file\/2026\/01\/BCF.jpg","contentUrl":"https:\/\/darkamazi.site\/file\/2026\/01\/BCF.jpg","width":900,"height":500,"caption":"Barzani Yard\u0131m Vakf\u0131\u2019ndan Efrin seferberli\u011fi: 8 binden fazla s\u0131\u011f\u0131nmac\u0131ya yard\u0131m eli"},{"@type":"BreadcrumbList","@id":"https:\/\/darkamazi.site\/archives\/1036179#breadcrumb","itemListElement":[{"@type":"ListItem","position":1,"name":"Home","item":"https:\/\/darkamazi.site\/"},{"@type":"ListItem","position":2,"name":"Barzani Yard\u0131m Vakf\u0131\u2019ndan Halepliler i\u00e7in seferberlik: 8 binden fazla s\u0131\u011f\u0131nmac\u0131ya yard\u0131m eli"}]},{"@type":"WebSite","@id":"https:\/\/darkamazi.site\/#website","url":"https:\/\/darkamazi.site\/","name":"Darka Mazi","description":"Ana Sayfa","publisher":{"@id":"https:\/\/darkamazi.site\/#organization"},"potentialAction":[{"@type":"SearchAction","target":{"@type":"EntryPoint","urlTemplate":"https:\/\/darkamazi.site\/?s={search_term_string}"},"query-input":{"@type":"PropertyValueSpecification","valueRequired":true,"valueName":"search_term_string"}}],"inLanguage":"en-US"},{"@type":"Organization","@id":"https:\/\/darkamazi.site\/#organization","name":"Darka Mazi T\u00fcrk\u00e7e","alternateName":"Darka Mazi","url":"https:\/\/darkamazi.site\/","logo":{"@type":"ImageObject","inLanguage":"en-US","@id":"https:\/\/darkamazi.site\/#\/schema\/logo\/image\/","url":"https:\/\/darkamazi.site\/file\/2017\/12\/darka-mazi-logo.png","contentUrl":"https:\/\/darkamazi.site\/file\/2017\/12\/darka-mazi-logo.png","width":151,"height":75,"caption":"Darka Mazi T\u00fcrk\u00e7e"},"image":{"@id":"https:\/\/darkamazi.site\/#\/schema\/logo\/image\/"},"sameAs":["https:\/\/www.facebook.com\/DarkaMaziturkce","https:\/\/x.com\/DarkaMaziTurkce"]},{"@type":"Person","@id":"https:\/\/darkamazi.site\/#\/schema\/person\/67986a95ac546c16760365877ef4a9d3","name":"darka mazi","sameAs":["https:\/\/darkamazi.site"],"url":"https:\/\/darkamazi.site\/archives\/author\/turkish"}]}},"_links":{"self":[{"href":"https:\/\/darkamazi.site\/funavuv\/wp\/v2\/posts\/1036179","targetHints":{"allow":["GET"]}}],"collection":[{"href":"https:\/\/darkamazi.site\/funavuv\/wp\/v2\/posts"}],"about":[{"href":"https:\/\/darkamazi.site\/funavuv\/wp\/v2\/types\/post"}],"author":[{"embeddable":true,"href":"https:\/\/darkamazi.site\/funavuv\/wp\/v2\/users\/2"}],"replies":[{"embeddable":true,"href":"https:\/\/darkamazi.site\/funavuv\/wp\/v2\/comments?post=1036179"}],"version-history":[{"count":0,"href":"https:\/\/darkamazi.site\/funavuv\/wp\/v2\/posts\/1036179\/revisions"}],"wp:featuredmedia":[{"embeddable":true,"href":"https:\/\/darkamazi.site\/funavuv\/wp\/v2\/media\/1036180"}],"wp:attachment":[{"href":"https:\/\/darkamazi.site\/funavuv\/wp\/v2\/media?parent=1036179"}],"wp:term":[{"taxonomy":"category","embeddable":true,"href":"https:\/\/darkamazi.site\/funavuv\/wp\/v2\/categories?post=1036179"},{"taxonomy":"post_tag","embeddable":true,"href":"https:\/\/darkamazi.site\/funavuv\/wp\/v2\/tags?post=1036179"}],"curies":[{"name":"wp","href":"https:\/\/api.w.org\/{rel}","templated":true}]}}