{"id":1036186,"date":"2026-01-14T22:57:35","date_gmt":"2026-01-14T19:57:35","guid":{"rendered":"https:\/\/darkamazi.site\/?p=1036186"},"modified":"2026-01-14T22:57:35","modified_gmt":"2026-01-14T19:57:35","slug":"necirvan-barzani-suriyedeki-kurt-halkinin-haklarini-desteklemeye-devam-edecegiz","status":"publish","type":"post","link":"https:\/\/darkamazi.site\/archives\/1036186","title":{"rendered":"Ne\u00e7irvan Barzani: Suriye\u2019deki K\u00fcrt halk\u0131n\u0131n haklar\u0131n\u0131 desteklemeye devam edece\u011fiz"},"content":{"rendered":"<p style=\"text-align: justify\">K\u00fcrdistan B\u00f6lgesi Ba\u015fkan\u0131 Ne\u00e7irvan Barzani, b\u00f6lgede t\u0131rmanan askeri hareketlilik ve Suriye\u2019deki krizi g\u00f6r\u00fc\u015fmek \u00fczere Fransa\u2019n\u0131n Irak B\u00fcy\u00fckel\u00e7isi Patrick Durel ile bir araya geldi.<\/p>\n<p style=\"text-align: justify\">Ne\u00e7irvan Barzani, Halep\u2019te \u00e7at\u0131\u015fmalar\u0131n durmas\u0131 i\u00e7in t\u00fcm akt\u00f6rlerle yo\u011fun bir diplomasi y\u00fcr\u00fctt\u00fcklerini a\u00e7\u0131klad\u0131.<\/p>\n<p style=\"text-align: justify\"><strong>&#8220;Suriye\u2019deki t\u00fcm bile\u015fenlerin haklar\u0131n\u0131 destekliyoruz&#8221;\u00a0\u00a0<\/strong><\/p>\n<p style=\"text-align: justify\">G\u00f6r\u00fc\u015fmede Suriye\u2019deki geli\u015fmeleri yak\u0131ndan takip ettiklerini belirten Ne\u00e7irvan Barzani, &#8220;K\u00fcrdistan B\u00f6lgesi olarak Suriye\u2019deki K\u00fcrt halk\u0131n\u0131n ve di\u011fer t\u00fcm bile\u015fenlerin haklar\u0131n\u0131 desteklemeye devam edece\u011fiz&#8221; dedi.<\/p>\n<p style=\"text-align: justify\">Halep\u2019teki \u00e7at\u0131\u015fma s\u00fcrecine de\u011finen Ne\u00e7irvan Barzani, olaylar\u0131n patlak verdi\u011fi ilk andan itibaren istikrar\u0131 sa\u011flamak ve sava\u015f\u0131 durdurmak i\u00e7in t\u00fcm taraflarla temas kurduklar\u0131n\u0131 ve bu giri\u015fimlerin halen s\u00fcrd\u00fc\u011f\u00fcn\u00fc vurgulad\u0131.<\/p>\n<p style=\"text-align: justify\"><strong>B\u00f6lgesel istikrar ve diyalog vurgusu\u00a0\u00a0<\/strong><\/p>\n<p style=\"text-align: justify\">Ne\u00e7irvan Barzani ve B\u00fcy\u00fckel\u00e7i Durel, Ortado\u011fu\u2019daki genel gerginlikten duyduklar\u0131 endi\u015feyi payla\u015f\u0131rken, sorunlar\u0131n askeri y\u00f6ntemlerle de\u011fil, diyalog ve diplomasi ile \u00e7\u00f6z\u00fclmesi gerekti\u011fi konusunda mutab\u0131k kald\u0131.<\/p>\n<p style=\"text-align: justify\">\u00a0G\u00f6r\u00fc\u015fmede askeri \u00e7at\u0131\u015fmalar\u0131n b\u00f6lgeyi geri d\u00f6n\u00fclemez bir karma\u015faya s\u00fcr\u00fckleyebilece\u011fi uyar\u0131s\u0131 yap\u0131ld\u0131.<\/p>\n<p style=\"text-align: justify\"><strong>Erbil ve Ba\u011fdat\u2019ta h\u00fck\u00fcmet kurma s\u00fcre\u00e7leri\u00a0\u00a0<\/strong><\/p>\n<p style=\"text-align: justify\">Toplant\u0131da Irak\u2019\u0131n genel siyasi durumu da masaya yat\u0131r\u0131ld\u0131. Ba\u011fdat\u2019ta Cumhurba\u015fkanl\u0131\u011f\u0131 ve Ba\u015fbakanl\u0131k se\u00e7imlerinin anayasal s\u00fcrede tamamlanmas\u0131 ve g\u00fc\u00e7l\u00fc bir h\u00fck\u00fcmetin kurulmas\u0131 temenni edildi.<\/p>\n<p style=\"text-align: justify\">\u00a0Ayn\u0131 zamanda Erbil\u2019de yeni K\u00fcrdistan B\u00f6lgesi kabinesinin bir an \u00f6nce olu\u015fturulmas\u0131 gerekti\u011fine dikkat \u00e7ekildi.<\/p>\n<p style=\"text-align: justify\"><strong>T\u00fcrkiye\u2019deki Bar\u0131\u015f S\u00fcreci G\u00fcndemde\u00a0<\/strong><\/p>\n<p style=\"text-align: justify\">Diplomatik g\u00f6r\u00fc\u015fmenin dikkat \u00e7eken ba\u015fl\u0131klar\u0131ndan biri de T\u00fcrkiye\u2019deki bar\u0131\u015f s\u00fcreci oldu. Fransa B\u00fcy\u00fckel\u00e7isi, Ba\u015fkan Ne\u00e7irvan Barzani\u2019nin b\u00f6lgedeki arabulucu ve bar\u0131\u015f\u00e7\u0131l rol\u00fcn\u00fc takdir ettiklerini belirterek, Fransa\u2019n\u0131n Irak ve K\u00fcrdistan B\u00f6lgesi\u2019ne olan stratejik deste\u011finin s\u00fcrece\u011fini ifade etti<span>.<\/span><\/p>\n","protected":false},"excerpt":{"rendered":"<p>K\u00fcrdistan B\u00f6lgesi Ba\u015fkan\u0131 Ne\u00e7irvan Barzani, b\u00f6lgede t\u0131rmanan askeri hareketlilik ve Suriye\u2019deki krizi g\u00f6r\u00fc\u015fmek \u00fczere Fransa\u2019n\u0131n Irak B\u00fcy\u00fckel\u00e7isi Patrick Durel ile bir araya geldi. Ne\u00e7irvan Barzani, Halep\u2019te \u00e7at\u0131\u015fmalar\u0131n durmas\u0131 i\u00e7in t\u00fcm akt\u00f6rlerle yo\u011fun bir diplomasi y\u00fcr\u00fctt\u00fcklerini a\u00e7\u0131klad\u0131. &#8220;Suriye\u2019deki t\u00fcm bile\u015fenlerin haklar\u0131n\u0131 destekliyoruz&#8221;\u00a0\u00a0 G\u00f6r\u00fc\u015fmede Suriye\u2019deki geli\u015fmeleri yak\u0131ndan takip ettiklerini belirten Ne\u00e7irvan Barzani, &#8220;K\u00fcrdistan B\u00f6lgesi olarak Suriye\u2019deki K\u00fcrt [&hellip;]<\/p>\n","protected":false},"author":2,"featured_media":1036187,"comment_status":"closed","ping_status":"closed","sticky":false,"template":"","format":"standard","meta":{"footnotes":""},"categories":[3],"tags":[31],"class_list":["post-1036186","post","type-post","status-publish","format-standard","has-post-thumbnail","hentry","category-kurdistan","tag-onemli"],"blocksy_meta":[],"seo_head":"<!-- This site is optimized with the Yoast SEO plugin v27.5 - https:\/\/yoast.com\/product\/yoast-seo-wordpress\/ -->\n<title>Ne\u00e7irvan Barzani: Suriye\u2019deki K\u00fcrt halk\u0131n\u0131n haklar\u0131n\u0131 desteklemeye devam edece\u011fiz - Darka Mazi<\/title>\n<meta name=\"robots\" content=\"index, follow, max-snippet:-1, max-image-preview:large, max-video-preview:-1\" \/>\n<link rel=\"canonical\" href=\"https:\/\/darkamazi.site\/archives\/1036186\" \/>\n<meta property=\"og:locale\" content=\"en_US\" \/>\n<meta property=\"og:type\" content=\"article\" \/>\n<meta property=\"og:title\" content=\"Ne\u00e7irvan Barzani: Suriye\u2019deki K\u00fcrt halk\u0131n\u0131n haklar\u0131n\u0131 desteklemeye devam edece\u011fiz - Darka Mazi\" \/>\n<meta property=\"og:description\" content=\"K\u00fcrdistan B\u00f6lgesi Ba\u015fkan\u0131 Ne\u00e7irvan Barzani, b\u00f6lgede t\u0131rmanan askeri hareketlilik ve Suriye\u2019deki krizi g\u00f6r\u00fc\u015fmek \u00fczere Fransa\u2019n\u0131n Irak B\u00fcy\u00fckel\u00e7isi Patrick Durel ile bir araya geldi. Ne\u00e7irvan Barzani, Halep\u2019te \u00e7at\u0131\u015fmalar\u0131n durmas\u0131 i\u00e7in t\u00fcm akt\u00f6rlerle yo\u011fun bir diplomasi y\u00fcr\u00fctt\u00fcklerini a\u00e7\u0131klad\u0131. &#8220;Suriye\u2019deki t\u00fcm bile\u015fenlerin haklar\u0131n\u0131 destekliyoruz&#8221;\u00a0\u00a0 G\u00f6r\u00fc\u015fmede Suriye\u2019deki geli\u015fmeleri yak\u0131ndan takip ettiklerini belirten Ne\u00e7irvan Barzani, &#8220;K\u00fcrdistan B\u00f6lgesi olarak Suriye\u2019deki K\u00fcrt [&hellip;]\" \/>\n<meta property=\"og:url\" content=\"https:\/\/darkamazi.site\/archives\/1036186\" \/>\n<meta property=\"og:site_name\" content=\"Darka Mazi\" \/>\n<meta property=\"article:publisher\" content=\"https:\/\/www.facebook.com\/DarkaMaziturkce\" \/>\n<meta property=\"article:published_time\" content=\"2026-01-14T19:57:35+00:00\" \/>\n<meta property=\"og:image\" content=\"https:\/\/darkamazi.site\/file\/2026\/01\/Necirvan-Barzani.jpg\" \/>\n\t<meta property=\"og:image:width\" content=\"752\" \/>\n\t<meta property=\"og:image:height\" content=\"472\" \/>\n\t<meta property=\"og:image:type\" content=\"image\/jpeg\" \/>\n<meta name=\"author\" content=\"darka mazi\" \/>\n<meta name=\"twitter:card\" content=\"summary_large_image\" \/>\n<meta name=\"twitter:creator\" content=\"@DarkaMaziTurkce\" \/>\n<meta name=\"twitter:site\" content=\"@DarkaMaziTurkce\" \/>\n<meta name=\"twitter:label1\" content=\"Written by\" \/>\n\t<meta name=\"twitter:data1\" content=\"darka mazi\" \/>\n\t<meta name=\"twitter:label2\" content=\"Est. reading time\" \/>\n\t<meta name=\"twitter:data2\" content=\"2 minutes\" \/>\n<script type=\"application\/ld+json\" class=\"seo-schema-graph\">{\"@context\":\"https:\\\/\\\/schema.org\",\"@graph\":[{\"@type\":\"NewsArticle\",\"@id\":\"https:\\\/\\\/darkamazi.site\\\/archives\\\/1036186#article\",\"isPartOf\":{\"@id\":\"https:\\\/\\\/darkamazi.site\\\/archives\\\/1036186\"},\"author\":{\"name\":\"darka mazi\",\"@id\":\"https:\\\/\\\/darkamazi.site\\\/#\\\/schema\\\/person\\\/67986a95ac546c16760365877ef4a9d3\"},\"headline\":\"Ne\u00e7irvan Barzani: Suriye\u2019deki K\u00fcrt halk\u0131n\u0131n haklar\u0131n\u0131 desteklemeye devam edece\u011fiz\",\"datePublished\":\"2026-01-14T19:57:35+00:00\",\"mainEntityOfPage\":{\"@id\":\"https:\\\/\\\/darkamazi.site\\\/archives\\\/1036186\"},\"wordCount\":374,\"publisher\":{\"@id\":\"https:\\\/\\\/darkamazi.site\\\/#organization\"},\"image\":{\"@id\":\"https:\\\/\\\/darkamazi.site\\\/archives\\\/1036186#primaryimage\"},\"thumbnailUrl\":\"https:\\\/\\\/darkamazi.site\\\/darka-content\\\/uploads\\\/2026\\\/01\\\/Necirvan-Barzani.jpg\",\"keywords\":[\"\u00f6nemli\"],\"articleSection\":[\"Kurdistan\"],\"inLanguage\":\"en-US\"},{\"@type\":\"WebPage\",\"@id\":\"https:\\\/\\\/darkamazi.site\\\/archives\\\/1036186\",\"url\":\"https:\\\/\\\/darkamazi.site\\\/archives\\\/1036186\",\"name\":\"Ne\u00e7irvan Barzani: Suriye\u2019deki K\u00fcrt halk\u0131n\u0131n haklar\u0131n\u0131 desteklemeye devam edece\u011fiz - Darka Mazi\",\"isPartOf\":{\"@id\":\"https:\\\/\\\/darkamazi.site\\\/#website\"},\"primaryImageOfPage\":{\"@id\":\"https:\\\/\\\/darkamazi.site\\\/archives\\\/1036186#primaryimage\"},\"image\":{\"@id\":\"https:\\\/\\\/darkamazi.site\\\/archives\\\/1036186#primaryimage\"},\"thumbnailUrl\":\"https:\\\/\\\/darkamazi.site\\\/darka-content\\\/uploads\\\/2026\\\/01\\\/Necirvan-Barzani.jpg\",\"datePublished\":\"2026-01-14T19:57:35+00:00\",\"breadcrumb\":{\"@id\":\"https:\\\/\\\/darkamazi.site\\\/archives\\\/1036186#breadcrumb\"},\"inLanguage\":\"en-US\",\"potentialAction\":[{\"@type\":\"ReadAction\",\"target\":[\"https:\\\/\\\/darkamazi.site\\\/archives\\\/1036186\"]}]},{\"@type\":\"ImageObject\",\"inLanguage\":\"en-US\",\"@id\":\"https:\\\/\\\/darkamazi.site\\\/archives\\\/1036186#primaryimage\",\"url\":\"https:\\\/\\\/darkamazi.site\\\/darka-content\\\/uploads\\\/2026\\\/01\\\/Necirvan-Barzani.jpg\",\"contentUrl\":\"https:\\\/\\\/darkamazi.site\\\/darka-content\\\/uploads\\\/2026\\\/01\\\/Necirvan-Barzani.jpg\",\"width\":752,\"height\":472,\"caption\":\"Ne\u00e7irvan Barzani: Suriye\u2019deki K\u00fcrt halk\u0131n\u0131n haklar\u0131n\u0131 desteklemeye devam edece\u011fiz\"},{\"@type\":\"BreadcrumbList\",\"@id\":\"https:\\\/\\\/darkamazi.site\\\/archives\\\/1036186#breadcrumb\",\"itemListElement\":[{\"@type\":\"ListItem\",\"position\":1,\"name\":\"Home\",\"item\":\"https:\\\/\\\/darkamazi.site\\\/\"},{\"@type\":\"ListItem\",\"position\":2,\"name\":\"Ne\u00e7irvan Barzani: Suriye\u2019deki K\u00fcrt halk\u0131n\u0131n haklar\u0131n\u0131 desteklemeye devam edece\u011fiz\"}]},{\"@type\":\"WebSite\",\"@id\":\"https:\\\/\\\/darkamazi.site\\\/#website\",\"url\":\"https:\\\/\\\/darkamazi.site\\\/\",\"name\":\"Darka Mazi\",\"description\":\"Ana Sayfa\",\"publisher\":{\"@id\":\"https:\\\/\\\/darkamazi.site\\\/#organization\"},\"potentialAction\":[{\"@type\":\"SearchAction\",\"target\":{\"@type\":\"EntryPoint\",\"urlTemplate\":\"https:\\\/\\\/darkamazi.site\\\/?s={search_term_string}\"},\"query-input\":{\"@type\":\"PropertyValueSpecification\",\"valueRequired\":true,\"valueName\":\"search_term_string\"}}],\"inLanguage\":\"en-US\"},{\"@type\":\"Organization\",\"@id\":\"https:\\\/\\\/darkamazi.site\\\/#organization\",\"name\":\"Darka Mazi T\u00fcrk\u00e7e\",\"alternateName\":\"Darka Mazi\",\"url\":\"https:\\\/\\\/darkamazi.site\\\/\",\"logo\":{\"@type\":\"ImageObject\",\"inLanguage\":\"en-US\",\"@id\":\"https:\\\/\\\/darkamazi.site\\\/#\\\/schema\\\/logo\\\/image\\\/\",\"url\":\"https:\\\/\\\/darkamazi.site\\\/darka-content\\\/uploads\\\/2017\\\/12\\\/darka-mazi-logo.png\",\"contentUrl\":\"https:\\\/\\\/darkamazi.site\\\/darka-content\\\/uploads\\\/2017\\\/12\\\/darka-mazi-logo.png\",\"width\":151,\"height\":75,\"caption\":\"Darka Mazi T\u00fcrk\u00e7e\"},\"image\":{\"@id\":\"https:\\\/\\\/darkamazi.site\\\/#\\\/schema\\\/logo\\\/image\\\/\"},\"sameAs\":[\"https:\\\/\\\/www.facebook.com\\\/DarkaMaziturkce\",\"https:\\\/\\\/x.com\\\/DarkaMaziTurkce\"]},{\"@type\":\"Person\",\"@id\":\"https:\\\/\\\/darkamazi.site\\\/#\\\/schema\\\/person\\\/67986a95ac546c16760365877ef4a9d3\",\"name\":\"darka mazi\",\"sameAs\":[\"https:\\\/\\\/darkamazi.site\"],\"url\":\"https:\\\/\\\/darkamazi.site\\\/archives\\\/author\\\/turkish\"}]}<\/script>\n<!-- \/ Yoast SEO plugin. -->","seo_head_json":{"title":"Ne\u00e7irvan Barzani: Suriye\u2019deki K\u00fcrt halk\u0131n\u0131n haklar\u0131n\u0131 desteklemeye devam edece\u011fiz - Darka Mazi","robots":{"index":"index","follow":"follow","max-snippet":"max-snippet:-1","max-image-preview":"max-image-preview:large","max-video-preview":"max-video-preview:-1"},"canonical":"https:\/\/darkamazi.site\/archives\/1036186","og_locale":"en_US","og_type":"article","og_title":"Ne\u00e7irvan Barzani: Suriye\u2019deki K\u00fcrt halk\u0131n\u0131n haklar\u0131n\u0131 desteklemeye devam edece\u011fiz - Darka Mazi","og_description":"K\u00fcrdistan B\u00f6lgesi Ba\u015fkan\u0131 Ne\u00e7irvan Barzani, b\u00f6lgede t\u0131rmanan askeri hareketlilik ve Suriye\u2019deki krizi g\u00f6r\u00fc\u015fmek \u00fczere Fransa\u2019n\u0131n Irak B\u00fcy\u00fckel\u00e7isi Patrick Durel ile bir araya geldi. Ne\u00e7irvan Barzani, Halep\u2019te \u00e7at\u0131\u015fmalar\u0131n durmas\u0131 i\u00e7in t\u00fcm akt\u00f6rlerle yo\u011fun bir diplomasi y\u00fcr\u00fctt\u00fcklerini a\u00e7\u0131klad\u0131. &#8220;Suriye\u2019deki t\u00fcm bile\u015fenlerin haklar\u0131n\u0131 destekliyoruz&#8221;\u00a0\u00a0 G\u00f6r\u00fc\u015fmede Suriye\u2019deki geli\u015fmeleri yak\u0131ndan takip ettiklerini belirten Ne\u00e7irvan Barzani, &#8220;K\u00fcrdistan B\u00f6lgesi olarak Suriye\u2019deki K\u00fcrt [&hellip;]","og_url":"https:\/\/darkamazi.site\/archives\/1036186","og_site_name":"Darka Mazi","article_publisher":"https:\/\/www.facebook.com\/DarkaMaziturkce","article_published_time":"2026-01-14T19:57:35+00:00","og_image":[{"width":752,"height":472,"url":"https:\/\/darkamazi.site\/file\/2026\/01\/Necirvan-Barzani.jpg","type":"image\/jpeg"}],"author":"darka mazi","twitter_card":"summary_large_image","twitter_creator":"@DarkaMaziTurkce","twitter_site":"@DarkaMaziTurkce","twitter_misc":{"Written by":"darka mazi","Est. reading time":"2 minutes"},"schema":{"@context":"https:\/\/schema.org","@graph":[{"@type":"NewsArticle","@id":"https:\/\/darkamazi.site\/archives\/1036186#article","isPartOf":{"@id":"https:\/\/darkamazi.site\/archives\/1036186"},"author":{"name":"darka mazi","@id":"https:\/\/darkamazi.site\/#\/schema\/person\/67986a95ac546c16760365877ef4a9d3"},"headline":"Ne\u00e7irvan Barzani: Suriye\u2019deki K\u00fcrt halk\u0131n\u0131n haklar\u0131n\u0131 desteklemeye devam edece\u011fiz","datePublished":"2026-01-14T19:57:35+00:00","mainEntityOfPage":{"@id":"https:\/\/darkamazi.site\/archives\/1036186"},"wordCount":374,"publisher":{"@id":"https:\/\/darkamazi.site\/#organization"},"image":{"@id":"https:\/\/darkamazi.site\/archives\/1036186#primaryimage"},"thumbnailUrl":"https:\/\/darkamazi.site\/file\/2026\/01\/Necirvan-Barzani.jpg","keywords":["\u00f6nemli"],"articleSection":["Kurdistan"],"inLanguage":"en-US"},{"@type":"WebPage","@id":"https:\/\/darkamazi.site\/archives\/1036186","url":"https:\/\/darkamazi.site\/archives\/1036186","name":"Ne\u00e7irvan Barzani: Suriye\u2019deki K\u00fcrt halk\u0131n\u0131n haklar\u0131n\u0131 desteklemeye devam edece\u011fiz - Darka Mazi","isPartOf":{"@id":"https:\/\/darkamazi.site\/#website"},"primaryImageOfPage":{"@id":"https:\/\/darkamazi.site\/archives\/1036186#primaryimage"},"image":{"@id":"https:\/\/darkamazi.site\/archives\/1036186#primaryimage"},"thumbnailUrl":"https:\/\/darkamazi.site\/file\/2026\/01\/Necirvan-Barzani.jpg","datePublished":"2026-01-14T19:57:35+00:00","breadcrumb":{"@id":"https:\/\/darkamazi.site\/archives\/1036186#breadcrumb"},"inLanguage":"en-US","potentialAction":[{"@type":"ReadAction","target":["https:\/\/darkamazi.site\/archives\/1036186"]}]},{"@type":"ImageObject","inLanguage":"en-US","@id":"https:\/\/darkamazi.site\/archives\/1036186#primaryimage","url":"https:\/\/darkamazi.site\/file\/2026\/01\/Necirvan-Barzani.jpg","contentUrl":"https:\/\/darkamazi.site\/file\/2026\/01\/Necirvan-Barzani.jpg","width":752,"height":472,"caption":"Ne\u00e7irvan Barzani: Suriye\u2019deki K\u00fcrt halk\u0131n\u0131n haklar\u0131n\u0131 desteklemeye devam edece\u011fiz"},{"@type":"BreadcrumbList","@id":"https:\/\/darkamazi.site\/archives\/1036186#breadcrumb","itemListElement":[{"@type":"ListItem","position":1,"name":"Home","item":"https:\/\/darkamazi.site\/"},{"@type":"ListItem","position":2,"name":"Ne\u00e7irvan Barzani: Suriye\u2019deki K\u00fcrt halk\u0131n\u0131n haklar\u0131n\u0131 desteklemeye devam edece\u011fiz"}]},{"@type":"WebSite","@id":"https:\/\/darkamazi.site\/#website","url":"https:\/\/darkamazi.site\/","name":"Darka Mazi","description":"Ana Sayfa","publisher":{"@id":"https:\/\/darkamazi.site\/#organization"},"potentialAction":[{"@type":"SearchAction","target":{"@type":"EntryPoint","urlTemplate":"https:\/\/darkamazi.site\/?s={search_term_string}"},"query-input":{"@type":"PropertyValueSpecification","valueRequired":true,"valueName":"search_term_string"}}],"inLanguage":"en-US"},{"@type":"Organization","@id":"https:\/\/darkamazi.site\/#organization","name":"Darka Mazi T\u00fcrk\u00e7e","alternateName":"Darka Mazi","url":"https:\/\/darkamazi.site\/","logo":{"@type":"ImageObject","inLanguage":"en-US","@id":"https:\/\/darkamazi.site\/#\/schema\/logo\/image\/","url":"https:\/\/darkamazi.site\/file\/2017\/12\/darka-mazi-logo.png","contentUrl":"https:\/\/darkamazi.site\/file\/2017\/12\/darka-mazi-logo.png","width":151,"height":75,"caption":"Darka Mazi T\u00fcrk\u00e7e"},"image":{"@id":"https:\/\/darkamazi.site\/#\/schema\/logo\/image\/"},"sameAs":["https:\/\/www.facebook.com\/DarkaMaziturkce","https:\/\/x.com\/DarkaMaziTurkce"]},{"@type":"Person","@id":"https:\/\/darkamazi.site\/#\/schema\/person\/67986a95ac546c16760365877ef4a9d3","name":"darka mazi","sameAs":["https:\/\/darkamazi.site"],"url":"https:\/\/darkamazi.site\/archives\/author\/turkish"}]}},"_links":{"self":[{"href":"https:\/\/darkamazi.site\/funavuv\/wp\/v2\/posts\/1036186","targetHints":{"allow":["GET"]}}],"collection":[{"href":"https:\/\/darkamazi.site\/funavuv\/wp\/v2\/posts"}],"about":[{"href":"https:\/\/darkamazi.site\/funavuv\/wp\/v2\/types\/post"}],"author":[{"embeddable":true,"href":"https:\/\/darkamazi.site\/funavuv\/wp\/v2\/users\/2"}],"replies":[{"embeddable":true,"href":"https:\/\/darkamazi.site\/funavuv\/wp\/v2\/comments?post=1036186"}],"version-history":[{"count":0,"href":"https:\/\/darkamazi.site\/funavuv\/wp\/v2\/posts\/1036186\/revisions"}],"wp:featuredmedia":[{"embeddable":true,"href":"https:\/\/darkamazi.site\/funavuv\/wp\/v2\/media\/1036187"}],"wp:attachment":[{"href":"https:\/\/darkamazi.site\/funavuv\/wp\/v2\/media?parent=1036186"}],"wp:term":[{"taxonomy":"category","embeddable":true,"href":"https:\/\/darkamazi.site\/funavuv\/wp\/v2\/categories?post=1036186"},{"taxonomy":"post_tag","embeddable":true,"href":"https:\/\/darkamazi.site\/funavuv\/wp\/v2\/tags?post=1036186"}],"curies":[{"name":"wp","href":"https:\/\/api.w.org\/{rel}","templated":true}]}}