{"id":1036189,"date":"2026-01-14T23:33:47","date_gmt":"2026-01-14T20:33:47","guid":{"rendered":"https:\/\/darkamazi.site\/?p=1036189"},"modified":"2026-01-14T23:34:16","modified_gmt":"2026-01-14T20:34:16","slug":"abdli-senator-kurt-muttefiklerimize-saldirilari-kabul-etmeyecegiz","status":"publish","type":"post","link":"https:\/\/darkamazi.site\/archives\/1036189","title":{"rendered":"ABD&#8217;li senat\u00f6r: K\u00fcrt m\u00fcttefiklerimize sald\u0131r\u0131lar\u0131  kabul etmeyece\u011fiz"},"content":{"rendered":"<p>ABD Senat\u00f6r\u00fc Lindsey Graham, Suriye h\u00fck\u00fcmetinin Suriye&#8217;deki az\u0131nl\u0131klara kar\u015f\u0131 i\u015fledi\u011fi suistimallerden sorumlu tutulmas\u0131 gerekti\u011fini ve bunun kabul edilemez oldu\u011funu vurgulad\u0131.<\/p>\n<p>ABD Ba\u015fkan\u0131 Donald Trump&#8217;\u0131n yak\u0131n m\u00fcttefiki olan Senat\u00f6r Lindsey Graham, bug\u00fcn (14.01.2026) sosyal medya platformu X&#8217;te Suriye&#8217;deki durumla ilgili bir mesaj yay\u0131nlad\u0131.<\/p>\n<p>Lindsey Graham mesaj\u0131nda \u200b\u200b\u015funlar\u0131 yazd\u0131: &#8220;Suriye&#8217;deki durumun istikrara kavu\u015fturulmas\u0131 \u00e7a\u011fr\u0131s\u0131nda bulunuyorum. Suriye g\u00fc\u00e7lerinin K\u00fcrt m\u00fcttefiklerimize kar\u015f\u0131 daha fazla ad\u0131m att\u0131\u011f\u0131na dair g\u00fcvenilir raporlar var. Bana g\u00f6re, b\u00f6yle bir hareket ABD&#8217;nin g\u00fc\u00e7l\u00fc bir tepkisine yol a\u00e7acakt\u0131r.&#8221;<\/p>\n<p>Graham mesaj\u0131nda \u200b\u200bayr\u0131ca \u015funlar\u0131 s\u00f6yledi: &#8220;Suriye&#8217;ye bir \u015fans daha verilmesini destekliyoruz, ancak I\u015e\u0130D&#8217;i yenmede ana g\u00fc\u00e7 olan K\u00fcrt m\u00fcttefiklerimize yap\u0131lan sald\u0131r\u0131y\u0131 kabul etmiyoruz.&#8221;<\/p>\n<p>Suriye Arap Ordusu, Ebu Ham\u015fa ve Hamzat silahl\u0131 gruplar\u0131n\u0131n deste\u011fiyle, bu ay\u0131n 8&#8217;inde ba\u015flayan ve 10&#8217;unda devam eden kar\u0131\u015f\u0131kl\u0131klar\u0131n ard\u0131ndan Sal\u0131 g\u00fcn\u00fc (06.01.2026) 40.000&#8217;den fazla sava\u015f\u00e7\u0131 ve a\u011f\u0131r silahlarla Halep&#8217;in iki K\u00fcrt mahallesine sald\u0131rd\u0131. SDF g\u00fcvenlik g\u00fc\u00e7leri ile Suriye Arap Ordusu aras\u0131nda be\u015f g\u00fcn s\u00fcren \u00e7at\u0131\u015fmalar\u0131n ard\u0131ndan iki mahalle Suriye g\u00fc\u00e7lerinin kontrol\u00fcne ge\u00e7ti.<\/p>\n","protected":false},"excerpt":{"rendered":"<p>ABD Senat\u00f6r\u00fc Lindsey Graham, Suriye h\u00fck\u00fcmetinin Suriye&#8217;deki az\u0131nl\u0131klara kar\u015f\u0131 i\u015fledi\u011fi suistimallerden sorumlu tutulmas\u0131 gerekti\u011fini ve bunun kabul edilemez oldu\u011funu vurgulad\u0131. ABD Ba\u015fkan\u0131 Donald Trump&#8217;\u0131n yak\u0131n m\u00fcttefiki olan Senat\u00f6r Lindsey Graham, bug\u00fcn (14.01.2026) sosyal medya platformu X&#8217;te Suriye&#8217;deki durumla ilgili bir mesaj yay\u0131nlad\u0131. Lindsey Graham mesaj\u0131nda \u200b\u200b\u015funlar\u0131 yazd\u0131: &#8220;Suriye&#8217;deki durumun istikrara kavu\u015fturulmas\u0131 \u00e7a\u011fr\u0131s\u0131nda bulunuyorum. Suriye g\u00fc\u00e7lerinin [&hellip;]<\/p>\n","protected":false},"author":2,"featured_media":1036190,"comment_status":"closed","ping_status":"closed","sticky":false,"template":"","format":"standard","meta":{"footnotes":""},"categories":[6],"tags":[31],"class_list":["post-1036189","post","type-post","status-publish","format-standard","has-post-thumbnail","hentry","category-dunya","tag-onemli"],"blocksy_meta":[],"seo_head":"<!-- This site is optimized with the Yoast SEO plugin v27.5 - https:\/\/yoast.com\/product\/yoast-seo-wordpress\/ -->\n<title>ABD&#039;li senat\u00f6r: K\u00fcrt m\u00fcttefiklerimize sald\u0131r\u0131lar\u0131 kabul etmeyece\u011fiz - Darka Mazi<\/title>\n<meta name=\"robots\" content=\"index, follow, max-snippet:-1, max-image-preview:large, max-video-preview:-1\" \/>\n<link rel=\"canonical\" href=\"https:\/\/darkamazi.site\/archives\/1036189\" \/>\n<meta property=\"og:locale\" content=\"en_US\" \/>\n<meta property=\"og:type\" content=\"article\" \/>\n<meta property=\"og:title\" content=\"ABD&#039;li senat\u00f6r: K\u00fcrt m\u00fcttefiklerimize sald\u0131r\u0131lar\u0131 kabul etmeyece\u011fiz - Darka Mazi\" \/>\n<meta property=\"og:description\" content=\"ABD Senat\u00f6r\u00fc Lindsey Graham, Suriye h\u00fck\u00fcmetinin Suriye&#8217;deki az\u0131nl\u0131klara kar\u015f\u0131 i\u015fledi\u011fi suistimallerden sorumlu tutulmas\u0131 gerekti\u011fini ve bunun kabul edilemez oldu\u011funu vurgulad\u0131. ABD Ba\u015fkan\u0131 Donald Trump&#8217;\u0131n yak\u0131n m\u00fcttefiki olan Senat\u00f6r Lindsey Graham, bug\u00fcn (14.01.2026) sosyal medya platformu X&#8217;te Suriye&#8217;deki durumla ilgili bir mesaj yay\u0131nlad\u0131. Lindsey Graham mesaj\u0131nda \u200b\u200b\u015funlar\u0131 yazd\u0131: &#8220;Suriye&#8217;deki durumun istikrara kavu\u015fturulmas\u0131 \u00e7a\u011fr\u0131s\u0131nda bulunuyorum. Suriye g\u00fc\u00e7lerinin [&hellip;]\" \/>\n<meta property=\"og:url\" content=\"https:\/\/darkamazi.site\/archives\/1036189\" \/>\n<meta property=\"og:site_name\" content=\"Darka Mazi\" \/>\n<meta property=\"article:publisher\" content=\"https:\/\/www.facebook.com\/DarkaMaziturkce\" \/>\n<meta property=\"article:published_time\" content=\"2026-01-14T20:33:47+00:00\" \/>\n<meta property=\"article:modified_time\" content=\"2026-01-14T20:34:16+00:00\" \/>\n<meta property=\"og:image\" content=\"https:\/\/darkamazi.site\/file\/2026\/01\/Grahm.jpg\" \/>\n\t<meta property=\"og:image:width\" content=\"907\" \/>\n\t<meta property=\"og:image:height\" content=\"600\" \/>\n\t<meta property=\"og:image:type\" content=\"image\/jpeg\" \/>\n<meta name=\"author\" content=\"darka mazi\" \/>\n<meta name=\"twitter:card\" content=\"summary_large_image\" \/>\n<meta name=\"twitter:creator\" content=\"@DarkaMaziTurkce\" \/>\n<meta name=\"twitter:site\" content=\"@DarkaMaziTurkce\" \/>\n<meta name=\"twitter:label1\" content=\"Written by\" \/>\n\t<meta name=\"twitter:data1\" content=\"darka mazi\" \/>\n\t<meta name=\"twitter:label2\" content=\"Est. reading time\" \/>\n\t<meta name=\"twitter:data2\" content=\"1 minute\" \/>\n<script type=\"application\/ld+json\" class=\"seo-schema-graph\">{\"@context\":\"https:\\\/\\\/schema.org\",\"@graph\":[{\"@type\":\"NewsArticle\",\"@id\":\"https:\\\/\\\/darkamazi.site\\\/archives\\\/1036189#article\",\"isPartOf\":{\"@id\":\"https:\\\/\\\/darkamazi.site\\\/archives\\\/1036189\"},\"author\":{\"name\":\"darka mazi\",\"@id\":\"https:\\\/\\\/darkamazi.site\\\/#\\\/schema\\\/person\\\/67986a95ac546c16760365877ef4a9d3\"},\"headline\":\"ABD&#8217;li senat\u00f6r: K\u00fcrt m\u00fcttefiklerimize sald\u0131r\u0131lar\u0131 kabul etmeyece\u011fiz\",\"datePublished\":\"2026-01-14T20:33:47+00:00\",\"dateModified\":\"2026-01-14T20:34:16+00:00\",\"mainEntityOfPage\":{\"@id\":\"https:\\\/\\\/darkamazi.site\\\/archives\\\/1036189\"},\"wordCount\":239,\"publisher\":{\"@id\":\"https:\\\/\\\/darkamazi.site\\\/#organization\"},\"image\":{\"@id\":\"https:\\\/\\\/darkamazi.site\\\/archives\\\/1036189#primaryimage\"},\"thumbnailUrl\":\"https:\\\/\\\/darkamazi.site\\\/darka-content\\\/uploads\\\/2026\\\/01\\\/Grahm.jpg\",\"keywords\":[\"\u00f6nemli\"],\"articleSection\":[\"D\u00fcnya\"],\"inLanguage\":\"en-US\"},{\"@type\":\"WebPage\",\"@id\":\"https:\\\/\\\/darkamazi.site\\\/archives\\\/1036189\",\"url\":\"https:\\\/\\\/darkamazi.site\\\/archives\\\/1036189\",\"name\":\"ABD'li senat\u00f6r: K\u00fcrt m\u00fcttefiklerimize sald\u0131r\u0131lar\u0131 kabul etmeyece\u011fiz - Darka Mazi\",\"isPartOf\":{\"@id\":\"https:\\\/\\\/darkamazi.site\\\/#website\"},\"primaryImageOfPage\":{\"@id\":\"https:\\\/\\\/darkamazi.site\\\/archives\\\/1036189#primaryimage\"},\"image\":{\"@id\":\"https:\\\/\\\/darkamazi.site\\\/archives\\\/1036189#primaryimage\"},\"thumbnailUrl\":\"https:\\\/\\\/darkamazi.site\\\/darka-content\\\/uploads\\\/2026\\\/01\\\/Grahm.jpg\",\"datePublished\":\"2026-01-14T20:33:47+00:00\",\"dateModified\":\"2026-01-14T20:34:16+00:00\",\"breadcrumb\":{\"@id\":\"https:\\\/\\\/darkamazi.site\\\/archives\\\/1036189#breadcrumb\"},\"inLanguage\":\"en-US\",\"potentialAction\":[{\"@type\":\"ReadAction\",\"target\":[\"https:\\\/\\\/darkamazi.site\\\/archives\\\/1036189\"]}]},{\"@type\":\"ImageObject\",\"inLanguage\":\"en-US\",\"@id\":\"https:\\\/\\\/darkamazi.site\\\/archives\\\/1036189#primaryimage\",\"url\":\"https:\\\/\\\/darkamazi.site\\\/darka-content\\\/uploads\\\/2026\\\/01\\\/Grahm.jpg\",\"contentUrl\":\"https:\\\/\\\/darkamazi.site\\\/darka-content\\\/uploads\\\/2026\\\/01\\\/Grahm.jpg\",\"width\":907,\"height\":600,\"caption\":\"ABD'li senat\u00f6r: K\u00fcrt m\u00fcttefiklerimize sald\u0131r\u0131lar\u0131 kabul etmeyece\u011fiz\"},{\"@type\":\"BreadcrumbList\",\"@id\":\"https:\\\/\\\/darkamazi.site\\\/archives\\\/1036189#breadcrumb\",\"itemListElement\":[{\"@type\":\"ListItem\",\"position\":1,\"name\":\"Home\",\"item\":\"https:\\\/\\\/darkamazi.site\\\/\"},{\"@type\":\"ListItem\",\"position\":2,\"name\":\"ABD&#8217;li senat\u00f6r: K\u00fcrt m\u00fcttefiklerimize sald\u0131r\u0131lar\u0131 kabul etmeyece\u011fiz\"}]},{\"@type\":\"WebSite\",\"@id\":\"https:\\\/\\\/darkamazi.site\\\/#website\",\"url\":\"https:\\\/\\\/darkamazi.site\\\/\",\"name\":\"Darka Mazi\",\"description\":\"Ana Sayfa\",\"publisher\":{\"@id\":\"https:\\\/\\\/darkamazi.site\\\/#organization\"},\"potentialAction\":[{\"@type\":\"SearchAction\",\"target\":{\"@type\":\"EntryPoint\",\"urlTemplate\":\"https:\\\/\\\/darkamazi.site\\\/?s={search_term_string}\"},\"query-input\":{\"@type\":\"PropertyValueSpecification\",\"valueRequired\":true,\"valueName\":\"search_term_string\"}}],\"inLanguage\":\"en-US\"},{\"@type\":\"Organization\",\"@id\":\"https:\\\/\\\/darkamazi.site\\\/#organization\",\"name\":\"Darka Mazi T\u00fcrk\u00e7e\",\"alternateName\":\"Darka Mazi\",\"url\":\"https:\\\/\\\/darkamazi.site\\\/\",\"logo\":{\"@type\":\"ImageObject\",\"inLanguage\":\"en-US\",\"@id\":\"https:\\\/\\\/darkamazi.site\\\/#\\\/schema\\\/logo\\\/image\\\/\",\"url\":\"https:\\\/\\\/darkamazi.site\\\/darka-content\\\/uploads\\\/2017\\\/12\\\/darka-mazi-logo.png\",\"contentUrl\":\"https:\\\/\\\/darkamazi.site\\\/darka-content\\\/uploads\\\/2017\\\/12\\\/darka-mazi-logo.png\",\"width\":151,\"height\":75,\"caption\":\"Darka Mazi T\u00fcrk\u00e7e\"},\"image\":{\"@id\":\"https:\\\/\\\/darkamazi.site\\\/#\\\/schema\\\/logo\\\/image\\\/\"},\"sameAs\":[\"https:\\\/\\\/www.facebook.com\\\/DarkaMaziturkce\",\"https:\\\/\\\/x.com\\\/DarkaMaziTurkce\"]},{\"@type\":\"Person\",\"@id\":\"https:\\\/\\\/darkamazi.site\\\/#\\\/schema\\\/person\\\/67986a95ac546c16760365877ef4a9d3\",\"name\":\"darka mazi\",\"sameAs\":[\"https:\\\/\\\/darkamazi.site\"],\"url\":\"https:\\\/\\\/darkamazi.site\\\/archives\\\/author\\\/turkish\"}]}<\/script>\n<!-- \/ Yoast SEO plugin. -->","seo_head_json":{"title":"ABD'li senat\u00f6r: K\u00fcrt m\u00fcttefiklerimize sald\u0131r\u0131lar\u0131 kabul etmeyece\u011fiz - Darka Mazi","robots":{"index":"index","follow":"follow","max-snippet":"max-snippet:-1","max-image-preview":"max-image-preview:large","max-video-preview":"max-video-preview:-1"},"canonical":"https:\/\/darkamazi.site\/archives\/1036189","og_locale":"en_US","og_type":"article","og_title":"ABD'li senat\u00f6r: K\u00fcrt m\u00fcttefiklerimize sald\u0131r\u0131lar\u0131 kabul etmeyece\u011fiz - Darka Mazi","og_description":"ABD Senat\u00f6r\u00fc Lindsey Graham, Suriye h\u00fck\u00fcmetinin Suriye&#8217;deki az\u0131nl\u0131klara kar\u015f\u0131 i\u015fledi\u011fi suistimallerden sorumlu tutulmas\u0131 gerekti\u011fini ve bunun kabul edilemez oldu\u011funu vurgulad\u0131. ABD Ba\u015fkan\u0131 Donald Trump&#8217;\u0131n yak\u0131n m\u00fcttefiki olan Senat\u00f6r Lindsey Graham, bug\u00fcn (14.01.2026) sosyal medya platformu X&#8217;te Suriye&#8217;deki durumla ilgili bir mesaj yay\u0131nlad\u0131. Lindsey Graham mesaj\u0131nda \u200b\u200b\u015funlar\u0131 yazd\u0131: &#8220;Suriye&#8217;deki durumun istikrara kavu\u015fturulmas\u0131 \u00e7a\u011fr\u0131s\u0131nda bulunuyorum. Suriye g\u00fc\u00e7lerinin [&hellip;]","og_url":"https:\/\/darkamazi.site\/archives\/1036189","og_site_name":"Darka Mazi","article_publisher":"https:\/\/www.facebook.com\/DarkaMaziturkce","article_published_time":"2026-01-14T20:33:47+00:00","article_modified_time":"2026-01-14T20:34:16+00:00","og_image":[{"width":907,"height":600,"url":"https:\/\/darkamazi.site\/file\/2026\/01\/Grahm.jpg","type":"image\/jpeg"}],"author":"darka mazi","twitter_card":"summary_large_image","twitter_creator":"@DarkaMaziTurkce","twitter_site":"@DarkaMaziTurkce","twitter_misc":{"Written by":"darka mazi","Est. reading time":"1 minute"},"schema":{"@context":"https:\/\/schema.org","@graph":[{"@type":"NewsArticle","@id":"https:\/\/darkamazi.site\/archives\/1036189#article","isPartOf":{"@id":"https:\/\/darkamazi.site\/archives\/1036189"},"author":{"name":"darka mazi","@id":"https:\/\/darkamazi.site\/#\/schema\/person\/67986a95ac546c16760365877ef4a9d3"},"headline":"ABD&#8217;li senat\u00f6r: K\u00fcrt m\u00fcttefiklerimize sald\u0131r\u0131lar\u0131 kabul etmeyece\u011fiz","datePublished":"2026-01-14T20:33:47+00:00","dateModified":"2026-01-14T20:34:16+00:00","mainEntityOfPage":{"@id":"https:\/\/darkamazi.site\/archives\/1036189"},"wordCount":239,"publisher":{"@id":"https:\/\/darkamazi.site\/#organization"},"image":{"@id":"https:\/\/darkamazi.site\/archives\/1036189#primaryimage"},"thumbnailUrl":"https:\/\/darkamazi.site\/file\/2026\/01\/Grahm.jpg","keywords":["\u00f6nemli"],"articleSection":["D\u00fcnya"],"inLanguage":"en-US"},{"@type":"WebPage","@id":"https:\/\/darkamazi.site\/archives\/1036189","url":"https:\/\/darkamazi.site\/archives\/1036189","name":"ABD'li senat\u00f6r: K\u00fcrt m\u00fcttefiklerimize sald\u0131r\u0131lar\u0131 kabul etmeyece\u011fiz - Darka Mazi","isPartOf":{"@id":"https:\/\/darkamazi.site\/#website"},"primaryImageOfPage":{"@id":"https:\/\/darkamazi.site\/archives\/1036189#primaryimage"},"image":{"@id":"https:\/\/darkamazi.site\/archives\/1036189#primaryimage"},"thumbnailUrl":"https:\/\/darkamazi.site\/file\/2026\/01\/Grahm.jpg","datePublished":"2026-01-14T20:33:47+00:00","dateModified":"2026-01-14T20:34:16+00:00","breadcrumb":{"@id":"https:\/\/darkamazi.site\/archives\/1036189#breadcrumb"},"inLanguage":"en-US","potentialAction":[{"@type":"ReadAction","target":["https:\/\/darkamazi.site\/archives\/1036189"]}]},{"@type":"ImageObject","inLanguage":"en-US","@id":"https:\/\/darkamazi.site\/archives\/1036189#primaryimage","url":"https:\/\/darkamazi.site\/file\/2026\/01\/Grahm.jpg","contentUrl":"https:\/\/darkamazi.site\/file\/2026\/01\/Grahm.jpg","width":907,"height":600,"caption":"ABD'li senat\u00f6r: K\u00fcrt m\u00fcttefiklerimize sald\u0131r\u0131lar\u0131 kabul etmeyece\u011fiz"},{"@type":"BreadcrumbList","@id":"https:\/\/darkamazi.site\/archives\/1036189#breadcrumb","itemListElement":[{"@type":"ListItem","position":1,"name":"Home","item":"https:\/\/darkamazi.site\/"},{"@type":"ListItem","position":2,"name":"ABD&#8217;li senat\u00f6r: K\u00fcrt m\u00fcttefiklerimize sald\u0131r\u0131lar\u0131 kabul etmeyece\u011fiz"}]},{"@type":"WebSite","@id":"https:\/\/darkamazi.site\/#website","url":"https:\/\/darkamazi.site\/","name":"Darka Mazi","description":"Ana Sayfa","publisher":{"@id":"https:\/\/darkamazi.site\/#organization"},"potentialAction":[{"@type":"SearchAction","target":{"@type":"EntryPoint","urlTemplate":"https:\/\/darkamazi.site\/?s={search_term_string}"},"query-input":{"@type":"PropertyValueSpecification","valueRequired":true,"valueName":"search_term_string"}}],"inLanguage":"en-US"},{"@type":"Organization","@id":"https:\/\/darkamazi.site\/#organization","name":"Darka Mazi T\u00fcrk\u00e7e","alternateName":"Darka Mazi","url":"https:\/\/darkamazi.site\/","logo":{"@type":"ImageObject","inLanguage":"en-US","@id":"https:\/\/darkamazi.site\/#\/schema\/logo\/image\/","url":"https:\/\/darkamazi.site\/file\/2017\/12\/darka-mazi-logo.png","contentUrl":"https:\/\/darkamazi.site\/file\/2017\/12\/darka-mazi-logo.png","width":151,"height":75,"caption":"Darka Mazi T\u00fcrk\u00e7e"},"image":{"@id":"https:\/\/darkamazi.site\/#\/schema\/logo\/image\/"},"sameAs":["https:\/\/www.facebook.com\/DarkaMaziturkce","https:\/\/x.com\/DarkaMaziTurkce"]},{"@type":"Person","@id":"https:\/\/darkamazi.site\/#\/schema\/person\/67986a95ac546c16760365877ef4a9d3","name":"darka mazi","sameAs":["https:\/\/darkamazi.site"],"url":"https:\/\/darkamazi.site\/archives\/author\/turkish"}]}},"_links":{"self":[{"href":"https:\/\/darkamazi.site\/funavuv\/wp\/v2\/posts\/1036189","targetHints":{"allow":["GET"]}}],"collection":[{"href":"https:\/\/darkamazi.site\/funavuv\/wp\/v2\/posts"}],"about":[{"href":"https:\/\/darkamazi.site\/funavuv\/wp\/v2\/types\/post"}],"author":[{"embeddable":true,"href":"https:\/\/darkamazi.site\/funavuv\/wp\/v2\/users\/2"}],"replies":[{"embeddable":true,"href":"https:\/\/darkamazi.site\/funavuv\/wp\/v2\/comments?post=1036189"}],"version-history":[{"count":0,"href":"https:\/\/darkamazi.site\/funavuv\/wp\/v2\/posts\/1036189\/revisions"}],"wp:featuredmedia":[{"embeddable":true,"href":"https:\/\/darkamazi.site\/funavuv\/wp\/v2\/media\/1036190"}],"wp:attachment":[{"href":"https:\/\/darkamazi.site\/funavuv\/wp\/v2\/media?parent=1036189"}],"wp:term":[{"taxonomy":"category","embeddable":true,"href":"https:\/\/darkamazi.site\/funavuv\/wp\/v2\/categories?post=1036189"},{"taxonomy":"post_tag","embeddable":true,"href":"https:\/\/darkamazi.site\/funavuv\/wp\/v2\/tags?post=1036189"}],"curies":[{"name":"wp","href":"https:\/\/api.w.org\/{rel}","templated":true}]}}