{"id":1036192,"date":"2026-01-15T17:27:55","date_gmt":"2026-01-15T14:27:55","guid":{"rendered":"https:\/\/darkamazi.site\/?p=1036192"},"modified":"2026-01-15T17:27:55","modified_gmt":"2026-01-15T14:27:55","slug":"rojava-ozerk-yonetiminden-3-sehit-icin-karar-sam-ile-olan-tum-kapilari-kapatildi","status":"publish","type":"post","link":"https:\/\/darkamazi.site\/archives\/1036192","title":{"rendered":"Rojava \u00d6zerk Y\u00f6netiminden 3 \u015fehit i\u00e7in karar:  \u015eam ile olan t\u00fcm kap\u0131lar\u0131 kapat\u0131ld\u0131"},"content":{"rendered":"<p style=\"text-align: justify\">\u00a0Rojava (Kuzey ve Do\u011fu Suriye) \u00d6zerk Y\u00f6netimi S\u0131n\u0131r G\u00fcvenli\u011fi M\u00fcd\u00fcrl\u00fc\u011f\u00fc, Tabqa, Rakka ve Deyrezor kantonlar\u0131ndaki t\u00fcm kap\u0131lar\u0131n s\u00fcresiz kapat\u0131lmas\u0131 karar\u0131 ald\u0131.\u00a0 Karar \u015eam y\u00f6netiminin Rojava ile kap\u0131lar\u0131 kapatma karar\u0131 ve tehditleri sonras\u0131 geldi.<\/p>\n<p style=\"text-align: justify\">S\u0131n\u0131r G\u00fcvenli\u011fi Genel M\u00fcd\u00fcrl\u00fc\u011f\u00fc s\u0131n\u0131r kap\u0131lar\u0131nda ya\u015fanan tehlikeli geli\u015fmeler nedeniyle, \u00fc\u00e7 kantondaki t\u00fcm kap\u0131lar\u0131n s\u00fcresiz olarak kapat\u0131lmas\u0131 karar\u0131 al\u0131nd\u0131\u011f\u0131n\u0131\u00a0<a href=\"https:\/\/www.facebook.com\/photo\/?fbid=1263414259223363&amp;set=pcb.1263414282556694\" target=\"_blank\">duyurdu.<\/a><\/p>\n<p style=\"text-align: justify\">Kararnamede \u015fu ifadeler yer ald\u0131:<\/p>\n<p style=\"text-align: justify\">&#8220;\u015eam&#8217;daki ge\u00e7ici h\u00fck\u00fcmetin i\u00e7 kap\u0131lar\u0131 kapatmas\u0131 nedeniyle kap\u0131larda ya\u015fanan tehlikeli g\u00fcvenlik geli\u015fmeleri, d\u0131\u015far\u0131dan gelen artan g\u00fcvenlik tehditleri ve bu kap\u0131lardan ge\u00e7en sivillerin, i\u015f\u00e7ilerin ve yolcular\u0131n g\u00fcvenli\u011fi i\u00e7in do\u011frudan ve tehlikeli sonu\u00e7lar do\u011furmas\u0131 nedeniyle, Kuzey ve Do\u011fu Suriye Giri\u015f-\u00c7\u0131k\u0131\u015f G\u00fcvenli\u011fi Genel M\u00fcd\u00fcrl\u00fc\u011f\u00fc a\u015fa\u011f\u0131daki karar\u0131 alm\u0131\u015ft\u0131r:<\/p>\n<p style=\"text-align: justify\">Tabqa, Rakka ve Deyrezor kantonlar\u0131na giden t\u00fcm kap\u0131lar s\u00fcresiz olarak kapat\u0131lm\u0131\u015ft\u0131r.<\/p>\n<p style=\"text-align: justify\">\u00a0Kap\u0131lar insani acil durumlar ve insani yard\u0131m kurulu\u015flar\u0131 i\u00e7in a\u00e7\u0131k kalmaya devam edecektir.\u201d<\/p>\n","protected":false},"excerpt":{"rendered":"<p>\u00a0Rojava (Kuzey ve Do\u011fu Suriye) \u00d6zerk Y\u00f6netimi S\u0131n\u0131r G\u00fcvenli\u011fi M\u00fcd\u00fcrl\u00fc\u011f\u00fc, Tabqa, Rakka ve Deyrezor kantonlar\u0131ndaki t\u00fcm kap\u0131lar\u0131n s\u00fcresiz kapat\u0131lmas\u0131 karar\u0131 ald\u0131.\u00a0 Karar \u015eam y\u00f6netiminin Rojava ile kap\u0131lar\u0131 kapatma karar\u0131 ve tehditleri sonras\u0131 geldi. S\u0131n\u0131r G\u00fcvenli\u011fi Genel M\u00fcd\u00fcrl\u00fc\u011f\u00fc s\u0131n\u0131r kap\u0131lar\u0131nda ya\u015fanan tehlikeli geli\u015fmeler nedeniyle, \u00fc\u00e7 kantondaki t\u00fcm kap\u0131lar\u0131n s\u00fcresiz olarak kapat\u0131lmas\u0131 karar\u0131 al\u0131nd\u0131\u011f\u0131n\u0131\u00a0duyurdu. Kararnamede \u015fu ifadeler [&hellip;]<\/p>\n","protected":false},"author":2,"featured_media":1036193,"comment_status":"closed","ping_status":"closed","sticky":false,"template":"","format":"standard","meta":{"footnotes":""},"categories":[3],"tags":[31],"class_list":["post-1036192","post","type-post","status-publish","format-standard","has-post-thumbnail","hentry","category-kurdistan","tag-onemli"],"blocksy_meta":[],"seo_head":"<!-- This site is optimized with the Yoast SEO plugin v27.5 - https:\/\/yoast.com\/product\/yoast-seo-wordpress\/ -->\n<title>Rojava \u00d6zerk Y\u00f6netiminden 3 \u015fehit i\u00e7in karar: \u015eam ile olan t\u00fcm kap\u0131lar\u0131 kapat\u0131ld\u0131 - Darka Mazi<\/title>\n<meta name=\"robots\" content=\"index, follow, max-snippet:-1, max-image-preview:large, max-video-preview:-1\" \/>\n<link rel=\"canonical\" href=\"https:\/\/darkamazi.site\/archives\/1036192\" \/>\n<meta property=\"og:locale\" content=\"en_US\" \/>\n<meta property=\"og:type\" content=\"article\" \/>\n<meta property=\"og:title\" content=\"Rojava \u00d6zerk Y\u00f6netiminden 3 \u015fehit i\u00e7in karar: \u015eam ile olan t\u00fcm kap\u0131lar\u0131 kapat\u0131ld\u0131 - Darka Mazi\" \/>\n<meta property=\"og:description\" content=\"\u00a0Rojava (Kuzey ve Do\u011fu Suriye) \u00d6zerk Y\u00f6netimi S\u0131n\u0131r G\u00fcvenli\u011fi M\u00fcd\u00fcrl\u00fc\u011f\u00fc, Tabqa, Rakka ve Deyrezor kantonlar\u0131ndaki t\u00fcm kap\u0131lar\u0131n s\u00fcresiz kapat\u0131lmas\u0131 karar\u0131 ald\u0131.\u00a0 Karar \u015eam y\u00f6netiminin Rojava ile kap\u0131lar\u0131 kapatma karar\u0131 ve tehditleri sonras\u0131 geldi. S\u0131n\u0131r G\u00fcvenli\u011fi Genel M\u00fcd\u00fcrl\u00fc\u011f\u00fc s\u0131n\u0131r kap\u0131lar\u0131nda ya\u015fanan tehlikeli geli\u015fmeler nedeniyle, \u00fc\u00e7 kantondaki t\u00fcm kap\u0131lar\u0131n s\u00fcresiz olarak kapat\u0131lmas\u0131 karar\u0131 al\u0131nd\u0131\u011f\u0131n\u0131\u00a0duyurdu. Kararnamede \u015fu ifadeler [&hellip;]\" \/>\n<meta property=\"og:url\" content=\"https:\/\/darkamazi.site\/archives\/1036192\" \/>\n<meta property=\"og:site_name\" content=\"Darka Mazi\" \/>\n<meta property=\"article:publisher\" content=\"https:\/\/www.facebook.com\/DarkaMaziturkce\" \/>\n<meta property=\"article:published_time\" content=\"2026-01-15T14:27:55+00:00\" \/>\n<meta property=\"og:image\" content=\"https:\/\/darkamazi.site\/file\/2026\/01\/Ozerk-YOnetim-1.jpg\" \/>\n\t<meta property=\"og:image:width\" content=\"900\" \/>\n\t<meta property=\"og:image:height\" content=\"500\" \/>\n\t<meta property=\"og:image:type\" content=\"image\/jpeg\" \/>\n<meta name=\"author\" content=\"darka mazi\" \/>\n<meta name=\"twitter:card\" content=\"summary_large_image\" \/>\n<meta name=\"twitter:creator\" content=\"@DarkaMaziTurkce\" \/>\n<meta name=\"twitter:site\" content=\"@DarkaMaziTurkce\" \/>\n<meta name=\"twitter:label1\" content=\"Written by\" \/>\n\t<meta name=\"twitter:data1\" content=\"darka mazi\" \/>\n\t<meta name=\"twitter:label2\" content=\"Est. reading time\" \/>\n\t<meta name=\"twitter:data2\" content=\"1 minute\" \/>\n<script type=\"application\/ld+json\" class=\"seo-schema-graph\">{\"@context\":\"https:\\\/\\\/schema.org\",\"@graph\":[{\"@type\":\"NewsArticle\",\"@id\":\"https:\\\/\\\/darkamazi.site\\\/archives\\\/1036192#article\",\"isPartOf\":{\"@id\":\"https:\\\/\\\/darkamazi.site\\\/archives\\\/1036192\"},\"author\":{\"name\":\"darka mazi\",\"@id\":\"https:\\\/\\\/darkamazi.site\\\/#\\\/schema\\\/person\\\/67986a95ac546c16760365877ef4a9d3\"},\"headline\":\"Rojava \u00d6zerk Y\u00f6netiminden 3 \u015fehit i\u00e7in karar: \u015eam ile olan t\u00fcm kap\u0131lar\u0131 kapat\u0131ld\u0131\",\"datePublished\":\"2026-01-15T14:27:55+00:00\",\"mainEntityOfPage\":{\"@id\":\"https:\\\/\\\/darkamazi.site\\\/archives\\\/1036192\"},\"wordCount\":222,\"publisher\":{\"@id\":\"https:\\\/\\\/darkamazi.site\\\/#organization\"},\"image\":{\"@id\":\"https:\\\/\\\/darkamazi.site\\\/archives\\\/1036192#primaryimage\"},\"thumbnailUrl\":\"https:\\\/\\\/darkamazi.site\\\/darka-content\\\/uploads\\\/2026\\\/01\\\/Ozerk-YOnetim-1.jpg\",\"keywords\":[\"\u00f6nemli\"],\"articleSection\":[\"Kurdistan\"],\"inLanguage\":\"en-US\"},{\"@type\":\"WebPage\",\"@id\":\"https:\\\/\\\/darkamazi.site\\\/archives\\\/1036192\",\"url\":\"https:\\\/\\\/darkamazi.site\\\/archives\\\/1036192\",\"name\":\"Rojava \u00d6zerk Y\u00f6netiminden 3 \u015fehit i\u00e7in karar: \u015eam ile olan t\u00fcm kap\u0131lar\u0131 kapat\u0131ld\u0131 - Darka Mazi\",\"isPartOf\":{\"@id\":\"https:\\\/\\\/darkamazi.site\\\/#website\"},\"primaryImageOfPage\":{\"@id\":\"https:\\\/\\\/darkamazi.site\\\/archives\\\/1036192#primaryimage\"},\"image\":{\"@id\":\"https:\\\/\\\/darkamazi.site\\\/archives\\\/1036192#primaryimage\"},\"thumbnailUrl\":\"https:\\\/\\\/darkamazi.site\\\/darka-content\\\/uploads\\\/2026\\\/01\\\/Ozerk-YOnetim-1.jpg\",\"datePublished\":\"2026-01-15T14:27:55+00:00\",\"breadcrumb\":{\"@id\":\"https:\\\/\\\/darkamazi.site\\\/archives\\\/1036192#breadcrumb\"},\"inLanguage\":\"en-US\",\"potentialAction\":[{\"@type\":\"ReadAction\",\"target\":[\"https:\\\/\\\/darkamazi.site\\\/archives\\\/1036192\"]}]},{\"@type\":\"ImageObject\",\"inLanguage\":\"en-US\",\"@id\":\"https:\\\/\\\/darkamazi.site\\\/archives\\\/1036192#primaryimage\",\"url\":\"https:\\\/\\\/darkamazi.site\\\/darka-content\\\/uploads\\\/2026\\\/01\\\/Ozerk-YOnetim-1.jpg\",\"contentUrl\":\"https:\\\/\\\/darkamazi.site\\\/darka-content\\\/uploads\\\/2026\\\/01\\\/Ozerk-YOnetim-1.jpg\",\"width\":900,\"height\":500,\"caption\":\"Rojava \u00d6zerk Y\u00f6netiminden 3 \u015fehit i\u00e7in karar: \u015eam ile olan t\u00fcm kap\u0131lar\u0131 kapat\u0131ld\u0131\"},{\"@type\":\"BreadcrumbList\",\"@id\":\"https:\\\/\\\/darkamazi.site\\\/archives\\\/1036192#breadcrumb\",\"itemListElement\":[{\"@type\":\"ListItem\",\"position\":1,\"name\":\"Home\",\"item\":\"https:\\\/\\\/darkamazi.site\\\/\"},{\"@type\":\"ListItem\",\"position\":2,\"name\":\"Rojava \u00d6zerk Y\u00f6netiminden 3 \u015fehit i\u00e7in karar: \u015eam ile olan t\u00fcm kap\u0131lar\u0131 kapat\u0131ld\u0131\"}]},{\"@type\":\"WebSite\",\"@id\":\"https:\\\/\\\/darkamazi.site\\\/#website\",\"url\":\"https:\\\/\\\/darkamazi.site\\\/\",\"name\":\"Darka Mazi\",\"description\":\"Ana Sayfa\",\"publisher\":{\"@id\":\"https:\\\/\\\/darkamazi.site\\\/#organization\"},\"potentialAction\":[{\"@type\":\"SearchAction\",\"target\":{\"@type\":\"EntryPoint\",\"urlTemplate\":\"https:\\\/\\\/darkamazi.site\\\/?s={search_term_string}\"},\"query-input\":{\"@type\":\"PropertyValueSpecification\",\"valueRequired\":true,\"valueName\":\"search_term_string\"}}],\"inLanguage\":\"en-US\"},{\"@type\":\"Organization\",\"@id\":\"https:\\\/\\\/darkamazi.site\\\/#organization\",\"name\":\"Darka Mazi T\u00fcrk\u00e7e\",\"alternateName\":\"Darka Mazi\",\"url\":\"https:\\\/\\\/darkamazi.site\\\/\",\"logo\":{\"@type\":\"ImageObject\",\"inLanguage\":\"en-US\",\"@id\":\"https:\\\/\\\/darkamazi.site\\\/#\\\/schema\\\/logo\\\/image\\\/\",\"url\":\"https:\\\/\\\/darkamazi.site\\\/darka-content\\\/uploads\\\/2017\\\/12\\\/darka-mazi-logo.png\",\"contentUrl\":\"https:\\\/\\\/darkamazi.site\\\/darka-content\\\/uploads\\\/2017\\\/12\\\/darka-mazi-logo.png\",\"width\":151,\"height\":75,\"caption\":\"Darka Mazi T\u00fcrk\u00e7e\"},\"image\":{\"@id\":\"https:\\\/\\\/darkamazi.site\\\/#\\\/schema\\\/logo\\\/image\\\/\"},\"sameAs\":[\"https:\\\/\\\/www.facebook.com\\\/DarkaMaziturkce\",\"https:\\\/\\\/x.com\\\/DarkaMaziTurkce\"]},{\"@type\":\"Person\",\"@id\":\"https:\\\/\\\/darkamazi.site\\\/#\\\/schema\\\/person\\\/67986a95ac546c16760365877ef4a9d3\",\"name\":\"darka mazi\",\"sameAs\":[\"https:\\\/\\\/darkamazi.site\"],\"url\":\"https:\\\/\\\/darkamazi.site\\\/archives\\\/author\\\/turkish\"}]}<\/script>\n<!-- \/ Yoast SEO plugin. -->","seo_head_json":{"title":"Rojava \u00d6zerk Y\u00f6netiminden 3 \u015fehit i\u00e7in karar: \u015eam ile olan t\u00fcm kap\u0131lar\u0131 kapat\u0131ld\u0131 - Darka Mazi","robots":{"index":"index","follow":"follow","max-snippet":"max-snippet:-1","max-image-preview":"max-image-preview:large","max-video-preview":"max-video-preview:-1"},"canonical":"https:\/\/darkamazi.site\/archives\/1036192","og_locale":"en_US","og_type":"article","og_title":"Rojava \u00d6zerk Y\u00f6netiminden 3 \u015fehit i\u00e7in karar: \u015eam ile olan t\u00fcm kap\u0131lar\u0131 kapat\u0131ld\u0131 - Darka Mazi","og_description":"\u00a0Rojava (Kuzey ve Do\u011fu Suriye) \u00d6zerk Y\u00f6netimi S\u0131n\u0131r G\u00fcvenli\u011fi M\u00fcd\u00fcrl\u00fc\u011f\u00fc, Tabqa, Rakka ve Deyrezor kantonlar\u0131ndaki t\u00fcm kap\u0131lar\u0131n s\u00fcresiz kapat\u0131lmas\u0131 karar\u0131 ald\u0131.\u00a0 Karar \u015eam y\u00f6netiminin Rojava ile kap\u0131lar\u0131 kapatma karar\u0131 ve tehditleri sonras\u0131 geldi. S\u0131n\u0131r G\u00fcvenli\u011fi Genel M\u00fcd\u00fcrl\u00fc\u011f\u00fc s\u0131n\u0131r kap\u0131lar\u0131nda ya\u015fanan tehlikeli geli\u015fmeler nedeniyle, \u00fc\u00e7 kantondaki t\u00fcm kap\u0131lar\u0131n s\u00fcresiz olarak kapat\u0131lmas\u0131 karar\u0131 al\u0131nd\u0131\u011f\u0131n\u0131\u00a0duyurdu. Kararnamede \u015fu ifadeler [&hellip;]","og_url":"https:\/\/darkamazi.site\/archives\/1036192","og_site_name":"Darka Mazi","article_publisher":"https:\/\/www.facebook.com\/DarkaMaziturkce","article_published_time":"2026-01-15T14:27:55+00:00","og_image":[{"width":900,"height":500,"url":"https:\/\/darkamazi.site\/file\/2026\/01\/Ozerk-YOnetim-1.jpg","type":"image\/jpeg"}],"author":"darka mazi","twitter_card":"summary_large_image","twitter_creator":"@DarkaMaziTurkce","twitter_site":"@DarkaMaziTurkce","twitter_misc":{"Written by":"darka mazi","Est. reading time":"1 minute"},"schema":{"@context":"https:\/\/schema.org","@graph":[{"@type":"NewsArticle","@id":"https:\/\/darkamazi.site\/archives\/1036192#article","isPartOf":{"@id":"https:\/\/darkamazi.site\/archives\/1036192"},"author":{"name":"darka mazi","@id":"https:\/\/darkamazi.site\/#\/schema\/person\/67986a95ac546c16760365877ef4a9d3"},"headline":"Rojava \u00d6zerk Y\u00f6netiminden 3 \u015fehit i\u00e7in karar: \u015eam ile olan t\u00fcm kap\u0131lar\u0131 kapat\u0131ld\u0131","datePublished":"2026-01-15T14:27:55+00:00","mainEntityOfPage":{"@id":"https:\/\/darkamazi.site\/archives\/1036192"},"wordCount":222,"publisher":{"@id":"https:\/\/darkamazi.site\/#organization"},"image":{"@id":"https:\/\/darkamazi.site\/archives\/1036192#primaryimage"},"thumbnailUrl":"https:\/\/darkamazi.site\/file\/2026\/01\/Ozerk-YOnetim-1.jpg","keywords":["\u00f6nemli"],"articleSection":["Kurdistan"],"inLanguage":"en-US"},{"@type":"WebPage","@id":"https:\/\/darkamazi.site\/archives\/1036192","url":"https:\/\/darkamazi.site\/archives\/1036192","name":"Rojava \u00d6zerk Y\u00f6netiminden 3 \u015fehit i\u00e7in karar: \u015eam ile olan t\u00fcm kap\u0131lar\u0131 kapat\u0131ld\u0131 - Darka Mazi","isPartOf":{"@id":"https:\/\/darkamazi.site\/#website"},"primaryImageOfPage":{"@id":"https:\/\/darkamazi.site\/archives\/1036192#primaryimage"},"image":{"@id":"https:\/\/darkamazi.site\/archives\/1036192#primaryimage"},"thumbnailUrl":"https:\/\/darkamazi.site\/file\/2026\/01\/Ozerk-YOnetim-1.jpg","datePublished":"2026-01-15T14:27:55+00:00","breadcrumb":{"@id":"https:\/\/darkamazi.site\/archives\/1036192#breadcrumb"},"inLanguage":"en-US","potentialAction":[{"@type":"ReadAction","target":["https:\/\/darkamazi.site\/archives\/1036192"]}]},{"@type":"ImageObject","inLanguage":"en-US","@id":"https:\/\/darkamazi.site\/archives\/1036192#primaryimage","url":"https:\/\/darkamazi.site\/file\/2026\/01\/Ozerk-YOnetim-1.jpg","contentUrl":"https:\/\/darkamazi.site\/file\/2026\/01\/Ozerk-YOnetim-1.jpg","width":900,"height":500,"caption":"Rojava \u00d6zerk Y\u00f6netiminden 3 \u015fehit i\u00e7in karar: \u015eam ile olan t\u00fcm kap\u0131lar\u0131 kapat\u0131ld\u0131"},{"@type":"BreadcrumbList","@id":"https:\/\/darkamazi.site\/archives\/1036192#breadcrumb","itemListElement":[{"@type":"ListItem","position":1,"name":"Home","item":"https:\/\/darkamazi.site\/"},{"@type":"ListItem","position":2,"name":"Rojava \u00d6zerk Y\u00f6netiminden 3 \u015fehit i\u00e7in karar: \u015eam ile olan t\u00fcm kap\u0131lar\u0131 kapat\u0131ld\u0131"}]},{"@type":"WebSite","@id":"https:\/\/darkamazi.site\/#website","url":"https:\/\/darkamazi.site\/","name":"Darka Mazi","description":"Ana Sayfa","publisher":{"@id":"https:\/\/darkamazi.site\/#organization"},"potentialAction":[{"@type":"SearchAction","target":{"@type":"EntryPoint","urlTemplate":"https:\/\/darkamazi.site\/?s={search_term_string}"},"query-input":{"@type":"PropertyValueSpecification","valueRequired":true,"valueName":"search_term_string"}}],"inLanguage":"en-US"},{"@type":"Organization","@id":"https:\/\/darkamazi.site\/#organization","name":"Darka Mazi T\u00fcrk\u00e7e","alternateName":"Darka Mazi","url":"https:\/\/darkamazi.site\/","logo":{"@type":"ImageObject","inLanguage":"en-US","@id":"https:\/\/darkamazi.site\/#\/schema\/logo\/image\/","url":"https:\/\/darkamazi.site\/file\/2017\/12\/darka-mazi-logo.png","contentUrl":"https:\/\/darkamazi.site\/file\/2017\/12\/darka-mazi-logo.png","width":151,"height":75,"caption":"Darka Mazi T\u00fcrk\u00e7e"},"image":{"@id":"https:\/\/darkamazi.site\/#\/schema\/logo\/image\/"},"sameAs":["https:\/\/www.facebook.com\/DarkaMaziturkce","https:\/\/x.com\/DarkaMaziTurkce"]},{"@type":"Person","@id":"https:\/\/darkamazi.site\/#\/schema\/person\/67986a95ac546c16760365877ef4a9d3","name":"darka mazi","sameAs":["https:\/\/darkamazi.site"],"url":"https:\/\/darkamazi.site\/archives\/author\/turkish"}]}},"_links":{"self":[{"href":"https:\/\/darkamazi.site\/funavuv\/wp\/v2\/posts\/1036192","targetHints":{"allow":["GET"]}}],"collection":[{"href":"https:\/\/darkamazi.site\/funavuv\/wp\/v2\/posts"}],"about":[{"href":"https:\/\/darkamazi.site\/funavuv\/wp\/v2\/types\/post"}],"author":[{"embeddable":true,"href":"https:\/\/darkamazi.site\/funavuv\/wp\/v2\/users\/2"}],"replies":[{"embeddable":true,"href":"https:\/\/darkamazi.site\/funavuv\/wp\/v2\/comments?post=1036192"}],"version-history":[{"count":0,"href":"https:\/\/darkamazi.site\/funavuv\/wp\/v2\/posts\/1036192\/revisions"}],"wp:featuredmedia":[{"embeddable":true,"href":"https:\/\/darkamazi.site\/funavuv\/wp\/v2\/media\/1036193"}],"wp:attachment":[{"href":"https:\/\/darkamazi.site\/funavuv\/wp\/v2\/media?parent=1036192"}],"wp:term":[{"taxonomy":"category","embeddable":true,"href":"https:\/\/darkamazi.site\/funavuv\/wp\/v2\/categories?post=1036192"},{"taxonomy":"post_tag","embeddable":true,"href":"https:\/\/darkamazi.site\/funavuv\/wp\/v2\/tags?post=1036192"}],"curies":[{"name":"wp","href":"https:\/\/api.w.org\/{rel}","templated":true}]}}