{"id":1036196,"date":"2026-01-16T18:03:35","date_gmt":"2026-01-16T15:03:35","guid":{"rendered":"https:\/\/darkamazi.site\/?p=1036196"},"modified":"2026-01-16T18:03:35","modified_gmt":"2026-01-16T15:03:35","slug":"mazlum-abdi-ve-tom-barrack-erbilde-bir-araya-geliyor","status":"publish","type":"post","link":"https:\/\/darkamazi.site\/archives\/1036196","title":{"rendered":"Mazlum Abdi ve Tom Barrack Erbil&#8217;de bir araya geliyor"},"content":{"rendered":"<p>Erbil&#8217;de \u00f6nemli bir bulu\u015fma ger\u00e7ekle\u015fecek HSD Genel Komutan\u0131 Mazlum Abdi ve ABD&#8217;nin Suriye \u00d6zel Temsilcisi Tom Barrack g\u00fcndemdeki acil konular\u0131 g\u00f6r\u00fc\u015fmek i\u00e7in bir araya gelecek. Toplant\u0131n\u0131n amac\u0131n\u0131n Suriye&#8217;de HSD ve \u015eam&#8217;a ba\u011fl\u0131 g\u00fc\u00e7lerin bulu\u015fmas\u0131n\u0131 engellemek.<\/p>\n<p>G\u00f6r\u00fc\u015fmenin 16 Aral\u0131k 2026 Cuma g\u00fcn\u00fc yap\u0131laca\u011f\u0131\u00a0 \u00a0bildiriliyor. G\u00f6r\u00fc\u015fmenin temel amac\u0131, Suriye&#8217;deki mevcut gerilimleri g\u00f6r\u00fc\u015fmek ve gerilimlerin t\u0131rmanmas\u0131n\u0131 \u00f6nlemek ve Suriye Arap Ordusu ile Suriye Demokratik G\u00fc\u00e7leri aras\u0131nda askeri \u00e7at\u0131\u015fma riskini ortadan kald\u0131rarak b\u00f6lgede istikrar\u0131 korumak i\u00e7in ortak bir mekanizma olu\u015fmas\u0131n\u0131 sa\u011flamak.<\/p>\n<p>Konuya ili\u015fkin haber Erbil&#8217;de yay\u0131n yapan Basnews adl\u0131 medya kurulu\u015fu oldu.<\/p>\n","protected":false},"excerpt":{"rendered":"<p>Erbil&#8217;de \u00f6nemli bir bulu\u015fma ger\u00e7ekle\u015fecek HSD Genel Komutan\u0131 Mazlum Abdi ve ABD&#8217;nin Suriye \u00d6zel Temsilcisi Tom Barrack g\u00fcndemdeki acil konular\u0131 g\u00f6r\u00fc\u015fmek i\u00e7in bir araya gelecek. Toplant\u0131n\u0131n amac\u0131n\u0131n Suriye&#8217;de HSD ve \u015eam&#8217;a ba\u011fl\u0131 g\u00fc\u00e7lerin bulu\u015fmas\u0131n\u0131 engellemek. G\u00f6r\u00fc\u015fmenin 16 Aral\u0131k 2026 Cuma g\u00fcn\u00fc yap\u0131laca\u011f\u0131\u00a0 \u00a0bildiriliyor. G\u00f6r\u00fc\u015fmenin temel amac\u0131, Suriye&#8217;deki mevcut gerilimleri g\u00f6r\u00fc\u015fmek ve gerilimlerin t\u0131rmanmas\u0131n\u0131 \u00f6nlemek ve [&hellip;]<\/p>\n","protected":false},"author":2,"featured_media":1036197,"comment_status":"closed","ping_status":"closed","sticky":false,"template":"","format":"standard","meta":{"footnotes":""},"categories":[3],"tags":[31],"class_list":["post-1036196","post","type-post","status-publish","format-standard","has-post-thumbnail","hentry","category-kurdistan","tag-onemli"],"blocksy_meta":[],"seo_head":"<!-- This site is optimized with the Yoast SEO plugin v27.5 - https:\/\/yoast.com\/product\/yoast-seo-wordpress\/ -->\n<title>Mazlum Abdi ve Tom Barrack Erbil&#039;de bir araya geliyor - Darka Mazi<\/title>\n<meta name=\"robots\" content=\"index, follow, max-snippet:-1, max-image-preview:large, max-video-preview:-1\" \/>\n<link rel=\"canonical\" href=\"https:\/\/darkamazi.site\/archives\/1036196\" \/>\n<meta property=\"og:locale\" content=\"en_US\" \/>\n<meta property=\"og:type\" content=\"article\" \/>\n<meta property=\"og:title\" content=\"Mazlum Abdi ve Tom Barrack Erbil&#039;de bir araya geliyor - Darka Mazi\" \/>\n<meta property=\"og:description\" content=\"Erbil&#8217;de \u00f6nemli bir bulu\u015fma ger\u00e7ekle\u015fecek HSD Genel Komutan\u0131 Mazlum Abdi ve ABD&#8217;nin Suriye \u00d6zel Temsilcisi Tom Barrack g\u00fcndemdeki acil konular\u0131 g\u00f6r\u00fc\u015fmek i\u00e7in bir araya gelecek. Toplant\u0131n\u0131n amac\u0131n\u0131n Suriye&#8217;de HSD ve \u015eam&#8217;a ba\u011fl\u0131 g\u00fc\u00e7lerin bulu\u015fmas\u0131n\u0131 engellemek. G\u00f6r\u00fc\u015fmenin 16 Aral\u0131k 2026 Cuma g\u00fcn\u00fc yap\u0131laca\u011f\u0131\u00a0 \u00a0bildiriliyor. G\u00f6r\u00fc\u015fmenin temel amac\u0131, Suriye&#8217;deki mevcut gerilimleri g\u00f6r\u00fc\u015fmek ve gerilimlerin t\u0131rmanmas\u0131n\u0131 \u00f6nlemek ve [&hellip;]\" \/>\n<meta property=\"og:url\" content=\"https:\/\/darkamazi.site\/archives\/1036196\" \/>\n<meta property=\"og:site_name\" content=\"Darka Mazi\" \/>\n<meta property=\"article:publisher\" content=\"https:\/\/www.facebook.com\/DarkaMaziturkce\" \/>\n<meta property=\"article:published_time\" content=\"2026-01-16T15:03:35+00:00\" \/>\n<meta property=\"og:image\" content=\"https:\/\/darkamazi.site\/file\/2026\/01\/Abdi-and-Barracak.jpg\" \/>\n\t<meta property=\"og:image:width\" content=\"1562\" \/>\n\t<meta property=\"og:image:height\" content=\"878\" \/>\n\t<meta property=\"og:image:type\" content=\"image\/jpeg\" \/>\n<meta name=\"author\" content=\"darka mazi\" \/>\n<meta name=\"twitter:card\" content=\"summary_large_image\" \/>\n<meta name=\"twitter:creator\" content=\"@DarkaMaziTurkce\" \/>\n<meta name=\"twitter:site\" content=\"@DarkaMaziTurkce\" \/>\n<meta name=\"twitter:label1\" content=\"Written by\" \/>\n\t<meta name=\"twitter:data1\" content=\"darka mazi\" \/>\n\t<meta name=\"twitter:label2\" content=\"Est. reading time\" \/>\n\t<meta name=\"twitter:data2\" content=\"1 minute\" \/>\n<script type=\"application\/ld+json\" class=\"seo-schema-graph\">{\"@context\":\"https:\\\/\\\/schema.org\",\"@graph\":[{\"@type\":\"NewsArticle\",\"@id\":\"https:\\\/\\\/darkamazi.site\\\/archives\\\/1036196#article\",\"isPartOf\":{\"@id\":\"https:\\\/\\\/darkamazi.site\\\/archives\\\/1036196\"},\"author\":{\"name\":\"darka mazi\",\"@id\":\"https:\\\/\\\/darkamazi.site\\\/#\\\/schema\\\/person\\\/67986a95ac546c16760365877ef4a9d3\"},\"headline\":\"Mazlum Abdi ve Tom Barrack Erbil&#8217;de bir araya geliyor\",\"datePublished\":\"2026-01-16T15:03:35+00:00\",\"mainEntityOfPage\":{\"@id\":\"https:\\\/\\\/darkamazi.site\\\/archives\\\/1036196\"},\"wordCount\":140,\"publisher\":{\"@id\":\"https:\\\/\\\/darkamazi.site\\\/#organization\"},\"image\":{\"@id\":\"https:\\\/\\\/darkamazi.site\\\/archives\\\/1036196#primaryimage\"},\"thumbnailUrl\":\"https:\\\/\\\/darkamazi.site\\\/darka-content\\\/uploads\\\/2026\\\/01\\\/Abdi-and-Barracak.jpg\",\"keywords\":[\"\u00f6nemli\"],\"articleSection\":[\"Kurdistan\"],\"inLanguage\":\"en-US\"},{\"@type\":\"WebPage\",\"@id\":\"https:\\\/\\\/darkamazi.site\\\/archives\\\/1036196\",\"url\":\"https:\\\/\\\/darkamazi.site\\\/archives\\\/1036196\",\"name\":\"Mazlum Abdi ve Tom Barrack Erbil'de bir araya geliyor - Darka Mazi\",\"isPartOf\":{\"@id\":\"https:\\\/\\\/darkamazi.site\\\/#website\"},\"primaryImageOfPage\":{\"@id\":\"https:\\\/\\\/darkamazi.site\\\/archives\\\/1036196#primaryimage\"},\"image\":{\"@id\":\"https:\\\/\\\/darkamazi.site\\\/archives\\\/1036196#primaryimage\"},\"thumbnailUrl\":\"https:\\\/\\\/darkamazi.site\\\/darka-content\\\/uploads\\\/2026\\\/01\\\/Abdi-and-Barracak.jpg\",\"datePublished\":\"2026-01-16T15:03:35+00:00\",\"breadcrumb\":{\"@id\":\"https:\\\/\\\/darkamazi.site\\\/archives\\\/1036196#breadcrumb\"},\"inLanguage\":\"en-US\",\"potentialAction\":[{\"@type\":\"ReadAction\",\"target\":[\"https:\\\/\\\/darkamazi.site\\\/archives\\\/1036196\"]}]},{\"@type\":\"ImageObject\",\"inLanguage\":\"en-US\",\"@id\":\"https:\\\/\\\/darkamazi.site\\\/archives\\\/1036196#primaryimage\",\"url\":\"https:\\\/\\\/darkamazi.site\\\/darka-content\\\/uploads\\\/2026\\\/01\\\/Abdi-and-Barracak.jpg\",\"contentUrl\":\"https:\\\/\\\/darkamazi.site\\\/darka-content\\\/uploads\\\/2026\\\/01\\\/Abdi-and-Barracak.jpg\",\"width\":1562,\"height\":878,\"caption\":\"Mazlum Abdi ve Tom Barrack Erbil'de bir araya geliyor\"},{\"@type\":\"BreadcrumbList\",\"@id\":\"https:\\\/\\\/darkamazi.site\\\/archives\\\/1036196#breadcrumb\",\"itemListElement\":[{\"@type\":\"ListItem\",\"position\":1,\"name\":\"Home\",\"item\":\"https:\\\/\\\/darkamazi.site\\\/\"},{\"@type\":\"ListItem\",\"position\":2,\"name\":\"Mazlum Abdi ve Tom Barrack Erbil&#8217;de bir araya geliyor\"}]},{\"@type\":\"WebSite\",\"@id\":\"https:\\\/\\\/darkamazi.site\\\/#website\",\"url\":\"https:\\\/\\\/darkamazi.site\\\/\",\"name\":\"Darka Mazi\",\"description\":\"Ana Sayfa\",\"publisher\":{\"@id\":\"https:\\\/\\\/darkamazi.site\\\/#organization\"},\"potentialAction\":[{\"@type\":\"SearchAction\",\"target\":{\"@type\":\"EntryPoint\",\"urlTemplate\":\"https:\\\/\\\/darkamazi.site\\\/?s={search_term_string}\"},\"query-input\":{\"@type\":\"PropertyValueSpecification\",\"valueRequired\":true,\"valueName\":\"search_term_string\"}}],\"inLanguage\":\"en-US\"},{\"@type\":\"Organization\",\"@id\":\"https:\\\/\\\/darkamazi.site\\\/#organization\",\"name\":\"Darka Mazi T\u00fcrk\u00e7e\",\"alternateName\":\"Darka Mazi\",\"url\":\"https:\\\/\\\/darkamazi.site\\\/\",\"logo\":{\"@type\":\"ImageObject\",\"inLanguage\":\"en-US\",\"@id\":\"https:\\\/\\\/darkamazi.site\\\/#\\\/schema\\\/logo\\\/image\\\/\",\"url\":\"https:\\\/\\\/darkamazi.site\\\/darka-content\\\/uploads\\\/2017\\\/12\\\/darka-mazi-logo.png\",\"contentUrl\":\"https:\\\/\\\/darkamazi.site\\\/darka-content\\\/uploads\\\/2017\\\/12\\\/darka-mazi-logo.png\",\"width\":151,\"height\":75,\"caption\":\"Darka Mazi T\u00fcrk\u00e7e\"},\"image\":{\"@id\":\"https:\\\/\\\/darkamazi.site\\\/#\\\/schema\\\/logo\\\/image\\\/\"},\"sameAs\":[\"https:\\\/\\\/www.facebook.com\\\/DarkaMaziturkce\",\"https:\\\/\\\/x.com\\\/DarkaMaziTurkce\"]},{\"@type\":\"Person\",\"@id\":\"https:\\\/\\\/darkamazi.site\\\/#\\\/schema\\\/person\\\/67986a95ac546c16760365877ef4a9d3\",\"name\":\"darka mazi\",\"sameAs\":[\"https:\\\/\\\/darkamazi.site\"],\"url\":\"https:\\\/\\\/darkamazi.site\\\/archives\\\/author\\\/turkish\"}]}<\/script>\n<!-- \/ Yoast SEO plugin. -->","seo_head_json":{"title":"Mazlum Abdi ve Tom Barrack Erbil'de bir araya geliyor - Darka Mazi","robots":{"index":"index","follow":"follow","max-snippet":"max-snippet:-1","max-image-preview":"max-image-preview:large","max-video-preview":"max-video-preview:-1"},"canonical":"https:\/\/darkamazi.site\/archives\/1036196","og_locale":"en_US","og_type":"article","og_title":"Mazlum Abdi ve Tom Barrack Erbil'de bir araya geliyor - Darka Mazi","og_description":"Erbil&#8217;de \u00f6nemli bir bulu\u015fma ger\u00e7ekle\u015fecek HSD Genel Komutan\u0131 Mazlum Abdi ve ABD&#8217;nin Suriye \u00d6zel Temsilcisi Tom Barrack g\u00fcndemdeki acil konular\u0131 g\u00f6r\u00fc\u015fmek i\u00e7in bir araya gelecek. Toplant\u0131n\u0131n amac\u0131n\u0131n Suriye&#8217;de HSD ve \u015eam&#8217;a ba\u011fl\u0131 g\u00fc\u00e7lerin bulu\u015fmas\u0131n\u0131 engellemek. G\u00f6r\u00fc\u015fmenin 16 Aral\u0131k 2026 Cuma g\u00fcn\u00fc yap\u0131laca\u011f\u0131\u00a0 \u00a0bildiriliyor. G\u00f6r\u00fc\u015fmenin temel amac\u0131, Suriye&#8217;deki mevcut gerilimleri g\u00f6r\u00fc\u015fmek ve gerilimlerin t\u0131rmanmas\u0131n\u0131 \u00f6nlemek ve [&hellip;]","og_url":"https:\/\/darkamazi.site\/archives\/1036196","og_site_name":"Darka Mazi","article_publisher":"https:\/\/www.facebook.com\/DarkaMaziturkce","article_published_time":"2026-01-16T15:03:35+00:00","og_image":[{"width":1562,"height":878,"url":"https:\/\/darkamazi.site\/file\/2026\/01\/Abdi-and-Barracak.jpg","type":"image\/jpeg"}],"author":"darka mazi","twitter_card":"summary_large_image","twitter_creator":"@DarkaMaziTurkce","twitter_site":"@DarkaMaziTurkce","twitter_misc":{"Written by":"darka mazi","Est. reading time":"1 minute"},"schema":{"@context":"https:\/\/schema.org","@graph":[{"@type":"NewsArticle","@id":"https:\/\/darkamazi.site\/archives\/1036196#article","isPartOf":{"@id":"https:\/\/darkamazi.site\/archives\/1036196"},"author":{"name":"darka mazi","@id":"https:\/\/darkamazi.site\/#\/schema\/person\/67986a95ac546c16760365877ef4a9d3"},"headline":"Mazlum Abdi ve Tom Barrack Erbil&#8217;de bir araya geliyor","datePublished":"2026-01-16T15:03:35+00:00","mainEntityOfPage":{"@id":"https:\/\/darkamazi.site\/archives\/1036196"},"wordCount":140,"publisher":{"@id":"https:\/\/darkamazi.site\/#organization"},"image":{"@id":"https:\/\/darkamazi.site\/archives\/1036196#primaryimage"},"thumbnailUrl":"https:\/\/darkamazi.site\/file\/2026\/01\/Abdi-and-Barracak.jpg","keywords":["\u00f6nemli"],"articleSection":["Kurdistan"],"inLanguage":"en-US"},{"@type":"WebPage","@id":"https:\/\/darkamazi.site\/archives\/1036196","url":"https:\/\/darkamazi.site\/archives\/1036196","name":"Mazlum Abdi ve Tom Barrack Erbil'de bir araya geliyor - Darka Mazi","isPartOf":{"@id":"https:\/\/darkamazi.site\/#website"},"primaryImageOfPage":{"@id":"https:\/\/darkamazi.site\/archives\/1036196#primaryimage"},"image":{"@id":"https:\/\/darkamazi.site\/archives\/1036196#primaryimage"},"thumbnailUrl":"https:\/\/darkamazi.site\/file\/2026\/01\/Abdi-and-Barracak.jpg","datePublished":"2026-01-16T15:03:35+00:00","breadcrumb":{"@id":"https:\/\/darkamazi.site\/archives\/1036196#breadcrumb"},"inLanguage":"en-US","potentialAction":[{"@type":"ReadAction","target":["https:\/\/darkamazi.site\/archives\/1036196"]}]},{"@type":"ImageObject","inLanguage":"en-US","@id":"https:\/\/darkamazi.site\/archives\/1036196#primaryimage","url":"https:\/\/darkamazi.site\/file\/2026\/01\/Abdi-and-Barracak.jpg","contentUrl":"https:\/\/darkamazi.site\/file\/2026\/01\/Abdi-and-Barracak.jpg","width":1562,"height":878,"caption":"Mazlum Abdi ve Tom Barrack Erbil'de bir araya geliyor"},{"@type":"BreadcrumbList","@id":"https:\/\/darkamazi.site\/archives\/1036196#breadcrumb","itemListElement":[{"@type":"ListItem","position":1,"name":"Home","item":"https:\/\/darkamazi.site\/"},{"@type":"ListItem","position":2,"name":"Mazlum Abdi ve Tom Barrack Erbil&#8217;de bir araya geliyor"}]},{"@type":"WebSite","@id":"https:\/\/darkamazi.site\/#website","url":"https:\/\/darkamazi.site\/","name":"Darka Mazi","description":"Ana Sayfa","publisher":{"@id":"https:\/\/darkamazi.site\/#organization"},"potentialAction":[{"@type":"SearchAction","target":{"@type":"EntryPoint","urlTemplate":"https:\/\/darkamazi.site\/?s={search_term_string}"},"query-input":{"@type":"PropertyValueSpecification","valueRequired":true,"valueName":"search_term_string"}}],"inLanguage":"en-US"},{"@type":"Organization","@id":"https:\/\/darkamazi.site\/#organization","name":"Darka Mazi T\u00fcrk\u00e7e","alternateName":"Darka Mazi","url":"https:\/\/darkamazi.site\/","logo":{"@type":"ImageObject","inLanguage":"en-US","@id":"https:\/\/darkamazi.site\/#\/schema\/logo\/image\/","url":"https:\/\/darkamazi.site\/file\/2017\/12\/darka-mazi-logo.png","contentUrl":"https:\/\/darkamazi.site\/file\/2017\/12\/darka-mazi-logo.png","width":151,"height":75,"caption":"Darka Mazi T\u00fcrk\u00e7e"},"image":{"@id":"https:\/\/darkamazi.site\/#\/schema\/logo\/image\/"},"sameAs":["https:\/\/www.facebook.com\/DarkaMaziturkce","https:\/\/x.com\/DarkaMaziTurkce"]},{"@type":"Person","@id":"https:\/\/darkamazi.site\/#\/schema\/person\/67986a95ac546c16760365877ef4a9d3","name":"darka mazi","sameAs":["https:\/\/darkamazi.site"],"url":"https:\/\/darkamazi.site\/archives\/author\/turkish"}]}},"_links":{"self":[{"href":"https:\/\/darkamazi.site\/funavuv\/wp\/v2\/posts\/1036196","targetHints":{"allow":["GET"]}}],"collection":[{"href":"https:\/\/darkamazi.site\/funavuv\/wp\/v2\/posts"}],"about":[{"href":"https:\/\/darkamazi.site\/funavuv\/wp\/v2\/types\/post"}],"author":[{"embeddable":true,"href":"https:\/\/darkamazi.site\/funavuv\/wp\/v2\/users\/2"}],"replies":[{"embeddable":true,"href":"https:\/\/darkamazi.site\/funavuv\/wp\/v2\/comments?post=1036196"}],"version-history":[{"count":0,"href":"https:\/\/darkamazi.site\/funavuv\/wp\/v2\/posts\/1036196\/revisions"}],"wp:featuredmedia":[{"embeddable":true,"href":"https:\/\/darkamazi.site\/funavuv\/wp\/v2\/media\/1036197"}],"wp:attachment":[{"href":"https:\/\/darkamazi.site\/funavuv\/wp\/v2\/media?parent=1036196"}],"wp:term":[{"taxonomy":"category","embeddable":true,"href":"https:\/\/darkamazi.site\/funavuv\/wp\/v2\/categories?post=1036196"},{"taxonomy":"post_tag","embeddable":true,"href":"https:\/\/darkamazi.site\/funavuv\/wp\/v2\/tags?post=1036196"}],"curies":[{"name":"wp","href":"https:\/\/api.w.org\/{rel}","templated":true}]}}