{"id":1036199,"date":"2026-01-16T18:12:44","date_gmt":"2026-01-16T15:12:44","guid":{"rendered":"https:\/\/darkamazi.site\/?p=1036199"},"modified":"2026-01-16T18:13:07","modified_gmt":"2026-01-16T15:13:07","slug":"ihanet-ve-ulusal-refleks","status":"publish","type":"post","link":"https:\/\/darkamazi.site\/archives\/1036199","title":{"rendered":"\u0130hanet Ve Ulusal Refleks"},"content":{"rendered":"<p style=\"text-align: justify\">Ajanlar\u0131n, katillerin paral\u0131 askerlerin ve K\u00fcrd\/K\u00fcrdistan davas\u0131na a\u00e7\u0131k\u00e7a ihanet edenlerin me\u015frula\u015ft\u0131r\u0131ld\u0131\u011f\u0131 bir toplumda ulusal duyarl\u0131l\u0131klar, ulusal refleksler zay\u0131flar ve onurlu bir m\u00fccadele ile onursuz bir ya\u015fam aras\u0131ndaki kar\u015f\u0131tl\u0131k\/farkl\u0131l\u0131k ortadan kalkar. Bu nedenle hi\u00e7 kimsenin bu t\u00fcr insanlar\u0131 me\u015frula\u015ft\u0131rma hakk\u0131 yoktur.<\/p>\n<p style=\"text-align: justify\">Evet, bug\u00fcn ihanet\u00e7iler me\u015frula\u015ft\u0131r\u0131ld\u0131\u011f\u0131 i\u00e7in ulusal refleksler zay\u0131flam\u0131\u015ft\u0131r ne yaz\u0131k ki. Onursuz insanlar &#8220;K\u00fcrdl\u00fck&#8221; ad\u0131 alt\u0131nda K\u00fcrdlere ve K\u00fcrdistan&#8217;a a\u00e7\u0131k\u00e7a sald\u0131rabilmektedirler ve Misak-\u0131 Milli&#8217;yi savunarak a\u00e7\u0131k\u00e7a ihaneti &#8220;kurtulu\u015f&#8221; olarak sunabilmektedirler. K\u00fcrd politik \u00e7evreleri de (istisnalar d\u0131\u015f\u0131nda) bu ihaneti &#8220;birlik\/karde\u015flik&#8221; ad\u0131 alt\u0131nda alk\u0131\u015flayabilmektedirler.<\/p>\n<p style=\"text-align: justify\">Bunlar\u0131n ya\u015fanaca\u011f\u0131n\u0131 \u00f6nceden g\u00f6rmek i\u00e7in falc\u0131 olmaya gerek yoktu; sadece d\u00fcr\u00fcst, objektif, K\u00fcrdistani de\u011ferlere sahip ve kimseye ba\u011f\u0131ml\u0131 olmadan ger\u00e7e\u011fi dillendirecek cesarete sahip olmak yeterliydi. Ne yaz\u0131k ki K\u00fcrd politik \u00e7evreleri bu gerekleri yerine getirmedikleri i\u00e7in bug\u00fcn\u00fc g\u00f6remediler ve ya\u015fananlara ortak oldular&#8230;<\/p>\n<p style=\"text-align: justify\">Erken g\u00f6rmek, \u00f6nceden g\u00f6rmek bir avantaj olmal\u0131yken; egemen olan PKK anlay\u0131\u015f\u0131n\u0131n do\u011frulardan yana rahats\u0131zl\u0131\u011f\u0131 ve d\u00fc\u015fmanl\u0131\u011f\u0131 gere\u011fi &#8220;\u00f6nceden g\u00f6rmek&#8221; dezavantaj oldu Kuzey K\u00fcrdistan&#8217;da&#8230;<\/p>\n<p style=\"text-align: justify\">De\u011ferlendirmelerimiz ile PKK politikalar\u0131n\u0131n yedek g\u00fc\u00e7leri olan di\u011fer \u00e7evrelerin de\u011ferlendirmeleri hi\u00e7 uyu\u015fmad\u0131. Uyu\u015fmad\u0131\u011f\u0131 i\u00e7in de, PKK ile birlikte bizi &#8220;\u00e7atlak ses&#8221;, &#8220;oyunbozan&#8221; ve &#8220;bir bela&#8221; olarak g\u00f6rd\u00fcler. \u00c7\u00fcnk\u00fc olacaklar\u0131 g\u00f6r\u00fcyorduk ve g\u00f6rd\u00fcklerimizi hi\u00e7bir kayg\u0131 ta\u015f\u0131madan dillendiriyorduk.<\/p>\n<p style=\"text-align: justify\">\u00a0&#8220;Ayk\u0131r\u0131&#8221; t\u00fcm de\u011ferlendirmelerimiz do\u011frulan\u0131rken, onlar\u0131n t\u00fcm tespitleri yanl\u0131\u015f \u00e7\u0131kt\u0131 ve her seferinde k\u0131sa bir utanma devresinden sonra yine ayn\u0131 anlay\u0131\u015fla PKK&#8217;yi aklama g\u00f6revlerine devam ettiler.<\/p>\n<p style=\"text-align: justify\">Ger\u00e7ekleri dillendirmemiz sadece PKK&#8217;yi de\u011fil, PKK&#8217;ye yaranmaya \u00e7al\u0131\u015fan t\u00fcm kesimleri de rahats\u0131z etti. Bu nedenle de PKK ile birlikte bize \u00e7irkince sald\u0131rmakta sak\u0131nca g\u00f6rmediler. Her \u00f6ng\u00f6r\u00fcm\u00fcz\u00fcn do\u011frulanmas\u0131ndan sonra \u00f6z\u00fcr dilemelerini beklerken, daha da pervas\u0131zla\u015f\u0131p bizi etkisiz k\u0131lmaya \u00e7al\u0131\u015ft\u0131lar\u2026<\/p>\n<p style=\"text-align: justify\">PKK&#8217;nin devlet taraf\u0131ndan kurulan ta\u015feron bir \u00f6rg\u00fct oldu\u011funu ve Abdullah \u00d6calan&#8217;\u0131n da M\u0130T men\u015feli oldu\u011funu en iyi bilen Mihri Belli, Do\u011fu Perin\u00e7ek ve Yal\u00e7\u0131n K\u00fc\u00e7\u00fck&#8217;lerdi. \u00c7\u00fcnk\u00fc kendileri de ayn\u0131 i\u015fgalci devletin &#8220;sol&#8221; maskeli tetik\u00e7ileriydiler.<\/p>\n<p style=\"text-align: justify\">1970&#8217;lerde Abdullah \u00d6calan&#8217;\u0131 Ayd\u0131nl\u0131k gazetesi \u00fczerinden herg\u00fcn man\u015fete ta\u015f\u0131yarak &#8220;K\u00fcrd lider&#8221; PKK&#8217;sini de &#8220;K\u00fcrd hareketi&#8221; diye pazarlayanlar\u0131n ba\u015f\u0131nda Do\u011fu Perin\u00e7ek geliyordu.<\/p>\n<p style=\"text-align: justify\">Suriye&#8217;de de 2000&#8217;e Do\u011fru dergisi \u00fczerinden yapt\u0131\u011f\u0131 alg\u0131 operasyonlar\u0131yla \u00d6calan&#8217;a cansuyu oldu adeta.<\/p>\n<p style=\"text-align: justify\">\u00d6calan yakaland\u0131\u011f\u0131nda(!) sisteme (\u00f6zellikle de \u0130mral\u0131&#8217;ya) egemen olan Kemalist-Ergenekoncu kanat, onu sistem i\u00e7i kavgada bir piyon olarak kulland\u0131\u011f\u0131 i\u00e7in hep \u00f6v\u00fcld\u00fc, y\u00fcceltildi ve zavall\u0131 K\u00fcrdlere pazarland\u0131. Ancak, Kemalizm-AKP hesapla\u015fmas\u0131 sonucu \u0130mral\u0131 denetimi el de\u011fi\u015ftirince, Do\u011fu Perin\u00e7ek ve t\u00fcm Kemalistlerin &#8220;\u00d6calan hayranl\u0131\u011f\u0131&#8221; da bitti. \u00c7\u00fcnk\u00fc Abdullah \u00d6calan efendisinin isteklerini yerine getirmekle y\u00fck\u00fcml\u00fc bir ta\u015ferondu. \u00d6calan&#8217;\u0131n kendi kontrollerinden \u00e7\u0131k\u0131p AKP&#8217;nin tetik\u00e7ili\u011fine ba\u015flad\u0131\u011f\u0131n\u0131 g\u00f6ren Kemalistler, \u00d6calan&#8217;\u0131n pisliklerini (\u00e7ok az\u0131n\u0131 H.Atilla U\u011fur \u00fczerinden) piyasaya s\u00fcrd\u00fcler.<\/p>\n<p style=\"text-align: justify\">Asl\u0131nda, Abdullah \u00d6calan&#8217;\u0131n bir devlet beslemesi\/eleman\u0131 oldu\u011funu sadece Belli-T\u00f6re-Perin\u00e7ek-K\u00fc\u00e7\u00fck gibi mesai arkada\u015flar\u0131 de\u011fil; 12 Mart\u00e7\u0131lar da 12 Eyl\u00fclc\u00fcler de 28 \u015eubat\u00e7\u0131lar da bilmiyor olamazlard\u0131\u2026<\/p>\n<p style=\"text-align: justify\">Devlet-\u00d6calan ger\u00e7e\u011fi neredeyse bire bir lider aray\u0131\u015f\u0131nda olan Friglerin Mitolojiyle \u00f6rt\u00fc\u015f\u00fcyor.<\/p>\n<p style=\"text-align: justify\">Bir lider aray\u0131\u015f\u0131nda olan Friglere bir k\u00e2hin, &#8216;\u015fehre \u00f6k\u00fcz arabas\u0131 ile giren ilk adam\u0131 kral ilan edin&#8217; der. \u00d6k\u00fcz arabas\u0131yla kente giren ilk ki\u015fi bir k\u00f6yl\u00fc olan Gordios olur ve Kral ilan edilir. Gordios, arabas\u0131n\u0131 Tanr\u0131 (Zeus) i\u00e7in tap\u0131na\u011fa adar ve k\u0131z\u0131lc\u0131k dallar\u0131yla tap\u0131na\u011fa ba\u011flar. Bu d\u00fc\u011f\u00fcm\u00fc \u00e7\u00f6zecek ki\u015finin Asya&#8217;ya egemen olaca\u011f\u0131 s\u00f6ylentisi yay\u0131l\u0131r ve buna inan\u0131l\u0131r\u2026<\/p>\n<p style=\"text-align: justify\">Devlet-\u00d6calan ili\u015fkisi de bu Mitolojiyle \u00f6rt\u00fc\u015f\u00fcyor. K\u00fcrdlere bir &#8220;lider&#8221; yaratan i\u015fgalci devletler, K\u00fcrdler i\u00e7inde olabilecek en kaba, de\u011fersiz, kompleksi ve hastal\u0131kl\u0131 ki\u015finin (\u00d6calan) K\u00fcrdlere &#8220;lider&#8221; olmas\u0131n\u0131 sa\u011flad\u0131lar. \u00d6calan \u015fahs\u0131nda \u015fekillendirilen PKK, K\u00fcrdleri \u00f6yle bir \u00e7\u0131kmaza soktu ki; bu kirli d\u00fc\u011f\u00fcm\u00fc kimse \u00e7\u00f6zemiyor.<\/p>\n<p style=\"text-align: justify\">K\u00fcrd kan\u0131yla besleniyor ama K\u00fcrdlerin devletle\u015fmesi \u00f6n\u00fcnde en b\u00fcy\u00fck engeli te\u015fkil ediyor. K\u00fcrdler ad\u0131na hareket ediyor ama sadece K\u00fcrdlere zarar veriyor.<\/p>\n<p style=\"text-align: justify\">Frigyal\u0131lar \u00f6k\u00fcz arabas\u0131yla gelen Gordion&#8217;u kurtar\u0131c\u0131 yapt\u0131lar; K\u00fcrdler ise devlet arabas\u0131yla gelen \u00f6k\u00fcz\u00fcn kendisini kurtar\u0131c\u0131 olarak kabul ettiler\u2026<\/p>\n<p style=\"text-align: justify\">Tarih, modern \u00e7a\u011fda M\u0130Tolojik bir yarat\u0131\u011f\u0131\/\u00d6k\u00fcz&#8217;\u00fc &#8220;lider&#8221; diye pazarlayan egemen devletlerin kurnazl\u0131\u011f\u0131n\u0131 yazaca\u011f\u0131 gibi, buna inanan aptallar\u0131 da yazacakt\u0131r; en \u00e7ok ta &#8220;ayd\u0131n\/yazar\/siyaset\u00e7i&#8221; diye ge\u00e7inen ukala ve ki\u015filiksizlere vurgu yap\u0131larak\u2026<\/p>\n<p style=\"text-align: justify\">Y\u0131llard\u0131r;<\/p>\n<p style=\"text-align: justify\">PKK bir devlet projesidir,<\/p>\n<p style=\"text-align: justify\">\u00d6calan devletin M\u0130T havuzunda e\u011fitilmi\u015f ve K\u00fcrdlerin ba\u015f\u0131na atanm\u0131\u015f bir g\u00f6revlidir,<\/p>\n<p style=\"text-align: justify\">PKK&#8217;nin varl\u0131k nedeni K\u00fcrdlerin devletle\u015fmesini engellemektir,<\/p>\n<p style=\"text-align: justify\">Abdullah \u00d6calan \u0130mral\u0131&#8217;da cezaevinde de\u011fil, devletin misafiridir ve her s\u00f6yledikleri direkt devlet akl\u0131 taraf\u0131ndan s\u00f6yletilen \u015feylerdir.<\/p>\n<p style=\"text-align: justify\">\u00d6calan kendi iste\u011fi ile T\u00fcrkiye&#8217;ye geldi,<\/p>\n<p style=\"text-align: justify\">\u00d6calan&#8217;\u0131n \u00f6yle kasetleri var ki, devlet isteseydi onu bir g\u00fcnde bitirirdi. Ama devlet onu daha da kullanmak istiyor. \u00d6calan&#8217;\u0131n sex kasetlerinden tutun, K\u00fcrdleri a\u00e7\u0131k\u00e7a pazarlayan konu\u015fmalar\u0131na, i\u00e7ki sofras\u0131nda M\u0130T elemanlar\u0131yla &#8220;g\u00f6r\u00fc\u015fme notlar\u0131n\u0131&#8221; ortak haz\u0131rlamas\u0131ndan tutun, KCK\/HDP ba\u015f\u0131na kimlerin getirilece\u011fi listesinin devletle birlikte haz\u0131rlanmas\u0131na kadar her konuda her t\u00fcrl\u00fc pisli\u011fin\/ihanetin\/d\u00fc\u015fk\u00fcnl\u00fc\u011f\u00fcn ve ahlaks\u0131zl\u0131\u011f\u0131n somut belgeleri devletin elindedir. Devlet ve devlet\u00e7iler, &#8220;kutsal devlete&#8221; zarar gelmeyecek \u015fekilde var olan belgeleri kontroll\u00fc ve k\u0131smi olarak piyasaya s\u00fcrd\u00fcler sadece\u2026<\/p>\n<p style=\"text-align: justify\">Ortaya \u00e7\u0131kan ve \u00e7\u0131kacak t\u00fcm rezillikleri y\u0131llard\u0131r dillendirdik. Ger\u00e7ekleri dillendirdik diye sadece Apocu \u00e7etelerin de\u011fil, onlarla yak\u0131n olan (hemen hemen t\u00fcm K\u00fcrdistanl\u0131 politik akt\u00f6r ve kurumlar) herkesin ortak hedefi olduk.<\/p>\n<p style=\"text-align: justify\">Bu \u00e7irkin, kirli ihaneti a\u00e7\u0131k ya da gizli olarak savunanlar, \u00d6calan ihanetini direkt veya dolayl\u0131 olarak aklayanlar politik ve etik olarak iflas ederken, i\u00e7ine d\u00fc\u015ft\u00fckleri d\u00fc\u015fk\u00fcnl\u00fckten \u00e7\u0131kmak i\u00e7in \u00e7\u0131rp\u0131n\u0131rken;<\/p>\n<p style=\"text-align: justify\">Biz, ger\u00e7ekli\u011fin g\u00f6r\u00fcnmesinde oynad\u0131\u011f\u0131m\u0131z olumlu rol i\u00e7in huzurlu ve gururlu olma hakk\u0131m\u0131z\u0131 kullan\u0131yoruz; pisli\u011fin savunucular\u0131\/aklay\u0131c\u0131lar\u0131 \u00e7\u0131rp\u0131n\u0131rken, biz de do\u011frudan yana olman\u0131n biraz tad\u0131n\u0131 \u00e7\u0131kar\u0131yoruz. Onurlu insanlar bunu hak etti\u011fimizi biliyordur\u2026<\/p>\n<p style=\"text-align: justify\">S\u00fcleyman Akkoyun<\/p>\n","protected":false},"excerpt":{"rendered":"<p>Ajanlar\u0131n, katillerin paral\u0131 askerlerin ve K\u00fcrd\/K\u00fcrdistan davas\u0131na a\u00e7\u0131k\u00e7a ihanet edenlerin me\u015frula\u015ft\u0131r\u0131ld\u0131\u011f\u0131 bir toplumda ulusal duyarl\u0131l\u0131klar, ulusal refleksler zay\u0131flar ve onurlu bir m\u00fccadele ile onursuz bir ya\u015fam aras\u0131ndaki kar\u015f\u0131tl\u0131k\/farkl\u0131l\u0131k ortadan kalkar. Bu nedenle hi\u00e7 kimsenin bu t\u00fcr insanlar\u0131 me\u015frula\u015ft\u0131rma hakk\u0131 yoktur. Evet, bug\u00fcn ihanet\u00e7iler me\u015frula\u015ft\u0131r\u0131ld\u0131\u011f\u0131 i\u00e7in ulusal refleksler zay\u0131flam\u0131\u015ft\u0131r ne yaz\u0131k ki. Onursuz insanlar &#8220;K\u00fcrdl\u00fck&#8221; ad\u0131 [&hellip;]<\/p>\n","protected":false},"author":2,"featured_media":1036200,"comment_status":"closed","ping_status":"closed","sticky":false,"template":"","format":"standard","meta":{"footnotes":""},"categories":[26],"tags":[31],"class_list":["post-1036199","post","type-post","status-publish","format-standard","has-post-thumbnail","hentry","category-forum","tag-onemli"],"blocksy_meta":[],"seo_head":"<!-- This site is optimized with the Yoast SEO plugin v27.5 - https:\/\/yoast.com\/product\/yoast-seo-wordpress\/ -->\n<title>\u0130hanet Ve Ulusal Refleks - Darka Mazi<\/title>\n<meta name=\"robots\" content=\"index, follow, max-snippet:-1, max-image-preview:large, max-video-preview:-1\" \/>\n<link rel=\"canonical\" href=\"https:\/\/darkamazi.site\/archives\/1036199\" \/>\n<meta property=\"og:locale\" content=\"en_US\" \/>\n<meta property=\"og:type\" content=\"article\" \/>\n<meta property=\"og:title\" content=\"\u0130hanet Ve Ulusal Refleks - Darka Mazi\" \/>\n<meta property=\"og:description\" content=\"Ajanlar\u0131n, katillerin paral\u0131 askerlerin ve K\u00fcrd\/K\u00fcrdistan davas\u0131na a\u00e7\u0131k\u00e7a ihanet edenlerin me\u015frula\u015ft\u0131r\u0131ld\u0131\u011f\u0131 bir toplumda ulusal duyarl\u0131l\u0131klar, ulusal refleksler zay\u0131flar ve onurlu bir m\u00fccadele ile onursuz bir ya\u015fam aras\u0131ndaki kar\u015f\u0131tl\u0131k\/farkl\u0131l\u0131k ortadan kalkar. Bu nedenle hi\u00e7 kimsenin bu t\u00fcr insanlar\u0131 me\u015frula\u015ft\u0131rma hakk\u0131 yoktur. Evet, bug\u00fcn ihanet\u00e7iler me\u015frula\u015ft\u0131r\u0131ld\u0131\u011f\u0131 i\u00e7in ulusal refleksler zay\u0131flam\u0131\u015ft\u0131r ne yaz\u0131k ki. Onursuz insanlar &#8220;K\u00fcrdl\u00fck&#8221; ad\u0131 [&hellip;]\" \/>\n<meta property=\"og:url\" content=\"https:\/\/darkamazi.site\/archives\/1036199\" \/>\n<meta property=\"og:site_name\" content=\"Darka Mazi\" \/>\n<meta property=\"article:publisher\" content=\"https:\/\/www.facebook.com\/DarkaMaziturkce\" \/>\n<meta property=\"article:published_time\" content=\"2026-01-16T15:12:44+00:00\" \/>\n<meta property=\"article:modified_time\" content=\"2026-01-16T15:13:07+00:00\" \/>\n<meta property=\"og:image\" content=\"https:\/\/darkamazi.site\/file\/2026\/01\/Suleyman-Akkoyun-1.jpg\" \/>\n\t<meta property=\"og:image:width\" content=\"900\" \/>\n\t<meta property=\"og:image:height\" content=\"497\" \/>\n\t<meta property=\"og:image:type\" content=\"image\/jpeg\" \/>\n<meta name=\"author\" content=\"darka mazi\" \/>\n<meta name=\"twitter:card\" content=\"summary_large_image\" \/>\n<meta name=\"twitter:creator\" content=\"@DarkaMaziTurkce\" \/>\n<meta name=\"twitter:site\" content=\"@DarkaMaziTurkce\" \/>\n<meta name=\"twitter:label1\" content=\"Written by\" \/>\n\t<meta name=\"twitter:data1\" content=\"darka mazi\" \/>\n\t<meta name=\"twitter:label2\" content=\"Est. reading time\" \/>\n\t<meta name=\"twitter:data2\" content=\"4 minutes\" \/>\n<script type=\"application\/ld+json\" class=\"seo-schema-graph\">{\"@context\":\"https:\\\/\\\/schema.org\",\"@graph\":[{\"@type\":\"NewsArticle\",\"@id\":\"https:\\\/\\\/darkamazi.site\\\/archives\\\/1036199#article\",\"isPartOf\":{\"@id\":\"https:\\\/\\\/darkamazi.site\\\/archives\\\/1036199\"},\"author\":{\"name\":\"darka mazi\",\"@id\":\"https:\\\/\\\/darkamazi.site\\\/#\\\/schema\\\/person\\\/67986a95ac546c16760365877ef4a9d3\"},\"headline\":\"\u0130hanet Ve Ulusal Refleks\",\"datePublished\":\"2026-01-16T15:12:44+00:00\",\"dateModified\":\"2026-01-16T15:13:07+00:00\",\"mainEntityOfPage\":{\"@id\":\"https:\\\/\\\/darkamazi.site\\\/archives\\\/1036199\"},\"wordCount\":1185,\"publisher\":{\"@id\":\"https:\\\/\\\/darkamazi.site\\\/#organization\"},\"image\":{\"@id\":\"https:\\\/\\\/darkamazi.site\\\/archives\\\/1036199#primaryimage\"},\"thumbnailUrl\":\"https:\\\/\\\/darkamazi.site\\\/darka-content\\\/uploads\\\/2026\\\/01\\\/Suleyman-Akkoyun-1.jpg\",\"keywords\":[\"\u00f6nemli\"],\"articleSection\":[\"Forum\"],\"inLanguage\":\"en-US\"},{\"@type\":\"WebPage\",\"@id\":\"https:\\\/\\\/darkamazi.site\\\/archives\\\/1036199\",\"url\":\"https:\\\/\\\/darkamazi.site\\\/archives\\\/1036199\",\"name\":\"\u0130hanet Ve Ulusal Refleks - Darka Mazi\",\"isPartOf\":{\"@id\":\"https:\\\/\\\/darkamazi.site\\\/#website\"},\"primaryImageOfPage\":{\"@id\":\"https:\\\/\\\/darkamazi.site\\\/archives\\\/1036199#primaryimage\"},\"image\":{\"@id\":\"https:\\\/\\\/darkamazi.site\\\/archives\\\/1036199#primaryimage\"},\"thumbnailUrl\":\"https:\\\/\\\/darkamazi.site\\\/darka-content\\\/uploads\\\/2026\\\/01\\\/Suleyman-Akkoyun-1.jpg\",\"datePublished\":\"2026-01-16T15:12:44+00:00\",\"dateModified\":\"2026-01-16T15:13:07+00:00\",\"breadcrumb\":{\"@id\":\"https:\\\/\\\/darkamazi.site\\\/archives\\\/1036199#breadcrumb\"},\"inLanguage\":\"en-US\",\"potentialAction\":[{\"@type\":\"ReadAction\",\"target\":[\"https:\\\/\\\/darkamazi.site\\\/archives\\\/1036199\"]}]},{\"@type\":\"ImageObject\",\"inLanguage\":\"en-US\",\"@id\":\"https:\\\/\\\/darkamazi.site\\\/archives\\\/1036199#primaryimage\",\"url\":\"https:\\\/\\\/darkamazi.site\\\/darka-content\\\/uploads\\\/2026\\\/01\\\/Suleyman-Akkoyun-1.jpg\",\"contentUrl\":\"https:\\\/\\\/darkamazi.site\\\/darka-content\\\/uploads\\\/2026\\\/01\\\/Suleyman-Akkoyun-1.jpg\",\"width\":900,\"height\":497,\"caption\":\"\u0130hanet Ve Ulusal Refleks\"},{\"@type\":\"BreadcrumbList\",\"@id\":\"https:\\\/\\\/darkamazi.site\\\/archives\\\/1036199#breadcrumb\",\"itemListElement\":[{\"@type\":\"ListItem\",\"position\":1,\"name\":\"Home\",\"item\":\"https:\\\/\\\/darkamazi.site\\\/\"},{\"@type\":\"ListItem\",\"position\":2,\"name\":\"\u0130hanet Ve Ulusal Refleks\"}]},{\"@type\":\"WebSite\",\"@id\":\"https:\\\/\\\/darkamazi.site\\\/#website\",\"url\":\"https:\\\/\\\/darkamazi.site\\\/\",\"name\":\"Darka Mazi\",\"description\":\"Ana Sayfa\",\"publisher\":{\"@id\":\"https:\\\/\\\/darkamazi.site\\\/#organization\"},\"potentialAction\":[{\"@type\":\"SearchAction\",\"target\":{\"@type\":\"EntryPoint\",\"urlTemplate\":\"https:\\\/\\\/darkamazi.site\\\/?s={search_term_string}\"},\"query-input\":{\"@type\":\"PropertyValueSpecification\",\"valueRequired\":true,\"valueName\":\"search_term_string\"}}],\"inLanguage\":\"en-US\"},{\"@type\":\"Organization\",\"@id\":\"https:\\\/\\\/darkamazi.site\\\/#organization\",\"name\":\"Darka Mazi T\u00fcrk\u00e7e\",\"alternateName\":\"Darka Mazi\",\"url\":\"https:\\\/\\\/darkamazi.site\\\/\",\"logo\":{\"@type\":\"ImageObject\",\"inLanguage\":\"en-US\",\"@id\":\"https:\\\/\\\/darkamazi.site\\\/#\\\/schema\\\/logo\\\/image\\\/\",\"url\":\"https:\\\/\\\/darkamazi.site\\\/darka-content\\\/uploads\\\/2017\\\/12\\\/darka-mazi-logo.png\",\"contentUrl\":\"https:\\\/\\\/darkamazi.site\\\/darka-content\\\/uploads\\\/2017\\\/12\\\/darka-mazi-logo.png\",\"width\":151,\"height\":75,\"caption\":\"Darka Mazi T\u00fcrk\u00e7e\"},\"image\":{\"@id\":\"https:\\\/\\\/darkamazi.site\\\/#\\\/schema\\\/logo\\\/image\\\/\"},\"sameAs\":[\"https:\\\/\\\/www.facebook.com\\\/DarkaMaziturkce\",\"https:\\\/\\\/x.com\\\/DarkaMaziTurkce\"]},{\"@type\":\"Person\",\"@id\":\"https:\\\/\\\/darkamazi.site\\\/#\\\/schema\\\/person\\\/67986a95ac546c16760365877ef4a9d3\",\"name\":\"darka mazi\",\"sameAs\":[\"https:\\\/\\\/darkamazi.site\"],\"url\":\"https:\\\/\\\/darkamazi.site\\\/archives\\\/author\\\/turkish\"}]}<\/script>\n<!-- \/ Yoast SEO plugin. -->","seo_head_json":{"title":"\u0130hanet Ve Ulusal Refleks - Darka Mazi","robots":{"index":"index","follow":"follow","max-snippet":"max-snippet:-1","max-image-preview":"max-image-preview:large","max-video-preview":"max-video-preview:-1"},"canonical":"https:\/\/darkamazi.site\/archives\/1036199","og_locale":"en_US","og_type":"article","og_title":"\u0130hanet Ve Ulusal Refleks - Darka Mazi","og_description":"Ajanlar\u0131n, katillerin paral\u0131 askerlerin ve K\u00fcrd\/K\u00fcrdistan davas\u0131na a\u00e7\u0131k\u00e7a ihanet edenlerin me\u015frula\u015ft\u0131r\u0131ld\u0131\u011f\u0131 bir toplumda ulusal duyarl\u0131l\u0131klar, ulusal refleksler zay\u0131flar ve onurlu bir m\u00fccadele ile onursuz bir ya\u015fam aras\u0131ndaki kar\u015f\u0131tl\u0131k\/farkl\u0131l\u0131k ortadan kalkar. Bu nedenle hi\u00e7 kimsenin bu t\u00fcr insanlar\u0131 me\u015frula\u015ft\u0131rma hakk\u0131 yoktur. Evet, bug\u00fcn ihanet\u00e7iler me\u015frula\u015ft\u0131r\u0131ld\u0131\u011f\u0131 i\u00e7in ulusal refleksler zay\u0131flam\u0131\u015ft\u0131r ne yaz\u0131k ki. Onursuz insanlar &#8220;K\u00fcrdl\u00fck&#8221; ad\u0131 [&hellip;]","og_url":"https:\/\/darkamazi.site\/archives\/1036199","og_site_name":"Darka Mazi","article_publisher":"https:\/\/www.facebook.com\/DarkaMaziturkce","article_published_time":"2026-01-16T15:12:44+00:00","article_modified_time":"2026-01-16T15:13:07+00:00","og_image":[{"width":900,"height":497,"url":"https:\/\/darkamazi.site\/file\/2026\/01\/Suleyman-Akkoyun-1.jpg","type":"image\/jpeg"}],"author":"darka mazi","twitter_card":"summary_large_image","twitter_creator":"@DarkaMaziTurkce","twitter_site":"@DarkaMaziTurkce","twitter_misc":{"Written by":"darka mazi","Est. reading time":"4 minutes"},"schema":{"@context":"https:\/\/schema.org","@graph":[{"@type":"NewsArticle","@id":"https:\/\/darkamazi.site\/archives\/1036199#article","isPartOf":{"@id":"https:\/\/darkamazi.site\/archives\/1036199"},"author":{"name":"darka mazi","@id":"https:\/\/darkamazi.site\/#\/schema\/person\/67986a95ac546c16760365877ef4a9d3"},"headline":"\u0130hanet Ve Ulusal Refleks","datePublished":"2026-01-16T15:12:44+00:00","dateModified":"2026-01-16T15:13:07+00:00","mainEntityOfPage":{"@id":"https:\/\/darkamazi.site\/archives\/1036199"},"wordCount":1185,"publisher":{"@id":"https:\/\/darkamazi.site\/#organization"},"image":{"@id":"https:\/\/darkamazi.site\/archives\/1036199#primaryimage"},"thumbnailUrl":"https:\/\/darkamazi.site\/file\/2026\/01\/Suleyman-Akkoyun-1.jpg","keywords":["\u00f6nemli"],"articleSection":["Forum"],"inLanguage":"en-US"},{"@type":"WebPage","@id":"https:\/\/darkamazi.site\/archives\/1036199","url":"https:\/\/darkamazi.site\/archives\/1036199","name":"\u0130hanet Ve Ulusal Refleks - Darka Mazi","isPartOf":{"@id":"https:\/\/darkamazi.site\/#website"},"primaryImageOfPage":{"@id":"https:\/\/darkamazi.site\/archives\/1036199#primaryimage"},"image":{"@id":"https:\/\/darkamazi.site\/archives\/1036199#primaryimage"},"thumbnailUrl":"https:\/\/darkamazi.site\/file\/2026\/01\/Suleyman-Akkoyun-1.jpg","datePublished":"2026-01-16T15:12:44+00:00","dateModified":"2026-01-16T15:13:07+00:00","breadcrumb":{"@id":"https:\/\/darkamazi.site\/archives\/1036199#breadcrumb"},"inLanguage":"en-US","potentialAction":[{"@type":"ReadAction","target":["https:\/\/darkamazi.site\/archives\/1036199"]}]},{"@type":"ImageObject","inLanguage":"en-US","@id":"https:\/\/darkamazi.site\/archives\/1036199#primaryimage","url":"https:\/\/darkamazi.site\/file\/2026\/01\/Suleyman-Akkoyun-1.jpg","contentUrl":"https:\/\/darkamazi.site\/file\/2026\/01\/Suleyman-Akkoyun-1.jpg","width":900,"height":497,"caption":"\u0130hanet Ve Ulusal Refleks"},{"@type":"BreadcrumbList","@id":"https:\/\/darkamazi.site\/archives\/1036199#breadcrumb","itemListElement":[{"@type":"ListItem","position":1,"name":"Home","item":"https:\/\/darkamazi.site\/"},{"@type":"ListItem","position":2,"name":"\u0130hanet Ve Ulusal Refleks"}]},{"@type":"WebSite","@id":"https:\/\/darkamazi.site\/#website","url":"https:\/\/darkamazi.site\/","name":"Darka Mazi","description":"Ana Sayfa","publisher":{"@id":"https:\/\/darkamazi.site\/#organization"},"potentialAction":[{"@type":"SearchAction","target":{"@type":"EntryPoint","urlTemplate":"https:\/\/darkamazi.site\/?s={search_term_string}"},"query-input":{"@type":"PropertyValueSpecification","valueRequired":true,"valueName":"search_term_string"}}],"inLanguage":"en-US"},{"@type":"Organization","@id":"https:\/\/darkamazi.site\/#organization","name":"Darka Mazi T\u00fcrk\u00e7e","alternateName":"Darka Mazi","url":"https:\/\/darkamazi.site\/","logo":{"@type":"ImageObject","inLanguage":"en-US","@id":"https:\/\/darkamazi.site\/#\/schema\/logo\/image\/","url":"https:\/\/darkamazi.site\/file\/2017\/12\/darka-mazi-logo.png","contentUrl":"https:\/\/darkamazi.site\/file\/2017\/12\/darka-mazi-logo.png","width":151,"height":75,"caption":"Darka Mazi T\u00fcrk\u00e7e"},"image":{"@id":"https:\/\/darkamazi.site\/#\/schema\/logo\/image\/"},"sameAs":["https:\/\/www.facebook.com\/DarkaMaziturkce","https:\/\/x.com\/DarkaMaziTurkce"]},{"@type":"Person","@id":"https:\/\/darkamazi.site\/#\/schema\/person\/67986a95ac546c16760365877ef4a9d3","name":"darka mazi","sameAs":["https:\/\/darkamazi.site"],"url":"https:\/\/darkamazi.site\/archives\/author\/turkish"}]}},"_links":{"self":[{"href":"https:\/\/darkamazi.site\/funavuv\/wp\/v2\/posts\/1036199","targetHints":{"allow":["GET"]}}],"collection":[{"href":"https:\/\/darkamazi.site\/funavuv\/wp\/v2\/posts"}],"about":[{"href":"https:\/\/darkamazi.site\/funavuv\/wp\/v2\/types\/post"}],"author":[{"embeddable":true,"href":"https:\/\/darkamazi.site\/funavuv\/wp\/v2\/users\/2"}],"replies":[{"embeddable":true,"href":"https:\/\/darkamazi.site\/funavuv\/wp\/v2\/comments?post=1036199"}],"version-history":[{"count":0,"href":"https:\/\/darkamazi.site\/funavuv\/wp\/v2\/posts\/1036199\/revisions"}],"wp:featuredmedia":[{"embeddable":true,"href":"https:\/\/darkamazi.site\/funavuv\/wp\/v2\/media\/1036200"}],"wp:attachment":[{"href":"https:\/\/darkamazi.site\/funavuv\/wp\/v2\/media?parent=1036199"}],"wp:term":[{"taxonomy":"category","embeddable":true,"href":"https:\/\/darkamazi.site\/funavuv\/wp\/v2\/categories?post=1036199"},{"taxonomy":"post_tag","embeddable":true,"href":"https:\/\/darkamazi.site\/funavuv\/wp\/v2\/tags?post=1036199"}],"curies":[{"name":"wp","href":"https:\/\/api.w.org\/{rel}","templated":true}]}}