{"id":1036211,"date":"2026-01-18T14:15:47","date_gmt":"2026-01-18T11:15:47","guid":{"rendered":"https:\/\/darkamazi.site\/?p=1036211"},"modified":"2026-01-18T14:15:47","modified_gmt":"2026-01-18T11:15:47","slug":"mazlum-abdiden-halka-cagri-inancinizi-koruyun-savascilarin-etrafinda-kenetlenin","status":"publish","type":"post","link":"https:\/\/darkamazi.site\/archives\/1036211","title":{"rendered":"Mazlum Abdi&#8217;den halka \u00e7a\u011fr\u0131: \u0130nanc\u0131n\u0131z\u0131 koruyun, sava\u015f\u00e7\u0131lar\u0131n etraf\u0131nda kenetlenin"},"content":{"rendered":"<p>DSG Genel Komutan Mazlum Abdi, \u201cDurumu sakinle\u015ftirmek i\u00e7in \u00e7abalar\u0131m\u0131z var, halk sava\u015f\u00e7\u0131lar\u0131n\u0131n etraf\u0131nda kenetlensin\u201d a\u00e7\u0131klamas\u0131nda bulundu.<\/p>\n<p>Demokratik Suriye G\u00fc\u00e7leri (DSG) Genel Komutan\u0131 Mazlum Abdi, b\u00f6lgedeki gerilimi d\u00fc\u015f\u00fcrmek ad\u0131na uluslararas\u0131 g\u00fc\u00e7lerin devreye girdi\u011fini a\u00e7\u0131klad\u0131. ANHA&#8217;ya konu\u015fan Abdi, ate\u015fkes \u00e7abalar\u0131n\u0131n s\u00fcrd\u00fc\u011f\u00fcn\u00fc belirtirken halka birlik \u00e7a\u011fr\u0131s\u0131nda bulundu.<\/p>\n<p>Mazlum Abdi, yapt\u0131\u011f\u0131 a\u00e7\u0131klamada baz\u0131 uluslararas\u0131 g\u00fc\u00e7lerin arabuluculu\u011fuyla \u00e7at\u0131\u015fma ortam\u0131n\u0131 sakinle\u015ftirmeye \u00e7al\u0131\u015ft\u0131klar\u0131n\u0131 belirtti. Diplomatik trafi\u011fin s\u00fcrd\u00fc\u011f\u00fcn\u00fc vurgulayan Abdi, halk\u0131 sava\u015f\u00e7\u0131lar\u0131n\u0131n etraf\u0131nda toplanmaya ve inan\u00e7lar\u0131nda \u0131srarc\u0131 olmaya \u00e7a\u011f\u0131rd\u0131.<\/p>\n<p><strong>&#8220;Sald\u0131r\u0131lar Halep&#8217;ten Deyrezor&#8217;a yay\u0131ld\u0131&#8221;<\/strong><\/p>\n<p>S\u00fcrecin ba\u015flang\u0131c\u0131na dair bilgi veren Abdi, sald\u0131r\u0131lar\u0131n 6 Ocak\u2019tan bu yana sistematik bir hal ald\u0131\u011f\u0131n\u0131 hat\u0131rlatt\u0131. Halep\u2019teki K\u00fcrt mahallelerine y\u00f6nelik ba\u015flayan sald\u0131r\u0131lar\u0131n; Kuzey ve Do\u011fu Suriye\u2019nin Tabka, Rakka\u2019n\u0131n g\u00fcney k\u0131rsal\u0131 ve Deyrezor gibi stratejik b\u00f6lgelerine kadar uzand\u0131\u011f\u0131n\u0131 ifade etti.<\/p>\n<p>Abdi, gerilimi durdurmak ve s\u00fckuneti sa\u011flamak i\u00e7in yapt\u0131klar\u0131 t\u00fcm giri\u015fimlere ra\u011fmen sald\u0131r\u0131lar\u0131n devam etti\u011fine dikkat \u00e7ekti.<\/p>\n<p><strong>&#8220;Ate\u015fkes i\u00e7in \u00e7abal\u0131yoruz&#8221;<\/strong><\/p>\n<p>Sald\u0131r\u0131lara ra\u011fmen diplomatik kanallar\u0131 a\u00e7\u0131k tuttuklar\u0131n\u0131 belirten Abdi, \u015fu ifadeleri kulland\u0131:<\/p>\n<p>&#8220;Halk\u0131m\u0131za, uluslararas\u0131 taraflar\u0131n yard\u0131m\u0131yla s\u00fckuneti sa\u011flama ve ate\u015fkes konusundaki \u00e7abalar\u0131m\u0131z\u0131n s\u00fcrd\u00fc\u011f\u00fcn\u00fc bildiriyoruz. Bu nedenle halk\u0131m\u0131za, cesurca kendi evlatlar\u0131n\u0131n, sava\u015f\u00e7\u0131lar\u0131m\u0131z\u0131n etraf\u0131nda kenetlenmeleri ve inan\u00e7lar\u0131nda kararl\u0131 kalmalar\u0131 \u00e7a\u011fr\u0131s\u0131nda bulunuyoruz.&#8221;<\/p>\n","protected":false},"excerpt":{"rendered":"<p>DSG Genel Komutan Mazlum Abdi, \u201cDurumu sakinle\u015ftirmek i\u00e7in \u00e7abalar\u0131m\u0131z var, halk sava\u015f\u00e7\u0131lar\u0131n\u0131n etraf\u0131nda kenetlensin\u201d a\u00e7\u0131klamas\u0131nda bulundu. Demokratik Suriye G\u00fc\u00e7leri (DSG) Genel Komutan\u0131 Mazlum Abdi, b\u00f6lgedeki gerilimi d\u00fc\u015f\u00fcrmek ad\u0131na uluslararas\u0131 g\u00fc\u00e7lerin devreye girdi\u011fini a\u00e7\u0131klad\u0131. ANHA&#8217;ya konu\u015fan Abdi, ate\u015fkes \u00e7abalar\u0131n\u0131n s\u00fcrd\u00fc\u011f\u00fcn\u00fc belirtirken halka birlik \u00e7a\u011fr\u0131s\u0131nda bulundu. Mazlum Abdi, yapt\u0131\u011f\u0131 a\u00e7\u0131klamada baz\u0131 uluslararas\u0131 g\u00fc\u00e7lerin arabuluculu\u011fuyla \u00e7at\u0131\u015fma ortam\u0131n\u0131 sakinle\u015ftirmeye [&hellip;]<\/p>\n","protected":false},"author":2,"featured_media":1036212,"comment_status":"closed","ping_status":"closed","sticky":false,"template":"","format":"standard","meta":{"footnotes":""},"categories":[3],"tags":[31],"class_list":["post-1036211","post","type-post","status-publish","format-standard","has-post-thumbnail","hentry","category-kurdistan","tag-onemli"],"blocksy_meta":[],"seo_head":"<!-- This site is optimized with the Yoast SEO plugin v27.5 - https:\/\/yoast.com\/product\/yoast-seo-wordpress\/ -->\n<title>Mazlum Abdi&#039;den halka \u00e7a\u011fr\u0131: \u0130nanc\u0131n\u0131z\u0131 koruyun, sava\u015f\u00e7\u0131lar\u0131n etraf\u0131nda kenetlenin - Darka Mazi<\/title>\n<meta name=\"robots\" content=\"index, follow, max-snippet:-1, max-image-preview:large, max-video-preview:-1\" \/>\n<link rel=\"canonical\" href=\"https:\/\/darkamazi.site\/archives\/1036211\" \/>\n<meta property=\"og:locale\" content=\"en_US\" \/>\n<meta property=\"og:type\" content=\"article\" \/>\n<meta property=\"og:title\" content=\"Mazlum Abdi&#039;den halka \u00e7a\u011fr\u0131: \u0130nanc\u0131n\u0131z\u0131 koruyun, sava\u015f\u00e7\u0131lar\u0131n etraf\u0131nda kenetlenin - Darka Mazi\" \/>\n<meta property=\"og:description\" content=\"DSG Genel Komutan Mazlum Abdi, \u201cDurumu sakinle\u015ftirmek i\u00e7in \u00e7abalar\u0131m\u0131z var, halk sava\u015f\u00e7\u0131lar\u0131n\u0131n etraf\u0131nda kenetlensin\u201d a\u00e7\u0131klamas\u0131nda bulundu. Demokratik Suriye G\u00fc\u00e7leri (DSG) Genel Komutan\u0131 Mazlum Abdi, b\u00f6lgedeki gerilimi d\u00fc\u015f\u00fcrmek ad\u0131na uluslararas\u0131 g\u00fc\u00e7lerin devreye girdi\u011fini a\u00e7\u0131klad\u0131. ANHA&#8217;ya konu\u015fan Abdi, ate\u015fkes \u00e7abalar\u0131n\u0131n s\u00fcrd\u00fc\u011f\u00fcn\u00fc belirtirken halka birlik \u00e7a\u011fr\u0131s\u0131nda bulundu. Mazlum Abdi, yapt\u0131\u011f\u0131 a\u00e7\u0131klamada baz\u0131 uluslararas\u0131 g\u00fc\u00e7lerin arabuluculu\u011fuyla \u00e7at\u0131\u015fma ortam\u0131n\u0131 sakinle\u015ftirmeye [&hellip;]\" \/>\n<meta property=\"og:url\" content=\"https:\/\/darkamazi.site\/archives\/1036211\" \/>\n<meta property=\"og:site_name\" content=\"Darka Mazi\" \/>\n<meta property=\"article:publisher\" content=\"https:\/\/www.facebook.com\/DarkaMaziturkce\" \/>\n<meta property=\"article:published_time\" content=\"2026-01-18T11:15:47+00:00\" \/>\n<meta property=\"og:image\" content=\"https:\/\/darkamazi.site\/file\/2026\/01\/Mazlum-Ebdi-cek.jpg\" \/>\n\t<meta property=\"og:image:width\" content=\"752\" \/>\n\t<meta property=\"og:image:height\" content=\"472\" \/>\n\t<meta property=\"og:image:type\" content=\"image\/jpeg\" \/>\n<meta name=\"author\" content=\"darka mazi\" \/>\n<meta name=\"twitter:card\" content=\"summary_large_image\" \/>\n<meta name=\"twitter:creator\" content=\"@DarkaMaziTurkce\" \/>\n<meta name=\"twitter:site\" content=\"@DarkaMaziTurkce\" \/>\n<meta name=\"twitter:label1\" content=\"Written by\" \/>\n\t<meta name=\"twitter:data1\" content=\"darka mazi\" \/>\n\t<meta name=\"twitter:label2\" content=\"Est. reading time\" \/>\n\t<meta name=\"twitter:data2\" content=\"1 minute\" \/>\n<script type=\"application\/ld+json\" class=\"seo-schema-graph\">{\"@context\":\"https:\\\/\\\/schema.org\",\"@graph\":[{\"@type\":\"NewsArticle\",\"@id\":\"https:\\\/\\\/darkamazi.site\\\/archives\\\/1036211#article\",\"isPartOf\":{\"@id\":\"https:\\\/\\\/darkamazi.site\\\/archives\\\/1036211\"},\"author\":{\"name\":\"darka mazi\",\"@id\":\"https:\\\/\\\/darkamazi.site\\\/#\\\/schema\\\/person\\\/67986a95ac546c16760365877ef4a9d3\"},\"headline\":\"Mazlum Abdi&#8217;den halka \u00e7a\u011fr\u0131: \u0130nanc\u0131n\u0131z\u0131 koruyun, sava\u015f\u00e7\u0131lar\u0131n etraf\u0131nda kenetlenin\",\"datePublished\":\"2026-01-18T11:15:47+00:00\",\"mainEntityOfPage\":{\"@id\":\"https:\\\/\\\/darkamazi.site\\\/archives\\\/1036211\"},\"wordCount\":308,\"publisher\":{\"@id\":\"https:\\\/\\\/darkamazi.site\\\/#organization\"},\"image\":{\"@id\":\"https:\\\/\\\/darkamazi.site\\\/archives\\\/1036211#primaryimage\"},\"thumbnailUrl\":\"https:\\\/\\\/darkamazi.site\\\/darka-content\\\/uploads\\\/2026\\\/01\\\/Mazlum-Ebdi-cek.jpg\",\"keywords\":[\"\u00f6nemli\"],\"articleSection\":[\"Kurdistan\"],\"inLanguage\":\"en-US\"},{\"@type\":\"WebPage\",\"@id\":\"https:\\\/\\\/darkamazi.site\\\/archives\\\/1036211\",\"url\":\"https:\\\/\\\/darkamazi.site\\\/archives\\\/1036211\",\"name\":\"Mazlum Abdi'den halka \u00e7a\u011fr\u0131: \u0130nanc\u0131n\u0131z\u0131 koruyun, sava\u015f\u00e7\u0131lar\u0131n etraf\u0131nda kenetlenin - Darka Mazi\",\"isPartOf\":{\"@id\":\"https:\\\/\\\/darkamazi.site\\\/#website\"},\"primaryImageOfPage\":{\"@id\":\"https:\\\/\\\/darkamazi.site\\\/archives\\\/1036211#primaryimage\"},\"image\":{\"@id\":\"https:\\\/\\\/darkamazi.site\\\/archives\\\/1036211#primaryimage\"},\"thumbnailUrl\":\"https:\\\/\\\/darkamazi.site\\\/darka-content\\\/uploads\\\/2026\\\/01\\\/Mazlum-Ebdi-cek.jpg\",\"datePublished\":\"2026-01-18T11:15:47+00:00\",\"breadcrumb\":{\"@id\":\"https:\\\/\\\/darkamazi.site\\\/archives\\\/1036211#breadcrumb\"},\"inLanguage\":\"en-US\",\"potentialAction\":[{\"@type\":\"ReadAction\",\"target\":[\"https:\\\/\\\/darkamazi.site\\\/archives\\\/1036211\"]}]},{\"@type\":\"ImageObject\",\"inLanguage\":\"en-US\",\"@id\":\"https:\\\/\\\/darkamazi.site\\\/archives\\\/1036211#primaryimage\",\"url\":\"https:\\\/\\\/darkamazi.site\\\/darka-content\\\/uploads\\\/2026\\\/01\\\/Mazlum-Ebdi-cek.jpg\",\"contentUrl\":\"https:\\\/\\\/darkamazi.site\\\/darka-content\\\/uploads\\\/2026\\\/01\\\/Mazlum-Ebdi-cek.jpg\",\"width\":752,\"height\":472,\"caption\":\"Mazlum Abdi'den halka \u00e7a\u011fr\u0131: \u0130nanc\u0131n\u0131z\u0131 koruyun, sava\u015f\u00e7\u0131lar\u0131n etraf\u0131nda kenetlenin\"},{\"@type\":\"BreadcrumbList\",\"@id\":\"https:\\\/\\\/darkamazi.site\\\/archives\\\/1036211#breadcrumb\",\"itemListElement\":[{\"@type\":\"ListItem\",\"position\":1,\"name\":\"Home\",\"item\":\"https:\\\/\\\/darkamazi.site\\\/\"},{\"@type\":\"ListItem\",\"position\":2,\"name\":\"Mazlum Abdi&#8217;den halka \u00e7a\u011fr\u0131: \u0130nanc\u0131n\u0131z\u0131 koruyun, sava\u015f\u00e7\u0131lar\u0131n etraf\u0131nda kenetlenin\"}]},{\"@type\":\"WebSite\",\"@id\":\"https:\\\/\\\/darkamazi.site\\\/#website\",\"url\":\"https:\\\/\\\/darkamazi.site\\\/\",\"name\":\"Darka Mazi\",\"description\":\"Ana Sayfa\",\"publisher\":{\"@id\":\"https:\\\/\\\/darkamazi.site\\\/#organization\"},\"potentialAction\":[{\"@type\":\"SearchAction\",\"target\":{\"@type\":\"EntryPoint\",\"urlTemplate\":\"https:\\\/\\\/darkamazi.site\\\/?s={search_term_string}\"},\"query-input\":{\"@type\":\"PropertyValueSpecification\",\"valueRequired\":true,\"valueName\":\"search_term_string\"}}],\"inLanguage\":\"en-US\"},{\"@type\":\"Organization\",\"@id\":\"https:\\\/\\\/darkamazi.site\\\/#organization\",\"name\":\"Darka Mazi T\u00fcrk\u00e7e\",\"alternateName\":\"Darka Mazi\",\"url\":\"https:\\\/\\\/darkamazi.site\\\/\",\"logo\":{\"@type\":\"ImageObject\",\"inLanguage\":\"en-US\",\"@id\":\"https:\\\/\\\/darkamazi.site\\\/#\\\/schema\\\/logo\\\/image\\\/\",\"url\":\"https:\\\/\\\/darkamazi.site\\\/darka-content\\\/uploads\\\/2017\\\/12\\\/darka-mazi-logo.png\",\"contentUrl\":\"https:\\\/\\\/darkamazi.site\\\/darka-content\\\/uploads\\\/2017\\\/12\\\/darka-mazi-logo.png\",\"width\":151,\"height\":75,\"caption\":\"Darka Mazi T\u00fcrk\u00e7e\"},\"image\":{\"@id\":\"https:\\\/\\\/darkamazi.site\\\/#\\\/schema\\\/logo\\\/image\\\/\"},\"sameAs\":[\"https:\\\/\\\/www.facebook.com\\\/DarkaMaziturkce\",\"https:\\\/\\\/x.com\\\/DarkaMaziTurkce\"]},{\"@type\":\"Person\",\"@id\":\"https:\\\/\\\/darkamazi.site\\\/#\\\/schema\\\/person\\\/67986a95ac546c16760365877ef4a9d3\",\"name\":\"darka mazi\",\"sameAs\":[\"https:\\\/\\\/darkamazi.site\"],\"url\":\"https:\\\/\\\/darkamazi.site\\\/archives\\\/author\\\/turkish\"}]}<\/script>\n<!-- \/ Yoast SEO plugin. -->","seo_head_json":{"title":"Mazlum Abdi'den halka \u00e7a\u011fr\u0131: \u0130nanc\u0131n\u0131z\u0131 koruyun, sava\u015f\u00e7\u0131lar\u0131n etraf\u0131nda kenetlenin - Darka Mazi","robots":{"index":"index","follow":"follow","max-snippet":"max-snippet:-1","max-image-preview":"max-image-preview:large","max-video-preview":"max-video-preview:-1"},"canonical":"https:\/\/darkamazi.site\/archives\/1036211","og_locale":"en_US","og_type":"article","og_title":"Mazlum Abdi'den halka \u00e7a\u011fr\u0131: \u0130nanc\u0131n\u0131z\u0131 koruyun, sava\u015f\u00e7\u0131lar\u0131n etraf\u0131nda kenetlenin - Darka Mazi","og_description":"DSG Genel Komutan Mazlum Abdi, \u201cDurumu sakinle\u015ftirmek i\u00e7in \u00e7abalar\u0131m\u0131z var, halk sava\u015f\u00e7\u0131lar\u0131n\u0131n etraf\u0131nda kenetlensin\u201d a\u00e7\u0131klamas\u0131nda bulundu. Demokratik Suriye G\u00fc\u00e7leri (DSG) Genel Komutan\u0131 Mazlum Abdi, b\u00f6lgedeki gerilimi d\u00fc\u015f\u00fcrmek ad\u0131na uluslararas\u0131 g\u00fc\u00e7lerin devreye girdi\u011fini a\u00e7\u0131klad\u0131. ANHA&#8217;ya konu\u015fan Abdi, ate\u015fkes \u00e7abalar\u0131n\u0131n s\u00fcrd\u00fc\u011f\u00fcn\u00fc belirtirken halka birlik \u00e7a\u011fr\u0131s\u0131nda bulundu. Mazlum Abdi, yapt\u0131\u011f\u0131 a\u00e7\u0131klamada baz\u0131 uluslararas\u0131 g\u00fc\u00e7lerin arabuluculu\u011fuyla \u00e7at\u0131\u015fma ortam\u0131n\u0131 sakinle\u015ftirmeye [&hellip;]","og_url":"https:\/\/darkamazi.site\/archives\/1036211","og_site_name":"Darka Mazi","article_publisher":"https:\/\/www.facebook.com\/DarkaMaziturkce","article_published_time":"2026-01-18T11:15:47+00:00","og_image":[{"width":752,"height":472,"url":"https:\/\/darkamazi.site\/file\/2026\/01\/Mazlum-Ebdi-cek.jpg","type":"image\/jpeg"}],"author":"darka mazi","twitter_card":"summary_large_image","twitter_creator":"@DarkaMaziTurkce","twitter_site":"@DarkaMaziTurkce","twitter_misc":{"Written by":"darka mazi","Est. reading time":"1 minute"},"schema":{"@context":"https:\/\/schema.org","@graph":[{"@type":"NewsArticle","@id":"https:\/\/darkamazi.site\/archives\/1036211#article","isPartOf":{"@id":"https:\/\/darkamazi.site\/archives\/1036211"},"author":{"name":"darka mazi","@id":"https:\/\/darkamazi.site\/#\/schema\/person\/67986a95ac546c16760365877ef4a9d3"},"headline":"Mazlum Abdi&#8217;den halka \u00e7a\u011fr\u0131: \u0130nanc\u0131n\u0131z\u0131 koruyun, sava\u015f\u00e7\u0131lar\u0131n etraf\u0131nda kenetlenin","datePublished":"2026-01-18T11:15:47+00:00","mainEntityOfPage":{"@id":"https:\/\/darkamazi.site\/archives\/1036211"},"wordCount":308,"publisher":{"@id":"https:\/\/darkamazi.site\/#organization"},"image":{"@id":"https:\/\/darkamazi.site\/archives\/1036211#primaryimage"},"thumbnailUrl":"https:\/\/darkamazi.site\/file\/2026\/01\/Mazlum-Ebdi-cek.jpg","keywords":["\u00f6nemli"],"articleSection":["Kurdistan"],"inLanguage":"en-US"},{"@type":"WebPage","@id":"https:\/\/darkamazi.site\/archives\/1036211","url":"https:\/\/darkamazi.site\/archives\/1036211","name":"Mazlum Abdi'den halka \u00e7a\u011fr\u0131: \u0130nanc\u0131n\u0131z\u0131 koruyun, sava\u015f\u00e7\u0131lar\u0131n etraf\u0131nda kenetlenin - Darka Mazi","isPartOf":{"@id":"https:\/\/darkamazi.site\/#website"},"primaryImageOfPage":{"@id":"https:\/\/darkamazi.site\/archives\/1036211#primaryimage"},"image":{"@id":"https:\/\/darkamazi.site\/archives\/1036211#primaryimage"},"thumbnailUrl":"https:\/\/darkamazi.site\/file\/2026\/01\/Mazlum-Ebdi-cek.jpg","datePublished":"2026-01-18T11:15:47+00:00","breadcrumb":{"@id":"https:\/\/darkamazi.site\/archives\/1036211#breadcrumb"},"inLanguage":"en-US","potentialAction":[{"@type":"ReadAction","target":["https:\/\/darkamazi.site\/archives\/1036211"]}]},{"@type":"ImageObject","inLanguage":"en-US","@id":"https:\/\/darkamazi.site\/archives\/1036211#primaryimage","url":"https:\/\/darkamazi.site\/file\/2026\/01\/Mazlum-Ebdi-cek.jpg","contentUrl":"https:\/\/darkamazi.site\/file\/2026\/01\/Mazlum-Ebdi-cek.jpg","width":752,"height":472,"caption":"Mazlum Abdi'den halka \u00e7a\u011fr\u0131: \u0130nanc\u0131n\u0131z\u0131 koruyun, sava\u015f\u00e7\u0131lar\u0131n etraf\u0131nda kenetlenin"},{"@type":"BreadcrumbList","@id":"https:\/\/darkamazi.site\/archives\/1036211#breadcrumb","itemListElement":[{"@type":"ListItem","position":1,"name":"Home","item":"https:\/\/darkamazi.site\/"},{"@type":"ListItem","position":2,"name":"Mazlum Abdi&#8217;den halka \u00e7a\u011fr\u0131: \u0130nanc\u0131n\u0131z\u0131 koruyun, sava\u015f\u00e7\u0131lar\u0131n etraf\u0131nda kenetlenin"}]},{"@type":"WebSite","@id":"https:\/\/darkamazi.site\/#website","url":"https:\/\/darkamazi.site\/","name":"Darka Mazi","description":"Ana Sayfa","publisher":{"@id":"https:\/\/darkamazi.site\/#organization"},"potentialAction":[{"@type":"SearchAction","target":{"@type":"EntryPoint","urlTemplate":"https:\/\/darkamazi.site\/?s={search_term_string}"},"query-input":{"@type":"PropertyValueSpecification","valueRequired":true,"valueName":"search_term_string"}}],"inLanguage":"en-US"},{"@type":"Organization","@id":"https:\/\/darkamazi.site\/#organization","name":"Darka Mazi T\u00fcrk\u00e7e","alternateName":"Darka Mazi","url":"https:\/\/darkamazi.site\/","logo":{"@type":"ImageObject","inLanguage":"en-US","@id":"https:\/\/darkamazi.site\/#\/schema\/logo\/image\/","url":"https:\/\/darkamazi.site\/file\/2017\/12\/darka-mazi-logo.png","contentUrl":"https:\/\/darkamazi.site\/file\/2017\/12\/darka-mazi-logo.png","width":151,"height":75,"caption":"Darka Mazi T\u00fcrk\u00e7e"},"image":{"@id":"https:\/\/darkamazi.site\/#\/schema\/logo\/image\/"},"sameAs":["https:\/\/www.facebook.com\/DarkaMaziturkce","https:\/\/x.com\/DarkaMaziTurkce"]},{"@type":"Person","@id":"https:\/\/darkamazi.site\/#\/schema\/person\/67986a95ac546c16760365877ef4a9d3","name":"darka mazi","sameAs":["https:\/\/darkamazi.site"],"url":"https:\/\/darkamazi.site\/archives\/author\/turkish"}]}},"_links":{"self":[{"href":"https:\/\/darkamazi.site\/funavuv\/wp\/v2\/posts\/1036211","targetHints":{"allow":["GET"]}}],"collection":[{"href":"https:\/\/darkamazi.site\/funavuv\/wp\/v2\/posts"}],"about":[{"href":"https:\/\/darkamazi.site\/funavuv\/wp\/v2\/types\/post"}],"author":[{"embeddable":true,"href":"https:\/\/darkamazi.site\/funavuv\/wp\/v2\/users\/2"}],"replies":[{"embeddable":true,"href":"https:\/\/darkamazi.site\/funavuv\/wp\/v2\/comments?post=1036211"}],"version-history":[{"count":0,"href":"https:\/\/darkamazi.site\/funavuv\/wp\/v2\/posts\/1036211\/revisions"}],"wp:featuredmedia":[{"embeddable":true,"href":"https:\/\/darkamazi.site\/funavuv\/wp\/v2\/media\/1036212"}],"wp:attachment":[{"href":"https:\/\/darkamazi.site\/funavuv\/wp\/v2\/media?parent=1036211"}],"wp:term":[{"taxonomy":"category","embeddable":true,"href":"https:\/\/darkamazi.site\/funavuv\/wp\/v2\/categories?post=1036211"},{"taxonomy":"post_tag","embeddable":true,"href":"https:\/\/darkamazi.site\/funavuv\/wp\/v2\/tags?post=1036211"}],"curies":[{"name":"wp","href":"https:\/\/api.w.org\/{rel}","templated":true}]}}