{"id":1036217,"date":"2026-01-18T16:03:18","date_gmt":"2026-01-18T13:03:18","guid":{"rendered":"https:\/\/darkamazi.site\/?p=1036217"},"modified":"2026-01-18T16:03:18","modified_gmt":"2026-01-18T13:03:18","slug":"ayni-gun-de-iki-ayri-resim-iki-ayri-ittifak-iki-ayri-amac-iki-ayri-strateji","status":"publish","type":"post","link":"https:\/\/darkamazi.site\/archives\/1036217","title":{"rendered":"Ayn\u0131 g\u00fcn de iki ayr\u0131 resim, iki ayr\u0131 ittifak iki ayr\u0131 ama\u00e7 iki ayr\u0131 strateji"},"content":{"rendered":"<p style=\"text-align: justify\">17 Ocak g\u00fcn\u00fc K\u00fcrtlerin yak\u0131n tarihinde s\u0131k s\u0131k an\u0131lan bir g\u00fcn olacak. \u00c7\u00fcnk\u00fc 17 Aral\u0131k Cumartesi g\u00fcn\u00fc K\u00fcrdistan\u2019da iki ayr\u0131 siyasi bulu\u015fma ya\u015fand\u0131. Bu iki ayr\u0131 bulu\u015fma K\u00fcrt siyasetinin hangi yol ayr\u0131m\u0131nda durdu\u011funu a\u00e7\u0131k bi\u00e7imde ortaya koymu\u015ftur. \u00a0Ayn\u0131 co\u011frafyada, ayn\u0131 g\u00fcn yap\u0131lan bu iki g\u00f6r\u00fc\u015fme; ama\u00e7, vizyon ve temsil a\u00e7\u0131s\u0131ndan birbirine z\u0131t iki \u00e7izgiyi simgelemektedir.<\/p>\n<ol>\n<li><strong>Resim: K\u00fcrt Ulusal Birli\u011fi ve K\u00fcrdistan\u2019\u0131n gelece\u011fi resmi <\/strong><\/li>\n<\/ol>\n<p style=\"text-align: justify\">17 Ocak ki ilk resmin mekan\u0131 Hewler\u2019di. Masan\u0131n bir taraf\u0131ndan K\u00fcrt heyeti vard\u0131. Ba\u015fkan Barzani\u2019nin solunda Ba\u015fbakan Mesrur Barzani, sa\u011f\u0131nda SDG Genel Komutan\u0131 Mazlum Abdi vard\u0131. ENKS lideri Muhammed \u0130smail, yine Rojava heyetinden Ronahi Efrin ve Rojhilat Efrin\u2019in de masan\u0131n K\u00fcrt cephesindeydi. Ba\u015fkan Barzani hem ev sahibi hem arabulucu hem K\u00fcrt temsilcisi olarak sahibi misyonla masada oturmu\u015ftu.<\/p>\n<p style=\"text-align: justify\">Partisel ayr\u0131mlar, ge\u00e7mi\u015f s\u00f6ylemler her \u015fey bir yana b\u0131rak\u0131lm\u0131\u015ft\u0131. Tart\u0131\u015f\u0131lan \u015fey Rojava\u2019n\u0131n gelece\u011fi yani 21. Y\u00fczy\u0131lda K\u00fcrtlerin kaderi meselesiydi.<\/p>\n<p style=\"text-align: justify\">Bu bulu\u015fma, par\u00e7a par\u00e7a edilmi\u015f K\u00fcrt co\u011frafyas\u0131n\u0131n ortak kaderine dair bir irade beyan\u0131d\u0131r, K\u00fcrtlerin Ulus olarak yok edilmeye kar\u015f\u0131 direni\u015finin resmidir.<\/p>\n<p style=\"text-align: justify\">Sadece K\u00fcrtler de\u011fil dost d\u00fc\u015fman herkes g\u00f6z\u00fcn\u00fc bu toplant\u0131ya dikmi\u015fti. Barzaniler anti-K\u00fcrt oyunu bozmaya \u00e7al\u0131\u015f\u0131yordu.\u00a0 Irak devleti Hewler\u2019in ve Barzani siyaset gelene\u011finin bu denli tarihi ve kritik bir noktada sorumluluk almas\u0131ndan rahats\u0131zd\u0131. T\u00fcrk devleti I\u015e\u0130D art\u0131klar\u0131 ile yapt\u0131klar\u0131 plan\u0131 bozuyor diye Ba\u015fkan Barzani\u2019den rahats\u0131zd\u0131. K\u00fcrtler 21. Y\u00fczy\u0131l\u0131 da 20 y\u00fczy\u0131l gibi ya\u015famak istemiyordu, Barzaniler buna \u00f6nc\u00fcl\u00fck ediyordu bu y\u00fczden Barzanilerden rahats\u0131zd\u0131lar, K\u00fcrtlerin bir araya gelmesinden rahats\u0131zd\u0131lar.<\/p>\n<p style=\"text-align: justify\">\u00d6te yandan S\u00fcleymaniye\u2019de yine Barzanilerden rahats\u0131z olanlar\u0131n resmi vard\u0131.<\/p>\n<ol>\n<li><strong>Resim: Anti-K\u00fcrt ittifak\u0131n\u0131n ayaklar\u0131 ve ihanetin resmi <\/strong><\/li>\n<\/ol>\n<p style=\"text-align: justify\">17 aral\u0131ktaki ikinci resmin mek\u00e2n\u0131 ise S\u00fcleymaniye\u2019idi. Resimde de iki ki\u015fi vard\u0131. Birincisi YNK\u2019nin tart\u0131\u015fmal\u0131 lideri Bafil Talabani, ikincisi ise Yeni Nesil adl\u0131 hareketin lideri \u015easwar \u00a0Abdulvahit.\u00a0 Bu iki ki\u015fi 1. Resim\u2019deki ulusal birlik ve K\u00fcrt Ulusal iradesinin temsilcisi Barzanileri h\u00fck\u00fcmet d\u0131\u015f\u0131nda tutmak i\u00e7in anla\u015fma yapt\u0131klar\u0131n\u0131 duyurmak i\u00e7in bir araya gelmi\u015ftiler.<\/p>\n<p style=\"text-align: justify\">\u015easuvar Abdulvahit 5 ayd\u0131r yolsuzluk ve para meselelerinden\u00a0 dolay\u0131 Bafel Talabani\u2019nin emri ile tutuklanm\u0131\u015ft\u0131. Olduk\u00e7a karanl\u0131k ve kabar\u0131k su\u00e7 dosyas\u0131 olan \u015easuwar\u2019a ceza evinde \u00e7ok iyi bak\u0131lm\u0131\u015f. \u00c7\u0131kt\u0131\u011f\u0131 zaman sa\u00e7lar boyal\u0131, k\u0131l\u0131k k\u0131yafeti baya\u011f\u0131 yerinde \u00e7\u0131kt\u0131. \u015easuwar normalde muhalif olan ve YNK\u2019yi ele\u015ftiren biriydi. Fakat Ekim ay\u0131nda yap\u0131lan se\u00e7imde \u00f6nce tutukland\u0131 ve partisi se\u00e7imde b\u00fcy\u00fck oy kaybetti. Anla\u015f\u0131lan \u015eahsuvar Abdulvahit\u2019in i\u00e7inde cinsel istismar, kayna\u011f\u0131 belirsiz kara para vb dosyalar\u0131n\u0131n t\u00fcm\u00fc kendisine g\u00f6sterilmi\u015f ve YNK ele\u015ftirilerinin t\u00fcm\u00fc geri \u00e7ekmi\u015f ve Bafil Talabani\u2019nin Erbil kar\u015f\u0131t\u0131 oyununda ba\u015f rol oynamaya karar vermi\u015fti.<br \/>\nBafil Talabani ise kendi iktidar\u0131 i\u00e7in YNK\u2019nin t\u00fcm eski kadrolar\u0131n\u0131 ekarte edip, muhaliflerin kellesini alan biri.<\/p>\n<p style=\"text-align: justify\">Yani 2. resimdeki ki\u015filerin sicilinde ulusall\u0131k, milli irade, K\u00fcrdistanilik ve K\u00fcrtl\u00fck yok. \u0130ki karanl\u0131k ki\u015fi, iki mafyavari ki\u015filik kendi madde ve iktidar alanlar\u0131n\u0131 korumak i\u00e7in bir araya gelmi\u015flerdir.\u00a0 Ayr\u0131ca bu ittifak\u0131 destekleyenlerde Hewler merkezli K\u00fcrt g\u00fc\u00e7lenmesini engellemek isteyenlerdir.<\/p>\n<p style=\"text-align: justify\">Yani 17 Aral\u0131k Cumartesi g\u00fcn\u00fc K\u00fcrtler K\u00fcrdistan tarihindeki iki olguyu g\u00f6rd\u00fcler. Hewler\u2019de Ba\u015fkan Barzani \u00f6nc\u00fcl\u00fc\u011f\u00fcndeki toplulukta K\u00fcrt milli duru\u015funu, K\u00fcrt birli\u011fini ve K\u00fcrtlerin kendini y\u00f6netme hakk\u0131 i\u00e7in bir araya geli\u015fini g\u00f6rd\u00fcler. Yani direni\u015f, umut ve birli\u011fi g\u00f6rd\u00fcler. S\u00fcleymaniye\u2019de ise tarihi K\u00fcrt ihanetinin, bencil dar \u00e7\u0131karlar i\u00e7in ulusu satanlar\u0131n ger\u00e7e\u011fini g\u00f6rd\u00fcler.<\/p>\n","protected":false},"excerpt":{"rendered":"<p>17 Ocak g\u00fcn\u00fc K\u00fcrtlerin yak\u0131n tarihinde s\u0131k s\u0131k an\u0131lan bir g\u00fcn olacak. \u00c7\u00fcnk\u00fc 17 Aral\u0131k Cumartesi g\u00fcn\u00fc K\u00fcrdistan\u2019da iki ayr\u0131 siyasi bulu\u015fma ya\u015fand\u0131. Bu iki ayr\u0131 bulu\u015fma K\u00fcrt siyasetinin hangi yol ayr\u0131m\u0131nda durdu\u011funu a\u00e7\u0131k bi\u00e7imde ortaya koymu\u015ftur. \u00a0Ayn\u0131 co\u011frafyada, ayn\u0131 g\u00fcn yap\u0131lan bu iki g\u00f6r\u00fc\u015fme; ama\u00e7, vizyon ve temsil a\u00e7\u0131s\u0131ndan birbirine z\u0131t iki \u00e7izgiyi simgelemektedir. [&hellip;]<\/p>\n","protected":false},"author":2,"featured_media":1036218,"comment_status":"closed","ping_status":"closed","sticky":false,"template":"","format":"standard","meta":{"footnotes":""},"categories":[7],"tags":[31],"class_list":["post-1036217","post","type-post","status-publish","format-standard","has-post-thumbnail","hentry","category-editorden","tag-onemli"],"blocksy_meta":[],"seo_head":"<!-- This site is optimized with the Yoast SEO plugin v27.5 - https:\/\/yoast.com\/product\/yoast-seo-wordpress\/ -->\n<title>Ayn\u0131 g\u00fcn de iki ayr\u0131 resim, iki ayr\u0131 ittifak iki ayr\u0131 ama\u00e7 iki ayr\u0131 strateji - Darka Mazi<\/title>\n<meta name=\"robots\" content=\"index, follow, max-snippet:-1, max-image-preview:large, max-video-preview:-1\" \/>\n<link rel=\"canonical\" href=\"https:\/\/darkamazi.site\/archives\/1036217\" \/>\n<meta property=\"og:locale\" content=\"en_US\" \/>\n<meta property=\"og:type\" content=\"article\" \/>\n<meta property=\"og:title\" content=\"Ayn\u0131 g\u00fcn de iki ayr\u0131 resim, iki ayr\u0131 ittifak iki ayr\u0131 ama\u00e7 iki ayr\u0131 strateji - Darka Mazi\" \/>\n<meta property=\"og:description\" content=\"17 Ocak g\u00fcn\u00fc K\u00fcrtlerin yak\u0131n tarihinde s\u0131k s\u0131k an\u0131lan bir g\u00fcn olacak. \u00c7\u00fcnk\u00fc 17 Aral\u0131k Cumartesi g\u00fcn\u00fc K\u00fcrdistan\u2019da iki ayr\u0131 siyasi bulu\u015fma ya\u015fand\u0131. Bu iki ayr\u0131 bulu\u015fma K\u00fcrt siyasetinin hangi yol ayr\u0131m\u0131nda durdu\u011funu a\u00e7\u0131k bi\u00e7imde ortaya koymu\u015ftur. \u00a0Ayn\u0131 co\u011frafyada, ayn\u0131 g\u00fcn yap\u0131lan bu iki g\u00f6r\u00fc\u015fme; ama\u00e7, vizyon ve temsil a\u00e7\u0131s\u0131ndan birbirine z\u0131t iki \u00e7izgiyi simgelemektedir. [&hellip;]\" \/>\n<meta property=\"og:url\" content=\"https:\/\/darkamazi.site\/archives\/1036217\" \/>\n<meta property=\"og:site_name\" content=\"Darka Mazi\" \/>\n<meta property=\"article:publisher\" content=\"https:\/\/www.facebook.com\/DarkaMaziturkce\" \/>\n<meta property=\"article:published_time\" content=\"2026-01-18T13:03:18+00:00\" \/>\n<meta property=\"og:image\" content=\"https:\/\/darkamazi.site\/file\/2026\/01\/du-wene-copy.jpg\" \/>\n\t<meta property=\"og:image:width\" content=\"900\" \/>\n\t<meta property=\"og:image:height\" content=\"475\" \/>\n\t<meta property=\"og:image:type\" content=\"image\/jpeg\" \/>\n<meta name=\"author\" content=\"darka mazi\" \/>\n<meta name=\"twitter:card\" content=\"summary_large_image\" \/>\n<meta name=\"twitter:creator\" content=\"@DarkaMaziTurkce\" \/>\n<meta name=\"twitter:site\" content=\"@DarkaMaziTurkce\" \/>\n<meta name=\"twitter:label1\" content=\"Written by\" \/>\n\t<meta name=\"twitter:data1\" content=\"darka mazi\" \/>\n\t<meta name=\"twitter:label2\" content=\"Est. reading time\" \/>\n\t<meta name=\"twitter:data2\" content=\"3 minutes\" \/>\n<script type=\"application\/ld+json\" class=\"seo-schema-graph\">{\"@context\":\"https:\\\/\\\/schema.org\",\"@graph\":[{\"@type\":\"NewsArticle\",\"@id\":\"https:\\\/\\\/darkamazi.site\\\/archives\\\/1036217#article\",\"isPartOf\":{\"@id\":\"https:\\\/\\\/darkamazi.site\\\/archives\\\/1036217\"},\"author\":{\"name\":\"darka mazi\",\"@id\":\"https:\\\/\\\/darkamazi.site\\\/#\\\/schema\\\/person\\\/67986a95ac546c16760365877ef4a9d3\"},\"headline\":\"Ayn\u0131 g\u00fcn de iki ayr\u0131 resim, iki ayr\u0131 ittifak iki ayr\u0131 ama\u00e7 iki ayr\u0131 strateji\",\"datePublished\":\"2026-01-18T13:03:18+00:00\",\"mainEntityOfPage\":{\"@id\":\"https:\\\/\\\/darkamazi.site\\\/archives\\\/1036217\"},\"wordCount\":705,\"publisher\":{\"@id\":\"https:\\\/\\\/darkamazi.site\\\/#organization\"},\"image\":{\"@id\":\"https:\\\/\\\/darkamazi.site\\\/archives\\\/1036217#primaryimage\"},\"thumbnailUrl\":\"https:\\\/\\\/darkamazi.site\\\/darka-content\\\/uploads\\\/2026\\\/01\\\/du-wene-copy.jpg\",\"keywords\":[\"\u00f6nemli\"],\"articleSection\":[\"Edit\u00f6rden\"],\"inLanguage\":\"en-US\"},{\"@type\":\"WebPage\",\"@id\":\"https:\\\/\\\/darkamazi.site\\\/archives\\\/1036217\",\"url\":\"https:\\\/\\\/darkamazi.site\\\/archives\\\/1036217\",\"name\":\"Ayn\u0131 g\u00fcn de iki ayr\u0131 resim, iki ayr\u0131 ittifak iki ayr\u0131 ama\u00e7 iki ayr\u0131 strateji - Darka Mazi\",\"isPartOf\":{\"@id\":\"https:\\\/\\\/darkamazi.site\\\/#website\"},\"primaryImageOfPage\":{\"@id\":\"https:\\\/\\\/darkamazi.site\\\/archives\\\/1036217#primaryimage\"},\"image\":{\"@id\":\"https:\\\/\\\/darkamazi.site\\\/archives\\\/1036217#primaryimage\"},\"thumbnailUrl\":\"https:\\\/\\\/darkamazi.site\\\/darka-content\\\/uploads\\\/2026\\\/01\\\/du-wene-copy.jpg\",\"datePublished\":\"2026-01-18T13:03:18+00:00\",\"breadcrumb\":{\"@id\":\"https:\\\/\\\/darkamazi.site\\\/archives\\\/1036217#breadcrumb\"},\"inLanguage\":\"en-US\",\"potentialAction\":[{\"@type\":\"ReadAction\",\"target\":[\"https:\\\/\\\/darkamazi.site\\\/archives\\\/1036217\"]}]},{\"@type\":\"ImageObject\",\"inLanguage\":\"en-US\",\"@id\":\"https:\\\/\\\/darkamazi.site\\\/archives\\\/1036217#primaryimage\",\"url\":\"https:\\\/\\\/darkamazi.site\\\/darka-content\\\/uploads\\\/2026\\\/01\\\/du-wene-copy.jpg\",\"contentUrl\":\"https:\\\/\\\/darkamazi.site\\\/darka-content\\\/uploads\\\/2026\\\/01\\\/du-wene-copy.jpg\",\"width\":900,\"height\":475,\"caption\":\"Ayn\u0131 g\u00fcn de iki ayr\u0131 resim, iki ayr\u0131 ittifak iki ayr\u0131 ama\u00e7 iki ayr\u0131 strateji\"},{\"@type\":\"BreadcrumbList\",\"@id\":\"https:\\\/\\\/darkamazi.site\\\/archives\\\/1036217#breadcrumb\",\"itemListElement\":[{\"@type\":\"ListItem\",\"position\":1,\"name\":\"Home\",\"item\":\"https:\\\/\\\/darkamazi.site\\\/\"},{\"@type\":\"ListItem\",\"position\":2,\"name\":\"Ayn\u0131 g\u00fcn de iki ayr\u0131 resim, iki ayr\u0131 ittifak iki ayr\u0131 ama\u00e7 iki ayr\u0131 strateji\"}]},{\"@type\":\"WebSite\",\"@id\":\"https:\\\/\\\/darkamazi.site\\\/#website\",\"url\":\"https:\\\/\\\/darkamazi.site\\\/\",\"name\":\"Darka Mazi\",\"description\":\"Ana Sayfa\",\"publisher\":{\"@id\":\"https:\\\/\\\/darkamazi.site\\\/#organization\"},\"potentialAction\":[{\"@type\":\"SearchAction\",\"target\":{\"@type\":\"EntryPoint\",\"urlTemplate\":\"https:\\\/\\\/darkamazi.site\\\/?s={search_term_string}\"},\"query-input\":{\"@type\":\"PropertyValueSpecification\",\"valueRequired\":true,\"valueName\":\"search_term_string\"}}],\"inLanguage\":\"en-US\"},{\"@type\":\"Organization\",\"@id\":\"https:\\\/\\\/darkamazi.site\\\/#organization\",\"name\":\"Darka Mazi T\u00fcrk\u00e7e\",\"alternateName\":\"Darka Mazi\",\"url\":\"https:\\\/\\\/darkamazi.site\\\/\",\"logo\":{\"@type\":\"ImageObject\",\"inLanguage\":\"en-US\",\"@id\":\"https:\\\/\\\/darkamazi.site\\\/#\\\/schema\\\/logo\\\/image\\\/\",\"url\":\"https:\\\/\\\/darkamazi.site\\\/darka-content\\\/uploads\\\/2017\\\/12\\\/darka-mazi-logo.png\",\"contentUrl\":\"https:\\\/\\\/darkamazi.site\\\/darka-content\\\/uploads\\\/2017\\\/12\\\/darka-mazi-logo.png\",\"width\":151,\"height\":75,\"caption\":\"Darka Mazi T\u00fcrk\u00e7e\"},\"image\":{\"@id\":\"https:\\\/\\\/darkamazi.site\\\/#\\\/schema\\\/logo\\\/image\\\/\"},\"sameAs\":[\"https:\\\/\\\/www.facebook.com\\\/DarkaMaziturkce\",\"https:\\\/\\\/x.com\\\/DarkaMaziTurkce\"]},{\"@type\":\"Person\",\"@id\":\"https:\\\/\\\/darkamazi.site\\\/#\\\/schema\\\/person\\\/67986a95ac546c16760365877ef4a9d3\",\"name\":\"darka mazi\",\"sameAs\":[\"https:\\\/\\\/darkamazi.site\"],\"url\":\"https:\\\/\\\/darkamazi.site\\\/archives\\\/author\\\/turkish\"}]}<\/script>\n<!-- \/ Yoast SEO plugin. -->","seo_head_json":{"title":"Ayn\u0131 g\u00fcn de iki ayr\u0131 resim, iki ayr\u0131 ittifak iki ayr\u0131 ama\u00e7 iki ayr\u0131 strateji - Darka Mazi","robots":{"index":"index","follow":"follow","max-snippet":"max-snippet:-1","max-image-preview":"max-image-preview:large","max-video-preview":"max-video-preview:-1"},"canonical":"https:\/\/darkamazi.site\/archives\/1036217","og_locale":"en_US","og_type":"article","og_title":"Ayn\u0131 g\u00fcn de iki ayr\u0131 resim, iki ayr\u0131 ittifak iki ayr\u0131 ama\u00e7 iki ayr\u0131 strateji - Darka Mazi","og_description":"17 Ocak g\u00fcn\u00fc K\u00fcrtlerin yak\u0131n tarihinde s\u0131k s\u0131k an\u0131lan bir g\u00fcn olacak. \u00c7\u00fcnk\u00fc 17 Aral\u0131k Cumartesi g\u00fcn\u00fc K\u00fcrdistan\u2019da iki ayr\u0131 siyasi bulu\u015fma ya\u015fand\u0131. Bu iki ayr\u0131 bulu\u015fma K\u00fcrt siyasetinin hangi yol ayr\u0131m\u0131nda durdu\u011funu a\u00e7\u0131k bi\u00e7imde ortaya koymu\u015ftur. \u00a0Ayn\u0131 co\u011frafyada, ayn\u0131 g\u00fcn yap\u0131lan bu iki g\u00f6r\u00fc\u015fme; ama\u00e7, vizyon ve temsil a\u00e7\u0131s\u0131ndan birbirine z\u0131t iki \u00e7izgiyi simgelemektedir. [&hellip;]","og_url":"https:\/\/darkamazi.site\/archives\/1036217","og_site_name":"Darka Mazi","article_publisher":"https:\/\/www.facebook.com\/DarkaMaziturkce","article_published_time":"2026-01-18T13:03:18+00:00","og_image":[{"width":900,"height":475,"url":"https:\/\/darkamazi.site\/file\/2026\/01\/du-wene-copy.jpg","type":"image\/jpeg"}],"author":"darka mazi","twitter_card":"summary_large_image","twitter_creator":"@DarkaMaziTurkce","twitter_site":"@DarkaMaziTurkce","twitter_misc":{"Written by":"darka mazi","Est. reading time":"3 minutes"},"schema":{"@context":"https:\/\/schema.org","@graph":[{"@type":"NewsArticle","@id":"https:\/\/darkamazi.site\/archives\/1036217#article","isPartOf":{"@id":"https:\/\/darkamazi.site\/archives\/1036217"},"author":{"name":"darka mazi","@id":"https:\/\/darkamazi.site\/#\/schema\/person\/67986a95ac546c16760365877ef4a9d3"},"headline":"Ayn\u0131 g\u00fcn de iki ayr\u0131 resim, iki ayr\u0131 ittifak iki ayr\u0131 ama\u00e7 iki ayr\u0131 strateji","datePublished":"2026-01-18T13:03:18+00:00","mainEntityOfPage":{"@id":"https:\/\/darkamazi.site\/archives\/1036217"},"wordCount":705,"publisher":{"@id":"https:\/\/darkamazi.site\/#organization"},"image":{"@id":"https:\/\/darkamazi.site\/archives\/1036217#primaryimage"},"thumbnailUrl":"https:\/\/darkamazi.site\/file\/2026\/01\/du-wene-copy.jpg","keywords":["\u00f6nemli"],"articleSection":["Edit\u00f6rden"],"inLanguage":"en-US"},{"@type":"WebPage","@id":"https:\/\/darkamazi.site\/archives\/1036217","url":"https:\/\/darkamazi.site\/archives\/1036217","name":"Ayn\u0131 g\u00fcn de iki ayr\u0131 resim, iki ayr\u0131 ittifak iki ayr\u0131 ama\u00e7 iki ayr\u0131 strateji - Darka Mazi","isPartOf":{"@id":"https:\/\/darkamazi.site\/#website"},"primaryImageOfPage":{"@id":"https:\/\/darkamazi.site\/archives\/1036217#primaryimage"},"image":{"@id":"https:\/\/darkamazi.site\/archives\/1036217#primaryimage"},"thumbnailUrl":"https:\/\/darkamazi.site\/file\/2026\/01\/du-wene-copy.jpg","datePublished":"2026-01-18T13:03:18+00:00","breadcrumb":{"@id":"https:\/\/darkamazi.site\/archives\/1036217#breadcrumb"},"inLanguage":"en-US","potentialAction":[{"@type":"ReadAction","target":["https:\/\/darkamazi.site\/archives\/1036217"]}]},{"@type":"ImageObject","inLanguage":"en-US","@id":"https:\/\/darkamazi.site\/archives\/1036217#primaryimage","url":"https:\/\/darkamazi.site\/file\/2026\/01\/du-wene-copy.jpg","contentUrl":"https:\/\/darkamazi.site\/file\/2026\/01\/du-wene-copy.jpg","width":900,"height":475,"caption":"Ayn\u0131 g\u00fcn de iki ayr\u0131 resim, iki ayr\u0131 ittifak iki ayr\u0131 ama\u00e7 iki ayr\u0131 strateji"},{"@type":"BreadcrumbList","@id":"https:\/\/darkamazi.site\/archives\/1036217#breadcrumb","itemListElement":[{"@type":"ListItem","position":1,"name":"Home","item":"https:\/\/darkamazi.site\/"},{"@type":"ListItem","position":2,"name":"Ayn\u0131 g\u00fcn de iki ayr\u0131 resim, iki ayr\u0131 ittifak iki ayr\u0131 ama\u00e7 iki ayr\u0131 strateji"}]},{"@type":"WebSite","@id":"https:\/\/darkamazi.site\/#website","url":"https:\/\/darkamazi.site\/","name":"Darka Mazi","description":"Ana Sayfa","publisher":{"@id":"https:\/\/darkamazi.site\/#organization"},"potentialAction":[{"@type":"SearchAction","target":{"@type":"EntryPoint","urlTemplate":"https:\/\/darkamazi.site\/?s={search_term_string}"},"query-input":{"@type":"PropertyValueSpecification","valueRequired":true,"valueName":"search_term_string"}}],"inLanguage":"en-US"},{"@type":"Organization","@id":"https:\/\/darkamazi.site\/#organization","name":"Darka Mazi T\u00fcrk\u00e7e","alternateName":"Darka Mazi","url":"https:\/\/darkamazi.site\/","logo":{"@type":"ImageObject","inLanguage":"en-US","@id":"https:\/\/darkamazi.site\/#\/schema\/logo\/image\/","url":"https:\/\/darkamazi.site\/file\/2017\/12\/darka-mazi-logo.png","contentUrl":"https:\/\/darkamazi.site\/file\/2017\/12\/darka-mazi-logo.png","width":151,"height":75,"caption":"Darka Mazi T\u00fcrk\u00e7e"},"image":{"@id":"https:\/\/darkamazi.site\/#\/schema\/logo\/image\/"},"sameAs":["https:\/\/www.facebook.com\/DarkaMaziturkce","https:\/\/x.com\/DarkaMaziTurkce"]},{"@type":"Person","@id":"https:\/\/darkamazi.site\/#\/schema\/person\/67986a95ac546c16760365877ef4a9d3","name":"darka mazi","sameAs":["https:\/\/darkamazi.site"],"url":"https:\/\/darkamazi.site\/archives\/author\/turkish"}]}},"_links":{"self":[{"href":"https:\/\/darkamazi.site\/funavuv\/wp\/v2\/posts\/1036217","targetHints":{"allow":["GET"]}}],"collection":[{"href":"https:\/\/darkamazi.site\/funavuv\/wp\/v2\/posts"}],"about":[{"href":"https:\/\/darkamazi.site\/funavuv\/wp\/v2\/types\/post"}],"author":[{"embeddable":true,"href":"https:\/\/darkamazi.site\/funavuv\/wp\/v2\/users\/2"}],"replies":[{"embeddable":true,"href":"https:\/\/darkamazi.site\/funavuv\/wp\/v2\/comments?post=1036217"}],"version-history":[{"count":0,"href":"https:\/\/darkamazi.site\/funavuv\/wp\/v2\/posts\/1036217\/revisions"}],"wp:featuredmedia":[{"embeddable":true,"href":"https:\/\/darkamazi.site\/funavuv\/wp\/v2\/media\/1036218"}],"wp:attachment":[{"href":"https:\/\/darkamazi.site\/funavuv\/wp\/v2\/media?parent=1036217"}],"wp:term":[{"taxonomy":"category","embeddable":true,"href":"https:\/\/darkamazi.site\/funavuv\/wp\/v2\/categories?post=1036217"},{"taxonomy":"post_tag","embeddable":true,"href":"https:\/\/darkamazi.site\/funavuv\/wp\/v2\/tags?post=1036217"}],"curies":[{"name":"wp","href":"https:\/\/api.w.org\/{rel}","templated":true}]}}