{"id":1036224,"date":"2026-01-18T16:53:01","date_gmt":"2026-01-18T13:53:01","guid":{"rendered":"https:\/\/darkamazi.site\/?p=1036224"},"modified":"2026-01-18T16:53:01","modified_gmt":"2026-01-18T13:53:01","slug":"saranin-mazlum-abdiye-12-maddelik-bir-oneri-taslagi-sundugu-iddia-edildi","status":"publish","type":"post","link":"https:\/\/darkamazi.site\/archives\/1036224","title":{"rendered":"\u015eara&#8217;n\u0131n, Mazlum Abdi&#8217;ye 12 maddelik bir \u00f6neri tasla\u011f\u0131 sundu\u011fu  iddia edildi"},"content":{"rendered":"<p style=\"text-align: justify\">Demokratik Suriye G\u00fc\u00e7leri (DSG) Genel Komutan\u0131 Mazlum Abdi&#8217;nin, Suriye Cumhurba\u015fkan\u0131 Ahmed \u015eara ve ABD\u2019nin Suriye \u00d6zel Temsilcisi Tom Barrack ile yap\u0131lacak \u00fc\u00e7l\u00fc toplant\u0131ya kat\u0131lmak \u00fczere \u015eam&#8217;a gitti\u011fi \u00f6ne s\u00fcr\u00fclm\u00fc\u015ft\u00fc. Fakat daha sonra Abdi&#8217;nin \u015eam&#8217;a gitmedi\u011fi sadece telefonda g\u00f6r\u00fc\u015ft\u00fc\u011f\u00fc belirtildi.<\/p>\n<p style=\"text-align: justify\">ABD Temsilcisi Tom Barrack\u2019\u0131n bug\u00fcn \u015eam\u2019da Ahmed \u015eara ile bir araya gelmesi bekleniyor.<\/p>\n<p style=\"text-align: justify\">G\u00f6r\u00fc\u015fmeden R\u00fbdaw\u2019a konu\u015fan DSG\u2019den \u00fcst d\u00fczey bir kaynak, Mazlum Abdi\u2019nin \u201cekibi ile birlikte\u201d \u015eam\u2019a gitti\u011fini s\u00f6yledi.<\/p>\n<p style=\"text-align: justify\">Ancak R\u00fbdaw\u2019a konu\u015fan \u00d6zerk Y\u00f6netim&#8217;den ba\u015fka bir kaynak ise, Abdi\u2019nin \u015eam\u2019a gitmedi\u011fini, \u015eara ile telefonda g\u00f6r\u00fc\u015ft\u00fc\u011f\u00fcn\u00fc bildirdi.<\/p>\n<p style=\"text-align: justify\">Mazlum Abdi ile Ahmed \u015eara\u2019n\u0131n g\u00f6r\u00fc\u015fme s\u0131ras\u0131nda, \u00e7at\u0131\u015fmalar\u0131n durdurulmas\u0131 ve durumun istikrara kavu\u015fturulmas\u0131 konusunu g\u00f6r\u00fc\u015ft\u00fc\u011f\u00fc kaydedildi.<\/p>\n<p style=\"text-align: justify\">R\u00fbdaw\u2019\u0131n ula\u015ft\u0131\u011f\u0131 \u00f6zel bilgilere g\u00f6re, Suriye D\u0131\u015fi\u015fleri Bakan\u0131 Esad \u015eabani, DSG\u2019ye kapsaml\u0131 bir teklif paketi g\u00f6nderdi.<\/p>\n<p style=\"text-align: justify\">Mazlum Abdi ile \u015eara\u2019n\u0131n \u00f6n\u00fcm\u00fczdeki g\u00fcnlerde resmi bir ate\u015fkes ilan edilmesi ve Mazlum Abdi\u2019nin somut m\u00fczakereler i\u00e7in \u015eam\u2019\u0131 ziyaret etmesi bekleniyor.<\/p>\n<p style=\"text-align: justify\"><strong>Erbil\u2019de kritik toplant\u0131<\/strong><\/p>\n<p style=\"text-align: justify\">Mazlum Abdi d\u00fcn Rojava \u00d6zerk Y\u00f6netim heyeti ile ba\u015fkent Erbil\u2019de gelmi\u015f, Ba\u015fkan Mesud Barzani ve ABD\u2019nin Suriye \u00d6zel Temsilcisi Tom Barrack ile g\u00f6r\u00fc\u015fm\u00fc\u015ft\u00fc.<\/p>\n<p style=\"text-align: justify\">Ba\u015fkan Barzani\u2019nin ofisinde ger\u00e7ekle\u015fen g\u00f6r\u00fc\u015fmeye Ba\u015fbakan Mesrur Barzani de kat\u0131lm\u0131\u015ft\u0131.<\/p>\n<p style=\"text-align: justify\"><strong>Ne\u00e7irvan Barzani\u2019nin rol\u00fc<\/strong><\/p>\n<p style=\"text-align: justify\">Bu \u00fcst d\u00fczey diplomatik temas, K\u00fcrdistan B\u00f6lgesi Ba\u015fkan\u0131 Ne\u00e7irvan Barzani\u2019nin haz\u0131rl\u0131klar\u0131 ve koordinasyonu neticesinde organize edildi.<\/p>\n<p style=\"text-align: justify\">Mazlum Abdi ve \u00d6zel Temsilci Tom Barrack ayr\u0131ca ak\u015fam ak\u015fam saatlerinde Ba\u015fkan Ne\u00e7irvan Barzani ile de bir araya geldi.<\/p>\n<p style=\"text-align: justify\"><strong>\u015eam\u2019\u0131n 12 maddelik yeni \u00f6neri sundu\u011fu iddias\u0131<\/strong><\/p>\n<p style=\"text-align: justify\">\u00d6te yandan Londra merkezli Al-Majalla\u2019n\u0131n haberine g\u00f6re, Suriye h\u00fck\u00fcmeti, \u015eara ile Mazlum Abdi aras\u0131nda 10 Mart\u2019ta var\u0131lan anla\u015fmay\u0131 uygulamak i\u00e7in 12 maddelik yeni bir yol haritas\u0131 sundu.<\/p>\n<p style=\"text-align: justify\">Plan; enerji kaynaklar\u0131n\u0131n tesliminden Rakka ve Deyrizor\u2019dan \u00e7ekilmeye, Mazlum Abdi\u2019nin vali atanmas\u0131ndan orduya bireysel kat\u0131l\u0131ma kadar kritik \u015fartlar i\u00e7eriyor.<\/p>\n<p style=\"text-align: justify\">Belirli bir takvime ba\u011flanan 12 maddelik plan\u0131n \u00f6ne \u00e7\u0131kan ba\u015fl\u0131klar\u0131 \u015funlar:<\/p>\n<p style=\"text-align: justify\"><strong>Orduya kat\u0131l\u0131m:<\/strong>\u00a0DSG\u2019nin talep etti\u011fi gibi birlik veya tugay halinde de\u011fil, &#8220;bireysel&#8221; olarak Suriye ordusuna kat\u0131lmas\u0131.<\/p>\n<p style=\"text-align: justify\"><strong>S\u0131n\u0131r kap\u0131lar\u0131:<\/strong>\u00a0Irak ve T\u00fcrkiye s\u0131n\u0131r\u0131ndaki t\u00fcm g\u00fcmr\u00fck ve s\u0131n\u0131r kap\u0131lar\u0131n\u0131n \u015eam y\u00f6netimine devredilmesi.<\/p>\n<p style=\"text-align: justify\"><strong>S\u0131n\u0131r g\u00fcvenli\u011fi:<\/strong>\u00a0T\u00fcrkiye ve Irak s\u0131n\u0131r hatt\u0131n\u0131n tamamen Auriye Arap Ordusu\u2019na teslim edilmesi.<\/p>\n<p style=\"text-align: justify\"><strong>Arap b\u00f6lgelerinden \u00e7ekilme:<\/strong>\u00a0Arap n\u00fcfusun \u00e7o\u011funlukta oldu\u011fu Deyrezor ve Rakka vilayetlerinden DSG\u2019nin tamamen \u00e7ekilmesi.<\/p>\n<p style=\"text-align: justify\"><strong>Enerji kaynaklar\u0131:<\/strong>\u00a0T\u00fcm petrol ve gaz yataklar\u0131 ile tesislerinin \u015eam y\u00f6netimine teslimi.<\/p>\n<p style=\"text-align: justify\"><strong>Su ve barajlar:<\/strong>\u00a0Barajlar\u0131n ve su tesislerinin kontrol\u00fcn\u00fcn merkezi h\u00fck\u00fcmete verilmesi.<\/p>\n<p style=\"text-align: justify\"><strong>Haseke y\u00f6netimi:<\/strong>\u00a0Haseke vilayetinde \u015eam ve yerel y\u00f6netim aras\u0131nda &#8220;ortak idare&#8221; kurulmas\u0131.<\/p>\n<p style=\"text-align: justify\"><strong>Valilik teklifi:<\/strong>\u00a0DSG Genel Komutan\u0131 Mazlum Abdi\u2019nin Haseke Valisi olarak atanmas\u0131.<\/p>\n<p style=\"text-align: justify\"><strong>H\u00fck\u00fcmette temsil:<\/strong>\u00a0Savunma ve \u0130\u00e7i\u015fleri Bakan Yard\u0131mc\u0131l\u0131\u011f\u0131 gibi belirli \u00fcst d\u00fczey h\u00fck\u00fcmet makamlar\u0131n\u0131n K\u00fcrt temsilcilere verilmesi.<\/p>\n<p style=\"text-align: justify\"><strong>Siyasi kat\u0131l\u0131m:<\/strong>\u00a0K\u00fcrt temsilcilerin Suriye Parlamentosu\u2019na kat\u0131lmas\u0131na olanak tan\u0131nmas\u0131.<\/p>\n<p style=\"text-align: justify\"><strong>Haklar\u0131n tan\u0131nmas\u0131:<\/strong>\u00a0Cumhurba\u015fkan\u0131 \u015eara\u2019n\u0131n ge\u00e7ti\u011fimiz g\u00fcnlerde \u00e7\u0131kard\u0131\u011f\u0131 kararname uyar\u0131nca K\u00fcrt haklar\u0131n\u0131n resmen tan\u0131nmas\u0131n\u0131n teyit edilmesi.<\/p>\n<p style=\"text-align: justify\">\u00d6te yandan gazeteci Amberin Zaman, Mazlum Abdi&#8217;nin s\u00f6z konusu teklifi kabul etmedi\u011fini bildirdi.<\/p>\n<p style=\"text-align: justify\">\u00d6te yandan \u015eara\u2019n\u0131n sal\u0131 g\u00fcn\u00fc Berlin\u2019i ziyaret edece\u011fi ve ard\u0131ndan Davos\u2019a ge\u00e7ece\u011fi bildirildi.<\/p>\n","protected":false},"excerpt":{"rendered":"<p>Demokratik Suriye G\u00fc\u00e7leri (DSG) Genel Komutan\u0131 Mazlum Abdi&#8217;nin, Suriye Cumhurba\u015fkan\u0131 Ahmed \u015eara ve ABD\u2019nin Suriye \u00d6zel Temsilcisi Tom Barrack ile yap\u0131lacak \u00fc\u00e7l\u00fc toplant\u0131ya kat\u0131lmak \u00fczere \u015eam&#8217;a gitti\u011fi \u00f6ne s\u00fcr\u00fclm\u00fc\u015ft\u00fc. Fakat daha sonra Abdi&#8217;nin \u015eam&#8217;a gitmedi\u011fi sadece telefonda g\u00f6r\u00fc\u015ft\u00fc\u011f\u00fc belirtildi. ABD Temsilcisi Tom Barrack\u2019\u0131n bug\u00fcn \u015eam\u2019da Ahmed \u015eara ile bir araya gelmesi bekleniyor. G\u00f6r\u00fc\u015fmeden R\u00fbdaw\u2019a konu\u015fan [&hellip;]<\/p>\n","protected":false},"author":2,"featured_media":1036225,"comment_status":"closed","ping_status":"closed","sticky":false,"template":"","format":"standard","meta":{"footnotes":""},"categories":[3],"tags":[31],"class_list":["post-1036224","post","type-post","status-publish","format-standard","has-post-thumbnail","hentry","category-kurdistan","tag-onemli"],"blocksy_meta":[],"seo_head":"<!-- This site is optimized with the Yoast SEO plugin v27.5 - https:\/\/yoast.com\/product\/yoast-seo-wordpress\/ -->\n<title>\u015eara&#039;n\u0131n, Mazlum Abdi&#039;ye 12 maddelik bir \u00f6neri tasla\u011f\u0131 sundu\u011fu iddia edildi - Darka Mazi<\/title>\n<meta name=\"robots\" content=\"index, follow, max-snippet:-1, max-image-preview:large, max-video-preview:-1\" \/>\n<link rel=\"canonical\" href=\"https:\/\/darkamazi.site\/archives\/1036224\" \/>\n<meta property=\"og:locale\" content=\"en_US\" \/>\n<meta property=\"og:type\" content=\"article\" \/>\n<meta property=\"og:title\" content=\"\u015eara&#039;n\u0131n, Mazlum Abdi&#039;ye 12 maddelik bir \u00f6neri tasla\u011f\u0131 sundu\u011fu iddia edildi - Darka Mazi\" \/>\n<meta property=\"og:description\" content=\"Demokratik Suriye G\u00fc\u00e7leri (DSG) Genel Komutan\u0131 Mazlum Abdi&#8217;nin, Suriye Cumhurba\u015fkan\u0131 Ahmed \u015eara ve ABD\u2019nin Suriye \u00d6zel Temsilcisi Tom Barrack ile yap\u0131lacak \u00fc\u00e7l\u00fc toplant\u0131ya kat\u0131lmak \u00fczere \u015eam&#8217;a gitti\u011fi \u00f6ne s\u00fcr\u00fclm\u00fc\u015ft\u00fc. Fakat daha sonra Abdi&#8217;nin \u015eam&#8217;a gitmedi\u011fi sadece telefonda g\u00f6r\u00fc\u015ft\u00fc\u011f\u00fc belirtildi. ABD Temsilcisi Tom Barrack\u2019\u0131n bug\u00fcn \u015eam\u2019da Ahmed \u015eara ile bir araya gelmesi bekleniyor. G\u00f6r\u00fc\u015fmeden R\u00fbdaw\u2019a konu\u015fan [&hellip;]\" \/>\n<meta property=\"og:url\" content=\"https:\/\/darkamazi.site\/archives\/1036224\" \/>\n<meta property=\"og:site_name\" content=\"Darka Mazi\" \/>\n<meta property=\"article:publisher\" content=\"https:\/\/www.facebook.com\/DarkaMaziturkce\" \/>\n<meta property=\"article:published_time\" content=\"2026-01-18T13:53:01+00:00\" \/>\n<meta property=\"og:image\" content=\"https:\/\/darkamazi.site\/file\/2026\/01\/Abdi-Mazlum-and-Sara.jpg\" \/>\n\t<meta property=\"og:image:width\" content=\"900\" \/>\n\t<meta property=\"og:image:height\" content=\"500\" \/>\n\t<meta property=\"og:image:type\" content=\"image\/jpeg\" \/>\n<meta name=\"author\" content=\"darka mazi\" \/>\n<meta name=\"twitter:card\" content=\"summary_large_image\" \/>\n<meta name=\"twitter:creator\" content=\"@DarkaMaziTurkce\" \/>\n<meta name=\"twitter:site\" content=\"@DarkaMaziTurkce\" \/>\n<meta name=\"twitter:label1\" content=\"Written by\" \/>\n\t<meta name=\"twitter:data1\" content=\"darka mazi\" \/>\n\t<meta name=\"twitter:label2\" content=\"Est. reading time\" \/>\n\t<meta name=\"twitter:data2\" content=\"3 minutes\" \/>\n<script type=\"application\/ld+json\" class=\"seo-schema-graph\">{\"@context\":\"https:\\\/\\\/schema.org\",\"@graph\":[{\"@type\":\"NewsArticle\",\"@id\":\"https:\\\/\\\/darkamazi.site\\\/archives\\\/1036224#article\",\"isPartOf\":{\"@id\":\"https:\\\/\\\/darkamazi.site\\\/archives\\\/1036224\"},\"author\":{\"name\":\"darka mazi\",\"@id\":\"https:\\\/\\\/darkamazi.site\\\/#\\\/schema\\\/person\\\/67986a95ac546c16760365877ef4a9d3\"},\"headline\":\"\u015eara&#8217;n\u0131n, Mazlum Abdi&#8217;ye 12 maddelik bir \u00f6neri tasla\u011f\u0131 sundu\u011fu iddia edildi\",\"datePublished\":\"2026-01-18T13:53:01+00:00\",\"mainEntityOfPage\":{\"@id\":\"https:\\\/\\\/darkamazi.site\\\/archives\\\/1036224\"},\"wordCount\":677,\"publisher\":{\"@id\":\"https:\\\/\\\/darkamazi.site\\\/#organization\"},\"image\":{\"@id\":\"https:\\\/\\\/darkamazi.site\\\/archives\\\/1036224#primaryimage\"},\"thumbnailUrl\":\"https:\\\/\\\/darkamazi.site\\\/darka-content\\\/uploads\\\/2026\\\/01\\\/Abdi-Mazlum-and-Sara.jpg\",\"keywords\":[\"\u00f6nemli\"],\"articleSection\":[\"Kurdistan\"],\"inLanguage\":\"en-US\"},{\"@type\":\"WebPage\",\"@id\":\"https:\\\/\\\/darkamazi.site\\\/archives\\\/1036224\",\"url\":\"https:\\\/\\\/darkamazi.site\\\/archives\\\/1036224\",\"name\":\"\u015eara'n\u0131n, Mazlum Abdi'ye 12 maddelik bir \u00f6neri tasla\u011f\u0131 sundu\u011fu iddia edildi - Darka Mazi\",\"isPartOf\":{\"@id\":\"https:\\\/\\\/darkamazi.site\\\/#website\"},\"primaryImageOfPage\":{\"@id\":\"https:\\\/\\\/darkamazi.site\\\/archives\\\/1036224#primaryimage\"},\"image\":{\"@id\":\"https:\\\/\\\/darkamazi.site\\\/archives\\\/1036224#primaryimage\"},\"thumbnailUrl\":\"https:\\\/\\\/darkamazi.site\\\/darka-content\\\/uploads\\\/2026\\\/01\\\/Abdi-Mazlum-and-Sara.jpg\",\"datePublished\":\"2026-01-18T13:53:01+00:00\",\"breadcrumb\":{\"@id\":\"https:\\\/\\\/darkamazi.site\\\/archives\\\/1036224#breadcrumb\"},\"inLanguage\":\"en-US\",\"potentialAction\":[{\"@type\":\"ReadAction\",\"target\":[\"https:\\\/\\\/darkamazi.site\\\/archives\\\/1036224\"]}]},{\"@type\":\"ImageObject\",\"inLanguage\":\"en-US\",\"@id\":\"https:\\\/\\\/darkamazi.site\\\/archives\\\/1036224#primaryimage\",\"url\":\"https:\\\/\\\/darkamazi.site\\\/darka-content\\\/uploads\\\/2026\\\/01\\\/Abdi-Mazlum-and-Sara.jpg\",\"contentUrl\":\"https:\\\/\\\/darkamazi.site\\\/darka-content\\\/uploads\\\/2026\\\/01\\\/Abdi-Mazlum-and-Sara.jpg\",\"width\":900,\"height\":500,\"caption\":\"Mazlum Abdi'ye 12 maddelik bir \u00f6neri tasla\u011f\u0131 sunuldu\u011fu iddia edildi\"},{\"@type\":\"BreadcrumbList\",\"@id\":\"https:\\\/\\\/darkamazi.site\\\/archives\\\/1036224#breadcrumb\",\"itemListElement\":[{\"@type\":\"ListItem\",\"position\":1,\"name\":\"Home\",\"item\":\"https:\\\/\\\/darkamazi.site\\\/\"},{\"@type\":\"ListItem\",\"position\":2,\"name\":\"\u015eara&#8217;n\u0131n, Mazlum Abdi&#8217;ye 12 maddelik bir \u00f6neri tasla\u011f\u0131 sundu\u011fu iddia edildi\"}]},{\"@type\":\"WebSite\",\"@id\":\"https:\\\/\\\/darkamazi.site\\\/#website\",\"url\":\"https:\\\/\\\/darkamazi.site\\\/\",\"name\":\"Darka Mazi\",\"description\":\"Ana Sayfa\",\"publisher\":{\"@id\":\"https:\\\/\\\/darkamazi.site\\\/#organization\"},\"potentialAction\":[{\"@type\":\"SearchAction\",\"target\":{\"@type\":\"EntryPoint\",\"urlTemplate\":\"https:\\\/\\\/darkamazi.site\\\/?s={search_term_string}\"},\"query-input\":{\"@type\":\"PropertyValueSpecification\",\"valueRequired\":true,\"valueName\":\"search_term_string\"}}],\"inLanguage\":\"en-US\"},{\"@type\":\"Organization\",\"@id\":\"https:\\\/\\\/darkamazi.site\\\/#organization\",\"name\":\"Darka Mazi T\u00fcrk\u00e7e\",\"alternateName\":\"Darka Mazi\",\"url\":\"https:\\\/\\\/darkamazi.site\\\/\",\"logo\":{\"@type\":\"ImageObject\",\"inLanguage\":\"en-US\",\"@id\":\"https:\\\/\\\/darkamazi.site\\\/#\\\/schema\\\/logo\\\/image\\\/\",\"url\":\"https:\\\/\\\/darkamazi.site\\\/darka-content\\\/uploads\\\/2017\\\/12\\\/darka-mazi-logo.png\",\"contentUrl\":\"https:\\\/\\\/darkamazi.site\\\/darka-content\\\/uploads\\\/2017\\\/12\\\/darka-mazi-logo.png\",\"width\":151,\"height\":75,\"caption\":\"Darka Mazi T\u00fcrk\u00e7e\"},\"image\":{\"@id\":\"https:\\\/\\\/darkamazi.site\\\/#\\\/schema\\\/logo\\\/image\\\/\"},\"sameAs\":[\"https:\\\/\\\/www.facebook.com\\\/DarkaMaziturkce\",\"https:\\\/\\\/x.com\\\/DarkaMaziTurkce\"]},{\"@type\":\"Person\",\"@id\":\"https:\\\/\\\/darkamazi.site\\\/#\\\/schema\\\/person\\\/67986a95ac546c16760365877ef4a9d3\",\"name\":\"darka mazi\",\"sameAs\":[\"https:\\\/\\\/darkamazi.site\"],\"url\":\"https:\\\/\\\/darkamazi.site\\\/archives\\\/author\\\/turkish\"}]}<\/script>\n<!-- \/ Yoast SEO plugin. -->","seo_head_json":{"title":"\u015eara'n\u0131n, Mazlum Abdi'ye 12 maddelik bir \u00f6neri tasla\u011f\u0131 sundu\u011fu iddia edildi - Darka Mazi","robots":{"index":"index","follow":"follow","max-snippet":"max-snippet:-1","max-image-preview":"max-image-preview:large","max-video-preview":"max-video-preview:-1"},"canonical":"https:\/\/darkamazi.site\/archives\/1036224","og_locale":"en_US","og_type":"article","og_title":"\u015eara'n\u0131n, Mazlum Abdi'ye 12 maddelik bir \u00f6neri tasla\u011f\u0131 sundu\u011fu iddia edildi - Darka Mazi","og_description":"Demokratik Suriye G\u00fc\u00e7leri (DSG) Genel Komutan\u0131 Mazlum Abdi&#8217;nin, Suriye Cumhurba\u015fkan\u0131 Ahmed \u015eara ve ABD\u2019nin Suriye \u00d6zel Temsilcisi Tom Barrack ile yap\u0131lacak \u00fc\u00e7l\u00fc toplant\u0131ya kat\u0131lmak \u00fczere \u015eam&#8217;a gitti\u011fi \u00f6ne s\u00fcr\u00fclm\u00fc\u015ft\u00fc. Fakat daha sonra Abdi&#8217;nin \u015eam&#8217;a gitmedi\u011fi sadece telefonda g\u00f6r\u00fc\u015ft\u00fc\u011f\u00fc belirtildi. ABD Temsilcisi Tom Barrack\u2019\u0131n bug\u00fcn \u015eam\u2019da Ahmed \u015eara ile bir araya gelmesi bekleniyor. G\u00f6r\u00fc\u015fmeden R\u00fbdaw\u2019a konu\u015fan [&hellip;]","og_url":"https:\/\/darkamazi.site\/archives\/1036224","og_site_name":"Darka Mazi","article_publisher":"https:\/\/www.facebook.com\/DarkaMaziturkce","article_published_time":"2026-01-18T13:53:01+00:00","og_image":[{"width":900,"height":500,"url":"https:\/\/darkamazi.site\/file\/2026\/01\/Abdi-Mazlum-and-Sara.jpg","type":"image\/jpeg"}],"author":"darka mazi","twitter_card":"summary_large_image","twitter_creator":"@DarkaMaziTurkce","twitter_site":"@DarkaMaziTurkce","twitter_misc":{"Written by":"darka mazi","Est. reading time":"3 minutes"},"schema":{"@context":"https:\/\/schema.org","@graph":[{"@type":"NewsArticle","@id":"https:\/\/darkamazi.site\/archives\/1036224#article","isPartOf":{"@id":"https:\/\/darkamazi.site\/archives\/1036224"},"author":{"name":"darka mazi","@id":"https:\/\/darkamazi.site\/#\/schema\/person\/67986a95ac546c16760365877ef4a9d3"},"headline":"\u015eara&#8217;n\u0131n, Mazlum Abdi&#8217;ye 12 maddelik bir \u00f6neri tasla\u011f\u0131 sundu\u011fu iddia edildi","datePublished":"2026-01-18T13:53:01+00:00","mainEntityOfPage":{"@id":"https:\/\/darkamazi.site\/archives\/1036224"},"wordCount":677,"publisher":{"@id":"https:\/\/darkamazi.site\/#organization"},"image":{"@id":"https:\/\/darkamazi.site\/archives\/1036224#primaryimage"},"thumbnailUrl":"https:\/\/darkamazi.site\/file\/2026\/01\/Abdi-Mazlum-and-Sara.jpg","keywords":["\u00f6nemli"],"articleSection":["Kurdistan"],"inLanguage":"en-US"},{"@type":"WebPage","@id":"https:\/\/darkamazi.site\/archives\/1036224","url":"https:\/\/darkamazi.site\/archives\/1036224","name":"\u015eara'n\u0131n, Mazlum Abdi'ye 12 maddelik bir \u00f6neri tasla\u011f\u0131 sundu\u011fu iddia edildi - Darka Mazi","isPartOf":{"@id":"https:\/\/darkamazi.site\/#website"},"primaryImageOfPage":{"@id":"https:\/\/darkamazi.site\/archives\/1036224#primaryimage"},"image":{"@id":"https:\/\/darkamazi.site\/archives\/1036224#primaryimage"},"thumbnailUrl":"https:\/\/darkamazi.site\/file\/2026\/01\/Abdi-Mazlum-and-Sara.jpg","datePublished":"2026-01-18T13:53:01+00:00","breadcrumb":{"@id":"https:\/\/darkamazi.site\/archives\/1036224#breadcrumb"},"inLanguage":"en-US","potentialAction":[{"@type":"ReadAction","target":["https:\/\/darkamazi.site\/archives\/1036224"]}]},{"@type":"ImageObject","inLanguage":"en-US","@id":"https:\/\/darkamazi.site\/archives\/1036224#primaryimage","url":"https:\/\/darkamazi.site\/file\/2026\/01\/Abdi-Mazlum-and-Sara.jpg","contentUrl":"https:\/\/darkamazi.site\/file\/2026\/01\/Abdi-Mazlum-and-Sara.jpg","width":900,"height":500,"caption":"Mazlum Abdi'ye 12 maddelik bir \u00f6neri tasla\u011f\u0131 sunuldu\u011fu iddia edildi"},{"@type":"BreadcrumbList","@id":"https:\/\/darkamazi.site\/archives\/1036224#breadcrumb","itemListElement":[{"@type":"ListItem","position":1,"name":"Home","item":"https:\/\/darkamazi.site\/"},{"@type":"ListItem","position":2,"name":"\u015eara&#8217;n\u0131n, Mazlum Abdi&#8217;ye 12 maddelik bir \u00f6neri tasla\u011f\u0131 sundu\u011fu iddia edildi"}]},{"@type":"WebSite","@id":"https:\/\/darkamazi.site\/#website","url":"https:\/\/darkamazi.site\/","name":"Darka Mazi","description":"Ana Sayfa","publisher":{"@id":"https:\/\/darkamazi.site\/#organization"},"potentialAction":[{"@type":"SearchAction","target":{"@type":"EntryPoint","urlTemplate":"https:\/\/darkamazi.site\/?s={search_term_string}"},"query-input":{"@type":"PropertyValueSpecification","valueRequired":true,"valueName":"search_term_string"}}],"inLanguage":"en-US"},{"@type":"Organization","@id":"https:\/\/darkamazi.site\/#organization","name":"Darka Mazi T\u00fcrk\u00e7e","alternateName":"Darka Mazi","url":"https:\/\/darkamazi.site\/","logo":{"@type":"ImageObject","inLanguage":"en-US","@id":"https:\/\/darkamazi.site\/#\/schema\/logo\/image\/","url":"https:\/\/darkamazi.site\/file\/2017\/12\/darka-mazi-logo.png","contentUrl":"https:\/\/darkamazi.site\/file\/2017\/12\/darka-mazi-logo.png","width":151,"height":75,"caption":"Darka Mazi T\u00fcrk\u00e7e"},"image":{"@id":"https:\/\/darkamazi.site\/#\/schema\/logo\/image\/"},"sameAs":["https:\/\/www.facebook.com\/DarkaMaziturkce","https:\/\/x.com\/DarkaMaziTurkce"]},{"@type":"Person","@id":"https:\/\/darkamazi.site\/#\/schema\/person\/67986a95ac546c16760365877ef4a9d3","name":"darka mazi","sameAs":["https:\/\/darkamazi.site"],"url":"https:\/\/darkamazi.site\/archives\/author\/turkish"}]}},"_links":{"self":[{"href":"https:\/\/darkamazi.site\/funavuv\/wp\/v2\/posts\/1036224","targetHints":{"allow":["GET"]}}],"collection":[{"href":"https:\/\/darkamazi.site\/funavuv\/wp\/v2\/posts"}],"about":[{"href":"https:\/\/darkamazi.site\/funavuv\/wp\/v2\/types\/post"}],"author":[{"embeddable":true,"href":"https:\/\/darkamazi.site\/funavuv\/wp\/v2\/users\/2"}],"replies":[{"embeddable":true,"href":"https:\/\/darkamazi.site\/funavuv\/wp\/v2\/comments?post=1036224"}],"version-history":[{"count":0,"href":"https:\/\/darkamazi.site\/funavuv\/wp\/v2\/posts\/1036224\/revisions"}],"wp:featuredmedia":[{"embeddable":true,"href":"https:\/\/darkamazi.site\/funavuv\/wp\/v2\/media\/1036225"}],"wp:attachment":[{"href":"https:\/\/darkamazi.site\/funavuv\/wp\/v2\/media?parent=1036224"}],"wp:term":[{"taxonomy":"category","embeddable":true,"href":"https:\/\/darkamazi.site\/funavuv\/wp\/v2\/categories?post=1036224"},{"taxonomy":"post_tag","embeddable":true,"href":"https:\/\/darkamazi.site\/funavuv\/wp\/v2\/tags?post=1036224"}],"curies":[{"name":"wp","href":"https:\/\/api.w.org\/{rel}","templated":true}]}}