{"id":1036233,"date":"2026-01-20T01:17:20","date_gmt":"2026-01-19T22:17:20","guid":{"rendered":"https:\/\/darkamazi.site\/?p=1036233"},"modified":"2026-01-20T01:17:20","modified_gmt":"2026-01-19T22:17:20","slug":"sam-yonetiminden-enfalli-genelge-kurtlere-yonelik-operasyon-fetih-ilan-edildi","status":"publish","type":"post","link":"https:\/\/darkamazi.site\/archives\/1036233","title":{"rendered":"\u015eam y\u00f6netiminden \u2018Enfal\u2019li genelge: K\u00fcrtlere y\u00f6nelik operasyon \u2018fetih\u2019 ilan edildi!"},"content":{"rendered":"<p>Suriye Vak\u0131flar Bakanl\u0131\u011f\u0131, Suriye\u2019nin do\u011fusu ve Rojava b\u00f6lgelerine y\u00f6nelik askeri harekat\u0131 &#8220;Fetih&#8221; olarak nitelendiren bir genelge yay\u0131mlad\u0131. K\u00fcrt halk\u0131 i\u00e7in soyk\u0131r\u0131m\u0131 \u00e7a\u011fr\u0131\u015ft\u0131ran &#8220;Enfal&#8221; suresinden ayetle ba\u015flayan genelgede, camilerde &#8220;zafer ve fetih&#8221; kutlamalar\u0131 yap\u0131lmas\u0131 istendi.<\/p>\n<p>Suriye Vak\u0131flar Bakanl\u0131\u011f\u0131 taraf\u0131ndan 18 Ocak 2026 tarihinde t\u00fcm cami imamlar\u0131na g\u00f6nderilen resmi genelgede, Suriye Arap Ordusu ve \u015eam destekli silahl\u0131 gruplar\u0131n Demokratik Suriye G\u00fc\u00e7leri\u2019ne y\u00f6nelik sald\u0131r\u0131s\u0131 \u201cfetih\u201d olarak nitelendirildi.<\/p>\n<p><strong>&#8220;Enfal&#8221; suresiyle ba\u015flayan cihat \u00e7a\u011fr\u0131s\u0131<\/strong><\/p>\n<p>Vak\u0131flar Bakan\u0131 Dr. Muhammed Ebu el-Hayr \u015e\u00fckri imzas\u0131yla yay\u0131mlanan 20 numaral\u0131 genelge, Kur&#8217;an-\u0131 Kerim\u2019in Enfal Suresi 9. Ayeti ile ba\u015fl\u0131yor.<\/p>\n<p>Ayette yer alan, &#8220;Hani Rabbinizden yard\u0131m istiyordunuz da O, &#8216;Hemen size cevap verdim&#8217; diyerek duan\u0131z\u0131 kabul etmi\u015fti&#8221; ifadesine yer verilen belgede, \u015eam g\u00fc\u00e7lerinin ger\u00e7ekle\u015ftirdi\u011fi eylemler &#8220;kahramanl\u0131k&#8221; olarak tan\u0131mland\u0131.<\/p>\n<p>K\u00fcrt tarihinde, \u00f6zellikle Irak\u2019ta Baas rejimi taraf\u0131ndan K\u00fcrdistan&#8217;da 182 bin insan\u0131n katledildi\u011fi &#8220;Enfal Katliam\u0131&#8221; (1988) nedeniyle derin bir travmay\u0131 temsil eden bu surenin, Suriye ordusunun Rakka, Tebka ve Haseke hatt\u0131ndaki sald\u0131r\u0131lar\u0131 i\u00e7in referans g\u00f6sterilmesi dikkat \u00e7ekti.<\/p>\n<p><strong>Camilerde &#8216;Fetih&#8217; kutlamas\u0131 talimat\u0131<\/strong><\/p>\n<p>Genelgede, Suriye genelindeki t\u00fcm camilerde uygulanmas\u0131 istenen \u015fu talimatlar s\u0131raland\u0131:<\/p>\n<p>\u201cBe\u015f vakit namazda Suriye ordusunun zaferi ve ba\u015far\u0131s\u0131 i\u00e7in Kun\u00fbt duas\u0131 okunmas\u0131.<\/p>\n<p>Halk\u0131n ve kamuoyunun, askeri harekat\u0131n ba\u015far\u0131s\u0131 i\u00e7in Allah\u2019a yakarmaya te\u015fvik edilmesi.<\/p>\n<p>Ya\u015fanan askeri ilerlemelerin \u2018fetihler ve zaferler\u2019 olarak kabul edilerek camilerde tekbir getirilmesi.\u201d<\/p>\n","protected":false},"excerpt":{"rendered":"<p>Suriye Vak\u0131flar Bakanl\u0131\u011f\u0131, Suriye\u2019nin do\u011fusu ve Rojava b\u00f6lgelerine y\u00f6nelik askeri harekat\u0131 &#8220;Fetih&#8221; olarak nitelendiren bir genelge yay\u0131mlad\u0131. K\u00fcrt halk\u0131 i\u00e7in soyk\u0131r\u0131m\u0131 \u00e7a\u011fr\u0131\u015ft\u0131ran &#8220;Enfal&#8221; suresinden ayetle ba\u015flayan genelgede, camilerde &#8220;zafer ve fetih&#8221; kutlamalar\u0131 yap\u0131lmas\u0131 istendi. Suriye Vak\u0131flar Bakanl\u0131\u011f\u0131 taraf\u0131ndan 18 Ocak 2026 tarihinde t\u00fcm cami imamlar\u0131na g\u00f6nderilen resmi genelgede, Suriye Arap Ordusu ve \u015eam destekli silahl\u0131 [&hellip;]<\/p>\n","protected":false},"author":2,"featured_media":1036234,"comment_status":"closed","ping_status":"closed","sticky":false,"template":"","format":"standard","meta":{"footnotes":""},"categories":[3],"tags":[],"class_list":["post-1036233","post","type-post","status-publish","format-standard","has-post-thumbnail","hentry","category-kurdistan"],"blocksy_meta":[],"seo_head":"<!-- This site is optimized with the Yoast SEO plugin v27.5 - https:\/\/yoast.com\/product\/yoast-seo-wordpress\/ -->\n<title>\u015eam y\u00f6netiminden \u2018Enfal\u2019li genelge: K\u00fcrtlere y\u00f6nelik operasyon \u2018fetih\u2019 ilan edildi! - Darka Mazi<\/title>\n<meta name=\"robots\" content=\"index, follow, max-snippet:-1, max-image-preview:large, max-video-preview:-1\" \/>\n<link rel=\"canonical\" href=\"https:\/\/darkamazi.site\/archives\/1036233\" \/>\n<meta property=\"og:locale\" content=\"en_US\" \/>\n<meta property=\"og:type\" content=\"article\" \/>\n<meta property=\"og:title\" content=\"\u015eam y\u00f6netiminden \u2018Enfal\u2019li genelge: K\u00fcrtlere y\u00f6nelik operasyon \u2018fetih\u2019 ilan edildi! - Darka Mazi\" \/>\n<meta property=\"og:description\" content=\"Suriye Vak\u0131flar Bakanl\u0131\u011f\u0131, Suriye\u2019nin do\u011fusu ve Rojava b\u00f6lgelerine y\u00f6nelik askeri harekat\u0131 &#8220;Fetih&#8221; olarak nitelendiren bir genelge yay\u0131mlad\u0131. K\u00fcrt halk\u0131 i\u00e7in soyk\u0131r\u0131m\u0131 \u00e7a\u011fr\u0131\u015ft\u0131ran &#8220;Enfal&#8221; suresinden ayetle ba\u015flayan genelgede, camilerde &#8220;zafer ve fetih&#8221; kutlamalar\u0131 yap\u0131lmas\u0131 istendi. Suriye Vak\u0131flar Bakanl\u0131\u011f\u0131 taraf\u0131ndan 18 Ocak 2026 tarihinde t\u00fcm cami imamlar\u0131na g\u00f6nderilen resmi genelgede, Suriye Arap Ordusu ve \u015eam destekli silahl\u0131 [&hellip;]\" \/>\n<meta property=\"og:url\" content=\"https:\/\/darkamazi.site\/archives\/1036233\" \/>\n<meta property=\"og:site_name\" content=\"Darka Mazi\" \/>\n<meta property=\"article:publisher\" content=\"https:\/\/www.facebook.com\/DarkaMaziturkce\" \/>\n<meta property=\"article:published_time\" content=\"2026-01-19T22:17:20+00:00\" \/>\n<meta property=\"og:image\" content=\"https:\/\/darkamazi.site\/file\/2026\/01\/Enfal.jpg\" \/>\n\t<meta property=\"og:image:width\" content=\"752\" \/>\n\t<meta property=\"og:image:height\" content=\"472\" \/>\n\t<meta property=\"og:image:type\" content=\"image\/jpeg\" \/>\n<meta name=\"author\" content=\"darka mazi\" \/>\n<meta name=\"twitter:card\" content=\"summary_large_image\" \/>\n<meta name=\"twitter:creator\" content=\"@DarkaMaziTurkce\" \/>\n<meta name=\"twitter:site\" content=\"@DarkaMaziTurkce\" \/>\n<meta name=\"twitter:label1\" content=\"Written by\" \/>\n\t<meta name=\"twitter:data1\" content=\"darka mazi\" \/>\n\t<meta name=\"twitter:label2\" content=\"Est. reading time\" \/>\n\t<meta name=\"twitter:data2\" content=\"2 minutes\" \/>\n<script type=\"application\/ld+json\" class=\"seo-schema-graph\">{\"@context\":\"https:\\\/\\\/schema.org\",\"@graph\":[{\"@type\":\"NewsArticle\",\"@id\":\"https:\\\/\\\/darkamazi.site\\\/archives\\\/1036233#article\",\"isPartOf\":{\"@id\":\"https:\\\/\\\/darkamazi.site\\\/archives\\\/1036233\"},\"author\":{\"name\":\"darka mazi\",\"@id\":\"https:\\\/\\\/darkamazi.site\\\/#\\\/schema\\\/person\\\/67986a95ac546c16760365877ef4a9d3\"},\"headline\":\"\u015eam y\u00f6netiminden \u2018Enfal\u2019li genelge: K\u00fcrtlere y\u00f6nelik operasyon \u2018fetih\u2019 ilan edildi!\",\"datePublished\":\"2026-01-19T22:17:20+00:00\",\"mainEntityOfPage\":{\"@id\":\"https:\\\/\\\/darkamazi.site\\\/archives\\\/1036233\"},\"wordCount\":281,\"publisher\":{\"@id\":\"https:\\\/\\\/darkamazi.site\\\/#organization\"},\"image\":{\"@id\":\"https:\\\/\\\/darkamazi.site\\\/archives\\\/1036233#primaryimage\"},\"thumbnailUrl\":\"https:\\\/\\\/darkamazi.site\\\/darka-content\\\/uploads\\\/2026\\\/01\\\/Enfal.jpg\",\"articleSection\":[\"Kurdistan\"],\"inLanguage\":\"en-US\"},{\"@type\":\"WebPage\",\"@id\":\"https:\\\/\\\/darkamazi.site\\\/archives\\\/1036233\",\"url\":\"https:\\\/\\\/darkamazi.site\\\/archives\\\/1036233\",\"name\":\"\u015eam y\u00f6netiminden \u2018Enfal\u2019li genelge: K\u00fcrtlere y\u00f6nelik operasyon \u2018fetih\u2019 ilan edildi! - Darka Mazi\",\"isPartOf\":{\"@id\":\"https:\\\/\\\/darkamazi.site\\\/#website\"},\"primaryImageOfPage\":{\"@id\":\"https:\\\/\\\/darkamazi.site\\\/archives\\\/1036233#primaryimage\"},\"image\":{\"@id\":\"https:\\\/\\\/darkamazi.site\\\/archives\\\/1036233#primaryimage\"},\"thumbnailUrl\":\"https:\\\/\\\/darkamazi.site\\\/darka-content\\\/uploads\\\/2026\\\/01\\\/Enfal.jpg\",\"datePublished\":\"2026-01-19T22:17:20+00:00\",\"breadcrumb\":{\"@id\":\"https:\\\/\\\/darkamazi.site\\\/archives\\\/1036233#breadcrumb\"},\"inLanguage\":\"en-US\",\"potentialAction\":[{\"@type\":\"ReadAction\",\"target\":[\"https:\\\/\\\/darkamazi.site\\\/archives\\\/1036233\"]}]},{\"@type\":\"ImageObject\",\"inLanguage\":\"en-US\",\"@id\":\"https:\\\/\\\/darkamazi.site\\\/archives\\\/1036233#primaryimage\",\"url\":\"https:\\\/\\\/darkamazi.site\\\/darka-content\\\/uploads\\\/2026\\\/01\\\/Enfal.jpg\",\"contentUrl\":\"https:\\\/\\\/darkamazi.site\\\/darka-content\\\/uploads\\\/2026\\\/01\\\/Enfal.jpg\",\"width\":752,\"height\":472,\"caption\":\"\u015eam y\u00f6netiminden \u2018Enfal\u2019li genelge: K\u00fcrtlere y\u00f6nelik operasyon \u2018fetih\u2019 ilan edildi!\"},{\"@type\":\"BreadcrumbList\",\"@id\":\"https:\\\/\\\/darkamazi.site\\\/archives\\\/1036233#breadcrumb\",\"itemListElement\":[{\"@type\":\"ListItem\",\"position\":1,\"name\":\"Home\",\"item\":\"https:\\\/\\\/darkamazi.site\\\/\"},{\"@type\":\"ListItem\",\"position\":2,\"name\":\"\u015eam y\u00f6netiminden \u2018Enfal\u2019li genelge: K\u00fcrtlere y\u00f6nelik operasyon \u2018fetih\u2019 ilan edildi!\"}]},{\"@type\":\"WebSite\",\"@id\":\"https:\\\/\\\/darkamazi.site\\\/#website\",\"url\":\"https:\\\/\\\/darkamazi.site\\\/\",\"name\":\"Darka Mazi\",\"description\":\"Ana Sayfa\",\"publisher\":{\"@id\":\"https:\\\/\\\/darkamazi.site\\\/#organization\"},\"potentialAction\":[{\"@type\":\"SearchAction\",\"target\":{\"@type\":\"EntryPoint\",\"urlTemplate\":\"https:\\\/\\\/darkamazi.site\\\/?s={search_term_string}\"},\"query-input\":{\"@type\":\"PropertyValueSpecification\",\"valueRequired\":true,\"valueName\":\"search_term_string\"}}],\"inLanguage\":\"en-US\"},{\"@type\":\"Organization\",\"@id\":\"https:\\\/\\\/darkamazi.site\\\/#organization\",\"name\":\"Darka Mazi T\u00fcrk\u00e7e\",\"alternateName\":\"Darka Mazi\",\"url\":\"https:\\\/\\\/darkamazi.site\\\/\",\"logo\":{\"@type\":\"ImageObject\",\"inLanguage\":\"en-US\",\"@id\":\"https:\\\/\\\/darkamazi.site\\\/#\\\/schema\\\/logo\\\/image\\\/\",\"url\":\"https:\\\/\\\/darkamazi.site\\\/darka-content\\\/uploads\\\/2017\\\/12\\\/darka-mazi-logo.png\",\"contentUrl\":\"https:\\\/\\\/darkamazi.site\\\/darka-content\\\/uploads\\\/2017\\\/12\\\/darka-mazi-logo.png\",\"width\":151,\"height\":75,\"caption\":\"Darka Mazi T\u00fcrk\u00e7e\"},\"image\":{\"@id\":\"https:\\\/\\\/darkamazi.site\\\/#\\\/schema\\\/logo\\\/image\\\/\"},\"sameAs\":[\"https:\\\/\\\/www.facebook.com\\\/DarkaMaziturkce\",\"https:\\\/\\\/x.com\\\/DarkaMaziTurkce\"]},{\"@type\":\"Person\",\"@id\":\"https:\\\/\\\/darkamazi.site\\\/#\\\/schema\\\/person\\\/67986a95ac546c16760365877ef4a9d3\",\"name\":\"darka mazi\",\"sameAs\":[\"https:\\\/\\\/darkamazi.site\"],\"url\":\"https:\\\/\\\/darkamazi.site\\\/archives\\\/author\\\/turkish\"}]}<\/script>\n<!-- \/ Yoast SEO plugin. -->","seo_head_json":{"title":"\u015eam y\u00f6netiminden \u2018Enfal\u2019li genelge: K\u00fcrtlere y\u00f6nelik operasyon \u2018fetih\u2019 ilan edildi! - Darka Mazi","robots":{"index":"index","follow":"follow","max-snippet":"max-snippet:-1","max-image-preview":"max-image-preview:large","max-video-preview":"max-video-preview:-1"},"canonical":"https:\/\/darkamazi.site\/archives\/1036233","og_locale":"en_US","og_type":"article","og_title":"\u015eam y\u00f6netiminden \u2018Enfal\u2019li genelge: K\u00fcrtlere y\u00f6nelik operasyon \u2018fetih\u2019 ilan edildi! - Darka Mazi","og_description":"Suriye Vak\u0131flar Bakanl\u0131\u011f\u0131, Suriye\u2019nin do\u011fusu ve Rojava b\u00f6lgelerine y\u00f6nelik askeri harekat\u0131 &#8220;Fetih&#8221; olarak nitelendiren bir genelge yay\u0131mlad\u0131. K\u00fcrt halk\u0131 i\u00e7in soyk\u0131r\u0131m\u0131 \u00e7a\u011fr\u0131\u015ft\u0131ran &#8220;Enfal&#8221; suresinden ayetle ba\u015flayan genelgede, camilerde &#8220;zafer ve fetih&#8221; kutlamalar\u0131 yap\u0131lmas\u0131 istendi. Suriye Vak\u0131flar Bakanl\u0131\u011f\u0131 taraf\u0131ndan 18 Ocak 2026 tarihinde t\u00fcm cami imamlar\u0131na g\u00f6nderilen resmi genelgede, Suriye Arap Ordusu ve \u015eam destekli silahl\u0131 [&hellip;]","og_url":"https:\/\/darkamazi.site\/archives\/1036233","og_site_name":"Darka Mazi","article_publisher":"https:\/\/www.facebook.com\/DarkaMaziturkce","article_published_time":"2026-01-19T22:17:20+00:00","og_image":[{"width":752,"height":472,"url":"https:\/\/darkamazi.site\/file\/2026\/01\/Enfal.jpg","type":"image\/jpeg"}],"author":"darka mazi","twitter_card":"summary_large_image","twitter_creator":"@DarkaMaziTurkce","twitter_site":"@DarkaMaziTurkce","twitter_misc":{"Written by":"darka mazi","Est. reading time":"2 minutes"},"schema":{"@context":"https:\/\/schema.org","@graph":[{"@type":"NewsArticle","@id":"https:\/\/darkamazi.site\/archives\/1036233#article","isPartOf":{"@id":"https:\/\/darkamazi.site\/archives\/1036233"},"author":{"name":"darka mazi","@id":"https:\/\/darkamazi.site\/#\/schema\/person\/67986a95ac546c16760365877ef4a9d3"},"headline":"\u015eam y\u00f6netiminden \u2018Enfal\u2019li genelge: K\u00fcrtlere y\u00f6nelik operasyon \u2018fetih\u2019 ilan edildi!","datePublished":"2026-01-19T22:17:20+00:00","mainEntityOfPage":{"@id":"https:\/\/darkamazi.site\/archives\/1036233"},"wordCount":281,"publisher":{"@id":"https:\/\/darkamazi.site\/#organization"},"image":{"@id":"https:\/\/darkamazi.site\/archives\/1036233#primaryimage"},"thumbnailUrl":"https:\/\/darkamazi.site\/file\/2026\/01\/Enfal.jpg","articleSection":["Kurdistan"],"inLanguage":"en-US"},{"@type":"WebPage","@id":"https:\/\/darkamazi.site\/archives\/1036233","url":"https:\/\/darkamazi.site\/archives\/1036233","name":"\u015eam y\u00f6netiminden \u2018Enfal\u2019li genelge: K\u00fcrtlere y\u00f6nelik operasyon \u2018fetih\u2019 ilan edildi! - Darka Mazi","isPartOf":{"@id":"https:\/\/darkamazi.site\/#website"},"primaryImageOfPage":{"@id":"https:\/\/darkamazi.site\/archives\/1036233#primaryimage"},"image":{"@id":"https:\/\/darkamazi.site\/archives\/1036233#primaryimage"},"thumbnailUrl":"https:\/\/darkamazi.site\/file\/2026\/01\/Enfal.jpg","datePublished":"2026-01-19T22:17:20+00:00","breadcrumb":{"@id":"https:\/\/darkamazi.site\/archives\/1036233#breadcrumb"},"inLanguage":"en-US","potentialAction":[{"@type":"ReadAction","target":["https:\/\/darkamazi.site\/archives\/1036233"]}]},{"@type":"ImageObject","inLanguage":"en-US","@id":"https:\/\/darkamazi.site\/archives\/1036233#primaryimage","url":"https:\/\/darkamazi.site\/file\/2026\/01\/Enfal.jpg","contentUrl":"https:\/\/darkamazi.site\/file\/2026\/01\/Enfal.jpg","width":752,"height":472,"caption":"\u015eam y\u00f6netiminden \u2018Enfal\u2019li genelge: K\u00fcrtlere y\u00f6nelik operasyon \u2018fetih\u2019 ilan edildi!"},{"@type":"BreadcrumbList","@id":"https:\/\/darkamazi.site\/archives\/1036233#breadcrumb","itemListElement":[{"@type":"ListItem","position":1,"name":"Home","item":"https:\/\/darkamazi.site\/"},{"@type":"ListItem","position":2,"name":"\u015eam y\u00f6netiminden \u2018Enfal\u2019li genelge: K\u00fcrtlere y\u00f6nelik operasyon \u2018fetih\u2019 ilan edildi!"}]},{"@type":"WebSite","@id":"https:\/\/darkamazi.site\/#website","url":"https:\/\/darkamazi.site\/","name":"Darka Mazi","description":"Ana Sayfa","publisher":{"@id":"https:\/\/darkamazi.site\/#organization"},"potentialAction":[{"@type":"SearchAction","target":{"@type":"EntryPoint","urlTemplate":"https:\/\/darkamazi.site\/?s={search_term_string}"},"query-input":{"@type":"PropertyValueSpecification","valueRequired":true,"valueName":"search_term_string"}}],"inLanguage":"en-US"},{"@type":"Organization","@id":"https:\/\/darkamazi.site\/#organization","name":"Darka Mazi T\u00fcrk\u00e7e","alternateName":"Darka Mazi","url":"https:\/\/darkamazi.site\/","logo":{"@type":"ImageObject","inLanguage":"en-US","@id":"https:\/\/darkamazi.site\/#\/schema\/logo\/image\/","url":"https:\/\/darkamazi.site\/file\/2017\/12\/darka-mazi-logo.png","contentUrl":"https:\/\/darkamazi.site\/file\/2017\/12\/darka-mazi-logo.png","width":151,"height":75,"caption":"Darka Mazi T\u00fcrk\u00e7e"},"image":{"@id":"https:\/\/darkamazi.site\/#\/schema\/logo\/image\/"},"sameAs":["https:\/\/www.facebook.com\/DarkaMaziturkce","https:\/\/x.com\/DarkaMaziTurkce"]},{"@type":"Person","@id":"https:\/\/darkamazi.site\/#\/schema\/person\/67986a95ac546c16760365877ef4a9d3","name":"darka mazi","sameAs":["https:\/\/darkamazi.site"],"url":"https:\/\/darkamazi.site\/archives\/author\/turkish"}]}},"_links":{"self":[{"href":"https:\/\/darkamazi.site\/funavuv\/wp\/v2\/posts\/1036233","targetHints":{"allow":["GET"]}}],"collection":[{"href":"https:\/\/darkamazi.site\/funavuv\/wp\/v2\/posts"}],"about":[{"href":"https:\/\/darkamazi.site\/funavuv\/wp\/v2\/types\/post"}],"author":[{"embeddable":true,"href":"https:\/\/darkamazi.site\/funavuv\/wp\/v2\/users\/2"}],"replies":[{"embeddable":true,"href":"https:\/\/darkamazi.site\/funavuv\/wp\/v2\/comments?post=1036233"}],"version-history":[{"count":0,"href":"https:\/\/darkamazi.site\/funavuv\/wp\/v2\/posts\/1036233\/revisions"}],"wp:featuredmedia":[{"embeddable":true,"href":"https:\/\/darkamazi.site\/funavuv\/wp\/v2\/media\/1036234"}],"wp:attachment":[{"href":"https:\/\/darkamazi.site\/funavuv\/wp\/v2\/media?parent=1036233"}],"wp:term":[{"taxonomy":"category","embeddable":true,"href":"https:\/\/darkamazi.site\/funavuv\/wp\/v2\/categories?post=1036233"},{"taxonomy":"post_tag","embeddable":true,"href":"https:\/\/darkamazi.site\/funavuv\/wp\/v2\/tags?post=1036233"}],"curies":[{"name":"wp","href":"https:\/\/api.w.org\/{rel}","templated":true}]}}