{"id":1036236,"date":"2026-01-20T02:18:33","date_gmt":"2026-01-19T23:18:33","guid":{"rendered":"https:\/\/darkamazi.site\/?p=1036236"},"modified":"2026-01-20T02:18:33","modified_gmt":"2026-01-19T23:18:33","slug":"avrupa-birligi-sam-yonetimine-askeri-faaliyetleri-durdurma-cagrisi-yapti","status":"publish","type":"post","link":"https:\/\/darkamazi.site\/archives\/1036236","title":{"rendered":"Avrupa Birli\u011fi, \u015eam y\u00f6netimine askeri faaliyetleri durdurma \u00e7a\u011fr\u0131s\u0131 yapt\u0131"},"content":{"rendered":"<p style=\"text-align: justify\" data-start=\"141\" data-end=\"480\">Avrupa Birli\u011fi (AB), Suriye h\u00fck\u00fcmeti ile Demokratik Suriye G\u00fc\u00e7leri (DSG) aras\u0131nda sa\u011flanan ate\u015fkesin, \u00fclkenin yeniden kaosa s\u00fcr\u00fcklenmesini \u00f6nlemek a\u00e7\u0131s\u0131ndan hayati bir ad\u0131m oldu\u011funu belirtti. AB, t\u00fcm askeri faaliyetlerin derhal durdurulmas\u0131, gerilimi azaltma taahh\u00fctlerine uyulmas\u0131 ve sivillerin korunmas\u0131 \u00e7a\u011fr\u0131s\u0131nda bulundu.<\/p>\n<p style=\"text-align: justify\" data-start=\"482\" data-end=\"866\">AB taraf\u0131ndan yay\u0131mlanan\u00a0a\u00e7\u0131klamada, Birli\u011fin temel hedefinin Suriye\u2019de kapsay\u0131c\u0131 ve ger\u00e7ek bir siyasi ge\u00e7i\u015fin sa\u011flanmas\u0131 oldu\u011fu vurguland\u0131. A\u00e7\u0131klamada, askeri, g\u00fcvenlik ve sivil kurumlar\u0131n tek ve birle\u015fik bir devlet yap\u0131s\u0131 i\u00e7erisinde entegre edilmesinin \u00f6nemine dikkat \u00e7ekilirken, siyasi ve yerel kat\u0131l\u0131m\u0131n g\u00fc\u00e7lendirilmesi gerekti\u011fi ifade edildi.<\/p>\n<p style=\"text-align: justify\" data-start=\"868\" data-end=\"1145\">A\u00e7\u0131klamada ayr\u0131ca, K\u00fcrtlerin haklar\u0131n\u0131n tam olarak korunmas\u0131n\u0131n zorunlu oldu\u011fu belirtilerek, Suriye\u2019nin uluslararas\u0131 koalisyon \u00e7er\u00e7evesinde ter\u00f6rle m\u00fccadeleye y\u00f6nelik taahh\u00fctlerini yenilemesinin, I\u015e\u0130D\u2019in olas\u0131 yeniden canlanmas\u0131na kar\u015f\u0131 kritik \u00f6nemde oldu\u011fu kaydedildi.<\/p>\n","protected":false},"excerpt":{"rendered":"<p>Avrupa Birli\u011fi (AB), Suriye h\u00fck\u00fcmeti ile Demokratik Suriye G\u00fc\u00e7leri (DSG) aras\u0131nda sa\u011flanan ate\u015fkesin, \u00fclkenin yeniden kaosa s\u00fcr\u00fcklenmesini \u00f6nlemek a\u00e7\u0131s\u0131ndan hayati bir ad\u0131m oldu\u011funu belirtti. AB, t\u00fcm askeri faaliyetlerin derhal durdurulmas\u0131, gerilimi azaltma taahh\u00fctlerine uyulmas\u0131 ve sivillerin korunmas\u0131 \u00e7a\u011fr\u0131s\u0131nda bulundu. AB taraf\u0131ndan yay\u0131mlanan\u00a0a\u00e7\u0131klamada, Birli\u011fin temel hedefinin Suriye\u2019de kapsay\u0131c\u0131 ve ger\u00e7ek bir siyasi ge\u00e7i\u015fin sa\u011flanmas\u0131 oldu\u011fu vurguland\u0131. [&hellip;]<\/p>\n","protected":false},"author":2,"featured_media":1036237,"comment_status":"closed","ping_status":"closed","sticky":false,"template":"","format":"standard","meta":{"footnotes":""},"categories":[6],"tags":[31],"class_list":["post-1036236","post","type-post","status-publish","format-standard","has-post-thumbnail","hentry","category-dunya","tag-onemli"],"blocksy_meta":[],"seo_head":"<!-- This site is optimized with the Yoast SEO plugin v27.5 - https:\/\/yoast.com\/product\/yoast-seo-wordpress\/ -->\n<title>Avrupa Birli\u011fi, \u015eam y\u00f6netimine askeri faaliyetleri durdurma \u00e7a\u011fr\u0131s\u0131 yapt\u0131 - Darka Mazi<\/title>\n<meta name=\"robots\" content=\"index, follow, max-snippet:-1, max-image-preview:large, max-video-preview:-1\" \/>\n<link rel=\"canonical\" href=\"https:\/\/darkamazi.site\/archives\/1036236\" \/>\n<meta property=\"og:locale\" content=\"en_US\" \/>\n<meta property=\"og:type\" content=\"article\" \/>\n<meta property=\"og:title\" content=\"Avrupa Birli\u011fi, \u015eam y\u00f6netimine askeri faaliyetleri durdurma \u00e7a\u011fr\u0131s\u0131 yapt\u0131 - Darka Mazi\" \/>\n<meta property=\"og:description\" content=\"Avrupa Birli\u011fi (AB), Suriye h\u00fck\u00fcmeti ile Demokratik Suriye G\u00fc\u00e7leri (DSG) aras\u0131nda sa\u011flanan ate\u015fkesin, \u00fclkenin yeniden kaosa s\u00fcr\u00fcklenmesini \u00f6nlemek a\u00e7\u0131s\u0131ndan hayati bir ad\u0131m oldu\u011funu belirtti. AB, t\u00fcm askeri faaliyetlerin derhal durdurulmas\u0131, gerilimi azaltma taahh\u00fctlerine uyulmas\u0131 ve sivillerin korunmas\u0131 \u00e7a\u011fr\u0131s\u0131nda bulundu. AB taraf\u0131ndan yay\u0131mlanan\u00a0a\u00e7\u0131klamada, Birli\u011fin temel hedefinin Suriye\u2019de kapsay\u0131c\u0131 ve ger\u00e7ek bir siyasi ge\u00e7i\u015fin sa\u011flanmas\u0131 oldu\u011fu vurguland\u0131. [&hellip;]\" \/>\n<meta property=\"og:url\" content=\"https:\/\/darkamazi.site\/archives\/1036236\" \/>\n<meta property=\"og:site_name\" content=\"Darka Mazi\" \/>\n<meta property=\"article:publisher\" content=\"https:\/\/www.facebook.com\/DarkaMaziturkce\" \/>\n<meta property=\"article:published_time\" content=\"2026-01-19T23:18:33+00:00\" \/>\n<meta property=\"og:image\" content=\"https:\/\/darkamazi.site\/file\/2026\/01\/Avrupa-birligi.jpg\" \/>\n\t<meta property=\"og:image:width\" content=\"1000\" \/>\n\t<meta property=\"og:image:height\" content=\"600\" \/>\n\t<meta property=\"og:image:type\" content=\"image\/jpeg\" \/>\n<meta name=\"author\" content=\"darka mazi\" \/>\n<meta name=\"twitter:card\" content=\"summary_large_image\" \/>\n<meta name=\"twitter:creator\" content=\"@DarkaMaziTurkce\" \/>\n<meta name=\"twitter:site\" content=\"@DarkaMaziTurkce\" \/>\n<meta name=\"twitter:label1\" content=\"Written by\" \/>\n\t<meta name=\"twitter:data1\" content=\"darka mazi\" \/>\n\t<meta name=\"twitter:label2\" content=\"Est. reading time\" \/>\n\t<meta name=\"twitter:data2\" content=\"1 minute\" \/>\n<script type=\"application\/ld+json\" class=\"seo-schema-graph\">{\"@context\":\"https:\\\/\\\/schema.org\",\"@graph\":[{\"@type\":\"NewsArticle\",\"@id\":\"https:\\\/\\\/darkamazi.site\\\/archives\\\/1036236#article\",\"isPartOf\":{\"@id\":\"https:\\\/\\\/darkamazi.site\\\/archives\\\/1036236\"},\"author\":{\"name\":\"darka mazi\",\"@id\":\"https:\\\/\\\/darkamazi.site\\\/#\\\/schema\\\/person\\\/67986a95ac546c16760365877ef4a9d3\"},\"headline\":\"Avrupa Birli\u011fi, \u015eam y\u00f6netimine askeri faaliyetleri durdurma \u00e7a\u011fr\u0131s\u0131 yapt\u0131\",\"datePublished\":\"2026-01-19T23:18:33+00:00\",\"mainEntityOfPage\":{\"@id\":\"https:\\\/\\\/darkamazi.site\\\/archives\\\/1036236\"},\"wordCount\":181,\"publisher\":{\"@id\":\"https:\\\/\\\/darkamazi.site\\\/#organization\"},\"image\":{\"@id\":\"https:\\\/\\\/darkamazi.site\\\/archives\\\/1036236#primaryimage\"},\"thumbnailUrl\":\"https:\\\/\\\/darkamazi.site\\\/darka-content\\\/uploads\\\/2026\\\/01\\\/Avrupa-birligi.jpg\",\"keywords\":[\"\u00f6nemli\"],\"articleSection\":[\"D\u00fcnya\"],\"inLanguage\":\"en-US\"},{\"@type\":\"WebPage\",\"@id\":\"https:\\\/\\\/darkamazi.site\\\/archives\\\/1036236\",\"url\":\"https:\\\/\\\/darkamazi.site\\\/archives\\\/1036236\",\"name\":\"Avrupa Birli\u011fi, \u015eam y\u00f6netimine askeri faaliyetleri durdurma \u00e7a\u011fr\u0131s\u0131 yapt\u0131 - Darka Mazi\",\"isPartOf\":{\"@id\":\"https:\\\/\\\/darkamazi.site\\\/#website\"},\"primaryImageOfPage\":{\"@id\":\"https:\\\/\\\/darkamazi.site\\\/archives\\\/1036236#primaryimage\"},\"image\":{\"@id\":\"https:\\\/\\\/darkamazi.site\\\/archives\\\/1036236#primaryimage\"},\"thumbnailUrl\":\"https:\\\/\\\/darkamazi.site\\\/darka-content\\\/uploads\\\/2026\\\/01\\\/Avrupa-birligi.jpg\",\"datePublished\":\"2026-01-19T23:18:33+00:00\",\"breadcrumb\":{\"@id\":\"https:\\\/\\\/darkamazi.site\\\/archives\\\/1036236#breadcrumb\"},\"inLanguage\":\"en-US\",\"potentialAction\":[{\"@type\":\"ReadAction\",\"target\":[\"https:\\\/\\\/darkamazi.site\\\/archives\\\/1036236\"]}]},{\"@type\":\"ImageObject\",\"inLanguage\":\"en-US\",\"@id\":\"https:\\\/\\\/darkamazi.site\\\/archives\\\/1036236#primaryimage\",\"url\":\"https:\\\/\\\/darkamazi.site\\\/darka-content\\\/uploads\\\/2026\\\/01\\\/Avrupa-birligi.jpg\",\"contentUrl\":\"https:\\\/\\\/darkamazi.site\\\/darka-content\\\/uploads\\\/2026\\\/01\\\/Avrupa-birligi.jpg\",\"width\":1000,\"height\":600,\"caption\":\"Avrupa Birli\u011fi, \u015eam y\u00f6netimine askeri faaliyetleri durdurma \u00e7a\u011fr\u0131s\u0131 yapt\u0131\"},{\"@type\":\"BreadcrumbList\",\"@id\":\"https:\\\/\\\/darkamazi.site\\\/archives\\\/1036236#breadcrumb\",\"itemListElement\":[{\"@type\":\"ListItem\",\"position\":1,\"name\":\"Home\",\"item\":\"https:\\\/\\\/darkamazi.site\\\/\"},{\"@type\":\"ListItem\",\"position\":2,\"name\":\"Avrupa Birli\u011fi, \u015eam y\u00f6netimine askeri faaliyetleri durdurma \u00e7a\u011fr\u0131s\u0131 yapt\u0131\"}]},{\"@type\":\"WebSite\",\"@id\":\"https:\\\/\\\/darkamazi.site\\\/#website\",\"url\":\"https:\\\/\\\/darkamazi.site\\\/\",\"name\":\"Darka Mazi\",\"description\":\"Ana Sayfa\",\"publisher\":{\"@id\":\"https:\\\/\\\/darkamazi.site\\\/#organization\"},\"potentialAction\":[{\"@type\":\"SearchAction\",\"target\":{\"@type\":\"EntryPoint\",\"urlTemplate\":\"https:\\\/\\\/darkamazi.site\\\/?s={search_term_string}\"},\"query-input\":{\"@type\":\"PropertyValueSpecification\",\"valueRequired\":true,\"valueName\":\"search_term_string\"}}],\"inLanguage\":\"en-US\"},{\"@type\":\"Organization\",\"@id\":\"https:\\\/\\\/darkamazi.site\\\/#organization\",\"name\":\"Darka Mazi T\u00fcrk\u00e7e\",\"alternateName\":\"Darka Mazi\",\"url\":\"https:\\\/\\\/darkamazi.site\\\/\",\"logo\":{\"@type\":\"ImageObject\",\"inLanguage\":\"en-US\",\"@id\":\"https:\\\/\\\/darkamazi.site\\\/#\\\/schema\\\/logo\\\/image\\\/\",\"url\":\"https:\\\/\\\/darkamazi.site\\\/darka-content\\\/uploads\\\/2017\\\/12\\\/darka-mazi-logo.png\",\"contentUrl\":\"https:\\\/\\\/darkamazi.site\\\/darka-content\\\/uploads\\\/2017\\\/12\\\/darka-mazi-logo.png\",\"width\":151,\"height\":75,\"caption\":\"Darka Mazi T\u00fcrk\u00e7e\"},\"image\":{\"@id\":\"https:\\\/\\\/darkamazi.site\\\/#\\\/schema\\\/logo\\\/image\\\/\"},\"sameAs\":[\"https:\\\/\\\/www.facebook.com\\\/DarkaMaziturkce\",\"https:\\\/\\\/x.com\\\/DarkaMaziTurkce\"]},{\"@type\":\"Person\",\"@id\":\"https:\\\/\\\/darkamazi.site\\\/#\\\/schema\\\/person\\\/67986a95ac546c16760365877ef4a9d3\",\"name\":\"darka mazi\",\"sameAs\":[\"https:\\\/\\\/darkamazi.site\"],\"url\":\"https:\\\/\\\/darkamazi.site\\\/archives\\\/author\\\/turkish\"}]}<\/script>\n<!-- \/ Yoast SEO plugin. -->","seo_head_json":{"title":"Avrupa Birli\u011fi, \u015eam y\u00f6netimine askeri faaliyetleri durdurma \u00e7a\u011fr\u0131s\u0131 yapt\u0131 - Darka Mazi","robots":{"index":"index","follow":"follow","max-snippet":"max-snippet:-1","max-image-preview":"max-image-preview:large","max-video-preview":"max-video-preview:-1"},"canonical":"https:\/\/darkamazi.site\/archives\/1036236","og_locale":"en_US","og_type":"article","og_title":"Avrupa Birli\u011fi, \u015eam y\u00f6netimine askeri faaliyetleri durdurma \u00e7a\u011fr\u0131s\u0131 yapt\u0131 - Darka Mazi","og_description":"Avrupa Birli\u011fi (AB), Suriye h\u00fck\u00fcmeti ile Demokratik Suriye G\u00fc\u00e7leri (DSG) aras\u0131nda sa\u011flanan ate\u015fkesin, \u00fclkenin yeniden kaosa s\u00fcr\u00fcklenmesini \u00f6nlemek a\u00e7\u0131s\u0131ndan hayati bir ad\u0131m oldu\u011funu belirtti. AB, t\u00fcm askeri faaliyetlerin derhal durdurulmas\u0131, gerilimi azaltma taahh\u00fctlerine uyulmas\u0131 ve sivillerin korunmas\u0131 \u00e7a\u011fr\u0131s\u0131nda bulundu. AB taraf\u0131ndan yay\u0131mlanan\u00a0a\u00e7\u0131klamada, Birli\u011fin temel hedefinin Suriye\u2019de kapsay\u0131c\u0131 ve ger\u00e7ek bir siyasi ge\u00e7i\u015fin sa\u011flanmas\u0131 oldu\u011fu vurguland\u0131. [&hellip;]","og_url":"https:\/\/darkamazi.site\/archives\/1036236","og_site_name":"Darka Mazi","article_publisher":"https:\/\/www.facebook.com\/DarkaMaziturkce","article_published_time":"2026-01-19T23:18:33+00:00","og_image":[{"width":1000,"height":600,"url":"https:\/\/darkamazi.site\/file\/2026\/01\/Avrupa-birligi.jpg","type":"image\/jpeg"}],"author":"darka mazi","twitter_card":"summary_large_image","twitter_creator":"@DarkaMaziTurkce","twitter_site":"@DarkaMaziTurkce","twitter_misc":{"Written by":"darka mazi","Est. reading time":"1 minute"},"schema":{"@context":"https:\/\/schema.org","@graph":[{"@type":"NewsArticle","@id":"https:\/\/darkamazi.site\/archives\/1036236#article","isPartOf":{"@id":"https:\/\/darkamazi.site\/archives\/1036236"},"author":{"name":"darka mazi","@id":"https:\/\/darkamazi.site\/#\/schema\/person\/67986a95ac546c16760365877ef4a9d3"},"headline":"Avrupa Birli\u011fi, \u015eam y\u00f6netimine askeri faaliyetleri durdurma \u00e7a\u011fr\u0131s\u0131 yapt\u0131","datePublished":"2026-01-19T23:18:33+00:00","mainEntityOfPage":{"@id":"https:\/\/darkamazi.site\/archives\/1036236"},"wordCount":181,"publisher":{"@id":"https:\/\/darkamazi.site\/#organization"},"image":{"@id":"https:\/\/darkamazi.site\/archives\/1036236#primaryimage"},"thumbnailUrl":"https:\/\/darkamazi.site\/file\/2026\/01\/Avrupa-birligi.jpg","keywords":["\u00f6nemli"],"articleSection":["D\u00fcnya"],"inLanguage":"en-US"},{"@type":"WebPage","@id":"https:\/\/darkamazi.site\/archives\/1036236","url":"https:\/\/darkamazi.site\/archives\/1036236","name":"Avrupa Birli\u011fi, \u015eam y\u00f6netimine askeri faaliyetleri durdurma \u00e7a\u011fr\u0131s\u0131 yapt\u0131 - Darka Mazi","isPartOf":{"@id":"https:\/\/darkamazi.site\/#website"},"primaryImageOfPage":{"@id":"https:\/\/darkamazi.site\/archives\/1036236#primaryimage"},"image":{"@id":"https:\/\/darkamazi.site\/archives\/1036236#primaryimage"},"thumbnailUrl":"https:\/\/darkamazi.site\/file\/2026\/01\/Avrupa-birligi.jpg","datePublished":"2026-01-19T23:18:33+00:00","breadcrumb":{"@id":"https:\/\/darkamazi.site\/archives\/1036236#breadcrumb"},"inLanguage":"en-US","potentialAction":[{"@type":"ReadAction","target":["https:\/\/darkamazi.site\/archives\/1036236"]}]},{"@type":"ImageObject","inLanguage":"en-US","@id":"https:\/\/darkamazi.site\/archives\/1036236#primaryimage","url":"https:\/\/darkamazi.site\/file\/2026\/01\/Avrupa-birligi.jpg","contentUrl":"https:\/\/darkamazi.site\/file\/2026\/01\/Avrupa-birligi.jpg","width":1000,"height":600,"caption":"Avrupa Birli\u011fi, \u015eam y\u00f6netimine askeri faaliyetleri durdurma \u00e7a\u011fr\u0131s\u0131 yapt\u0131"},{"@type":"BreadcrumbList","@id":"https:\/\/darkamazi.site\/archives\/1036236#breadcrumb","itemListElement":[{"@type":"ListItem","position":1,"name":"Home","item":"https:\/\/darkamazi.site\/"},{"@type":"ListItem","position":2,"name":"Avrupa Birli\u011fi, \u015eam y\u00f6netimine askeri faaliyetleri durdurma \u00e7a\u011fr\u0131s\u0131 yapt\u0131"}]},{"@type":"WebSite","@id":"https:\/\/darkamazi.site\/#website","url":"https:\/\/darkamazi.site\/","name":"Darka Mazi","description":"Ana Sayfa","publisher":{"@id":"https:\/\/darkamazi.site\/#organization"},"potentialAction":[{"@type":"SearchAction","target":{"@type":"EntryPoint","urlTemplate":"https:\/\/darkamazi.site\/?s={search_term_string}"},"query-input":{"@type":"PropertyValueSpecification","valueRequired":true,"valueName":"search_term_string"}}],"inLanguage":"en-US"},{"@type":"Organization","@id":"https:\/\/darkamazi.site\/#organization","name":"Darka Mazi T\u00fcrk\u00e7e","alternateName":"Darka Mazi","url":"https:\/\/darkamazi.site\/","logo":{"@type":"ImageObject","inLanguage":"en-US","@id":"https:\/\/darkamazi.site\/#\/schema\/logo\/image\/","url":"https:\/\/darkamazi.site\/file\/2017\/12\/darka-mazi-logo.png","contentUrl":"https:\/\/darkamazi.site\/file\/2017\/12\/darka-mazi-logo.png","width":151,"height":75,"caption":"Darka Mazi T\u00fcrk\u00e7e"},"image":{"@id":"https:\/\/darkamazi.site\/#\/schema\/logo\/image\/"},"sameAs":["https:\/\/www.facebook.com\/DarkaMaziturkce","https:\/\/x.com\/DarkaMaziTurkce"]},{"@type":"Person","@id":"https:\/\/darkamazi.site\/#\/schema\/person\/67986a95ac546c16760365877ef4a9d3","name":"darka mazi","sameAs":["https:\/\/darkamazi.site"],"url":"https:\/\/darkamazi.site\/archives\/author\/turkish"}]}},"_links":{"self":[{"href":"https:\/\/darkamazi.site\/funavuv\/wp\/v2\/posts\/1036236","targetHints":{"allow":["GET"]}}],"collection":[{"href":"https:\/\/darkamazi.site\/funavuv\/wp\/v2\/posts"}],"about":[{"href":"https:\/\/darkamazi.site\/funavuv\/wp\/v2\/types\/post"}],"author":[{"embeddable":true,"href":"https:\/\/darkamazi.site\/funavuv\/wp\/v2\/users\/2"}],"replies":[{"embeddable":true,"href":"https:\/\/darkamazi.site\/funavuv\/wp\/v2\/comments?post=1036236"}],"version-history":[{"count":0,"href":"https:\/\/darkamazi.site\/funavuv\/wp\/v2\/posts\/1036236\/revisions"}],"wp:featuredmedia":[{"embeddable":true,"href":"https:\/\/darkamazi.site\/funavuv\/wp\/v2\/media\/1036237"}],"wp:attachment":[{"href":"https:\/\/darkamazi.site\/funavuv\/wp\/v2\/media?parent=1036236"}],"wp:term":[{"taxonomy":"category","embeddable":true,"href":"https:\/\/darkamazi.site\/funavuv\/wp\/v2\/categories?post=1036236"},{"taxonomy":"post_tag","embeddable":true,"href":"https:\/\/darkamazi.site\/funavuv\/wp\/v2\/tags?post=1036236"}],"curies":[{"name":"wp","href":"https:\/\/api.w.org\/{rel}","templated":true}]}}