{"id":1036252,"date":"2026-01-20T20:26:41","date_gmt":"2026-01-20T17:26:41","guid":{"rendered":"https:\/\/darkamazi.site\/?p=1036252"},"modified":"2026-01-20T20:26:41","modified_gmt":"2026-01-20T17:26:41","slug":"necirvan-barzani-kurtlerin-haklari-suriyenin-gelecekteki-anayasasinda-guvence-altina-alinmali","status":"publish","type":"post","link":"https:\/\/darkamazi.site\/archives\/1036252","title":{"rendered":"Ne\u00e7irvan Barzani: &#8220;K\u00fcrtlerin haklar\u0131 Suriye\u2019nin gelecekteki anayasas\u0131nda g\u00fcvence alt\u0131na al\u0131nmal\u0131&#8221;"},"content":{"rendered":"<p style=\"text-align: justify\">K\u00fcrdistan B\u00f6lgesi Ba\u015fkan\u0131 Ne\u00e7irvan Barzani, Suriye Arap Ordusu ile Demokratik Suriye G\u00fc\u00e7leri (DSG) aras\u0131nda t\u0131rmanan \u00e7at\u0131\u015fmalara ili\u015fkin yaz\u0131l\u0131 bir a\u00e7\u0131klama yay\u0131mlad\u0131. Barzani, \u00e7at\u0131\u015fmalar\u0131n durdurulmas\u0131 i\u00e7in arabuluculu\u011fa haz\u0131r olduklar\u0131n\u0131 vurgularken, Suriye\u2019nin gelece\u011finde K\u00fcrtlerin haklar\u0131n\u0131n anayasal g\u00fcvence alt\u0131na al\u0131nmas\u0131 gerekti\u011fini belirtti.<\/p>\n<p style=\"text-align: justify\">Ba\u015fkan Ne\u00e7irvan Barzani, Suriye\u2019de ya\u015fanan askeri \u00e7at\u0131\u015fmalar\u0131 &#8220;b\u00fcy\u00fck bir endi\u015feyle&#8221; takip ettiklerini ifade etti.<\/p>\n<p style=\"text-align: justify\">Sava\u015f\u0131n s\u00fcrmesinin sadece Suriye de\u011fil, t\u00fcm b\u00f6lge istikrar\u0131 i\u00e7in ciddi bir tehdit olu\u015fturdu\u011funu belirten Barzani, bu kaos ortam\u0131n\u0131n I\u015e\u0130D\u2019in yeniden canlanma riskini beraberinde getirdi\u011fi uyar\u0131s\u0131nda bulundu.<\/p>\n<p style=\"text-align: justify\"><strong>Arabuluculuk ve ate\u015fkes \u00e7a\u011fr\u0131s\u0131<\/strong><\/p>\n<p style=\"text-align: justify\">Krizin ba\u015flang\u0131c\u0131ndan bu yana b\u00f6lgesel ve uluslararas\u0131 akt\u00f6rlerle temas halinde olduklar\u0131n\u0131 kaydeden Barzani, askeri y\u00f6ntemlerin \u00e7\u00f6z\u00fcm getirmeyece\u011fini vurgulad\u0131.<\/p>\n<p style=\"text-align: justify\">Ba\u015fkan Ne\u00e7irvan Barzani, &#8220;Sava\u015f ve askeri \u00e7at\u0131\u015fmalar hi\u00e7bir sorunu \u00e7\u00f6zmez, aksine durumu daha karma\u015f\u0131k hale getirir. Bar\u0131\u015f\u00e7\u0131l bir \u00e7\u00f6z\u00fcm i\u00e7in diyalog ve anlay\u0131\u015f tek yoldur&#8221; dedi.<\/p>\n<p style=\"text-align: justify\">Barzani, taraflar aras\u0131nda ate\u015fkesin sa\u011flanmas\u0131 ve bir anla\u015fmaya var\u0131lmas\u0131 i\u00e7in K\u00fcrdistan B\u00f6lgesi olarak her t\u00fcrl\u00fc yard\u0131m ve deste\u011fi sunmaya haz\u0131r olduklar\u0131n\u0131 bildirdi.<\/p>\n<p style=\"text-align: justify\"><strong>Uluslararas\u0131 Koalisyon\u2019a \u00e7a\u011fr\u0131<\/strong><\/p>\n<p style=\"text-align: justify\">I\u015e\u0130D Kar\u015f\u0131t\u0131 Uluslararas\u0131 Koalisyon\u2019a da seslenen Ne\u00e7irvan Barzani, b\u00f6lge istikrar\u0131n\u0131n korunmas\u0131 ve I\u015e\u0130D\u2019in geri d\u00f6n\u00fc\u015f\u00fcn\u00fcn engellenmesi konusunda Koalisyon\u2019un \u00fczerine d\u00fc\u015fen sorumlulu\u011fu yerine getirmesi gerekti\u011fini ifade etti.<\/p>\n<p style=\"text-align: justify\">B\u00f6lgedeki g\u00fcvenlik bo\u015flu\u011funun k\u00fcresel bir tehdit olu\u015fturabilece\u011fine dikkat \u00e7ekti.<\/p>\n<p style=\"text-align: justify\"><strong>&#8220;K\u00fcrt haklar\u0131 anayasa ile masun k\u0131l\u0131nmal\u0131&#8221;<\/strong><\/p>\n<p style=\"text-align: justify\">Suriye\u2019nin gelece\u011fine dair siyasi vizyonunu da payla\u015fan Ba\u015fkan Barzani, K\u00fcrtlerin ve Suriye\u2019deki t\u00fcm etnik\/dini bile\u015fenlerin haklar\u0131n\u0131n korunmas\u0131n\u0131n hayati \u00f6nemde oldu\u011funu s\u00f6yledi.<\/p>\n<p style=\"text-align: justify\">Ba\u015fklan Ne\u00e7irvan Barzani, &#8220;K\u00fcrtlerin ve t\u00fcm topluluklar\u0131n haklar\u0131 Suriye\u2019nin gelecekteki anayasas\u0131nda g\u00fcvence alt\u0131na al\u0131nmal\u0131 ve masun k\u0131l\u0131nmal\u0131d\u0131r&#8221; diyerek kal\u0131c\u0131 bar\u0131\u015f\u0131n ancak anayasal haklarla m\u00fcmk\u00fcn olaca\u011f\u0131n\u0131 vurgulad\u0131.<\/p>\n<p style=\"text-align: justify\">Ba\u015fkan Ne\u00e7irvan Barzani\u2019nin mesaj\u0131n\u0131n tam metni:<\/p>\n<p style=\"text-align: justify\">&#8220;Biz K\u00fcrdistan B\u00f6lgesi olarak, Suriye ordu g\u00fc\u00e7leri ile DSG aras\u0131ndaki \u00e7at\u0131\u015fmalar\u0131n ve askeri t\u0131rman\u0131\u015f\u0131n devam etmesini b\u00fcy\u00fck bir endi\u015feyle takip ediyoruz. Sava\u015f ve \u00e7at\u0131\u015fmalar\u0131n s\u00fcrmesi, Suriye&#8217;nin ve genel olarak b\u00f6lgenin huzur ve istikrar\u0131na y\u00f6nelik ciddi bir tehdit olu\u015fturmakta ve I\u015e\u0130D&#8217;in yeniden ortaya \u00e7\u0131kma riskini do\u011furmaktad\u0131r.<\/p>\n<p style=\"text-align: justify\">Gerginli\u011fin ba\u015flang\u0131c\u0131ndan bu yana, \u00e7at\u0131\u015fmalar\u0131n durdurulmas\u0131, sorunlar\u0131n bar\u0131\u015f\u00e7\u0131l \u00e7\u00f6z\u00fcm\u00fc i\u00e7in diyalog ve anlay\u0131\u015f yolunun se\u00e7ilmesi amac\u0131yla b\u00f6lgesel ve uluslararas\u0131 taraflarla s\u00fcrekli temas halindeyiz. Sava\u015f\u0131n ve askeri kar\u015f\u0131la\u015fman\u0131n hi\u00e7bir sorunu \u00e7\u00f6zmeyece\u011fini, aksine durumu daha da karma\u015f\u0131kla\u015ft\u0131raca\u011f\u0131n\u0131 yineliyoruz.<\/p>\n<p style=\"text-align: justify\">Uluslararas\u0131 Koalisyon&#8217;dan, istikrar\u0131n korunmas\u0131 ve I\u015e\u0130D&#8217;in yeniden canlanmas\u0131n\u0131n \u00f6nlenmesi konusundaki g\u00f6revini yerine getirmesini talep ediyoruz. Ayr\u0131ca, sava\u015f\u0131n durdurulmas\u0131, bir ate\u015fkes ve anla\u015fmaya var\u0131lmas\u0131 amac\u0131yla her t\u00fcrl\u00fc i\u015f birli\u011fi ve yard\u0131m\u0131 sunmaya haz\u0131r oldu\u011fumuzu teyit ediyoruz. Suriye&#8217;de K\u00fcrtlerin ve t\u00fcm bile\u015fenlerin haklar\u0131n\u0131n korunmas\u0131 ve gelecekteki Suriye anayasas\u0131nda bu haklar\u0131n g\u00fcvence alt\u0131na al\u0131nmas\u0131 gerekti\u011fini vurguluyoruz.\u201d<\/p>\n","protected":false},"excerpt":{"rendered":"<p>K\u00fcrdistan B\u00f6lgesi Ba\u015fkan\u0131 Ne\u00e7irvan Barzani, Suriye Arap Ordusu ile Demokratik Suriye G\u00fc\u00e7leri (DSG) aras\u0131nda t\u0131rmanan \u00e7at\u0131\u015fmalara ili\u015fkin yaz\u0131l\u0131 bir a\u00e7\u0131klama yay\u0131mlad\u0131. Barzani, \u00e7at\u0131\u015fmalar\u0131n durdurulmas\u0131 i\u00e7in arabuluculu\u011fa haz\u0131r olduklar\u0131n\u0131 vurgularken, Suriye\u2019nin gelece\u011finde K\u00fcrtlerin haklar\u0131n\u0131n anayasal g\u00fcvence alt\u0131na al\u0131nmas\u0131 gerekti\u011fini belirtti. Ba\u015fkan Ne\u00e7irvan Barzani, Suriye\u2019de ya\u015fanan askeri \u00e7at\u0131\u015fmalar\u0131 &#8220;b\u00fcy\u00fck bir endi\u015feyle&#8221; takip ettiklerini ifade etti. Sava\u015f\u0131n s\u00fcrmesinin [&hellip;]<\/p>\n","protected":false},"author":2,"featured_media":1036253,"comment_status":"closed","ping_status":"closed","sticky":false,"template":"","format":"standard","meta":{"footnotes":""},"categories":[3],"tags":[31],"class_list":["post-1036252","post","type-post","status-publish","format-standard","has-post-thumbnail","hentry","category-kurdistan","tag-onemli"],"blocksy_meta":[],"seo_head":"<!-- This site is optimized with the Yoast SEO plugin v27.5 - https:\/\/yoast.com\/product\/yoast-seo-wordpress\/ -->\n<title>Ne\u00e7irvan Barzani: &quot;K\u00fcrtlerin haklar\u0131 Suriye\u2019nin gelecekteki anayasas\u0131nda g\u00fcvence alt\u0131na al\u0131nmal\u0131&quot; - Darka Mazi<\/title>\n<meta name=\"robots\" content=\"index, follow, max-snippet:-1, max-image-preview:large, max-video-preview:-1\" \/>\n<link rel=\"canonical\" href=\"https:\/\/darkamazi.site\/archives\/1036252\" \/>\n<meta property=\"og:locale\" content=\"en_US\" \/>\n<meta property=\"og:type\" content=\"article\" \/>\n<meta property=\"og:title\" content=\"Ne\u00e7irvan Barzani: &quot;K\u00fcrtlerin haklar\u0131 Suriye\u2019nin gelecekteki anayasas\u0131nda g\u00fcvence alt\u0131na al\u0131nmal\u0131&quot; - Darka Mazi\" \/>\n<meta property=\"og:description\" content=\"K\u00fcrdistan B\u00f6lgesi Ba\u015fkan\u0131 Ne\u00e7irvan Barzani, Suriye Arap Ordusu ile Demokratik Suriye G\u00fc\u00e7leri (DSG) aras\u0131nda t\u0131rmanan \u00e7at\u0131\u015fmalara ili\u015fkin yaz\u0131l\u0131 bir a\u00e7\u0131klama yay\u0131mlad\u0131. Barzani, \u00e7at\u0131\u015fmalar\u0131n durdurulmas\u0131 i\u00e7in arabuluculu\u011fa haz\u0131r olduklar\u0131n\u0131 vurgularken, Suriye\u2019nin gelece\u011finde K\u00fcrtlerin haklar\u0131n\u0131n anayasal g\u00fcvence alt\u0131na al\u0131nmas\u0131 gerekti\u011fini belirtti. Ba\u015fkan Ne\u00e7irvan Barzani, Suriye\u2019de ya\u015fanan askeri \u00e7at\u0131\u015fmalar\u0131 &#8220;b\u00fcy\u00fck bir endi\u015feyle&#8221; takip ettiklerini ifade etti. Sava\u015f\u0131n s\u00fcrmesinin [&hellip;]\" \/>\n<meta property=\"og:url\" content=\"https:\/\/darkamazi.site\/archives\/1036252\" \/>\n<meta property=\"og:site_name\" content=\"Darka Mazi\" \/>\n<meta property=\"article:publisher\" content=\"https:\/\/www.facebook.com\/DarkaMaziturkce\" \/>\n<meta property=\"article:published_time\" content=\"2026-01-20T17:26:41+00:00\" \/>\n<meta property=\"og:image\" content=\"https:\/\/darkamazi.site\/file\/2026\/01\/Aciklama.jpg\" \/>\n\t<meta property=\"og:image:width\" content=\"1200\" \/>\n\t<meta property=\"og:image:height\" content=\"677\" \/>\n\t<meta property=\"og:image:type\" content=\"image\/jpeg\" \/>\n<meta name=\"author\" content=\"darka mazi\" \/>\n<meta name=\"twitter:card\" content=\"summary_large_image\" \/>\n<meta name=\"twitter:creator\" content=\"@DarkaMaziTurkce\" \/>\n<meta name=\"twitter:site\" content=\"@DarkaMaziTurkce\" \/>\n<meta name=\"twitter:label1\" content=\"Written by\" \/>\n\t<meta name=\"twitter:data1\" content=\"darka mazi\" \/>\n\t<meta name=\"twitter:label2\" content=\"Est. reading time\" \/>\n\t<meta name=\"twitter:data2\" content=\"2 minutes\" \/>\n<script type=\"application\/ld+json\" class=\"seo-schema-graph\">{\"@context\":\"https:\\\/\\\/schema.org\",\"@graph\":[{\"@type\":\"NewsArticle\",\"@id\":\"https:\\\/\\\/darkamazi.site\\\/archives\\\/1036252#article\",\"isPartOf\":{\"@id\":\"https:\\\/\\\/darkamazi.site\\\/archives\\\/1036252\"},\"author\":{\"name\":\"darka mazi\",\"@id\":\"https:\\\/\\\/darkamazi.site\\\/#\\\/schema\\\/person\\\/67986a95ac546c16760365877ef4a9d3\"},\"headline\":\"Ne\u00e7irvan Barzani: &#8220;K\u00fcrtlerin haklar\u0131 Suriye\u2019nin gelecekteki anayasas\u0131nda g\u00fcvence alt\u0131na al\u0131nmal\u0131&#8221;\",\"datePublished\":\"2026-01-20T17:26:41+00:00\",\"mainEntityOfPage\":{\"@id\":\"https:\\\/\\\/darkamazi.site\\\/archives\\\/1036252\"},\"wordCount\":624,\"publisher\":{\"@id\":\"https:\\\/\\\/darkamazi.site\\\/#organization\"},\"image\":{\"@id\":\"https:\\\/\\\/darkamazi.site\\\/archives\\\/1036252#primaryimage\"},\"thumbnailUrl\":\"https:\\\/\\\/darkamazi.site\\\/darka-content\\\/uploads\\\/2026\\\/01\\\/Aciklama.jpg\",\"keywords\":[\"\u00f6nemli\"],\"articleSection\":[\"Kurdistan\"],\"inLanguage\":\"en-US\"},{\"@type\":\"WebPage\",\"@id\":\"https:\\\/\\\/darkamazi.site\\\/archives\\\/1036252\",\"url\":\"https:\\\/\\\/darkamazi.site\\\/archives\\\/1036252\",\"name\":\"Ne\u00e7irvan Barzani: \\\"K\u00fcrtlerin haklar\u0131 Suriye\u2019nin gelecekteki anayasas\u0131nda g\u00fcvence alt\u0131na al\u0131nmal\u0131\\\" - Darka Mazi\",\"isPartOf\":{\"@id\":\"https:\\\/\\\/darkamazi.site\\\/#website\"},\"primaryImageOfPage\":{\"@id\":\"https:\\\/\\\/darkamazi.site\\\/archives\\\/1036252#primaryimage\"},\"image\":{\"@id\":\"https:\\\/\\\/darkamazi.site\\\/archives\\\/1036252#primaryimage\"},\"thumbnailUrl\":\"https:\\\/\\\/darkamazi.site\\\/darka-content\\\/uploads\\\/2026\\\/01\\\/Aciklama.jpg\",\"datePublished\":\"2026-01-20T17:26:41+00:00\",\"breadcrumb\":{\"@id\":\"https:\\\/\\\/darkamazi.site\\\/archives\\\/1036252#breadcrumb\"},\"inLanguage\":\"en-US\",\"potentialAction\":[{\"@type\":\"ReadAction\",\"target\":[\"https:\\\/\\\/darkamazi.site\\\/archives\\\/1036252\"]}]},{\"@type\":\"ImageObject\",\"inLanguage\":\"en-US\",\"@id\":\"https:\\\/\\\/darkamazi.site\\\/archives\\\/1036252#primaryimage\",\"url\":\"https:\\\/\\\/darkamazi.site\\\/darka-content\\\/uploads\\\/2026\\\/01\\\/Aciklama.jpg\",\"contentUrl\":\"https:\\\/\\\/darkamazi.site\\\/darka-content\\\/uploads\\\/2026\\\/01\\\/Aciklama.jpg\",\"width\":1200,\"height\":677,\"caption\":\"Ne\u00e7irvan Barzani: \\\"K\u00fcrtlerin haklar\u0131 Suriye\u2019nin gelecekteki anayasas\u0131nda g\u00fcvence alt\u0131na al\u0131nmal\u0131\\\"\"},{\"@type\":\"BreadcrumbList\",\"@id\":\"https:\\\/\\\/darkamazi.site\\\/archives\\\/1036252#breadcrumb\",\"itemListElement\":[{\"@type\":\"ListItem\",\"position\":1,\"name\":\"Home\",\"item\":\"https:\\\/\\\/darkamazi.site\\\/\"},{\"@type\":\"ListItem\",\"position\":2,\"name\":\"Ne\u00e7irvan Barzani: &#8220;K\u00fcrtlerin haklar\u0131 Suriye\u2019nin gelecekteki anayasas\u0131nda g\u00fcvence alt\u0131na al\u0131nmal\u0131&#8221;\"}]},{\"@type\":\"WebSite\",\"@id\":\"https:\\\/\\\/darkamazi.site\\\/#website\",\"url\":\"https:\\\/\\\/darkamazi.site\\\/\",\"name\":\"Darka Mazi\",\"description\":\"Ana Sayfa\",\"publisher\":{\"@id\":\"https:\\\/\\\/darkamazi.site\\\/#organization\"},\"potentialAction\":[{\"@type\":\"SearchAction\",\"target\":{\"@type\":\"EntryPoint\",\"urlTemplate\":\"https:\\\/\\\/darkamazi.site\\\/?s={search_term_string}\"},\"query-input\":{\"@type\":\"PropertyValueSpecification\",\"valueRequired\":true,\"valueName\":\"search_term_string\"}}],\"inLanguage\":\"en-US\"},{\"@type\":\"Organization\",\"@id\":\"https:\\\/\\\/darkamazi.site\\\/#organization\",\"name\":\"Darka Mazi T\u00fcrk\u00e7e\",\"alternateName\":\"Darka Mazi\",\"url\":\"https:\\\/\\\/darkamazi.site\\\/\",\"logo\":{\"@type\":\"ImageObject\",\"inLanguage\":\"en-US\",\"@id\":\"https:\\\/\\\/darkamazi.site\\\/#\\\/schema\\\/logo\\\/image\\\/\",\"url\":\"https:\\\/\\\/darkamazi.site\\\/darka-content\\\/uploads\\\/2017\\\/12\\\/darka-mazi-logo.png\",\"contentUrl\":\"https:\\\/\\\/darkamazi.site\\\/darka-content\\\/uploads\\\/2017\\\/12\\\/darka-mazi-logo.png\",\"width\":151,\"height\":75,\"caption\":\"Darka Mazi T\u00fcrk\u00e7e\"},\"image\":{\"@id\":\"https:\\\/\\\/darkamazi.site\\\/#\\\/schema\\\/logo\\\/image\\\/\"},\"sameAs\":[\"https:\\\/\\\/www.facebook.com\\\/DarkaMaziturkce\",\"https:\\\/\\\/x.com\\\/DarkaMaziTurkce\"]},{\"@type\":\"Person\",\"@id\":\"https:\\\/\\\/darkamazi.site\\\/#\\\/schema\\\/person\\\/67986a95ac546c16760365877ef4a9d3\",\"name\":\"darka mazi\",\"sameAs\":[\"https:\\\/\\\/darkamazi.site\"],\"url\":\"https:\\\/\\\/darkamazi.site\\\/archives\\\/author\\\/turkish\"}]}<\/script>\n<!-- \/ Yoast SEO plugin. -->","seo_head_json":{"title":"Ne\u00e7irvan Barzani: \"K\u00fcrtlerin haklar\u0131 Suriye\u2019nin gelecekteki anayasas\u0131nda g\u00fcvence alt\u0131na al\u0131nmal\u0131\" - Darka Mazi","robots":{"index":"index","follow":"follow","max-snippet":"max-snippet:-1","max-image-preview":"max-image-preview:large","max-video-preview":"max-video-preview:-1"},"canonical":"https:\/\/darkamazi.site\/archives\/1036252","og_locale":"en_US","og_type":"article","og_title":"Ne\u00e7irvan Barzani: \"K\u00fcrtlerin haklar\u0131 Suriye\u2019nin gelecekteki anayasas\u0131nda g\u00fcvence alt\u0131na al\u0131nmal\u0131\" - Darka Mazi","og_description":"K\u00fcrdistan B\u00f6lgesi Ba\u015fkan\u0131 Ne\u00e7irvan Barzani, Suriye Arap Ordusu ile Demokratik Suriye G\u00fc\u00e7leri (DSG) aras\u0131nda t\u0131rmanan \u00e7at\u0131\u015fmalara ili\u015fkin yaz\u0131l\u0131 bir a\u00e7\u0131klama yay\u0131mlad\u0131. Barzani, \u00e7at\u0131\u015fmalar\u0131n durdurulmas\u0131 i\u00e7in arabuluculu\u011fa haz\u0131r olduklar\u0131n\u0131 vurgularken, Suriye\u2019nin gelece\u011finde K\u00fcrtlerin haklar\u0131n\u0131n anayasal g\u00fcvence alt\u0131na al\u0131nmas\u0131 gerekti\u011fini belirtti. Ba\u015fkan Ne\u00e7irvan Barzani, Suriye\u2019de ya\u015fanan askeri \u00e7at\u0131\u015fmalar\u0131 &#8220;b\u00fcy\u00fck bir endi\u015feyle&#8221; takip ettiklerini ifade etti. Sava\u015f\u0131n s\u00fcrmesinin [&hellip;]","og_url":"https:\/\/darkamazi.site\/archives\/1036252","og_site_name":"Darka Mazi","article_publisher":"https:\/\/www.facebook.com\/DarkaMaziturkce","article_published_time":"2026-01-20T17:26:41+00:00","og_image":[{"width":1200,"height":677,"url":"https:\/\/darkamazi.site\/file\/2026\/01\/Aciklama.jpg","type":"image\/jpeg"}],"author":"darka mazi","twitter_card":"summary_large_image","twitter_creator":"@DarkaMaziTurkce","twitter_site":"@DarkaMaziTurkce","twitter_misc":{"Written by":"darka mazi","Est. reading time":"2 minutes"},"schema":{"@context":"https:\/\/schema.org","@graph":[{"@type":"NewsArticle","@id":"https:\/\/darkamazi.site\/archives\/1036252#article","isPartOf":{"@id":"https:\/\/darkamazi.site\/archives\/1036252"},"author":{"name":"darka mazi","@id":"https:\/\/darkamazi.site\/#\/schema\/person\/67986a95ac546c16760365877ef4a9d3"},"headline":"Ne\u00e7irvan Barzani: &#8220;K\u00fcrtlerin haklar\u0131 Suriye\u2019nin gelecekteki anayasas\u0131nda g\u00fcvence alt\u0131na al\u0131nmal\u0131&#8221;","datePublished":"2026-01-20T17:26:41+00:00","mainEntityOfPage":{"@id":"https:\/\/darkamazi.site\/archives\/1036252"},"wordCount":624,"publisher":{"@id":"https:\/\/darkamazi.site\/#organization"},"image":{"@id":"https:\/\/darkamazi.site\/archives\/1036252#primaryimage"},"thumbnailUrl":"https:\/\/darkamazi.site\/file\/2026\/01\/Aciklama.jpg","keywords":["\u00f6nemli"],"articleSection":["Kurdistan"],"inLanguage":"en-US"},{"@type":"WebPage","@id":"https:\/\/darkamazi.site\/archives\/1036252","url":"https:\/\/darkamazi.site\/archives\/1036252","name":"Ne\u00e7irvan Barzani: \"K\u00fcrtlerin haklar\u0131 Suriye\u2019nin gelecekteki anayasas\u0131nda g\u00fcvence alt\u0131na al\u0131nmal\u0131\" - Darka Mazi","isPartOf":{"@id":"https:\/\/darkamazi.site\/#website"},"primaryImageOfPage":{"@id":"https:\/\/darkamazi.site\/archives\/1036252#primaryimage"},"image":{"@id":"https:\/\/darkamazi.site\/archives\/1036252#primaryimage"},"thumbnailUrl":"https:\/\/darkamazi.site\/file\/2026\/01\/Aciklama.jpg","datePublished":"2026-01-20T17:26:41+00:00","breadcrumb":{"@id":"https:\/\/darkamazi.site\/archives\/1036252#breadcrumb"},"inLanguage":"en-US","potentialAction":[{"@type":"ReadAction","target":["https:\/\/darkamazi.site\/archives\/1036252"]}]},{"@type":"ImageObject","inLanguage":"en-US","@id":"https:\/\/darkamazi.site\/archives\/1036252#primaryimage","url":"https:\/\/darkamazi.site\/file\/2026\/01\/Aciklama.jpg","contentUrl":"https:\/\/darkamazi.site\/file\/2026\/01\/Aciklama.jpg","width":1200,"height":677,"caption":"Ne\u00e7irvan Barzani: \"K\u00fcrtlerin haklar\u0131 Suriye\u2019nin gelecekteki anayasas\u0131nda g\u00fcvence alt\u0131na al\u0131nmal\u0131\""},{"@type":"BreadcrumbList","@id":"https:\/\/darkamazi.site\/archives\/1036252#breadcrumb","itemListElement":[{"@type":"ListItem","position":1,"name":"Home","item":"https:\/\/darkamazi.site\/"},{"@type":"ListItem","position":2,"name":"Ne\u00e7irvan Barzani: &#8220;K\u00fcrtlerin haklar\u0131 Suriye\u2019nin gelecekteki anayasas\u0131nda g\u00fcvence alt\u0131na al\u0131nmal\u0131&#8221;"}]},{"@type":"WebSite","@id":"https:\/\/darkamazi.site\/#website","url":"https:\/\/darkamazi.site\/","name":"Darka Mazi","description":"Ana Sayfa","publisher":{"@id":"https:\/\/darkamazi.site\/#organization"},"potentialAction":[{"@type":"SearchAction","target":{"@type":"EntryPoint","urlTemplate":"https:\/\/darkamazi.site\/?s={search_term_string}"},"query-input":{"@type":"PropertyValueSpecification","valueRequired":true,"valueName":"search_term_string"}}],"inLanguage":"en-US"},{"@type":"Organization","@id":"https:\/\/darkamazi.site\/#organization","name":"Darka Mazi T\u00fcrk\u00e7e","alternateName":"Darka Mazi","url":"https:\/\/darkamazi.site\/","logo":{"@type":"ImageObject","inLanguage":"en-US","@id":"https:\/\/darkamazi.site\/#\/schema\/logo\/image\/","url":"https:\/\/darkamazi.site\/file\/2017\/12\/darka-mazi-logo.png","contentUrl":"https:\/\/darkamazi.site\/file\/2017\/12\/darka-mazi-logo.png","width":151,"height":75,"caption":"Darka Mazi T\u00fcrk\u00e7e"},"image":{"@id":"https:\/\/darkamazi.site\/#\/schema\/logo\/image\/"},"sameAs":["https:\/\/www.facebook.com\/DarkaMaziturkce","https:\/\/x.com\/DarkaMaziTurkce"]},{"@type":"Person","@id":"https:\/\/darkamazi.site\/#\/schema\/person\/67986a95ac546c16760365877ef4a9d3","name":"darka mazi","sameAs":["https:\/\/darkamazi.site"],"url":"https:\/\/darkamazi.site\/archives\/author\/turkish"}]}},"_links":{"self":[{"href":"https:\/\/darkamazi.site\/funavuv\/wp\/v2\/posts\/1036252","targetHints":{"allow":["GET"]}}],"collection":[{"href":"https:\/\/darkamazi.site\/funavuv\/wp\/v2\/posts"}],"about":[{"href":"https:\/\/darkamazi.site\/funavuv\/wp\/v2\/types\/post"}],"author":[{"embeddable":true,"href":"https:\/\/darkamazi.site\/funavuv\/wp\/v2\/users\/2"}],"replies":[{"embeddable":true,"href":"https:\/\/darkamazi.site\/funavuv\/wp\/v2\/comments?post=1036252"}],"version-history":[{"count":0,"href":"https:\/\/darkamazi.site\/funavuv\/wp\/v2\/posts\/1036252\/revisions"}],"wp:featuredmedia":[{"embeddable":true,"href":"https:\/\/darkamazi.site\/funavuv\/wp\/v2\/media\/1036253"}],"wp:attachment":[{"href":"https:\/\/darkamazi.site\/funavuv\/wp\/v2\/media?parent=1036252"}],"wp:term":[{"taxonomy":"category","embeddable":true,"href":"https:\/\/darkamazi.site\/funavuv\/wp\/v2\/categories?post=1036252"},{"taxonomy":"post_tag","embeddable":true,"href":"https:\/\/darkamazi.site\/funavuv\/wp\/v2\/tags?post=1036252"}],"curies":[{"name":"wp","href":"https:\/\/api.w.org\/{rel}","templated":true}]}}