{"id":1036255,"date":"2026-01-20T20:35:50","date_gmt":"2026-01-20T17:35:50","guid":{"rendered":"https:\/\/darkamazi.site\/?p=1036255"},"modified":"2026-01-20T20:35:50","modified_gmt":"2026-01-20T17:35:50","slug":"tom-barracak-kurt-kazanimlarini-hice-sayan-bir-konusma-yapti-dsg-birincil-guc-olma-miadini-tamamladi","status":"publish","type":"post","link":"https:\/\/darkamazi.site\/archives\/1036255","title":{"rendered":"Tom Barracak K\u00fcrt kazan\u0131mlar\u0131n\u0131 hi\u00e7e sayan bir konu\u015fma yapt\u0131: DSG birincil g\u00fc\u00e7 olma miad\u0131n\u0131 tamamlad\u0131&#8221;"},"content":{"rendered":"<p style=\"text-align: justify\">\u00a0ABD&#8217;nin Ankara B\u00fcy\u00fckel\u00e7isi ve Suriye \u00d6zel Temsilcisi Tom Barrack, Suriye\u2019de Esad sonras\u0131 d\u00f6nemde Ahmed \u015eara liderli\u011findeki yeni h\u00fck\u00fcmetle birlikte K\u00fcrtlerin ve Demokratik Suriye G\u00fc\u00e7leri\u2019nin (DSG) gelece\u011fine dair bir a\u00e7\u0131klama yay\u0131mlad\u0131. Barrack, mevcut s\u00fcreci K\u00fcrtlerin on y\u0131llard\u0131r mahrum b\u0131rak\u0131ld\u0131\u011f\u0131 haklara kavu\u015fmas\u0131 i\u00e7in &#8220;tarihi bir f\u0131rsat&#8221; olarak nitelendirdi.<\/p>\n<p style=\"text-align: justify\">B\u00fcy\u00fckel\u00e7i Barrack, X hesab\u0131ndan yapt\u0131\u011f\u0131 a\u00e7\u0131klamada, Be\u015far Esad rejimi d\u00f6neminde K\u00fcrtlerin vatans\u0131zl\u0131k, dil yasaklar\u0131 ve sistematik ayr\u0131mc\u0131l\u0131kla kar\u015f\u0131 kar\u015f\u0131ya kald\u0131\u011f\u0131n\u0131 hat\u0131rlatarak, yeni h\u00fck\u00fcmetle birlikte tam vatanda\u015fl\u0131k, k\u00fclt\u00fcrel koruma ve siyasi kat\u0131l\u0131m yolunun a\u00e7\u0131ld\u0131\u011f\u0131n\u0131 belirtti.<\/p>\n<p style=\"text-align: justify\">Barrack, K\u00fcrtlerin Suriye devletine entegrasyonunun, bu haklar\u0131n anayasal g\u00fcvenceye al\u0131nmas\u0131 i\u00e7in en ger\u00e7ek\u00e7i se\u00e7enek oldu\u011funu vurgulad\u0131.<\/p>\n<p style=\"text-align: justify\"><strong>&#8220;DSG\u2019nin birincil g\u00fc\u00e7 olma rol\u00fc miad\u0131n\u0131 doldurdu&#8221;<\/strong><\/p>\n<p style=\"text-align: justify\">DSG ile kurulan ortakl\u0131\u011f\u0131n temel dayana\u011f\u0131n\u0131n I\u015e\u0130D ile m\u00fccadele oldu\u011funu ifade eden Barrack, durumun temelden de\u011fi\u015fti\u011fini s\u00f6yledi.<\/p>\n<p style=\"text-align: justify\">Barrack, \u015fu ifadeleri kulland\u0131:<\/p>\n<p style=\"text-align: justify\">&#8220;2019\u2019da I\u015e\u0130D\u2019in b\u00f6lgesel hilafeti yenilirken DSG en etkili orta\u011f\u0131m\u0131zd\u0131. O d\u00f6nemde muhatap al\u0131nacak i\u015fleyen bir merkezi devlet yoktu. Ancak bug\u00fcn Suriye h\u00fck\u00fcmeti, I\u015e\u0130D Kar\u015f\u0131t\u0131 K\u00fcresel Koalisyon\u2019un 90. \u00fcyesi olmu\u015ftur. \u015eam y\u00f6netimi art\u0131k g\u00fcvenlik sorumluluklar\u0131n\u0131 ve cezaevlerinin kontrol\u00fcn\u00fc devralmaya haz\u0131r ve isteklidir. Bu nedenle DSG\u2019nin sahadaki birincil g\u00fc\u00e7 olma gerek\u00e7esi b\u00fcy\u00fck \u00f6l\u00e7\u00fcde miad\u0131n\u0131 doldurmu\u015ftur.&#8221;<\/p>\n<p style=\"text-align: justify\"><strong>18 Ocak anla\u015fmas\u0131 ve entegrasyonun detaylar\u0131<\/strong><\/p>\n<p style=\"text-align: justify\">ABD\u2019nin ayr\u0131 bir DSG yap\u0131s\u0131n\u0131 s\u00fcrd\u00fcrmek yerine bar\u0131\u015f\u00e7\u0131l bir ge\u00e7i\u015fi kolayla\u015ft\u0131rd\u0131\u011f\u0131n\u0131 belirten el\u00e7i, 18 Ocak\u2019ta imzalanan anla\u015fman\u0131n detaylar\u0131na de\u011findi.<\/p>\n<p style=\"text-align: justify\">Anla\u015fman\u0131n; DSG sava\u015f\u00e7\u0131lar\u0131n\u0131n Suriye ulusal ordusuna &#8220;bireysel&#8221; olarak kat\u0131l\u0131m\u0131n\u0131, petrol sahalar\u0131, barajlar ve s\u0131n\u0131r kap\u0131lar\u0131 gibi stratejik noktalar\u0131n \u015eam\u2019a devredilmesini \u00f6ng\u00f6rd\u00fc\u011f\u00fcn\u00fc teyit etti.<\/p>\n<p style=\"text-align: justify\"><strong>ABD\u2019den federalizm mesaj\u0131<\/strong><\/p>\n<p style=\"text-align: justify\">ABD\u2019nin Suriye\u2019de uzun s\u00fcreli askeri varl\u0131k s\u00fcrd\u00fcrme niyetinde olmad\u0131\u011f\u0131n\u0131 vurgulayan Tom Barrack, Washington\u2019\u0131n \u00f6nceliklerini \u015f\u00f6yle s\u0131ralad\u0131:<\/p>\n<p style=\"text-align: justify\">&#8220;Bizim \u00f6nceli\u011fimiz ayr\u0131l\u0131k\u00e7\u0131l\u0131\u011f\u0131 veya federalizmi desteklemek de\u011fil; Suriye\u2019nin ulusal birli\u011fini ilerletmek, uzla\u015fmay\u0131 desteklemek ve I\u015e\u0130D kal\u0131nt\u0131lar\u0131n\u0131 tamamen bitirmektir. K\u00fcrtlerin yeni Suriye devletine entegrasyonu; Nevruz\u2019un ulusal bayram olmas\u0131, K\u00fcrt\u00e7e e\u011fitim ve y\u00f6netime kat\u0131l\u0131m gibi haklar\u0131, DSG\u2019nin i\u00e7 sava\u015f kaosunda sahip oldu\u011fu yar\u0131-\u00f6zerkli\u011fin \u00e7ok \u00f6tesinde, kal\u0131c\u0131 ve anayasal bir stat\u00fcye kavu\u015fturacakt\u0131r.&#8221;<\/p>\n<p style=\"text-align: justify\">S\u00fcre\u00e7teki risklerin fark\u0131nda olduklar\u0131n\u0131 belirten B\u00fcy\u00fckel\u00e7i, ABD diplomasisinin K\u00fcrt haklar\u0131 ve I\u015e\u0130D kar\u015f\u0131t\u0131 i\u015f birli\u011fi konusunda g\u00fcvenceler i\u00e7in bast\u0131rmaya devam edece\u011fini s\u00f6yledi.<\/p>\n<p style=\"text-align: justify\">Amerika Birle\u015fik Devletleri\u2019nin \u015fu an iki ana konuya odakland\u0131\u011f\u0131n\u0131 belirten Barrack, bunlar\u0131 \u015f\u00f6yle s\u0131ralad\u0131:<\/p>\n<p style=\"text-align: justify\">\u201cI\u015e\u0130D mahkumlar\u0131n\u0131n tutuldu\u011fu cezaevlerinin g\u00fcvenli\u011fini sa\u011flamak ve K\u00fcrt n\u00fcfusun siyasi olarak tam Suriye vatanda\u015fl\u0131\u011f\u0131na dahil edilmesi i\u00e7in DSG ile Suriye h\u00fck\u00fcmeti aras\u0131ndaki g\u00f6r\u00fc\u015fmeleri kolayla\u015ft\u0131rmak.\u201d<\/p>\n<p style=\"text-align: justify\">\u0130\u015fte ABD\u2019nin Suriye B\u00fcy\u00fckel\u00e7isi Tom Barrack\u2019\u0131n a\u00e7\u0131klamas\u0131n\u0131n tam metni:<\/p>\n<p style=\"text-align: justify\">\u201cSuriye\u2019deki K\u00fcrtler i\u00e7in en b\u00fcy\u00fck f\u0131rsat, \u015fu anda Devlet Ba\u015fkan\u0131 Ahmed el-\u015eara liderli\u011findeki yeni h\u00fck\u00fcmetin y\u00f6netimindeki Esad sonras\u0131 ge\u00e7i\u015f s\u00fcrecinde yatmaktad\u0131r. Bu an; Be\u015far Esad rejimi alt\u0131nda on y\u0131llard\u0131r reddedilen, bir\u00e7ok K\u00fcrt\u2019\u00fcn vatans\u0131zl\u0131kla, dil k\u0131s\u0131tlamalar\u0131yla ve sistematik ayr\u0131mc\u0131l\u0131kla kar\u015f\u0131 kar\u015f\u0131ya kald\u0131\u011f\u0131 bir d\u00f6nemden sonra, vatanda\u015fl\u0131k haklar\u0131, k\u00fclt\u00fcrel korumalar ve siyasi kat\u0131l\u0131mla birle\u015fik bir Suriye devletine tam entegrasyon i\u00e7in bir yol sunmaktad\u0131r.<\/p>\n<p style=\"text-align: justify\">Tarihsel olarak, kuzeydo\u011fu Suriye&#8217;deki ABD askeri varl\u0131\u011f\u0131, \u00f6ncelikle I\u015e\u0130D kar\u015f\u0131t\u0131 bir ortakl\u0131k olarak gerek\u00e7elendirilmi\u015fti. K\u00fcrtlerin \u00f6nc\u00fcl\u00fc\u011f\u00fcndeki Suriye Demokratik G\u00fc\u00e7leri (DSG), 2019 y\u0131l\u0131na kadar I\u015e\u0130D&#8217;in b\u00f6lgesel hilafetini yenmede en etkili kara orta\u011f\u0131 oldu\u011funu kan\u0131tlad\u0131; El-Hol ve \u015eedadi gibi hapishane ve kamplarda binlerce I\u015e\u0130D sava\u015f\u00e7\u0131s\u0131n\u0131 ve aile \u00fcyesini g\u00f6zalt\u0131nda tuttu. O d\u00f6nemde ortakl\u0131k kurulabilecek i\u015fleyen bir merkezi Suriye devleti yoktu; Esad rejimi zay\u0131flam\u0131\u015ft\u0131, tart\u0131\u015fmal\u0131 bir konumdayd\u0131 ve \u0130ran ile Rusya ile olan ittifaklar\u0131 nedeniyle I\u015e\u0130D&#8217;e kar\u015f\u0131 uygun bir ortak de\u011fildi.<\/p>\n<p style=\"text-align: justify\">Bug\u00fcn durum temelden de\u011fi\u015fmi\u015ftir. Suriye art\u0131k, I\u015e\u0130D&#8217;i Yenme K\u00fcresel Koalisyonu&#8217;na kat\u0131lm\u0131\u015f (2025 sonlar\u0131nda 90. \u00fcye olarak), Bat\u0131&#8217;ya y\u00f6nelme ve ter\u00f6rle m\u00fccadelede ABD ile i\u015f birli\u011fi sinyali veren, tan\u0131nm\u0131\u015f bir merkezi h\u00fck\u00fcmete sahiptir. Bu durum ABD-DSG ortakl\u0131\u011f\u0131n\u0131n mant\u0131\u011f\u0131n\u0131 de\u011fi\u015ftirmektedir: \u015eam&#8217;\u0131n art\u0131k I\u015e\u0130D cezaevleri ve kamplar\u0131n\u0131n kontrol\u00fc de dahil olmak \u00fczere g\u00fcvenlik sorumluluklar\u0131n\u0131 \u00fcstlenmeye hem istekli hem de haz\u0131r olmas\u0131yla, DSG&#8217;nin sahadaki birincil I\u015e\u0130D kar\u015f\u0131t\u0131 g\u00fc\u00e7 olma amac\u0131 b\u00fcy\u00fck \u00f6l\u00e7\u00fcde miad\u0131n\u0131 doldurmu\u015ftur.<\/p>\n<p style=\"text-align: justify\">Son geli\u015fmeler, ABD&#8217;nin ayr\u0131 bir DSG rol\u00fcn\u00fc uzatmak yerine bu ge\u00e7i\u015fi aktif olarak kolayla\u015ft\u0131rd\u0131\u011f\u0131n\u0131 g\u00f6stermektedir:<\/p>\n<p style=\"text-align: justify\">18 Ocak&#8217;ta imzalanan entegrasyon anla\u015fmas\u0131n\u0131 g\u00fcvence alt\u0131na almak ve zaman\u0131nda, bar\u0131\u015f\u00e7\u0131l bir uygulama i\u00e7in net bir yol haritas\u0131 belirlemek amac\u0131yla Suriye H\u00fck\u00fcmeti ve DSG liderli\u011fiyle kapsaml\u0131 g\u00f6r\u00fc\u015fmeler y\u00fcr\u00fctt\u00fck.<\/p>\n<p style=\"text-align: justify\">Anla\u015fma; DSG sava\u015f\u00e7\u0131lar\u0131n\u0131n ulusal orduya (en tart\u0131\u015fmal\u0131 konulardan biri olmaya devam eden &#8220;bireysel kat\u0131l\u0131m&#8221; temelinde) entegre edilmesini, kilit altyap\u0131n\u0131n (petrol sahalar\u0131, barajlar, s\u0131n\u0131r kap\u0131lar\u0131) devredilmesini ve I\u015e\u0130D hapishaneleri ile kamplar\u0131n\u0131n kontrol\u00fcn\u00fcn \u015eam&#8217;a b\u0131rak\u0131lmas\u0131n\u0131 \u00f6ng\u00f6rmektedir.<\/p>\n<p style=\"text-align: justify\">ABD&#8217;nin uzun s\u00fcreli askeri varl\u0131k gibi bir \u00e7\u0131kar\u0131 yoktur; \u00f6nceli\u011fi ayr\u0131l\u0131k\u00e7\u0131l\u0131\u011f\u0131 veya federalizmi onaylamadan I\u015e\u0130D kal\u0131nt\u0131lar\u0131n\u0131 yenmek, uzla\u015fmay\u0131 desteklemek ve ulusal birli\u011fi ilerletmektir.<\/p>\n<p style=\"text-align: justify\">Bu durum K\u00fcrtler i\u00e7in e\u015fsiz bir pencere a\u00e7maktad\u0131r: Yeni Suriye devletine entegrasyon; tam vatanda\u015fl\u0131k haklar\u0131 (daha \u00f6nce vatans\u0131z olanlar dahil), Suriye&#8217;nin ayr\u0131lmaz bir par\u00e7as\u0131 olarak tan\u0131nma, K\u00fcrt dili ve k\u00fclt\u00fcr\u00fc i\u00e7in anayasal korumalar (\u00f6rne\u011fin K\u00fcrt\u00e7e e\u011fitim, Newruz&#8217;un ulusal bayram olarak kutlanmas\u0131) ve y\u00f6netime kat\u0131l\u0131m gibi, DSG&#8217;nin i\u00e7 sava\u015f kaosu i\u00e7inde sahip oldu\u011fu yar\u0131-\u00f6zerkli\u011fin \u00e7ok \u00f6tesinde imkanlar sunmaktad\u0131r.<\/p>\n<p style=\"text-align: justify\">Riskler (k\u0131r\u0131lgan ate\u015fkesler, zaman zaman ya\u015fanan \u00e7at\u0131\u015fmalar, sertlik yanl\u0131lar\u0131na dair endi\u015feler veya baz\u0131 akt\u00f6rlerin ge\u00e7mi\u015fteki husumetleri yeniden canland\u0131rma arzusu gibi) devam etse de, Amerika Birle\u015fik Devletleri K\u00fcrt haklar\u0131 ve I\u015e\u0130D kar\u015f\u0131t\u0131 i\u015f birli\u011fi konusunda g\u00fcvenceler i\u00e7in bast\u0131rmaktad\u0131r. Alternatif olan uzun s\u00fcreli ayr\u0131l\u0131k, istikrars\u0131zl\u0131\u011fa veya I\u015e\u0130D&#8217;in yeniden canlanmas\u0131na davetiye \u00e7\u0131karabilir. ABD diplomasisi taraf\u0131ndan desteklenen bu entegrasyon, K\u00fcrtlerin tan\u0131nm\u0131\u015f bir Suriye ulus-devleti i\u00e7inde kal\u0131c\u0131 haklar ve g\u00fcvenlik elde etmeleri i\u00e7in \u015fimdiye kadarki en g\u00fc\u00e7l\u00fc \u015fans\u0131 temsil etmektedir.<\/p>\n<p style=\"text-align: justify\">Suriye&#8217;de Amerika Birle\u015fik Devletleri \u015fu konulara odaklanm\u0131\u015ft\u0131r:<\/p>\n<p style=\"text-align: justify\">1- Halihaz\u0131rda DSG taraf\u0131ndan korunan ve I\u015e\u0130D mahkumlar\u0131n\u0131 bar\u0131nd\u0131ran hapishane tesislerinin g\u00fcvenli\u011fini sa\u011flamak.<\/p>\n<p style=\"text-align: justify\">2 &#8211; DSG&#8217;nin bar\u0131\u015f\u00e7\u0131l entegrasyonunu ve Suriye&#8217;nin K\u00fcrt n\u00fcfusunun tarihi, tam bir Suriye vatanda\u015fl\u0131\u011f\u0131na siyasi kat\u0131l\u0131m\u0131n\u0131 sa\u011flamak i\u00e7in DSG ile Suriye H\u00fck\u00fcmeti aras\u0131ndaki g\u00f6r\u00fc\u015fmeleri kolayla\u015ft\u0131rmak.\u201d<\/p>\n","protected":false},"excerpt":{"rendered":"<p>\u00a0ABD&#8217;nin Ankara B\u00fcy\u00fckel\u00e7isi ve Suriye \u00d6zel Temsilcisi Tom Barrack, Suriye\u2019de Esad sonras\u0131 d\u00f6nemde Ahmed \u015eara liderli\u011findeki yeni h\u00fck\u00fcmetle birlikte K\u00fcrtlerin ve Demokratik Suriye G\u00fc\u00e7leri\u2019nin (DSG) gelece\u011fine dair bir a\u00e7\u0131klama yay\u0131mlad\u0131. Barrack, mevcut s\u00fcreci K\u00fcrtlerin on y\u0131llard\u0131r mahrum b\u0131rak\u0131ld\u0131\u011f\u0131 haklara kavu\u015fmas\u0131 i\u00e7in &#8220;tarihi bir f\u0131rsat&#8221; olarak nitelendirdi. B\u00fcy\u00fckel\u00e7i Barrack, X hesab\u0131ndan yapt\u0131\u011f\u0131 a\u00e7\u0131klamada, Be\u015far Esad rejimi [&hellip;]<\/p>\n","protected":false},"author":2,"featured_media":1036256,"comment_status":"closed","ping_status":"closed","sticky":false,"template":"","format":"standard","meta":{"footnotes":""},"categories":[6],"tags":[31],"class_list":["post-1036255","post","type-post","status-publish","format-standard","has-post-thumbnail","hentry","category-dunya","tag-onemli"],"blocksy_meta":[],"seo_head":"<!-- This site is optimized with the Yoast SEO plugin v27.5 - https:\/\/yoast.com\/product\/yoast-seo-wordpress\/ -->\n<title>Tom Barracak K\u00fcrt kazan\u0131mlar\u0131n\u0131 hi\u00e7e sayan bir konu\u015fma yapt\u0131: DSG birincil g\u00fc\u00e7 olma miad\u0131n\u0131 tamamlad\u0131&quot; - Darka Mazi<\/title>\n<meta name=\"robots\" content=\"index, follow, max-snippet:-1, max-image-preview:large, max-video-preview:-1\" \/>\n<link rel=\"canonical\" href=\"https:\/\/darkamazi.site\/archives\/1036255\" \/>\n<meta property=\"og:locale\" content=\"en_US\" \/>\n<meta property=\"og:type\" content=\"article\" \/>\n<meta property=\"og:title\" content=\"Tom Barracak K\u00fcrt kazan\u0131mlar\u0131n\u0131 hi\u00e7e sayan bir konu\u015fma yapt\u0131: DSG birincil g\u00fc\u00e7 olma miad\u0131n\u0131 tamamlad\u0131&quot; - Darka Mazi\" \/>\n<meta property=\"og:description\" content=\"\u00a0ABD&#8217;nin Ankara B\u00fcy\u00fckel\u00e7isi ve Suriye \u00d6zel Temsilcisi Tom Barrack, Suriye\u2019de Esad sonras\u0131 d\u00f6nemde Ahmed \u015eara liderli\u011findeki yeni h\u00fck\u00fcmetle birlikte K\u00fcrtlerin ve Demokratik Suriye G\u00fc\u00e7leri\u2019nin (DSG) gelece\u011fine dair bir a\u00e7\u0131klama yay\u0131mlad\u0131. Barrack, mevcut s\u00fcreci K\u00fcrtlerin on y\u0131llard\u0131r mahrum b\u0131rak\u0131ld\u0131\u011f\u0131 haklara kavu\u015fmas\u0131 i\u00e7in &#8220;tarihi bir f\u0131rsat&#8221; olarak nitelendirdi. B\u00fcy\u00fckel\u00e7i Barrack, X hesab\u0131ndan yapt\u0131\u011f\u0131 a\u00e7\u0131klamada, Be\u015far Esad rejimi [&hellip;]\" \/>\n<meta property=\"og:url\" content=\"https:\/\/darkamazi.site\/archives\/1036255\" \/>\n<meta property=\"og:site_name\" content=\"Darka Mazi\" \/>\n<meta property=\"article:publisher\" content=\"https:\/\/www.facebook.com\/DarkaMaziturkce\" \/>\n<meta property=\"article:published_time\" content=\"2026-01-20T17:35:50+00:00\" \/>\n<meta property=\"og:image\" content=\"https:\/\/darkamazi.site\/file\/2026\/01\/barrack-scaled.jpg\" \/>\n\t<meta property=\"og:image:width\" content=\"2560\" \/>\n\t<meta property=\"og:image:height\" content=\"1707\" \/>\n\t<meta property=\"og:image:type\" content=\"image\/jpeg\" \/>\n<meta name=\"author\" content=\"darka mazi\" \/>\n<meta name=\"twitter:card\" content=\"summary_large_image\" \/>\n<meta name=\"twitter:creator\" content=\"@DarkaMaziTurkce\" \/>\n<meta name=\"twitter:site\" content=\"@DarkaMaziTurkce\" \/>\n<meta name=\"twitter:label1\" content=\"Written by\" \/>\n\t<meta name=\"twitter:data1\" content=\"darka mazi\" \/>\n\t<meta name=\"twitter:label2\" content=\"Est. reading time\" \/>\n\t<meta name=\"twitter:data2\" content=\"4 minutes\" \/>\n<script type=\"application\/ld+json\" class=\"seo-schema-graph\">{\"@context\":\"https:\\\/\\\/schema.org\",\"@graph\":[{\"@type\":\"NewsArticle\",\"@id\":\"https:\\\/\\\/darkamazi.site\\\/archives\\\/1036255#article\",\"isPartOf\":{\"@id\":\"https:\\\/\\\/darkamazi.site\\\/archives\\\/1036255\"},\"author\":{\"name\":\"darka mazi\",\"@id\":\"https:\\\/\\\/darkamazi.site\\\/#\\\/schema\\\/person\\\/67986a95ac546c16760365877ef4a9d3\"},\"headline\":\"Tom Barracak K\u00fcrt kazan\u0131mlar\u0131n\u0131 hi\u00e7e sayan bir konu\u015fma yapt\u0131: DSG birincil g\u00fc\u00e7 olma miad\u0131n\u0131 tamamlad\u0131&#8221;\",\"datePublished\":\"2026-01-20T17:35:50+00:00\",\"mainEntityOfPage\":{\"@id\":\"https:\\\/\\\/darkamazi.site\\\/archives\\\/1036255\"},\"wordCount\":1355,\"publisher\":{\"@id\":\"https:\\\/\\\/darkamazi.site\\\/#organization\"},\"image\":{\"@id\":\"https:\\\/\\\/darkamazi.site\\\/archives\\\/1036255#primaryimage\"},\"thumbnailUrl\":\"https:\\\/\\\/darkamazi.site\\\/darka-content\\\/uploads\\\/2026\\\/01\\\/barrack-scaled.jpg\",\"keywords\":[\"\u00f6nemli\"],\"articleSection\":[\"D\u00fcnya\"],\"inLanguage\":\"en-US\"},{\"@type\":\"WebPage\",\"@id\":\"https:\\\/\\\/darkamazi.site\\\/archives\\\/1036255\",\"url\":\"https:\\\/\\\/darkamazi.site\\\/archives\\\/1036255\",\"name\":\"Tom Barracak K\u00fcrt kazan\u0131mlar\u0131n\u0131 hi\u00e7e sayan bir konu\u015fma yapt\u0131: DSG birincil g\u00fc\u00e7 olma miad\u0131n\u0131 tamamlad\u0131\\\" - Darka Mazi\",\"isPartOf\":{\"@id\":\"https:\\\/\\\/darkamazi.site\\\/#website\"},\"primaryImageOfPage\":{\"@id\":\"https:\\\/\\\/darkamazi.site\\\/archives\\\/1036255#primaryimage\"},\"image\":{\"@id\":\"https:\\\/\\\/darkamazi.site\\\/archives\\\/1036255#primaryimage\"},\"thumbnailUrl\":\"https:\\\/\\\/darkamazi.site\\\/darka-content\\\/uploads\\\/2026\\\/01\\\/barrack-scaled.jpg\",\"datePublished\":\"2026-01-20T17:35:50+00:00\",\"breadcrumb\":{\"@id\":\"https:\\\/\\\/darkamazi.site\\\/archives\\\/1036255#breadcrumb\"},\"inLanguage\":\"en-US\",\"potentialAction\":[{\"@type\":\"ReadAction\",\"target\":[\"https:\\\/\\\/darkamazi.site\\\/archives\\\/1036255\"]}]},{\"@type\":\"ImageObject\",\"inLanguage\":\"en-US\",\"@id\":\"https:\\\/\\\/darkamazi.site\\\/archives\\\/1036255#primaryimage\",\"url\":\"https:\\\/\\\/darkamazi.site\\\/darka-content\\\/uploads\\\/2026\\\/01\\\/barrack-scaled.jpg\",\"contentUrl\":\"https:\\\/\\\/darkamazi.site\\\/darka-content\\\/uploads\\\/2026\\\/01\\\/barrack-scaled.jpg\",\"width\":2560,\"height\":1707,\"caption\":\"Tom Barracak K\u00fcrt kazan\u0131mlar\u0131n\u0131 hi\u00e7e sayan bir konu\u015fma yapt\u0131: DSG birincil g\u00fc\u00e7 olma miad\u0131n\u0131 tamamlad\u0131\\\"\"},{\"@type\":\"BreadcrumbList\",\"@id\":\"https:\\\/\\\/darkamazi.site\\\/archives\\\/1036255#breadcrumb\",\"itemListElement\":[{\"@type\":\"ListItem\",\"position\":1,\"name\":\"Home\",\"item\":\"https:\\\/\\\/darkamazi.site\\\/\"},{\"@type\":\"ListItem\",\"position\":2,\"name\":\"Tom Barracak K\u00fcrt kazan\u0131mlar\u0131n\u0131 hi\u00e7e sayan bir konu\u015fma yapt\u0131: DSG birincil g\u00fc\u00e7 olma miad\u0131n\u0131 tamamlad\u0131&#8221;\"}]},{\"@type\":\"WebSite\",\"@id\":\"https:\\\/\\\/darkamazi.site\\\/#website\",\"url\":\"https:\\\/\\\/darkamazi.site\\\/\",\"name\":\"Darka Mazi\",\"description\":\"Ana Sayfa\",\"publisher\":{\"@id\":\"https:\\\/\\\/darkamazi.site\\\/#organization\"},\"potentialAction\":[{\"@type\":\"SearchAction\",\"target\":{\"@type\":\"EntryPoint\",\"urlTemplate\":\"https:\\\/\\\/darkamazi.site\\\/?s={search_term_string}\"},\"query-input\":{\"@type\":\"PropertyValueSpecification\",\"valueRequired\":true,\"valueName\":\"search_term_string\"}}],\"inLanguage\":\"en-US\"},{\"@type\":\"Organization\",\"@id\":\"https:\\\/\\\/darkamazi.site\\\/#organization\",\"name\":\"Darka Mazi T\u00fcrk\u00e7e\",\"alternateName\":\"Darka Mazi\",\"url\":\"https:\\\/\\\/darkamazi.site\\\/\",\"logo\":{\"@type\":\"ImageObject\",\"inLanguage\":\"en-US\",\"@id\":\"https:\\\/\\\/darkamazi.site\\\/#\\\/schema\\\/logo\\\/image\\\/\",\"url\":\"https:\\\/\\\/darkamazi.site\\\/darka-content\\\/uploads\\\/2017\\\/12\\\/darka-mazi-logo.png\",\"contentUrl\":\"https:\\\/\\\/darkamazi.site\\\/darka-content\\\/uploads\\\/2017\\\/12\\\/darka-mazi-logo.png\",\"width\":151,\"height\":75,\"caption\":\"Darka Mazi T\u00fcrk\u00e7e\"},\"image\":{\"@id\":\"https:\\\/\\\/darkamazi.site\\\/#\\\/schema\\\/logo\\\/image\\\/\"},\"sameAs\":[\"https:\\\/\\\/www.facebook.com\\\/DarkaMaziturkce\",\"https:\\\/\\\/x.com\\\/DarkaMaziTurkce\"]},{\"@type\":\"Person\",\"@id\":\"https:\\\/\\\/darkamazi.site\\\/#\\\/schema\\\/person\\\/67986a95ac546c16760365877ef4a9d3\",\"name\":\"darka mazi\",\"sameAs\":[\"https:\\\/\\\/darkamazi.site\"],\"url\":\"https:\\\/\\\/darkamazi.site\\\/archives\\\/author\\\/turkish\"}]}<\/script>\n<!-- \/ Yoast SEO plugin. -->","seo_head_json":{"title":"Tom Barracak K\u00fcrt kazan\u0131mlar\u0131n\u0131 hi\u00e7e sayan bir konu\u015fma yapt\u0131: DSG birincil g\u00fc\u00e7 olma miad\u0131n\u0131 tamamlad\u0131\" - Darka Mazi","robots":{"index":"index","follow":"follow","max-snippet":"max-snippet:-1","max-image-preview":"max-image-preview:large","max-video-preview":"max-video-preview:-1"},"canonical":"https:\/\/darkamazi.site\/archives\/1036255","og_locale":"en_US","og_type":"article","og_title":"Tom Barracak K\u00fcrt kazan\u0131mlar\u0131n\u0131 hi\u00e7e sayan bir konu\u015fma yapt\u0131: DSG birincil g\u00fc\u00e7 olma miad\u0131n\u0131 tamamlad\u0131\" - Darka Mazi","og_description":"\u00a0ABD&#8217;nin Ankara B\u00fcy\u00fckel\u00e7isi ve Suriye \u00d6zel Temsilcisi Tom Barrack, Suriye\u2019de Esad sonras\u0131 d\u00f6nemde Ahmed \u015eara liderli\u011findeki yeni h\u00fck\u00fcmetle birlikte K\u00fcrtlerin ve Demokratik Suriye G\u00fc\u00e7leri\u2019nin (DSG) gelece\u011fine dair bir a\u00e7\u0131klama yay\u0131mlad\u0131. Barrack, mevcut s\u00fcreci K\u00fcrtlerin on y\u0131llard\u0131r mahrum b\u0131rak\u0131ld\u0131\u011f\u0131 haklara kavu\u015fmas\u0131 i\u00e7in &#8220;tarihi bir f\u0131rsat&#8221; olarak nitelendirdi. B\u00fcy\u00fckel\u00e7i Barrack, X hesab\u0131ndan yapt\u0131\u011f\u0131 a\u00e7\u0131klamada, Be\u015far Esad rejimi [&hellip;]","og_url":"https:\/\/darkamazi.site\/archives\/1036255","og_site_name":"Darka Mazi","article_publisher":"https:\/\/www.facebook.com\/DarkaMaziturkce","article_published_time":"2026-01-20T17:35:50+00:00","og_image":[{"width":2560,"height":1707,"url":"https:\/\/darkamazi.site\/file\/2026\/01\/barrack-scaled.jpg","type":"image\/jpeg"}],"author":"darka mazi","twitter_card":"summary_large_image","twitter_creator":"@DarkaMaziTurkce","twitter_site":"@DarkaMaziTurkce","twitter_misc":{"Written by":"darka mazi","Est. reading time":"4 minutes"},"schema":{"@context":"https:\/\/schema.org","@graph":[{"@type":"NewsArticle","@id":"https:\/\/darkamazi.site\/archives\/1036255#article","isPartOf":{"@id":"https:\/\/darkamazi.site\/archives\/1036255"},"author":{"name":"darka mazi","@id":"https:\/\/darkamazi.site\/#\/schema\/person\/67986a95ac546c16760365877ef4a9d3"},"headline":"Tom Barracak K\u00fcrt kazan\u0131mlar\u0131n\u0131 hi\u00e7e sayan bir konu\u015fma yapt\u0131: DSG birincil g\u00fc\u00e7 olma miad\u0131n\u0131 tamamlad\u0131&#8221;","datePublished":"2026-01-20T17:35:50+00:00","mainEntityOfPage":{"@id":"https:\/\/darkamazi.site\/archives\/1036255"},"wordCount":1355,"publisher":{"@id":"https:\/\/darkamazi.site\/#organization"},"image":{"@id":"https:\/\/darkamazi.site\/archives\/1036255#primaryimage"},"thumbnailUrl":"https:\/\/darkamazi.site\/file\/2026\/01\/barrack-scaled.jpg","keywords":["\u00f6nemli"],"articleSection":["D\u00fcnya"],"inLanguage":"en-US"},{"@type":"WebPage","@id":"https:\/\/darkamazi.site\/archives\/1036255","url":"https:\/\/darkamazi.site\/archives\/1036255","name":"Tom Barracak K\u00fcrt kazan\u0131mlar\u0131n\u0131 hi\u00e7e sayan bir konu\u015fma yapt\u0131: DSG birincil g\u00fc\u00e7 olma miad\u0131n\u0131 tamamlad\u0131\" - Darka Mazi","isPartOf":{"@id":"https:\/\/darkamazi.site\/#website"},"primaryImageOfPage":{"@id":"https:\/\/darkamazi.site\/archives\/1036255#primaryimage"},"image":{"@id":"https:\/\/darkamazi.site\/archives\/1036255#primaryimage"},"thumbnailUrl":"https:\/\/darkamazi.site\/file\/2026\/01\/barrack-scaled.jpg","datePublished":"2026-01-20T17:35:50+00:00","breadcrumb":{"@id":"https:\/\/darkamazi.site\/archives\/1036255#breadcrumb"},"inLanguage":"en-US","potentialAction":[{"@type":"ReadAction","target":["https:\/\/darkamazi.site\/archives\/1036255"]}]},{"@type":"ImageObject","inLanguage":"en-US","@id":"https:\/\/darkamazi.site\/archives\/1036255#primaryimage","url":"https:\/\/darkamazi.site\/file\/2026\/01\/barrack-scaled.jpg","contentUrl":"https:\/\/darkamazi.site\/file\/2026\/01\/barrack-scaled.jpg","width":2560,"height":1707,"caption":"Tom Barracak K\u00fcrt kazan\u0131mlar\u0131n\u0131 hi\u00e7e sayan bir konu\u015fma yapt\u0131: DSG birincil g\u00fc\u00e7 olma miad\u0131n\u0131 tamamlad\u0131\""},{"@type":"BreadcrumbList","@id":"https:\/\/darkamazi.site\/archives\/1036255#breadcrumb","itemListElement":[{"@type":"ListItem","position":1,"name":"Home","item":"https:\/\/darkamazi.site\/"},{"@type":"ListItem","position":2,"name":"Tom Barracak K\u00fcrt kazan\u0131mlar\u0131n\u0131 hi\u00e7e sayan bir konu\u015fma yapt\u0131: DSG birincil g\u00fc\u00e7 olma miad\u0131n\u0131 tamamlad\u0131&#8221;"}]},{"@type":"WebSite","@id":"https:\/\/darkamazi.site\/#website","url":"https:\/\/darkamazi.site\/","name":"Darka Mazi","description":"Ana Sayfa","publisher":{"@id":"https:\/\/darkamazi.site\/#organization"},"potentialAction":[{"@type":"SearchAction","target":{"@type":"EntryPoint","urlTemplate":"https:\/\/darkamazi.site\/?s={search_term_string}"},"query-input":{"@type":"PropertyValueSpecification","valueRequired":true,"valueName":"search_term_string"}}],"inLanguage":"en-US"},{"@type":"Organization","@id":"https:\/\/darkamazi.site\/#organization","name":"Darka Mazi T\u00fcrk\u00e7e","alternateName":"Darka Mazi","url":"https:\/\/darkamazi.site\/","logo":{"@type":"ImageObject","inLanguage":"en-US","@id":"https:\/\/darkamazi.site\/#\/schema\/logo\/image\/","url":"https:\/\/darkamazi.site\/file\/2017\/12\/darka-mazi-logo.png","contentUrl":"https:\/\/darkamazi.site\/file\/2017\/12\/darka-mazi-logo.png","width":151,"height":75,"caption":"Darka Mazi T\u00fcrk\u00e7e"},"image":{"@id":"https:\/\/darkamazi.site\/#\/schema\/logo\/image\/"},"sameAs":["https:\/\/www.facebook.com\/DarkaMaziturkce","https:\/\/x.com\/DarkaMaziTurkce"]},{"@type":"Person","@id":"https:\/\/darkamazi.site\/#\/schema\/person\/67986a95ac546c16760365877ef4a9d3","name":"darka mazi","sameAs":["https:\/\/darkamazi.site"],"url":"https:\/\/darkamazi.site\/archives\/author\/turkish"}]}},"_links":{"self":[{"href":"https:\/\/darkamazi.site\/funavuv\/wp\/v2\/posts\/1036255","targetHints":{"allow":["GET"]}}],"collection":[{"href":"https:\/\/darkamazi.site\/funavuv\/wp\/v2\/posts"}],"about":[{"href":"https:\/\/darkamazi.site\/funavuv\/wp\/v2\/types\/post"}],"author":[{"embeddable":true,"href":"https:\/\/darkamazi.site\/funavuv\/wp\/v2\/users\/2"}],"replies":[{"embeddable":true,"href":"https:\/\/darkamazi.site\/funavuv\/wp\/v2\/comments?post=1036255"}],"version-history":[{"count":0,"href":"https:\/\/darkamazi.site\/funavuv\/wp\/v2\/posts\/1036255\/revisions"}],"wp:featuredmedia":[{"embeddable":true,"href":"https:\/\/darkamazi.site\/funavuv\/wp\/v2\/media\/1036256"}],"wp:attachment":[{"href":"https:\/\/darkamazi.site\/funavuv\/wp\/v2\/media?parent=1036255"}],"wp:term":[{"taxonomy":"category","embeddable":true,"href":"https:\/\/darkamazi.site\/funavuv\/wp\/v2\/categories?post=1036255"},{"taxonomy":"post_tag","embeddable":true,"href":"https:\/\/darkamazi.site\/funavuv\/wp\/v2\/tags?post=1036255"}],"curies":[{"name":"wp","href":"https:\/\/api.w.org\/{rel}","templated":true}]}}