{"id":1036259,"date":"2026-01-21T13:05:45","date_gmt":"2026-01-21T10:05:45","guid":{"rendered":"https:\/\/darkamazi.site\/?p=1036259"},"modified":"2026-01-21T13:05:45","modified_gmt":"2026-01-21T10:05:45","slug":"baskan-barzaniden-ahmed-saraya-kurtlerin-haklari-ve-onurlari-korunmali","status":"publish","type":"post","link":"https:\/\/darkamazi.site\/archives\/1036259","title":{"rendered":"Ba\u015fkan Barzani&#8217;den Ahmed \u015eara&#8217;ya: K\u00fcrtlerin haklar\u0131 ve onurlar\u0131 korunmal\u0131"},"content":{"rendered":"<p style=\"text-align: justify\">Ba\u015fkan Mesud Barzani\u2019nin ofisi Ahmed \u015eara ile yap\u0131lan g\u00f6r\u00fc\u015fmeye ili\u015fkin yapt\u0131\u011f\u0131 a\u00e7\u0131klamada<\/p>\n<p style=\"text-align: justify\">Ba\u015fkan\u00a0\u00a0Mesud Barzani ile Suriye Ge\u00e7i\u015f D\u00f6nemi Cumhurba\u015fkan\u0131 Ahmed \u015eara aras\u0131nda 20 Ocak Sal\u0131 g\u00fcn\u00fc bir telefon g\u00f6r\u00fc\u015fmesi ger\u00e7ekle\u015ftirildi. G\u00f6r\u00fc\u015fmeye ili\u015fkin hem Ba\u015fkan Barzani\u2019nin ofisinden hem de Suriye Cumhurba\u015fkanl\u0131\u011f\u0131\u2019ndan ayr\u0131 ayr\u0131 a\u00e7\u0131klamalar yap\u0131ld\u0131.<\/p>\n<p style=\"text-align: justify\"><strong>Ba\u015fkan Barzani ile Ahmed \u015eara aras\u0131nda telefon g\u00f6r\u00fc\u015fmesi<\/strong><\/p>\n<p style=\"text-align: justify\">Ba\u015fkan Mesud Barzani\u2019nin ofisinden yap\u0131lan a\u00e7\u0131klamaya g\u00f6re, g\u00f6r\u00fc\u015fme 20 Ocak 2026 Sal\u0131 ak\u015fam\u0131 ger\u00e7ekle\u015ftirildi. A\u00e7\u0131klamada, Ba\u015fkan Barzani\u2019nin Suriye Cumhurba\u015fkan\u0131 Ahmed \u015eara ile telefonla g\u00f6r\u00fc\u015ft\u00fc\u011f\u00fc belirtildi.<\/p>\n<p style=\"text-align: justify\"><strong>\u015eara\u2019dan Suriye\u2019deki son geli\u015fmelere ili\u015fkin bilgi<\/strong><\/p>\n<p style=\"text-align: justify\">Barzani Ofisi\u2019nin a\u00e7\u0131klamas\u0131nda, Cumhurba\u015fkan\u0131 Ahmed \u015eara\u2019n\u0131n g\u00f6r\u00fc\u015fmede Suriye\u2019de ya\u015fanan son geli\u015fmelere de\u011findi\u011fi ifade edildi. A\u00e7\u0131klamaya g\u00f6re \u015eara, Demokratik Suriye G\u00fc\u00e7leri (DSG) ile bir anla\u015fmaya var\u0131ld\u0131\u011f\u0131n\u0131 Ba\u015fkan Barzani\u2019ye aktard\u0131.<\/p>\n<p style=\"text-align: justify\"><strong>Barzani: Bar\u0131\u015ftan yanay\u0131z, K\u00fcrt halk\u0131n\u0131n haklar\u0131 korunmal\u0131<\/strong><\/p>\n<p style=\"text-align: justify\">Ayn\u0131 telefon g\u00f6r\u00fc\u015fmesinde Ba\u015fkan Mesud Barzani\u2019nin, bar\u0131\u015ftan yana olduklar\u0131n\u0131 vurgulad\u0131\u011f\u0131 ve K\u00fcrt halk\u0131n\u0131n haklar\u0131 ile onurunun korunmas\u0131n\u0131n gerekli oldu\u011funu bir kez daha dile getirdi\u011fi kaydedildi.<\/p>\n<p style=\"text-align: justify\"><strong>Suriye Cumhurba\u015fkanl\u0131\u011f\u0131: K\u00fcrtlerin t\u00fcm haklar\u0131 korunacak<\/strong><\/p>\n<p style=\"text-align: justify\">Suriye Arap Cumhuriyeti Cumhurba\u015fkanl\u0131\u011f\u0131\u2019ndan 20 Ocak Sal\u0131 g\u00fcn\u00fc yap\u0131lan a\u00e7\u0131klamada da, Cumhurba\u015fkan\u0131 Ahmed \u015eara\u2019n\u0131n Ba\u015fkan Mesud Barzani ile bir telefon g\u00f6r\u00fc\u015fmesi ger\u00e7ekle\u015ftirdi\u011fi do\u011fruland\u0131.<\/p>\n<p style=\"text-align: justify\">A\u00e7\u0131klamaya g\u00f6re, g\u00f6r\u00fc\u015fmede b\u00f6lgedeki son geli\u015fmeler ile istikrar ve g\u00fcvenli\u011fi g\u00fc\u00e7lendirmenin yollar\u0131 ele al\u0131nd\u0131.<\/p>\n<p style=\"text-align: justify\"><strong>\u201cUlusal, siyasi ve medeni haklar dahil t\u00fcm haklar\u201d<\/strong><\/p>\n<p style=\"text-align: justify\">Suriye Cumhurba\u015fkanl\u0131\u011f\u0131\u2019n\u0131n a\u00e7\u0131klamas\u0131nda \u015fu ifadelere yer verildi:<\/p>\n<p style=\"text-align: justify\">\u201cCumhurba\u015fkan\u0131 Ahmed \u015eara, ulusal, siyasi ve medeni haklar da dahil olmak \u00fczere K\u00fcrtlerin t\u00fcm haklar\u0131n\u0131n korunaca\u011f\u0131n\u0131 teyit etti.\u201d<\/p>\n<p style=\"text-align: justify\"><strong>DSG anla\u015fmas\u0131na destek ve ortak koordinasyon vurgusu<\/strong><\/p>\n<p style=\"text-align: justify\">A\u00e7\u0131klamada ayr\u0131ca, Ba\u015fkan Barzani\u2019nin son d\u00f6nemde Suriye h\u00fck\u00fcmeti ile Demokratik Suriye G\u00fc\u00e7leri (DSG) aras\u0131nda yap\u0131lan anla\u015fmaya deste\u011fini dile getirdi\u011fi belirtildi.<\/p>\n<p style=\"text-align: justify\">Suriye Cumhurba\u015fkanl\u0131\u011f\u0131, her iki taraf\u0131n da b\u00f6lgede bar\u0131\u015f ve g\u00fcvenli\u011fi sa\u011flamak ve anla\u015fmazl\u0131klar\u0131 herkesin \u00e7\u0131kar\u0131na olacak \u015fekilde \u00e7\u00f6zmek amac\u0131yla koordinasyon ve ortak isti\u015farenin s\u00fcrd\u00fcr\u00fclmesi konusunda mutab\u0131k kald\u0131\u011f\u0131n\u0131 kaydetti.<\/p>\n","protected":false},"excerpt":{"rendered":"<p>Ba\u015fkan Mesud Barzani\u2019nin ofisi Ahmed \u015eara ile yap\u0131lan g\u00f6r\u00fc\u015fmeye ili\u015fkin yapt\u0131\u011f\u0131 a\u00e7\u0131klamada Ba\u015fkan\u00a0\u00a0Mesud Barzani ile Suriye Ge\u00e7i\u015f D\u00f6nemi Cumhurba\u015fkan\u0131 Ahmed \u015eara aras\u0131nda 20 Ocak Sal\u0131 g\u00fcn\u00fc bir telefon g\u00f6r\u00fc\u015fmesi ger\u00e7ekle\u015ftirildi. G\u00f6r\u00fc\u015fmeye ili\u015fkin hem Ba\u015fkan Barzani\u2019nin ofisinden hem de Suriye Cumhurba\u015fkanl\u0131\u011f\u0131\u2019ndan ayr\u0131 ayr\u0131 a\u00e7\u0131klamalar yap\u0131ld\u0131. Ba\u015fkan Barzani ile Ahmed \u015eara aras\u0131nda telefon g\u00f6r\u00fc\u015fmesi Ba\u015fkan Mesud Barzani\u2019nin [&hellip;]<\/p>\n","protected":false},"author":2,"featured_media":1036260,"comment_status":"closed","ping_status":"closed","sticky":false,"template":"","format":"standard","meta":{"footnotes":""},"categories":[3],"tags":[31],"class_list":["post-1036259","post","type-post","status-publish","format-standard","has-post-thumbnail","hentry","category-kurdistan","tag-onemli"],"blocksy_meta":[],"seo_head":"<!-- This site is optimized with the Yoast SEO plugin v27.5 - https:\/\/yoast.com\/product\/yoast-seo-wordpress\/ -->\n<title>Ba\u015fkan Barzani&#039;den Ahmed \u015eara&#039;ya: K\u00fcrtlerin haklar\u0131 ve onurlar\u0131 korunmal\u0131 - Darka Mazi<\/title>\n<meta name=\"robots\" content=\"index, follow, max-snippet:-1, max-image-preview:large, max-video-preview:-1\" \/>\n<link rel=\"canonical\" href=\"https:\/\/darkamazi.site\/archives\/1036259\" \/>\n<meta property=\"og:locale\" content=\"en_US\" \/>\n<meta property=\"og:type\" content=\"article\" \/>\n<meta property=\"og:title\" content=\"Ba\u015fkan Barzani&#039;den Ahmed \u015eara&#039;ya: K\u00fcrtlerin haklar\u0131 ve onurlar\u0131 korunmal\u0131 - Darka Mazi\" \/>\n<meta property=\"og:description\" content=\"Ba\u015fkan Mesud Barzani\u2019nin ofisi Ahmed \u015eara ile yap\u0131lan g\u00f6r\u00fc\u015fmeye ili\u015fkin yapt\u0131\u011f\u0131 a\u00e7\u0131klamada Ba\u015fkan\u00a0\u00a0Mesud Barzani ile Suriye Ge\u00e7i\u015f D\u00f6nemi Cumhurba\u015fkan\u0131 Ahmed \u015eara aras\u0131nda 20 Ocak Sal\u0131 g\u00fcn\u00fc bir telefon g\u00f6r\u00fc\u015fmesi ger\u00e7ekle\u015ftirildi. G\u00f6r\u00fc\u015fmeye ili\u015fkin hem Ba\u015fkan Barzani\u2019nin ofisinden hem de Suriye Cumhurba\u015fkanl\u0131\u011f\u0131\u2019ndan ayr\u0131 ayr\u0131 a\u00e7\u0131klamalar yap\u0131ld\u0131. Ba\u015fkan Barzani ile Ahmed \u015eara aras\u0131nda telefon g\u00f6r\u00fc\u015fmesi Ba\u015fkan Mesud Barzani\u2019nin [&hellip;]\" \/>\n<meta property=\"og:url\" content=\"https:\/\/darkamazi.site\/archives\/1036259\" \/>\n<meta property=\"og:site_name\" content=\"Darka Mazi\" \/>\n<meta property=\"article:publisher\" content=\"https:\/\/www.facebook.com\/DarkaMaziturkce\" \/>\n<meta property=\"article:published_time\" content=\"2026-01-21T10:05:45+00:00\" \/>\n<meta property=\"og:image\" content=\"https:\/\/darkamazi.site\/file\/2026\/01\/Serok-1.jpg\" \/>\n\t<meta property=\"og:image:width\" content=\"900\" \/>\n\t<meta property=\"og:image:height\" content=\"500\" \/>\n\t<meta property=\"og:image:type\" content=\"image\/jpeg\" \/>\n<meta name=\"author\" content=\"darka mazi\" \/>\n<meta name=\"twitter:card\" content=\"summary_large_image\" \/>\n<meta name=\"twitter:creator\" content=\"@DarkaMaziTurkce\" \/>\n<meta name=\"twitter:site\" content=\"@DarkaMaziTurkce\" \/>\n<meta name=\"twitter:label1\" content=\"Written by\" \/>\n\t<meta name=\"twitter:data1\" content=\"darka mazi\" \/>\n\t<meta name=\"twitter:label2\" content=\"Est. reading time\" \/>\n\t<meta name=\"twitter:data2\" content=\"2 minutes\" \/>\n<script type=\"application\/ld+json\" class=\"seo-schema-graph\">{\"@context\":\"https:\\\/\\\/schema.org\",\"@graph\":[{\"@type\":\"NewsArticle\",\"@id\":\"https:\\\/\\\/darkamazi.site\\\/archives\\\/1036259#article\",\"isPartOf\":{\"@id\":\"https:\\\/\\\/darkamazi.site\\\/archives\\\/1036259\"},\"author\":{\"name\":\"darka mazi\",\"@id\":\"https:\\\/\\\/darkamazi.site\\\/#\\\/schema\\\/person\\\/67986a95ac546c16760365877ef4a9d3\"},\"headline\":\"Ba\u015fkan Barzani&#8217;den Ahmed \u015eara&#8217;ya: K\u00fcrtlerin haklar\u0131 ve onurlar\u0131 korunmal\u0131\",\"datePublished\":\"2026-01-21T10:05:45+00:00\",\"mainEntityOfPage\":{\"@id\":\"https:\\\/\\\/darkamazi.site\\\/archives\\\/1036259\"},\"wordCount\":444,\"publisher\":{\"@id\":\"https:\\\/\\\/darkamazi.site\\\/#organization\"},\"image\":{\"@id\":\"https:\\\/\\\/darkamazi.site\\\/archives\\\/1036259#primaryimage\"},\"thumbnailUrl\":\"https:\\\/\\\/darkamazi.site\\\/darka-content\\\/uploads\\\/2026\\\/01\\\/Serok-1.jpg\",\"keywords\":[\"\u00f6nemli\"],\"articleSection\":[\"Kurdistan\"],\"inLanguage\":\"en-US\"},{\"@type\":\"WebPage\",\"@id\":\"https:\\\/\\\/darkamazi.site\\\/archives\\\/1036259\",\"url\":\"https:\\\/\\\/darkamazi.site\\\/archives\\\/1036259\",\"name\":\"Ba\u015fkan Barzani'den Ahmed \u015eara'ya: K\u00fcrtlerin haklar\u0131 ve onurlar\u0131 korunmal\u0131 - Darka Mazi\",\"isPartOf\":{\"@id\":\"https:\\\/\\\/darkamazi.site\\\/#website\"},\"primaryImageOfPage\":{\"@id\":\"https:\\\/\\\/darkamazi.site\\\/archives\\\/1036259#primaryimage\"},\"image\":{\"@id\":\"https:\\\/\\\/darkamazi.site\\\/archives\\\/1036259#primaryimage\"},\"thumbnailUrl\":\"https:\\\/\\\/darkamazi.site\\\/darka-content\\\/uploads\\\/2026\\\/01\\\/Serok-1.jpg\",\"datePublished\":\"2026-01-21T10:05:45+00:00\",\"breadcrumb\":{\"@id\":\"https:\\\/\\\/darkamazi.site\\\/archives\\\/1036259#breadcrumb\"},\"inLanguage\":\"en-US\",\"potentialAction\":[{\"@type\":\"ReadAction\",\"target\":[\"https:\\\/\\\/darkamazi.site\\\/archives\\\/1036259\"]}]},{\"@type\":\"ImageObject\",\"inLanguage\":\"en-US\",\"@id\":\"https:\\\/\\\/darkamazi.site\\\/archives\\\/1036259#primaryimage\",\"url\":\"https:\\\/\\\/darkamazi.site\\\/darka-content\\\/uploads\\\/2026\\\/01\\\/Serok-1.jpg\",\"contentUrl\":\"https:\\\/\\\/darkamazi.site\\\/darka-content\\\/uploads\\\/2026\\\/01\\\/Serok-1.jpg\",\"width\":900,\"height\":500,\"caption\":\"Ba\u015fkan Barzani'den Ahmed \u015eara'ya: K\u00fcrtlerin haklar\u0131 ve onurlar\u0131 korunmal\u0131\"},{\"@type\":\"BreadcrumbList\",\"@id\":\"https:\\\/\\\/darkamazi.site\\\/archives\\\/1036259#breadcrumb\",\"itemListElement\":[{\"@type\":\"ListItem\",\"position\":1,\"name\":\"Home\",\"item\":\"https:\\\/\\\/darkamazi.site\\\/\"},{\"@type\":\"ListItem\",\"position\":2,\"name\":\"Ba\u015fkan Barzani&#8217;den Ahmed \u015eara&#8217;ya: K\u00fcrtlerin haklar\u0131 ve onurlar\u0131 korunmal\u0131\"}]},{\"@type\":\"WebSite\",\"@id\":\"https:\\\/\\\/darkamazi.site\\\/#website\",\"url\":\"https:\\\/\\\/darkamazi.site\\\/\",\"name\":\"Darka Mazi\",\"description\":\"Ana Sayfa\",\"publisher\":{\"@id\":\"https:\\\/\\\/darkamazi.site\\\/#organization\"},\"potentialAction\":[{\"@type\":\"SearchAction\",\"target\":{\"@type\":\"EntryPoint\",\"urlTemplate\":\"https:\\\/\\\/darkamazi.site\\\/?s={search_term_string}\"},\"query-input\":{\"@type\":\"PropertyValueSpecification\",\"valueRequired\":true,\"valueName\":\"search_term_string\"}}],\"inLanguage\":\"en-US\"},{\"@type\":\"Organization\",\"@id\":\"https:\\\/\\\/darkamazi.site\\\/#organization\",\"name\":\"Darka Mazi T\u00fcrk\u00e7e\",\"alternateName\":\"Darka Mazi\",\"url\":\"https:\\\/\\\/darkamazi.site\\\/\",\"logo\":{\"@type\":\"ImageObject\",\"inLanguage\":\"en-US\",\"@id\":\"https:\\\/\\\/darkamazi.site\\\/#\\\/schema\\\/logo\\\/image\\\/\",\"url\":\"https:\\\/\\\/darkamazi.site\\\/darka-content\\\/uploads\\\/2017\\\/12\\\/darka-mazi-logo.png\",\"contentUrl\":\"https:\\\/\\\/darkamazi.site\\\/darka-content\\\/uploads\\\/2017\\\/12\\\/darka-mazi-logo.png\",\"width\":151,\"height\":75,\"caption\":\"Darka Mazi T\u00fcrk\u00e7e\"},\"image\":{\"@id\":\"https:\\\/\\\/darkamazi.site\\\/#\\\/schema\\\/logo\\\/image\\\/\"},\"sameAs\":[\"https:\\\/\\\/www.facebook.com\\\/DarkaMaziturkce\",\"https:\\\/\\\/x.com\\\/DarkaMaziTurkce\"]},{\"@type\":\"Person\",\"@id\":\"https:\\\/\\\/darkamazi.site\\\/#\\\/schema\\\/person\\\/67986a95ac546c16760365877ef4a9d3\",\"name\":\"darka mazi\",\"sameAs\":[\"https:\\\/\\\/darkamazi.site\"],\"url\":\"https:\\\/\\\/darkamazi.site\\\/archives\\\/author\\\/turkish\"}]}<\/script>\n<!-- \/ Yoast SEO plugin. -->","seo_head_json":{"title":"Ba\u015fkan Barzani'den Ahmed \u015eara'ya: K\u00fcrtlerin haklar\u0131 ve onurlar\u0131 korunmal\u0131 - Darka Mazi","robots":{"index":"index","follow":"follow","max-snippet":"max-snippet:-1","max-image-preview":"max-image-preview:large","max-video-preview":"max-video-preview:-1"},"canonical":"https:\/\/darkamazi.site\/archives\/1036259","og_locale":"en_US","og_type":"article","og_title":"Ba\u015fkan Barzani'den Ahmed \u015eara'ya: K\u00fcrtlerin haklar\u0131 ve onurlar\u0131 korunmal\u0131 - Darka Mazi","og_description":"Ba\u015fkan Mesud Barzani\u2019nin ofisi Ahmed \u015eara ile yap\u0131lan g\u00f6r\u00fc\u015fmeye ili\u015fkin yapt\u0131\u011f\u0131 a\u00e7\u0131klamada Ba\u015fkan\u00a0\u00a0Mesud Barzani ile Suriye Ge\u00e7i\u015f D\u00f6nemi Cumhurba\u015fkan\u0131 Ahmed \u015eara aras\u0131nda 20 Ocak Sal\u0131 g\u00fcn\u00fc bir telefon g\u00f6r\u00fc\u015fmesi ger\u00e7ekle\u015ftirildi. G\u00f6r\u00fc\u015fmeye ili\u015fkin hem Ba\u015fkan Barzani\u2019nin ofisinden hem de Suriye Cumhurba\u015fkanl\u0131\u011f\u0131\u2019ndan ayr\u0131 ayr\u0131 a\u00e7\u0131klamalar yap\u0131ld\u0131. Ba\u015fkan Barzani ile Ahmed \u015eara aras\u0131nda telefon g\u00f6r\u00fc\u015fmesi Ba\u015fkan Mesud Barzani\u2019nin [&hellip;]","og_url":"https:\/\/darkamazi.site\/archives\/1036259","og_site_name":"Darka Mazi","article_publisher":"https:\/\/www.facebook.com\/DarkaMaziturkce","article_published_time":"2026-01-21T10:05:45+00:00","og_image":[{"width":900,"height":500,"url":"https:\/\/darkamazi.site\/file\/2026\/01\/Serok-1.jpg","type":"image\/jpeg"}],"author":"darka mazi","twitter_card":"summary_large_image","twitter_creator":"@DarkaMaziTurkce","twitter_site":"@DarkaMaziTurkce","twitter_misc":{"Written by":"darka mazi","Est. reading time":"2 minutes"},"schema":{"@context":"https:\/\/schema.org","@graph":[{"@type":"NewsArticle","@id":"https:\/\/darkamazi.site\/archives\/1036259#article","isPartOf":{"@id":"https:\/\/darkamazi.site\/archives\/1036259"},"author":{"name":"darka mazi","@id":"https:\/\/darkamazi.site\/#\/schema\/person\/67986a95ac546c16760365877ef4a9d3"},"headline":"Ba\u015fkan Barzani&#8217;den Ahmed \u015eara&#8217;ya: K\u00fcrtlerin haklar\u0131 ve onurlar\u0131 korunmal\u0131","datePublished":"2026-01-21T10:05:45+00:00","mainEntityOfPage":{"@id":"https:\/\/darkamazi.site\/archives\/1036259"},"wordCount":444,"publisher":{"@id":"https:\/\/darkamazi.site\/#organization"},"image":{"@id":"https:\/\/darkamazi.site\/archives\/1036259#primaryimage"},"thumbnailUrl":"https:\/\/darkamazi.site\/file\/2026\/01\/Serok-1.jpg","keywords":["\u00f6nemli"],"articleSection":["Kurdistan"],"inLanguage":"en-US"},{"@type":"WebPage","@id":"https:\/\/darkamazi.site\/archives\/1036259","url":"https:\/\/darkamazi.site\/archives\/1036259","name":"Ba\u015fkan Barzani'den Ahmed \u015eara'ya: K\u00fcrtlerin haklar\u0131 ve onurlar\u0131 korunmal\u0131 - Darka Mazi","isPartOf":{"@id":"https:\/\/darkamazi.site\/#website"},"primaryImageOfPage":{"@id":"https:\/\/darkamazi.site\/archives\/1036259#primaryimage"},"image":{"@id":"https:\/\/darkamazi.site\/archives\/1036259#primaryimage"},"thumbnailUrl":"https:\/\/darkamazi.site\/file\/2026\/01\/Serok-1.jpg","datePublished":"2026-01-21T10:05:45+00:00","breadcrumb":{"@id":"https:\/\/darkamazi.site\/archives\/1036259#breadcrumb"},"inLanguage":"en-US","potentialAction":[{"@type":"ReadAction","target":["https:\/\/darkamazi.site\/archives\/1036259"]}]},{"@type":"ImageObject","inLanguage":"en-US","@id":"https:\/\/darkamazi.site\/archives\/1036259#primaryimage","url":"https:\/\/darkamazi.site\/file\/2026\/01\/Serok-1.jpg","contentUrl":"https:\/\/darkamazi.site\/file\/2026\/01\/Serok-1.jpg","width":900,"height":500,"caption":"Ba\u015fkan Barzani'den Ahmed \u015eara'ya: K\u00fcrtlerin haklar\u0131 ve onurlar\u0131 korunmal\u0131"},{"@type":"BreadcrumbList","@id":"https:\/\/darkamazi.site\/archives\/1036259#breadcrumb","itemListElement":[{"@type":"ListItem","position":1,"name":"Home","item":"https:\/\/darkamazi.site\/"},{"@type":"ListItem","position":2,"name":"Ba\u015fkan Barzani&#8217;den Ahmed \u015eara&#8217;ya: K\u00fcrtlerin haklar\u0131 ve onurlar\u0131 korunmal\u0131"}]},{"@type":"WebSite","@id":"https:\/\/darkamazi.site\/#website","url":"https:\/\/darkamazi.site\/","name":"Darka Mazi","description":"Ana Sayfa","publisher":{"@id":"https:\/\/darkamazi.site\/#organization"},"potentialAction":[{"@type":"SearchAction","target":{"@type":"EntryPoint","urlTemplate":"https:\/\/darkamazi.site\/?s={search_term_string}"},"query-input":{"@type":"PropertyValueSpecification","valueRequired":true,"valueName":"search_term_string"}}],"inLanguage":"en-US"},{"@type":"Organization","@id":"https:\/\/darkamazi.site\/#organization","name":"Darka Mazi T\u00fcrk\u00e7e","alternateName":"Darka Mazi","url":"https:\/\/darkamazi.site\/","logo":{"@type":"ImageObject","inLanguage":"en-US","@id":"https:\/\/darkamazi.site\/#\/schema\/logo\/image\/","url":"https:\/\/darkamazi.site\/file\/2017\/12\/darka-mazi-logo.png","contentUrl":"https:\/\/darkamazi.site\/file\/2017\/12\/darka-mazi-logo.png","width":151,"height":75,"caption":"Darka Mazi T\u00fcrk\u00e7e"},"image":{"@id":"https:\/\/darkamazi.site\/#\/schema\/logo\/image\/"},"sameAs":["https:\/\/www.facebook.com\/DarkaMaziturkce","https:\/\/x.com\/DarkaMaziTurkce"]},{"@type":"Person","@id":"https:\/\/darkamazi.site\/#\/schema\/person\/67986a95ac546c16760365877ef4a9d3","name":"darka mazi","sameAs":["https:\/\/darkamazi.site"],"url":"https:\/\/darkamazi.site\/archives\/author\/turkish"}]}},"_links":{"self":[{"href":"https:\/\/darkamazi.site\/funavuv\/wp\/v2\/posts\/1036259","targetHints":{"allow":["GET"]}}],"collection":[{"href":"https:\/\/darkamazi.site\/funavuv\/wp\/v2\/posts"}],"about":[{"href":"https:\/\/darkamazi.site\/funavuv\/wp\/v2\/types\/post"}],"author":[{"embeddable":true,"href":"https:\/\/darkamazi.site\/funavuv\/wp\/v2\/users\/2"}],"replies":[{"embeddable":true,"href":"https:\/\/darkamazi.site\/funavuv\/wp\/v2\/comments?post=1036259"}],"version-history":[{"count":0,"href":"https:\/\/darkamazi.site\/funavuv\/wp\/v2\/posts\/1036259\/revisions"}],"wp:featuredmedia":[{"embeddable":true,"href":"https:\/\/darkamazi.site\/funavuv\/wp\/v2\/media\/1036260"}],"wp:attachment":[{"href":"https:\/\/darkamazi.site\/funavuv\/wp\/v2\/media?parent=1036259"}],"wp:term":[{"taxonomy":"category","embeddable":true,"href":"https:\/\/darkamazi.site\/funavuv\/wp\/v2\/categories?post=1036259"},{"taxonomy":"post_tag","embeddable":true,"href":"https:\/\/darkamazi.site\/funavuv\/wp\/v2\/tags?post=1036259"}],"curies":[{"name":"wp","href":"https:\/\/api.w.org\/{rel}","templated":true}]}}