{"id":1036264,"date":"2026-01-21T13:46:38","date_gmt":"2026-01-21T10:46:38","guid":{"rendered":"https:\/\/darkamazi.site\/?p=1036264"},"modified":"2026-01-21T13:46:38","modified_gmt":"2026-01-21T10:46:38","slug":"lindsey-graham-ve-tom-barrack-abd-stratejim-muttefiklerimiz-dedigi-kurdleri-satti-mi","status":"publish","type":"post","link":"https:\/\/darkamazi.site\/archives\/1036264","title":{"rendered":"Lindsey Graham ve Tom Barrack!  ABD \u201cstratejim m\u00fcttefiklerimiz\u201d dedi\u011fi Kurdleri satt\u0131 m\u0131?"},"content":{"rendered":"<p style=\"text-align: justify\">ABD\u2019nin Cumhuriyet\u00e7i etkin sanat\u00f6r <strong>Lindsey Graham\u2019<\/strong>\u0131n \u201cAte\u015fkes Anla\u015fmas\u0131\u201d sonras\u0131 bir dizi sorularla dile getirdi\u011fi \u201cendi\u015felerini\u2019 i\u00e7eren sorular\u0131n\u0131n cevaplar\u0131n\u0131 arad\u0131m. Bu \u00e7al\u0131\u015fmamda, ABD&#8217;nin T\u00fcrkiye B\u00fcy\u00fckel\u00e7isi ve Suriye \u00d6zel Temsilcisi T<strong>om Barrack<\/strong>\u2019\u0131n da T\u00fcrklerin sahadaki etkinli\u011fine katk\u0131 ve Kurd kart\u0131n\u0131 a\u00e7\u0131k\u00e7a T\u00fcrkiye\u2019ye kurban etmesini i\u00e7eren bir analiz. G\u00f6zden ge\u00e7irilmesinde yarar var.<\/p>\n<ol>\n<li>Bu ate\u015fkes anla\u015fmas\u0131 T\u00fcrkiye d\u0131\u015f\u0131nda ba\u015fka herhangi bir b\u00f6lgesel ortakla m\u0131 m\u00fczakere edildi?<\/li>\n<\/ol>\n<p style=\"text-align: justify\">Evet, anla\u015fma T\u00fcrkiye d\u0131\u015f\u0131nda ba\u015fta ABD olmak \u00fczere di\u011fer akt\u00f6rlerle m\u00fczakere edildi. 18 Ocak 2026&#8217;da imzalanan 14 maddelik anla\u015fma, Suriye h\u00fck\u00fcmeti (Ba\u015fkan Ahmed al-Sharaa) ve SDF (Komutan Mazloum Abdi) aras\u0131nda do\u011frudan imzaland\u0131, ancak ABD&#8217;nin arac\u0131l\u0131k rol\u00fc belirgindi. ABD&#8217;nin T\u00fcrkiye B\u00fcy\u00fckel\u00e7isi ve Suriye \u00d6zel Temsilcisi Tom Barrack, m\u00fczakerelerde aktif rol ald\u0131 ve anla\u015fmay\u0131 &#8220;birle\u015fik Suriye&#8217;ye y\u00f6nelik diyalog ve i\u015f birli\u011fi i\u00e7in yol a\u00e7an&#8221; bir ad\u0131m olarak \u00f6vd\u00fc.<\/p>\n<p style=\"text-align: justify\">Anla\u015fman\u0131n imzalanmas\u0131nda Barrack&#8217;\u0131n \u015eam&#8217;da bulunmas\u0131, ABD&#8217;nin koordinasyonunu g\u00f6steriyor. Ayr\u0131ca, anla\u015fman\u0131n 13. maddesi Suriye&#8217;nin ISIS&#8217;e kar\u015f\u0131 uluslararas\u0131 koalisyon (ABD liderli\u011finde) ile koordinasyonunu taahh\u00fct ediyor, bu da ABD&#8217;nin dolayl\u0131 etkisini yans\u0131t\u0131yor.<\/p>\n<p style=\"text-align: justify\">Di\u011fer b\u00f6lgesel ortaklar a\u00e7\u0131s\u0131ndan, Rusya&#8217;n\u0131n dolayl\u0131 etkisi muhtemel olsa da (Suriye h\u00fck\u00fcmetinin geleneksel m\u00fcttefiki olarak), do\u011frudan m\u00fczakere detaylar\u0131nda belirtilmiyor. \u0130ran&#8217;\u0131n rol\u00fc de s\u0131n\u0131rl\u0131 g\u00f6r\u00fcn\u00fcyor, \u00e7\u00fcnk\u00fc anla\u015fma Suriye&#8217;nin toprak b\u00fct\u00fcnl\u00fc\u011f\u00fcn\u00fc g\u00fc\u00e7lendirerek \u0130ran&#8217;\u0131n vekil g\u00fc\u00e7lerini (\u00f6rne\u011fin Hizbullah) k\u0131s\u0131tlayabilir. Ancak T\u00fcrkiye&#8217;nin yo\u011fun kat\u0131l\u0131m\u0131 g\u00f6z ard\u0131 edilemez: T\u00fcrk istihbarat\u0131 ve sahadaki paramiliter g\u00fc\u00e7leri taraflar\u0131n k\u0131s\u0131tlamas\u0131n\u0131 sa\u011flayarak <strong><em>&#8220;yo\u011fun rol<\/em><\/strong>&#8221; oynad\u0131 ve anla\u015fmay\u0131 <strong><em>&#8220;tarihi d\u00f6n\u00fcm noktas\u0131&#8221;<\/em><\/strong> olarak nitelendirdi.<\/p>\n<p style=\"text-align: justify\">Bu, ABD\u2019nin T\u00fcrkiye&#8217;yi b\u00f6lgesel ortak olarak \u00f6n planda tuttu\u011funu g\u00f6steriyor, ancak soru<strong><em> &#8220;T\u00fcrkiye d\u0131\u015f\u0131nda&#8221;<\/em><\/strong> vurgusu yapt\u0131\u011f\u0131 i\u00e7in ABD&#8217;nin arac\u0131l\u0131\u011f\u0131 ana unsur. Burada iki ABD \u00f6n\u00fcm\u00fcze \u00e7\u0131k\u0131yor: Biri, Sanat\u00f6r Lindsey Graham\u2019\u0131n temsil etti\u011fi, sorular sordu\u011fu ve \u201cendi\u015felerinin\u201d oldu\u011funu belirten taraf. Di\u011fer taraf ise; ABD&#8217;nin T\u00fcrkiye B\u00fcy\u00fckel\u00e7isi ve Suriye \u00d6zel Temsilcisi Tom Barrack\u2019\u0131n a\u00e7\u0131k\u00e7a T\u00fcrk \u00e7\u0131karlar\u0131n\u0131 korumak ve Kurdlerin yok edilmesini \u00f6ng\u00f6ren T\u00fcrk\u00e7\u00fc ve tek\u00e7i anlay\u0131\u015f\u0131d\u0131r.<\/p>\n<ol>\n<li>Son zamanlarda K\u00fcrt topraklar\u0131na y\u00f6nelik herhangi bir T\u00fcrk askeri m\u00fcdahalesi oldu mu?<\/li>\n<\/ol>\n<p style=\"text-align: justify\">Evet, son aylarda (2024-2025 sonu ve 2026 ba\u015f\u0131) T\u00fcrkiye ve destekledi\u011fi Suriye Ulusal Ordusu (SNA), Suriye&#8217;nin kuzeyindeki Kurd kontrol\u00fcndeki b\u00f6lgelere (SDG&#8217;nin hakim oldu\u011fu alanlar) y\u00f6nelik birden fazla askeri m\u00fcdahale ger\u00e7ekle\u015ftirdi. \u00d6rne\u011fin, 2024 Kas\u0131m&#8217;\u0131ndan 2025 Nisan&#8217;\u0131na uzanan <strong><em>&#8220;T\u00fcrk-SNA Kuzey Suriye Taarruzu&#8221;<\/em><\/strong>nda T\u00fcrkiye, SDG&#8217;ye kar\u015f\u0131 operasyonlar ba\u015flatt\u0131; <strong>M\u0131nbic<\/strong> ve <strong>Tell Rifaat&#8217;<\/strong>\u0131 ele ge\u00e7irdi, <strong>Ti\u015frin Baraj\u0131<\/strong> ve <strong>Qaraqozak<\/strong> K\u00f6pr\u00fcs\u00fc \u00e7evresinde \u00e7at\u0131\u015fmalar ya\u015fand\u0131.<\/p>\n<p style=\"text-align: justify\">Bu operasyonlar, SDG&#8217;nin 2024&#8217;teki kazan\u0131mlar\u0131n\u0131 geri ald\u0131 ve tampon b\u00f6lgeyi geni\u015fletti. Daha yak\u0131n zamanda, Ocak 2026&#8217;da T\u00fcrk top\u00e7usu <strong>\u00a0Haseki <\/strong>eyaletindeki <strong>Til Temer <\/strong>il\u00e7esindeki <strong>\u015eeyh Ali ve Xazalie <\/strong>k\u00f6ylerini bombalad\u0131.<\/p>\n<p style=\"text-align: justify\">Ayr\u0131ca, SDG kaynaklar\u0131 <strong>Deir Hafer<\/strong> ve T<strong>i\u015frin Baraj\u0131<\/strong>&#8216;na T\u00fcrk Bayraktar dronlar\u0131 ile sald\u0131r\u0131 rapor etti.<\/p>\n<p style=\"text-align: justify\">Bu m\u00fcdahaleler, SDG&#8217;nin Halep&#8217;teki \u00e7at\u0131\u015fmalar\u0131 s\u0131ras\u0131nda da devam etti ve Suriye h\u00fck\u00fcmetinin ilerlemesini dolayl\u0131 olarak destekledi. Genel olarak, bu eylemler T\u00fcrkiye&#8217;nin <strong><em>&#8220;ter\u00f6r koridoru&#8221; <\/em><\/strong>olarak g\u00f6rd\u00fc\u011f\u00fc Kurd b\u00f6lgelerini hedef al\u0131yor ve 2016&#8217;dan beri devam eden tampon b\u00f6lge stratejisinin par\u00e7as\u0131.<\/p>\n<ol>\n<li>Bu anla\u015fma, gelecekte bu b\u00f6lgede T\u00fcrk askerlerinin bulunmas\u0131n\u0131 \u00f6ng\u00f6r\u00fcyor mu?<\/li>\n<\/ol>\n<p style=\"text-align: justify\">Hay\u0131r, anla\u015fma do\u011frudan gelecekte T\u00fcrk askerlerinin b\u00f6lgede (kuzeydo\u011fu Suriye) bulunmas\u0131n\u0131 \u00f6ng\u00f6rm\u00fcyor. 14 maddelik metin, SDG&#8217;nin Suriye ordusuna entegrasyonunu,<strong> Raqqa<\/strong> ve <strong>Deyrzor\u2019<\/strong>un h\u00fck\u00fcmet kontrol\u00fcne ge\u00e7mesini, s\u0131n\u0131r ge\u00e7i\u015flerinin ve petrol sahalar\u0131n\u0131n devrini kaps\u0131yor, ancak T\u00fcrk askeri varl\u0131\u011f\u0131na dair herhangi bir madde yok. Ama zaten T\u00fcrkiye, kendisine ba\u011fl\u0131 e\u011fitti\u011fi, silahland\u0131rd\u0131\u011f\u0131, besledi\u011fi ve Kurdlere y\u00f6neltti\u011fi 30 bine yak\u0131n bir askeri g\u00fcc\u00fc sahada idare ediyor. Bu T\u00fcrk sava\u015f\u00e7\u0131lar\u0131, Arap elbiseli T\u00fcrkler olarak faaliyet y\u00fcr\u00fct\u00fcyor. Onun i\u00e7in \u00f6zel olarak T\u00fcrk ordusuna mensup askere T\u00fcrkiye ihtiya\u00e7 duymuyor.<\/p>\n<p style=\"text-align: justify\">Aksine, anla\u015fma Suriye&#8217;nin toprak b\u00fct\u00fcnl\u00fc\u011f\u00fcn\u00fc vurguluyor ve SDG&#8217;nin a\u011f\u0131r silahlar\u0131n\u0131 \u00e7ekmesini, PKK ba\u011flant\u0131l\u0131 unsurlar\u0131n Suriye&#8217;den \u00e7\u0131kar\u0131lmas\u0131n\u0131 taahh\u00fct ediyor \u2013 bu, T\u00fcrkiye&#8217;nin taleplerine uyumlu ama T\u00fcrk askerlerini i\u00e7ermiyor.<\/p>\n<p style=\"text-align: justify\">Bununla birlikte, anla\u015fma a\u00e7\u0131k bir \u015fekilde T\u00fcrkiye&#8217;nin etkisini art\u0131r\u0131yor:<\/p>\n<p style=\"text-align: justify\">T\u00fcrkiye, anla\u015fman\u0131n ba\u015fakt\u00f6r\u00fc. Bunu Tom Barrack ile birlikte yapiyor ve anla\u015fman\u0131n akt\u00f6rlerinden biridir.\u00a0 T\u00fcrkiye \u201cSDG\u2019leri entegrasyona uymazsa kendi askeri operasyon tehdidi\u201dni s\u00fcrd\u00fcr\u00fcyor.<\/p>\n<p style=\"text-align: justify\">Gelecekte T\u00fcrk askerleri, mevcut tampon b\u00f6lgelerde (\u00f6rne\u011fin Afrin, Ras al-Ayn) kalmaya devam edecek, ancak a\u00e7\u0131k\u00e7a yeni anla\u015fma bu b\u00f6lgeleri geni\u015fletmeyi \u00f6ng\u00f6rm\u00fcyor, ya da b\u00f6yle bir ibare yok. Anla\u015fman\u0131n uygulanmas\u0131 ba\u015far\u0131s\u0131z olursa, \u201cT\u00fcrkiye&#8217;nin m\u00fcdahale riski\u201d artabilir, \u00e7\u00fcnk\u00fc anla\u015fma PKK&#8217;n\u0131n Suriye&#8217;den \u00e7\u0131kar\u0131lmas\u0131n\u0131 i\u00e7eriyor. T\u00fcrkiye PKK kozunu hep elinde tutabilir \u00e7\u00fcnk\u00fc G.Bat\u0131 Kurdistan\u2019da da PKK T\u00fcrkiye i\u00e7in stratejik bir kazan\u0131m.<\/p>\n<ol>\n<li>Bu anla\u015fma m\u00fczakere edilmeden \u00f6nce \u0130srail ile herhangi bir temas veya koordinasyon oldu mu ve varsa \u0130srail\u2019in katk\u0131s\u0131 ne oldu?<\/li>\n<\/ol>\n<p style=\"text-align: justify\">Hay\u0131r, mevcut bilgilere g\u00f6re anla\u015fma m\u00fczakere edilmeden \u00f6nce \u0130srail ile do\u011frudan temas veya koordinasyon yoktu ve \u0130srail&#8217;in katk\u0131s\u0131 belirtilmiyor. Anla\u015fman\u0131n detaylar\u0131nda (14 madde) \u0130srail&#8217;e at\u0131f yok; odak Suriye&#8217;nin i\u00e7 entegrasyonu ve ISIS&#8217;e kar\u015f\u0131 ABD koalisyonu ile i\u015fbirli\u011fi.<\/p>\n<p style=\"text-align: justify\">M\u00fczakereler ABD arac\u0131l\u0131\u011f\u0131nda (Tom Barrack) ve T\u00fcrkiye&#8217;nin gizli (asl\u0131nda a\u00e7\u0131k) etkisiyle y\u00fcr\u00fcd\u00fc, ancak \u0130srail&#8217;in rol\u00fc ayr\u0131 bir ba\u011flamda: Ocak 2026&#8217;da Suriye-\u0130srail aras\u0131nda Paris&#8217;te ayr\u0131 bir <strong><em>&#8220;de-eskalasyon mekanizmas\u0131&#8221;<\/em><\/strong> anla\u015fmas\u0131 imzaland\u0131, istihbarat payla\u015f\u0131m\u0131 ve askeri gerilimi azaltmay\u0131 kaps\u0131yor.<\/p>\n<p style=\"text-align: justify\">Ocak 2026&#8217;da Suriye-\u0130srail aras\u0131nda Paris\u2019te imzalanan anla\u015fma, SDG\u2019leri anla\u015fmas\u0131ndan ba\u011f\u0131ms\u0131z ve Golan Tepeleri gibi s\u0131n\u0131r sorunlar\u0131na odaklan\u0131yor.<\/p>\n<p style=\"text-align: justify\">\u0130srail&#8217;in genel Suriye politikas\u0131 (\u00f6rne\u011fin \u0130ran vekillerine kar\u015f\u0131 hava sald\u0131r\u0131lar\u0131) devam ediyor, ancak SDG anla\u015fmas\u0131yla ba\u011flant\u0131l\u0131 de\u011fil. <strong>Lindsey Graham<\/strong>&#8216;\u0131n sorusu, potansiyel endi\u015feleri yans\u0131t\u0131yor (\u00f6rne\u011fin \u0130srail&#8217;in K\u00fcrt m\u00fcttefiklerini kaybetme korkusu), ama somut katk\u0131 yok.<\/p>\n<p style=\"text-align: justify\"><strong>Suriye Sahas\u0131nda T\u00fcrkiye&#8217;nin Rol\u00fcn\u00fcn Analizi<\/strong><\/p>\n<p style=\"text-align: justify\">T\u00fcrkiye, Suriye&#8217;de \u00f6zellikle G\u00fcney Bat\u0131 Kurdistan\u2019da stratejik bir akt\u00f6r olarak konumlan\u0131yor ve bu anla\u015fma, T\u00fcrkiye&#8217;nin uzun vadeli hedeflerini b\u00fcy\u00fck \u00f6l\u00e7\u00fcde destekliyor. T\u00fcrkiye&#8217;nin rol\u00fc, g\u00fcvenlik kayg\u0131lar\u0131na dayal\u0131: SDG&#8217;yi PKK&#8217;n\u0131n uzant\u0131s\u0131 olarak g\u00f6r\u00fcyor ve <strong><em>&#8220;ter\u00f6r koridorunu<\/em><\/strong>\u201d \u00f6nleme amac\u0131yla <strong>2016<\/strong>&#8216;dan beri operasyonlar d\u00fczenliyor (F\u0131rat Kalkan\u0131, Zeytin Dal\u0131, Bar\u0131\u015f P\u0131nar\u0131). Bu operasyonlarla G\u00fcney Bat\u0131 Kurdistan topraklar\u0131n\u0131n bir k\u0131sm\u0131nda, 30 km derinli\u011finde tampon b\u00f6lge olu\u015fturdu, m\u00fclteci d\u00f6n\u00fc\u015f\u00fc i\u00e7in <strong><em>&#8220;g\u00fcvenli b\u00f6lgeler&#8221; <\/em><\/strong>kurdu ve SNA&#8217;y\u0131 destekleyerek dolayl\u0131 kontrol sa\u011flad\u0131.<\/p>\n<p style=\"text-align: justify\">Bu anla\u015fmada T\u00fcrkiye&#8217;nin etkisi belirgin: <strong>SDG&#8217;lilerin entegrasyonu, PKK unsurlar\u0131n\u0131n \u00e7\u0131kar\u0131lmas\u0131 ve a\u011f\u0131r silahlar\u0131n \u00e7ekilmesi,<\/strong> T\u00fcrkiye&#8217;nin taleplerine uyumlu.<\/p>\n<p style=\"text-align: justify\">T\u00fcrk istihbarat\u0131 m\u00fczakerelerde <strong><em>&#8220;yo\u011fun rol&#8221;<\/em><\/strong> oynad\u0131, taraflar\u0131 k\u0131s\u0131tlad\u0131 ve anla\u015fmay\u0131 <strong><em>&#8220;ter\u00f6rs\u00fcz Suriye&#8221;<\/em><\/strong> i\u00e7in ad\u0131m olarak selamlad\u0131.<\/p>\n<p style=\"text-align: justify\">Cumhurba\u015fkan\u0131 Erdo\u011fan, anla\u015fma sonras\u0131 al-Sharaa ile g\u00f6r\u00fc\u015ferek &#8220;<strong><em>ter\u00f6r\u00fcn tamamen ortadan kald\u0131r\u0131lmas\u0131n\u0131\u201d<\/em><\/strong> vurgulad\u0131.<\/p>\n<p style=\"text-align: justify\">Bu, Suriye h\u00fck\u00fcmetini destekleyen T\u00fcrkiye&#8217;nin, \u015eam&#8217;\u0131, anti-Kurd siyasetinde m\u00fcttefik olarak g\u00f6rd\u00fc\u011f\u00fcn\u00fc g\u00f6steriyor \u2013 \u00f6zellikle Esad sonras\u0131 d\u00f6nemde \u015eam&#8217;\u0131 Ankara&#8217;n\u0131n y\u00f6r\u00fcngesine \u00e7ekti ve oturttu.<\/p>\n<p style=\"text-align: justify\">Ancak riskler var: Anla\u015fman\u0131n uygulanmas\u0131 ba\u015far\u0131s\u0131z olursa, T\u00fcrkiye yeni m\u00fcdahaleler yapabilir, bu da ABD ile gerilimi art\u0131r\u0131r (SDG, ABD&#8217;nin ISIS kar\u015f\u0131t\u0131 orta\u011f\u0131yd\u0131). Ayr\u0131ca, T\u00fcrkiye&#8217;deki \u201cKurd bar\u0131\u015f s\u00fcreci\u201d (PKK ile) bu anla\u015fmayla ba\u011flant\u0131l\u0131: PKK lideri \u00d6calan, Suriye&#8217;deki \u00e7at\u0131\u015fmalar\u0131 <strong><em>&#8220;bar\u0131\u015f s\u00fcrecine sabotaj&#8221;<\/em><\/strong> olarak niteledi. Asl\u0131nda burada \u00d6calan\u2019\u0131n i\u015faret etti\u011fi kar\u015f\u0131l\u0131kl\u0131 \u00e7at\u0131\u015fmalar de\u011fil, olas\u0131 bir SDG\u2019lerinin direni\u015fini kastederek, bunun i\u00e7in <strong><em>\u201csabotaj\u201d<\/em><\/strong> laf\u0131n\u0131 kullanm\u0131\u015f.<\/p>\n<p style=\"text-align: justify\">Genel olarak, T\u00fcrkiye&#8217;nin rol\u00fc Suriye&#8217;yi <strong><em>&#8220;ter\u00f6rs\u00fcz&#8221;<\/em><\/strong> ve b\u00fct\u00fcnle\u015fik hale getirmek, ama bu Kurd defakto \u00f6zerkli\u011fini sona erdirerek, b\u00f6lgesel hegemonyas\u0131n\u0131 peki\u015ftirmektir. Bunu da ABD&#8217;nin T\u00fcrkiye B\u00fcy\u00fckel\u00e7isi ve Suriye \u00d6zel Temsilcisi T<strong>om Barrack<\/strong>\u2019\u0131n deste\u011fi ve yol a\u00e7mas\u0131 ile yapt\u0131.<\/p>\n<p style=\"text-align: justify\">Anla\u015fma, T\u00fcrkiye&#8217;nin askeri ve diplomatik g\u00fcc\u00fcn\u00fc dengeli kulland\u0131\u011f\u0131 bir zafer gibi duruyor, ancak uzun vadede Kurd direni\u015fi veya uluslararas\u0131 bask\u0131lar sorun yaratabilir. Bekleyip g\u00f6rece\u011fiz.<\/p>\n","protected":false},"excerpt":{"rendered":"<p>ABD\u2019nin Cumhuriyet\u00e7i etkin sanat\u00f6r Lindsey Graham\u2019\u0131n \u201cAte\u015fkes Anla\u015fmas\u0131\u201d sonras\u0131 bir dizi sorularla dile getirdi\u011fi \u201cendi\u015felerini\u2019 i\u00e7eren sorular\u0131n\u0131n cevaplar\u0131n\u0131 arad\u0131m. Bu \u00e7al\u0131\u015fmamda, ABD&#8217;nin T\u00fcrkiye B\u00fcy\u00fckel\u00e7isi ve Suriye \u00d6zel Temsilcisi Tom Barrack\u2019\u0131n da T\u00fcrklerin sahadaki etkinli\u011fine katk\u0131 ve Kurd kart\u0131n\u0131 a\u00e7\u0131k\u00e7a T\u00fcrkiye\u2019ye kurban etmesini i\u00e7eren bir analiz. G\u00f6zden ge\u00e7irilmesinde yarar var. Bu ate\u015fkes anla\u015fmas\u0131 T\u00fcrkiye d\u0131\u015f\u0131nda ba\u015fka [&hellip;]<\/p>\n","protected":false},"author":2,"featured_media":1036265,"comment_status":"closed","ping_status":"closed","sticky":false,"template":"","format":"standard","meta":{"footnotes":""},"categories":[26],"tags":[31],"class_list":["post-1036264","post","type-post","status-publish","format-standard","has-post-thumbnail","hentry","category-forum","tag-onemli"],"blocksy_meta":[],"seo_head":"<!-- This site is optimized with the Yoast SEO plugin v27.5 - https:\/\/yoast.com\/product\/yoast-seo-wordpress\/ -->\n<title>Lindsey Graham ve Tom Barrack! ABD \u201cstratejim m\u00fcttefiklerimiz\u201d dedi\u011fi Kurdleri satt\u0131 m\u0131? - Darka Mazi<\/title>\n<meta name=\"robots\" content=\"index, follow, max-snippet:-1, max-image-preview:large, max-video-preview:-1\" \/>\n<link rel=\"canonical\" href=\"https:\/\/darkamazi.site\/archives\/1036264\" \/>\n<meta property=\"og:locale\" content=\"en_US\" \/>\n<meta property=\"og:type\" content=\"article\" \/>\n<meta property=\"og:title\" content=\"Lindsey Graham ve Tom Barrack! ABD \u201cstratejim m\u00fcttefiklerimiz\u201d dedi\u011fi Kurdleri satt\u0131 m\u0131? - Darka Mazi\" \/>\n<meta property=\"og:description\" content=\"ABD\u2019nin Cumhuriyet\u00e7i etkin sanat\u00f6r Lindsey Graham\u2019\u0131n \u201cAte\u015fkes Anla\u015fmas\u0131\u201d sonras\u0131 bir dizi sorularla dile getirdi\u011fi \u201cendi\u015felerini\u2019 i\u00e7eren sorular\u0131n\u0131n cevaplar\u0131n\u0131 arad\u0131m. Bu \u00e7al\u0131\u015fmamda, ABD&#8217;nin T\u00fcrkiye B\u00fcy\u00fckel\u00e7isi ve Suriye \u00d6zel Temsilcisi Tom Barrack\u2019\u0131n da T\u00fcrklerin sahadaki etkinli\u011fine katk\u0131 ve Kurd kart\u0131n\u0131 a\u00e7\u0131k\u00e7a T\u00fcrkiye\u2019ye kurban etmesini i\u00e7eren bir analiz. G\u00f6zden ge\u00e7irilmesinde yarar var. Bu ate\u015fkes anla\u015fmas\u0131 T\u00fcrkiye d\u0131\u015f\u0131nda ba\u015fka [&hellip;]\" \/>\n<meta property=\"og:url\" content=\"https:\/\/darkamazi.site\/archives\/1036264\" \/>\n<meta property=\"og:site_name\" content=\"Darka Mazi\" \/>\n<meta property=\"article:publisher\" content=\"https:\/\/www.facebook.com\/DarkaMaziturkce\" \/>\n<meta property=\"article:published_time\" content=\"2026-01-21T10:46:38+00:00\" \/>\n<meta property=\"og:image\" content=\"https:\/\/darkamazi.site\/file\/2026\/01\/sheyhmus-2.jpg\" \/>\n\t<meta property=\"og:image:width\" content=\"900\" \/>\n\t<meta property=\"og:image:height\" content=\"475\" \/>\n\t<meta property=\"og:image:type\" content=\"image\/jpeg\" \/>\n<meta name=\"author\" content=\"darka mazi\" \/>\n<meta name=\"twitter:card\" content=\"summary_large_image\" \/>\n<meta name=\"twitter:creator\" content=\"@DarkaMaziTurkce\" \/>\n<meta name=\"twitter:site\" content=\"@DarkaMaziTurkce\" \/>\n<meta name=\"twitter:label1\" content=\"Written by\" \/>\n\t<meta name=\"twitter:data1\" content=\"darka mazi\" \/>\n\t<meta name=\"twitter:label2\" content=\"Est. reading time\" \/>\n\t<meta name=\"twitter:data2\" content=\"5 minutes\" \/>\n<script type=\"application\/ld+json\" class=\"seo-schema-graph\">{\"@context\":\"https:\\\/\\\/schema.org\",\"@graph\":[{\"@type\":\"NewsArticle\",\"@id\":\"https:\\\/\\\/darkamazi.site\\\/archives\\\/1036264#article\",\"isPartOf\":{\"@id\":\"https:\\\/\\\/darkamazi.site\\\/archives\\\/1036264\"},\"author\":{\"name\":\"darka mazi\",\"@id\":\"https:\\\/\\\/darkamazi.site\\\/#\\\/schema\\\/person\\\/67986a95ac546c16760365877ef4a9d3\"},\"headline\":\"Lindsey Graham ve Tom Barrack! ABD \u201cstratejim m\u00fcttefiklerimiz\u201d dedi\u011fi Kurdleri satt\u0131 m\u0131?\",\"datePublished\":\"2026-01-21T10:46:38+00:00\",\"mainEntityOfPage\":{\"@id\":\"https:\\\/\\\/darkamazi.site\\\/archives\\\/1036264\"},\"wordCount\":1623,\"publisher\":{\"@id\":\"https:\\\/\\\/darkamazi.site\\\/#organization\"},\"image\":{\"@id\":\"https:\\\/\\\/darkamazi.site\\\/archives\\\/1036264#primaryimage\"},\"thumbnailUrl\":\"https:\\\/\\\/darkamazi.site\\\/darka-content\\\/uploads\\\/2026\\\/01\\\/sheyhmus-2.jpg\",\"keywords\":[\"\u00f6nemli\"],\"articleSection\":[\"Forum\"],\"inLanguage\":\"en-US\"},{\"@type\":\"WebPage\",\"@id\":\"https:\\\/\\\/darkamazi.site\\\/archives\\\/1036264\",\"url\":\"https:\\\/\\\/darkamazi.site\\\/archives\\\/1036264\",\"name\":\"Lindsey Graham ve Tom Barrack! ABD \u201cstratejim m\u00fcttefiklerimiz\u201d dedi\u011fi Kurdleri satt\u0131 m\u0131? - Darka Mazi\",\"isPartOf\":{\"@id\":\"https:\\\/\\\/darkamazi.site\\\/#website\"},\"primaryImageOfPage\":{\"@id\":\"https:\\\/\\\/darkamazi.site\\\/archives\\\/1036264#primaryimage\"},\"image\":{\"@id\":\"https:\\\/\\\/darkamazi.site\\\/archives\\\/1036264#primaryimage\"},\"thumbnailUrl\":\"https:\\\/\\\/darkamazi.site\\\/darka-content\\\/uploads\\\/2026\\\/01\\\/sheyhmus-2.jpg\",\"datePublished\":\"2026-01-21T10:46:38+00:00\",\"breadcrumb\":{\"@id\":\"https:\\\/\\\/darkamazi.site\\\/archives\\\/1036264#breadcrumb\"},\"inLanguage\":\"en-US\",\"potentialAction\":[{\"@type\":\"ReadAction\",\"target\":[\"https:\\\/\\\/darkamazi.site\\\/archives\\\/1036264\"]}]},{\"@type\":\"ImageObject\",\"inLanguage\":\"en-US\",\"@id\":\"https:\\\/\\\/darkamazi.site\\\/archives\\\/1036264#primaryimage\",\"url\":\"https:\\\/\\\/darkamazi.site\\\/darka-content\\\/uploads\\\/2026\\\/01\\\/sheyhmus-2.jpg\",\"contentUrl\":\"https:\\\/\\\/darkamazi.site\\\/darka-content\\\/uploads\\\/2026\\\/01\\\/sheyhmus-2.jpg\",\"width\":900,\"height\":475,\"caption\":\"Rant Ekonomisinden, Emek ve \u00dcretim Ekonomisine Ge\u00e7i\u015f S\u00fcreci!\"},{\"@type\":\"BreadcrumbList\",\"@id\":\"https:\\\/\\\/darkamazi.site\\\/archives\\\/1036264#breadcrumb\",\"itemListElement\":[{\"@type\":\"ListItem\",\"position\":1,\"name\":\"Home\",\"item\":\"https:\\\/\\\/darkamazi.site\\\/\"},{\"@type\":\"ListItem\",\"position\":2,\"name\":\"Lindsey Graham ve Tom Barrack! ABD \u201cstratejim m\u00fcttefiklerimiz\u201d dedi\u011fi Kurdleri satt\u0131 m\u0131?\"}]},{\"@type\":\"WebSite\",\"@id\":\"https:\\\/\\\/darkamazi.site\\\/#website\",\"url\":\"https:\\\/\\\/darkamazi.site\\\/\",\"name\":\"Darka Mazi\",\"description\":\"Ana Sayfa\",\"publisher\":{\"@id\":\"https:\\\/\\\/darkamazi.site\\\/#organization\"},\"potentialAction\":[{\"@type\":\"SearchAction\",\"target\":{\"@type\":\"EntryPoint\",\"urlTemplate\":\"https:\\\/\\\/darkamazi.site\\\/?s={search_term_string}\"},\"query-input\":{\"@type\":\"PropertyValueSpecification\",\"valueRequired\":true,\"valueName\":\"search_term_string\"}}],\"inLanguage\":\"en-US\"},{\"@type\":\"Organization\",\"@id\":\"https:\\\/\\\/darkamazi.site\\\/#organization\",\"name\":\"Darka Mazi T\u00fcrk\u00e7e\",\"alternateName\":\"Darka Mazi\",\"url\":\"https:\\\/\\\/darkamazi.site\\\/\",\"logo\":{\"@type\":\"ImageObject\",\"inLanguage\":\"en-US\",\"@id\":\"https:\\\/\\\/darkamazi.site\\\/#\\\/schema\\\/logo\\\/image\\\/\",\"url\":\"https:\\\/\\\/darkamazi.site\\\/darka-content\\\/uploads\\\/2017\\\/12\\\/darka-mazi-logo.png\",\"contentUrl\":\"https:\\\/\\\/darkamazi.site\\\/darka-content\\\/uploads\\\/2017\\\/12\\\/darka-mazi-logo.png\",\"width\":151,\"height\":75,\"caption\":\"Darka Mazi T\u00fcrk\u00e7e\"},\"image\":{\"@id\":\"https:\\\/\\\/darkamazi.site\\\/#\\\/schema\\\/logo\\\/image\\\/\"},\"sameAs\":[\"https:\\\/\\\/www.facebook.com\\\/DarkaMaziturkce\",\"https:\\\/\\\/x.com\\\/DarkaMaziTurkce\"]},{\"@type\":\"Person\",\"@id\":\"https:\\\/\\\/darkamazi.site\\\/#\\\/schema\\\/person\\\/67986a95ac546c16760365877ef4a9d3\",\"name\":\"darka mazi\",\"sameAs\":[\"https:\\\/\\\/darkamazi.site\"],\"url\":\"https:\\\/\\\/darkamazi.site\\\/archives\\\/author\\\/turkish\"}]}<\/script>\n<!-- \/ Yoast SEO plugin. -->","seo_head_json":{"title":"Lindsey Graham ve Tom Barrack! ABD \u201cstratejim m\u00fcttefiklerimiz\u201d dedi\u011fi Kurdleri satt\u0131 m\u0131? - Darka Mazi","robots":{"index":"index","follow":"follow","max-snippet":"max-snippet:-1","max-image-preview":"max-image-preview:large","max-video-preview":"max-video-preview:-1"},"canonical":"https:\/\/darkamazi.site\/archives\/1036264","og_locale":"en_US","og_type":"article","og_title":"Lindsey Graham ve Tom Barrack! ABD \u201cstratejim m\u00fcttefiklerimiz\u201d dedi\u011fi Kurdleri satt\u0131 m\u0131? - Darka Mazi","og_description":"ABD\u2019nin Cumhuriyet\u00e7i etkin sanat\u00f6r Lindsey Graham\u2019\u0131n \u201cAte\u015fkes Anla\u015fmas\u0131\u201d sonras\u0131 bir dizi sorularla dile getirdi\u011fi \u201cendi\u015felerini\u2019 i\u00e7eren sorular\u0131n\u0131n cevaplar\u0131n\u0131 arad\u0131m. Bu \u00e7al\u0131\u015fmamda, ABD&#8217;nin T\u00fcrkiye B\u00fcy\u00fckel\u00e7isi ve Suriye \u00d6zel Temsilcisi Tom Barrack\u2019\u0131n da T\u00fcrklerin sahadaki etkinli\u011fine katk\u0131 ve Kurd kart\u0131n\u0131 a\u00e7\u0131k\u00e7a T\u00fcrkiye\u2019ye kurban etmesini i\u00e7eren bir analiz. G\u00f6zden ge\u00e7irilmesinde yarar var. Bu ate\u015fkes anla\u015fmas\u0131 T\u00fcrkiye d\u0131\u015f\u0131nda ba\u015fka [&hellip;]","og_url":"https:\/\/darkamazi.site\/archives\/1036264","og_site_name":"Darka Mazi","article_publisher":"https:\/\/www.facebook.com\/DarkaMaziturkce","article_published_time":"2026-01-21T10:46:38+00:00","og_image":[{"width":900,"height":475,"url":"https:\/\/darkamazi.site\/file\/2026\/01\/sheyhmus-2.jpg","type":"image\/jpeg"}],"author":"darka mazi","twitter_card":"summary_large_image","twitter_creator":"@DarkaMaziTurkce","twitter_site":"@DarkaMaziTurkce","twitter_misc":{"Written by":"darka mazi","Est. reading time":"5 minutes"},"schema":{"@context":"https:\/\/schema.org","@graph":[{"@type":"NewsArticle","@id":"https:\/\/darkamazi.site\/archives\/1036264#article","isPartOf":{"@id":"https:\/\/darkamazi.site\/archives\/1036264"},"author":{"name":"darka mazi","@id":"https:\/\/darkamazi.site\/#\/schema\/person\/67986a95ac546c16760365877ef4a9d3"},"headline":"Lindsey Graham ve Tom Barrack! ABD \u201cstratejim m\u00fcttefiklerimiz\u201d dedi\u011fi Kurdleri satt\u0131 m\u0131?","datePublished":"2026-01-21T10:46:38+00:00","mainEntityOfPage":{"@id":"https:\/\/darkamazi.site\/archives\/1036264"},"wordCount":1623,"publisher":{"@id":"https:\/\/darkamazi.site\/#organization"},"image":{"@id":"https:\/\/darkamazi.site\/archives\/1036264#primaryimage"},"thumbnailUrl":"https:\/\/darkamazi.site\/file\/2026\/01\/sheyhmus-2.jpg","keywords":["\u00f6nemli"],"articleSection":["Forum"],"inLanguage":"en-US"},{"@type":"WebPage","@id":"https:\/\/darkamazi.site\/archives\/1036264","url":"https:\/\/darkamazi.site\/archives\/1036264","name":"Lindsey Graham ve Tom Barrack! ABD \u201cstratejim m\u00fcttefiklerimiz\u201d dedi\u011fi Kurdleri satt\u0131 m\u0131? - Darka Mazi","isPartOf":{"@id":"https:\/\/darkamazi.site\/#website"},"primaryImageOfPage":{"@id":"https:\/\/darkamazi.site\/archives\/1036264#primaryimage"},"image":{"@id":"https:\/\/darkamazi.site\/archives\/1036264#primaryimage"},"thumbnailUrl":"https:\/\/darkamazi.site\/file\/2026\/01\/sheyhmus-2.jpg","datePublished":"2026-01-21T10:46:38+00:00","breadcrumb":{"@id":"https:\/\/darkamazi.site\/archives\/1036264#breadcrumb"},"inLanguage":"en-US","potentialAction":[{"@type":"ReadAction","target":["https:\/\/darkamazi.site\/archives\/1036264"]}]},{"@type":"ImageObject","inLanguage":"en-US","@id":"https:\/\/darkamazi.site\/archives\/1036264#primaryimage","url":"https:\/\/darkamazi.site\/file\/2026\/01\/sheyhmus-2.jpg","contentUrl":"https:\/\/darkamazi.site\/file\/2026\/01\/sheyhmus-2.jpg","width":900,"height":475,"caption":"Rant Ekonomisinden, Emek ve \u00dcretim Ekonomisine Ge\u00e7i\u015f S\u00fcreci!"},{"@type":"BreadcrumbList","@id":"https:\/\/darkamazi.site\/archives\/1036264#breadcrumb","itemListElement":[{"@type":"ListItem","position":1,"name":"Home","item":"https:\/\/darkamazi.site\/"},{"@type":"ListItem","position":2,"name":"Lindsey Graham ve Tom Barrack! ABD \u201cstratejim m\u00fcttefiklerimiz\u201d dedi\u011fi Kurdleri satt\u0131 m\u0131?"}]},{"@type":"WebSite","@id":"https:\/\/darkamazi.site\/#website","url":"https:\/\/darkamazi.site\/","name":"Darka Mazi","description":"Ana Sayfa","publisher":{"@id":"https:\/\/darkamazi.site\/#organization"},"potentialAction":[{"@type":"SearchAction","target":{"@type":"EntryPoint","urlTemplate":"https:\/\/darkamazi.site\/?s={search_term_string}"},"query-input":{"@type":"PropertyValueSpecification","valueRequired":true,"valueName":"search_term_string"}}],"inLanguage":"en-US"},{"@type":"Organization","@id":"https:\/\/darkamazi.site\/#organization","name":"Darka Mazi T\u00fcrk\u00e7e","alternateName":"Darka Mazi","url":"https:\/\/darkamazi.site\/","logo":{"@type":"ImageObject","inLanguage":"en-US","@id":"https:\/\/darkamazi.site\/#\/schema\/logo\/image\/","url":"https:\/\/darkamazi.site\/file\/2017\/12\/darka-mazi-logo.png","contentUrl":"https:\/\/darkamazi.site\/file\/2017\/12\/darka-mazi-logo.png","width":151,"height":75,"caption":"Darka Mazi T\u00fcrk\u00e7e"},"image":{"@id":"https:\/\/darkamazi.site\/#\/schema\/logo\/image\/"},"sameAs":["https:\/\/www.facebook.com\/DarkaMaziturkce","https:\/\/x.com\/DarkaMaziTurkce"]},{"@type":"Person","@id":"https:\/\/darkamazi.site\/#\/schema\/person\/67986a95ac546c16760365877ef4a9d3","name":"darka mazi","sameAs":["https:\/\/darkamazi.site"],"url":"https:\/\/darkamazi.site\/archives\/author\/turkish"}]}},"_links":{"self":[{"href":"https:\/\/darkamazi.site\/funavuv\/wp\/v2\/posts\/1036264","targetHints":{"allow":["GET"]}}],"collection":[{"href":"https:\/\/darkamazi.site\/funavuv\/wp\/v2\/posts"}],"about":[{"href":"https:\/\/darkamazi.site\/funavuv\/wp\/v2\/types\/post"}],"author":[{"embeddable":true,"href":"https:\/\/darkamazi.site\/funavuv\/wp\/v2\/users\/2"}],"replies":[{"embeddable":true,"href":"https:\/\/darkamazi.site\/funavuv\/wp\/v2\/comments?post=1036264"}],"version-history":[{"count":0,"href":"https:\/\/darkamazi.site\/funavuv\/wp\/v2\/posts\/1036264\/revisions"}],"wp:featuredmedia":[{"embeddable":true,"href":"https:\/\/darkamazi.site\/funavuv\/wp\/v2\/media\/1036265"}],"wp:attachment":[{"href":"https:\/\/darkamazi.site\/funavuv\/wp\/v2\/media?parent=1036264"}],"wp:term":[{"taxonomy":"category","embeddable":true,"href":"https:\/\/darkamazi.site\/funavuv\/wp\/v2\/categories?post=1036264"},{"taxonomy":"post_tag","embeddable":true,"href":"https:\/\/darkamazi.site\/funavuv\/wp\/v2\/tags?post=1036264"}],"curies":[{"name":"wp","href":"https:\/\/api.w.org\/{rel}","templated":true}]}}