{"id":1036267,"date":"2026-01-22T11:36:44","date_gmt":"2026-01-22T08:36:44","guid":{"rendered":"https:\/\/darkamazi.site\/?p=1036267"},"modified":"2026-01-22T11:36:44","modified_gmt":"2026-01-22T08:36:44","slug":"kurdistan-cumhuriyetinin-kurulusunun-uzerinden-80-yil-gecti","status":"publish","type":"post","link":"https:\/\/darkamazi.site\/archives\/1036267","title":{"rendered":"K\u00fcrdistan Cumhuriyeti\u2019nin kurulu\u015funun \u00fczerinden 80 y\u0131l ge\u00e7ti"},"content":{"rendered":"<p style=\"text-align: justify\">Do\u011fu K\u00fcrdistan\u2019\u0131n Mahabad kentinde ilan edilen K\u00fcrdistan Cumhuriyeti\u2019nin kurulu\u015funun \u00fczerinden 80 y\u0131l ge\u00e7ti.<\/p>\n<p style=\"text-align: justify\">Bug\u00fcn Mahabad&#8217;da ilan edilen K\u00fcrdistan Cumhuriyeti&#8217;nin kurulu\u015funun 80. y\u0131ld\u00f6n\u00fcm\u00fc. Bu cumhuriyet, 11 ayl\u0131k \u00f6mr\u00fcne ra\u011fmen farkl\u0131 alanlarda b\u00fcy\u00fck kazan\u0131mlar elde ederek, Pe\u015fmerge ismi, K\u00fcrdistan bayra\u011f\u0131, milli mar\u015f Ey Req\u00eeb gibi manevi de\u011ferleri, K\u00fcrdistan\u2019\u0131n d\u00f6rt par\u00e7as\u0131na miras olarak b\u0131rakt\u0131.<\/p>\n<p style=\"text-align: justify\">80 y\u0131l \u00f6nce 22 Ocak 1946\u2019da Mahabad kentinde, toplumun farkl\u0131 kesimlerinden 20 bin ki\u015finin kat\u0131l\u0131m\u0131yla Qazi Muhammed taraf\u0131ndan K\u00fcrdistan Cumhuriyeti ilan edildi.<\/p>\n<p style=\"text-align: justify\">20 bin K\u00fcrdistan temsilcisinin daha sonra K\u00fcrdistan gazetesinin 8\u2019inci say\u0131s\u0131nda yay\u0131mlanan bildirisinde, Cumhuriyet y\u00f6neticilerinden \u015fu taleplerde bulunuldu: K\u00fcrtlerin ya\u015fad\u0131\u011f\u0131 her yerde ba\u011f\u0131ms\u0131zl\u0131k ilan edilsin, \u015eura Meclisi se\u00e7imleri yap\u0131ls\u0131n, K\u00fcrdistan Ulusal H\u00fck\u00fcmeti, bakanl\u0131k ve gerekli kurumlar kurulsun, K\u00fcrdistan Ulusal Silahl\u0131 Kuvvetleri, kom\u015fu \u00fclkelerle ekonomik ve ticari ili\u015fkiler kurulsun, Azerbaycan h\u00fck\u00fcmetiyle g\u00fc\u00e7l\u00fc ili\u015fkiler kurulsun.<\/p>\n<p style=\"text-align: justify\">Bu \u015fekilde K\u00fcrdistan bayra\u011f\u0131, Cumhuriyet s\u0131n\u0131rlar\u0131ndaki t\u00fcm resmi kurumlarda dalgaland\u0131r\u0131ld\u0131 ve K\u00fcrt modern y\u00f6netiminin ilk temeli b\u00f6ylece at\u0131lm\u0131\u015f oldu.<\/p>\n<p style=\"text-align: justify\">Mahabad\u2019da matbaa ve radyo, sinema ve tiyatro kurulmas\u0131, iki g\u00fcnde bir bas\u0131lan K\u00fcrdistan gazetesinin \u00e7\u0131kar\u0131lmas\u0131, biri \u00e7ocuk dergisi olmak \u00fczere 5 derginin \u00e7\u0131kar\u0131lmas\u0131 gibi k\u00fclt\u00fcrel kazan\u0131mlar, K\u00fcrdistan Cumhuriyeti\u2019nin 11 ayl\u0131k y\u00f6netiminde elde edildi.<\/p>\n<p style=\"text-align: justify\">Okullarda K\u00fcrt\u00e7e e\u011fitime ba\u015flanmas\u0131, t\u00fcm resmi kurumlarda, mahkemeler, askeri ve dini kurulu\u015flarda K\u00fcrt\u00e7enin resmi dil olarak kullan\u0131lmas\u0131, K\u00fcrt dilinin temel kazan\u0131mlar\u0131ndan oldu.<\/p>\n<p style=\"text-align: justify\">Ekonomik kayna\u011f\u0131 da tar\u0131m \u00fcr\u00fcnlerinin ihrac\u0131 ve vergiye dayanan Cumhuriyet, kurulu\u015fundan 11 ay sonra, \u0130ran ordusunun sald\u0131r\u0131s\u0131 sonucu y\u0131k\u0131l\u0131rken, kurucular\u0131 idam edildi.<\/p>\n<p style=\"text-align: justify\">Cumhuriyetin miras\u0131 olan milli manevi de\u011ferler, bug\u00fcn K\u00fcrdistan\u2019\u0131n d\u00f6rt par\u00e7as\u0131nda ya\u015f\u0131yor.<\/p>\n<p style=\"text-align: justify\">Tek K\u00fcrdistan Cumhuriyeti&#8217;nin kurulu\u015funun \u00fczerinden 80 y\u0131l ge\u00e7mesiyle, K\u00fcrdistan tarihinde parlayan bir sayfa, kurtulu\u015f ve ba\u011f\u0131ms\u0131zl\u0131k i\u00e7in K\u00fcrt dayan\u0131\u015fma ve birli\u011finin \u00f6rne\u011fi olarak nitelendiriliyor.<\/p>\n","protected":false},"excerpt":{"rendered":"<p>Do\u011fu K\u00fcrdistan\u2019\u0131n Mahabad kentinde ilan edilen K\u00fcrdistan Cumhuriyeti\u2019nin kurulu\u015funun \u00fczerinden 80 y\u0131l ge\u00e7ti. Bug\u00fcn Mahabad&#8217;da ilan edilen K\u00fcrdistan Cumhuriyeti&#8217;nin kurulu\u015funun 80. y\u0131ld\u00f6n\u00fcm\u00fc. Bu cumhuriyet, 11 ayl\u0131k \u00f6mr\u00fcne ra\u011fmen farkl\u0131 alanlarda b\u00fcy\u00fck kazan\u0131mlar elde ederek, Pe\u015fmerge ismi, K\u00fcrdistan bayra\u011f\u0131, milli mar\u015f Ey Req\u00eeb gibi manevi de\u011ferleri, K\u00fcrdistan\u2019\u0131n d\u00f6rt par\u00e7as\u0131na miras olarak b\u0131rakt\u0131. 80 y\u0131l \u00f6nce 22 [&hellip;]<\/p>\n","protected":false},"author":2,"featured_media":1036268,"comment_status":"closed","ping_status":"closed","sticky":false,"template":"","format":"standard","meta":{"footnotes":""},"categories":[3],"tags":[31],"class_list":["post-1036267","post","type-post","status-publish","format-standard","has-post-thumbnail","hentry","category-kurdistan","tag-onemli"],"blocksy_meta":[],"seo_head":"<!-- This site is optimized with the Yoast SEO plugin v27.5 - https:\/\/yoast.com\/product\/yoast-seo-wordpress\/ -->\n<title>K\u00fcrdistan Cumhuriyeti\u2019nin kurulu\u015funun \u00fczerinden 80 y\u0131l ge\u00e7ti - Darka Mazi<\/title>\n<meta name=\"robots\" content=\"index, follow, max-snippet:-1, max-image-preview:large, max-video-preview:-1\" \/>\n<link rel=\"canonical\" href=\"https:\/\/darkamazi.site\/archives\/1036267\" \/>\n<meta property=\"og:locale\" content=\"en_US\" \/>\n<meta property=\"og:type\" content=\"article\" \/>\n<meta property=\"og:title\" content=\"K\u00fcrdistan Cumhuriyeti\u2019nin kurulu\u015funun \u00fczerinden 80 y\u0131l ge\u00e7ti - Darka Mazi\" \/>\n<meta property=\"og:description\" content=\"Do\u011fu K\u00fcrdistan\u2019\u0131n Mahabad kentinde ilan edilen K\u00fcrdistan Cumhuriyeti\u2019nin kurulu\u015funun \u00fczerinden 80 y\u0131l ge\u00e7ti. Bug\u00fcn Mahabad&#8217;da ilan edilen K\u00fcrdistan Cumhuriyeti&#8217;nin kurulu\u015funun 80. y\u0131ld\u00f6n\u00fcm\u00fc. Bu cumhuriyet, 11 ayl\u0131k \u00f6mr\u00fcne ra\u011fmen farkl\u0131 alanlarda b\u00fcy\u00fck kazan\u0131mlar elde ederek, Pe\u015fmerge ismi, K\u00fcrdistan bayra\u011f\u0131, milli mar\u015f Ey Req\u00eeb gibi manevi de\u011ferleri, K\u00fcrdistan\u2019\u0131n d\u00f6rt par\u00e7as\u0131na miras olarak b\u0131rakt\u0131. 80 y\u0131l \u00f6nce 22 [&hellip;]\" \/>\n<meta property=\"og:url\" content=\"https:\/\/darkamazi.site\/archives\/1036267\" \/>\n<meta property=\"og:site_name\" content=\"Darka Mazi\" \/>\n<meta property=\"article:publisher\" content=\"https:\/\/www.facebook.com\/DarkaMaziturkce\" \/>\n<meta property=\"article:published_time\" content=\"2026-01-22T08:36:44+00:00\" \/>\n<meta property=\"og:image\" content=\"https:\/\/darkamazi.site\/file\/2026\/01\/Mahabad-cumhuriyeti.jpg\" \/>\n\t<meta property=\"og:image:width\" content=\"900\" \/>\n\t<meta property=\"og:image:height\" content=\"500\" \/>\n\t<meta property=\"og:image:type\" content=\"image\/jpeg\" \/>\n<meta name=\"author\" content=\"darka mazi\" \/>\n<meta name=\"twitter:card\" content=\"summary_large_image\" \/>\n<meta name=\"twitter:creator\" content=\"@DarkaMaziTurkce\" \/>\n<meta name=\"twitter:site\" content=\"@DarkaMaziTurkce\" \/>\n<meta name=\"twitter:label1\" content=\"Written by\" \/>\n\t<meta name=\"twitter:data1\" content=\"darka mazi\" \/>\n\t<meta name=\"twitter:label2\" content=\"Est. reading time\" \/>\n\t<meta name=\"twitter:data2\" content=\"2 minutes\" \/>\n<script type=\"application\/ld+json\" class=\"seo-schema-graph\">{\"@context\":\"https:\\\/\\\/schema.org\",\"@graph\":[{\"@type\":\"NewsArticle\",\"@id\":\"https:\\\/\\\/darkamazi.site\\\/archives\\\/1036267#article\",\"isPartOf\":{\"@id\":\"https:\\\/\\\/darkamazi.site\\\/archives\\\/1036267\"},\"author\":{\"name\":\"darka mazi\",\"@id\":\"https:\\\/\\\/darkamazi.site\\\/#\\\/schema\\\/person\\\/67986a95ac546c16760365877ef4a9d3\"},\"headline\":\"K\u00fcrdistan Cumhuriyeti\u2019nin kurulu\u015funun \u00fczerinden 80 y\u0131l ge\u00e7ti\",\"datePublished\":\"2026-01-22T08:36:44+00:00\",\"mainEntityOfPage\":{\"@id\":\"https:\\\/\\\/darkamazi.site\\\/archives\\\/1036267\"},\"wordCount\":386,\"publisher\":{\"@id\":\"https:\\\/\\\/darkamazi.site\\\/#organization\"},\"image\":{\"@id\":\"https:\\\/\\\/darkamazi.site\\\/archives\\\/1036267#primaryimage\"},\"thumbnailUrl\":\"https:\\\/\\\/darkamazi.site\\\/darka-content\\\/uploads\\\/2026\\\/01\\\/Mahabad-cumhuriyeti.jpg\",\"keywords\":[\"\u00f6nemli\"],\"articleSection\":[\"Kurdistan\"],\"inLanguage\":\"en-US\"},{\"@type\":\"WebPage\",\"@id\":\"https:\\\/\\\/darkamazi.site\\\/archives\\\/1036267\",\"url\":\"https:\\\/\\\/darkamazi.site\\\/archives\\\/1036267\",\"name\":\"K\u00fcrdistan Cumhuriyeti\u2019nin kurulu\u015funun \u00fczerinden 80 y\u0131l ge\u00e7ti - Darka Mazi\",\"isPartOf\":{\"@id\":\"https:\\\/\\\/darkamazi.site\\\/#website\"},\"primaryImageOfPage\":{\"@id\":\"https:\\\/\\\/darkamazi.site\\\/archives\\\/1036267#primaryimage\"},\"image\":{\"@id\":\"https:\\\/\\\/darkamazi.site\\\/archives\\\/1036267#primaryimage\"},\"thumbnailUrl\":\"https:\\\/\\\/darkamazi.site\\\/darka-content\\\/uploads\\\/2026\\\/01\\\/Mahabad-cumhuriyeti.jpg\",\"datePublished\":\"2026-01-22T08:36:44+00:00\",\"breadcrumb\":{\"@id\":\"https:\\\/\\\/darkamazi.site\\\/archives\\\/1036267#breadcrumb\"},\"inLanguage\":\"en-US\",\"potentialAction\":[{\"@type\":\"ReadAction\",\"target\":[\"https:\\\/\\\/darkamazi.site\\\/archives\\\/1036267\"]}]},{\"@type\":\"ImageObject\",\"inLanguage\":\"en-US\",\"@id\":\"https:\\\/\\\/darkamazi.site\\\/archives\\\/1036267#primaryimage\",\"url\":\"https:\\\/\\\/darkamazi.site\\\/darka-content\\\/uploads\\\/2026\\\/01\\\/Mahabad-cumhuriyeti.jpg\",\"contentUrl\":\"https:\\\/\\\/darkamazi.site\\\/darka-content\\\/uploads\\\/2026\\\/01\\\/Mahabad-cumhuriyeti.jpg\",\"width\":900,\"height\":500,\"caption\":\"K\u00fcrdistan Cumhuriyeti\u2019nin kurulu\u015funun \u00fczerinden 80 y\u0131l ge\u00e7ti\"},{\"@type\":\"BreadcrumbList\",\"@id\":\"https:\\\/\\\/darkamazi.site\\\/archives\\\/1036267#breadcrumb\",\"itemListElement\":[{\"@type\":\"ListItem\",\"position\":1,\"name\":\"Home\",\"item\":\"https:\\\/\\\/darkamazi.site\\\/\"},{\"@type\":\"ListItem\",\"position\":2,\"name\":\"K\u00fcrdistan Cumhuriyeti\u2019nin kurulu\u015funun \u00fczerinden 80 y\u0131l ge\u00e7ti\"}]},{\"@type\":\"WebSite\",\"@id\":\"https:\\\/\\\/darkamazi.site\\\/#website\",\"url\":\"https:\\\/\\\/darkamazi.site\\\/\",\"name\":\"Darka Mazi\",\"description\":\"Ana Sayfa\",\"publisher\":{\"@id\":\"https:\\\/\\\/darkamazi.site\\\/#organization\"},\"potentialAction\":[{\"@type\":\"SearchAction\",\"target\":{\"@type\":\"EntryPoint\",\"urlTemplate\":\"https:\\\/\\\/darkamazi.site\\\/?s={search_term_string}\"},\"query-input\":{\"@type\":\"PropertyValueSpecification\",\"valueRequired\":true,\"valueName\":\"search_term_string\"}}],\"inLanguage\":\"en-US\"},{\"@type\":\"Organization\",\"@id\":\"https:\\\/\\\/darkamazi.site\\\/#organization\",\"name\":\"Darka Mazi T\u00fcrk\u00e7e\",\"alternateName\":\"Darka Mazi\",\"url\":\"https:\\\/\\\/darkamazi.site\\\/\",\"logo\":{\"@type\":\"ImageObject\",\"inLanguage\":\"en-US\",\"@id\":\"https:\\\/\\\/darkamazi.site\\\/#\\\/schema\\\/logo\\\/image\\\/\",\"url\":\"https:\\\/\\\/darkamazi.site\\\/darka-content\\\/uploads\\\/2017\\\/12\\\/darka-mazi-logo.png\",\"contentUrl\":\"https:\\\/\\\/darkamazi.site\\\/darka-content\\\/uploads\\\/2017\\\/12\\\/darka-mazi-logo.png\",\"width\":151,\"height\":75,\"caption\":\"Darka Mazi T\u00fcrk\u00e7e\"},\"image\":{\"@id\":\"https:\\\/\\\/darkamazi.site\\\/#\\\/schema\\\/logo\\\/image\\\/\"},\"sameAs\":[\"https:\\\/\\\/www.facebook.com\\\/DarkaMaziturkce\",\"https:\\\/\\\/x.com\\\/DarkaMaziTurkce\"]},{\"@type\":\"Person\",\"@id\":\"https:\\\/\\\/darkamazi.site\\\/#\\\/schema\\\/person\\\/67986a95ac546c16760365877ef4a9d3\",\"name\":\"darka mazi\",\"sameAs\":[\"https:\\\/\\\/darkamazi.site\"],\"url\":\"https:\\\/\\\/darkamazi.site\\\/archives\\\/author\\\/turkish\"}]}<\/script>\n<!-- \/ Yoast SEO plugin. -->","seo_head_json":{"title":"K\u00fcrdistan Cumhuriyeti\u2019nin kurulu\u015funun \u00fczerinden 80 y\u0131l ge\u00e7ti - Darka Mazi","robots":{"index":"index","follow":"follow","max-snippet":"max-snippet:-1","max-image-preview":"max-image-preview:large","max-video-preview":"max-video-preview:-1"},"canonical":"https:\/\/darkamazi.site\/archives\/1036267","og_locale":"en_US","og_type":"article","og_title":"K\u00fcrdistan Cumhuriyeti\u2019nin kurulu\u015funun \u00fczerinden 80 y\u0131l ge\u00e7ti - Darka Mazi","og_description":"Do\u011fu K\u00fcrdistan\u2019\u0131n Mahabad kentinde ilan edilen K\u00fcrdistan Cumhuriyeti\u2019nin kurulu\u015funun \u00fczerinden 80 y\u0131l ge\u00e7ti. Bug\u00fcn Mahabad&#8217;da ilan edilen K\u00fcrdistan Cumhuriyeti&#8217;nin kurulu\u015funun 80. y\u0131ld\u00f6n\u00fcm\u00fc. Bu cumhuriyet, 11 ayl\u0131k \u00f6mr\u00fcne ra\u011fmen farkl\u0131 alanlarda b\u00fcy\u00fck kazan\u0131mlar elde ederek, Pe\u015fmerge ismi, K\u00fcrdistan bayra\u011f\u0131, milli mar\u015f Ey Req\u00eeb gibi manevi de\u011ferleri, K\u00fcrdistan\u2019\u0131n d\u00f6rt par\u00e7as\u0131na miras olarak b\u0131rakt\u0131. 80 y\u0131l \u00f6nce 22 [&hellip;]","og_url":"https:\/\/darkamazi.site\/archives\/1036267","og_site_name":"Darka Mazi","article_publisher":"https:\/\/www.facebook.com\/DarkaMaziturkce","article_published_time":"2026-01-22T08:36:44+00:00","og_image":[{"width":900,"height":500,"url":"https:\/\/darkamazi.site\/file\/2026\/01\/Mahabad-cumhuriyeti.jpg","type":"image\/jpeg"}],"author":"darka mazi","twitter_card":"summary_large_image","twitter_creator":"@DarkaMaziTurkce","twitter_site":"@DarkaMaziTurkce","twitter_misc":{"Written by":"darka mazi","Est. reading time":"2 minutes"},"schema":{"@context":"https:\/\/schema.org","@graph":[{"@type":"NewsArticle","@id":"https:\/\/darkamazi.site\/archives\/1036267#article","isPartOf":{"@id":"https:\/\/darkamazi.site\/archives\/1036267"},"author":{"name":"darka mazi","@id":"https:\/\/darkamazi.site\/#\/schema\/person\/67986a95ac546c16760365877ef4a9d3"},"headline":"K\u00fcrdistan Cumhuriyeti\u2019nin kurulu\u015funun \u00fczerinden 80 y\u0131l ge\u00e7ti","datePublished":"2026-01-22T08:36:44+00:00","mainEntityOfPage":{"@id":"https:\/\/darkamazi.site\/archives\/1036267"},"wordCount":386,"publisher":{"@id":"https:\/\/darkamazi.site\/#organization"},"image":{"@id":"https:\/\/darkamazi.site\/archives\/1036267#primaryimage"},"thumbnailUrl":"https:\/\/darkamazi.site\/file\/2026\/01\/Mahabad-cumhuriyeti.jpg","keywords":["\u00f6nemli"],"articleSection":["Kurdistan"],"inLanguage":"en-US"},{"@type":"WebPage","@id":"https:\/\/darkamazi.site\/archives\/1036267","url":"https:\/\/darkamazi.site\/archives\/1036267","name":"K\u00fcrdistan Cumhuriyeti\u2019nin kurulu\u015funun \u00fczerinden 80 y\u0131l ge\u00e7ti - Darka Mazi","isPartOf":{"@id":"https:\/\/darkamazi.site\/#website"},"primaryImageOfPage":{"@id":"https:\/\/darkamazi.site\/archives\/1036267#primaryimage"},"image":{"@id":"https:\/\/darkamazi.site\/archives\/1036267#primaryimage"},"thumbnailUrl":"https:\/\/darkamazi.site\/file\/2026\/01\/Mahabad-cumhuriyeti.jpg","datePublished":"2026-01-22T08:36:44+00:00","breadcrumb":{"@id":"https:\/\/darkamazi.site\/archives\/1036267#breadcrumb"},"inLanguage":"en-US","potentialAction":[{"@type":"ReadAction","target":["https:\/\/darkamazi.site\/archives\/1036267"]}]},{"@type":"ImageObject","inLanguage":"en-US","@id":"https:\/\/darkamazi.site\/archives\/1036267#primaryimage","url":"https:\/\/darkamazi.site\/file\/2026\/01\/Mahabad-cumhuriyeti.jpg","contentUrl":"https:\/\/darkamazi.site\/file\/2026\/01\/Mahabad-cumhuriyeti.jpg","width":900,"height":500,"caption":"K\u00fcrdistan Cumhuriyeti\u2019nin kurulu\u015funun \u00fczerinden 80 y\u0131l ge\u00e7ti"},{"@type":"BreadcrumbList","@id":"https:\/\/darkamazi.site\/archives\/1036267#breadcrumb","itemListElement":[{"@type":"ListItem","position":1,"name":"Home","item":"https:\/\/darkamazi.site\/"},{"@type":"ListItem","position":2,"name":"K\u00fcrdistan Cumhuriyeti\u2019nin kurulu\u015funun \u00fczerinden 80 y\u0131l ge\u00e7ti"}]},{"@type":"WebSite","@id":"https:\/\/darkamazi.site\/#website","url":"https:\/\/darkamazi.site\/","name":"Darka Mazi","description":"Ana Sayfa","publisher":{"@id":"https:\/\/darkamazi.site\/#organization"},"potentialAction":[{"@type":"SearchAction","target":{"@type":"EntryPoint","urlTemplate":"https:\/\/darkamazi.site\/?s={search_term_string}"},"query-input":{"@type":"PropertyValueSpecification","valueRequired":true,"valueName":"search_term_string"}}],"inLanguage":"en-US"},{"@type":"Organization","@id":"https:\/\/darkamazi.site\/#organization","name":"Darka Mazi T\u00fcrk\u00e7e","alternateName":"Darka Mazi","url":"https:\/\/darkamazi.site\/","logo":{"@type":"ImageObject","inLanguage":"en-US","@id":"https:\/\/darkamazi.site\/#\/schema\/logo\/image\/","url":"https:\/\/darkamazi.site\/file\/2017\/12\/darka-mazi-logo.png","contentUrl":"https:\/\/darkamazi.site\/file\/2017\/12\/darka-mazi-logo.png","width":151,"height":75,"caption":"Darka Mazi T\u00fcrk\u00e7e"},"image":{"@id":"https:\/\/darkamazi.site\/#\/schema\/logo\/image\/"},"sameAs":["https:\/\/www.facebook.com\/DarkaMaziturkce","https:\/\/x.com\/DarkaMaziTurkce"]},{"@type":"Person","@id":"https:\/\/darkamazi.site\/#\/schema\/person\/67986a95ac546c16760365877ef4a9d3","name":"darka mazi","sameAs":["https:\/\/darkamazi.site"],"url":"https:\/\/darkamazi.site\/archives\/author\/turkish"}]}},"_links":{"self":[{"href":"https:\/\/darkamazi.site\/funavuv\/wp\/v2\/posts\/1036267","targetHints":{"allow":["GET"]}}],"collection":[{"href":"https:\/\/darkamazi.site\/funavuv\/wp\/v2\/posts"}],"about":[{"href":"https:\/\/darkamazi.site\/funavuv\/wp\/v2\/types\/post"}],"author":[{"embeddable":true,"href":"https:\/\/darkamazi.site\/funavuv\/wp\/v2\/users\/2"}],"replies":[{"embeddable":true,"href":"https:\/\/darkamazi.site\/funavuv\/wp\/v2\/comments?post=1036267"}],"version-history":[{"count":0,"href":"https:\/\/darkamazi.site\/funavuv\/wp\/v2\/posts\/1036267\/revisions"}],"wp:featuredmedia":[{"embeddable":true,"href":"https:\/\/darkamazi.site\/funavuv\/wp\/v2\/media\/1036268"}],"wp:attachment":[{"href":"https:\/\/darkamazi.site\/funavuv\/wp\/v2\/media?parent=1036267"}],"wp:term":[{"taxonomy":"category","embeddable":true,"href":"https:\/\/darkamazi.site\/funavuv\/wp\/v2\/categories?post=1036267"},{"taxonomy":"post_tag","embeddable":true,"href":"https:\/\/darkamazi.site\/funavuv\/wp\/v2\/tags?post=1036267"}],"curies":[{"name":"wp","href":"https:\/\/api.w.org\/{rel}","templated":true}]}}