{"id":1036270,"date":"2026-01-22T14:53:56","date_gmt":"2026-01-22T11:53:56","guid":{"rendered":"https:\/\/darkamazi.site\/?p=1036270"},"modified":"2026-01-22T14:53:56","modified_gmt":"2026-01-22T11:53:56","slug":"suriyede-yeni-surec","status":"publish","type":"post","link":"https:\/\/darkamazi.site\/archives\/1036270","title":{"rendered":"Suriye\u2019de Yeni S\u00fcre\u00e7!"},"content":{"rendered":"<p style=\"text-align: justify\">Genel Durum \u00d6zeti (Ocak 2026 Sonu)Esad rejiminin Aral\u0131k 2024&#8217;te d\u00fc\u015fmesinden sonra Suriye&#8217;de Ahmed al-Sharaa (eski ad\u0131yla Ebu Muhammed el-Colani) liderli\u011findeki HT\u015e (Heyet Tahrir el-\u015eam) a\u011f\u0131rl\u0131kl\u0131 ge\u00e7i\u015f h\u00fck\u00fcmeti hakim oldu. HT\u015e, El Kaide k\u00f6kenli (El Nusra&#8217;n\u0131n devam\u0131) bir yap\u0131 ve \u0130S\u0130S&#8217;le tarihsel rekabetine ra\u011fmen ideolojik yak\u0131nl\u0131klar\u0131 var. Suriye ordusu art\u0131k b\u00fcy\u00fck \u00f6l\u00e7\u00fcde HT\u015e\/SNA (Suriye Milli Ordusu) unsurlar\u0131ndan olu\u015fuyor ve T\u00fcrkiye&#8217;nin g\u00fc\u00e7l\u00fc deste\u011fiyle hareket ediyor.<\/p>\n<p style=\"text-align: justify\"><strong>K\u00fcrtlerin kontrol\u00fcndeki \u201cKuzey ve Do\u011fu Suriye\u201d <\/strong>(Rojava\/DAANES) b\u00f6lgeleri (Hasake, Rakka, Deyrizor vb.) son haftalarda Suriye h\u00fck\u00fcmet g\u00fc\u00e7lerinin sald\u0131r\u0131s\u0131na u\u011frad\u0131. \u00c7at\u0131\u015fmalar yo\u011funla\u015ft\u0131, SDF (Suriye Demokratik G\u00fc\u00e7leri\/DSG) \u00f6nemli toprak kay\u0131plar\u0131 ya\u015fad\u0131 (Tabka, Rakka, Deyrizor&#8217;un b\u00fcy\u00fck k\u0131sm\u0131 ele ge\u00e7irildi). <strong>18<\/strong> Ocak&#8217;ta <strong>ABD<\/strong> arabuluculu\u011funda (<strong>Tom Barrack<\/strong>&#8216;\u0131n kat\u0131l\u0131m\u0131yla) bir ate\u015fkes ve <strong><em>&#8220;entegrasyon anla\u015fmas\u0131&#8221;<\/em><\/strong> imzaland\u0131 ama sahada \u00e7at\u0131\u015fmalar devam ediyor, anla\u015fma fiilen \u00e7\u00f6km\u00fc\u015f durumda.<\/p>\n<p style=\"text-align: justify\"><strong>Tom Barrack ve ABD\/Koalisyon&#8217;un Son Tutumu<\/strong><\/p>\n<p style=\"text-align: justify\"><strong>ABD<\/strong>&#8216;nin Suriye \u00d6zel Temsilcisi (ayn\u0131 zamanda Ankara B\u00fcy\u00fckel\u00e7isi) <strong>Tom Barrack<\/strong>, <strong>20<\/strong> <strong>Ocak 2026<\/strong>&#8216;da X&#8217;te (eski Twitter) yapt\u0131\u011f\u0131 a\u00e7\u0131klamada \u015fu ifadeleri kulland\u0131:<\/p>\n<p style=\"text-align: justify\">&#8220;DSG&#8217;nin sahadaki birincil anti-\u0130\u015e\u0130D g\u00fcc\u00fc olma amac\u0131 b\u00fcy\u00fck \u00f6l\u00e7\u00fcde sona ermi\u015ftir.&#8221;(!)<\/p>\n<p style=\"text-align: justify\"><strong>Gerek\u00e7e<\/strong>: Suriye h\u00fck\u00fcmeti (defakto \u015eam zorba iktidar\u0131), K\u00fcresel \u0130\u015e\u0130D Kar\u015f\u0131t\u0131 Koalisyon \u2018un 90. \u00fcyesi oldu. Art\u0131k g\u00fcvenlik sorumluluklar\u0131n\u0131 (\u0130\u015e\u0130D cezaevleri ve kamplar dahil) \u00fcstlenmeye <strong><em>&#8220;istekli ve haz\u0131r&#8221;.<\/em><\/strong><\/p>\n<p style=\"text-align: justify\">K\u00fcrtler i\u00e7in <strong><em>&#8220;en b\u00fcy\u00fck f\u0131rsat&#8221;<\/em><\/strong>, Ahmed al-Sharaa h\u00fck\u00fcmetine tam entegrasyon ve Suriye vatanda\u015fl\u0131\u011f\u0131na kabul (vatanda\u015fl\u0131k hakk\u0131, K\u00fcrt\u00e7e koruma vb.).<\/p>\n<p style=\"text-align: justify\">ABD&#8217;nin \u00f6nceli\u011fi: \u0130\u015e\u0130D mahkumlar\u0131n\u0131n g\u00fcvenli\u011fi ve K\u00fcrtlerin siyasi entegrasyonu i\u00e7in \u015eam ile DSG aras\u0131nda g\u00f6r\u00fc\u015fmeleri kolayla\u015ft\u0131rmak.<\/p>\n<p style=\"text-align: justify\">Bu a\u00e7\u0131klama, <strong>ABD<\/strong>&#8216;nin stratejik d\u00f6n\u00fc\u015f\u00fcn\u00fc netle\u015ftiriyor: Art\u0131k K\u00fcrtleri (SDG) ana m\u00fcttefik olarak g\u00f6rm\u00fcyorlar. Trump y\u00f6netimi alt\u0131nda <strong>ABD<\/strong>, T\u00fcrkiye&#8217;yi yat\u0131\u015ft\u0131rmak, askeri varl\u0131\u011f\u0131 azaltmak ve <strong><em>&#8220;birle\u015fik Suriyeyi&#8221; <\/em><\/strong>\u00a0(HT\u015e kontrol\u00fcnde) desteklemek istiyor. Barrack&#8217;\u0131n s\u00f6zleri, T\u00fcrkiye&#8217;nin PKK\/YPG endi\u015felerini dikkate al\u0131yor ve SDG&#8217;nin \u00f6zerkli\u011fini &#8220;ayr\u0131l\u0131k\u00e7\u0131l\u0131k&#8221; olarak nitelendiriyor.<\/p>\n<p style=\"text-align: justify\"><strong>Neden Bu De\u011fi\u015fim?<\/strong><\/p>\n<p style=\"text-align: justify\">(ABD ve Koalisyon&#8217;un Hesaplar\u0131) <strong>ABD<\/strong>&#8216;nin bu politikaya d\u00f6nmesinin ba\u015fl\u0131ca nedenleri:<\/p>\n<p style=\"text-align: justify\">\u0130\u015e\u0130D&#8217;le m\u00fccadele bitti\u011fi iddias\u0131 2019&#8217;dan beri I\u015e\u0130D&#8217;in toprak hakimiyeti yok. Koalisyon art\u0131k yerel akt\u00f6rlere (\u015eam) g\u00fcvenmek istiyor.<\/p>\n<p style=\"text-align: justify\"><strong>T\u00fcrkiye&#8217;nin bask\u0131s\u0131<\/strong><\/p>\n<p style=\"text-align: justify\">NATO m\u00fcttefiki T\u00fcrkiye, SDG&#8217;ni PKK uzant\u0131s\u0131 g\u00f6r\u00fcyor. Trump d\u00f6nemi Ankara&#8217;y\u0131 \u00f6nceliklendiriyor; HT\u015e&#8217;ye dolayl\u0131 destek (silah, lojistik) T\u00fcrkiye \u00fczerinden geliyor.<\/p>\n<p style=\"text-align: justify\"><strong>Askeri \u00e7ekilme ve maliyet azaltma:<\/strong><\/p>\n<p style=\"text-align: justify\">ABD, Suriye&#8217;deki 900-2000 askerini \u00e7ekmek istiyor. SDG entegrasyonuyla <strong><em>&#8220;yerel \u00e7\u00f6z\u00fcm&#8221;<\/em><\/strong> sa\u011flanacak.<\/p>\n<p style=\"text-align: justify\"><strong>HT\u015e ile pragmatik ittifak<\/strong><\/p>\n<p style=\"text-align: justify\">Al-Sharaa <strong><em>&#8220;\u0131l\u0131ml\u0131&#8221;<\/em><\/strong> imaj\u0131 \u00e7iziyor, yapt\u0131r\u0131mlar kald\u0131r\u0131ld\u0131, Beyaz Saray&#8217;da kar\u015f\u0131land\u0131. ABD, \u0130\u015e\u0130D&#8217;e kar\u015f\u0131 HT\u015e&#8217;yi <strong><em>&#8220;yeni ortak&#8221; <\/em><\/strong>olarak g\u00f6r\u00fcyor.<\/p>\n<p style=\"text-align: justify\">K\u00fcrt \u00f6zerkli\u011fine kar\u015f\u0131 Federalizm veya ayr\u0131l\u0131k\u00e7\u0131l\u0131k desteklenmiyor;<strong><em> &#8220;tek ordu, tek devlet&#8221;<\/em><\/strong> vurgusu yap\u0131l\u0131yor.<\/p>\n<p style=\"text-align: justify\">\u0130\u015e\u0130D Cezaevleri ve Kamplar\u0131ndaki Tehlike<\/p>\n<p style=\"text-align: justify\">Son 2-3 g\u00fcnde (18-21 Ocak) Al-\u015eaddadi, Haseke ve di\u011fer cezaevlerinde\/kamplarda (Al-Hol, Roj) b\u00fcy\u00fck ka\u00e7\u0131\u015flar ya\u015fand\u0131:<\/p>\n<p style=\"text-align: justify\">Binlerce \u0130\u015e\u0130D militan\u0131 ve aile \u00fcyesi serbest kald\u0131 veya HT\u015e g\u00fc\u00e7leri taraf\u0131ndan <strong><em>&#8220;kontrol alt\u0131na al\u0131nd\u0131&#8221;. Ka\u00e7an bu \u0130\u015e\u0130D millitanlar\u0131, uyuyan \u0130\u015e\u0130D \u00fcyeleriyle bulu\u015fuyor.<\/em><\/strong><\/p>\n<p style=\"text-align: justify\">Suriye \u0130\u00e7i\u015fleri Bakanl\u0131\u011f\u0131 SDG&#8217;ni su\u00e7luyor (&#8220;siyasi \u015fantaj i\u00e7in serbest b\u0131rakt\u0131lar&#8221;).<\/p>\n<p style=\"text-align: justify\">SDG ise h\u00fck\u00fcmet g\u00fc\u00e7lerini ve HT\u015e&#8217;yi su\u00e7luyor (&#8220;sald\u0131r\u0131 s\u0131ras\u0131nda ka\u00e7t\u0131lar&#8221;).<\/p>\n<p style=\"text-align: justify\">Baz\u0131 raporlar: 1500&#8217;e yak\u0131n \u0130\u015e\u0130D militan\u0131 ka\u00e7t\u0131, 130&#8217;u yakaland\u0131 ama tehlike s\u00fcr\u00fcyor.<\/p>\n<p style=\"text-align: justify\">HT\u015e&#8217;nin \u0130\u015e\u0130D&#8217;le tarihsel ba\u011flar\u0131 (eski Nusra\/El Kaide unsurlar\u0131) nedeniyle, ka\u00e7anlar\u0131n HT\u015e saflar\u0131na kat\u0131ld\u0131\u011f\u0131 iddialar\u0131 var \u2013 bu tespitler, benim &#8220;binlerce \u0130S\u0130S sava\u015f\u00e7\u0131s\u0131 HT\u015e&#8217;ye ge\u00e7ti&#8221; tespitimi do\u011fruluyor.<\/p>\n<p style=\"text-align: justify\">Bu durum, b\u00f6lgede yeni \u0130\u015e\u0130D h\u00fccrelerinin olu\u015fma ve g\u00fc\u00e7lendirme riskini art\u0131r\u0131yor. ABD <strong><em>&#8220;g\u00fcvenlik&#8221;<\/em><\/strong> diyor ama koalisyon \u00fcsleri yak\u0131n\u0131nda ve m\u00fcdahale etmiyor.<\/p>\n<p style=\"text-align: justify\"><strong>Kurdler \u0130\u00e7in Tehlike ve Soyk\u0131r\u0131m Riski<\/strong><\/p>\n<p style=\"text-align: justify\">Kurdler fiilen yaln\u0131z b\u0131rak\u0131ld\u0131. SDG topraklar\u0131n\u0131n \u00e7o\u011fu kaybedildi, entegrasyon anla\u015fmas\u0131 <strong><em>&#8220;teslimiyet&#8221;<\/em><\/strong> gibi g\u00f6r\u00fcl\u00fcyor.<\/p>\n<p style=\"text-align: justify\">HT\u015e\/SNA g\u00fc\u00e7leri (T\u00fcrkiye destekli) Kurd b\u00f6lgelerine giriyor; sivillere y\u00f6nelik \u015fiddet raporlar\u0131 art\u0131yor, katliam haberleri yay\u0131l\u0131yor.<\/p>\n<p style=\"text-align: justify\">D\u00f6rt par\u00e7a K\u00fcrdistan&#8217;dan destek i\u00e7in s\u0131n\u0131r ge\u00e7i\u015fleri ya\u015fan\u0131yor (Nusaybin&#8217;de protestolar, duvar a\u015fma giri\u015fimleri).<\/p>\n<p style=\"text-align: justify\">Katliam riski y\u00fcksek: HT\u015e&#8217;nin ideolojisi (\u0130slamc\u0131) ve T\u00fcrkiye&#8217;nin Kurd kar\u015f\u0131tl\u0131\u011f\u0131 birle\u015fince, <strong><em>&#8220;temizlik&#8221;<\/em><\/strong> operasyonu korkusu var.<\/p>\n<p style=\"text-align: justify\">Baz\u0131lar\u0131 bunu bilin\u00e7li bir <strong><em>&#8220;K\u00fcrt temizli\u011fi&#8221;<\/em><\/strong> olarak g\u00f6r\u00fcyor: ABD\/Trump, T\u00fcrkiye&#8217;ye taviz vererek Kurdleri feda ediyor.<\/p>\n<p style=\"text-align: justify\">Bu politika, ABD&#8217;nin eski m\u00fcttefiklerini (Kurdleri) terk etmesi ve HT\u015e gibi tart\u0131\u015fmal\u0131 bir gruba y\u00f6nelmesi anlam\u0131na geliyor. Yanl\u0131\u015flar:\u0130 \u015e\u0130D tehlikesini hafife almak (ka\u00e7\u0131\u015flar artarsa yeni dalga gelebilir).<\/p>\n<p style=\"text-align: justify\">Kurdleri riske atmak (entegrasyon vaadi pratikte ayr\u0131mc\u0131l\u0131k olabilir).<\/p>\n<p style=\"text-align: justify\"><strong>T\u00fcrkiye&#8217;nin b\u00f6lgesel hegemonyas\u0131n\u0131 g\u00fc\u00e7lendirmek.<\/strong><\/p>\n<p style=\"text-align: justify\">B\u00f6lge b\u00fcy\u00fck bir kaosa gebe. Kurdlerin direni\u015fi devam ediyor ama yaln\u0131zl\u0131klar\u0131 derinle\u015fti. Soyk\u0131r\u0131m\u0131 \u00f6nlemek i\u00e7in uluslararas\u0131 bask\u0131 (BM, insan haklar\u0131 \u00f6rg\u00fctleri), diaspora eylemleri ve ger\u00e7ek zamanl\u0131 belgelemek \u00f6nemli.<\/p>\n<p style=\"text-align: justify\">\u015eeyhmus \u00d6zzengin-21.01.2026<\/p>\n","protected":false},"excerpt":{"rendered":"<p>Genel Durum \u00d6zeti (Ocak 2026 Sonu)Esad rejiminin Aral\u0131k 2024&#8217;te d\u00fc\u015fmesinden sonra Suriye&#8217;de Ahmed al-Sharaa (eski ad\u0131yla Ebu Muhammed el-Colani) liderli\u011findeki HT\u015e (Heyet Tahrir el-\u015eam) a\u011f\u0131rl\u0131kl\u0131 ge\u00e7i\u015f h\u00fck\u00fcmeti hakim oldu. HT\u015e, El Kaide k\u00f6kenli (El Nusra&#8217;n\u0131n devam\u0131) bir yap\u0131 ve \u0130S\u0130S&#8217;le tarihsel rekabetine ra\u011fmen ideolojik yak\u0131nl\u0131klar\u0131 var. Suriye ordusu art\u0131k b\u00fcy\u00fck \u00f6l\u00e7\u00fcde HT\u015e\/SNA (Suriye Milli Ordusu) [&hellip;]<\/p>\n","protected":false},"author":2,"featured_media":1036271,"comment_status":"closed","ping_status":"closed","sticky":false,"template":"","format":"standard","meta":{"footnotes":""},"categories":[3],"tags":[31],"class_list":["post-1036270","post","type-post","status-publish","format-standard","has-post-thumbnail","hentry","category-kurdistan","tag-onemli"],"blocksy_meta":[],"seo_head":"<!-- This site is optimized with the Yoast SEO plugin v27.5 - https:\/\/yoast.com\/product\/yoast-seo-wordpress\/ -->\n<title>Suriye\u2019de Yeni S\u00fcre\u00e7! - Darka Mazi<\/title>\n<meta name=\"robots\" content=\"index, follow, max-snippet:-1, max-image-preview:large, max-video-preview:-1\" \/>\n<link rel=\"canonical\" href=\"https:\/\/darkamazi.site\/archives\/1036270\" \/>\n<meta property=\"og:locale\" content=\"en_US\" \/>\n<meta property=\"og:type\" content=\"article\" \/>\n<meta property=\"og:title\" content=\"Suriye\u2019de Yeni S\u00fcre\u00e7! - Darka Mazi\" \/>\n<meta property=\"og:description\" content=\"Genel Durum \u00d6zeti (Ocak 2026 Sonu)Esad rejiminin Aral\u0131k 2024&#8217;te d\u00fc\u015fmesinden sonra Suriye&#8217;de Ahmed al-Sharaa (eski ad\u0131yla Ebu Muhammed el-Colani) liderli\u011findeki HT\u015e (Heyet Tahrir el-\u015eam) a\u011f\u0131rl\u0131kl\u0131 ge\u00e7i\u015f h\u00fck\u00fcmeti hakim oldu. HT\u015e, El Kaide k\u00f6kenli (El Nusra&#8217;n\u0131n devam\u0131) bir yap\u0131 ve \u0130S\u0130S&#8217;le tarihsel rekabetine ra\u011fmen ideolojik yak\u0131nl\u0131klar\u0131 var. Suriye ordusu art\u0131k b\u00fcy\u00fck \u00f6l\u00e7\u00fcde HT\u015e\/SNA (Suriye Milli Ordusu) [&hellip;]\" \/>\n<meta property=\"og:url\" content=\"https:\/\/darkamazi.site\/archives\/1036270\" \/>\n<meta property=\"og:site_name\" content=\"Darka Mazi\" \/>\n<meta property=\"article:publisher\" content=\"https:\/\/www.facebook.com\/DarkaMaziturkce\" \/>\n<meta property=\"article:published_time\" content=\"2026-01-22T11:53:56+00:00\" \/>\n<meta property=\"og:image\" content=\"https:\/\/darkamazi.site\/file\/2026\/01\/sheyhmus-3.jpg\" \/>\n\t<meta property=\"og:image:width\" content=\"900\" \/>\n\t<meta property=\"og:image:height\" content=\"475\" \/>\n\t<meta property=\"og:image:type\" content=\"image\/jpeg\" \/>\n<meta name=\"author\" content=\"darka mazi\" \/>\n<meta name=\"twitter:card\" content=\"summary_large_image\" \/>\n<meta name=\"twitter:creator\" content=\"@DarkaMaziTurkce\" \/>\n<meta name=\"twitter:site\" content=\"@DarkaMaziTurkce\" \/>\n<meta name=\"twitter:label1\" content=\"Written by\" \/>\n\t<meta name=\"twitter:data1\" content=\"darka mazi\" \/>\n\t<meta name=\"twitter:label2\" content=\"Est. reading time\" \/>\n\t<meta name=\"twitter:data2\" content=\"3 minutes\" \/>\n<script type=\"application\/ld+json\" class=\"seo-schema-graph\">{\"@context\":\"https:\\\/\\\/schema.org\",\"@graph\":[{\"@type\":\"NewsArticle\",\"@id\":\"https:\\\/\\\/darkamazi.site\\\/archives\\\/1036270#article\",\"isPartOf\":{\"@id\":\"https:\\\/\\\/darkamazi.site\\\/archives\\\/1036270\"},\"author\":{\"name\":\"darka mazi\",\"@id\":\"https:\\\/\\\/darkamazi.site\\\/#\\\/schema\\\/person\\\/67986a95ac546c16760365877ef4a9d3\"},\"headline\":\"Suriye\u2019de Yeni S\u00fcre\u00e7!\",\"datePublished\":\"2026-01-22T11:53:56+00:00\",\"mainEntityOfPage\":{\"@id\":\"https:\\\/\\\/darkamazi.site\\\/archives\\\/1036270\"},\"wordCount\":962,\"publisher\":{\"@id\":\"https:\\\/\\\/darkamazi.site\\\/#organization\"},\"image\":{\"@id\":\"https:\\\/\\\/darkamazi.site\\\/archives\\\/1036270#primaryimage\"},\"thumbnailUrl\":\"https:\\\/\\\/darkamazi.site\\\/darka-content\\\/uploads\\\/2026\\\/01\\\/sheyhmus-3.jpg\",\"keywords\":[\"\u00f6nemli\"],\"articleSection\":[\"Kurdistan\"],\"inLanguage\":\"en-US\"},{\"@type\":\"WebPage\",\"@id\":\"https:\\\/\\\/darkamazi.site\\\/archives\\\/1036270\",\"url\":\"https:\\\/\\\/darkamazi.site\\\/archives\\\/1036270\",\"name\":\"Suriye\u2019de Yeni S\u00fcre\u00e7! - Darka Mazi\",\"isPartOf\":{\"@id\":\"https:\\\/\\\/darkamazi.site\\\/#website\"},\"primaryImageOfPage\":{\"@id\":\"https:\\\/\\\/darkamazi.site\\\/archives\\\/1036270#primaryimage\"},\"image\":{\"@id\":\"https:\\\/\\\/darkamazi.site\\\/archives\\\/1036270#primaryimage\"},\"thumbnailUrl\":\"https:\\\/\\\/darkamazi.site\\\/darka-content\\\/uploads\\\/2026\\\/01\\\/sheyhmus-3.jpg\",\"datePublished\":\"2026-01-22T11:53:56+00:00\",\"breadcrumb\":{\"@id\":\"https:\\\/\\\/darkamazi.site\\\/archives\\\/1036270#breadcrumb\"},\"inLanguage\":\"en-US\",\"potentialAction\":[{\"@type\":\"ReadAction\",\"target\":[\"https:\\\/\\\/darkamazi.site\\\/archives\\\/1036270\"]}]},{\"@type\":\"ImageObject\",\"inLanguage\":\"en-US\",\"@id\":\"https:\\\/\\\/darkamazi.site\\\/archives\\\/1036270#primaryimage\",\"url\":\"https:\\\/\\\/darkamazi.site\\\/darka-content\\\/uploads\\\/2026\\\/01\\\/sheyhmus-3.jpg\",\"contentUrl\":\"https:\\\/\\\/darkamazi.site\\\/darka-content\\\/uploads\\\/2026\\\/01\\\/sheyhmus-3.jpg\",\"width\":900,\"height\":475,\"caption\":\"Suriye'de G\u00fcneybat\u0131 Kurdistan Sorunu: Esad Sonras\u0131 D\u00f6nemde Yeni Geli\u015fmeler ve Anlamlar\u0131\"},{\"@type\":\"BreadcrumbList\",\"@id\":\"https:\\\/\\\/darkamazi.site\\\/archives\\\/1036270#breadcrumb\",\"itemListElement\":[{\"@type\":\"ListItem\",\"position\":1,\"name\":\"Home\",\"item\":\"https:\\\/\\\/darkamazi.site\\\/\"},{\"@type\":\"ListItem\",\"position\":2,\"name\":\"Suriye\u2019de Yeni S\u00fcre\u00e7!\"}]},{\"@type\":\"WebSite\",\"@id\":\"https:\\\/\\\/darkamazi.site\\\/#website\",\"url\":\"https:\\\/\\\/darkamazi.site\\\/\",\"name\":\"Darka Mazi\",\"description\":\"Ana Sayfa\",\"publisher\":{\"@id\":\"https:\\\/\\\/darkamazi.site\\\/#organization\"},\"potentialAction\":[{\"@type\":\"SearchAction\",\"target\":{\"@type\":\"EntryPoint\",\"urlTemplate\":\"https:\\\/\\\/darkamazi.site\\\/?s={search_term_string}\"},\"query-input\":{\"@type\":\"PropertyValueSpecification\",\"valueRequired\":true,\"valueName\":\"search_term_string\"}}],\"inLanguage\":\"en-US\"},{\"@type\":\"Organization\",\"@id\":\"https:\\\/\\\/darkamazi.site\\\/#organization\",\"name\":\"Darka Mazi T\u00fcrk\u00e7e\",\"alternateName\":\"Darka Mazi\",\"url\":\"https:\\\/\\\/darkamazi.site\\\/\",\"logo\":{\"@type\":\"ImageObject\",\"inLanguage\":\"en-US\",\"@id\":\"https:\\\/\\\/darkamazi.site\\\/#\\\/schema\\\/logo\\\/image\\\/\",\"url\":\"https:\\\/\\\/darkamazi.site\\\/darka-content\\\/uploads\\\/2017\\\/12\\\/darka-mazi-logo.png\",\"contentUrl\":\"https:\\\/\\\/darkamazi.site\\\/darka-content\\\/uploads\\\/2017\\\/12\\\/darka-mazi-logo.png\",\"width\":151,\"height\":75,\"caption\":\"Darka Mazi T\u00fcrk\u00e7e\"},\"image\":{\"@id\":\"https:\\\/\\\/darkamazi.site\\\/#\\\/schema\\\/logo\\\/image\\\/\"},\"sameAs\":[\"https:\\\/\\\/www.facebook.com\\\/DarkaMaziturkce\",\"https:\\\/\\\/x.com\\\/DarkaMaziTurkce\"]},{\"@type\":\"Person\",\"@id\":\"https:\\\/\\\/darkamazi.site\\\/#\\\/schema\\\/person\\\/67986a95ac546c16760365877ef4a9d3\",\"name\":\"darka mazi\",\"sameAs\":[\"https:\\\/\\\/darkamazi.site\"],\"url\":\"https:\\\/\\\/darkamazi.site\\\/archives\\\/author\\\/turkish\"}]}<\/script>\n<!-- \/ Yoast SEO plugin. -->","seo_head_json":{"title":"Suriye\u2019de Yeni S\u00fcre\u00e7! - Darka Mazi","robots":{"index":"index","follow":"follow","max-snippet":"max-snippet:-1","max-image-preview":"max-image-preview:large","max-video-preview":"max-video-preview:-1"},"canonical":"https:\/\/darkamazi.site\/archives\/1036270","og_locale":"en_US","og_type":"article","og_title":"Suriye\u2019de Yeni S\u00fcre\u00e7! - Darka Mazi","og_description":"Genel Durum \u00d6zeti (Ocak 2026 Sonu)Esad rejiminin Aral\u0131k 2024&#8217;te d\u00fc\u015fmesinden sonra Suriye&#8217;de Ahmed al-Sharaa (eski ad\u0131yla Ebu Muhammed el-Colani) liderli\u011findeki HT\u015e (Heyet Tahrir el-\u015eam) a\u011f\u0131rl\u0131kl\u0131 ge\u00e7i\u015f h\u00fck\u00fcmeti hakim oldu. HT\u015e, El Kaide k\u00f6kenli (El Nusra&#8217;n\u0131n devam\u0131) bir yap\u0131 ve \u0130S\u0130S&#8217;le tarihsel rekabetine ra\u011fmen ideolojik yak\u0131nl\u0131klar\u0131 var. Suriye ordusu art\u0131k b\u00fcy\u00fck \u00f6l\u00e7\u00fcde HT\u015e\/SNA (Suriye Milli Ordusu) [&hellip;]","og_url":"https:\/\/darkamazi.site\/archives\/1036270","og_site_name":"Darka Mazi","article_publisher":"https:\/\/www.facebook.com\/DarkaMaziturkce","article_published_time":"2026-01-22T11:53:56+00:00","og_image":[{"width":900,"height":475,"url":"https:\/\/darkamazi.site\/file\/2026\/01\/sheyhmus-3.jpg","type":"image\/jpeg"}],"author":"darka mazi","twitter_card":"summary_large_image","twitter_creator":"@DarkaMaziTurkce","twitter_site":"@DarkaMaziTurkce","twitter_misc":{"Written by":"darka mazi","Est. reading time":"3 minutes"},"schema":{"@context":"https:\/\/schema.org","@graph":[{"@type":"NewsArticle","@id":"https:\/\/darkamazi.site\/archives\/1036270#article","isPartOf":{"@id":"https:\/\/darkamazi.site\/archives\/1036270"},"author":{"name":"darka mazi","@id":"https:\/\/darkamazi.site\/#\/schema\/person\/67986a95ac546c16760365877ef4a9d3"},"headline":"Suriye\u2019de Yeni S\u00fcre\u00e7!","datePublished":"2026-01-22T11:53:56+00:00","mainEntityOfPage":{"@id":"https:\/\/darkamazi.site\/archives\/1036270"},"wordCount":962,"publisher":{"@id":"https:\/\/darkamazi.site\/#organization"},"image":{"@id":"https:\/\/darkamazi.site\/archives\/1036270#primaryimage"},"thumbnailUrl":"https:\/\/darkamazi.site\/file\/2026\/01\/sheyhmus-3.jpg","keywords":["\u00f6nemli"],"articleSection":["Kurdistan"],"inLanguage":"en-US"},{"@type":"WebPage","@id":"https:\/\/darkamazi.site\/archives\/1036270","url":"https:\/\/darkamazi.site\/archives\/1036270","name":"Suriye\u2019de Yeni S\u00fcre\u00e7! - Darka Mazi","isPartOf":{"@id":"https:\/\/darkamazi.site\/#website"},"primaryImageOfPage":{"@id":"https:\/\/darkamazi.site\/archives\/1036270#primaryimage"},"image":{"@id":"https:\/\/darkamazi.site\/archives\/1036270#primaryimage"},"thumbnailUrl":"https:\/\/darkamazi.site\/file\/2026\/01\/sheyhmus-3.jpg","datePublished":"2026-01-22T11:53:56+00:00","breadcrumb":{"@id":"https:\/\/darkamazi.site\/archives\/1036270#breadcrumb"},"inLanguage":"en-US","potentialAction":[{"@type":"ReadAction","target":["https:\/\/darkamazi.site\/archives\/1036270"]}]},{"@type":"ImageObject","inLanguage":"en-US","@id":"https:\/\/darkamazi.site\/archives\/1036270#primaryimage","url":"https:\/\/darkamazi.site\/file\/2026\/01\/sheyhmus-3.jpg","contentUrl":"https:\/\/darkamazi.site\/file\/2026\/01\/sheyhmus-3.jpg","width":900,"height":475,"caption":"Suriye'de G\u00fcneybat\u0131 Kurdistan Sorunu: Esad Sonras\u0131 D\u00f6nemde Yeni Geli\u015fmeler ve Anlamlar\u0131"},{"@type":"BreadcrumbList","@id":"https:\/\/darkamazi.site\/archives\/1036270#breadcrumb","itemListElement":[{"@type":"ListItem","position":1,"name":"Home","item":"https:\/\/darkamazi.site\/"},{"@type":"ListItem","position":2,"name":"Suriye\u2019de Yeni S\u00fcre\u00e7!"}]},{"@type":"WebSite","@id":"https:\/\/darkamazi.site\/#website","url":"https:\/\/darkamazi.site\/","name":"Darka Mazi","description":"Ana Sayfa","publisher":{"@id":"https:\/\/darkamazi.site\/#organization"},"potentialAction":[{"@type":"SearchAction","target":{"@type":"EntryPoint","urlTemplate":"https:\/\/darkamazi.site\/?s={search_term_string}"},"query-input":{"@type":"PropertyValueSpecification","valueRequired":true,"valueName":"search_term_string"}}],"inLanguage":"en-US"},{"@type":"Organization","@id":"https:\/\/darkamazi.site\/#organization","name":"Darka Mazi T\u00fcrk\u00e7e","alternateName":"Darka Mazi","url":"https:\/\/darkamazi.site\/","logo":{"@type":"ImageObject","inLanguage":"en-US","@id":"https:\/\/darkamazi.site\/#\/schema\/logo\/image\/","url":"https:\/\/darkamazi.site\/file\/2017\/12\/darka-mazi-logo.png","contentUrl":"https:\/\/darkamazi.site\/file\/2017\/12\/darka-mazi-logo.png","width":151,"height":75,"caption":"Darka Mazi T\u00fcrk\u00e7e"},"image":{"@id":"https:\/\/darkamazi.site\/#\/schema\/logo\/image\/"},"sameAs":["https:\/\/www.facebook.com\/DarkaMaziturkce","https:\/\/x.com\/DarkaMaziTurkce"]},{"@type":"Person","@id":"https:\/\/darkamazi.site\/#\/schema\/person\/67986a95ac546c16760365877ef4a9d3","name":"darka mazi","sameAs":["https:\/\/darkamazi.site"],"url":"https:\/\/darkamazi.site\/archives\/author\/turkish"}]}},"_links":{"self":[{"href":"https:\/\/darkamazi.site\/funavuv\/wp\/v2\/posts\/1036270","targetHints":{"allow":["GET"]}}],"collection":[{"href":"https:\/\/darkamazi.site\/funavuv\/wp\/v2\/posts"}],"about":[{"href":"https:\/\/darkamazi.site\/funavuv\/wp\/v2\/types\/post"}],"author":[{"embeddable":true,"href":"https:\/\/darkamazi.site\/funavuv\/wp\/v2\/users\/2"}],"replies":[{"embeddable":true,"href":"https:\/\/darkamazi.site\/funavuv\/wp\/v2\/comments?post=1036270"}],"version-history":[{"count":0,"href":"https:\/\/darkamazi.site\/funavuv\/wp\/v2\/posts\/1036270\/revisions"}],"wp:featuredmedia":[{"embeddable":true,"href":"https:\/\/darkamazi.site\/funavuv\/wp\/v2\/media\/1036271"}],"wp:attachment":[{"href":"https:\/\/darkamazi.site\/funavuv\/wp\/v2\/media?parent=1036270"}],"wp:term":[{"taxonomy":"category","embeddable":true,"href":"https:\/\/darkamazi.site\/funavuv\/wp\/v2\/categories?post=1036270"},{"taxonomy":"post_tag","embeddable":true,"href":"https:\/\/darkamazi.site\/funavuv\/wp\/v2\/tags?post=1036270"}],"curies":[{"name":"wp","href":"https:\/\/api.w.org\/{rel}","templated":true}]}}