{"id":1036273,"date":"2026-01-22T16:31:18","date_gmt":"2026-01-22T13:31:18","guid":{"rendered":"https:\/\/darkamazi.site\/?p=1036273"},"modified":"2026-01-22T16:31:18","modified_gmt":"2026-01-22T13:31:18","slug":"tom-barrack-ve-mazlum-abdi-ile-gorustu-ateskesin-tam-olarak-surdurulmesi-konusunda-hemfikir-kaldilar","status":"publish","type":"post","link":"https:\/\/darkamazi.site\/archives\/1036273","title":{"rendered":"Tom Barrack ve Mazlum Abdi ile g\u00f6r\u00fc\u015ft\u00fc: Ate\u015fkesin tam olarak s\u00fcrd\u00fcr\u00fclmesi konusunda hemfikir kald\u0131lar"},"content":{"rendered":"<p style=\"text-align: justify\">ABD&#8217;nin Suriye \u00d6zel Temsilcisi Tom Barrack bug\u00fcn DSG Genel Komutan\u0131 Mazlum Abdi ve D\u0131\u015f \u0130li\u015fkiler Komitesi E\u015f Ba\u015fkan\u0131 \u0130lham Ahmed ile bir araya geldi\u011fini duyurdu.<\/p>\n<p style=\"text-align: justify\">Tom Barrack&#8217;\u0131n bug\u00fcn Erbil&#8217;de Mazlum Abdi ile bir araya gelece\u011fi bildirilmi\u015fti.<\/p>\n<p style=\"text-align: justify\">ABD\u2019nin Suriye \u00d6zel Temsilcisi Tom Barrack, b\u00f6lgesel temaslar\u0131 kapsam\u0131nda Demokratik Suriye G\u00fc\u00e7leri (DSG) Genel Komutan\u0131 Mazlum Abdi ve D\u0131\u015f \u0130li\u015fkiler Komitesi E\u015f Ba\u015fkan\u0131 \u0130lham Ahmed ile bir g\u00f6r\u00fc\u015fme ger\u00e7ekle\u015ftirdi.<\/p>\n<p style=\"text-align: justify\">Erbil\u2019de ger\u00e7ekle\u015fen g\u00f6r\u00fc\u015fme, Tom Barrack taraf\u0131ndan X hesab\u0131ndan bizzat duyuruldu. Daha \u00f6nce Erbil&#8217;de yap\u0131laca\u011f\u0131 planlanan g\u00f6r\u00fc\u015fmede, Rojava\u2019daki son geli\u015fmeler, b\u00f6lgenin g\u00fcvenli\u011fi ve ABD ile DSG aras\u0131ndaki koordinasyonun ele al\u0131nd\u0131\u011f\u0131 belirtildi.<\/p>\n<p style=\"text-align: justify\">G\u00f6r\u00fc\u015fmeye ili\u015fkin Barrack taraf\u0131ndan yap\u0131lan a\u00e7\u0131klamada, Suriye\u2019deki insani durum ve siyasi istikrar konular\u0131nda g\u00f6r\u00fc\u015f al\u0131\u015fveri\u015finde bulundu\u011fu kaydedildi.<\/p>\n<p style=\"text-align: justify\">Barrack, \u201cBug\u00fcn General Mazlum Abdi ve \u0130lham Ahmed ile g\u00f6r\u00fc\u015fmekten onur duyduk. Amerika Birle\u015fik Devletleri, Suriye Demokratik G\u00fc\u00e7leri ile Suriye h\u00fck\u00fcmeti aras\u0131nda 18 Ocak&#8217;ta imzalanan anla\u015fmada belirtilen entegrasyon s\u00fcrecini ilerletme konusundaki g\u00fc\u00e7l\u00fc deste\u011fini ve kararl\u0131l\u0131\u011f\u0131n\u0131 yeniden teyit etti.<\/p>\n<p style=\"text-align: justify\">T\u00fcm taraflar, g\u00fcveni ve kal\u0131c\u0131 istikrar\u0131 sa\u011flamak i\u00e7in t\u00fcm taraflarca g\u00fcven art\u0131r\u0131c\u0131 \u00f6nlemlerin belirlenmesi ve uygulanmas\u0131 s\u00fcrecinde, at\u0131lacak ilk ve en \u00f6nemli ad\u0131m\u0131n mevcut ate\u015fkesin tam olarak s\u00fcrd\u00fcr\u00fclmesi oldu\u011fu konusunda hemfikir oldular\u201d dedi.<\/p>\n","protected":false},"excerpt":{"rendered":"<p>ABD&#8217;nin Suriye \u00d6zel Temsilcisi Tom Barrack bug\u00fcn DSG Genel Komutan\u0131 Mazlum Abdi ve D\u0131\u015f \u0130li\u015fkiler Komitesi E\u015f Ba\u015fkan\u0131 \u0130lham Ahmed ile bir araya geldi\u011fini duyurdu. Tom Barrack&#8217;\u0131n bug\u00fcn Erbil&#8217;de Mazlum Abdi ile bir araya gelece\u011fi bildirilmi\u015fti. ABD\u2019nin Suriye \u00d6zel Temsilcisi Tom Barrack, b\u00f6lgesel temaslar\u0131 kapsam\u0131nda Demokratik Suriye G\u00fc\u00e7leri (DSG) Genel Komutan\u0131 Mazlum Abdi ve D\u0131\u015f [&hellip;]<\/p>\n","protected":false},"author":2,"featured_media":1036274,"comment_status":"closed","ping_status":"closed","sticky":false,"template":"","format":"standard","meta":{"footnotes":""},"categories":[3],"tags":[31],"class_list":["post-1036273","post","type-post","status-publish","format-standard","has-post-thumbnail","hentry","category-kurdistan","tag-onemli"],"blocksy_meta":[],"seo_head":"<!-- This site is optimized with the Yoast SEO plugin v27.5 - https:\/\/yoast.com\/product\/yoast-seo-wordpress\/ -->\n<title>Tom Barrack ve Mazlum Abdi ile g\u00f6r\u00fc\u015ft\u00fc: Ate\u015fkesin tam olarak s\u00fcrd\u00fcr\u00fclmesi konusunda hemfikir kald\u0131lar - Darka Mazi<\/title>\n<meta name=\"robots\" content=\"index, follow, max-snippet:-1, max-image-preview:large, max-video-preview:-1\" \/>\n<link rel=\"canonical\" href=\"https:\/\/darkamazi.site\/archives\/1036273\" \/>\n<meta property=\"og:locale\" content=\"en_US\" \/>\n<meta property=\"og:type\" content=\"article\" \/>\n<meta property=\"og:title\" content=\"Tom Barrack ve Mazlum Abdi ile g\u00f6r\u00fc\u015ft\u00fc: Ate\u015fkesin tam olarak s\u00fcrd\u00fcr\u00fclmesi konusunda hemfikir kald\u0131lar - Darka Mazi\" \/>\n<meta property=\"og:description\" content=\"ABD&#8217;nin Suriye \u00d6zel Temsilcisi Tom Barrack bug\u00fcn DSG Genel Komutan\u0131 Mazlum Abdi ve D\u0131\u015f \u0130li\u015fkiler Komitesi E\u015f Ba\u015fkan\u0131 \u0130lham Ahmed ile bir araya geldi\u011fini duyurdu. Tom Barrack&#8217;\u0131n bug\u00fcn Erbil&#8217;de Mazlum Abdi ile bir araya gelece\u011fi bildirilmi\u015fti. ABD\u2019nin Suriye \u00d6zel Temsilcisi Tom Barrack, b\u00f6lgesel temaslar\u0131 kapsam\u0131nda Demokratik Suriye G\u00fc\u00e7leri (DSG) Genel Komutan\u0131 Mazlum Abdi ve D\u0131\u015f [&hellip;]\" \/>\n<meta property=\"og:url\" content=\"https:\/\/darkamazi.site\/archives\/1036273\" \/>\n<meta property=\"og:site_name\" content=\"Darka Mazi\" \/>\n<meta property=\"article:publisher\" content=\"https:\/\/www.facebook.com\/DarkaMaziturkce\" \/>\n<meta property=\"article:published_time\" content=\"2026-01-22T13:31:18+00:00\" \/>\n<meta property=\"og:image\" content=\"https:\/\/darkamazi.site\/file\/2026\/01\/Erbil.jpg\" \/>\n\t<meta property=\"og:image:width\" content=\"1920\" \/>\n\t<meta property=\"og:image:height\" content=\"1080\" \/>\n\t<meta property=\"og:image:type\" content=\"image\/jpeg\" \/>\n<meta name=\"author\" content=\"darka mazi\" \/>\n<meta name=\"twitter:card\" content=\"summary_large_image\" \/>\n<meta name=\"twitter:creator\" content=\"@DarkaMaziTurkce\" \/>\n<meta name=\"twitter:site\" content=\"@DarkaMaziTurkce\" \/>\n<meta name=\"twitter:label1\" content=\"Written by\" \/>\n\t<meta name=\"twitter:data1\" content=\"darka mazi\" \/>\n\t<meta name=\"twitter:label2\" content=\"Est. reading time\" \/>\n\t<meta name=\"twitter:data2\" content=\"2 minutes\" \/>\n<script type=\"application\/ld+json\" class=\"seo-schema-graph\">{\"@context\":\"https:\\\/\\\/schema.org\",\"@graph\":[{\"@type\":\"NewsArticle\",\"@id\":\"https:\\\/\\\/darkamazi.site\\\/archives\\\/1036273#article\",\"isPartOf\":{\"@id\":\"https:\\\/\\\/darkamazi.site\\\/archives\\\/1036273\"},\"author\":{\"name\":\"darka mazi\",\"@id\":\"https:\\\/\\\/darkamazi.site\\\/#\\\/schema\\\/person\\\/67986a95ac546c16760365877ef4a9d3\"},\"headline\":\"Tom Barrack ve Mazlum Abdi ile g\u00f6r\u00fc\u015ft\u00fc: Ate\u015fkesin tam olarak s\u00fcrd\u00fcr\u00fclmesi konusunda hemfikir kald\u0131lar\",\"datePublished\":\"2026-01-22T13:31:18+00:00\",\"mainEntityOfPage\":{\"@id\":\"https:\\\/\\\/darkamazi.site\\\/archives\\\/1036273\"},\"wordCount\":286,\"publisher\":{\"@id\":\"https:\\\/\\\/darkamazi.site\\\/#organization\"},\"image\":{\"@id\":\"https:\\\/\\\/darkamazi.site\\\/archives\\\/1036273#primaryimage\"},\"thumbnailUrl\":\"https:\\\/\\\/darkamazi.site\\\/darka-content\\\/uploads\\\/2026\\\/01\\\/Erbil.jpg\",\"keywords\":[\"\u00f6nemli\"],\"articleSection\":[\"Kurdistan\"],\"inLanguage\":\"en-US\"},{\"@type\":\"WebPage\",\"@id\":\"https:\\\/\\\/darkamazi.site\\\/archives\\\/1036273\",\"url\":\"https:\\\/\\\/darkamazi.site\\\/archives\\\/1036273\",\"name\":\"Tom Barrack ve Mazlum Abdi ile g\u00f6r\u00fc\u015ft\u00fc: Ate\u015fkesin tam olarak s\u00fcrd\u00fcr\u00fclmesi konusunda hemfikir kald\u0131lar - Darka Mazi\",\"isPartOf\":{\"@id\":\"https:\\\/\\\/darkamazi.site\\\/#website\"},\"primaryImageOfPage\":{\"@id\":\"https:\\\/\\\/darkamazi.site\\\/archives\\\/1036273#primaryimage\"},\"image\":{\"@id\":\"https:\\\/\\\/darkamazi.site\\\/archives\\\/1036273#primaryimage\"},\"thumbnailUrl\":\"https:\\\/\\\/darkamazi.site\\\/darka-content\\\/uploads\\\/2026\\\/01\\\/Erbil.jpg\",\"datePublished\":\"2026-01-22T13:31:18+00:00\",\"breadcrumb\":{\"@id\":\"https:\\\/\\\/darkamazi.site\\\/archives\\\/1036273#breadcrumb\"},\"inLanguage\":\"en-US\",\"potentialAction\":[{\"@type\":\"ReadAction\",\"target\":[\"https:\\\/\\\/darkamazi.site\\\/archives\\\/1036273\"]}]},{\"@type\":\"ImageObject\",\"inLanguage\":\"en-US\",\"@id\":\"https:\\\/\\\/darkamazi.site\\\/archives\\\/1036273#primaryimage\",\"url\":\"https:\\\/\\\/darkamazi.site\\\/darka-content\\\/uploads\\\/2026\\\/01\\\/Erbil.jpg\",\"contentUrl\":\"https:\\\/\\\/darkamazi.site\\\/darka-content\\\/uploads\\\/2026\\\/01\\\/Erbil.jpg\",\"width\":1920,\"height\":1080,\"caption\":\"Tom Barrack ve Mazlum Abdi ile g\u00f6r\u00fc\u015ft\u00fc: Ate\u015fkesin tam olarak s\u00fcrd\u00fcr\u00fclmesi konusunda hemfikir kald\u0131lar\"},{\"@type\":\"BreadcrumbList\",\"@id\":\"https:\\\/\\\/darkamazi.site\\\/archives\\\/1036273#breadcrumb\",\"itemListElement\":[{\"@type\":\"ListItem\",\"position\":1,\"name\":\"Home\",\"item\":\"https:\\\/\\\/darkamazi.site\\\/\"},{\"@type\":\"ListItem\",\"position\":2,\"name\":\"Tom Barrack ve Mazlum Abdi ile g\u00f6r\u00fc\u015ft\u00fc: Ate\u015fkesin tam olarak s\u00fcrd\u00fcr\u00fclmesi konusunda hemfikir kald\u0131lar\"}]},{\"@type\":\"WebSite\",\"@id\":\"https:\\\/\\\/darkamazi.site\\\/#website\",\"url\":\"https:\\\/\\\/darkamazi.site\\\/\",\"name\":\"Darka Mazi\",\"description\":\"Ana Sayfa\",\"publisher\":{\"@id\":\"https:\\\/\\\/darkamazi.site\\\/#organization\"},\"potentialAction\":[{\"@type\":\"SearchAction\",\"target\":{\"@type\":\"EntryPoint\",\"urlTemplate\":\"https:\\\/\\\/darkamazi.site\\\/?s={search_term_string}\"},\"query-input\":{\"@type\":\"PropertyValueSpecification\",\"valueRequired\":true,\"valueName\":\"search_term_string\"}}],\"inLanguage\":\"en-US\"},{\"@type\":\"Organization\",\"@id\":\"https:\\\/\\\/darkamazi.site\\\/#organization\",\"name\":\"Darka Mazi T\u00fcrk\u00e7e\",\"alternateName\":\"Darka Mazi\",\"url\":\"https:\\\/\\\/darkamazi.site\\\/\",\"logo\":{\"@type\":\"ImageObject\",\"inLanguage\":\"en-US\",\"@id\":\"https:\\\/\\\/darkamazi.site\\\/#\\\/schema\\\/logo\\\/image\\\/\",\"url\":\"https:\\\/\\\/darkamazi.site\\\/darka-content\\\/uploads\\\/2017\\\/12\\\/darka-mazi-logo.png\",\"contentUrl\":\"https:\\\/\\\/darkamazi.site\\\/darka-content\\\/uploads\\\/2017\\\/12\\\/darka-mazi-logo.png\",\"width\":151,\"height\":75,\"caption\":\"Darka Mazi T\u00fcrk\u00e7e\"},\"image\":{\"@id\":\"https:\\\/\\\/darkamazi.site\\\/#\\\/schema\\\/logo\\\/image\\\/\"},\"sameAs\":[\"https:\\\/\\\/www.facebook.com\\\/DarkaMaziturkce\",\"https:\\\/\\\/x.com\\\/DarkaMaziTurkce\"]},{\"@type\":\"Person\",\"@id\":\"https:\\\/\\\/darkamazi.site\\\/#\\\/schema\\\/person\\\/67986a95ac546c16760365877ef4a9d3\",\"name\":\"darka mazi\",\"sameAs\":[\"https:\\\/\\\/darkamazi.site\"],\"url\":\"https:\\\/\\\/darkamazi.site\\\/archives\\\/author\\\/turkish\"}]}<\/script>\n<!-- \/ Yoast SEO plugin. -->","seo_head_json":{"title":"Tom Barrack ve Mazlum Abdi ile g\u00f6r\u00fc\u015ft\u00fc: Ate\u015fkesin tam olarak s\u00fcrd\u00fcr\u00fclmesi konusunda hemfikir kald\u0131lar - Darka Mazi","robots":{"index":"index","follow":"follow","max-snippet":"max-snippet:-1","max-image-preview":"max-image-preview:large","max-video-preview":"max-video-preview:-1"},"canonical":"https:\/\/darkamazi.site\/archives\/1036273","og_locale":"en_US","og_type":"article","og_title":"Tom Barrack ve Mazlum Abdi ile g\u00f6r\u00fc\u015ft\u00fc: Ate\u015fkesin tam olarak s\u00fcrd\u00fcr\u00fclmesi konusunda hemfikir kald\u0131lar - Darka Mazi","og_description":"ABD&#8217;nin Suriye \u00d6zel Temsilcisi Tom Barrack bug\u00fcn DSG Genel Komutan\u0131 Mazlum Abdi ve D\u0131\u015f \u0130li\u015fkiler Komitesi E\u015f Ba\u015fkan\u0131 \u0130lham Ahmed ile bir araya geldi\u011fini duyurdu. Tom Barrack&#8217;\u0131n bug\u00fcn Erbil&#8217;de Mazlum Abdi ile bir araya gelece\u011fi bildirilmi\u015fti. ABD\u2019nin Suriye \u00d6zel Temsilcisi Tom Barrack, b\u00f6lgesel temaslar\u0131 kapsam\u0131nda Demokratik Suriye G\u00fc\u00e7leri (DSG) Genel Komutan\u0131 Mazlum Abdi ve D\u0131\u015f [&hellip;]","og_url":"https:\/\/darkamazi.site\/archives\/1036273","og_site_name":"Darka Mazi","article_publisher":"https:\/\/www.facebook.com\/DarkaMaziturkce","article_published_time":"2026-01-22T13:31:18+00:00","og_image":[{"width":1920,"height":1080,"url":"https:\/\/darkamazi.site\/file\/2026\/01\/Erbil.jpg","type":"image\/jpeg"}],"author":"darka mazi","twitter_card":"summary_large_image","twitter_creator":"@DarkaMaziTurkce","twitter_site":"@DarkaMaziTurkce","twitter_misc":{"Written by":"darka mazi","Est. reading time":"2 minutes"},"schema":{"@context":"https:\/\/schema.org","@graph":[{"@type":"NewsArticle","@id":"https:\/\/darkamazi.site\/archives\/1036273#article","isPartOf":{"@id":"https:\/\/darkamazi.site\/archives\/1036273"},"author":{"name":"darka mazi","@id":"https:\/\/darkamazi.site\/#\/schema\/person\/67986a95ac546c16760365877ef4a9d3"},"headline":"Tom Barrack ve Mazlum Abdi ile g\u00f6r\u00fc\u015ft\u00fc: Ate\u015fkesin tam olarak s\u00fcrd\u00fcr\u00fclmesi konusunda hemfikir kald\u0131lar","datePublished":"2026-01-22T13:31:18+00:00","mainEntityOfPage":{"@id":"https:\/\/darkamazi.site\/archives\/1036273"},"wordCount":286,"publisher":{"@id":"https:\/\/darkamazi.site\/#organization"},"image":{"@id":"https:\/\/darkamazi.site\/archives\/1036273#primaryimage"},"thumbnailUrl":"https:\/\/darkamazi.site\/file\/2026\/01\/Erbil.jpg","keywords":["\u00f6nemli"],"articleSection":["Kurdistan"],"inLanguage":"en-US"},{"@type":"WebPage","@id":"https:\/\/darkamazi.site\/archives\/1036273","url":"https:\/\/darkamazi.site\/archives\/1036273","name":"Tom Barrack ve Mazlum Abdi ile g\u00f6r\u00fc\u015ft\u00fc: Ate\u015fkesin tam olarak s\u00fcrd\u00fcr\u00fclmesi konusunda hemfikir kald\u0131lar - Darka Mazi","isPartOf":{"@id":"https:\/\/darkamazi.site\/#website"},"primaryImageOfPage":{"@id":"https:\/\/darkamazi.site\/archives\/1036273#primaryimage"},"image":{"@id":"https:\/\/darkamazi.site\/archives\/1036273#primaryimage"},"thumbnailUrl":"https:\/\/darkamazi.site\/file\/2026\/01\/Erbil.jpg","datePublished":"2026-01-22T13:31:18+00:00","breadcrumb":{"@id":"https:\/\/darkamazi.site\/archives\/1036273#breadcrumb"},"inLanguage":"en-US","potentialAction":[{"@type":"ReadAction","target":["https:\/\/darkamazi.site\/archives\/1036273"]}]},{"@type":"ImageObject","inLanguage":"en-US","@id":"https:\/\/darkamazi.site\/archives\/1036273#primaryimage","url":"https:\/\/darkamazi.site\/file\/2026\/01\/Erbil.jpg","contentUrl":"https:\/\/darkamazi.site\/file\/2026\/01\/Erbil.jpg","width":1920,"height":1080,"caption":"Tom Barrack ve Mazlum Abdi ile g\u00f6r\u00fc\u015ft\u00fc: Ate\u015fkesin tam olarak s\u00fcrd\u00fcr\u00fclmesi konusunda hemfikir kald\u0131lar"},{"@type":"BreadcrumbList","@id":"https:\/\/darkamazi.site\/archives\/1036273#breadcrumb","itemListElement":[{"@type":"ListItem","position":1,"name":"Home","item":"https:\/\/darkamazi.site\/"},{"@type":"ListItem","position":2,"name":"Tom Barrack ve Mazlum Abdi ile g\u00f6r\u00fc\u015ft\u00fc: Ate\u015fkesin tam olarak s\u00fcrd\u00fcr\u00fclmesi konusunda hemfikir kald\u0131lar"}]},{"@type":"WebSite","@id":"https:\/\/darkamazi.site\/#website","url":"https:\/\/darkamazi.site\/","name":"Darka Mazi","description":"Ana Sayfa","publisher":{"@id":"https:\/\/darkamazi.site\/#organization"},"potentialAction":[{"@type":"SearchAction","target":{"@type":"EntryPoint","urlTemplate":"https:\/\/darkamazi.site\/?s={search_term_string}"},"query-input":{"@type":"PropertyValueSpecification","valueRequired":true,"valueName":"search_term_string"}}],"inLanguage":"en-US"},{"@type":"Organization","@id":"https:\/\/darkamazi.site\/#organization","name":"Darka Mazi T\u00fcrk\u00e7e","alternateName":"Darka Mazi","url":"https:\/\/darkamazi.site\/","logo":{"@type":"ImageObject","inLanguage":"en-US","@id":"https:\/\/darkamazi.site\/#\/schema\/logo\/image\/","url":"https:\/\/darkamazi.site\/file\/2017\/12\/darka-mazi-logo.png","contentUrl":"https:\/\/darkamazi.site\/file\/2017\/12\/darka-mazi-logo.png","width":151,"height":75,"caption":"Darka Mazi T\u00fcrk\u00e7e"},"image":{"@id":"https:\/\/darkamazi.site\/#\/schema\/logo\/image\/"},"sameAs":["https:\/\/www.facebook.com\/DarkaMaziturkce","https:\/\/x.com\/DarkaMaziTurkce"]},{"@type":"Person","@id":"https:\/\/darkamazi.site\/#\/schema\/person\/67986a95ac546c16760365877ef4a9d3","name":"darka mazi","sameAs":["https:\/\/darkamazi.site"],"url":"https:\/\/darkamazi.site\/archives\/author\/turkish"}]}},"_links":{"self":[{"href":"https:\/\/darkamazi.site\/funavuv\/wp\/v2\/posts\/1036273","targetHints":{"allow":["GET"]}}],"collection":[{"href":"https:\/\/darkamazi.site\/funavuv\/wp\/v2\/posts"}],"about":[{"href":"https:\/\/darkamazi.site\/funavuv\/wp\/v2\/types\/post"}],"author":[{"embeddable":true,"href":"https:\/\/darkamazi.site\/funavuv\/wp\/v2\/users\/2"}],"replies":[{"embeddable":true,"href":"https:\/\/darkamazi.site\/funavuv\/wp\/v2\/comments?post=1036273"}],"version-history":[{"count":0,"href":"https:\/\/darkamazi.site\/funavuv\/wp\/v2\/posts\/1036273\/revisions"}],"wp:featuredmedia":[{"embeddable":true,"href":"https:\/\/darkamazi.site\/funavuv\/wp\/v2\/media\/1036274"}],"wp:attachment":[{"href":"https:\/\/darkamazi.site\/funavuv\/wp\/v2\/media?parent=1036273"}],"wp:term":[{"taxonomy":"category","embeddable":true,"href":"https:\/\/darkamazi.site\/funavuv\/wp\/v2\/categories?post=1036273"},{"taxonomy":"post_tag","embeddable":true,"href":"https:\/\/darkamazi.site\/funavuv\/wp\/v2\/tags?post=1036273"}],"curies":[{"name":"wp","href":"https:\/\/api.w.org\/{rel}","templated":true}]}}