{"id":1036276,"date":"2026-01-22T16:45:21","date_gmt":"2026-01-22T13:45:21","guid":{"rendered":"https:\/\/darkamazi.site\/?p=1036276"},"modified":"2026-01-22T16:45:21","modified_gmt":"2026-01-22T13:45:21","slug":"basbakan-barzani-talimat-verdi-kis-boyunca-rojavaya-yakit-gonderilecek","status":"publish","type":"post","link":"https:\/\/darkamazi.site\/archives\/1036276","title":{"rendered":"Ba\u015fbakan Barzani talimat verdi: K\u0131\u015f boyunca Rojava&#8217;ya yak\u0131t g\u00f6nderilecek"},"content":{"rendered":"<p style=\"text-align: justify\">K\u00fcrdistan B\u00f6lgesi Ba\u015fbakan\u0131 Mesrur Barzani&#8217;nin talimat\u0131yla, k\u0131\u015f mevsimi boyunca Rojava\u2019ya (Bat\u0131 K\u00fcrdistan) yak\u0131t g\u00f6nderilecek.<\/p>\n<p style=\"text-align: justify\">K\u00fcrdistan B\u00f6lgesi H\u00fck\u00fcmeti S\u00f6zc\u00fcs\u00fc Pe\u015fewa Hewremani, 22 Ocak 2026 Per\u015fembe g\u00fcn\u00fc yapt\u0131\u011f\u0131 a\u00e7\u0131klamada, Ba\u015fbakan Mesrur Barzani\u2019nin talimat\u0131yla Barzani Yard\u0131m Vakf\u0131 arac\u0131l\u0131\u011f\u0131yla Rojava\u2019ya gerekli miktarda yak\u0131t g\u00f6nderilece\u011fini s\u00f6yledi.<\/p>\n<p style=\"text-align: justify\">Yak\u0131t sevkiyat\u0131n\u0131n s\u00fcresine ili\u015fkin bilgi veren S\u00f6zc\u00fc Hewremani, &#8220;Bu s\u00fcre\u00e7 k\u0131\u015f mevsimi sona erene kadar devam edecek.&#8221; dedi.<\/p>\n<p style=\"text-align: justify\">Bu geli\u015fme, Ba\u015fkan Barzani&#8217;nin talimat\u0131yla d\u00fcn (21 Ocak \u00c7ar\u015famba) Barzani Yard\u0131m Vakf\u0131&#8217;n\u0131n en b\u00fcy\u00fck insani yard\u0131m konvoyunu Rojava\u2019ya ula\u015ft\u0131rmas\u0131n\u0131n hemen ard\u0131ndan geldi.<\/p>\n<p style=\"text-align: justify\">S\u00f6z konusu yard\u0131m konvoyu, g\u0131da malzemeleri ve \u0131s\u0131t\u0131c\u0131lar\u0131n yan\u0131 s\u0131ra vatanda\u015flar\u0131n g\u00fcnl\u00fck ihtiya\u00e7lar\u0131n\u0131 kar\u015f\u0131layacak 22 farkl\u0131 kalemi i\u00e7eren 67 t\u0131rdan olu\u015fuyordu.<\/p>\n<p style=\"text-align: justify\">Ayr\u0131ca, yard\u0131mlar\u0131n da\u011f\u0131t\u0131m s\u00fcrecini y\u00f6netmek \u00fczere Barzani Yard\u0131m Vakf\u0131&#8217;n\u0131n 150&#8217;den fazla personeli de Rojava\u2019ya g\u00f6nderildi.<\/p>\n","protected":false},"excerpt":{"rendered":"<p>K\u00fcrdistan B\u00f6lgesi Ba\u015fbakan\u0131 Mesrur Barzani&#8217;nin talimat\u0131yla, k\u0131\u015f mevsimi boyunca Rojava\u2019ya (Bat\u0131 K\u00fcrdistan) yak\u0131t g\u00f6nderilecek. K\u00fcrdistan B\u00f6lgesi H\u00fck\u00fcmeti S\u00f6zc\u00fcs\u00fc Pe\u015fewa Hewremani, 22 Ocak 2026 Per\u015fembe g\u00fcn\u00fc yapt\u0131\u011f\u0131 a\u00e7\u0131klamada, Ba\u015fbakan Mesrur Barzani\u2019nin talimat\u0131yla Barzani Yard\u0131m Vakf\u0131 arac\u0131l\u0131\u011f\u0131yla Rojava\u2019ya gerekli miktarda yak\u0131t g\u00f6nderilece\u011fini s\u00f6yledi. Yak\u0131t sevkiyat\u0131n\u0131n s\u00fcresine ili\u015fkin bilgi veren S\u00f6zc\u00fc Hewremani, &#8220;Bu s\u00fcre\u00e7 k\u0131\u015f mevsimi sona erene [&hellip;]<\/p>\n","protected":false},"author":2,"featured_media":1036278,"comment_status":"closed","ping_status":"closed","sticky":false,"template":"","format":"standard","meta":{"footnotes":""},"categories":[3],"tags":[31],"class_list":["post-1036276","post","type-post","status-publish","format-standard","has-post-thumbnail","hentry","category-kurdistan","tag-onemli"],"blocksy_meta":[],"seo_head":"<!-- This site is optimized with the Yoast SEO plugin v27.5 - https:\/\/yoast.com\/product\/yoast-seo-wordpress\/ -->\n<title>Ba\u015fbakan Barzani talimat verdi: K\u0131\u015f boyunca Rojava&#039;ya yak\u0131t g\u00f6nderilecek - Darka Mazi<\/title>\n<meta name=\"robots\" content=\"index, follow, max-snippet:-1, max-image-preview:large, max-video-preview:-1\" \/>\n<link rel=\"canonical\" href=\"https:\/\/darkamazi.site\/archives\/1036276\" \/>\n<meta property=\"og:locale\" content=\"en_US\" \/>\n<meta property=\"og:type\" content=\"article\" \/>\n<meta property=\"og:title\" content=\"Ba\u015fbakan Barzani talimat verdi: K\u0131\u015f boyunca Rojava&#039;ya yak\u0131t g\u00f6nderilecek - Darka Mazi\" \/>\n<meta property=\"og:description\" content=\"K\u00fcrdistan B\u00f6lgesi Ba\u015fbakan\u0131 Mesrur Barzani&#8217;nin talimat\u0131yla, k\u0131\u015f mevsimi boyunca Rojava\u2019ya (Bat\u0131 K\u00fcrdistan) yak\u0131t g\u00f6nderilecek. K\u00fcrdistan B\u00f6lgesi H\u00fck\u00fcmeti S\u00f6zc\u00fcs\u00fc Pe\u015fewa Hewremani, 22 Ocak 2026 Per\u015fembe g\u00fcn\u00fc yapt\u0131\u011f\u0131 a\u00e7\u0131klamada, Ba\u015fbakan Mesrur Barzani\u2019nin talimat\u0131yla Barzani Yard\u0131m Vakf\u0131 arac\u0131l\u0131\u011f\u0131yla Rojava\u2019ya gerekli miktarda yak\u0131t g\u00f6nderilece\u011fini s\u00f6yledi. Yak\u0131t sevkiyat\u0131n\u0131n s\u00fcresine ili\u015fkin bilgi veren S\u00f6zc\u00fc Hewremani, &#8220;Bu s\u00fcre\u00e7 k\u0131\u015f mevsimi sona erene [&hellip;]\" \/>\n<meta property=\"og:url\" content=\"https:\/\/darkamazi.site\/archives\/1036276\" \/>\n<meta property=\"og:site_name\" content=\"Darka Mazi\" \/>\n<meta property=\"article:publisher\" content=\"https:\/\/www.facebook.com\/DarkaMaziturkce\" \/>\n<meta property=\"article:published_time\" content=\"2026-01-22T13:45:21+00:00\" \/>\n<meta property=\"og:image\" content=\"https:\/\/darkamazi.site\/file\/2026\/01\/M.-B.-PM.jpg\" \/>\n\t<meta property=\"og:image:width\" content=\"1562\" \/>\n\t<meta property=\"og:image:height\" content=\"878\" \/>\n\t<meta property=\"og:image:type\" content=\"image\/jpeg\" \/>\n<meta name=\"author\" content=\"darka mazi\" \/>\n<meta name=\"twitter:card\" content=\"summary_large_image\" \/>\n<meta name=\"twitter:creator\" content=\"@DarkaMaziTurkce\" \/>\n<meta name=\"twitter:site\" content=\"@DarkaMaziTurkce\" \/>\n<meta name=\"twitter:label1\" content=\"Written by\" \/>\n\t<meta name=\"twitter:data1\" content=\"darka mazi\" \/>\n\t<meta name=\"twitter:label2\" content=\"Est. reading time\" \/>\n\t<meta name=\"twitter:data2\" content=\"1 minute\" \/>\n<script type=\"application\/ld+json\" class=\"seo-schema-graph\">{\"@context\":\"https:\\\/\\\/schema.org\",\"@graph\":[{\"@type\":\"NewsArticle\",\"@id\":\"https:\\\/\\\/darkamazi.site\\\/archives\\\/1036276#article\",\"isPartOf\":{\"@id\":\"https:\\\/\\\/darkamazi.site\\\/archives\\\/1036276\"},\"author\":{\"name\":\"darka mazi\",\"@id\":\"https:\\\/\\\/darkamazi.site\\\/#\\\/schema\\\/person\\\/67986a95ac546c16760365877ef4a9d3\"},\"headline\":\"Ba\u015fbakan Barzani talimat verdi: K\u0131\u015f boyunca Rojava&#8217;ya yak\u0131t g\u00f6nderilecek\",\"datePublished\":\"2026-01-22T13:45:21+00:00\",\"mainEntityOfPage\":{\"@id\":\"https:\\\/\\\/darkamazi.site\\\/archives\\\/1036276\"},\"wordCount\":210,\"publisher\":{\"@id\":\"https:\\\/\\\/darkamazi.site\\\/#organization\"},\"image\":{\"@id\":\"https:\\\/\\\/darkamazi.site\\\/archives\\\/1036276#primaryimage\"},\"thumbnailUrl\":\"https:\\\/\\\/darkamazi.site\\\/darka-content\\\/uploads\\\/2026\\\/01\\\/M.-B.-PM.jpg\",\"keywords\":[\"\u00f6nemli\"],\"articleSection\":[\"Kurdistan\"],\"inLanguage\":\"en-US\"},{\"@type\":\"WebPage\",\"@id\":\"https:\\\/\\\/darkamazi.site\\\/archives\\\/1036276\",\"url\":\"https:\\\/\\\/darkamazi.site\\\/archives\\\/1036276\",\"name\":\"Ba\u015fbakan Barzani talimat verdi: K\u0131\u015f boyunca Rojava'ya yak\u0131t g\u00f6nderilecek - Darka Mazi\",\"isPartOf\":{\"@id\":\"https:\\\/\\\/darkamazi.site\\\/#website\"},\"primaryImageOfPage\":{\"@id\":\"https:\\\/\\\/darkamazi.site\\\/archives\\\/1036276#primaryimage\"},\"image\":{\"@id\":\"https:\\\/\\\/darkamazi.site\\\/archives\\\/1036276#primaryimage\"},\"thumbnailUrl\":\"https:\\\/\\\/darkamazi.site\\\/darka-content\\\/uploads\\\/2026\\\/01\\\/M.-B.-PM.jpg\",\"datePublished\":\"2026-01-22T13:45:21+00:00\",\"breadcrumb\":{\"@id\":\"https:\\\/\\\/darkamazi.site\\\/archives\\\/1036276#breadcrumb\"},\"inLanguage\":\"en-US\",\"potentialAction\":[{\"@type\":\"ReadAction\",\"target\":[\"https:\\\/\\\/darkamazi.site\\\/archives\\\/1036276\"]}]},{\"@type\":\"ImageObject\",\"inLanguage\":\"en-US\",\"@id\":\"https:\\\/\\\/darkamazi.site\\\/archives\\\/1036276#primaryimage\",\"url\":\"https:\\\/\\\/darkamazi.site\\\/darka-content\\\/uploads\\\/2026\\\/01\\\/M.-B.-PM.jpg\",\"contentUrl\":\"https:\\\/\\\/darkamazi.site\\\/darka-content\\\/uploads\\\/2026\\\/01\\\/M.-B.-PM.jpg\",\"width\":1562,\"height\":878,\"caption\":\"Ba\u015fbakan Barzani talimat verdi: K\u0131\u015f boyunca Rojava'ya yak\u0131t g\u00f6nderilecek\"},{\"@type\":\"BreadcrumbList\",\"@id\":\"https:\\\/\\\/darkamazi.site\\\/archives\\\/1036276#breadcrumb\",\"itemListElement\":[{\"@type\":\"ListItem\",\"position\":1,\"name\":\"Home\",\"item\":\"https:\\\/\\\/darkamazi.site\\\/\"},{\"@type\":\"ListItem\",\"position\":2,\"name\":\"Ba\u015fbakan Barzani talimat verdi: K\u0131\u015f boyunca Rojava&#8217;ya yak\u0131t g\u00f6nderilecek\"}]},{\"@type\":\"WebSite\",\"@id\":\"https:\\\/\\\/darkamazi.site\\\/#website\",\"url\":\"https:\\\/\\\/darkamazi.site\\\/\",\"name\":\"Darka Mazi\",\"description\":\"Ana Sayfa\",\"publisher\":{\"@id\":\"https:\\\/\\\/darkamazi.site\\\/#organization\"},\"potentialAction\":[{\"@type\":\"SearchAction\",\"target\":{\"@type\":\"EntryPoint\",\"urlTemplate\":\"https:\\\/\\\/darkamazi.site\\\/?s={search_term_string}\"},\"query-input\":{\"@type\":\"PropertyValueSpecification\",\"valueRequired\":true,\"valueName\":\"search_term_string\"}}],\"inLanguage\":\"en-US\"},{\"@type\":\"Organization\",\"@id\":\"https:\\\/\\\/darkamazi.site\\\/#organization\",\"name\":\"Darka Mazi T\u00fcrk\u00e7e\",\"alternateName\":\"Darka Mazi\",\"url\":\"https:\\\/\\\/darkamazi.site\\\/\",\"logo\":{\"@type\":\"ImageObject\",\"inLanguage\":\"en-US\",\"@id\":\"https:\\\/\\\/darkamazi.site\\\/#\\\/schema\\\/logo\\\/image\\\/\",\"url\":\"https:\\\/\\\/darkamazi.site\\\/darka-content\\\/uploads\\\/2017\\\/12\\\/darka-mazi-logo.png\",\"contentUrl\":\"https:\\\/\\\/darkamazi.site\\\/darka-content\\\/uploads\\\/2017\\\/12\\\/darka-mazi-logo.png\",\"width\":151,\"height\":75,\"caption\":\"Darka Mazi T\u00fcrk\u00e7e\"},\"image\":{\"@id\":\"https:\\\/\\\/darkamazi.site\\\/#\\\/schema\\\/logo\\\/image\\\/\"},\"sameAs\":[\"https:\\\/\\\/www.facebook.com\\\/DarkaMaziturkce\",\"https:\\\/\\\/x.com\\\/DarkaMaziTurkce\"]},{\"@type\":\"Person\",\"@id\":\"https:\\\/\\\/darkamazi.site\\\/#\\\/schema\\\/person\\\/67986a95ac546c16760365877ef4a9d3\",\"name\":\"darka mazi\",\"sameAs\":[\"https:\\\/\\\/darkamazi.site\"],\"url\":\"https:\\\/\\\/darkamazi.site\\\/archives\\\/author\\\/turkish\"}]}<\/script>\n<!-- \/ Yoast SEO plugin. -->","seo_head_json":{"title":"Ba\u015fbakan Barzani talimat verdi: K\u0131\u015f boyunca Rojava'ya yak\u0131t g\u00f6nderilecek - Darka Mazi","robots":{"index":"index","follow":"follow","max-snippet":"max-snippet:-1","max-image-preview":"max-image-preview:large","max-video-preview":"max-video-preview:-1"},"canonical":"https:\/\/darkamazi.site\/archives\/1036276","og_locale":"en_US","og_type":"article","og_title":"Ba\u015fbakan Barzani talimat verdi: K\u0131\u015f boyunca Rojava'ya yak\u0131t g\u00f6nderilecek - Darka Mazi","og_description":"K\u00fcrdistan B\u00f6lgesi Ba\u015fbakan\u0131 Mesrur Barzani&#8217;nin talimat\u0131yla, k\u0131\u015f mevsimi boyunca Rojava\u2019ya (Bat\u0131 K\u00fcrdistan) yak\u0131t g\u00f6nderilecek. K\u00fcrdistan B\u00f6lgesi H\u00fck\u00fcmeti S\u00f6zc\u00fcs\u00fc Pe\u015fewa Hewremani, 22 Ocak 2026 Per\u015fembe g\u00fcn\u00fc yapt\u0131\u011f\u0131 a\u00e7\u0131klamada, Ba\u015fbakan Mesrur Barzani\u2019nin talimat\u0131yla Barzani Yard\u0131m Vakf\u0131 arac\u0131l\u0131\u011f\u0131yla Rojava\u2019ya gerekli miktarda yak\u0131t g\u00f6nderilece\u011fini s\u00f6yledi. Yak\u0131t sevkiyat\u0131n\u0131n s\u00fcresine ili\u015fkin bilgi veren S\u00f6zc\u00fc Hewremani, &#8220;Bu s\u00fcre\u00e7 k\u0131\u015f mevsimi sona erene [&hellip;]","og_url":"https:\/\/darkamazi.site\/archives\/1036276","og_site_name":"Darka Mazi","article_publisher":"https:\/\/www.facebook.com\/DarkaMaziturkce","article_published_time":"2026-01-22T13:45:21+00:00","og_image":[{"width":1562,"height":878,"url":"https:\/\/darkamazi.site\/file\/2026\/01\/M.-B.-PM.jpg","type":"image\/jpeg"}],"author":"darka mazi","twitter_card":"summary_large_image","twitter_creator":"@DarkaMaziTurkce","twitter_site":"@DarkaMaziTurkce","twitter_misc":{"Written by":"darka mazi","Est. reading time":"1 minute"},"schema":{"@context":"https:\/\/schema.org","@graph":[{"@type":"NewsArticle","@id":"https:\/\/darkamazi.site\/archives\/1036276#article","isPartOf":{"@id":"https:\/\/darkamazi.site\/archives\/1036276"},"author":{"name":"darka mazi","@id":"https:\/\/darkamazi.site\/#\/schema\/person\/67986a95ac546c16760365877ef4a9d3"},"headline":"Ba\u015fbakan Barzani talimat verdi: K\u0131\u015f boyunca Rojava&#8217;ya yak\u0131t g\u00f6nderilecek","datePublished":"2026-01-22T13:45:21+00:00","mainEntityOfPage":{"@id":"https:\/\/darkamazi.site\/archives\/1036276"},"wordCount":210,"publisher":{"@id":"https:\/\/darkamazi.site\/#organization"},"image":{"@id":"https:\/\/darkamazi.site\/archives\/1036276#primaryimage"},"thumbnailUrl":"https:\/\/darkamazi.site\/file\/2026\/01\/M.-B.-PM.jpg","keywords":["\u00f6nemli"],"articleSection":["Kurdistan"],"inLanguage":"en-US"},{"@type":"WebPage","@id":"https:\/\/darkamazi.site\/archives\/1036276","url":"https:\/\/darkamazi.site\/archives\/1036276","name":"Ba\u015fbakan Barzani talimat verdi: K\u0131\u015f boyunca Rojava'ya yak\u0131t g\u00f6nderilecek - Darka Mazi","isPartOf":{"@id":"https:\/\/darkamazi.site\/#website"},"primaryImageOfPage":{"@id":"https:\/\/darkamazi.site\/archives\/1036276#primaryimage"},"image":{"@id":"https:\/\/darkamazi.site\/archives\/1036276#primaryimage"},"thumbnailUrl":"https:\/\/darkamazi.site\/file\/2026\/01\/M.-B.-PM.jpg","datePublished":"2026-01-22T13:45:21+00:00","breadcrumb":{"@id":"https:\/\/darkamazi.site\/archives\/1036276#breadcrumb"},"inLanguage":"en-US","potentialAction":[{"@type":"ReadAction","target":["https:\/\/darkamazi.site\/archives\/1036276"]}]},{"@type":"ImageObject","inLanguage":"en-US","@id":"https:\/\/darkamazi.site\/archives\/1036276#primaryimage","url":"https:\/\/darkamazi.site\/file\/2026\/01\/M.-B.-PM.jpg","contentUrl":"https:\/\/darkamazi.site\/file\/2026\/01\/M.-B.-PM.jpg","width":1562,"height":878,"caption":"Ba\u015fbakan Barzani talimat verdi: K\u0131\u015f boyunca Rojava'ya yak\u0131t g\u00f6nderilecek"},{"@type":"BreadcrumbList","@id":"https:\/\/darkamazi.site\/archives\/1036276#breadcrumb","itemListElement":[{"@type":"ListItem","position":1,"name":"Home","item":"https:\/\/darkamazi.site\/"},{"@type":"ListItem","position":2,"name":"Ba\u015fbakan Barzani talimat verdi: K\u0131\u015f boyunca Rojava&#8217;ya yak\u0131t g\u00f6nderilecek"}]},{"@type":"WebSite","@id":"https:\/\/darkamazi.site\/#website","url":"https:\/\/darkamazi.site\/","name":"Darka Mazi","description":"Ana Sayfa","publisher":{"@id":"https:\/\/darkamazi.site\/#organization"},"potentialAction":[{"@type":"SearchAction","target":{"@type":"EntryPoint","urlTemplate":"https:\/\/darkamazi.site\/?s={search_term_string}"},"query-input":{"@type":"PropertyValueSpecification","valueRequired":true,"valueName":"search_term_string"}}],"inLanguage":"en-US"},{"@type":"Organization","@id":"https:\/\/darkamazi.site\/#organization","name":"Darka Mazi T\u00fcrk\u00e7e","alternateName":"Darka Mazi","url":"https:\/\/darkamazi.site\/","logo":{"@type":"ImageObject","inLanguage":"en-US","@id":"https:\/\/darkamazi.site\/#\/schema\/logo\/image\/","url":"https:\/\/darkamazi.site\/file\/2017\/12\/darka-mazi-logo.png","contentUrl":"https:\/\/darkamazi.site\/file\/2017\/12\/darka-mazi-logo.png","width":151,"height":75,"caption":"Darka Mazi T\u00fcrk\u00e7e"},"image":{"@id":"https:\/\/darkamazi.site\/#\/schema\/logo\/image\/"},"sameAs":["https:\/\/www.facebook.com\/DarkaMaziturkce","https:\/\/x.com\/DarkaMaziTurkce"]},{"@type":"Person","@id":"https:\/\/darkamazi.site\/#\/schema\/person\/67986a95ac546c16760365877ef4a9d3","name":"darka mazi","sameAs":["https:\/\/darkamazi.site"],"url":"https:\/\/darkamazi.site\/archives\/author\/turkish"}]}},"_links":{"self":[{"href":"https:\/\/darkamazi.site\/funavuv\/wp\/v2\/posts\/1036276","targetHints":{"allow":["GET"]}}],"collection":[{"href":"https:\/\/darkamazi.site\/funavuv\/wp\/v2\/posts"}],"about":[{"href":"https:\/\/darkamazi.site\/funavuv\/wp\/v2\/types\/post"}],"author":[{"embeddable":true,"href":"https:\/\/darkamazi.site\/funavuv\/wp\/v2\/users\/2"}],"replies":[{"embeddable":true,"href":"https:\/\/darkamazi.site\/funavuv\/wp\/v2\/comments?post=1036276"}],"version-history":[{"count":0,"href":"https:\/\/darkamazi.site\/funavuv\/wp\/v2\/posts\/1036276\/revisions"}],"wp:featuredmedia":[{"embeddable":true,"href":"https:\/\/darkamazi.site\/funavuv\/wp\/v2\/media\/1036278"}],"wp:attachment":[{"href":"https:\/\/darkamazi.site\/funavuv\/wp\/v2\/media?parent=1036276"}],"wp:term":[{"taxonomy":"category","embeddable":true,"href":"https:\/\/darkamazi.site\/funavuv\/wp\/v2\/categories?post=1036276"},{"taxonomy":"post_tag","embeddable":true,"href":"https:\/\/darkamazi.site\/funavuv\/wp\/v2\/tags?post=1036276"}],"curies":[{"name":"wp","href":"https:\/\/api.w.org\/{rel}","templated":true}]}}