{"id":1036280,"date":"2026-01-22T17:04:44","date_gmt":"2026-01-22T14:04:44","guid":{"rendered":"https:\/\/darkamazi.site\/?p=1036280"},"modified":"2026-01-22T17:42:45","modified_gmt":"2026-01-22T14:42:45","slug":"baskan-barzani-kurtlerin-onurunu-korumak-icin-tum-imkanlarimizi-seferber-edecegiz","status":"publish","type":"post","link":"https:\/\/darkamazi.site\/archives\/1036280","title":{"rendered":"Ba\u015fkan Barzani: K\u00fcrtlerin onurunu korumak i\u00e7in t\u00fcm imkanlar\u0131m\u0131z\u0131 seferber edece\u011fiz"},"content":{"rendered":"<p style=\"text-align: justify\">Ba\u015fkan Mesud Barzani, \u0130talya Savunma Bakan\u0131 Guido Crosetto ile ger\u00e7ekle\u015ftirdi\u011fi kritik g\u00f6r\u00fc\u015fmenin ard\u0131ndan, Suriye\u2019deki geli\u015fmeler ve Rojava\u2019n\u0131n g\u00fcvenli\u011fine ili\u015fkin \u00f6nemli a\u00e7\u0131klamalarda bulundu.<\/p>\n<p style=\"text-align: justify\">\u0130talya heyetiyle yap\u0131lan g\u00f6r\u00fc\u015fmenin olduk\u00e7a verimli ge\u00e7ti\u011fini belirten Ba\u015fkan Barzani, uluslararas\u0131 toplumun b\u00f6lgedeki durumu anlamaya ba\u015flad\u0131\u011f\u0131n\u0131 ve temel \u00f6nceliklerinin sava\u015f\u0131n bir an \u00f6nce durdurulmas\u0131 oldu\u011funu vurgulad\u0131.<\/p>\n<p style=\"text-align: justify\">K\u00fcrtlerin yeni bir ac\u0131 ya\u015famamas\u0131 ve her t\u00fcrl\u00fc sald\u0131r\u0131dan korunmas\u0131 i\u00e7in diplomatik t\u00fcm kanallar\u0131 zorlad\u0131klar\u0131n\u0131 ifade eden Ba\u015fkan Barzani, bu s\u00fcre\u00e7te en hassas olduklar\u0131 konunun &#8220;K\u00fcrtlerin onuru&#8221; oldu\u011funu dile getirdi.<\/p>\n<p style=\"text-align: justify\">Ba\u015fkan Mesud Barzani, kendileri i\u00e7in her \u015feyden daha \u00fcst\u00fcn tutulan bu onuru muhafaza etmek ve halk\u0131n iradesini savunmak ad\u0131na ellerindeki t\u00fcm imkanlar\u0131 seferber edeceklerini kararl\u0131l\u0131kla ifade etti.<\/p>\n<p style=\"text-align: justify\">\u0130talya Savunma Bakan\u0131 Guido Crosetto ise, &#8220;Suriye&#8217;de K\u00fcrt milletine y\u00f6nelik yap\u0131lanlar kabul edilemez,&#8221; diyerek, &#8220;Daha \u00f6nce ya\u015fad\u0131klar\u0131n\u0131n tekrarlanmamas\u0131 i\u00e7in her t\u00fcrl\u00fc \u00e7abay\u0131 g\u00f6sterece\u011fiz ve kendilerine yard\u0131mc\u0131 olaca\u011f\u0131z,&#8221; ifadelerini kulland\u0131.<\/p>\n","protected":false},"excerpt":{"rendered":"<p>Ba\u015fkan Mesud Barzani, \u0130talya Savunma Bakan\u0131 Guido Crosetto ile ger\u00e7ekle\u015ftirdi\u011fi kritik g\u00f6r\u00fc\u015fmenin ard\u0131ndan, Suriye\u2019deki geli\u015fmeler ve Rojava\u2019n\u0131n g\u00fcvenli\u011fine ili\u015fkin \u00f6nemli a\u00e7\u0131klamalarda bulundu. \u0130talya heyetiyle yap\u0131lan g\u00f6r\u00fc\u015fmenin olduk\u00e7a verimli ge\u00e7ti\u011fini belirten Ba\u015fkan Barzani, uluslararas\u0131 toplumun b\u00f6lgedeki durumu anlamaya ba\u015flad\u0131\u011f\u0131n\u0131 ve temel \u00f6nceliklerinin sava\u015f\u0131n bir an \u00f6nce durdurulmas\u0131 oldu\u011funu vurgulad\u0131. K\u00fcrtlerin yeni bir ac\u0131 ya\u015famamas\u0131 ve her [&hellip;]<\/p>\n","protected":false},"author":2,"featured_media":1036282,"comment_status":"closed","ping_status":"closed","sticky":false,"template":"","format":"standard","meta":{"footnotes":""},"categories":[3],"tags":[31],"class_list":["post-1036280","post","type-post","status-publish","format-standard","has-post-thumbnail","hentry","category-kurdistan","tag-onemli"],"blocksy_meta":[],"seo_head":"<!-- This site is optimized with the Yoast SEO plugin v27.5 - https:\/\/yoast.com\/product\/yoast-seo-wordpress\/ -->\n<title>Ba\u015fkan Barzani: K\u00fcrtlerin onurunu korumak i\u00e7in t\u00fcm imkanlar\u0131m\u0131z\u0131 seferber edece\u011fiz - Darka Mazi<\/title>\n<meta name=\"robots\" content=\"index, follow, max-snippet:-1, max-image-preview:large, max-video-preview:-1\" \/>\n<link rel=\"canonical\" href=\"https:\/\/darkamazi.site\/archives\/1036280\" \/>\n<meta property=\"og:locale\" content=\"en_US\" \/>\n<meta property=\"og:type\" content=\"article\" \/>\n<meta property=\"og:title\" content=\"Ba\u015fkan Barzani: K\u00fcrtlerin onurunu korumak i\u00e7in t\u00fcm imkanlar\u0131m\u0131z\u0131 seferber edece\u011fiz - Darka Mazi\" \/>\n<meta property=\"og:description\" content=\"Ba\u015fkan Mesud Barzani, \u0130talya Savunma Bakan\u0131 Guido Crosetto ile ger\u00e7ekle\u015ftirdi\u011fi kritik g\u00f6r\u00fc\u015fmenin ard\u0131ndan, Suriye\u2019deki geli\u015fmeler ve Rojava\u2019n\u0131n g\u00fcvenli\u011fine ili\u015fkin \u00f6nemli a\u00e7\u0131klamalarda bulundu. \u0130talya heyetiyle yap\u0131lan g\u00f6r\u00fc\u015fmenin olduk\u00e7a verimli ge\u00e7ti\u011fini belirten Ba\u015fkan Barzani, uluslararas\u0131 toplumun b\u00f6lgedeki durumu anlamaya ba\u015flad\u0131\u011f\u0131n\u0131 ve temel \u00f6nceliklerinin sava\u015f\u0131n bir an \u00f6nce durdurulmas\u0131 oldu\u011funu vurgulad\u0131. K\u00fcrtlerin yeni bir ac\u0131 ya\u015famamas\u0131 ve her [&hellip;]\" \/>\n<meta property=\"og:url\" content=\"https:\/\/darkamazi.site\/archives\/1036280\" \/>\n<meta property=\"og:site_name\" content=\"Darka Mazi\" \/>\n<meta property=\"article:publisher\" content=\"https:\/\/www.facebook.com\/DarkaMaziturkce\" \/>\n<meta property=\"article:published_time\" content=\"2026-01-22T14:04:44+00:00\" \/>\n<meta property=\"article:modified_time\" content=\"2026-01-22T14:42:45+00:00\" \/>\n<meta property=\"og:image\" content=\"https:\/\/darkamazi.site\/file\/2026\/01\/Baskan-Barzani.jpg\" \/>\n\t<meta property=\"og:image:width\" content=\"752\" \/>\n\t<meta property=\"og:image:height\" content=\"472\" \/>\n\t<meta property=\"og:image:type\" content=\"image\/jpeg\" \/>\n<meta name=\"author\" content=\"darka mazi\" \/>\n<meta name=\"twitter:card\" content=\"summary_large_image\" \/>\n<meta name=\"twitter:creator\" content=\"@DarkaMaziTurkce\" \/>\n<meta name=\"twitter:site\" content=\"@DarkaMaziTurkce\" \/>\n<meta name=\"twitter:label1\" content=\"Written by\" \/>\n\t<meta name=\"twitter:data1\" content=\"darka mazi\" \/>\n\t<meta name=\"twitter:label2\" content=\"Est. reading time\" \/>\n\t<meta name=\"twitter:data2\" content=\"1 minute\" \/>\n<script type=\"application\/ld+json\" class=\"seo-schema-graph\">{\"@context\":\"https:\\\/\\\/schema.org\",\"@graph\":[{\"@type\":\"NewsArticle\",\"@id\":\"https:\\\/\\\/darkamazi.site\\\/archives\\\/1036280#article\",\"isPartOf\":{\"@id\":\"https:\\\/\\\/darkamazi.site\\\/archives\\\/1036280\"},\"author\":{\"name\":\"darka mazi\",\"@id\":\"https:\\\/\\\/darkamazi.site\\\/#\\\/schema\\\/person\\\/67986a95ac546c16760365877ef4a9d3\"},\"headline\":\"Ba\u015fkan Barzani: K\u00fcrtlerin onurunu korumak i\u00e7in t\u00fcm imkanlar\u0131m\u0131z\u0131 seferber edece\u011fiz\",\"datePublished\":\"2026-01-22T14:04:44+00:00\",\"dateModified\":\"2026-01-22T14:42:45+00:00\",\"mainEntityOfPage\":{\"@id\":\"https:\\\/\\\/darkamazi.site\\\/archives\\\/1036280\"},\"wordCount\":214,\"publisher\":{\"@id\":\"https:\\\/\\\/darkamazi.site\\\/#organization\"},\"image\":{\"@id\":\"https:\\\/\\\/darkamazi.site\\\/archives\\\/1036280#primaryimage\"},\"thumbnailUrl\":\"https:\\\/\\\/darkamazi.site\\\/darka-content\\\/uploads\\\/2026\\\/01\\\/Baskan-Barzani.jpg\",\"keywords\":[\"\u00f6nemli\"],\"articleSection\":[\"Kurdistan\"],\"inLanguage\":\"en-US\"},{\"@type\":\"WebPage\",\"@id\":\"https:\\\/\\\/darkamazi.site\\\/archives\\\/1036280\",\"url\":\"https:\\\/\\\/darkamazi.site\\\/archives\\\/1036280\",\"name\":\"Ba\u015fkan Barzani: K\u00fcrtlerin onurunu korumak i\u00e7in t\u00fcm imkanlar\u0131m\u0131z\u0131 seferber edece\u011fiz - Darka Mazi\",\"isPartOf\":{\"@id\":\"https:\\\/\\\/darkamazi.site\\\/#website\"},\"primaryImageOfPage\":{\"@id\":\"https:\\\/\\\/darkamazi.site\\\/archives\\\/1036280#primaryimage\"},\"image\":{\"@id\":\"https:\\\/\\\/darkamazi.site\\\/archives\\\/1036280#primaryimage\"},\"thumbnailUrl\":\"https:\\\/\\\/darkamazi.site\\\/darka-content\\\/uploads\\\/2026\\\/01\\\/Baskan-Barzani.jpg\",\"datePublished\":\"2026-01-22T14:04:44+00:00\",\"dateModified\":\"2026-01-22T14:42:45+00:00\",\"breadcrumb\":{\"@id\":\"https:\\\/\\\/darkamazi.site\\\/archives\\\/1036280#breadcrumb\"},\"inLanguage\":\"en-US\",\"potentialAction\":[{\"@type\":\"ReadAction\",\"target\":[\"https:\\\/\\\/darkamazi.site\\\/archives\\\/1036280\"]}]},{\"@type\":\"ImageObject\",\"inLanguage\":\"en-US\",\"@id\":\"https:\\\/\\\/darkamazi.site\\\/archives\\\/1036280#primaryimage\",\"url\":\"https:\\\/\\\/darkamazi.site\\\/darka-content\\\/uploads\\\/2026\\\/01\\\/Baskan-Barzani.jpg\",\"contentUrl\":\"https:\\\/\\\/darkamazi.site\\\/darka-content\\\/uploads\\\/2026\\\/01\\\/Baskan-Barzani.jpg\",\"width\":752,\"height\":472,\"caption\":\"Ba\u015fkan Barzani: K\u00fcrtlerin onurunu korumak i\u00e7in t\u00fcm imkanlar\u0131m\u0131z\u0131 seferber edece\u011fiz\"},{\"@type\":\"BreadcrumbList\",\"@id\":\"https:\\\/\\\/darkamazi.site\\\/archives\\\/1036280#breadcrumb\",\"itemListElement\":[{\"@type\":\"ListItem\",\"position\":1,\"name\":\"Home\",\"item\":\"https:\\\/\\\/darkamazi.site\\\/\"},{\"@type\":\"ListItem\",\"position\":2,\"name\":\"Ba\u015fkan Barzani: K\u00fcrtlerin onurunu korumak i\u00e7in t\u00fcm imkanlar\u0131m\u0131z\u0131 seferber edece\u011fiz\"}]},{\"@type\":\"WebSite\",\"@id\":\"https:\\\/\\\/darkamazi.site\\\/#website\",\"url\":\"https:\\\/\\\/darkamazi.site\\\/\",\"name\":\"Darka Mazi\",\"description\":\"Ana Sayfa\",\"publisher\":{\"@id\":\"https:\\\/\\\/darkamazi.site\\\/#organization\"},\"potentialAction\":[{\"@type\":\"SearchAction\",\"target\":{\"@type\":\"EntryPoint\",\"urlTemplate\":\"https:\\\/\\\/darkamazi.site\\\/?s={search_term_string}\"},\"query-input\":{\"@type\":\"PropertyValueSpecification\",\"valueRequired\":true,\"valueName\":\"search_term_string\"}}],\"inLanguage\":\"en-US\"},{\"@type\":\"Organization\",\"@id\":\"https:\\\/\\\/darkamazi.site\\\/#organization\",\"name\":\"Darka Mazi T\u00fcrk\u00e7e\",\"alternateName\":\"Darka Mazi\",\"url\":\"https:\\\/\\\/darkamazi.site\\\/\",\"logo\":{\"@type\":\"ImageObject\",\"inLanguage\":\"en-US\",\"@id\":\"https:\\\/\\\/darkamazi.site\\\/#\\\/schema\\\/logo\\\/image\\\/\",\"url\":\"https:\\\/\\\/darkamazi.site\\\/darka-content\\\/uploads\\\/2017\\\/12\\\/darka-mazi-logo.png\",\"contentUrl\":\"https:\\\/\\\/darkamazi.site\\\/darka-content\\\/uploads\\\/2017\\\/12\\\/darka-mazi-logo.png\",\"width\":151,\"height\":75,\"caption\":\"Darka Mazi T\u00fcrk\u00e7e\"},\"image\":{\"@id\":\"https:\\\/\\\/darkamazi.site\\\/#\\\/schema\\\/logo\\\/image\\\/\"},\"sameAs\":[\"https:\\\/\\\/www.facebook.com\\\/DarkaMaziturkce\",\"https:\\\/\\\/x.com\\\/DarkaMaziTurkce\"]},{\"@type\":\"Person\",\"@id\":\"https:\\\/\\\/darkamazi.site\\\/#\\\/schema\\\/person\\\/67986a95ac546c16760365877ef4a9d3\",\"name\":\"darka mazi\",\"sameAs\":[\"https:\\\/\\\/darkamazi.site\"],\"url\":\"https:\\\/\\\/darkamazi.site\\\/archives\\\/author\\\/turkish\"}]}<\/script>\n<!-- \/ Yoast SEO plugin. -->","seo_head_json":{"title":"Ba\u015fkan Barzani: K\u00fcrtlerin onurunu korumak i\u00e7in t\u00fcm imkanlar\u0131m\u0131z\u0131 seferber edece\u011fiz - Darka Mazi","robots":{"index":"index","follow":"follow","max-snippet":"max-snippet:-1","max-image-preview":"max-image-preview:large","max-video-preview":"max-video-preview:-1"},"canonical":"https:\/\/darkamazi.site\/archives\/1036280","og_locale":"en_US","og_type":"article","og_title":"Ba\u015fkan Barzani: K\u00fcrtlerin onurunu korumak i\u00e7in t\u00fcm imkanlar\u0131m\u0131z\u0131 seferber edece\u011fiz - Darka Mazi","og_description":"Ba\u015fkan Mesud Barzani, \u0130talya Savunma Bakan\u0131 Guido Crosetto ile ger\u00e7ekle\u015ftirdi\u011fi kritik g\u00f6r\u00fc\u015fmenin ard\u0131ndan, Suriye\u2019deki geli\u015fmeler ve Rojava\u2019n\u0131n g\u00fcvenli\u011fine ili\u015fkin \u00f6nemli a\u00e7\u0131klamalarda bulundu. \u0130talya heyetiyle yap\u0131lan g\u00f6r\u00fc\u015fmenin olduk\u00e7a verimli ge\u00e7ti\u011fini belirten Ba\u015fkan Barzani, uluslararas\u0131 toplumun b\u00f6lgedeki durumu anlamaya ba\u015flad\u0131\u011f\u0131n\u0131 ve temel \u00f6nceliklerinin sava\u015f\u0131n bir an \u00f6nce durdurulmas\u0131 oldu\u011funu vurgulad\u0131. K\u00fcrtlerin yeni bir ac\u0131 ya\u015famamas\u0131 ve her [&hellip;]","og_url":"https:\/\/darkamazi.site\/archives\/1036280","og_site_name":"Darka Mazi","article_publisher":"https:\/\/www.facebook.com\/DarkaMaziturkce","article_published_time":"2026-01-22T14:04:44+00:00","article_modified_time":"2026-01-22T14:42:45+00:00","og_image":[{"width":752,"height":472,"url":"https:\/\/darkamazi.site\/file\/2026\/01\/Baskan-Barzani.jpg","type":"image\/jpeg"}],"author":"darka mazi","twitter_card":"summary_large_image","twitter_creator":"@DarkaMaziTurkce","twitter_site":"@DarkaMaziTurkce","twitter_misc":{"Written by":"darka mazi","Est. reading time":"1 minute"},"schema":{"@context":"https:\/\/schema.org","@graph":[{"@type":"NewsArticle","@id":"https:\/\/darkamazi.site\/archives\/1036280#article","isPartOf":{"@id":"https:\/\/darkamazi.site\/archives\/1036280"},"author":{"name":"darka mazi","@id":"https:\/\/darkamazi.site\/#\/schema\/person\/67986a95ac546c16760365877ef4a9d3"},"headline":"Ba\u015fkan Barzani: K\u00fcrtlerin onurunu korumak i\u00e7in t\u00fcm imkanlar\u0131m\u0131z\u0131 seferber edece\u011fiz","datePublished":"2026-01-22T14:04:44+00:00","dateModified":"2026-01-22T14:42:45+00:00","mainEntityOfPage":{"@id":"https:\/\/darkamazi.site\/archives\/1036280"},"wordCount":214,"publisher":{"@id":"https:\/\/darkamazi.site\/#organization"},"image":{"@id":"https:\/\/darkamazi.site\/archives\/1036280#primaryimage"},"thumbnailUrl":"https:\/\/darkamazi.site\/file\/2026\/01\/Baskan-Barzani.jpg","keywords":["\u00f6nemli"],"articleSection":["Kurdistan"],"inLanguage":"en-US"},{"@type":"WebPage","@id":"https:\/\/darkamazi.site\/archives\/1036280","url":"https:\/\/darkamazi.site\/archives\/1036280","name":"Ba\u015fkan Barzani: K\u00fcrtlerin onurunu korumak i\u00e7in t\u00fcm imkanlar\u0131m\u0131z\u0131 seferber edece\u011fiz - Darka Mazi","isPartOf":{"@id":"https:\/\/darkamazi.site\/#website"},"primaryImageOfPage":{"@id":"https:\/\/darkamazi.site\/archives\/1036280#primaryimage"},"image":{"@id":"https:\/\/darkamazi.site\/archives\/1036280#primaryimage"},"thumbnailUrl":"https:\/\/darkamazi.site\/file\/2026\/01\/Baskan-Barzani.jpg","datePublished":"2026-01-22T14:04:44+00:00","dateModified":"2026-01-22T14:42:45+00:00","breadcrumb":{"@id":"https:\/\/darkamazi.site\/archives\/1036280#breadcrumb"},"inLanguage":"en-US","potentialAction":[{"@type":"ReadAction","target":["https:\/\/darkamazi.site\/archives\/1036280"]}]},{"@type":"ImageObject","inLanguage":"en-US","@id":"https:\/\/darkamazi.site\/archives\/1036280#primaryimage","url":"https:\/\/darkamazi.site\/file\/2026\/01\/Baskan-Barzani.jpg","contentUrl":"https:\/\/darkamazi.site\/file\/2026\/01\/Baskan-Barzani.jpg","width":752,"height":472,"caption":"Ba\u015fkan Barzani: K\u00fcrtlerin onurunu korumak i\u00e7in t\u00fcm imkanlar\u0131m\u0131z\u0131 seferber edece\u011fiz"},{"@type":"BreadcrumbList","@id":"https:\/\/darkamazi.site\/archives\/1036280#breadcrumb","itemListElement":[{"@type":"ListItem","position":1,"name":"Home","item":"https:\/\/darkamazi.site\/"},{"@type":"ListItem","position":2,"name":"Ba\u015fkan Barzani: K\u00fcrtlerin onurunu korumak i\u00e7in t\u00fcm imkanlar\u0131m\u0131z\u0131 seferber edece\u011fiz"}]},{"@type":"WebSite","@id":"https:\/\/darkamazi.site\/#website","url":"https:\/\/darkamazi.site\/","name":"Darka Mazi","description":"Ana Sayfa","publisher":{"@id":"https:\/\/darkamazi.site\/#organization"},"potentialAction":[{"@type":"SearchAction","target":{"@type":"EntryPoint","urlTemplate":"https:\/\/darkamazi.site\/?s={search_term_string}"},"query-input":{"@type":"PropertyValueSpecification","valueRequired":true,"valueName":"search_term_string"}}],"inLanguage":"en-US"},{"@type":"Organization","@id":"https:\/\/darkamazi.site\/#organization","name":"Darka Mazi T\u00fcrk\u00e7e","alternateName":"Darka Mazi","url":"https:\/\/darkamazi.site\/","logo":{"@type":"ImageObject","inLanguage":"en-US","@id":"https:\/\/darkamazi.site\/#\/schema\/logo\/image\/","url":"https:\/\/darkamazi.site\/file\/2017\/12\/darka-mazi-logo.png","contentUrl":"https:\/\/darkamazi.site\/file\/2017\/12\/darka-mazi-logo.png","width":151,"height":75,"caption":"Darka Mazi T\u00fcrk\u00e7e"},"image":{"@id":"https:\/\/darkamazi.site\/#\/schema\/logo\/image\/"},"sameAs":["https:\/\/www.facebook.com\/DarkaMaziturkce","https:\/\/x.com\/DarkaMaziTurkce"]},{"@type":"Person","@id":"https:\/\/darkamazi.site\/#\/schema\/person\/67986a95ac546c16760365877ef4a9d3","name":"darka mazi","sameAs":["https:\/\/darkamazi.site"],"url":"https:\/\/darkamazi.site\/archives\/author\/turkish"}]}},"_links":{"self":[{"href":"https:\/\/darkamazi.site\/funavuv\/wp\/v2\/posts\/1036280","targetHints":{"allow":["GET"]}}],"collection":[{"href":"https:\/\/darkamazi.site\/funavuv\/wp\/v2\/posts"}],"about":[{"href":"https:\/\/darkamazi.site\/funavuv\/wp\/v2\/types\/post"}],"author":[{"embeddable":true,"href":"https:\/\/darkamazi.site\/funavuv\/wp\/v2\/users\/2"}],"replies":[{"embeddable":true,"href":"https:\/\/darkamazi.site\/funavuv\/wp\/v2\/comments?post=1036280"}],"version-history":[{"count":0,"href":"https:\/\/darkamazi.site\/funavuv\/wp\/v2\/posts\/1036280\/revisions"}],"wp:featuredmedia":[{"embeddable":true,"href":"https:\/\/darkamazi.site\/funavuv\/wp\/v2\/media\/1036282"}],"wp:attachment":[{"href":"https:\/\/darkamazi.site\/funavuv\/wp\/v2\/media?parent=1036280"}],"wp:term":[{"taxonomy":"category","embeddable":true,"href":"https:\/\/darkamazi.site\/funavuv\/wp\/v2\/categories?post=1036280"},{"taxonomy":"post_tag","embeddable":true,"href":"https:\/\/darkamazi.site\/funavuv\/wp\/v2\/tags?post=1036280"}],"curies":[{"name":"wp","href":"https:\/\/api.w.org\/{rel}","templated":true}]}}