{"id":1036285,"date":"2026-01-22T17:39:30","date_gmt":"2026-01-22T14:39:30","guid":{"rendered":"https:\/\/darkamazi.site\/?p=1036285"},"modified":"2026-01-22T17:41:34","modified_gmt":"2026-01-22T14:41:34","slug":"rojavada-kurdler-kiskacta-sorumlu-sizsiniz","status":"publish","type":"post","link":"https:\/\/darkamazi.site\/archives\/1036285","title":{"rendered":"Rojava\u2019da K\u00fcrdler K\u0131ska\u00e7ta Sorumlu Sizsiniz!"},"content":{"rendered":"<p style=\"text-align: justify\">Son g\u00fcnlerde Rojava&#8217;da ya\u015fanan yo\u011fun \u00e7at\u0131\u015fmalar, gelgitler ve sivil K\u00fcrdlerin gerici \u00e7eteler taraf\u0131ndan sald\u0131r\u0131ya u\u011framalar\u0131, katledilmeleri, nas\u0131l ve neden bu noktaya gelindi sorular\u0131n\u0131 gerekli k\u0131l\u0131yor&#8230;<\/p>\n<p style=\"text-align: justify\">Ba\u015fta PKK olmak \u00fczere Kuzey K\u00fcrdistan politik \u00e7evrelerinin ho\u015flanmad\u0131\u011f\u0131, istemedi\u011fi bu y\u00fczle\u015fmeyi yaparak, ya\u015fananlardan kimlerin sorumlu oldu\u011fu ortaya konulmal\u0131d\u0131r. Konulmal\u0131 ki, hem ya\u015fad\u0131\u011f\u0131m\u0131z trajedileri anlayal\u0131m hem de yeni trajedilerin \u00f6n\u00fcn\u00fc kesebilelim&#8230;<\/p>\n<p style=\"text-align: justify\">2010&#8217;lu y\u0131llarda &#8216;Arap Bahar\u0131&#8217; ile ba\u015flayan Ortado\u011fu&#8217;daki hareketlilik, ayn\u0131 zamanda de\u011fi\u015fimin y\u00f6n\u00fcn\u00fc de \u00e7ok net g\u00f6steriyordu ve K\u00fcrdler a\u00e7\u0131s\u0131ndan yap\u0131labilecek tek \u015fey de\u011fi\u015fimden yana tutum almakt\u0131. K\u00fcrdler de\u011fi\u015fimden yana tav\u0131r almakla;<\/p>\n<p style=\"text-align: justify\">De\u011fi\u015fimden yana olan uluslararas\u0131 g\u00fc\u00e7lerin politik deste\u011fini alacaklard\u0131 ve Suriye\u2019de siyasetin yeniden \u015fekillenmesinde s\u00f6z sahibi olacaklard\u0131; t\u0131pk\u0131 K\u00fcrdistan\u2019\u0131n G\u00fcney&#8217;inde oldu\u011fu gibi&#8230;<\/p>\n<p style=\"text-align: justify\">Esad&#8217;\u0131n olas\u0131 sald\u0131r\u0131lar\u0131, \u00f6zellikle de hava sald\u0131r\u0131lar\u0131 kar\u015f\u0131s\u0131nda uluslararas\u0131 g\u00fc\u00e7lerin direkt m\u00fcdahale etmesi s\u00f6z konusu olacakt\u0131 ve &#8220;u\u00e7u\u015fa yasak b\u00f6lge&#8221; gibi \u00f6nlemlerle G\u00fcneybat\u0131 K\u00fcrdistan fiili olarak devletle\u015fecekti; t\u0131pk\u0131 G\u00fcney K\u00fcrdistan gibi\u2026<\/p>\n<p style=\"text-align: justify\">Esad&#8217;\u0131n devrilmesi halinde de K\u00fcrdler muhalefetin en \u00f6nemli bile\u015fenlerinden biri olarak hem Suriye genel politikas\u0131nda hem de G\u00fcneybat\u0131 K\u00fcrdistan&#8217;da \u00e7ok \u00f6nemli kazan\u0131mla elde edeceklerdi; t\u0131pk\u0131 K\u00fcrdistan&#8217;\u0131n G\u00fcney&#8217;inde oldu\u011fu gibi\u2026<\/p>\n<p style=\"text-align: justify\">Sonu\u00e7 olarak K\u00fcrdler, de\u011fi\u015fimden yana tutum almakla her ko\u015fulda kazanacaklard\u0131\u2026<\/p>\n<p style=\"text-align: justify\">PKK&#8217;nin Devreye Sokulmas\u0131<\/p>\n<p style=\"text-align: justify\">K\u00fcrdlerin olas\u0131 kazan\u0131mlar\u0131n\u0131n \u00f6n\u00fcn\u00fc kesmek i\u00e7in s\u00f6m\u00fcrgeci devletler her zamanki gibi ta\u015feron PKK&#8217;yi devreye soktu ve K\u00fcrdlerin t\u00fcm avantajlar\u0131n\u0131 ortadan kald\u0131rd\u0131\u2026<\/p>\n<p style=\"text-align: justify\">PKK, Esad ile anla\u015farak G\u00fcneybat\u0131 K\u00fcrdistan&#8217;\u0131n denetimini rejim ad\u0131na \u00fcstlendi\u2026<\/p>\n<p style=\"text-align: justify\">T\u00fcrkiye ve Kuzey K\u00fcrdistan politik yap\u0131lar\u0131n\u0131n hemen hemen hepsi, K\u00fcrdlerin \u00f6zg\u00fcrl\u00fc\u011f\u00fcnden dem vurmaya ba\u015flad\u0131 ve her g\u00fcn PYD&#8217;nin elde etti\u011fi &#8220;zaferleri&#8221; man\u015fetlere ta\u015f\u0131d\u0131lar. Oysa ortada sava\u015f ve zafer yoktu! PYD, Esad g\u00fc\u00e7lerinin bo\u015faltt\u0131\u011f\u0131 alanlara yine Esad ad\u0131na el koymu\u015ftu ve bu denetimin tek nedeni K\u00fcrdlerin olas\u0131 ulusal kazan\u0131mlar\u0131n\u0131 engellemekti. Esad askeri g\u00fc\u00e7lerini \u00e7ekerken, \u0130stihbarat \u00f6rg\u00fctlerini ve devletin en \u00f6nemli kurumlar\u0131n\u0131 yerli yerinde b\u0131rakm\u0131\u015ft\u0131 ve g\u00fcvenli\u011fini de PKK\/PYD \u00fcstlenmi\u015fti\u2026<\/p>\n<p style=\"text-align: justify\">&#8220;Rojava devrimi&#8221; gibi sloganlar at\u0131l\u0131rken ve PKK kutsan\u0131rken, bunun bir yan\u0131lsama oldu\u011funu \u0131srarla vurgulad\u0131k ve ortada bir kazan\u0131m olmad\u0131\u011f\u0131n\u0131, var olan kazan\u0131mlar\u0131n da PKK vas\u0131tas\u0131yla yok edildi\u011fini\/edilece\u011fini s\u00f6yledik\u2026<\/p>\n<p style=\"text-align: justify\">Hi\u00e7bir d\u00fc\u015fman\u0131n yapamayaca\u011f\u0131n\u0131 PKK K\u00fcrdler yapt\u0131; t\u0131pk\u0131 Kuzey&#8217;de yapt\u0131\u011f\u0131 gibi\u2026<\/p>\n<p style=\"text-align: justify\">Uluslar aras\u0131 egemen g\u00fc\u00e7ler taraf\u0131ndan Suriye&#8217;de y\u00f6netime ta\u015f\u0131nan I\u015e\u0130D art\u0131\u011f\u0131 \u00e7etelerin Orta\u00e7a\u011f\u0131 aratmayan vah\u015fetlerine maruz kalan Rojava K\u00fcrdlerinin neden bu \u00e7aresizli\u011fi ya\u015fad\u0131\u011f\u0131n\u0131 anlamak i\u00e7in son y\u0131llarda ya\u015fananlara k\u0131saca bakmak gerekiyor&#8230;<\/p>\n<p style=\"text-align: justify\">PKK\/PYD, Esad ile geli\u015ftirdi\u011fi karanl\u0131k ili\u015fki ile bu g\u00fcn\u00fc haz\u0131rlayan ba\u015f akt\u00f6rd\u00fcr ku\u015fkusuz.<\/p>\n<p style=\"text-align: justify\">PKK politikalar\u0131n\u0131n esiri olan Kuzey K\u00fcrdistan politik yap\u0131lar\u0131 da ya\u015fananlarda b\u00fcy\u00fck pay sahibidirler&#8230;<\/p>\n<p style=\"text-align: justify\">Ba\u015f\u0131ndan beri Rojava\u2019da ya\u015fanan ger\u00e7ekli\u011fi dile getirip, yarat\u0131lan yan\u0131lsamaya dikkat \u00e7ektik ve\u00a0 s\u00fcrekli kayg\u0131lar\u0131m\u0131z\u0131 K\u00fcrdistan kamuoyuyla payla\u015ft\u0131k. Buna kar\u015f\u0131n PKK ve kuyruk\u00e7ular\u0131 &#8216;silahs\u0131z, sava\u015fs\u0131z Bat\u0131 K\u00fcrdistan&#8217;\u0131 \u00f6zg\u00fcrle\u015ftirdik&#8217; yalan\u0131n\u0131 uydurarak\u00a0 defalarca olmayan \u00f6zg\u00fcrl\u00fc\u011f\u00fc kutlad\u0131lar&#8230;<\/p>\n<p style=\"text-align: justify\">&#8220;\u00d6zg\u00fcrle\u015ftirdik&#8221; dedikleri G\u00fcneybat\u0131 (Rojava) K\u00fcrdistan&#8217;da Baas rejiminin t\u00fcm kurumlar\u0131 varl\u0131\u011f\u0131n\u0131 koruyordu ve PYD de bu kurumlar\u0131n bek\u00e7ili\u011fini yap\u0131yordu&#8230;<\/p>\n<p style=\"text-align: justify\">PKK ve yaranmac\u0131lar\u0131 &#8220;birlik&#8221; ve &#8220;\u00f6zg\u00fcrl\u00fck&#8221; naralar\u0131 at\u0131p halk\u0131 yan\u0131lt\u0131rken, bu yan\u0131lsaman\u0131n K\u00fcrdlere pahal\u0131ya mal olaca\u011f\u0131 uyar\u0131lar\u0131n\u0131 yapt\u0131k her zaman. Gelinen a\u015famada herkes &#8220;\u00f6zg\u00fcrle\u015ftirildi&#8221; sand\u0131\u011f\u0131 G\u00fcneybat\u0131 K\u00fcrdistan&#8217;\u0131n K\u00fcrdlere mezar oldu\u011funu g\u00f6r\u00fcyor ama &#8220;hani \u00f6zg\u00fcrle\u015ftirilmi\u015fti&#8221; sorusunu sorma ve halk\u0131 kand\u0131ranlardan hesap sorma gere\u011fi duymuyor&#8230;<\/p>\n<p style=\"text-align: justify\">G\u00fcnl\u00fck politikalar\u0131n esiri olan ve ger\u00e7e\u011fi g\u00f6rmemek i\u00e7in \u00f6zel bir \u00e7aba sarf ederek egemen anlay\u0131\u015f\u0131n politikalar\u0131na alet olanlar\u0131 ger\u00e7ekle y\u00fczle\u015ftirme sorumlulu\u011fu yine bizim gibilere kalm\u0131\u015f durumda&#8230;<\/p>\n<p style=\"text-align: justify\">Y\u0131llard\u0131r yapt\u0131\u011f\u0131m\u0131z de\u011ferlendirmelerde, Politik \u00e7evreleri ger\u00e7eklerle y\u00fczle\u015fmeye ve ya\u015fanabilecek tahribatlara daha fazla seyirci kalmamalar\u0131 i\u00e7in uyarmaya \u00e7al\u0131\u015fm\u0131\u015ft\u0131k. Ne yaz\u0131k ki hi\u00e7bir \u015fey olmam\u0131\u015f gibi &#8220;zafer&#8221; ve &#8220;birlik&#8221; naralar\u0131 atmaya devam ettiler. Dahas\u0131 bizim bu ger\u00e7ek\u00e7i ve olmas\u0131 gereken tutumumuzu etkisiz k\u0131lmak i\u00e7in her t\u00fcrl\u00fc yalana\/iftiraya ba\u015fvurmaktan da geri kalmad\u0131lar&#8230;<\/p>\n<p style=\"text-align: justify\">K\u0131sa, net baz\u0131 ger\u00e7ekleri tekrar hat\u0131rlatmakta yarar var\u2026<\/p>\n<p style=\"text-align: justify\">PYD, Baas rejimini korumak ve K\u00fcrdlerin ulusal haklar\u0131n\u0131 engellemek i\u00e7in kurduruldu; piyasaya s\u00fcr\u00fcld\u00fc&#8230;<\/p>\n<p style=\"text-align: justify\">PKK\/PYD, Esad ile anla\u015farak G\u00fcneybat\u0131 K\u00fcrdistan\u2019da K\u00fcrdler \u00fczerinde denetim kurdu ve yalan bir &#8220;\u00f6zg\u00fcrle\u015fme&#8221; hikayesini uydurdu&#8230;<\/p>\n<p style=\"text-align: justify\">PYD, G\u00fcneybat\u0131 K\u00fcrdistan&#8217;da Baas rejiminin k\u00f6y kuruculu\u011funu yaparak K\u00fcrdlere (adam ka\u00e7\u0131rma, katletme, h\u0131rs\u0131zl\u0131k, \u00e7etecilik dahil) her t\u00fcrl\u00fc bask\u0131y\u0131 yapt\u0131&#8230;<\/p>\n<p style=\"text-align: justify\">\u00d6calan-M\u0130T anla\u015fmas\u0131yla PYD ikili oynamaya ba\u015flad\u0131 ve BAAS ile TC aras\u0131nda s\u0131k\u0131\u015ft\u0131; hem Baas hem de TC destekli \u00e7etelerin sald\u0131r\u0131na maruz b\u0131rakt\u0131 K\u00fcrdleri&#8230;<\/p>\n<p style=\"text-align: justify\">PYD, Esad ile i\u015fbirli\u011fi yapmakla Muhaliflerin; TC ile yak\u0131nla\u015farak da rejim yanl\u0131lar\u0131n\u0131n hedefi yapt\u0131 K\u00fcrdleri&#8230;<\/p>\n<p style=\"text-align: justify\">Kuzey K\u00fcrdistan&#8217;da ya\u015fanan\/ya\u015fat\u0131lan bunca tahribattan sonra Misak-\u0131 Milli\u2019de karar k\u0131lan PKK gibi, PYD de G\u00fcneybat\u0131 K\u00fcrdistan&#8217;\u0131 tahrip ettikten sonra s\u00f6m\u00fcrgeci devletlerden birine pe\u015fke\u015f \u00e7ekecekti; en az\u0131ndan amac\u0131 buydu&#8230;<\/p>\n<p style=\"text-align: justify\">Kuzey&#8217;de \u00d6calan gibi bir i\u015fbirlik\u00e7iyi &#8220;K\u00fcrdlerin kaderiyle&#8221; oynayacak konuma getirenler, Rojava&#8217;da da M\u00fcslim gibilerini K\u00fcrdlerin ba\u015f\u0131na bela ettiler&#8230;<\/p>\n<p style=\"text-align: justify\">Sonu\u00e7 olarak; D\u00fcne kadar &#8220;Rojava \u00d6zg\u00fcrle\u015fti&#8221; deyip PKK\/PYD&#8217;nin ekme\u011fine ya\u011f s\u00fcrenler ve yalanlar\u0131n\u0131 me\u015frula\u015ft\u0131ranlar, bu g\u00fcn de duygu s\u00f6m\u00fcr\u00fcs\u00fc yaparak &#8220;diren Rojava&#8221;, &#8220;Rojava K\u00fcrdlerin namusudur&#8221; gibi sloganlarla ger\u00e7ekli\u011fin g\u00f6r\u00fclmesine engel olarak s\u00f6m\u00fcrgecilerin ve ta\u015feronlar\u0131n\u0131n politikalar\u0131na hizmet ediyorlar&#8230;<\/p>\n<p style=\"text-align: justify\">Onurluysan\u0131z, duyarl\u0131ysan\u0131z ve samimiyseniz; Rojava&#8217;da ba\u011f\u0131ms\u0131zl\u0131k veya en az\u0131ndan federasyon i\u00e7in bask\u0131 yapmal\u0131s\u0131n\u0131z \u00f6nce. Federasyona kar\u015f\u0131 \u00e7\u0131kan PYD&#8217;yi ulusal haklara ve farkl\u0131 K\u00fcrdistani olu\u015fumlara sayg\u0131 g\u00f6stermesini istersiniz&#8230;<\/p>\n<p style=\"text-align: justify\">PYD, ba\u011f\u0131ms\u0131zl\u0131k veya federasyon karar\u0131 almadan;<\/p>\n<p style=\"text-align: justify\">Ortak amaca sahip olan di\u011fer K\u00fcrdlere y\u00f6nelik bask\u0131lara son verip ortak hareket etmeden;<\/p>\n<p style=\"text-align: justify\">Sava\u015f\u0131n faturas\u0131n\u0131 t\u00fcm K\u00fcrdlere \u00f6detirken, tek ses, tek g\u00fc\u00e7 olma hevesinden vaz ge\u00e7meden;<\/p>\n<p style=\"text-align: justify\">\u0130\u015fgalci devletlerin istihbarat \u00f6rg\u00fctlerinin denetiminden \u00e7\u0131kmadan, Rojava &#8220;duyarl\u0131l\u0131\u011f\u0131n\u0131z&#8221; sadece PYD, dolay\u0131s\u0131yla s\u00f6m\u00fcrgeci devletlerin politikalar\u0131na hizmetten \u00f6teye ge\u00e7meyecektir&#8230;<\/p>\n<p style=\"text-align: justify\">Sizler halk\u0131 uyutmaya ve yan\u0131lsamal\u0131 &#8220;bar\u0131\u015flar, zaferler, \u00f6zg\u00fcrl\u00fckler&#8221; ile avutmaya devem etti\u011finiz s\u00fcrece, bizler de ulusal duyarl\u0131klar\u0131 merkeze alan ger\u00e7ek\u00e7i ve maske d\u00fc\u015f\u00fcr\u00fcc\u00fc tutumumuza devam edece\u011fiz&#8230;<\/p>\n<p style=\"text-align: justify\">T\u00fcrkiye&#8217;de, \u00d6calan-M\u0130T mutabakat\u0131na sad\u0131k kal\u0131yorsunuz; Rojava&#8217;da T\u00fcrkiye&#8217;nin destekledi\u011fi \u00e7etelerden yak\u0131n\u0131yorsunuz!<\/p>\n<p style=\"text-align: justify\">Bu \u00e7eli\u015fkiniz, tutars\u0131zl\u0131\u011f\u0131n\u0131z tek ba\u015f\u0131na bir\u00e7ok \u015feyi a\u00e7\u0131klamaya yetiyor asl\u0131nda&#8230;<\/p>\n<p style=\"text-align: justify\">Kuzey&#8217;deki t\u00fcm tahribatlardan sonra &#8220;Misak-\u0131 Milli&#8221; de karar k\u0131lmas\u0131na ra\u011fmen tepki almayan PKK, G\u00fcneybat\u0131 K\u00fcrdistan&#8217;da da ayn\u0131 ihaneti hayata ge\u00e7irirken K\u00fcrd politik \u00e7evrelerinin deste\u011fini ve alk\u0131\u015f\u0131n\u0131 da ald\u0131.<\/p>\n<p style=\"text-align: justify\">Suriye&#8217;de ve G\u00fcneybat\u0131 K\u00fcrdistan&#8217;da ya\u015fanan kaosun, belirsizli\u011fin sorumlular\u0131, PKK politikalar\u0131na ko\u015fulsuz destek veren K\u00fcrd politik \u00e7evreleridir.<\/p>\n<p style=\"text-align: justify\">S\u00fcleyman Akkoyun<\/p>\n","protected":false},"excerpt":{"rendered":"<p>Son g\u00fcnlerde Rojava&#8217;da ya\u015fanan yo\u011fun \u00e7at\u0131\u015fmalar, gelgitler ve sivil K\u00fcrdlerin gerici \u00e7eteler taraf\u0131ndan sald\u0131r\u0131ya u\u011framalar\u0131, katledilmeleri, nas\u0131l ve neden bu noktaya gelindi sorular\u0131n\u0131 gerekli k\u0131l\u0131yor&#8230; Ba\u015fta PKK olmak \u00fczere Kuzey K\u00fcrdistan politik \u00e7evrelerinin ho\u015flanmad\u0131\u011f\u0131, istemedi\u011fi bu y\u00fczle\u015fmeyi yaparak, ya\u015fananlardan kimlerin sorumlu oldu\u011fu ortaya konulmal\u0131d\u0131r. Konulmal\u0131 ki, hem ya\u015fad\u0131\u011f\u0131m\u0131z trajedileri anlayal\u0131m hem de yeni trajedilerin \u00f6n\u00fcn\u00fc [&hellip;]<\/p>\n","protected":false},"author":2,"featured_media":1036286,"comment_status":"closed","ping_status":"closed","sticky":false,"template":"","format":"standard","meta":{"footnotes":""},"categories":[26],"tags":[31],"class_list":["post-1036285","post","type-post","status-publish","format-standard","has-post-thumbnail","hentry","category-forum","tag-onemli"],"blocksy_meta":[],"seo_head":"<!-- This site is optimized with the Yoast SEO plugin v27.5 - https:\/\/yoast.com\/product\/yoast-seo-wordpress\/ -->\n<title>Rojava\u2019da K\u00fcrdler K\u0131ska\u00e7ta Sorumlu Sizsiniz! - Darka Mazi<\/title>\n<meta name=\"robots\" content=\"index, follow, max-snippet:-1, max-image-preview:large, max-video-preview:-1\" \/>\n<link rel=\"canonical\" href=\"https:\/\/darkamazi.site\/archives\/1036285\" \/>\n<meta property=\"og:locale\" content=\"en_US\" \/>\n<meta property=\"og:type\" content=\"article\" \/>\n<meta property=\"og:title\" content=\"Rojava\u2019da K\u00fcrdler K\u0131ska\u00e7ta Sorumlu Sizsiniz! - Darka Mazi\" \/>\n<meta property=\"og:description\" content=\"Son g\u00fcnlerde Rojava&#8217;da ya\u015fanan yo\u011fun \u00e7at\u0131\u015fmalar, gelgitler ve sivil K\u00fcrdlerin gerici \u00e7eteler taraf\u0131ndan sald\u0131r\u0131ya u\u011framalar\u0131, katledilmeleri, nas\u0131l ve neden bu noktaya gelindi sorular\u0131n\u0131 gerekli k\u0131l\u0131yor&#8230; Ba\u015fta PKK olmak \u00fczere Kuzey K\u00fcrdistan politik \u00e7evrelerinin ho\u015flanmad\u0131\u011f\u0131, istemedi\u011fi bu y\u00fczle\u015fmeyi yaparak, ya\u015fananlardan kimlerin sorumlu oldu\u011fu ortaya konulmal\u0131d\u0131r. Konulmal\u0131 ki, hem ya\u015fad\u0131\u011f\u0131m\u0131z trajedileri anlayal\u0131m hem de yeni trajedilerin \u00f6n\u00fcn\u00fc [&hellip;]\" \/>\n<meta property=\"og:url\" content=\"https:\/\/darkamazi.site\/archives\/1036285\" \/>\n<meta property=\"og:site_name\" content=\"Darka Mazi\" \/>\n<meta property=\"article:publisher\" content=\"https:\/\/www.facebook.com\/DarkaMaziturkce\" \/>\n<meta property=\"article:published_time\" content=\"2026-01-22T14:39:30+00:00\" \/>\n<meta property=\"article:modified_time\" content=\"2026-01-22T14:41:34+00:00\" \/>\n<meta property=\"og:image\" content=\"https:\/\/darkamazi.site\/file\/2026\/01\/Suleyman-Akkoyun-2.jpg\" \/>\n\t<meta property=\"og:image:width\" content=\"900\" \/>\n\t<meta property=\"og:image:height\" content=\"497\" \/>\n\t<meta property=\"og:image:type\" content=\"image\/jpeg\" \/>\n<meta name=\"author\" content=\"darka mazi\" \/>\n<meta name=\"twitter:card\" content=\"summary_large_image\" \/>\n<meta name=\"twitter:creator\" content=\"@DarkaMaziTurkce\" \/>\n<meta name=\"twitter:site\" content=\"@DarkaMaziTurkce\" \/>\n<meta name=\"twitter:label1\" content=\"Written by\" \/>\n\t<meta name=\"twitter:data1\" content=\"darka mazi\" \/>\n\t<meta name=\"twitter:label2\" content=\"Est. reading time\" \/>\n\t<meta name=\"twitter:data2\" content=\"5 minutes\" \/>\n<script type=\"application\/ld+json\" class=\"seo-schema-graph\">{\"@context\":\"https:\\\/\\\/schema.org\",\"@graph\":[{\"@type\":\"NewsArticle\",\"@id\":\"https:\\\/\\\/darkamazi.site\\\/archives\\\/1036285#article\",\"isPartOf\":{\"@id\":\"https:\\\/\\\/darkamazi.site\\\/archives\\\/1036285\"},\"author\":{\"name\":\"darka mazi\",\"@id\":\"https:\\\/\\\/darkamazi.site\\\/#\\\/schema\\\/person\\\/67986a95ac546c16760365877ef4a9d3\"},\"headline\":\"Rojava\u2019da K\u00fcrdler K\u0131ska\u00e7ta Sorumlu Sizsiniz!\",\"datePublished\":\"2026-01-22T14:39:30+00:00\",\"dateModified\":\"2026-01-22T14:41:34+00:00\",\"mainEntityOfPage\":{\"@id\":\"https:\\\/\\\/darkamazi.site\\\/archives\\\/1036285\"},\"wordCount\":1388,\"publisher\":{\"@id\":\"https:\\\/\\\/darkamazi.site\\\/#organization\"},\"image\":{\"@id\":\"https:\\\/\\\/darkamazi.site\\\/archives\\\/1036285#primaryimage\"},\"thumbnailUrl\":\"https:\\\/\\\/darkamazi.site\\\/darka-content\\\/uploads\\\/2026\\\/01\\\/Suleyman-Akkoyun-2.jpg\",\"keywords\":[\"\u00f6nemli\"],\"articleSection\":[\"Forum\"],\"inLanguage\":\"en-US\"},{\"@type\":\"WebPage\",\"@id\":\"https:\\\/\\\/darkamazi.site\\\/archives\\\/1036285\",\"url\":\"https:\\\/\\\/darkamazi.site\\\/archives\\\/1036285\",\"name\":\"Rojava\u2019da K\u00fcrdler K\u0131ska\u00e7ta Sorumlu Sizsiniz! - Darka Mazi\",\"isPartOf\":{\"@id\":\"https:\\\/\\\/darkamazi.site\\\/#website\"},\"primaryImageOfPage\":{\"@id\":\"https:\\\/\\\/darkamazi.site\\\/archives\\\/1036285#primaryimage\"},\"image\":{\"@id\":\"https:\\\/\\\/darkamazi.site\\\/archives\\\/1036285#primaryimage\"},\"thumbnailUrl\":\"https:\\\/\\\/darkamazi.site\\\/darka-content\\\/uploads\\\/2026\\\/01\\\/Suleyman-Akkoyun-2.jpg\",\"datePublished\":\"2026-01-22T14:39:30+00:00\",\"dateModified\":\"2026-01-22T14:41:34+00:00\",\"breadcrumb\":{\"@id\":\"https:\\\/\\\/darkamazi.site\\\/archives\\\/1036285#breadcrumb\"},\"inLanguage\":\"en-US\",\"potentialAction\":[{\"@type\":\"ReadAction\",\"target\":[\"https:\\\/\\\/darkamazi.site\\\/archives\\\/1036285\"]}]},{\"@type\":\"ImageObject\",\"inLanguage\":\"en-US\",\"@id\":\"https:\\\/\\\/darkamazi.site\\\/archives\\\/1036285#primaryimage\",\"url\":\"https:\\\/\\\/darkamazi.site\\\/darka-content\\\/uploads\\\/2026\\\/01\\\/Suleyman-Akkoyun-2.jpg\",\"contentUrl\":\"https:\\\/\\\/darkamazi.site\\\/darka-content\\\/uploads\\\/2026\\\/01\\\/Suleyman-Akkoyun-2.jpg\",\"width\":900,\"height\":497,\"caption\":\"Rojava\u2019da K\u00fcrdler K\u0131ska\u00e7ta Sorumlu Sizsiniz!\"},{\"@type\":\"BreadcrumbList\",\"@id\":\"https:\\\/\\\/darkamazi.site\\\/archives\\\/1036285#breadcrumb\",\"itemListElement\":[{\"@type\":\"ListItem\",\"position\":1,\"name\":\"Home\",\"item\":\"https:\\\/\\\/darkamazi.site\\\/\"},{\"@type\":\"ListItem\",\"position\":2,\"name\":\"Rojava\u2019da K\u00fcrdler K\u0131ska\u00e7ta Sorumlu Sizsiniz!\"}]},{\"@type\":\"WebSite\",\"@id\":\"https:\\\/\\\/darkamazi.site\\\/#website\",\"url\":\"https:\\\/\\\/darkamazi.site\\\/\",\"name\":\"Darka Mazi\",\"description\":\"Ana Sayfa\",\"publisher\":{\"@id\":\"https:\\\/\\\/darkamazi.site\\\/#organization\"},\"potentialAction\":[{\"@type\":\"SearchAction\",\"target\":{\"@type\":\"EntryPoint\",\"urlTemplate\":\"https:\\\/\\\/darkamazi.site\\\/?s={search_term_string}\"},\"query-input\":{\"@type\":\"PropertyValueSpecification\",\"valueRequired\":true,\"valueName\":\"search_term_string\"}}],\"inLanguage\":\"en-US\"},{\"@type\":\"Organization\",\"@id\":\"https:\\\/\\\/darkamazi.site\\\/#organization\",\"name\":\"Darka Mazi T\u00fcrk\u00e7e\",\"alternateName\":\"Darka Mazi\",\"url\":\"https:\\\/\\\/darkamazi.site\\\/\",\"logo\":{\"@type\":\"ImageObject\",\"inLanguage\":\"en-US\",\"@id\":\"https:\\\/\\\/darkamazi.site\\\/#\\\/schema\\\/logo\\\/image\\\/\",\"url\":\"https:\\\/\\\/darkamazi.site\\\/darka-content\\\/uploads\\\/2017\\\/12\\\/darka-mazi-logo.png\",\"contentUrl\":\"https:\\\/\\\/darkamazi.site\\\/darka-content\\\/uploads\\\/2017\\\/12\\\/darka-mazi-logo.png\",\"width\":151,\"height\":75,\"caption\":\"Darka Mazi T\u00fcrk\u00e7e\"},\"image\":{\"@id\":\"https:\\\/\\\/darkamazi.site\\\/#\\\/schema\\\/logo\\\/image\\\/\"},\"sameAs\":[\"https:\\\/\\\/www.facebook.com\\\/DarkaMaziturkce\",\"https:\\\/\\\/x.com\\\/DarkaMaziTurkce\"]},{\"@type\":\"Person\",\"@id\":\"https:\\\/\\\/darkamazi.site\\\/#\\\/schema\\\/person\\\/67986a95ac546c16760365877ef4a9d3\",\"name\":\"darka mazi\",\"sameAs\":[\"https:\\\/\\\/darkamazi.site\"],\"url\":\"https:\\\/\\\/darkamazi.site\\\/archives\\\/author\\\/turkish\"}]}<\/script>\n<!-- \/ Yoast SEO plugin. -->","seo_head_json":{"title":"Rojava\u2019da K\u00fcrdler K\u0131ska\u00e7ta Sorumlu Sizsiniz! - Darka Mazi","robots":{"index":"index","follow":"follow","max-snippet":"max-snippet:-1","max-image-preview":"max-image-preview:large","max-video-preview":"max-video-preview:-1"},"canonical":"https:\/\/darkamazi.site\/archives\/1036285","og_locale":"en_US","og_type":"article","og_title":"Rojava\u2019da K\u00fcrdler K\u0131ska\u00e7ta Sorumlu Sizsiniz! - Darka Mazi","og_description":"Son g\u00fcnlerde Rojava&#8217;da ya\u015fanan yo\u011fun \u00e7at\u0131\u015fmalar, gelgitler ve sivil K\u00fcrdlerin gerici \u00e7eteler taraf\u0131ndan sald\u0131r\u0131ya u\u011framalar\u0131, katledilmeleri, nas\u0131l ve neden bu noktaya gelindi sorular\u0131n\u0131 gerekli k\u0131l\u0131yor&#8230; Ba\u015fta PKK olmak \u00fczere Kuzey K\u00fcrdistan politik \u00e7evrelerinin ho\u015flanmad\u0131\u011f\u0131, istemedi\u011fi bu y\u00fczle\u015fmeyi yaparak, ya\u015fananlardan kimlerin sorumlu oldu\u011fu ortaya konulmal\u0131d\u0131r. Konulmal\u0131 ki, hem ya\u015fad\u0131\u011f\u0131m\u0131z trajedileri anlayal\u0131m hem de yeni trajedilerin \u00f6n\u00fcn\u00fc [&hellip;]","og_url":"https:\/\/darkamazi.site\/archives\/1036285","og_site_name":"Darka Mazi","article_publisher":"https:\/\/www.facebook.com\/DarkaMaziturkce","article_published_time":"2026-01-22T14:39:30+00:00","article_modified_time":"2026-01-22T14:41:34+00:00","og_image":[{"width":900,"height":497,"url":"https:\/\/darkamazi.site\/file\/2026\/01\/Suleyman-Akkoyun-2.jpg","type":"image\/jpeg"}],"author":"darka mazi","twitter_card":"summary_large_image","twitter_creator":"@DarkaMaziTurkce","twitter_site":"@DarkaMaziTurkce","twitter_misc":{"Written by":"darka mazi","Est. reading time":"5 minutes"},"schema":{"@context":"https:\/\/schema.org","@graph":[{"@type":"NewsArticle","@id":"https:\/\/darkamazi.site\/archives\/1036285#article","isPartOf":{"@id":"https:\/\/darkamazi.site\/archives\/1036285"},"author":{"name":"darka mazi","@id":"https:\/\/darkamazi.site\/#\/schema\/person\/67986a95ac546c16760365877ef4a9d3"},"headline":"Rojava\u2019da K\u00fcrdler K\u0131ska\u00e7ta Sorumlu Sizsiniz!","datePublished":"2026-01-22T14:39:30+00:00","dateModified":"2026-01-22T14:41:34+00:00","mainEntityOfPage":{"@id":"https:\/\/darkamazi.site\/archives\/1036285"},"wordCount":1388,"publisher":{"@id":"https:\/\/darkamazi.site\/#organization"},"image":{"@id":"https:\/\/darkamazi.site\/archives\/1036285#primaryimage"},"thumbnailUrl":"https:\/\/darkamazi.site\/file\/2026\/01\/Suleyman-Akkoyun-2.jpg","keywords":["\u00f6nemli"],"articleSection":["Forum"],"inLanguage":"en-US"},{"@type":"WebPage","@id":"https:\/\/darkamazi.site\/archives\/1036285","url":"https:\/\/darkamazi.site\/archives\/1036285","name":"Rojava\u2019da K\u00fcrdler K\u0131ska\u00e7ta Sorumlu Sizsiniz! - Darka Mazi","isPartOf":{"@id":"https:\/\/darkamazi.site\/#website"},"primaryImageOfPage":{"@id":"https:\/\/darkamazi.site\/archives\/1036285#primaryimage"},"image":{"@id":"https:\/\/darkamazi.site\/archives\/1036285#primaryimage"},"thumbnailUrl":"https:\/\/darkamazi.site\/file\/2026\/01\/Suleyman-Akkoyun-2.jpg","datePublished":"2026-01-22T14:39:30+00:00","dateModified":"2026-01-22T14:41:34+00:00","breadcrumb":{"@id":"https:\/\/darkamazi.site\/archives\/1036285#breadcrumb"},"inLanguage":"en-US","potentialAction":[{"@type":"ReadAction","target":["https:\/\/darkamazi.site\/archives\/1036285"]}]},{"@type":"ImageObject","inLanguage":"en-US","@id":"https:\/\/darkamazi.site\/archives\/1036285#primaryimage","url":"https:\/\/darkamazi.site\/file\/2026\/01\/Suleyman-Akkoyun-2.jpg","contentUrl":"https:\/\/darkamazi.site\/file\/2026\/01\/Suleyman-Akkoyun-2.jpg","width":900,"height":497,"caption":"Rojava\u2019da K\u00fcrdler K\u0131ska\u00e7ta Sorumlu Sizsiniz!"},{"@type":"BreadcrumbList","@id":"https:\/\/darkamazi.site\/archives\/1036285#breadcrumb","itemListElement":[{"@type":"ListItem","position":1,"name":"Home","item":"https:\/\/darkamazi.site\/"},{"@type":"ListItem","position":2,"name":"Rojava\u2019da K\u00fcrdler K\u0131ska\u00e7ta Sorumlu Sizsiniz!"}]},{"@type":"WebSite","@id":"https:\/\/darkamazi.site\/#website","url":"https:\/\/darkamazi.site\/","name":"Darka Mazi","description":"Ana Sayfa","publisher":{"@id":"https:\/\/darkamazi.site\/#organization"},"potentialAction":[{"@type":"SearchAction","target":{"@type":"EntryPoint","urlTemplate":"https:\/\/darkamazi.site\/?s={search_term_string}"},"query-input":{"@type":"PropertyValueSpecification","valueRequired":true,"valueName":"search_term_string"}}],"inLanguage":"en-US"},{"@type":"Organization","@id":"https:\/\/darkamazi.site\/#organization","name":"Darka Mazi T\u00fcrk\u00e7e","alternateName":"Darka Mazi","url":"https:\/\/darkamazi.site\/","logo":{"@type":"ImageObject","inLanguage":"en-US","@id":"https:\/\/darkamazi.site\/#\/schema\/logo\/image\/","url":"https:\/\/darkamazi.site\/file\/2017\/12\/darka-mazi-logo.png","contentUrl":"https:\/\/darkamazi.site\/file\/2017\/12\/darka-mazi-logo.png","width":151,"height":75,"caption":"Darka Mazi T\u00fcrk\u00e7e"},"image":{"@id":"https:\/\/darkamazi.site\/#\/schema\/logo\/image\/"},"sameAs":["https:\/\/www.facebook.com\/DarkaMaziturkce","https:\/\/x.com\/DarkaMaziTurkce"]},{"@type":"Person","@id":"https:\/\/darkamazi.site\/#\/schema\/person\/67986a95ac546c16760365877ef4a9d3","name":"darka mazi","sameAs":["https:\/\/darkamazi.site"],"url":"https:\/\/darkamazi.site\/archives\/author\/turkish"}]}},"_links":{"self":[{"href":"https:\/\/darkamazi.site\/funavuv\/wp\/v2\/posts\/1036285","targetHints":{"allow":["GET"]}}],"collection":[{"href":"https:\/\/darkamazi.site\/funavuv\/wp\/v2\/posts"}],"about":[{"href":"https:\/\/darkamazi.site\/funavuv\/wp\/v2\/types\/post"}],"author":[{"embeddable":true,"href":"https:\/\/darkamazi.site\/funavuv\/wp\/v2\/users\/2"}],"replies":[{"embeddable":true,"href":"https:\/\/darkamazi.site\/funavuv\/wp\/v2\/comments?post=1036285"}],"version-history":[{"count":0,"href":"https:\/\/darkamazi.site\/funavuv\/wp\/v2\/posts\/1036285\/revisions"}],"wp:featuredmedia":[{"embeddable":true,"href":"https:\/\/darkamazi.site\/funavuv\/wp\/v2\/media\/1036286"}],"wp:attachment":[{"href":"https:\/\/darkamazi.site\/funavuv\/wp\/v2\/media?parent=1036285"}],"wp:term":[{"taxonomy":"category","embeddable":true,"href":"https:\/\/darkamazi.site\/funavuv\/wp\/v2\/categories?post=1036285"},{"taxonomy":"post_tag","embeddable":true,"href":"https:\/\/darkamazi.site\/funavuv\/wp\/v2\/tags?post=1036285"}],"curies":[{"name":"wp","href":"https:\/\/api.w.org\/{rel}","templated":true}]}}