{"id":1036288,"date":"2026-01-22T18:14:04","date_gmt":"2026-01-22T15:14:04","guid":{"rendered":"https:\/\/darkamazi.site\/?p=1036288"},"modified":"2026-01-22T18:14:04","modified_gmt":"2026-01-22T15:14:04","slug":"rojavada-kurtlere-ihanet-mi-edildi","status":"publish","type":"post","link":"https:\/\/darkamazi.site\/archives\/1036288","title":{"rendered":"Rojava\u2019da K\u00fcrtlere ihanet mi edildi?"},"content":{"rendered":"<p style=\"text-align: justify\">Rojava\u2019da K\u00fcrtlerin kazan\u0131mlar\u0131na, haklar\u0131na, co\u011frafyalar\u0131na ve hatta fizikli varl\u0131klar\u0131na kar\u015f\u0131 b\u00fcy\u00fck bir sald\u0131r\u0131 var. Tarih bizi \u00f6yle bir noktaya getirdi ki onuru ve \u015ferefi olan her K\u00fcrt Rojava i\u00e7in harekete ge\u00e7mek ve elinden geleni yapmak zorundad\u0131r.\u00a0 Kald\u0131 ki K\u00fcrtler\u00a0 Hewler\u2019den Bochum\u2019a,\u00a0 Duhok\u2019tan Nusaybine,\u00a0 Akre\u2019den Stochlome de\u011fin her yerde\u00a0 onurlu bir halk oldu\u011funu g\u00f6sterdi ve \u201cRojava yaln\u0131z de\u011fildir\u201d slogan\u0131 ile sokaklara \u00e7\u0131kt\u0131. K\u00fcrtler \u00fczg\u00fcn ve \u00f6fkeli\u2026 Ve K\u00fcrtler tarihin tekrar etti\u011fini ve tekrar ihanete u\u011frad\u0131\u011f\u0131n\u0131 d\u00fc\u015f\u00fcn\u00fcyor.<\/p>\n<p style=\"text-align: justify\">Ve ger\u00e7ekten de K\u00fcrtlere ihanet edildi.<\/p>\n<p style=\"text-align: justify\"><strong>\u0130hanet edenler kimdi? <\/strong><\/p>\n<p style=\"text-align: justify\">\u0130lk ihanet edenler y\u0131llard\u0131r Rojava\u2019n\u0131n yan\u0131nda oldu\u011funu s\u00f6yleyen Bat\u0131l\u0131 g\u00fc\u00e7ler oldu. ABD 25 y\u0131l sonra iki kulelere sald\u0131r\u0131 yapan El Kaide\u2019ye resmen \u015eam\u2019\u0131 teslim etti. \u0130ngiltere bu ihanetin planlay\u0131c\u0131s\u0131yd\u0131. Fransa ise kurulan anti-K\u00fcrt sistemine utanga\u00e7 bi\u00e7imde entegre oldu. ABD temsilcisi Barrack hi\u00e7 utanmadan: \u201cSDG\u2019nin d\u00f6nemi bitti\u201d a\u00e7\u0131klamas\u0131 yapt\u0131.<\/p>\n<p style=\"text-align: justify\">\u0130kinci ihanet edenler ise Arap g\u00fc\u00e7ler oldu. Y\u0131llard\u0131r halklar\u0131n sistemi, halklar\u0131n karde\u015fli\u011fi vb sloganlar ile sisteme dahil edilen Araplar sadece SDG\u2019yi bir g\u00fcnde terk etmekle kalmad\u0131 bir g\u00fcn \u00f6nce ayn\u0131 mevzilerde olduklar\u0131 K\u00fcrt sava\u015f\u00e7\u0131lar\u0131 arkadan vurdu.<\/p>\n<p style=\"text-align: justify\">K\u00fcrtler bu ihaneti g\u00f6r\u00fcyor ve \u00f6fke duyuyor.<\/p>\n<p style=\"text-align: justify\">Fakat bir de maalesef ki bir de K\u00fcrtler Rojava\u2019ya ihanet etti. Bu i\u00e7teki hainler ise Rojava halk\u0131n\u0131n 45 y\u0131ld\u0131r s\u0131rt\u0131nda ta\u015f\u0131d\u0131\u011f\u0131 \u00d6calan ve fesh etti\u011fi partisi PKK oldu.<\/p>\n<p style=\"text-align: justify\">PKK, 1980\u2019den bu yana Rojava halk\u0131ndan faydaland\u0131. Evlatlar\u0131n\u0131 al\u0131p sava\u015f\u00e7\u0131 yapt\u0131, para ald\u0131, e\u011fitim kamplar\u0131 kazand\u0131. 2012\u2019de ise \u0130ran ile anla\u015farak Rojava\u2019y\u0131 devrald\u0131 ve bu kez Rojava\u2019y\u0131 kendine can suyu yapt\u0131. Rojava i\u00e7in herkesle pazarl\u0131k yapt\u0131. Hem \u0130ran\u2019dan hem de Bat\u0131\u2019dan destek ald\u0131. Tonlarca silah, askeri e\u011fitim, diplomatik ili\u015fki, pasaport, temsilcilik, silah ka\u00e7ak\u00e7\u0131l\u0131\u011f\u0131 ve petrolden para vb ve \u015feylerle Rojava \u00fczerinden ula\u015ft\u0131. \u00a0Ve Rojava benimdir diyerek Rojava\u2019y\u0131 K\u00fcrtlere ve K\u00fcrt Ulusal M\u00fccadelesine kapatt\u0131lar. Murray Bookchin\u2019in anarjist d\u00fc\u015f\u00fcncelerini Rojava\u2019ya bir g\u00f6mlek gibi zorla giydirdiler.<\/p>\n<p style=\"text-align: justify\">Ve PKK Rojava\u2019dan alabilece\u011fi her \u015feyi ald\u0131ktan sonra tamda Rojava\u2019daki kazan\u0131mlar\u0131n somutla\u015fmas\u0131 gerekti\u011fi zamanda, T\u00fcrk devletinin en sa\u011fc\u0131s\u0131 Bah\u00e7eli, T\u00fcrk devletinin \u015fimdiki sahibi Erdo\u011fan ve \u00d6calan\u2019\u0131n \u201cdemokratik entegrasyon\u201d denen s\u00fcreci ba\u015flad\u0131.\u00a0\u00a0 Asl\u0131nda bu s\u00fcre\u00e7 \u201cRojava\u2019y\u0131 bo\u011fma s\u00fcreciydi\u201d.\u00a0 \u00d6calan Rojava\u2019n\u0131n kolunu kanad\u0131n\u0131 k\u0131rd\u0131. \u0130srail\u2019in Ha\u015fdi \u015eabi\u2019si dedi. D\u0131\u015f ili\u015fkiler geli\u015ftirmesini engelledi. Federasyon istemeyin, \u00f6zerklik istemeyin vb s\u00f6zlerle Rojava ne istedi\u011fi belirsiz bir noktaya getirildi.<\/p>\n<p style=\"text-align: justify\">Rojava\u2019n\u0131n kanad\u0131n\u0131 k\u0131rd\u0131lar. \u015eimdi ise, PKK y\u00f6neticileri sessiz.. DEM Parti\u2019nin ne s\u00f6yledi\u011fi belli de\u011fil.\u00a0 \u015eimdi herkes Mesut Barzani bir \u015feyler yaps\u0131n diye bekliyor. 14 y\u0131ld\u0131r Barzani\u2019nin t\u00fcm \u00f6nerilerini reddettiler, Rojava \u00fczerinden Barzani hareketine sald\u0131r\u0131rd\u0131lar.\u00a0 Rojava\u2019y\u0131 emdiler, bitirdiler, \u015fimdi ise y\u00fck\u00fc Rojava kadrolar\u0131, Rojava halk\u0131 ve Barzanilere b\u0131rakt\u0131lar.<\/p>\n<p style=\"text-align: justify\">Ve \u015fimdi K\u00fcrtler ideolojiler, s\u00f6ylemlerle de\u011fil ulusal ve K\u00fcrdistani bir ruhla bir araya gelerek Rojava i\u00e7in omuz omuza m\u00fccadele edecekler ba\u015fka \u015fans\u0131m\u0131z yok. K\u00fcrtlerin K\u00fcrtlerden ba\u015fka dostu yok.<\/p>\n","protected":false},"excerpt":{"rendered":"<p>Rojava\u2019da K\u00fcrtlerin kazan\u0131mlar\u0131na, haklar\u0131na, co\u011frafyalar\u0131na ve hatta fizikli varl\u0131klar\u0131na kar\u015f\u0131 b\u00fcy\u00fck bir sald\u0131r\u0131 var. Tarih bizi \u00f6yle bir noktaya getirdi ki onuru ve \u015ferefi olan her K\u00fcrt Rojava i\u00e7in harekete ge\u00e7mek ve elinden geleni yapmak zorundad\u0131r.\u00a0 Kald\u0131 ki K\u00fcrtler\u00a0 Hewler\u2019den Bochum\u2019a,\u00a0 Duhok\u2019tan Nusaybine,\u00a0 Akre\u2019den Stochlome de\u011fin her yerde\u00a0 onurlu bir halk oldu\u011funu g\u00f6sterdi ve \u201cRojava [&hellip;]<\/p>\n","protected":false},"author":2,"featured_media":1036290,"comment_status":"closed","ping_status":"closed","sticky":false,"template":"","format":"standard","meta":{"footnotes":""},"categories":[7],"tags":[31],"class_list":["post-1036288","post","type-post","status-publish","format-standard","has-post-thumbnail","hentry","category-editorden","tag-onemli"],"blocksy_meta":[],"seo_head":"<!-- This site is optimized with the Yoast SEO plugin v27.5 - https:\/\/yoast.com\/product\/yoast-seo-wordpress\/ -->\n<title>Rojava\u2019da K\u00fcrtlere ihanet mi edildi? - Darka Mazi<\/title>\n<meta name=\"robots\" content=\"index, follow, max-snippet:-1, max-image-preview:large, max-video-preview:-1\" \/>\n<link rel=\"canonical\" href=\"https:\/\/darkamazi.site\/archives\/1036288\" \/>\n<meta property=\"og:locale\" content=\"en_US\" \/>\n<meta property=\"og:type\" content=\"article\" \/>\n<meta property=\"og:title\" content=\"Rojava\u2019da K\u00fcrtlere ihanet mi edildi? - Darka Mazi\" \/>\n<meta property=\"og:description\" content=\"Rojava\u2019da K\u00fcrtlerin kazan\u0131mlar\u0131na, haklar\u0131na, co\u011frafyalar\u0131na ve hatta fizikli varl\u0131klar\u0131na kar\u015f\u0131 b\u00fcy\u00fck bir sald\u0131r\u0131 var. Tarih bizi \u00f6yle bir noktaya getirdi ki onuru ve \u015ferefi olan her K\u00fcrt Rojava i\u00e7in harekete ge\u00e7mek ve elinden geleni yapmak zorundad\u0131r.\u00a0 Kald\u0131 ki K\u00fcrtler\u00a0 Hewler\u2019den Bochum\u2019a,\u00a0 Duhok\u2019tan Nusaybine,\u00a0 Akre\u2019den Stochlome de\u011fin her yerde\u00a0 onurlu bir halk oldu\u011funu g\u00f6sterdi ve \u201cRojava [&hellip;]\" \/>\n<meta property=\"og:url\" content=\"https:\/\/darkamazi.site\/archives\/1036288\" \/>\n<meta property=\"og:site_name\" content=\"Darka Mazi\" \/>\n<meta property=\"article:publisher\" content=\"https:\/\/www.facebook.com\/DarkaMaziturkce\" \/>\n<meta property=\"article:published_time\" content=\"2026-01-22T15:14:04+00:00\" \/>\n<meta property=\"og:image\" content=\"https:\/\/darkamazi.site\/file\/2026\/01\/rojava.jpg\" \/>\n\t<meta property=\"og:image:width\" content=\"900\" \/>\n\t<meta property=\"og:image:height\" content=\"497\" \/>\n\t<meta property=\"og:image:type\" content=\"image\/jpeg\" \/>\n<meta name=\"author\" content=\"darka mazi\" \/>\n<meta name=\"twitter:card\" content=\"summary_large_image\" \/>\n<meta name=\"twitter:creator\" content=\"@DarkaMaziTurkce\" \/>\n<meta name=\"twitter:site\" content=\"@DarkaMaziTurkce\" \/>\n<meta name=\"twitter:label1\" content=\"Written by\" \/>\n\t<meta name=\"twitter:data1\" content=\"darka mazi\" \/>\n\t<meta name=\"twitter:label2\" content=\"Est. reading time\" \/>\n\t<meta name=\"twitter:data2\" content=\"3 minutes\" \/>\n<script type=\"application\/ld+json\" class=\"seo-schema-graph\">{\"@context\":\"https:\\\/\\\/schema.org\",\"@graph\":[{\"@type\":\"NewsArticle\",\"@id\":\"https:\\\/\\\/darkamazi.site\\\/archives\\\/1036288#article\",\"isPartOf\":{\"@id\":\"https:\\\/\\\/darkamazi.site\\\/archives\\\/1036288\"},\"author\":{\"name\":\"darka mazi\",\"@id\":\"https:\\\/\\\/darkamazi.site\\\/#\\\/schema\\\/person\\\/67986a95ac546c16760365877ef4a9d3\"},\"headline\":\"Rojava\u2019da K\u00fcrtlere ihanet mi edildi?\",\"datePublished\":\"2026-01-22T15:14:04+00:00\",\"mainEntityOfPage\":{\"@id\":\"https:\\\/\\\/darkamazi.site\\\/archives\\\/1036288\"},\"wordCount\":602,\"publisher\":{\"@id\":\"https:\\\/\\\/darkamazi.site\\\/#organization\"},\"image\":{\"@id\":\"https:\\\/\\\/darkamazi.site\\\/archives\\\/1036288#primaryimage\"},\"thumbnailUrl\":\"https:\\\/\\\/darkamazi.site\\\/darka-content\\\/uploads\\\/2026\\\/01\\\/rojava.jpg\",\"keywords\":[\"\u00f6nemli\"],\"articleSection\":[\"Edit\u00f6rden\"],\"inLanguage\":\"en-US\"},{\"@type\":\"WebPage\",\"@id\":\"https:\\\/\\\/darkamazi.site\\\/archives\\\/1036288\",\"url\":\"https:\\\/\\\/darkamazi.site\\\/archives\\\/1036288\",\"name\":\"Rojava\u2019da K\u00fcrtlere ihanet mi edildi? - Darka Mazi\",\"isPartOf\":{\"@id\":\"https:\\\/\\\/darkamazi.site\\\/#website\"},\"primaryImageOfPage\":{\"@id\":\"https:\\\/\\\/darkamazi.site\\\/archives\\\/1036288#primaryimage\"},\"image\":{\"@id\":\"https:\\\/\\\/darkamazi.site\\\/archives\\\/1036288#primaryimage\"},\"thumbnailUrl\":\"https:\\\/\\\/darkamazi.site\\\/darka-content\\\/uploads\\\/2026\\\/01\\\/rojava.jpg\",\"datePublished\":\"2026-01-22T15:14:04+00:00\",\"breadcrumb\":{\"@id\":\"https:\\\/\\\/darkamazi.site\\\/archives\\\/1036288#breadcrumb\"},\"inLanguage\":\"en-US\",\"potentialAction\":[{\"@type\":\"ReadAction\",\"target\":[\"https:\\\/\\\/darkamazi.site\\\/archives\\\/1036288\"]}]},{\"@type\":\"ImageObject\",\"inLanguage\":\"en-US\",\"@id\":\"https:\\\/\\\/darkamazi.site\\\/archives\\\/1036288#primaryimage\",\"url\":\"https:\\\/\\\/darkamazi.site\\\/darka-content\\\/uploads\\\/2026\\\/01\\\/rojava.jpg\",\"contentUrl\":\"https:\\\/\\\/darkamazi.site\\\/darka-content\\\/uploads\\\/2026\\\/01\\\/rojava.jpg\",\"width\":900,\"height\":497,\"caption\":\"Rojava\u2019da K\u00fcrtlere ihanet mi edildi?\"},{\"@type\":\"BreadcrumbList\",\"@id\":\"https:\\\/\\\/darkamazi.site\\\/archives\\\/1036288#breadcrumb\",\"itemListElement\":[{\"@type\":\"ListItem\",\"position\":1,\"name\":\"Home\",\"item\":\"https:\\\/\\\/darkamazi.site\\\/\"},{\"@type\":\"ListItem\",\"position\":2,\"name\":\"Rojava\u2019da K\u00fcrtlere ihanet mi edildi?\"}]},{\"@type\":\"WebSite\",\"@id\":\"https:\\\/\\\/darkamazi.site\\\/#website\",\"url\":\"https:\\\/\\\/darkamazi.site\\\/\",\"name\":\"Darka Mazi\",\"description\":\"Ana Sayfa\",\"publisher\":{\"@id\":\"https:\\\/\\\/darkamazi.site\\\/#organization\"},\"potentialAction\":[{\"@type\":\"SearchAction\",\"target\":{\"@type\":\"EntryPoint\",\"urlTemplate\":\"https:\\\/\\\/darkamazi.site\\\/?s={search_term_string}\"},\"query-input\":{\"@type\":\"PropertyValueSpecification\",\"valueRequired\":true,\"valueName\":\"search_term_string\"}}],\"inLanguage\":\"en-US\"},{\"@type\":\"Organization\",\"@id\":\"https:\\\/\\\/darkamazi.site\\\/#organization\",\"name\":\"Darka Mazi T\u00fcrk\u00e7e\",\"alternateName\":\"Darka Mazi\",\"url\":\"https:\\\/\\\/darkamazi.site\\\/\",\"logo\":{\"@type\":\"ImageObject\",\"inLanguage\":\"en-US\",\"@id\":\"https:\\\/\\\/darkamazi.site\\\/#\\\/schema\\\/logo\\\/image\\\/\",\"url\":\"https:\\\/\\\/darkamazi.site\\\/darka-content\\\/uploads\\\/2017\\\/12\\\/darka-mazi-logo.png\",\"contentUrl\":\"https:\\\/\\\/darkamazi.site\\\/darka-content\\\/uploads\\\/2017\\\/12\\\/darka-mazi-logo.png\",\"width\":151,\"height\":75,\"caption\":\"Darka Mazi T\u00fcrk\u00e7e\"},\"image\":{\"@id\":\"https:\\\/\\\/darkamazi.site\\\/#\\\/schema\\\/logo\\\/image\\\/\"},\"sameAs\":[\"https:\\\/\\\/www.facebook.com\\\/DarkaMaziturkce\",\"https:\\\/\\\/x.com\\\/DarkaMaziTurkce\"]},{\"@type\":\"Person\",\"@id\":\"https:\\\/\\\/darkamazi.site\\\/#\\\/schema\\\/person\\\/67986a95ac546c16760365877ef4a9d3\",\"name\":\"darka mazi\",\"sameAs\":[\"https:\\\/\\\/darkamazi.site\"],\"url\":\"https:\\\/\\\/darkamazi.site\\\/archives\\\/author\\\/turkish\"}]}<\/script>\n<!-- \/ Yoast SEO plugin. -->","seo_head_json":{"title":"Rojava\u2019da K\u00fcrtlere ihanet mi edildi? - Darka Mazi","robots":{"index":"index","follow":"follow","max-snippet":"max-snippet:-1","max-image-preview":"max-image-preview:large","max-video-preview":"max-video-preview:-1"},"canonical":"https:\/\/darkamazi.site\/archives\/1036288","og_locale":"en_US","og_type":"article","og_title":"Rojava\u2019da K\u00fcrtlere ihanet mi edildi? - Darka Mazi","og_description":"Rojava\u2019da K\u00fcrtlerin kazan\u0131mlar\u0131na, haklar\u0131na, co\u011frafyalar\u0131na ve hatta fizikli varl\u0131klar\u0131na kar\u015f\u0131 b\u00fcy\u00fck bir sald\u0131r\u0131 var. Tarih bizi \u00f6yle bir noktaya getirdi ki onuru ve \u015ferefi olan her K\u00fcrt Rojava i\u00e7in harekete ge\u00e7mek ve elinden geleni yapmak zorundad\u0131r.\u00a0 Kald\u0131 ki K\u00fcrtler\u00a0 Hewler\u2019den Bochum\u2019a,\u00a0 Duhok\u2019tan Nusaybine,\u00a0 Akre\u2019den Stochlome de\u011fin her yerde\u00a0 onurlu bir halk oldu\u011funu g\u00f6sterdi ve \u201cRojava [&hellip;]","og_url":"https:\/\/darkamazi.site\/archives\/1036288","og_site_name":"Darka Mazi","article_publisher":"https:\/\/www.facebook.com\/DarkaMaziturkce","article_published_time":"2026-01-22T15:14:04+00:00","og_image":[{"width":900,"height":497,"url":"https:\/\/darkamazi.site\/file\/2026\/01\/rojava.jpg","type":"image\/jpeg"}],"author":"darka mazi","twitter_card":"summary_large_image","twitter_creator":"@DarkaMaziTurkce","twitter_site":"@DarkaMaziTurkce","twitter_misc":{"Written by":"darka mazi","Est. reading time":"3 minutes"},"schema":{"@context":"https:\/\/schema.org","@graph":[{"@type":"NewsArticle","@id":"https:\/\/darkamazi.site\/archives\/1036288#article","isPartOf":{"@id":"https:\/\/darkamazi.site\/archives\/1036288"},"author":{"name":"darka mazi","@id":"https:\/\/darkamazi.site\/#\/schema\/person\/67986a95ac546c16760365877ef4a9d3"},"headline":"Rojava\u2019da K\u00fcrtlere ihanet mi edildi?","datePublished":"2026-01-22T15:14:04+00:00","mainEntityOfPage":{"@id":"https:\/\/darkamazi.site\/archives\/1036288"},"wordCount":602,"publisher":{"@id":"https:\/\/darkamazi.site\/#organization"},"image":{"@id":"https:\/\/darkamazi.site\/archives\/1036288#primaryimage"},"thumbnailUrl":"https:\/\/darkamazi.site\/file\/2026\/01\/rojava.jpg","keywords":["\u00f6nemli"],"articleSection":["Edit\u00f6rden"],"inLanguage":"en-US"},{"@type":"WebPage","@id":"https:\/\/darkamazi.site\/archives\/1036288","url":"https:\/\/darkamazi.site\/archives\/1036288","name":"Rojava\u2019da K\u00fcrtlere ihanet mi edildi? - Darka Mazi","isPartOf":{"@id":"https:\/\/darkamazi.site\/#website"},"primaryImageOfPage":{"@id":"https:\/\/darkamazi.site\/archives\/1036288#primaryimage"},"image":{"@id":"https:\/\/darkamazi.site\/archives\/1036288#primaryimage"},"thumbnailUrl":"https:\/\/darkamazi.site\/file\/2026\/01\/rojava.jpg","datePublished":"2026-01-22T15:14:04+00:00","breadcrumb":{"@id":"https:\/\/darkamazi.site\/archives\/1036288#breadcrumb"},"inLanguage":"en-US","potentialAction":[{"@type":"ReadAction","target":["https:\/\/darkamazi.site\/archives\/1036288"]}]},{"@type":"ImageObject","inLanguage":"en-US","@id":"https:\/\/darkamazi.site\/archives\/1036288#primaryimage","url":"https:\/\/darkamazi.site\/file\/2026\/01\/rojava.jpg","contentUrl":"https:\/\/darkamazi.site\/file\/2026\/01\/rojava.jpg","width":900,"height":497,"caption":"Rojava\u2019da K\u00fcrtlere ihanet mi edildi?"},{"@type":"BreadcrumbList","@id":"https:\/\/darkamazi.site\/archives\/1036288#breadcrumb","itemListElement":[{"@type":"ListItem","position":1,"name":"Home","item":"https:\/\/darkamazi.site\/"},{"@type":"ListItem","position":2,"name":"Rojava\u2019da K\u00fcrtlere ihanet mi edildi?"}]},{"@type":"WebSite","@id":"https:\/\/darkamazi.site\/#website","url":"https:\/\/darkamazi.site\/","name":"Darka Mazi","description":"Ana Sayfa","publisher":{"@id":"https:\/\/darkamazi.site\/#organization"},"potentialAction":[{"@type":"SearchAction","target":{"@type":"EntryPoint","urlTemplate":"https:\/\/darkamazi.site\/?s={search_term_string}"},"query-input":{"@type":"PropertyValueSpecification","valueRequired":true,"valueName":"search_term_string"}}],"inLanguage":"en-US"},{"@type":"Organization","@id":"https:\/\/darkamazi.site\/#organization","name":"Darka Mazi T\u00fcrk\u00e7e","alternateName":"Darka Mazi","url":"https:\/\/darkamazi.site\/","logo":{"@type":"ImageObject","inLanguage":"en-US","@id":"https:\/\/darkamazi.site\/#\/schema\/logo\/image\/","url":"https:\/\/darkamazi.site\/file\/2017\/12\/darka-mazi-logo.png","contentUrl":"https:\/\/darkamazi.site\/file\/2017\/12\/darka-mazi-logo.png","width":151,"height":75,"caption":"Darka Mazi T\u00fcrk\u00e7e"},"image":{"@id":"https:\/\/darkamazi.site\/#\/schema\/logo\/image\/"},"sameAs":["https:\/\/www.facebook.com\/DarkaMaziturkce","https:\/\/x.com\/DarkaMaziTurkce"]},{"@type":"Person","@id":"https:\/\/darkamazi.site\/#\/schema\/person\/67986a95ac546c16760365877ef4a9d3","name":"darka mazi","sameAs":["https:\/\/darkamazi.site"],"url":"https:\/\/darkamazi.site\/archives\/author\/turkish"}]}},"_links":{"self":[{"href":"https:\/\/darkamazi.site\/funavuv\/wp\/v2\/posts\/1036288","targetHints":{"allow":["GET"]}}],"collection":[{"href":"https:\/\/darkamazi.site\/funavuv\/wp\/v2\/posts"}],"about":[{"href":"https:\/\/darkamazi.site\/funavuv\/wp\/v2\/types\/post"}],"author":[{"embeddable":true,"href":"https:\/\/darkamazi.site\/funavuv\/wp\/v2\/users\/2"}],"replies":[{"embeddable":true,"href":"https:\/\/darkamazi.site\/funavuv\/wp\/v2\/comments?post=1036288"}],"version-history":[{"count":0,"href":"https:\/\/darkamazi.site\/funavuv\/wp\/v2\/posts\/1036288\/revisions"}],"wp:featuredmedia":[{"embeddable":true,"href":"https:\/\/darkamazi.site\/funavuv\/wp\/v2\/media\/1036290"}],"wp:attachment":[{"href":"https:\/\/darkamazi.site\/funavuv\/wp\/v2\/media?parent=1036288"}],"wp:term":[{"taxonomy":"category","embeddable":true,"href":"https:\/\/darkamazi.site\/funavuv\/wp\/v2\/categories?post=1036288"},{"taxonomy":"post_tag","embeddable":true,"href":"https:\/\/darkamazi.site\/funavuv\/wp\/v2\/tags?post=1036288"}],"curies":[{"name":"wp","href":"https:\/\/api.w.org\/{rel}","templated":true}]}}