{"id":1036292,"date":"2026-01-23T15:28:52","date_gmt":"2026-01-23T12:28:52","guid":{"rendered":"https:\/\/darkamazi.site\/?p=1036292"},"modified":"2026-01-23T15:28:52","modified_gmt":"2026-01-23T12:28:52","slug":"mazlum-abdiden-baskan-mesud-barzani-ve-necirvan-barzaniye-tesekkur","status":"publish","type":"post","link":"https:\/\/darkamazi.site\/archives\/1036292","title":{"rendered":"Mazlum Abdi&#8217;den Ba\u015fkan Mesud Barzani ve Ne\u00e7irvan Barzani&#8217;ye te\u015fekk\u00fcr"},"content":{"rendered":"<p>Ba\u015fkan Mesud Barzani ve Ne\u00e7irvan Barzani\u2019ye te\u015fekk\u00fcr eden Demokratik Suriye G\u00fc\u00e7leri (DSG) Genel Komutan\u0131 Mazlum Abdi, \u201cZira ate\u015fkesin sa\u011flanmas\u0131, diyalo\u011fa geri d\u00f6n\u00fclmesi ve imzalanan anla\u015fmalar\u0131n uygulanmas\u0131 amac\u0131yla Amerikal\u0131 arabulucuyla koordineli olarak siyasi \u00e7abalara destek vermeye devam ediyorlar\u201d dedi.<\/p>\n<p>Sosyal medya platformu X \u00fczerinden yapt\u0131\u011f\u0131 a\u00e7\u0131klamada Abdi, Ba\u015fkan Mesud Barzani ve K\u00fcrdistan B\u00f6lgesi Ba\u015fkan\u0131 Ne\u00e7irvan Barzani ile bir araya geldi\u011fini belirterek liderlere te\u015fekk\u00fcr etti.<\/p>\n<p>Abdi bu a\u015famada Ba\u015fkan Mesud Barzani ve K\u00fcrdistan B\u00f6lgesi Ba\u015fkan\u0131 Ne\u00e7irvan Barzani&#8217;nin \u00e7abalar\u0131na b\u00fcy\u00fck de\u011fer verdiklerini ifade etti.<\/p>\n<p>Abdi&#8217;nin a\u00e7\u0131klamas\u0131n\u0131n tamam\u0131 \u015f\u00f6yle:<\/p>\n<p>Irak K\u00fcrdistan B\u00f6lgesi Ba\u015fkan\u0131 Say\u0131n Ne\u00e7irvan Barzani ile bizimle Suriye h\u00fck\u00fcmeti aras\u0131ndaki g\u00f6r\u00fc\u015fleri yak\u0131nla\u015ft\u0131rmay\u0131 ama\u00e7layan siyasi \u00e7abalar \u00e7er\u00e7evesinde bir araya geldim.<\/p>\n<p>Bu a\u015famada Ba\u015fkan Mesud Barzani ve Say\u0131n Ne\u00e7irvan Barzani&#8217;nin \u00e7abalar\u0131na b\u00fcy\u00fck de\u011fer verdi\u011fimizi ifade ediyoruz.<\/p>\n<p>Zira ate\u015fkesin sa\u011flanmas\u0131, diyalo\u011fa geri d\u00f6n\u00fclmesi ve imzalanan anla\u015fmalar\u0131n uygulanmas\u0131 amac\u0131yla Amerikal\u0131 arabulucuyla koordineli olarak siyasi \u00e7abalara destek vermeye devam ediyorlar.<\/p>\n<p>Bu destek, bizimle Suriye h\u00fck\u00fcmeti aras\u0131ndaki birle\u015fme s\u00fcrecinin ba\u015far\u0131l\u0131 olmas\u0131n\u0131 garanti alt\u0131na almay\u0131 hedeflemektedir.\u201d<\/p>\n","protected":false},"excerpt":{"rendered":"<p>Ba\u015fkan Mesud Barzani ve Ne\u00e7irvan Barzani\u2019ye te\u015fekk\u00fcr eden Demokratik Suriye G\u00fc\u00e7leri (DSG) Genel Komutan\u0131 Mazlum Abdi, \u201cZira ate\u015fkesin sa\u011flanmas\u0131, diyalo\u011fa geri d\u00f6n\u00fclmesi ve imzalanan anla\u015fmalar\u0131n uygulanmas\u0131 amac\u0131yla Amerikal\u0131 arabulucuyla koordineli olarak siyasi \u00e7abalara destek vermeye devam ediyorlar\u201d dedi. Sosyal medya platformu X \u00fczerinden yapt\u0131\u011f\u0131 a\u00e7\u0131klamada Abdi, Ba\u015fkan Mesud Barzani ve K\u00fcrdistan B\u00f6lgesi Ba\u015fkan\u0131 Ne\u00e7irvan Barzani [&hellip;]<\/p>\n","protected":false},"author":2,"featured_media":1036293,"comment_status":"closed","ping_status":"closed","sticky":false,"template":"","format":"standard","meta":{"footnotes":""},"categories":[3],"tags":[31],"class_list":["post-1036292","post","type-post","status-publish","format-standard","has-post-thumbnail","hentry","category-kurdistan","tag-onemli"],"blocksy_meta":[],"seo_head":"<!-- This site is optimized with the Yoast SEO plugin v27.5 - https:\/\/yoast.com\/product\/yoast-seo-wordpress\/ -->\n<title>Mazlum Abdi&#039;den Ba\u015fkan Mesud Barzani ve Ne\u00e7irvan Barzani&#039;ye te\u015fekk\u00fcr - Darka Mazi<\/title>\n<meta name=\"robots\" content=\"index, follow, max-snippet:-1, max-image-preview:large, max-video-preview:-1\" \/>\n<link rel=\"canonical\" href=\"https:\/\/darkamazi.site\/archives\/1036292\" \/>\n<meta property=\"og:locale\" content=\"en_US\" \/>\n<meta property=\"og:type\" content=\"article\" \/>\n<meta property=\"og:title\" content=\"Mazlum Abdi&#039;den Ba\u015fkan Mesud Barzani ve Ne\u00e7irvan Barzani&#039;ye te\u015fekk\u00fcr - Darka Mazi\" \/>\n<meta property=\"og:description\" content=\"Ba\u015fkan Mesud Barzani ve Ne\u00e7irvan Barzani\u2019ye te\u015fekk\u00fcr eden Demokratik Suriye G\u00fc\u00e7leri (DSG) Genel Komutan\u0131 Mazlum Abdi, \u201cZira ate\u015fkesin sa\u011flanmas\u0131, diyalo\u011fa geri d\u00f6n\u00fclmesi ve imzalanan anla\u015fmalar\u0131n uygulanmas\u0131 amac\u0131yla Amerikal\u0131 arabulucuyla koordineli olarak siyasi \u00e7abalara destek vermeye devam ediyorlar\u201d dedi. Sosyal medya platformu X \u00fczerinden yapt\u0131\u011f\u0131 a\u00e7\u0131klamada Abdi, Ba\u015fkan Mesud Barzani ve K\u00fcrdistan B\u00f6lgesi Ba\u015fkan\u0131 Ne\u00e7irvan Barzani [&hellip;]\" \/>\n<meta property=\"og:url\" content=\"https:\/\/darkamazi.site\/archives\/1036292\" \/>\n<meta property=\"og:site_name\" content=\"Darka Mazi\" \/>\n<meta property=\"article:publisher\" content=\"https:\/\/www.facebook.com\/DarkaMaziturkce\" \/>\n<meta property=\"article:published_time\" content=\"2026-01-23T12:28:52+00:00\" \/>\n<meta property=\"og:image\" content=\"https:\/\/darkamazi.site\/file\/2026\/01\/Serok-Barzaniye-tesekkur.jpg\" \/>\n\t<meta property=\"og:image:width\" content=\"1500\" \/>\n\t<meta property=\"og:image:height\" content=\"945\" \/>\n\t<meta property=\"og:image:type\" content=\"image\/jpeg\" \/>\n<meta name=\"author\" content=\"darka mazi\" \/>\n<meta name=\"twitter:card\" content=\"summary_large_image\" \/>\n<meta name=\"twitter:creator\" content=\"@DarkaMaziTurkce\" \/>\n<meta name=\"twitter:site\" content=\"@DarkaMaziTurkce\" \/>\n<meta name=\"twitter:label1\" content=\"Written by\" \/>\n\t<meta name=\"twitter:data1\" content=\"darka mazi\" \/>\n\t<meta name=\"twitter:label2\" content=\"Est. reading time\" \/>\n\t<meta name=\"twitter:data2\" content=\"1 minute\" \/>\n<script type=\"application\/ld+json\" class=\"seo-schema-graph\">{\"@context\":\"https:\\\/\\\/schema.org\",\"@graph\":[{\"@type\":\"NewsArticle\",\"@id\":\"https:\\\/\\\/darkamazi.site\\\/archives\\\/1036292#article\",\"isPartOf\":{\"@id\":\"https:\\\/\\\/darkamazi.site\\\/archives\\\/1036292\"},\"author\":{\"name\":\"darka mazi\",\"@id\":\"https:\\\/\\\/darkamazi.site\\\/#\\\/schema\\\/person\\\/67986a95ac546c16760365877ef4a9d3\"},\"headline\":\"Mazlum Abdi&#8217;den Ba\u015fkan Mesud Barzani ve Ne\u00e7irvan Barzani&#8217;ye te\u015fekk\u00fcr\",\"datePublished\":\"2026-01-23T12:28:52+00:00\",\"mainEntityOfPage\":{\"@id\":\"https:\\\/\\\/darkamazi.site\\\/archives\\\/1036292\"},\"wordCount\":251,\"publisher\":{\"@id\":\"https:\\\/\\\/darkamazi.site\\\/#organization\"},\"image\":{\"@id\":\"https:\\\/\\\/darkamazi.site\\\/archives\\\/1036292#primaryimage\"},\"thumbnailUrl\":\"https:\\\/\\\/darkamazi.site\\\/darka-content\\\/uploads\\\/2026\\\/01\\\/Serok-Barzaniye-tesekkur.jpg\",\"keywords\":[\"\u00f6nemli\"],\"articleSection\":[\"Kurdistan\"],\"inLanguage\":\"en-US\"},{\"@type\":\"WebPage\",\"@id\":\"https:\\\/\\\/darkamazi.site\\\/archives\\\/1036292\",\"url\":\"https:\\\/\\\/darkamazi.site\\\/archives\\\/1036292\",\"name\":\"Mazlum Abdi'den Ba\u015fkan Mesud Barzani ve Ne\u00e7irvan Barzani'ye te\u015fekk\u00fcr - Darka Mazi\",\"isPartOf\":{\"@id\":\"https:\\\/\\\/darkamazi.site\\\/#website\"},\"primaryImageOfPage\":{\"@id\":\"https:\\\/\\\/darkamazi.site\\\/archives\\\/1036292#primaryimage\"},\"image\":{\"@id\":\"https:\\\/\\\/darkamazi.site\\\/archives\\\/1036292#primaryimage\"},\"thumbnailUrl\":\"https:\\\/\\\/darkamazi.site\\\/darka-content\\\/uploads\\\/2026\\\/01\\\/Serok-Barzaniye-tesekkur.jpg\",\"datePublished\":\"2026-01-23T12:28:52+00:00\",\"breadcrumb\":{\"@id\":\"https:\\\/\\\/darkamazi.site\\\/archives\\\/1036292#breadcrumb\"},\"inLanguage\":\"en-US\",\"potentialAction\":[{\"@type\":\"ReadAction\",\"target\":[\"https:\\\/\\\/darkamazi.site\\\/archives\\\/1036292\"]}]},{\"@type\":\"ImageObject\",\"inLanguage\":\"en-US\",\"@id\":\"https:\\\/\\\/darkamazi.site\\\/archives\\\/1036292#primaryimage\",\"url\":\"https:\\\/\\\/darkamazi.site\\\/darka-content\\\/uploads\\\/2026\\\/01\\\/Serok-Barzaniye-tesekkur.jpg\",\"contentUrl\":\"https:\\\/\\\/darkamazi.site\\\/darka-content\\\/uploads\\\/2026\\\/01\\\/Serok-Barzaniye-tesekkur.jpg\",\"width\":1500,\"height\":945,\"caption\":\"Mazlum Abdi'den Ba\u015fkan Mesud Barzani ve Ne\u00e7irvan Barzani'ye te\u015fekk\u00fcr\"},{\"@type\":\"BreadcrumbList\",\"@id\":\"https:\\\/\\\/darkamazi.site\\\/archives\\\/1036292#breadcrumb\",\"itemListElement\":[{\"@type\":\"ListItem\",\"position\":1,\"name\":\"Home\",\"item\":\"https:\\\/\\\/darkamazi.site\\\/\"},{\"@type\":\"ListItem\",\"position\":2,\"name\":\"Mazlum Abdi&#8217;den Ba\u015fkan Mesud Barzani ve Ne\u00e7irvan Barzani&#8217;ye te\u015fekk\u00fcr\"}]},{\"@type\":\"WebSite\",\"@id\":\"https:\\\/\\\/darkamazi.site\\\/#website\",\"url\":\"https:\\\/\\\/darkamazi.site\\\/\",\"name\":\"Darka Mazi\",\"description\":\"Ana Sayfa\",\"publisher\":{\"@id\":\"https:\\\/\\\/darkamazi.site\\\/#organization\"},\"potentialAction\":[{\"@type\":\"SearchAction\",\"target\":{\"@type\":\"EntryPoint\",\"urlTemplate\":\"https:\\\/\\\/darkamazi.site\\\/?s={search_term_string}\"},\"query-input\":{\"@type\":\"PropertyValueSpecification\",\"valueRequired\":true,\"valueName\":\"search_term_string\"}}],\"inLanguage\":\"en-US\"},{\"@type\":\"Organization\",\"@id\":\"https:\\\/\\\/darkamazi.site\\\/#organization\",\"name\":\"Darka Mazi T\u00fcrk\u00e7e\",\"alternateName\":\"Darka Mazi\",\"url\":\"https:\\\/\\\/darkamazi.site\\\/\",\"logo\":{\"@type\":\"ImageObject\",\"inLanguage\":\"en-US\",\"@id\":\"https:\\\/\\\/darkamazi.site\\\/#\\\/schema\\\/logo\\\/image\\\/\",\"url\":\"https:\\\/\\\/darkamazi.site\\\/darka-content\\\/uploads\\\/2017\\\/12\\\/darka-mazi-logo.png\",\"contentUrl\":\"https:\\\/\\\/darkamazi.site\\\/darka-content\\\/uploads\\\/2017\\\/12\\\/darka-mazi-logo.png\",\"width\":151,\"height\":75,\"caption\":\"Darka Mazi T\u00fcrk\u00e7e\"},\"image\":{\"@id\":\"https:\\\/\\\/darkamazi.site\\\/#\\\/schema\\\/logo\\\/image\\\/\"},\"sameAs\":[\"https:\\\/\\\/www.facebook.com\\\/DarkaMaziturkce\",\"https:\\\/\\\/x.com\\\/DarkaMaziTurkce\"]},{\"@type\":\"Person\",\"@id\":\"https:\\\/\\\/darkamazi.site\\\/#\\\/schema\\\/person\\\/67986a95ac546c16760365877ef4a9d3\",\"name\":\"darka mazi\",\"sameAs\":[\"https:\\\/\\\/darkamazi.site\"],\"url\":\"https:\\\/\\\/darkamazi.site\\\/archives\\\/author\\\/turkish\"}]}<\/script>\n<!-- \/ Yoast SEO plugin. -->","seo_head_json":{"title":"Mazlum Abdi'den Ba\u015fkan Mesud Barzani ve Ne\u00e7irvan Barzani'ye te\u015fekk\u00fcr - Darka Mazi","robots":{"index":"index","follow":"follow","max-snippet":"max-snippet:-1","max-image-preview":"max-image-preview:large","max-video-preview":"max-video-preview:-1"},"canonical":"https:\/\/darkamazi.site\/archives\/1036292","og_locale":"en_US","og_type":"article","og_title":"Mazlum Abdi'den Ba\u015fkan Mesud Barzani ve Ne\u00e7irvan Barzani'ye te\u015fekk\u00fcr - Darka Mazi","og_description":"Ba\u015fkan Mesud Barzani ve Ne\u00e7irvan Barzani\u2019ye te\u015fekk\u00fcr eden Demokratik Suriye G\u00fc\u00e7leri (DSG) Genel Komutan\u0131 Mazlum Abdi, \u201cZira ate\u015fkesin sa\u011flanmas\u0131, diyalo\u011fa geri d\u00f6n\u00fclmesi ve imzalanan anla\u015fmalar\u0131n uygulanmas\u0131 amac\u0131yla Amerikal\u0131 arabulucuyla koordineli olarak siyasi \u00e7abalara destek vermeye devam ediyorlar\u201d dedi. Sosyal medya platformu X \u00fczerinden yapt\u0131\u011f\u0131 a\u00e7\u0131klamada Abdi, Ba\u015fkan Mesud Barzani ve K\u00fcrdistan B\u00f6lgesi Ba\u015fkan\u0131 Ne\u00e7irvan Barzani [&hellip;]","og_url":"https:\/\/darkamazi.site\/archives\/1036292","og_site_name":"Darka Mazi","article_publisher":"https:\/\/www.facebook.com\/DarkaMaziturkce","article_published_time":"2026-01-23T12:28:52+00:00","og_image":[{"width":1500,"height":945,"url":"https:\/\/darkamazi.site\/file\/2026\/01\/Serok-Barzaniye-tesekkur.jpg","type":"image\/jpeg"}],"author":"darka mazi","twitter_card":"summary_large_image","twitter_creator":"@DarkaMaziTurkce","twitter_site":"@DarkaMaziTurkce","twitter_misc":{"Written by":"darka mazi","Est. reading time":"1 minute"},"schema":{"@context":"https:\/\/schema.org","@graph":[{"@type":"NewsArticle","@id":"https:\/\/darkamazi.site\/archives\/1036292#article","isPartOf":{"@id":"https:\/\/darkamazi.site\/archives\/1036292"},"author":{"name":"darka mazi","@id":"https:\/\/darkamazi.site\/#\/schema\/person\/67986a95ac546c16760365877ef4a9d3"},"headline":"Mazlum Abdi&#8217;den Ba\u015fkan Mesud Barzani ve Ne\u00e7irvan Barzani&#8217;ye te\u015fekk\u00fcr","datePublished":"2026-01-23T12:28:52+00:00","mainEntityOfPage":{"@id":"https:\/\/darkamazi.site\/archives\/1036292"},"wordCount":251,"publisher":{"@id":"https:\/\/darkamazi.site\/#organization"},"image":{"@id":"https:\/\/darkamazi.site\/archives\/1036292#primaryimage"},"thumbnailUrl":"https:\/\/darkamazi.site\/file\/2026\/01\/Serok-Barzaniye-tesekkur.jpg","keywords":["\u00f6nemli"],"articleSection":["Kurdistan"],"inLanguage":"en-US"},{"@type":"WebPage","@id":"https:\/\/darkamazi.site\/archives\/1036292","url":"https:\/\/darkamazi.site\/archives\/1036292","name":"Mazlum Abdi'den Ba\u015fkan Mesud Barzani ve Ne\u00e7irvan Barzani'ye te\u015fekk\u00fcr - Darka Mazi","isPartOf":{"@id":"https:\/\/darkamazi.site\/#website"},"primaryImageOfPage":{"@id":"https:\/\/darkamazi.site\/archives\/1036292#primaryimage"},"image":{"@id":"https:\/\/darkamazi.site\/archives\/1036292#primaryimage"},"thumbnailUrl":"https:\/\/darkamazi.site\/file\/2026\/01\/Serok-Barzaniye-tesekkur.jpg","datePublished":"2026-01-23T12:28:52+00:00","breadcrumb":{"@id":"https:\/\/darkamazi.site\/archives\/1036292#breadcrumb"},"inLanguage":"en-US","potentialAction":[{"@type":"ReadAction","target":["https:\/\/darkamazi.site\/archives\/1036292"]}]},{"@type":"ImageObject","inLanguage":"en-US","@id":"https:\/\/darkamazi.site\/archives\/1036292#primaryimage","url":"https:\/\/darkamazi.site\/file\/2026\/01\/Serok-Barzaniye-tesekkur.jpg","contentUrl":"https:\/\/darkamazi.site\/file\/2026\/01\/Serok-Barzaniye-tesekkur.jpg","width":1500,"height":945,"caption":"Mazlum Abdi'den Ba\u015fkan Mesud Barzani ve Ne\u00e7irvan Barzani'ye te\u015fekk\u00fcr"},{"@type":"BreadcrumbList","@id":"https:\/\/darkamazi.site\/archives\/1036292#breadcrumb","itemListElement":[{"@type":"ListItem","position":1,"name":"Home","item":"https:\/\/darkamazi.site\/"},{"@type":"ListItem","position":2,"name":"Mazlum Abdi&#8217;den Ba\u015fkan Mesud Barzani ve Ne\u00e7irvan Barzani&#8217;ye te\u015fekk\u00fcr"}]},{"@type":"WebSite","@id":"https:\/\/darkamazi.site\/#website","url":"https:\/\/darkamazi.site\/","name":"Darka Mazi","description":"Ana Sayfa","publisher":{"@id":"https:\/\/darkamazi.site\/#organization"},"potentialAction":[{"@type":"SearchAction","target":{"@type":"EntryPoint","urlTemplate":"https:\/\/darkamazi.site\/?s={search_term_string}"},"query-input":{"@type":"PropertyValueSpecification","valueRequired":true,"valueName":"search_term_string"}}],"inLanguage":"en-US"},{"@type":"Organization","@id":"https:\/\/darkamazi.site\/#organization","name":"Darka Mazi T\u00fcrk\u00e7e","alternateName":"Darka Mazi","url":"https:\/\/darkamazi.site\/","logo":{"@type":"ImageObject","inLanguage":"en-US","@id":"https:\/\/darkamazi.site\/#\/schema\/logo\/image\/","url":"https:\/\/darkamazi.site\/file\/2017\/12\/darka-mazi-logo.png","contentUrl":"https:\/\/darkamazi.site\/file\/2017\/12\/darka-mazi-logo.png","width":151,"height":75,"caption":"Darka Mazi T\u00fcrk\u00e7e"},"image":{"@id":"https:\/\/darkamazi.site\/#\/schema\/logo\/image\/"},"sameAs":["https:\/\/www.facebook.com\/DarkaMaziturkce","https:\/\/x.com\/DarkaMaziTurkce"]},{"@type":"Person","@id":"https:\/\/darkamazi.site\/#\/schema\/person\/67986a95ac546c16760365877ef4a9d3","name":"darka mazi","sameAs":["https:\/\/darkamazi.site"],"url":"https:\/\/darkamazi.site\/archives\/author\/turkish"}]}},"_links":{"self":[{"href":"https:\/\/darkamazi.site\/funavuv\/wp\/v2\/posts\/1036292","targetHints":{"allow":["GET"]}}],"collection":[{"href":"https:\/\/darkamazi.site\/funavuv\/wp\/v2\/posts"}],"about":[{"href":"https:\/\/darkamazi.site\/funavuv\/wp\/v2\/types\/post"}],"author":[{"embeddable":true,"href":"https:\/\/darkamazi.site\/funavuv\/wp\/v2\/users\/2"}],"replies":[{"embeddable":true,"href":"https:\/\/darkamazi.site\/funavuv\/wp\/v2\/comments?post=1036292"}],"version-history":[{"count":0,"href":"https:\/\/darkamazi.site\/funavuv\/wp\/v2\/posts\/1036292\/revisions"}],"wp:featuredmedia":[{"embeddable":true,"href":"https:\/\/darkamazi.site\/funavuv\/wp\/v2\/media\/1036293"}],"wp:attachment":[{"href":"https:\/\/darkamazi.site\/funavuv\/wp\/v2\/media?parent=1036292"}],"wp:term":[{"taxonomy":"category","embeddable":true,"href":"https:\/\/darkamazi.site\/funavuv\/wp\/v2\/categories?post=1036292"},{"taxonomy":"post_tag","embeddable":true,"href":"https:\/\/darkamazi.site\/funavuv\/wp\/v2\/tags?post=1036292"}],"curies":[{"name":"wp","href":"https:\/\/api.w.org\/{rel}","templated":true}]}}