{"id":1036295,"date":"2026-01-23T22:17:23","date_gmt":"2026-01-23T19:17:23","guid":{"rendered":"https:\/\/darkamazi.site\/?p=1036295"},"modified":"2026-01-24T12:07:52","modified_gmt":"2026-01-24T09:07:52","slug":"imrali-tutanaklari-yayinlandi-ocalan-suriyeyi-israilin-insafina-birakmayacagim-demis","status":"publish","type":"post","link":"https:\/\/darkamazi.site\/archives\/1036295","title":{"rendered":"\u0130mral\u0131 tutanaklar\u0131 yay\u0131nland\u0131: \u00d6calan \u201cSuriye\u2019yi \u0130srail\u2019in insaf\u0131na b\u0131rakmayaca\u011f\u0131m\u201d demi\u015f"},"content":{"rendered":"<p style=\"text-align: justify\">Meclis\u2019teki komisyon \u00fcyelerinin 24 Kas\u0131m 2025&#8217;te Abdullah \u00d6calan ile \u0130mral\u0131 Adas\u0131&#8217;nda yapt\u0131\u011f\u0131 g\u00f6r\u00fc\u015fme yapm\u0131\u015ft\u0131.Meclis Milli Dayan\u0131\u015fma, Karde\u015flik ve Demokrasi Komisyonu ad\u0131na yap\u0131lan g\u00f6r\u00fc\u015fmeye ili\u015fkin kay\u0131tlar, &#8220;\u0130mral\u0131 Y\u00fcksek G\u00fcvenlikli Cezaevi G\u00f6r\u00fc\u015fme Tutana\u011f\u0131&#8221; ba\u015fl\u0131\u011f\u0131yla TBMM&#8217;nin resmi internet sitesinde yer ald\u0131.<\/p>\n<p style=\"text-align: justify\">Yay\u0131nlanan tutanaklarda \u00d6calan\u2019dan dikkat ve tepki \u00e7eken a\u00e7\u0131klamalar geldi. Ninesinin T\u00fcrkmen oldu\u011funu siyasete ad\u0131m\u0131n\u0131 \u00dclk\u00fc Oca\u011f\u0131nda att\u0131\u011f\u0131n\u0131 s\u00f6yledi. Konu\u015fma boyunca T\u00fcrkiye\u2019yi g\u00fc\u00e7lendirmekten s\u00f6z eden \u00d6calan Suriye konusuna bir \u00e7ok kez de\u011findi.<\/p>\n<p style=\"text-align: justify\"><strong>Suriye ve DSG\u2019ye ili\u015fkin: \u00d6calan Kom\u00fcn sistemi istemi\u015f<\/strong><\/p>\n<p style=\"text-align: justify\">Abdullah \u00d6calan, Suriye\u2019de ABD ve \u0130srail deste\u011fiyle hareket eden Demokratik Suriye G\u00fc\u00e7leri\u2019nin (DSG) 100 bin ki\u015filik bir silahl\u0131 g\u00fcce ula\u015ft\u0131\u011f\u0131n\u0131, ancak bu yap\u0131n\u0131n ba\u015f\u0131ndaki Ferhat Abdi \u015eahin\u2019in kendisine ba\u011fl\u0131 oldu\u011funu belirtti. \u0130srail\u2019in b\u00f6lgedeki hegemonyas\u0131 i\u00e7in bir &#8220;K\u00fcrt devlet\u00e7ili\u011fi&#8221; istedi\u011fini, kendisinin ise buna kar\u015f\u0131 \u00e7\u0131karak Suriye\u2019nin toprak b\u00fct\u00fcnl\u00fc\u011f\u00fc i\u00e7inde &#8220;yerel demokrasi&#8221; ve &#8220;kom\u00fcn&#8221; sistemini benimsedi\u011fini ifade etti.<\/p>\n<p style=\"text-align: justify\">Suriye rejimi ve Ahmed El-\u015eara ile diyalog kurulmas\u0131 gerekti\u011fini, \u00e7\u00f6z\u00fcm\u00fcn ayr\u0131l\u0131k\u00e7\u0131 bir devlet de\u011fil, demokratik bir Suriye entegrasyonu oldu\u011funu s\u00f6yledi. E\u011fer kendisine imkan tan\u0131n\u0131rsa DSG konusunu &#8220;ustaca ve karde\u015f\u00e7e&#8221; halledece\u011fini, petrol kaynaklar\u0131 ve s\u0131n\u0131r kap\u0131lar\u0131 i\u00e7in bir payla\u015f\u0131m modeli geli\u015ftirilebilece\u011fini ve Suriye\u2019yi \u0130srail g\u00fcd\u00fcm\u00fcne b\u0131rakmayaca\u011f\u0131n\u0131 dile getirdi.<\/p>\n<p style=\"text-align: justify\"><strong>\u00d6calan: Tecrit ko\u015fullar\u0131nda \u00e7al\u0131\u015fmayaca\u011f\u0131m<\/strong><\/p>\n<p style=\"text-align: justify\">\u00d6calan, Devlet Bah\u00e7eli\u2019nin g\u00fcndeme getirdi\u011fi &#8220;umut hakk\u0131&#8221; kavram\u0131n\u0131n tarihi \u00f6nemde oldu\u011funu ve bu ifadenin bo\u015funa kullan\u0131lmad\u0131\u011f\u0131n\u0131 belirtti. Mevcut tecrit ko\u015fullar\u0131nda \u00e7al\u0131\u015famayaca\u011f\u0131n\u0131 s\u00f6yleyen \u00d6calan, teorik ve pratik imkanlar\u0131n sa\u011flanmas\u0131 ve umut hakk\u0131n\u0131n tan\u0131nmas\u0131 durumunda devlete hizmet etmeye haz\u0131r oldu\u011funu ifade etti. Bu hakk\u0131n genel bir af yerine &#8220;umut ilkesi&#8221; \u00e7er\u00e7evesinde de\u011ferlendirilmesi gerekti\u011fini, \u015fayet bu imkanlar tan\u0131n\u0131r da ba\u015far\u0131s\u0131z olursa yarg\u0131lanmay\u0131 kabul edece\u011fini s\u00f6yledi. \u00d6calan, bu ad\u0131m\u0131n &#8220;Ter\u00f6rs\u00fcz ve \u015eiddetsiz Y\u00fczy\u0131l&#8221;\u0131n kap\u0131s\u0131n\u0131 aralayacak kilit hamle oldu\u011funu ekledi.<\/p>\n<p style=\"text-align: justify\"><strong>\u00d6calan: PKK zihinsel olarak da silah b\u0131rak\u0131p d\u00fc\u015fmanl\u0131\u011f\u0131 sona erdirmeli<\/strong><\/p>\n<p style=\"text-align: justify\">\u00d6calan, yapt\u0131\u011f\u0131 \u00e7a\u011fr\u0131lar neticesinde Kandil\u2019in 27 \u015eubat bildirisine uydu\u011funu, PKK\u2019nin fiilen &#8220;kendisini feshetti\u011fini&#8221; ve H\u00fclya Oran liderli\u011finde silah yakma eylemlerinin ger\u00e7ekle\u015fti\u011fini belirtti. Sabri Ok liderli\u011finde T\u00fcrkiye\u2019deki \u00f6rg\u00fct mensuplar\u0131n\u0131n \u00e7ekildi\u011fini, s\u00fcrecin y\u00fczde 70 oran\u0131nda tamamland\u0131\u011f\u0131n\u0131 ve son bir y\u0131lda \u00e7at\u0131\u015fma \u00e7\u0131kmamas\u0131n\u0131n b\u00fcy\u00fck bir ba\u015far\u0131 oldu\u011funu dile getirdi.<\/p>\n<p style=\"text-align: justify\">TUSA\u015e sald\u0131r\u0131s\u0131 gibi eylemleri Kandil\u2019deki &#8220;de\u011fi\u015fik seslerin&#8221; bir sonucu olarak g\u00f6rse de bundan \u00fcz\u00fcnt\u00fc duydu\u011funu ifade etti. \u00d6rg\u00fct i\u00e7inde T\u00fcrklerin de bulundu\u011funu, buna Duran Kalkan\u2019\u0131 \u00f6rnek g\u00f6stererek hat\u0131rlatan \u00d6calan, PKK\u2019nin sadece silah b\u0131rakmas\u0131n\u0131n yetmeyece\u011fini, zihinsel olarak da silah\u0131 b\u0131rak\u0131p d\u00fc\u015fmanl\u0131\u011f\u0131 sonland\u0131rmas\u0131 gerekti\u011fini ve kendisinin bu d\u00f6n\u00fc\u015f\u00fcm\u00fc sa\u011flayacak g\u00fcce sahip oldu\u011funu s\u00f6yledi.<\/p>\n<p style=\"text-align: justify\"><strong>\u00d6calan, \u00a0Rojhilat i\u00e7inde devlet veya federasyon istemiyor<\/strong><\/p>\n<p style=\"text-align: justify\">Abdullah \u00d6calan, \u0130ran&#8217;\u0131n PKK \u00fczerinde en az \u0130srail kadar bir a\u011f\u0131rl\u0131\u011f\u0131 oldu\u011funu belirtmekle birlikte, \u0130ran\u2019daki idamlar devam etti\u011fi s\u00fcrece PJAK\u2019\u0131n silah b\u0131rakmayaca\u011f\u0131n\u0131 vurgulad\u0131.<\/p>\n<p style=\"text-align: justify\">\u0130ran&#8217;\u0131n &#8220;\u015eii projesine&#8221; mesafeli durdu\u011funu ifade eden \u00d6calan, topyek\u00fbn bir sava\u015f yerine diyalog ve ate\u015fkes s\u00fcrecinin ba\u015flat\u0131larak; K\u00fcrtler ve Azeriler i\u00e7in demokratik haklar\u0131n g\u00fcvenceye al\u0131nd\u0131\u011f\u0131 bir entegrasyon modelinin \u0130ran&#8217;a dayat\u0131lmas\u0131 gerekti\u011fini savundu.<\/p>\n<p style=\"text-align: justify\">\u00d6calan, \u00e7\u00f6z\u00fcm vizyonunun &#8220;ayr\u0131 bir devlet&#8221; veya &#8220;federasyon&#8221; olmad\u0131\u011f\u0131n\u0131, aksine T\u00fcrkiye Cumhuriyeti ile b\u00fct\u00fcnle\u015fme oldu\u011funu \u015fu s\u00f6zlerle anlatt\u0131:<\/p>\n<p style=\"text-align: justify\"><strong>\u00d6calan: Arad\u0131\u011f\u0131m\u0131z devlet T\u00fcrkiye Cumhuriyetidir<\/strong><\/p>\n<p style=\"text-align: justify\">&#8220;Arad\u0131\u011f\u0131m\u0131z devlet T\u00fcrkiye Cumhuriyeti\u2019dir. \u00d6nerdi\u011fim model Demokratik Cumhuriyet ve yerel demokrasidir. T\u00fcrks\u00fcz K\u00fcrt, K\u00fcrts\u00fcz T\u00fcrk olmaz. \u015eehit ailelerinin ac\u0131s\u0131n\u0131 biliyorum, her asker kayb\u0131 benim i\u00e7in bir trajedidir.&#8221;<\/p>\n<p style=\"text-align: justify\">\u00a0\u201cMeclis&#8217;in resmi internet sitesinde payla\u015f\u0131lan tutana\u011f\u0131n tam metni \u015f\u00f6yle:<\/p>\n<p style=\"text-align: justify\">&#8220;Konu: Abdullah \u00d6calan\u2019\u0131n, 24\/11\/2025 tarihinde Komisyon \u00fcyeleri ile ger\u00e7ekle\u015ftirdi\u011fi g\u00f6r\u00fc\u015fmedeki ifadeler.<\/p>\n<p style=\"text-align: justify\"><strong>&#8220;Abdullah \u00d6calan: Devlet Bah\u00e7eli K\u00fcrt-T\u00fcrk ili\u015fkilerine b\u00fcy\u00fck katk\u0131 sa\u011flad\u0131<\/strong><\/p>\n<p style=\"text-align: justify\">\u00d6ncelikle K\u00fcrt sorununun bin y\u0131ll\u0131k bir sorun oldu\u011funu, bu sorunun 3 a\u015famas\u0131n\u0131n bulundu\u011funu, bu kapsamda konjonkt\u00fcrel s\u00fcrecin dikkate al\u0131nmas\u0131 gerekti\u011fini,<\/p>\n<p style=\"text-align: justify\">Tarihte yap\u0131lan b\u00fcy\u00fck hatay\u0131 Feti (Y\u0131ld\u0131z) Bey&#8217;in de ideolojisini de g\u00f6zeterek anlatmak istedi\u011fini,<\/p>\n<p style=\"text-align: justify\">Kendisinin (Abdullah \u00d6calan) Ankara&#8217;da ilk gitti\u011fi derne\u011fin \u00dclk\u00fc Oca\u011f\u0131 oldu\u011funu, siyasete orada ba\u015flad\u0131\u011f\u0131n\u0131,<\/p>\n<p style=\"text-align: justify\">K\u00fcrt sorununun devlet kat\u0131ndan siyasi kata ge\u00e7ti\u011fini, bu ciddi sorunu \u015fimdi siyasiler ile tart\u0131\u015faca\u011f\u0131n\u0131 ve bunu \u00e7ok \u00f6nemsedi\u011fini,<\/p>\n<p style=\"text-align: justify\"><strong>\u00d6calan: Bah\u00e7eli ve Erdo\u011fan\u2019a te\u015fekk\u00fcr etmek istiyorum<\/strong><\/p>\n<p style=\"text-align: justify\">Kendisinin (Abdullah \u00d6calan) ilk ba\u015fta Say\u0131n Cumhurba\u015fkan\u0131 ve Say\u0131n Devlet Bah\u00e7eli&#8217;ye te\u015fekk\u00fcr etmek istedi\u011fini, \u00f6zellikle Say\u0131n Devlet Bah\u00e7eli&#8217;nin Cumhuriyet tarihinde ender g\u00f6r\u00fclen bir cesaret sergiledi\u011fini, bu kapsamda an\u0131lana \u015f\u00fckran duydu\u011funu<\/p>\n<p style=\"text-align: justify\">T\u00fcm s\u00f6zlerinin arkas\u0131nda oldu\u011funu, ko\u015fullar elverirse teorik ve pratik imkanlar\u0131n\u0131n bunu ger\u00e7ekle\u015ftirmeye m\u00fcsait oldu\u011funu<\/p>\n<p style=\"text-align: justify\">Y\u00fcz y\u0131ll\u0131k T\u00fcrk-K\u00fcrt ili\u015fki sistemati\u011fine Say\u0131n Bah\u00e7eli (Say\u0131n Devlet Bah\u00e7eli)&#8217;nin s\u00f6zleri ile b\u00fcy\u00fck katk\u0131 sa\u011flad\u0131\u011f\u0131n\u0131,<\/p>\n<p style=\"text-align: justify\">Kendilerinin (Abdullah \u00d6calan ve PKK) Turgut \u00d6zal d\u00f6neminden yani 1992&#8217;den bu yana s\u0131ras\u0131yla Erdal \u0130n\u00f6n\u00fc ve S\u00fcleyman Demirel d\u00f6neminde Devlet ile irtibat ve diyalog kurduklar\u0131n\u0131,<\/p>\n<p style=\"text-align: justify\">Devlet i\u00e7erisindeki bir elin kendileri (Abdullah \u00d6calan ve PKK) ile K\u00fcrt sorununun \u00e7\u00f6z\u00fclmesini istemedi\u011fini, her seferinde darbe mekanizmas\u0131n\u0131n devreye girdi\u011fini,<\/p>\n<p style=\"text-align: justify\">(H\u00fcseyin Yayman \u015fehit ailelerinin hassasiyeti ile geldiklerini belirtmesi \u00fczerine) Her asker kayb\u0131n\u0131n kendisi i\u00e7in trajedi oldu\u011funu, asla sevinmedi\u011fini, bu gen\u00e7lerin b\u00f6yle \u00f6lmemesi gerekti\u011fini,<\/p>\n<p style=\"text-align: justify\">T\u00fcrkiye&#8217;de ve b\u00f6lgede kesinlikle \u00e7\u00f6z\u00fcme ula\u015fmalar\u0131 ve do\u011fru yerden kap\u0131y\u0131 aralamay\u0131 ba\u015farmalar\u0131 halinde b\u00fcy\u00fck bir talih kap\u0131s\u0131n\u0131n a\u00e7\u0131laca\u011f\u0131n\u0131, hem de b\u00f6lgeyi yeniden belirleyece\u011fini,<\/p>\n<p style=\"text-align: justify\">Ba\u015faramamalar\u0131 durumunda darbe mekanizmas\u0131n\u0131n ba\u015fta Say\u0131n Devlet Bah\u00e7eli ve Say\u0131n Cumhurba\u015fkan\u0131&#8217;na olmak \u00fczere i\u015fleyebilece\u011fini, Say\u0131n Devlet Bah\u00e7eli&#8217;nin de konu\u015fmalar\u0131nda buna de\u011findi\u011fini,<\/p>\n<p style=\"text-align: justify\">Mehmet Ali Birand&#8217;\u0131n 1988&#8217;de izin almadan kendisiyle (Abdullah \u00d6calan) r\u00f6portaj yapt\u0131\u011f\u0131n\u0131, (Turgut) \u00d6zal&#8217;\u0131n aray\u0131p &#8216;ne yapt\u0131n Mehmet Ali, beni yakt\u0131n&#8217; dedi\u011fini, Ankara&#8217;ya d\u00f6ner d\u00f6nmez b\u00fct\u00fcn g\u00fcc\u00fcyle bu meselenin \u00e7\u00f6z\u00fclmesiyle u\u011fra\u015facakken Milliyet&#8217;te yay\u0131nlanan bu r\u00f6portajdan 4 g\u00fcn sonra suikast\u0131n yap\u0131ld\u0131\u011f\u0131n\u0131, 17 Nisan&#8217;da \u00d6zal&#8217;\u0131n \u00d6zel Kalem M\u00fcd\u00fcr\u00fc Kaya Toperi ile bir g\u00f6r\u00fc\u015fme yapacakken \u00d6zal&#8217;\u0131n bir anda \u00f6ld\u00fc\u011f\u00fcn\u00fc ve bu suikast\u0131n \u00f6rtbas edildi\u011fini, O&#8217;nun \u00f6l\u00fcm\u00fcnden ku\u015fku duydu\u011funu, ba\u015far\u0131lamamas\u0131 durumunda, sadece Say\u0131n Devlet Bah\u00e7eli&#8217;ye de\u011fil, b\u00fct\u00fcn MHP&#8217;ye y\u00fckleneceklerini, Erdo\u011fan&#8217;a (Say\u0131n Cumhurba\u015fkan\u0131) nas\u0131l y\u00fcklendiklerini bildi\u011fini,<\/p>\n<p style=\"text-align: justify\">Muhataplar\u0131n\u0131n, kendisinin (Abdullah \u00d6calan) nas\u0131l bir g\u00fcnah ke\u00e7isi haline getirildi\u011finin fark\u0131nda olduklar\u0131n\u0131, kendisine yap\u0131lan sald\u0131r\u0131lar\u0131n bar\u0131\u015fa ve karde\u015flik hukukuna kar\u015f\u0131 sald\u0131r\u0131lar oldu\u011funu, baz\u0131lar\u0131n\u0131n etki ajan\u0131 olduklar\u0131n\u0131 ve bunlar\u0131 bilin\u00e7li yapt\u0131klar\u0131n\u0131,<\/p>\n<p style=\"text-align: justify\">Say\u0131n Devlet Bah\u00e7eli&#8217;nin &#8216;bu sorun \u00e7\u00f6z\u00fclmezse Anadolu&#8217;dan da T\u00fcrkl\u00fckten de geriye bir \u015fey kalmaz&#8217; dedi\u011fini,<\/p>\n<p style=\"text-align: justify\">Mustafa Kemal (ATAT\u00dcRK)&#8217;in \u00c7anakkale&#8217;de b\u00fcy\u00fck bir sava\u015f verdi\u011fini, Anzaklara &#8216;sizin \u015fehitleriniz bizim de \u015fehitlerimiz&#8217; dedi\u011fini, \u015fehit ailelerinin kendisini (Abdullah \u00d6calan) de b\u00f6yle tan\u0131mlamalar\u0131n\u0131 istedi\u011fini, kendisinin (Abdullah \u00d6calan) de \u015fehit ailelerine sayg\u0131yla bakt\u0131\u011f\u0131n\u0131 ve ac\u0131lar\u0131n\u0131n ne kadar b\u00fcy\u00fck oldu\u011funu bildi\u011fini,<\/p>\n<p style=\"text-align: justify\">Ge\u00e7mi\u015f d\u00f6nemde J\u0130TEM Ba\u015fkan\u0131&#8217;na &#8216;bu sorunu siz bu hale getirip benim kuca\u011f\u0131ma att\u0131n\u0131z, b\u00fct\u00fcn g\u00fcnah benim de\u011fil&#8217; dedi\u011fini, 4 kuvvet komutan\u0131n\u0131n olumlu sonu\u00e7 \u00e7\u0131kmazsa kendisinin idam\u0131n\u0131n onaylanaca\u011f\u0131n\u0131 ifade ettiklerini, kendisinin (Abdullah \u00d6calan) &#8216;benim i\u00e7in demokratik \u00e7\u00f6z\u00fcmden ba\u015fka bir \u00e7\u00f6z\u00fcm m\u00fcmk\u00fcn de\u011fil&#8217; dedi\u011fini,<\/p>\n<p style=\"text-align: justify\">Amerika ve Binyamin Netanyahu&#8217;nun yeni anla\u015fmalar sistemati\u011fine \u0130brahim Anla\u015fmalar\u0131 denildi\u011fini, b\u00f6yle bir projenin devrede oldu\u011funu, \u0130ran&#8217;\u0131n \u015eii projesi bulundu\u011funu, \u015fu an biraz geri \u00e7ekildi\u011fini ama iddialar\u0131n\u0131n devam etti\u011fini,<\/p>\n<p style=\"text-align: justify\">\u00c7\u00f6z\u00fcm s\u00fcreci her ne kadar gergin de olsa b\u00fcy\u00fck bir s\u0131navla kar\u015f\u0131 kar\u015f\u0131ya da olsa en az\u0131ndan gelinen noktada &#8216;sadece iyi niyet a\u00e7\u0131s\u0131ndan de\u011fil \u00f6n\u00fcm\u00fczdeki 100 y\u0131l\u0131 de\u011fil 1000 y\u0131l\u0131 \u015fekillendiren bir kap\u0131y\u0131 aralayacaklar\u0131n\u0131, 1000 y\u0131ll\u0131k, 100 y\u0131ll\u0131k ve anl\u0131k Karde\u015flik\/\u00e7\u00f6z\u00fcm kap\u0131s\u0131 aralayacaklar\u0131n\u0131,<\/p>\n<p style=\"text-align: justify\">Medyadaki ak\u0131l almaz s\u00f6ylemlere ra\u011fmen T\u00fcrkiye&#8217;nin b\u00f6yle bir meselesi oldu\u011funu ve ertelenemeyecek bir durumda oldu\u011funu, kendilerinin de kesin \u00e7\u00f6z\u00fcm istedi\u011fini,<\/p>\n<p style=\"text-align: justify\">Say\u0131n (Devlet) Bah\u00e7eli&#8217;nin uzatt\u0131\u011f\u0131 bu ele, Say\u0131n Cumhurba\u015fkan\u0131&#8217;n\u0131n da Malazgirt&#8217;te i\u00e7 cephenin g\u00fc\u00e7lendirilmesine y\u00f6nelik bir konu\u015fmas\u0131n\u0131n oldu\u011funu, ona binaen Say\u0131n (Devlet) Bah\u00e7eli&#8217;nin katk\u0131 olarak &#8216;el uzat\u0131yorum&#8217; dedi\u011fini, ancak \u00f6rg\u00fct\u00fcn Kandil&#8217;de de\u011fi\u015fik sesler \u00e7\u0131kard\u0131\u011f\u0131n\u0131, hatta eylem ger\u00e7ekle\u015ftirdi\u011fini, TUSA\u015e eylemine \u00e7ok \u00fcz\u00fcld\u00fc\u011f\u00fcn\u00fc,<\/p>\n<p style=\"text-align: justify\">Say\u0131n (Devlet) Bah\u00e7eli&#8217;nin kendisinin &#8216;E\u011fer imkanlar tan\u0131n\u0131rsa ben devlete hizmet etmeye haz\u0131r\u0131m&#8217; s\u00f6z\u00fcn\u00fc hat\u0131rlat\u0131p, &#8216;buyurun&#8217; demesi, hatta gerekirse umut hakk\u0131 da dahil olmak \u00fczere DEM Parti grup toplant\u0131s\u0131nda konu\u015fmas\u0131n\u0131 istemesinin&#8217; tarihi oldu\u011funu,<\/p>\n<p style=\"text-align: justify\">S\u00f6z\u00fcn\u00fcn arkas\u0131nda oldu\u011funu, ko\u015fullar elverirse teorik ve pratik imkanlar\u0131n\u0131n bunu ger\u00e7ekle\u015ftirmeye m\u00fcsait oldu\u011funu,<\/p>\n<p style=\"text-align: justify\">\u00d6rg\u00fctte T\u00fcrklerin de yer ald\u0131\u011f\u0131n\u0131, ba\u015f\u0131n\u0131 da Duran Kalkan diye T\u00fcrk bir \u00f6rg\u00fct mensubunun \u00e7ekti\u011fini, \u00f6rg\u00fctte b\u00f6yle bir T\u00fcrk k\u00f6kenli grubun her zaman bulundu\u011funu, ba\u015ftan beri b\u00f6yle bir gelene\u011fin oldu\u011funu, d\u00fc\u015f\u00fcncesi Kandil&#8217;e ula\u015ft\u0131\u011f\u0131nda, tek tarafl\u0131 Ate\u015fkes yap\u0131p, buna ba\u011fl\u0131 kald\u0131klar\u0131n\u0131,<\/p>\n<p style=\"text-align: justify\">27 \u015eubat Bildirisine y\u00f6neldi\u011fini, bunu hat\u0131rlatmas\u0131 gerekti\u011fini, \u00f6zellikle belirtmek istedi\u011fini, her c\u00fcmlenin bir programatik \u00f6zelli\u011finin bulundu\u011funu, her c\u00fcmlenin bir program oldu\u011funu, (Bunun \u00fczerine Feti Y\u0131ld\u0131z taraf\u0131ndan &#8216;fark\u0131nday\u0131z&#8217; \u015feklinde cevap verilmi\u015ftir.)<\/p>\n<p style=\"text-align: justify\">Yapm\u0131\u015f oldu\u011fu \u00e7a\u011fr\u0131s\u0131nda K\u00fcrt sorununun nas\u0131l \u00e7\u00f6z\u00fclebilece\u011fini anlatt\u0131\u011f\u0131n\u0131, Kandil&#8217;in bu bildiriye harfiyen de uydu\u011funu ve (PKK) kendisini feshetti\u011fini, bunun ard\u0131ndan Bese (H\u00fclya Oran)&#8217;nin liderli\u011finde silah yakma eyleminin ger\u00e7ekle\u015fti\u011fini, bu kapsamda an\u0131lan\u0131n sorumluluk g\u00f6sterdi\u011fini, bunun ger\u00e7ekle\u015fmesi ile kendisince (Abdullah \u00d6calan) gerekenlerin y\u00fczde 70&#8217;nin yap\u0131ld\u0131\u011f\u0131n\u0131, bu geli\u015fme ard\u0131ndan Sabri (Ok) liderli\u011finde T\u00fcrkiye&#8217;deki \u00f6rg\u00fct mensuplar\u0131n\u0131n T\u00fcrkiye&#8217;den \u00e7ekildiklerini,<\/p>\n<p style=\"text-align: justify\">S\u00fcre\u00e7te ge\u00e7en bir y\u0131l\u0131 ba\u015far\u0131l\u0131 g\u00f6rd\u00fc\u011f\u00fcn\u00fc, bu d\u00f6nemde hi\u00e7bir \u015fehit verilmedi\u011fini ve \u00e7at\u0131\u015fma \u00e7\u0131kmad\u0131\u011f\u0131n\u0131 ayr\u0131ca b\u00f6ylelikle b\u00fcy\u00fck bir politik a\u00e7\u0131l\u0131m\u0131n sa\u011fland\u0131\u011f\u0131n\u0131, bu kapsamda kamuoyunda olan deste\u011fin artt\u0131\u011f\u0131n\u0131, \u0130lerleyen s\u00fcre\u00e7te kamuoyunun akl\u0131nda olan baz\u0131 soru i\u015faretlerinin de giderilece\u011fini d\u00fc\u015f\u00fcnd\u00fc\u011f\u00fcn\u00fc,<\/p>\n<p style=\"text-align: justify\">Bah\u00e7eli (Say\u0131n Devlet Bah\u00e7eli)&#8217;nin de s\u00f6yledi\u011fi gibi kendisi (Abdullah \u00d6calan) i\u00e7in ileti\u015fim kanallar\u0131n\u0131n a\u00e7\u0131lmas\u0131 gerekti\u011fini,<\/p>\n<p style=\"text-align: justify\">Ge\u00e7mi\u015fte S.Demirel&#8217;in Mardin&#8217;de &#8216;K\u00fcrt realitesini tan\u0131yorum&#8217; dedi\u011fini, ayr\u0131ca bu d\u00f6nemde kendisinin (Abdullah \u00d6calan) yan\u0131na Halep&#8217;e Ahmet T\u00dcRK ve S\u0131rr\u0131 SAKIK&#8217;\u0131 g\u00f6nderdi\u011fini, onlara &#8216;biz K\u00fcrt kimli\u011fini tan\u0131yal\u0131m, siz de silah\u0131 b\u0131rak\u0131n&#8217; dedi\u011fini, o zaman bu f\u0131rsat\u0131 ka\u00e7\u0131rd\u0131\u011f\u0131n\u0131 ancak S.Demirel&#8217;in bu sorunu \u00e7\u00f6zmek i\u00e7in \u00e7ok \u00e7al\u0131\u015ft\u0131\u011f\u0131n\u0131,<\/p>\n<p style=\"text-align: justify\">1997&#8217;de (Necmettin) Erbakan&#8217;\u0131n da bir giri\u015fimi oldu\u011funu, Haf\u0131z ESAD ve Abdulhalim HADDAM&#8217;\u0131n kendisini (Abdullah \u00d6calan) \u00e7a\u011f\u0131rd\u0131\u011f\u0131n\u0131 ve 3 adet mektup g\u00f6sterdi\u011fini, arkas\u0131ndan 28 \u015eubat&#8217;\u0131n ger\u00e7ekle\u015fti\u011fini, mektuplar\u0131n 5 senelik muafiyet, siyasi haklardan yOksunluk gibi konular\u0131n bir \u00f6zeti oldu\u011funu ama f\u0131rsat tan\u0131nmad\u0131\u011f\u0131n\u0131,<\/p>\n<p style=\"text-align: justify\">Milli G\u00fcvenlik Kurulu&#8217;nun Sabri (Ok)&#8217;lerle ili\u015fkiye ge\u00e7ti\u011fini ve 1997&#8217;de ismine &#8216;toplumla ili\u015fkiler&#8217; denildi\u011fini ama sonras\u0131nda t\u0131kand\u0131\u011f\u0131n\u0131 ve d\u0131\u015far\u0131dan bir m\u00fcdahale oldu\u011funu d\u00fc\u015f\u00fcnd\u00fc\u011f\u00fcn\u00fc,<\/p>\n<p style=\"text-align: justify\">Kilis&#8217;te Kara Kuvvetleri Komutan\u0131 Atilla Ate\u015f&#8217;in \u201c\u00e7\u0131kmazsa 2 g\u00fcn i\u00e7erisinde Suriye&#8217;yi i\u015fgal edece\u011fiz&#8217; demecini verdi\u011fini, MOSSAD \u00fczerinden oldu\u011funu \u00e7ok iyi bildi\u011fi yo\u011fun bir ileti\u015fim oldu\u011funu, Arafat&#8217;\u0131 i\u00e7ine \u00e7ektikleri yol gibi &#8216;ya Stockholm ya Kuzey Irak, ba\u015fka t\u00fcrl\u00fc bu d\u00fcnyada ayak basacak yer senin i\u00e7in bitti&#8217; dediklerini, bunu bo\u015fa \u00e7\u0131karmak i\u00e7in Kuzey Irak&#8217;ta beklerken \u015fa\u015f\u0131rt\u0131c\u0131 bir bi\u00e7imde Atina&#8217;dan \u00e7\u0131kt\u0131\u011f\u0131n\u0131, orada Stavrakis adl\u0131 Yunanl\u0131 \u0130stihbarat Genel Sorumlusunun &#8216;Oslo d\u0131\u015f\u0131nda sen buradan \u00e7\u0131kamazs\u0131n, hi\u00e7bir yere hatta kendi \u00fclkene bile gidi\u015fine imkan tan\u0131mayaca\u011f\u0131z&#8217; dedi\u011fini, kendisinin (Abdullah \u00d6calan) hayretler i\u00e7erisinde kald\u0131\u011f\u0131n\u0131, hi\u00e7 hesapta olmayan bir \u015fekilde Moskova&#8217;ya gitti\u011fini, Jirinovski (Vladimir) ad\u0131nda bir Yahudi&#8217;nin kendisini kar\u015f\u0131lad\u0131\u011f\u0131n\u0131, &#8216;seni bir evde saklayabiliriz bunun d\u0131\u015f\u0131nda hi\u00e7 bir imkan yok&#8217; dediklerini, kendisinin (Abdullah \u00d6calan) de &#8216;bunlar resmi parti beni Moskova&#8217;da nas\u0131l gizleyecekler&#8217; dedi\u011fini ve akl\u0131n\u0131n almad\u0131\u011f\u0131n\u0131, sonras\u0131nda hikayenin &#8216;senin d\u00fcnya \u00fczerinde MOSSAD d\u0131\u015f\u0131nda s\u0131\u011f\u0131nacak bir yerin yok&#8217; \u015feklinde mesaj verildi\u011fini,<\/p>\n<p style=\"text-align: justify\">Du\u015fanbe&#8217;ye kadar g\u00f6t\u00fcr\u00fcld\u00fc\u011f\u00fcn\u00fc ve so\u011fuk havada 3-4 saat bekletildi\u011fini, Sosyalist-Kom\u00fcnist Moskova&#8217;n\u0131n bu hale nas\u0131l geldi\u011finin ak\u0131l al\u0131r gibi olmad\u0131\u011f\u0131n\u0131, ard\u0131ndan Roma&#8217;ya gitti\u011fini, bu kez de &#8216;CIA ve MOSSAD ku\u015f u\u00e7urtmuyor&#8217; dediklerini, tekrar Atina&#8217;y\u0131 denediklerini ve bu kez de Minsk&#8217;te havaalan\u0131nda &#8216;vatans\u0131z olarak kalabilirsin&#8217; dediklerini, bu kadar a\u015fa\u011f\u0131l\u0131k hareket mi olaca\u011f\u0131n\u0131, sonras\u0131nda Nairobi&#8217;ye g\u00f6t\u00fcr\u00fcld\u00fc\u011f\u00fcn\u00fc ve orada hik\u00e2yenin tamamen onlar\u0131n kontrol\u00fcnden \u00e7\u0131kt\u0131\u011f\u0131n\u0131, kendisine \u0130ngiliz ajan\u0131 oldu\u011funu d\u00fc\u015f\u00fcnd\u00fc\u011f\u00fc el\u00e7inin bir tabanca verdi\u011fini, tek korumas\u0131n\u0131n o olaca\u011f\u0131n\u0131 ve yan\u0131nda olmas\u0131n\u0131 s\u00f6ylediklerini, daha sonra J\u0130TEM&#8217;in kendisine (Abdullah \u00d6calan) &#8216;o silah\u0131 kullansayd\u0131n seni kesinlikle orada \u00f6ld\u00fcrecektik&#8217; dedi\u011fini, bunlar\u0131 Bah\u00e7eli (Say\u0131n Devlet Bah\u00e7eli)&#8217;yi yak\u0131ndan ilgilendirdi\u011fi i\u00e7in anlatt\u0131\u011f\u0131n\u0131,<\/p>\n<p style=\"text-align: justify\">Kendisinin dahil olmamas\u0131 halinde 100 y\u0131ll\u0131k T\u00fcrk K\u00fcrt sava\u015f\u0131n\u0131n ka\u00e7\u0131n\u0131lmaz olaca\u011f\u0131n\u0131 bunun \u00e7ok \u00f6nemli oldu\u011funu,<\/p>\n<p style=\"text-align: justify\">&#8216;K\u00fcrts\u00fcz T\u00fcrk, T\u00fcrks\u00fcz K\u00fcrt&#8217; olmayaca\u011f\u0131n\u0131, Say\u0131n (Devlet) Bah\u00e7eli&#8217;nin buna \u00e7ok ba\u011fl\u0131 oldu\u011funu, bunun Cumhuriyet ideolojisi oldu\u011funu, pozitivizm ile ba\u011flant\u0131l\u0131 oldu\u011funu, K\u00fcrt&#8217;\u00fcn tasfiyesini gerektirdi\u011fini, buna T\u00fcrkmenlerin de dahil oldu\u011funu, onun da eritildi\u011fini, as\u0131l &#8216;yaralar nas\u0131l geli\u015fti, isyana neler yol a\u00e7t\u0131&#8217; onu a\u00e7\u0131klamak i\u00e7in anlatt\u0131\u011f\u0131n\u0131,<\/p>\n<p style=\"text-align: justify\">Dolay\u0131s\u0131 ile bu ideolojinin T\u00fcrkiye&#8217;de biraz etkili oldu\u011funu, bunu (muhataplar\u0131n\u0131n) \u00e7ok iyi bildiklerini, her t\u00fcrl\u00fc isyan\u0131n nedenin de bu oldu\u011funu,<\/p>\n<p style=\"text-align: justify\">\u015eeyh SA\u0130D isyan\u0131na gelindi\u011finde, Kurtulu\u015f Sava\u015f\u0131 ideolojisinin \u0130slami \u00fcmmet anlay\u0131\u015f\u0131 ile sa\u011fland\u0131\u011f\u0131n\u0131, daha sonra bu anlay\u0131\u015ftan ayr\u0131l\u0131nca bunun tepki do\u011furdu\u011funu, o tepkinin de isyana yol a\u00e7t\u0131\u011f\u0131n\u0131, (Feti Y\u0131ld\u0131z &#8216;Hepsine isyan denildi\u011fini ama isyan olmad\u0131\u011f\u0131n\u0131,&#8217; ifade etmi\u015ftir. Bir\u00e7o\u011funun tedhi\u015f hareketi oldu\u011funu belirtmi\u015ftir.)<\/p>\n<p style=\"text-align: justify\">K\u00fcrt isyanlar\u0131n\u0131n ad\u0131n\u0131n K\u00fcrtl\u00fck isyan\u0131 oldu\u011funu, kendisininkinin de asl\u0131nda bir isyan oldu\u011funu, her ne kadar &#8216;Modern kurtulu\u015f sava\u015f\u0131, gerilla demi\u015f olsalar da bunun K\u00fcrdi isyan olmaktan \u00f6teye gidemedi\u011fini ve bunun a\u015f\u0131lmad\u0131\u011f\u0131n\u0131, trajik bir hal almaya ba\u015flad\u0131\u011f\u0131n\u0131, 1993&#8217;te sonu\u00e7land\u0131rmak istedi\u011fini, \u00d6zal&#8217;\u0131n TALABAN\u0130 \u00fczerinden kendilerine mesaj g\u00f6nderdi\u011fini,<\/p>\n<p style=\"text-align: justify\">\u00d6zal&#8217;\u0131n kendilerine &#8216;yapt\u0131\u011f\u0131n her \u015fey yanl\u0131\u015f de\u011fil, K\u00fcrt kimli\u011fini tan\u0131tmada rol\u00fcn\u00fc oynad\u0131n \u015fayet silahl\u0131 m\u00fccadeleye devam edersen b\u00fct\u00fcn \u00e7abalar\u0131n\u0131n bo\u015fa gidece\u011fini belirtti\u011fini, kendisinin d\u00fc\u015f\u00fcnd\u00fc\u011f\u00fcn\u00fc ancak gecikti\u011fini, onlar\u0131n hakl\u0131 olduklar\u0131n\u0131, o zaman toy oldu\u011funu, tarihi bir esnada \u00d6zal&#8217;\u0131n vefat etti\u011fini,<\/p>\n<p style=\"text-align: justify\">Kendilerinin (Komisyon \u00dcyelerinin) tan\u0131kl\u0131\u011f\u0131n\u0131 \u00f6nemli buldu\u011funu, bilimsel tan\u0131k, \u015fahit olduklar\u0131n\u0131, &#8216;d\u0131\u015far\u0131da bilim bunu s\u00f6yl\u00fcyor demeleri&#8217; gerekti\u011fi, sapt\u0131rmalar\u0131n \u00e7ok korkun\u00e7 oldu\u011funu,<\/p>\n<p style=\"text-align: justify\">Cezaevinden gelen bir mektupta &#8216;Osmanl\u0131 \u0130mparatorlu\u011fu&#8217;nun y\u0131k\u0131l\u0131\u015f s\u00fcrecinin K\u00fcrt isyanlar\u0131n\u0131n ba\u015flamas\u0131 ile birlikte oldu\u011fu&#8217; \u015feklinde anlat\u0131ld\u0131\u011f\u0131n\u0131, Abdulhamit&#8217;in tedbir al\u0131p Hamidiye Mektepleri kurdurdu\u011funu, bu tedbirin \u00e7ok ciddi oldu\u011funu, Abdulhamit&#8217;in K\u00fcrt \u0130syanlar\u0131n\u0131n Osmanl\u0131&#8217;n\u0131n y\u0131k\u0131l\u0131\u015f\u0131na neden oldu\u011funu fark etti\u011fini,<\/p>\n<p style=\"text-align: justify\">Sultan Abd\u00fclmecit&#8217;in K\u00fcrt Mirlikler ile dostane bir \u00e7\u00f6z\u00fcm geli\u015ftirmeye \u00e7al\u0131\u015ft\u0131\u011f\u0131n\u0131, o d\u00f6nemde Rus \u00c7arl\u0131\u011f\u0131 ve Fransa&#8217;n\u0131n Suriye&#8217;de bir S\u00fcryani ve Kuzey&#8217;de (Do\u011fu Anadolu&#8217;da) bir Ermeni devleti kurmak i\u00e7in \u00e7al\u0131\u015ft\u0131klar\u0131n\u0131,<\/p>\n<p style=\"text-align: justify\">Say\u0131n Bah\u00e7eli (Say\u0131n Devlet Bah\u00e7eli)&#8217;nin Kud\u00fcs ve Selahattin Eyyubi \u00e7\u0131k\u0131\u015flar\u0131n\u0131 \u00e7ok \u00f6nemli g\u00f6rd\u00fc\u011f\u00fcn\u00fc, Selahattin Eyyubi&#8217;nin Kud\u00fcs&#8217;\u00fc fethetmesinde T\u00fcrk ve K\u00fcrt Birli\u011fini sa\u011flamas\u0131n \u00e7ok etkili oldu\u011funu d\u00fc\u015f\u00fcnd\u00fc\u011f\u00fcn\u00fc,<\/p>\n<p style=\"text-align: justify\"><strong>\u00d6calan: Ninem T\u00fcrkmendir<\/strong><\/p>\n<p style=\"text-align: justify\">Ninesinin T\u00fcrkmen k\u00f6kenli oldu\u011funu, Sel\u00e7uklu Sultan\u0131 Sancar&#8217;\u0131n kendisine ba\u015fkent olarak Med devletinin eski ba\u015fkenti olan Hamedan&#8217;\u0131 se\u00e7ti\u011fini, Bu co\u011frafyada &#8216;T\u00fcrks\u00fcz K\u00fcrt, K\u00fcrts\u00fcz T\u00fcrk&#8217;\u00fcn ya\u015famayaca\u011f\u0131n\u0131&#8217; anlad\u0131\u011f\u0131n\u0131,<\/p>\n<p style=\"text-align: justify\">Sultan Alparslan&#8217;\u0131n Malazgirt&#8217;te ba\u015far\u0131l\u0131 olmas\u0131nda Silvan&#8217;da bulunan Mervani Emirli\u011fi ve Ahlat&#8217;ta bulunan K\u00fcrt Emirli\u011fi ile anla\u015farak onlardan destek almas\u0131 oldu\u011funu, bunu da Osman TURAN&#8217;\u0131n yazm\u0131\u015f oldu\u011fu kitapta Okudu\u011funu,<\/p>\n<p style=\"text-align: justify\">Malazgirt&#8217;in K\u00fcrtlerin de yayg\u0131n olarak sava\u015ft\u0131\u011f\u0131 bir zafer oldu\u011funu, Anadolu&#8217;nun kap\u0131s\u0131n\u0131n T\u00fcrklere a\u00e7\u0131ld\u0131\u011f\u0131n\u0131n s\u00f6ylendi\u011fini ancak F\u0131rat&#8217;a kadar \u015eanl\u0131urfa, Malatya&#8217;ya geni\u015fledi\u011fini ve bunun K\u00fcrtlerin nefes almas\u0131n\u0131 sa\u011flad\u0131\u011f\u0131n\u0131,<\/p>\n<p style=\"text-align: justify\">ATAT\u00dcRK&#8217;\u00fcn Beyaz\u0131t&#8217;taki a\u015firet beyine &#8216;e\u011fer bu sava\u015fta birbirimizle sava\u015f\u0131rsak ne K\u00fcrdistan ne T\u00fcrkiye kal\u0131r, ikisi de kaybeder&#8217; dedi\u011fini, birlik d\u0131\u015f\u0131nda bir kurtulu\u015f yolu olmad\u0131\u011f\u0131n\u0131, sonras\u0131nda sava\u015f\u0131n kazan\u0131ld\u0131\u011f\u0131n\u0131 ve K\u00fcrt katk\u0131s\u0131n\u0131n g\u00f6z ard\u0131 edilemeyece\u011fini,<\/p>\n<p style=\"text-align: justify\"><strong>\u00d6calan: Erbil\u2019de Yahudi kongresi yap\u0131ld\u0131<\/strong><\/p>\n<p style=\"text-align: justify\">Ge\u00e7ti\u011fimiz g\u00fcnlerde Erbil&#8217;de bir kongre ile Almanya&#8217;da Yahudi-K\u00fcrt Kongresi yap\u0131ld\u0131\u011f\u0131n\u0131, bunlar\u0131n \u00e7ok \u00f6nemli oldu\u011funu, muhataplar\u0131n\u0131n bundan haberleri olup olmad\u0131\u011f\u0131n\u0131, (F. Y\u0131ld\u0131z, bildi\u011fini s\u00f6ylemi\u015ftir.)<\/p>\n<p style=\"text-align: justify\">MOSSAD&#8217;\u0131n g\u00fcc\u00fcn\u00fc anlamalar\u0131 i\u00e7in anlatt\u0131\u011f\u0131n\u0131, ge\u00e7mi\u015fte i\u00e7inde bulundu\u011fu u\u00e7a\u011f\u0131n NATO&#8217;nun Avrupa&#8217;n\u0131n hi\u00e7bir kentine inmeyecek dediklerini, inan\u0131lmaz bir kontrol bulundu\u011funu, m\u00fchim olan\u0131n bir T\u00fcrk&#8217;\u00fcn elinden kendisinin vurulmu\u015f olmas\u0131 oldu\u011funu, b\u00f6ylelikle \u00f6rg\u00fct\u00fcn onlar\u0131n emrine girece\u011fini, inan\u0131lmaz suikast ve \u00f6ld\u00fcrmelerin Gazze&#8217;deki gibi inan\u0131lmaz bir furyan\u0131n ba\u015flayaca\u011f\u0131n\u0131, o d\u00f6nem kendini yakanlar\u0131n oldu\u011funu, k\u0131yamet koptu\u011funu, bug\u00fcn de bunu muhataplar\u0131n\u0131n anlatmas\u0131 gerekece\u011fini, bug\u00fcn hala \u00f6nemini korudu\u011funu, tarihin b\u00f6yle geli\u015fti\u011fini, kendisinin teredd\u00fcts\u00fcz hamleler yapt\u0131\u011f\u0131n\u0131,<\/p>\n<p style=\"text-align: justify\">Bug\u00fcn\u00fc yorumlamak i\u00e7in bu bilgilerin bilinmesi gerekti\u011fini bu sebeple a\u00e7\u0131klad\u0131\u011f\u0131n\u0131,<\/p>\n<p style=\"text-align: justify\">Orta Do\u011fu&#8217;n\u0131n kaderini (muhataplar\u0131n\u0131n) de\u011fi\u015ftireceklerini, topu kendilerine ataca\u011f\u0131n\u0131,<\/p>\n<p style=\"text-align: justify\">PKK isyan\u0131n\u0131n sebebini anlatt\u0131\u011f\u0131n\u0131, neden sona erdirdi\u011fini ve b\u00fcy\u00fck riskin mekani\u011fini a\u00e7\u0131klamak istedi\u011fini, her \u015feyin bildikleri gibi olmayabilece\u011fini, kendisini yanl\u0131\u015f anlamamalar\u0131n\u0131,<\/p>\n<p style=\"text-align: justify\">(Say\u0131n Devlet) Bah\u00e7eli&#8217;nin Devleti en az kendisi kadar bildi\u011fini, kendisinin de abart\u0131yor olabilece\u011fini ama her ihtimalin hesaba kat\u0131lmas\u0131 gerekti\u011fini, tecr\u00fcbesinin \u00e7ok b\u00fcy\u00fck oldu\u011funu,<\/p>\n<p style=\"text-align: justify\">(S\u00fcreci bozmak isteyenleri kast etti\u011fi tertipleyicilerin \u00e7ok g\u00fc\u00e7l\u00fc olduklar\u0131n\u0131 de\u011ferlendirilmektedir.)<\/p>\n<p style=\"text-align: justify\">Kendisinin (Abdullah \u00d6calan) MHP&#8217;yi \u00e7ok iyi tan\u0131d\u0131\u011f\u0131n\u0131 e\u011fer MHP&#8217;liler Bah\u00e7eli (Say\u0131n Devlet Bah\u00e7eli)&#8217;yi hakl\u0131 g\u00f6rmeselerdi onun arkas\u0131nda durmayacaklar\u0131n\u0131 ve desteklemeyeceklerini bildi\u011fini,<\/p>\n<p style=\"text-align: justify\">CHP&#8217;nin (Meclis Komisyonu&#8217;nda) ald\u0131\u011f\u0131 son karar\u0131n \u00e7ok dikkat \u00e7ekici oldu\u011funu ancak bunu CHP&#8217;nin d\u0131\u015flanmas\u0131 i\u00e7in s\u00f6ylemedi\u011fini,<\/p>\n<p style=\"text-align: justify\">Suriye&#8217;de \u015fu an bir \u015feyler d\u00f6nd\u00fc\u011f\u00fcn\u00fc, kendisinin (Abdullah \u00d6calan) Suriye&#8217;yi \u00e7ok iyi tan\u0131d\u0131\u011f\u0131n\u0131 \u00e7\u00fcnk\u00fc 20 sene orada ya\u015fad\u0131\u011f\u0131n\u0131,<\/p>\n<p style=\"text-align: justify\">Meclis Komisyonu \u00fcyelerinin baz\u0131 konularda kendisinden (Abdullah \u00d6calan) daha ileride olduklar\u0131n\u0131 ancak baz\u0131 konularda kendisinin (Abdullah \u00d6calan) onlardan daha ileri olduklar\u0131n\u0131,<\/p>\n<p style=\"text-align: justify\"><strong>\u00d6calan: Ziya G\u00f6kalp sebepisiz bir \u00f6rnek de\u011fildir<\/strong><\/p>\n<p style=\"text-align: justify\">Toplum i\u00e7in daha \u00f6nemli ad\u0131mlardan bahsedece\u011fini, normalde PKK&#8217;n\u0131n 1993&#8217;de feshedilmesi gerekti\u011fini d\u00fc\u015f\u00fcnd\u00fc\u011f\u00fcn\u00fc, T\u00fcrk-K\u00fcrt ili\u015fkisinin simbiyotik bir ili\u015fki oldu\u011funu, bu kapsamda Ziya G\u00d6KALP \u00f6rne\u011finin sebepsiz bir \u00f6rnek olmad\u0131\u011f\u0131n\u0131,<\/p>\n<p style=\"text-align: justify\">Anadolu T\u00fcrkl\u00fc\u011f\u00fcn\u00fcn K\u00fcrtl\u00fc\u011fe, Mezopotamya K\u00fcrtl\u00fc\u011f\u00fcn\u00fcn ise Anadolu&#8217;ya ba\u011fl\u0131 oldu\u011funu,<\/p>\n<p style=\"text-align: justify\">PKK&#8217;n\u0131n sadece silah b\u0131rakmas\u0131n\u0131n de\u011fil zihinsel olarak (d\u00fc\u015fmanl\u0131\u011f\u0131n da) sonlanmas\u0131 gerekti\u011fini, iki millet aras\u0131nda karde\u015flik ili\u015fkisinin bulundu\u011funu, aralar\u0131nda isyan, sava\u015f ve \u00e7at\u0131\u015fman\u0131n ya\u015fand\u0131\u011f\u0131n\u0131, (bunun \u00fczerine F.Y\u0131ld\u0131z; &#8216;\u015fehit haberi geldi\u011fi d\u00f6nemde bile kimsenin gidip bir K\u00fcrt kom\u015fusunun cam\u0131n\u0131 k\u0131rmad\u0131\u011f\u0131n\u0131, bu kadar hadiseye ra\u011fmen ortada bir K\u00fcrt T\u00fcrk d\u00fc\u015fmanl\u0131\u011f\u0131n\u0131n hi\u00e7bir zaman olu\u015fmad\u0131\u011f\u0131n\u0131&#8217; belirtmi\u015ftir.)<\/p>\n<p style=\"text-align: justify\">(T\u00fcrklerin ve K\u00fcrtlerin) Bin y\u0131ld\u0131r i\u00e7 i\u00e7e ya\u015fad\u0131klar\u0131n\u0131, Urfa&#8217;da bulunan Karake\u00e7ili T\u00fcrkmenlerinin kendisinden daha K\u00fcrt olduklar\u0131n\u0131, Germiyano\u011fullar\u0131n\u0131n ise \u00f6z\u00fcnde K\u00fcrt iken zamanla T\u00fcrkle\u015ftiklerini, bu tarihi ger\u00e7ekli\u011fin g\u00f6z ard\u0131 edilmemesi gerekti\u011fini, iki kimli\u011fin de birbirine sayg\u0131 duymas\u0131 gerekti\u011fini, birbirlerini yok etmeye \u00e7al\u0131\u015fmalar\u0131n bir tuzak oldu\u011funu,<\/p>\n<p style=\"text-align: justify\">Reel sosyalizm d\u00fc\u015f\u00fcncesini 1995&#8217;ten beri terk etti\u011fini, zihin d\u00f6n\u00fc\u015f\u00fcm\u00fcn\u00fcn sanc\u0131l\u0131 bir s\u00fcre\u00e7 oldu\u011funu, o s\u00fcrecin b\u0131rak\u0131ld\u0131\u011f\u0131n\u0131 ve zihnen silah b\u0131rakmak gerekti\u011fini, pratikte zaman alaca\u011f\u0131n\u0131, \u00f6rg\u00fct mensuplar\u0131n\u0131 haz\u0131rlamas\u0131 gerekti\u011fini, Duran Kalkan&#8217;\u0131n kendisinden (Abdullah \u00d6calan) daha \u00e7ok &#8216;asla silah kullanmayaca\u011f\u0131z&#8217; dedi\u011fini,<\/p>\n<p style=\"text-align: justify\">Suriye meselesinin T\u00fcrkiye kadar \u00f6nemli oldu\u011funu, ESAD ailesi ile epey ili\u015fkileri oldu\u011funu, zaten onlar\u0131n yak\u0131n himaye ve deste\u011fi ile ya\u015fad\u0131\u011f\u0131n\u0131,<\/p>\n<p style=\"text-align: justify\"><strong>\u00d6calan: SDG\u2019nin \u0130srail deste\u011fi ile 100 bin ki\u015filik ordusu var<\/strong><\/p>\n<p style=\"text-align: justify\">SDG&#8217;nin ABD ve \u0130srail deste\u011fiyle en az 100 bin ki\u015filik silahl\u0131 g\u00fcc\u00fcn\u00fcn bulundu\u011funu ve san\u0131landan daha fazla yayg\u0131nla\u015ft\u0131\u011f\u0131n\u0131, buna di\u011fer b\u00f6lgelerin de dahil edilebilece\u011fini, kongrenin belgelerinin kendisine gelmedi\u011fini ancak Avrupa&#8217;daki (K\u00fcrt-Yahudi Kongresi) ve Erbil&#8217;deki (6&#8217;\u0131nc\u0131 Orta Do\u011fu Bar\u0131\u015f ve G\u00fcvenlik Forumu) kongrenin de anlam\u0131n\u0131n &#8216;biz burada (\u0130mral\u0131) \u00e7\u00f6z\u00fcme giderken onlar da orada \u00e7\u00f6z\u00fcme gidiyor&#8217; oldu\u011funu,<\/p>\n<p style=\"text-align: justify\">Ferhat Abdi \u015eAH\u0130N&#8217;in kendisine (Abdullah \u00d6calan) en yak\u0131n ki\u015filerden birisi ve kendisine ba\u011fl\u0131 oldu\u011funu,<\/p>\n<p style=\"text-align: justify\"><strong>\u00d6calan: Erbil\u2019deki 6. Ortado\u011fu Konferans\u0131n\u0131 T\u00fcrklere \u015fikayet etti<\/strong><\/p>\n<p style=\"text-align: justify\">Erbil&#8217;deki toplant\u0131da ve Avrupa&#8217;daki kongrenin Almanlar\u0131n himayesinde yap\u0131ld\u0131\u011f\u0131n\u0131, &#8216;tam K\u00fcrtlerin devlet kurma a\u015famas\u0131na geldiklerinde en b\u00fcy\u00fck engel \u015fu anda Apo&#8217;dur&#8217; dediklerini, kendisinin (Abdullah \u00d6calan) y\u00f6ntem olarak \u00f6nerdi\u011finin Demokratik Toplum oldu\u011funu,<\/p>\n<p style=\"text-align: justify\">Kendisinin Demokratik Toplum ve onlar\u0131n K\u00fcrt devlet\u00e7ili\u011fi i\u00e7in \u00e7at\u0131\u015ft\u0131\u011f\u0131n\u0131,<\/p>\n<p style=\"text-align: justify\">\u0130srail i\u00e7in K\u00fcrtlerin \u00e7ok gerekli oldu\u011funu \u00e7\u00fcnk\u00fc Orta Do\u011fu&#8217;nun dengelerinin bozulmas\u0131n\u0131n K\u00fcrt jeopoliti\u011fine ba\u011fl\u0131 oldu\u011funu, K\u00fcrt jeopoliti\u011fi olmadan \u0130srail&#8217;in Orta Do\u011fu hegemonyas\u0131n\u0131 ger\u00e7ekle\u015ftiremeyece\u011fini,<\/p>\n<p style=\"text-align: justify\"><strong>\u0130srail: K\u00fcrt devleti kurmak istiyor<\/strong><\/p>\n<p style=\"text-align: justify\">Kendisinin (Abdullah \u00d6calan) T\u00fcrkiye Cumhuriyeti&#8217;ni proto-\u0130srail, K\u00fcrt devlet\u00e7ili\u011fini de post-\u0130srail devlet\u00e7ili\u011fi olarak g\u00f6rd\u00fc\u011f\u00fcn\u00fc, \u00f6nceden \u0130srail kurulmas\u0131 i\u00e7in Cumhuriyet ne kadar gerekliyse \u015fimdi de Orta Do\u011fu&#8217;daki hegemonya i\u00e7in \u0130srail&#8217;e K\u00fcrt devlet\u00e7ili\u011fi gerekti\u011fini, ba\u015fka t\u00fcrl\u00fc ayakta kalamayaca\u011f\u0131n\u0131 ve hegemonya kuramayaca\u011f\u0131n\u0131,<\/p>\n<p style=\"text-align: justify\">Son ald\u0131\u011f\u0131 bilgilere g\u00f6re, &#8216;yayg\u0131n bir propaganda var, devlet olma \u015fans\u0131n\u0131z Apo taraf\u0131ndan sabote ediliyor&#8217; dendi\u011fini, bunun \u00e7ok \u00f6nemli bir saptama oldu\u011funu,<\/p>\n<p style=\"text-align: justify\">Ba\u015far\u0131s\u0131z olmalar\u0131 i\u00e7in her \u015feyi yapacaklar\u0131n\u0131, ama kendilerinin bir avantaj\u0131 oldu\u011funu, kendisinin K\u00fcrt hareketi i\u00e7erisinde bir a\u011f\u0131rl\u0131\u011f\u0131 oldu\u011funu, Say\u0131n (Devlet) Bah\u00e7eli&#8217;nin milliyet\u00e7iler i\u00e7indeki a\u011f\u0131rl\u0131\u011f\u0131 ne ise kendisinin de K\u00fcrt hareketi i\u00e7erisinde \u00f6yle oldu\u011funu, \u0130ran, Irak ve Suriye i\u00e7inde ge\u00e7erli oldu\u011funu,<\/p>\n<p style=\"text-align: justify\">Ne \u0130srail&#8217;in \u00f6nerdi\u011fi \u0130brahim Anla\u015fmas\u0131 ne de \u0130ran&#8217;\u0131n \u00f6nerdi\u011fi \u015eii projesinin ilan\u0131n\u0131n \u00fclke \u00e7\u0131kar\u0131m\u0131z i\u00e7in uygulamas\u0131n\u0131n uygun olmad\u0131\u011f\u0131n\u0131, bunun yerine demokratik entegrasyonun \u00f6nemli oldu\u011funu,<\/p>\n<p style=\"text-align: justify\">Demokratik K\u00fcrt olu\u015fumuna dikkat edilmesi gerekti\u011fini, devlet demedi\u011fini, muhatab\u0131n\u0131n ne kadar Demokratik Milliyet\u00e7ilik ise kendisininkinin de o kadar Demokratik Toplumculuk oldu\u011funu,<\/p>\n<p style=\"text-align: justify\">Devlet ile ilgili bir par\u00e7adan bahsetmedi\u011fini, Say\u0131n (Devlet) Bah\u00e7eli&#8217;nin bunu \u00e7ok iyi bildi\u011fini (Bunun \u00fczerine Feti Y\u0131ld\u0131z &#8216;Devletle\u015fme olmad\u0131\u011f\u0131n\u0131, federatif bir yap\u0131 olmad\u0131\u011f\u0131n\u0131, \u00f6zerklik olmad\u0131\u011f\u0131n\u0131 a\u00e7\u0131klad\u0131\u011f\u0131n\u0131&#8217;, Abdullah \u00d6calan&#8217; da onaylam\u0131\u015ft\u0131r.)<\/p>\n<p style=\"text-align: justify\"><strong>\u00d6calan: Arad\u0131\u011f\u0131m\u0131z devlet T\u00fcrk devletidir<\/strong><\/p>\n<p style=\"text-align: justify\">Sonu\u00e7 olarak arad\u0131klar\u0131 devletin T\u00fcrkiye Cumhuriyeti oldu\u011funu, net bir \u015fekilde s\u00f6yledi\u011fini, K\u00fcrtlerin bu devletle Orta Do\u011fu&#8217;da yer alacaklar\u0131n\u0131, kendilerini Demokratik olarak organize edeceklerini, federal \u00f6zerklikle ilgisi olmad\u0131\u011f\u0131n\u0131, bunun kendi icad\u0131 olmad\u0131\u011f\u0131n\u0131 do\u011fru sosyalizm oldu\u011funu, sola b\u00f6yle anlatt\u0131\u011f\u0131n\u0131, 200 y\u0131ll\u0131k sosyalizmi \u00e7\u00f6kertenin kendilerinin sosyalizm anlay\u0131\u015f\u0131 oldu\u011funu,<\/p>\n<p style=\"text-align: justify\">Sonu\u00e7 olarak Demokratik Toplum ile Cumhuriyet&#8217;in entegre olmas\u0131 gerekti\u011fini,<\/p>\n<p style=\"text-align: justify\">Kom\u00fcn k\u00f6keninin K\u00fcrt\u00e7e oldu\u011funu, topluluk, toplanma anlam\u0131na geldi\u011fini, Orta \u00c7a\u011fda Belediyecilik oldu\u011funu, halk\u0131n belediyele\u015fmesi, \u015firketle\u015fmesi, yerel demokrasisi oldu\u011funu, T\u00fcrkiye i\u00e7in de bunu \u00f6nerdi\u011fini,<\/p>\n<p style=\"text-align: justify\">T\u00fcrkiye i\u00e7in istedi\u011fini Suriye i\u00e7in de istedi\u011fini, bunun yerel demokrasi ve kom\u00fcn (demokratik belediyecilik) oldu\u011funu, bu konuyu her g\u00fcn d\u00fc\u015f\u00fcnd\u00fc\u011f\u00fcn\u00fc, bu kapsamda onlarla (SDG) diyalog kurabilece\u011fini, onlar\u0131n kendisini (Abdullah \u00d6calan) dinleyeceklerini d\u00fc\u015f\u00fcnd\u00fc\u011f\u00fcn\u00fc ancak bu anlamda tek tarafl\u0131 hareket etmeyeceklerini, Ahmed El-\u015eARA&#8217;n\u0131n da SDG gibi demokratik Suriye i\u00e7in pozitif ad\u0131mlar atmas\u0131n\u0131n gerekti\u011fini,<\/p>\n<p style=\"text-align: justify\">Kendisinin (Abdullah \u00d6calan) bo\u015funa tarih anlatmad\u0131\u011f\u0131n\u0131, Suriye&#8217;de \u00e7ok yo\u011fun bir Arap milliyet\u00e7ili\u011fi bulundu\u011funu, orada T\u00fcrkmenlerin de oldu\u011funu, kendilerinin (SDG) ayn\u0131 K\u00fcrtler gibi haklar\u0131n\u0131 g\u00f6zeteceklerini,<\/p>\n<p style=\"text-align: justify\">6 \u015eubat&#8217;ta ya\u015fanan depremden dolay\u0131 ba\u015fsa\u011fl\u0131\u011f\u0131 diledi\u011fini, kendilerinin (Abdullah \u00d6calan) yapacaklar\u0131 \u00e7al\u0131\u015fmay\u0131 bu depremde hayat\u0131n\u0131 kaybedenlerin an\u0131s\u0131na yapmak istedi\u011fini,<\/p>\n<p style=\"text-align: justify\">Suriye konusunda (F.Y\u0131ld\u0131z; SDG&#8217;nin 10 Mart&#8217;ta bir anla\u015fma yapt\u0131\u011f\u0131n\u0131) o anla\u015fman\u0131n 8 maddesi oldu\u011funu, bunlar\u0131 esas ald\u0131klar\u0131n\u0131, (H\u00fcseyin Yayman; kendisinin [Abdullah \u00d6calan] o \u00f6rg\u00fct\u00fcn (SDG) lideri oldu\u011funu, Suriye konusunu Meclis Komisyonu&#8217;nda ve kamuoyundaki herkesin dile getirdi\u011fini, T\u00fcrk halk\u0131n\u0131n ilk olarak Suriye&#8217;de silah b\u0131rak\u0131lmas\u0131 a\u00e7\u0131s\u0131ndan somut ad\u0131mlar ve Diyarbak\u0131r Anneleri&#8217;nin evlatlar\u0131n\u0131n ailelerine teslim edilmelerini g\u00f6rmek istedi\u011fini belirtmi\u015ftir.)<\/p>\n<p style=\"text-align: justify\"><strong>\u00d6calan: Diyarbak\u0131r Annelerinin \u00e7ocuklar\u0131n\u0131n geri gelmesi i\u00e7in komisyon kurdurdum<\/strong><\/p>\n<p style=\"text-align: justify\">(Diyarbak\u0131r Anneleri&#8217;nin \u00e7ocuklar\u0131n\u0131n ailelerine geri d\u00f6nmeleri i\u00e7in) bir komite kurduruldu\u011funu, (H\u00fcseyin Yayman; ba\u015fta s\u00f6yledi\u011fi tarihi karde\u015fli\u011fin \u00e7ok \u00f6nemli oldu\u011funu, buna kimsenin bir itiraz\u0131n\u0131n bulunmad\u0131\u011f\u0131n\u0131, art\u0131k darbe mekanizmas\u0131n\u0131 k\u0131rabileceklerini, Say\u0131n Cumhurba\u015fkan\u0131 ve Say\u0131n Devlet Bah\u00e7eli&#8217;nin bu konuda kararl\u0131 olduklar\u0131n\u0131, bu sefer bunu ba\u015farabileceklerini belirtmi\u015ftir.) darbe mekanizmas\u0131 konusunda da dikkatli olunmas\u0131 gerekti\u011fini, yoksa bu mekanizman\u0131n s\u00fcrecin \u00fczerinden buldozer gibi ge\u00e7ebilece\u011fini,<\/p>\n<p style=\"text-align: justify\">Suriye konusunda kendisinin (Abdullah \u00d6calan) \u00f6nerisinin yerel demokrasi oldu\u011funu, (AK Parti&#8217;nin) kurulu\u015f esas\u0131n\u0131n belediyecilik oldu\u011funu, yasan\u0131n eksik y\u00f6nleri oldu\u011funu ve b\u00fct\u00fcn \u015fehirlere bu yasay\u0131 yaymak istedi\u011fini, yerel demokrasi Atina demokrasisinde her b\u00f6lgeden bir delege se\u00e7ildi\u011fini ve onlar\u0131n o b\u00f6lgeyi temsil ettiklerini bunun yerellik ve demokrasi oldu\u011funu, Suriye i\u00e7in ne mezhep ne etnik temelli, yerel ba\u011flamda g\u00fc\u00e7lendirilmi\u015f bir demokrasi gerekti\u011fini d\u00fc\u015f\u00fcnd\u00fc\u011f\u00fcn\u00fc, as\u0131l sorunun bu kavram\u0131n i\u00e7eri\u011finin nas\u0131l doldurulaca\u011f\u0131 ve Anayasa&#8217;ya nas\u0131l dahil edilece\u011fi oldu\u011funu,<\/p>\n<p style=\"text-align: justify\">Bir devlet i\u00e7in merkezi \u00fcniter g\u00fc\u00e7ler kadar b\u00f6lgesel yerel demokrasinin de gerekti\u011fini, biri olmadan bir di\u011ferinin olmayaca\u011f\u0131n\u0131, (F.Y\u0131ld\u0131z bunun \u00fczerine; Suriye&#8217;de yerel demOkrasilerin bir savunma g\u00fcc\u00fc olup olmayaca\u011f\u0131 sorulmu\u015ftur.) asayi\u015f kapsam\u0131nda g\u00fc\u00e7lerin bulunaca\u011f\u0131n\u0131, Suriye&#8217;de iki g\u00fcc\u00fcn kayna\u015ft\u0131r\u0131lmas\u0131 gerekti\u011fini, Suriye&#8217;de Arap milliyet\u00e7ili\u011finin g\u00fc\u00e7l\u00fc oldu\u011funu, Suriye&#8217;de ESAD ailesinin yapt\u0131klar\u0131n\u0131n ortada oldu\u011funu, e\u011fer demokratik \u015fartlar sa\u011flanmaz ise Ahmed El-\u015eARA&#8217;n\u0131n da yar\u0131n bir diktat\u00f6re d\u00f6n\u00fc\u015febilece\u011fini,<\/p>\n<p style=\"text-align: justify\"><strong>\u00d6calan: Suriye\u2019de T\u00fcrkmen kom\u00fcn\u00fc yok<\/strong><\/p>\n<p style=\"text-align: justify\">T\u00fcrkmenlerin K\u00fcrtlerden daha k\u00f6t\u00fc durumda olduklar\u0131n\u0131, kendilerini ifade edecek bir cemiyeti, T\u00fcrkmen kom\u00fcn\u00fc bulunmad\u0131\u011f\u0131n\u0131, muhataplar\u0131n\u0131n kom\u00fcn\u00fc anlay\u0131p anlamad\u0131\u011f\u0131n\u0131,<\/p>\n<p style=\"text-align: justify\">Kom\u00fcn\u00fcn bir topluluk, sivil toplum anlam\u0131na geldi\u011fini ve olmak zorunda oldu\u011funu,<\/p>\n<p style=\"text-align: justify\">Bir iki ailenin \u00e7\u0131k\u0131p b\u00fct\u00fcn Halep&#8217;in rant\u0131n\u0131 kendine ba\u011flayabilece\u011fini ve bunun tedbirini almak gerekti\u011fini, bunun b\u00fct\u00fcn halklar i\u00e7in ge\u00e7erli oldu\u011funu, T\u00fcrkmenlerin orada bin y\u0131ld\u0131r b\u00fcy\u00fck \u00e7abalar\u0131 oldu\u011funu, onlar\u0131n sivil toplum olmas\u0131n\u0131n i\u015fin do\u011fas\u0131 gere\u011fi oldu\u011funu, \u00c7erkesler ve Ermenilerin de bulundu\u011funu, onlar\u0131n da kendini modern bir sivil toplum haline getirmesi gerekti\u011fini,<\/p>\n<p style=\"text-align: justify\">Suriye&#8217;yi sivil toplum ya da yerel demokrasi olmadan b\u0131rakmalar\u0131 durumunda yeni bir Haf\u0131z ESAD \u00e7\u0131kaca\u011f\u0131n\u0131, bunu \u00f6nlemek i\u00e7in kendisinin (Abdullah \u00d6calan) g\u00fcc\u00fcn\u00fc kullanaca\u011f\u0131n\u0131, pratikte de elinden gelen her \u015feyi yapaca\u011f\u0131n\u0131,<\/p>\n<p style=\"text-align: justify\"><strong>\u00d6calan: Ustaca ve Yava\u015f\u00e7a SDG\u2019yi halledece\u011fim<\/strong><\/p>\n<p style=\"text-align: justify\">\u0130srail&#8217;in kendi k\u00fclt\u00fcr\u00fcnden bir Suriye istedi\u011fini, Suriye&#8217;yi tamamen \u0130srail g\u00fcd\u00fcm\u00fcne b\u0131rakamayacaklar\u0131n\u0131, bunun sak\u0131ncal\u0131 oldu\u011funu, &#8216;\u0130srail&#8217;le sava\u015fal\u0131m&#8217; demedi\u011fini ama SDG de dahil ustaca, karde\u015f\u00e7e ve yava\u015f\u00e7a (Abdullah \u00d6calan) halledece\u011finin s\u00f6z\u00fcn\u00fc verdi\u011fini, bir \u00e7a\u011fr\u0131yla olmayaca\u011f\u0131n\u0131, yo\u011fun bir ili\u015fki gerekti\u011fini ve diyalog olmadan nas\u0131l yapaca\u011f\u0131n\u0131,<\/p>\n<p style=\"text-align: justify\">MHP&#8217;yi demokratik milliyet\u00e7i olarak de\u011ferlendirdi\u011fini ve T\u00fcrkiye i\u00e7in \u00e7ok gerekli oldu\u011funu, bu birikimin kesinlikle bir ittifak ruhu ile payla\u015f\u0131lmas\u0131 ve eski d\u00fc\u015fmanla\u015ft\u0131r\u0131c\u0131 bak\u0131\u015f\u0131 a\u015fmak gerekti\u011fini, \u00e7at\u0131\u015fma de\u011fil ittifak kurmak zorunda olduklar\u0131n\u0131, b\u00fct\u00fcn partileri a\u015fan bir ak\u0131l oldu\u011funu,<\/p>\n<p style=\"text-align: justify\">&#8216;Devletin \u00f6nceli\u011fini kendi partimden \u00f6nce g\u00f6rmeliyim&#8217; d\u00fc\u015f\u00fcncesinin di\u011fer partiler i\u00e7in de gerekti\u011fini<\/p>\n<p style=\"text-align: justify\">Kendilerini burada bulu\u015fturan\u0131n ve yak\u0131nla\u015ft\u0131ran\u0131n Devlet akl\u0131 oldu\u011funu, CHP de (Komisyon g\u00f6r\u00fc\u015fmesinde) olsayd\u0131 iyi olaca\u011f\u0131n\u0131,<\/p>\n<p style=\"text-align: justify\"><strong>\u00d6calan: T\u00fcrkiye merkezli entegrasyon <\/strong><\/p>\n<p style=\"text-align: justify\">T\u00fcrkiye merkezli entegrasyona Suriye, Irak ve birlikte \u00e7al\u0131\u015fmalar\u0131 halinde \u0130ran&#8217;\u0131n da mecburen dahil olaca\u011f\u0131n\u0131, orada Azerilerin bulundu\u011funu ve en az K\u00fcrtler kadar \u00f6nemli oldu\u011funu, onlar\u0131n da demokratik entegrasyona kat\u0131lmas\u0131yla bunun bir Orta Do\u011fu Birli\u011fi olaca\u011f\u0131n\u0131, demokratik entegrasyonla bunun birlikte ger\u00e7ekle\u015fece\u011fini,<\/p>\n<p style=\"text-align: justify\">T\u00fcrkiye&#8217;de Demokratik Cumhuriyet, Orta Do\u011fu&#8217;da Demokratik Orta Do\u011fu olaca\u011f\u0131n\u0131<\/p>\n<p style=\"text-align: justify\">Acele etmeden birlikte \u00e7al\u0131\u015fmak gerekti\u011fini, Suriye&#8217;de \u00fcniter devlete bir \u015fey demedi\u011fini ancak yerel demokrasisiz ve sivil toplumsuz asla olmamas\u0131 gerekti\u011fini, yeni bir diktat\u00f6rl\u00fc\u011fe kurban etmemek gerekti\u011fini,<\/p>\n<p style=\"text-align: justify\">(H\u00fcseyin Yayman&#8217;\u0131n; &#8216;petrol kaynaklar\u0131 ve s\u0131n\u0131r kap\u0131lar\u0131n\u0131n ne olaca\u011f\u0131&#8217; sorusu \u00fczerine) Bir payla\u015f\u0131m modeli geli\u015ftirilebilece\u011fini, Suriye i\u00e7in \u00f6nerdiklerini \u0130ran i\u00e7in de tart\u0131\u015facaklar\u0131n\u0131,<\/p>\n<p style=\"text-align: justify\">Kendilerinin (Abdullah \u00d6calan) b\u00fcy\u00fck ve sorunlar\u0131n\u0131 \u00e7\u00f6zm\u00fc\u015f T\u00fcrkiye istediklerini, sadece silahlar\u0131n terki de\u011fil kafadaki izleri sildiklerini ve en \u00f6nemlisi de b\u00f6lgede en yak\u0131n d\u00f6nemde Orta Do\u011fu&#8217;daki b\u00fct\u00fcn dinlere, halklara, k\u00fclt\u00fcrlere bir ortakl\u0131k modeli \u00f6nereceklerini,<\/p>\n<p style=\"text-align: justify\">Bundan \u00f6nce ne kadar negatif bir s\u00f6ylem var ise bundan sonra s\u00f6ylemlerin pozitif y\u00f6nde geli\u015fmesi gerekti\u011fini, bunun i\u00e7in de Komisyon&#8217;un tarihi bir kap\u0131 aralayaca\u011f\u0131n\u0131, rapor haz\u0131rlay\u0131p, meclise sunacaklar\u0131n\u0131 hukuki boyutu konu\u015fmad\u0131klar\u0131n\u0131 kendi sorumluluklar\u0131nda oldu\u011funu, ancak muhataplar\u0131n\u0131n s\u00f6ylediklerini hayata prati\u011fe ge\u00e7irmek i\u00e7in ileti\u015fim \u00f6zg\u00fcrl\u00fc\u011f\u00fcn\u00fcn ba\u015fta olmas\u0131 gerekti\u011fini,<\/p>\n<p style=\"text-align: justify\">PKK&#8217;n\u0131n feshi, silahtan ar\u0131nd\u0131r\u0131lmas\u0131 ad\u0131mlar\u0131ndan sonra da tekrar pozitif ad\u0131mlar ataca\u011f\u0131n\u0131, bu sebeple Komisyonun \u00e7\u0131karaca\u011f\u0131 kanunun konuya \u00f6zg\u00fc bir kanun olmas\u0131 gerekti\u011fini,<\/p>\n<p style=\"text-align: justify\"><strong>\u00d6calan\u2019dan umut ilkesine evet genel affa hay\u0131r<\/strong><\/p>\n<p style=\"text-align: justify\">PKK ile ili\u015fkili olanlar\u0131n en \u00fcstten en alta hepsinin hukuki durumlar\u0131n\u0131n a\u00e7\u0131kl\u0131\u011fa kavu\u015fmas\u0131 gerekti\u011fini, Say\u0131n (Devlet) Bah\u00e7eli&#8217;nin &#8216;umut ilkesi&#8217; \u00f6nerisinin d\u00fc\u015f\u00fcn\u00fclmesi gerekti\u011fini, bu \u015fekilde genel aftan kurtulunmu\u015f olaca\u011f\u0131n\u0131, T\u00fcrkiye i\u00e7in genel aff\u0131n uygun olmad\u0131\u011f\u0131n\u0131,<\/p>\n<p style=\"text-align: justify\">Komisyona sayg\u0131 ve selamlar\u0131n\u0131 yollad\u0131\u011f\u0131n\u0131, &#8216;Karar\u0131n yetkilerinde oldu\u011funu, dolay\u0131s\u0131yla konunun meclise ta\u015f\u0131nmas\u0131 gerekti\u011fini&#8217;,<\/p>\n<p style=\"text-align: justify\">\u0130ran&#8217;\u0131n PKK \u00fczerinde en az \u0130srail kadar a\u011f\u0131rl\u0131\u011f\u0131n\u0131n bulundu\u011funu, kendisinin \u0130ran&#8217;\u0131n ideolojisine kat\u0131lmad\u0131\u011f\u0131n\u0131,<\/p>\n<p style=\"text-align: justify\">\u0130srail&#8217;le ikisinin devlet ili\u015fkisi i\u00e7inde kendisine &#8216;devlet ilan edecektik, APO engelledi&#8217; diyeceklerini, engelleyece\u011fini, T\u00fcrkiye Cumhuriyeti&#8217;nin bir mensubu olarak hareket edece\u011fini ve demokratik toplumun K\u00fcrtlerin en ideal \u00e7\u00f6z\u00fcm tarz\u0131 oldu\u011funu s\u00f6yleyece\u011fini,<\/p>\n<p style=\"text-align: justify\"><strong>\u00d6calan: T\u00fcrkiye\u2019yi kendi devletim olarak g\u00f6r\u00fcyorum<\/strong><\/p>\n<p style=\"text-align: justify\">T\u00fcrkiye&#8217;yi art\u0131k kendi (Abdullah \u00d6calan) devleti olarak g\u00f6rd\u00fc\u011f\u00fcn\u00fc, kendisinin (Abdullah \u00d6calan) T\u00fcrkiye&#8217;nin demokratik Cumhuriyet olmas\u0131n\u0131 istedi\u011fini,<\/p>\n<p style=\"text-align: justify\">Demokratik Cumhuriyet&#8217;in in\u015fas\u0131 konusunda AK Parti&#8217;nin ciddi ad\u0131mlar att\u0131\u011f\u0131n\u0131<\/p>\n<p style=\"text-align: justify\">Kendisinin (Abdullah \u00d6calan) K\u00fcrt k\u00fclt\u00fcr\u00fcn\u00fc Cumhuriyet&#8217;e dahil etmek istedi\u011fini, bunun bir zenginlik oldu\u011funu, bunun ba\u015fka t\u00fcrl\u00fc yorumlanmamas\u0131n\u0131 istedi\u011fini,<\/p>\n<p style=\"text-align: justify\">Say\u0131n Bah\u00e7eli (Say\u0131n Devlet Bah\u00e7eli)&#8217;nin bo\u015funa umut hakk\u0131 ibaresini kullanmad\u0131\u011f\u0131n\u0131, bu olmadan kendisinin (Abdullah \u00d6calan) \u00e7al\u0131\u015famayaca\u011f\u0131n\u0131, bu yap\u0131ld\u0131ktan sonra Suriye konusunda ba\u015far\u0131l\u0131 olmamas\u0131 durumunda yarg\u0131lanmay\u0131 ve ele\u015ftirilmeyi kabul edece\u011fini, mevcut durumu ile \u0130srail&#8217;e kar\u015f\u0131 \u00e7\u0131kamayaca\u011f\u0131n\u0131, ge\u00e7mi\u015fte ESAD&#8217;\u0131n yan\u0131nda iken \u0130srail&#8217;in kendisini (Abdullah \u00d6calan) ne hale getirdi\u011finin gayet a\u00e7\u0131k oldu\u011funu,<\/p>\n<p style=\"text-align: justify\">Kendisinin (Abdullah \u00d6calan) s\u00f6z verdi\u011fini,<\/p>\n<p style=\"text-align: justify\">DEM Parti i\u00e7in de heyet olarak (\u0130mral\u0131&#8217;ya) geldiklerini, G\u00fclistan (KILI\u00c7 KO\u00c7Y\u0130\u011e\u0130T)&#8217;\u0131n da dahil olabilece\u011fini,<\/p>\n<p style=\"text-align: justify\">(H\u00fcseyin Yayman&#8217;\u0131n; &#8216;Baz\u0131 siyaset\u00e7ilerin, ki\u015filerin s\u00f6ylemleriyle s\u00fcreci zehirledi\u011fini belirtmesi \u00fczerine) PKK&#8217;da da baz\u0131 ki\u015filerin bunu yapt\u0131\u011f\u0131n\u0131, s\u00fcre\u00e7 i\u00e7erisinde (Abdullah \u00d6calan) \u00e7al\u0131\u015fma imkanlar\u0131 artarsa hepsinin halledilebilece\u011fini ancak zaman istedi\u011fini, imkan ve ko\u015fullar\u0131n\u0131n buna uygun olmad\u0131\u011f\u0131n\u0131, kendisi hayattayken bu hamle ve y\u00fczy\u0131l\u0131n ba\u015far\u0131l\u0131 ge\u00e7ece\u011fini, muhataplar\u0131 buna &#8216;Ter\u00f6rs\u00fcz Y\u00fczy\u0131l&#8217; derken kendisinin &#8216;\u015eiddetsiz Y\u00fczy\u0131l&#8217; dedi\u011fini, en az muhataplar\u0131 kadar katk\u0131 yapacak g\u00fcc\u00fcn\u00fcn bulundu\u011funu,<\/p>\n<p style=\"text-align: justify\">\u0130ttifak halinde y\u00fcr\u00fcmek gerekti\u011fini, kendisinin Komisyon \u00dcyeleri&#8217;nin buraya (\u0130mral\u0131) gelmesinden \u00e7ok umutland\u0131\u011f\u0131n\u0131 ve bir tarihi a\u015faman\u0131n ba\u015flad\u0131\u011f\u0131n\u0131, muhataplar\u0131n\u0131n da bunu ba\u015far\u0131ya ta\u015f\u0131yabilecek kilit isimler olmas\u0131n\u0131 umdu\u011funu, kendisinin (s\u00fcre\u00e7 konusunda) iyimser oldu\u011funu,<\/p>\n<p style=\"text-align: justify\">Feti Y\u0131ld\u0131z:<\/p>\n<p style=\"text-align: justify\">Milli Birlik, Dayan\u0131\u015fma ve Karde\u015flik Komisyonu \u00fcyeleri olarak kendi aralar\u0131nda yapt\u0131klar\u0131 se\u00e7imle Milliyet\u00e7i Hareket Partisi&#8217;ni temsilen kendisinin, H\u00fcseyin (YAYMAN) Bey&#8217;in AK Parti&#8217;yi temsilen, G\u00fclistan (KO\u00c7Y\u0130\u011e\u0130T) Han\u0131m&#8217;\u0131n DEM Parti&#8217;yi temsilen kendisinin (Abdullah \u00d6calan) beyanlar\u0131n\u0131 almaya geldiklerini,<\/p>\n<p style=\"text-align: justify\">Komisyonun \u015fimdiye kadar 18 toplant\u0131 yapt\u0131\u011f\u0131n\u0131, sivil toplum \u00f6rg\u00fctleri, barolar, \u015fehit ailelerinden Cumartesi Anneleri&#8217;ne kadar toplumun her kesimini dinledi\u011fini, zengin bir dinleme oldu\u011funu,<\/p>\n<p style=\"text-align: justify\">Sonunda yazacaklar\u0131 raporla bunu bir esasa ba\u011flay\u0131p, \u00e7\u00f6z\u00fcm yollar\u0131n\u0131 g\u00f6stereceklerini, hen\u00fcz Komisyon&#8217;un tamamlanmad\u0131\u011f\u0131n\u0131, raporlama a\u015famas\u0131nda olduklar\u0131n\u0131, geli\u015f sebeplerinin bu oldu\u011funu, bu g\u00f6r\u00fc\u015fmenin Komisyon&#8217;un 19. toplant\u0131s\u0131 olarak de\u011ferlendirilmesi gerekti\u011fini,<\/p>\n<p style=\"text-align: justify\">Uzun uzun T\u00fcrkiye&#8217;nin siyasal ge\u00e7mi\u015finden konu\u015famayacaklar\u0131n\u0131, (Abdullah \u00d6calan&#8217;\u0131n) \u00f6rg\u00fct\u00fcn kurucusu olarak ya\u015fam\u0131n\u0131 ve ge\u00e7irdi\u011fi siyasi evreleri bildiklerini, son olarak \u00fczerine \u00e7al\u0131\u015ft\u0131\u011f\u0131 kom\u00fcnal ve liberal belediyecilik kavramlar\u0131n\u0131 anlad\u0131klar\u0131n\u0131, \u00f6rg\u00fct\u00fcn tarihi \u00fczerine konu\u015fman\u0131n \u015fu an i\u00e7in gereksiz oldu\u011funu,<\/p>\n<p style=\"text-align: justify\">(Abdullah \u00d6calan&#8217;\u0131n) silahl\u0131 y\u00f6ntemden siyasi y\u00f6nteme ge\u00e7ti\u011fini, e\u015fit yurtta\u015fl\u0131k, k\u00fclt\u00fcrel ad\u0131mlar ve kom\u00fcnalite \u00fczerine yo\u011funla\u015ft\u0131\u011f\u0131n\u0131 bildiklerini,<\/p>\n<p style=\"text-align: justify\">(Abdullah \u00d6calan&#8217;\u0131n) \u015eubat 2025&#8217;de yapm\u0131\u015f oldu\u011fu \u00e7a\u011fr\u0131s\u0131nda b\u00fct\u00fcn yap\u0131lar\u0131n silahl\u0131 m\u00fccadeleyi b\u0131rakmas\u0131n\u0131 ve \u00f6rg\u00fctsel varl\u0131klar\u0131n\u0131 da\u011f\u0131tmalar\u0131 gerektiklerini anlad\u0131\u011f\u0131n\u0131, bunun toplumu \u00e7ok rahatlatt\u0131\u011f\u0131n\u0131, halk\u0131n bu geli\u015fmeyi takip etti\u011fini, kendilerinin (MHP&#8217;nin) silah b\u0131rak\u0131n derken Suriye, Irak ve \u0130ran&#8217;daki yap\u0131lar\u0131 da kapsamas\u0131n\u0131n \u00f6nemli oldu\u011funu,<\/p>\n<p style=\"text-align: justify\">Ya\u015fan\u0131lan sorunlar\u0131n demokrasi \u00e7er\u00e7evesinde \u00e7\u00f6z\u00fclebilece\u011fini, bunun ancak ter\u00f6re son verilerek Ter\u00f6rs\u00fcz T\u00fcrkiye&#8217;de m\u00fcmk\u00fcn olaca\u011f\u0131n\u0131,<\/p>\n<p style=\"text-align: justify\">1999 Ekim ay\u0131nda duru\u015fma salonunda kendisinin (F.Y\u0131ld\u0131z) de \u015fehitlerin avukat\u0131 olarak yer ald\u0131\u011f\u0131n\u0131,<\/p>\n<p style=\"text-align: justify\">1970&#8217;lerde K\u00fcrt hareketinin solun i\u00e7erisinde oldu\u011fu i\u00e7in fark edilmedi\u011fini, \u015fimdi tam tersi solun K\u00fcrt hareketi i\u00e7erisinde oldu\u011funu,<\/p>\n<p style=\"text-align: justify\">Kendileri burada \u00e7\u00f6z\u00fcme giderken bir \u00f6rg\u00fct mensubunun da &#8216;ne \u00e7\u00f6z\u00fcm\u00fc, ne silahs\u0131zlanmas\u0131&#8217; diye a\u00e7\u0131k\u00e7a s\u00f6yledi\u011fini, &#8216;Abdullah \u00d6calan&#8217;\u0131n ald\u0131\u011f\u0131 karar sadece T\u00fcrkiye&#8217;yi ilgilendirir&#8217; diye not d\u00fc\u015f\u00fcrd\u00fcklerini, SDG&#8217;nin ba\u015f\u0131ndaki ki\u015finin (Ferhat Abdi \u015eAH\u0130N&#8217;in) Abdullah \u00d6calan&#8217;\u0131n yeti\u015ftirdi\u011fi birisi oldu\u011funu halk\u0131n bildi\u011fini,<\/p>\n<p style=\"text-align: justify\">Partili ya da T\u00fcrk siyasetinde olan arkada\u015flar\u0131n Lozan&#8217;dan ve 1924 Anayasas\u0131&#8217;ndan \u00f6nceki d\u00f6nemin dilini kullanmamalar\u0131 gerekti\u011fini, bunun s\u00fcreci zehirledi\u011fini,<\/p>\n<p style=\"text-align: justify\">Sabri Ok&#8217;un T\u00fcrkiye&#8217;den \u00e7ekilirken yan\u0131nda olan \u00f6rg\u00fct mensuplar\u0131n\u0131n ellerinde silah olmas\u0131n\u0131n T\u00fcrk kamuoyunda infial yaratt\u0131\u011f\u0131n\u0131, bu noktada kendisinin (Abdullah \u00d6calan) yapm\u0131\u015f oldu\u011fu \u00e7a\u011fr\u0131ya (PKK&#8217;n\u0131n) tam uymad\u0131\u011f\u0131n\u0131n g\u00f6r\u00fcld\u00fc\u011f\u00fcn\u00fc,<\/p>\n<p style=\"text-align: justify\">Suriye&#8217;de (SDG&#8217;nin) 10 Mart entegrasyon anla\u015fmas\u0131na uyulmas\u0131n\u0131n elzem oldu\u011funu,<\/p>\n<p style=\"text-align: justify\">Suriye konusunda kendisinin (Abdullah \u00d6calan) yeni bir a\u00e7\u0131klama yapmas\u0131 gerekti\u011fini,<\/p>\n<p style=\"text-align: justify\">Bu devletin hepimizin devleti oldu\u011funu, (Solun) Eme\u011fin \u015fekil de\u011fi\u015ftirdi\u011finin fark\u0131nda olmad\u0131\u011f\u0131n\u0131,<\/p>\n<p style=\"text-align: justify\">\u0130lk a\u00e7\u0131klamas\u0131nda &#8216;silah b\u0131rak\u0131n&#8217; derken PKK&#8217;n\u0131n b\u00fct\u00fcn bile\u015fenlerine s\u00f6yledi\u011fini bildiklerini, (bunun \u00fczerine Abdullah \u00d6calan; \u0130ran&#8217;da her g\u00fcn idamlar\u0131n ya\u015fand\u0131\u011f\u0131n\u0131, kendisinin (Abdullah \u00d6calan) \u0130ran&#8217;dan &#8216;Azeriler ve K\u00fcrtler i\u00e7in demokratik haklar vermesini ve idamlar\u0131 sonland\u0131rmas\u0131n\u0131&#8217; isteyece\u011fini, bunun i\u00e7in inisiyatif kullanmalar\u0131 gerekti\u011fini, tabi bunun sava\u015f anlam\u0131na gelmedi\u011fini ancak idamlar devam ederken (PJAK) silah b\u0131rakmayacaklar\u0131n\u0131, \u015fu an \u0130ran&#8217;la bir diyalog ve Ate\u015fkes s\u00fcrecine girmelerinin gerekti\u011fini, bir entegrasyon \u00e7al\u0131\u015fmas\u0131n\u0131n \u0130ran&#8217;a dayat\u0131labilece\u011fini,)<\/p>\n<p style=\"text-align: justify\">PKK&#8217;n\u0131n Irak&#8217;tan \u00e7ekti\u011fi g\u00fc\u00e7lerini Suriye&#8217;ye g\u00f6nderdi\u011fi y\u00f6n\u00fcnde g\u00f6zlemler oldu\u011funu, bu durumun daha \u00f6nceki a\u00e7\u0131klama ile \u00e7eli\u015fki yaratt\u0131\u011f\u0131n\u0131,<\/p>\n<p style=\"text-align: justify\">H\u00fcseyin Yayman;<\/p>\n<p style=\"text-align: justify\">Komisyon ad\u0131na burada olduklar\u0131n\u0131, milletin sorular\u0131n\u0131 kendisine soraca\u011f\u0131n\u0131, b\u00fct\u00fcn T\u00fcrkiye&#8217;nin kula\u011f\u0131n\u0131n burada oldu\u011funu, buradaki havan\u0131n t\u00fcm b\u00f6lgeyi etkileyece\u011fini, bunun T\u00fcrkiye ve b\u00f6lge ad\u0131na tarihsel oldu\u011funu,<\/p>\n<p style=\"text-align: justify\">Cumhur \u0130ttifak\u0131 olarak Say\u0131n Cumhurba\u015fkan\u0131&#8217;m\u0131z\u0131n ve Say\u0131n Devlet Bah\u00e7eli&#8217;nin bu meselenin \u00e7\u00f6z\u00fcm\u00fc a\u00e7\u0131s\u0131ndan \u00e7ok b\u00fcy\u00fck bir risk ald\u0131klar\u0131n\u0131, dolay\u0131s\u0131yla milletin meselenin \u00e7\u00f6z\u00fcm\u00fc i\u00e7in daha h\u0131zl\u0131 ad\u0131mlar bekledi\u011fini,<\/p>\n<p style=\"text-align: justify\">Sonu\u00e7 olarak Komisyon ve T\u00fcrkiye ad\u0131na ba\u015farmak zorunda olduklar\u0131n\u0131, aksi halde sokaktaki iklim ve havan\u0131n bamba\u015fka bir hale d\u00f6nebilece\u011fini,<\/p>\n<p style=\"text-align: justify\">Milletin kendisinin (Abdullah \u00d6calan) 27 \u015eubat \u00e7a\u011fr\u0131s\u0131n\u0131 \u00f6nemsedi\u011fini, ancak pratik ad\u0131mlar\u0131n daha fazla olmas\u0131 konusunda talep bulundu\u011funu, t\u00fcm \u015fehit ailelerinin hassasiyeti ile geldiklerini,<\/p>\n<p style=\"text-align: justify\">Akil insanlar heyetinde yer ald\u0131\u011f\u0131n\u0131, \u00e7ok ciddi tepkiler ile kar\u015f\u0131la\u015ft\u0131\u011f\u0131n\u0131, ba\u015farmak zorunda olduklar\u0131n\u0131, pratik ad\u0131mlar noktas\u0131nda buradan \u00e7\u0131kacak olan neticenin ya s\u00fcrecin devam\u0131na ya da ba\u015fka bir sonuca yol a\u00e7aca\u011f\u0131n\u0131,<\/p>\n<p style=\"text-align: justify\">Bu tarihsellik i\u00e7erisinde hem TBMM Komisyonu hem bu g\u00f6r\u00fc\u015fmenin \u00e7ok daha tarihsel anlam kazand\u0131\u011f\u0131n\u0131, Devlet-\u00d6rg\u00fct g\u00f6r\u00fc\u015fmelerini takip eden herkesin bildi\u011fini, 1993-1995-1999-2009-2014 y\u0131llar\u0131nda b\u00fct\u00fcn bu tarihi de\u011fi\u015ftirme f\u0131rsat\u0131n\u0131n geldi\u011fini, 27 \u015eubat a\u00e7\u0131klamas\u0131 ve buna ba\u011fl\u0131 olarak pratik ad\u0131mlar\u0131n h\u0131zlanmas\u0131 gerekti\u011fini, Komisyon&#8217;dan beklentinin \u00e7ok y\u00fcksek oldu\u011funu ve ge\u00e7mi\u015fteki hatalara d\u00fc\u015fmemek gerekti\u011fini, g\u00f6r\u00fcnmez bir el ve darbe mekani\u011finin bulundu\u011funu, buradan \u00e7\u0131kman\u0131n yolunun Suriye&#8217;de de T\u00fcrkiye&#8217;de her yerde \u00f6rg\u00fct\u00fcn Abdullah \u00d6calan&#8217;\u0131n \u00e7a\u011fr\u0131s\u0131na uymas\u0131 oldu\u011funu,<\/p>\n<p style=\"text-align: justify\">Tarihsel haf\u0131zan\u0131n T\u00fcrkler ile K\u00fcrtlerin 1000 y\u0131ll\u0131k karde\u015fli\u011fini beraber sa\u011flayacaklar\u0131n\u0131 veya bug\u00fcnk\u00fcnden \u00e7ok daha b\u00fcy\u00fck bir sava\u015f y\u0131k\u0131m\/ kriz ya\u015fanaca\u011f\u0131n\u0131, (Bunun \u00fczerine Feti Y\u0131ld\u0131z taraf\u0131ndan &#8216;T\u00fcrkiye i\u00e7in hi\u00e7bir zaman ger\u00e7ekle\u015fmeyecek iddialarda bulunman\u0131n s\u00fcreci sabote etmek olaca\u011f\u0131n\u0131, buna dikkat edilmelidir&#8217; \u015feklinde ifade edilmi\u015ftir.)<\/p>\n<p style=\"text-align: justify\">Darbe tehdidi bulundu\u011funu, bunu a\u00e7\u0131kl\u0131\u011fa kavu\u015fturmak gerekti\u011fini,<\/p>\n<p style=\"text-align: justify\">Temel meselenin b\u00fct\u00fcn haf\u0131zay\u0131 tarihsel ger\u00e7ekli\u011fi bilen bir heyet olarak Ter\u00f6rs\u00fcz T\u00fcrkiye ger\u00e7ekle\u015fecekse T\u00fcrkiye&#8217;nin pratik ad\u0131mlar\u0131 bekliyor oldu\u011funu, (Bunun \u00fczerine Abdullah \u00d6calan &#8216;pozitif hamleler pe\u015finde oldu\u011funu&#8217; ifade etmi\u015ftir.)<\/p>\n<p style=\"text-align: justify\">Komisyona gelen herkes pratik ad\u0131mlar at\u0131lmas\u0131, \u00e7ok h\u0131zl\u0131 hareket edilmesi gerekti\u011fini s\u00f6yledi\u011fini,<\/p>\n<p style=\"text-align: justify\">Bir diren\u00e7 bulundu\u011funu, \u00e7\u00fcnk\u00fc \u00f6rg\u00fct\u00fcn merkezini Kandil&#8217;den Suriye sahas\u0131na ta\u015f\u0131mas\u0131n\u0131n sorunu \u00e7\u00f6zmedi\u011fini, kendisinin (Abdullah \u00d6calan) \u00f6rg\u00fct\u00fcn lideri olarak kesin talimat vermesi gerekti\u011fini, bunu t\u00fcm Kamuoyu ve T\u00fcrkiye&#8217;nin bekledi\u011fini, bunu ger\u00e7ekle\u015ftirdi\u011finde ba\u015fka bir iklimin geli\u015fece\u011fini,<\/p>\n<p style=\"text-align: justify\">Komisyon&#8217;da dinlenen her kesimin \u015fiddet sona ermesi halinde T\u00fcrkiye&#8217;nin \u00e7ok ileri gidece\u011fini, belirtti\u011fini, dolay\u0131s\u0131yla somut ad\u0131ma ihtiya\u00e7 duyuldu\u011funu, darbe mekanizmas\u0131n\u0131n devreye girebilece\u011finin ak\u0131llar\u0131nda olaca\u011f\u0131n\u0131,<\/p>\n<p style=\"text-align: justify\">B\u00fct\u00fcn tarihsel \u00e7eli\u015fkiyi ortadan kald\u0131rman\u0131n ve yeni bir yol bulman\u0131n Komisyon&#8217;un g\u00f6revi oldu\u011funu,<\/p>\n<p style=\"text-align: justify\">Kendisinin T\u00fcrkmen ve \u00fclk\u00fcc\u00fc k\u00f6kenli oldu\u011funu ve karde\u015flik ad\u0131na inisiyatif ald\u0131\u011f\u0131n\u0131,<\/p>\n<p style=\"text-align: justify\">Kmisyon&#8217;un kurulmas\u0131n\u0131n tarihsel oldu\u011funu, nitelikli \u00e7o\u011funlukla buraya geldiklerini, &#8216;milletin kendilerinden sonu\u00e7 nedir Suriye&#8217;de silahlar b\u0131rak\u0131lacak m\u0131? Diyarbak\u0131r&#8217;da \u00e7ocuklar\u0131n\u0131 isteyen anneler \u00e7ocuklar\u0131na kavu\u015facak m\u0131? Silahlar sadece elde de\u011fil zihinde b\u0131rak\u0131lacak m\u0131&#8217; sorular\u0131n\u0131n cevap bekledi\u011fini,<\/p>\n<p style=\"text-align: justify\">Buradan \u00e7\u0131kt\u0131klar\u0131nda gazetecilerin soraca\u011f\u0131n\u0131, bir a\u00e7\u0131klama yapacaklar\u0131n\u0131, burada olan temel meselenin, Say\u0131n Te\u015fkilat Ba\u015fkan\u0131&#8217;n\u0131n dile getirdi\u011fi pedal \u00e7evirme (sorunu) oldu\u011funu, sorunlar\u0131n bir g\u00fcnde \u00e7\u00f6z\u00fclemeyece\u011fini kamuoyunun da bildi\u011fini, yol haritas\u0131 belirlenmesinin, pozitif mesajlar verilmesinin, toplumsal beklentilerin y\u00fckseltilmesinin \u00e7ok \u00f6nemli oldu\u011funu, T\u00fcrkiye&#8217;de b\u00f6yle bir politik psikolojinin bulundu\u011funu, hep beraber bunu ba\u015farmak zorunda olduklar\u0131n\u0131,<\/p>\n<p style=\"text-align: justify\">Bu tarihi ad\u0131m\u0131 tarihi bir sonu\u00e7la ilerletmek gerekti\u011fini aksi takdirde ilerleyemeyece\u011fini,<\/p>\n<p style=\"text-align: justify\">\u0130htiyatl\u0131 iyimser oldu\u011funu, ge\u00e7mi\u015fte ya\u015fananlar\u0131 asla unutmad\u0131\u011f\u0131n\u0131 ve Ter\u00f6rs\u00fcz T\u00fcrkiye&#8217;nin ger\u00e7ekle\u015fmesi i\u00e7in \u00e7al\u0131\u015fmas\u0131 gerekti\u011fini belirtti\u011fini,<\/p>\n<p style=\"text-align: justify\">G\u00fclistan K\u0131l\u0131\u00e7 Ko\u00e7yi\u011fit;<\/p>\n<p style=\"text-align: justify\">Gayet iyi ve sa\u011fl\u0131kl\u0131 g\u00f6r\u00fcnd\u00fc\u011f\u00fcn\u00fc, sa\u011fl\u0131\u011f\u0131n\u0131n da gayet iyi g\u00f6r\u00fcnd\u00fc\u011f\u00fcn\u00fc, bir\u00e7ok kesimi dinlediklerini, komisyon ad\u0131na burada bulunduklar\u0131n\u0131, kendisini dinlemek istediklerini, kendisinin (Abdullah \u00d6calan) d\u00fc\u015f\u00fcncelerini de kamuoyu ile payla\u015fmak istediklerini,<\/p>\n<p style=\"text-align: justify\">K\u00fcrtlerin kendi \u00f6rg\u00fctl\u00fcl\u00fc\u011f\u00fcn\u00fc sa\u011flayarak Cumhuriyet&#8217;e entegrasyonu, Cumhuriyet&#8217;in de bir karakteri olaca\u011f\u0131n\u0131, nas\u0131l bir Cumhuriyet olaca\u011f\u0131n\u0131, merak etti\u011fini,<\/p>\n<p style=\"text-align: justify\">S\u00fcrecin ilerlemesi, kendisinin (Abdullah \u00d6calan) elinin g\u00fc\u00e7lenmesi i\u00e7in b\u00fct\u00fcn s\u00f6ylediklerinin prati\u011fe ge\u00e7mesi i\u00e7in komisyona d\u00fc\u015fenin ne oldu\u011fu konusunda fikrini bilmek istediklerini,<\/p>\n<p style=\"text-align: justify\">Yar\u0131n 25 Kas\u0131m Kad\u0131na \u015eiddetle M\u00fccadele G\u00fcn\u00fc oldu\u011funu, kad\u0131nlar\u0131n selamlar\u0131n\u0131 ilettiklerini ifade etmi\u015flerdir.&#8221;<\/p>\n","protected":false},"excerpt":{"rendered":"<p>Meclis\u2019teki komisyon \u00fcyelerinin 24 Kas\u0131m 2025&#8217;te Abdullah \u00d6calan ile \u0130mral\u0131 Adas\u0131&#8217;nda yapt\u0131\u011f\u0131 g\u00f6r\u00fc\u015fme yapm\u0131\u015ft\u0131.Meclis Milli Dayan\u0131\u015fma, Karde\u015flik ve Demokrasi Komisyonu ad\u0131na yap\u0131lan g\u00f6r\u00fc\u015fmeye ili\u015fkin kay\u0131tlar, &#8220;\u0130mral\u0131 Y\u00fcksek G\u00fcvenlikli Cezaevi G\u00f6r\u00fc\u015fme Tutana\u011f\u0131&#8221; ba\u015fl\u0131\u011f\u0131yla TBMM&#8217;nin resmi internet sitesinde yer ald\u0131. Yay\u0131nlanan tutanaklarda \u00d6calan\u2019dan dikkat ve tepki \u00e7eken a\u00e7\u0131klamalar geldi. Ninesinin T\u00fcrkmen oldu\u011funu siyasete ad\u0131m\u0131n\u0131 \u00dclk\u00fc Oca\u011f\u0131nda att\u0131\u011f\u0131n\u0131 [&hellip;]<\/p>\n","protected":false},"author":2,"featured_media":1036296,"comment_status":"closed","ping_status":"closed","sticky":false,"template":"","format":"standard","meta":{"footnotes":""},"categories":[3],"tags":[31],"class_list":["post-1036295","post","type-post","status-publish","format-standard","has-post-thumbnail","hentry","category-kurdistan","tag-onemli"],"blocksy_meta":[],"seo_head":"<!-- This site is optimized with the Yoast SEO plugin v27.5 - https:\/\/yoast.com\/product\/yoast-seo-wordpress\/ -->\n<title>\u0130mral\u0131 tutanaklar\u0131 yay\u0131nland\u0131: \u00d6calan \u201cSuriye\u2019yi \u0130srail\u2019in insaf\u0131na b\u0131rakmayaca\u011f\u0131m\u201d demi\u015f - Darka Mazi<\/title>\n<meta name=\"robots\" content=\"index, follow, max-snippet:-1, max-image-preview:large, max-video-preview:-1\" \/>\n<link rel=\"canonical\" href=\"https:\/\/darkamazi.site\/archives\/1036295\" \/>\n<meta property=\"og:locale\" content=\"en_US\" \/>\n<meta property=\"og:type\" content=\"article\" \/>\n<meta property=\"og:title\" content=\"\u0130mral\u0131 tutanaklar\u0131 yay\u0131nland\u0131: \u00d6calan \u201cSuriye\u2019yi \u0130srail\u2019in insaf\u0131na b\u0131rakmayaca\u011f\u0131m\u201d demi\u015f - Darka Mazi\" \/>\n<meta property=\"og:description\" content=\"Meclis\u2019teki komisyon \u00fcyelerinin 24 Kas\u0131m 2025&#8217;te Abdullah \u00d6calan ile \u0130mral\u0131 Adas\u0131&#8217;nda yapt\u0131\u011f\u0131 g\u00f6r\u00fc\u015fme yapm\u0131\u015ft\u0131.Meclis Milli Dayan\u0131\u015fma, Karde\u015flik ve Demokrasi Komisyonu ad\u0131na yap\u0131lan g\u00f6r\u00fc\u015fmeye ili\u015fkin kay\u0131tlar, &#8220;\u0130mral\u0131 Y\u00fcksek G\u00fcvenlikli Cezaevi G\u00f6r\u00fc\u015fme Tutana\u011f\u0131&#8221; ba\u015fl\u0131\u011f\u0131yla TBMM&#8217;nin resmi internet sitesinde yer ald\u0131. Yay\u0131nlanan tutanaklarda \u00d6calan\u2019dan dikkat ve tepki \u00e7eken a\u00e7\u0131klamalar geldi. Ninesinin T\u00fcrkmen oldu\u011funu siyasete ad\u0131m\u0131n\u0131 \u00dclk\u00fc Oca\u011f\u0131nda att\u0131\u011f\u0131n\u0131 [&hellip;]\" \/>\n<meta property=\"og:url\" content=\"https:\/\/darkamazi.site\/archives\/1036295\" \/>\n<meta property=\"og:site_name\" content=\"Darka Mazi\" \/>\n<meta property=\"article:publisher\" content=\"https:\/\/www.facebook.com\/DarkaMaziturkce\" \/>\n<meta property=\"article:published_time\" content=\"2026-01-23T19:17:23+00:00\" \/>\n<meta property=\"article:modified_time\" content=\"2026-01-24T09:07:52+00:00\" \/>\n<meta property=\"og:image\" content=\"https:\/\/darkamazi.site\/file\/2026\/01\/xapo-1.jpg\" \/>\n\t<meta property=\"og:image:width\" content=\"900\" \/>\n\t<meta property=\"og:image:height\" content=\"497\" \/>\n\t<meta property=\"og:image:type\" content=\"image\/jpeg\" \/>\n<meta name=\"author\" content=\"darka mazi\" \/>\n<meta name=\"twitter:card\" content=\"summary_large_image\" \/>\n<meta name=\"twitter:creator\" content=\"@DarkaMaziTurkce\" \/>\n<meta name=\"twitter:site\" content=\"@DarkaMaziTurkce\" \/>\n<meta name=\"twitter:label1\" content=\"Written by\" \/>\n\t<meta name=\"twitter:data1\" content=\"darka mazi\" \/>\n\t<meta name=\"twitter:label2\" content=\"Est. reading time\" \/>\n\t<meta name=\"twitter:data2\" content=\"23 minutes\" \/>\n<script type=\"application\/ld+json\" class=\"seo-schema-graph\">{\"@context\":\"https:\\\/\\\/schema.org\",\"@graph\":[{\"@type\":\"NewsArticle\",\"@id\":\"https:\\\/\\\/darkamazi.site\\\/archives\\\/1036295#article\",\"isPartOf\":{\"@id\":\"https:\\\/\\\/darkamazi.site\\\/archives\\\/1036295\"},\"author\":{\"name\":\"darka mazi\",\"@id\":\"https:\\\/\\\/darkamazi.site\\\/#\\\/schema\\\/person\\\/67986a95ac546c16760365877ef4a9d3\"},\"headline\":\"\u0130mral\u0131 tutanaklar\u0131 yay\u0131nland\u0131: \u00d6calan \u201cSuriye\u2019yi \u0130srail\u2019in insaf\u0131na b\u0131rakmayaca\u011f\u0131m\u201d demi\u015f\",\"datePublished\":\"2026-01-23T19:17:23+00:00\",\"dateModified\":\"2026-01-24T09:07:52+00:00\",\"mainEntityOfPage\":{\"@id\":\"https:\\\/\\\/darkamazi.site\\\/archives\\\/1036295\"},\"wordCount\":7895,\"publisher\":{\"@id\":\"https:\\\/\\\/darkamazi.site\\\/#organization\"},\"image\":{\"@id\":\"https:\\\/\\\/darkamazi.site\\\/archives\\\/1036295#primaryimage\"},\"thumbnailUrl\":\"https:\\\/\\\/darkamazi.site\\\/darka-content\\\/uploads\\\/2026\\\/01\\\/xapo-1.jpg\",\"keywords\":[\"\u00f6nemli\"],\"articleSection\":[\"Kurdistan\"],\"inLanguage\":\"en-US\"},{\"@type\":\"WebPage\",\"@id\":\"https:\\\/\\\/darkamazi.site\\\/archives\\\/1036295\",\"url\":\"https:\\\/\\\/darkamazi.site\\\/archives\\\/1036295\",\"name\":\"\u0130mral\u0131 tutanaklar\u0131 yay\u0131nland\u0131: \u00d6calan \u201cSuriye\u2019yi \u0130srail\u2019in insaf\u0131na b\u0131rakmayaca\u011f\u0131m\u201d demi\u015f - Darka Mazi\",\"isPartOf\":{\"@id\":\"https:\\\/\\\/darkamazi.site\\\/#website\"},\"primaryImageOfPage\":{\"@id\":\"https:\\\/\\\/darkamazi.site\\\/archives\\\/1036295#primaryimage\"},\"image\":{\"@id\":\"https:\\\/\\\/darkamazi.site\\\/archives\\\/1036295#primaryimage\"},\"thumbnailUrl\":\"https:\\\/\\\/darkamazi.site\\\/darka-content\\\/uploads\\\/2026\\\/01\\\/xapo-1.jpg\",\"datePublished\":\"2026-01-23T19:17:23+00:00\",\"dateModified\":\"2026-01-24T09:07:52+00:00\",\"breadcrumb\":{\"@id\":\"https:\\\/\\\/darkamazi.site\\\/archives\\\/1036295#breadcrumb\"},\"inLanguage\":\"en-US\",\"potentialAction\":[{\"@type\":\"ReadAction\",\"target\":[\"https:\\\/\\\/darkamazi.site\\\/archives\\\/1036295\"]}]},{\"@type\":\"ImageObject\",\"inLanguage\":\"en-US\",\"@id\":\"https:\\\/\\\/darkamazi.site\\\/archives\\\/1036295#primaryimage\",\"url\":\"https:\\\/\\\/darkamazi.site\\\/darka-content\\\/uploads\\\/2026\\\/01\\\/xapo-1.jpg\",\"contentUrl\":\"https:\\\/\\\/darkamazi.site\\\/darka-content\\\/uploads\\\/2026\\\/01\\\/xapo-1.jpg\",\"width\":900,\"height\":497,\"caption\":\"\u0130mral\u0131 tutanaklar\u0131 yay\u0131nland\u0131: \u00d6calan \u201cSuriye\u2019yi \u0130srail\u2019in insaf\u0131na b\u0131rakmayaca\u011f\u0131m\u201d demi\u015f\"},{\"@type\":\"BreadcrumbList\",\"@id\":\"https:\\\/\\\/darkamazi.site\\\/archives\\\/1036295#breadcrumb\",\"itemListElement\":[{\"@type\":\"ListItem\",\"position\":1,\"name\":\"Home\",\"item\":\"https:\\\/\\\/darkamazi.site\\\/\"},{\"@type\":\"ListItem\",\"position\":2,\"name\":\"\u0130mral\u0131 tutanaklar\u0131 yay\u0131nland\u0131: \u00d6calan \u201cSuriye\u2019yi \u0130srail\u2019in insaf\u0131na b\u0131rakmayaca\u011f\u0131m\u201d demi\u015f\"}]},{\"@type\":\"WebSite\",\"@id\":\"https:\\\/\\\/darkamazi.site\\\/#website\",\"url\":\"https:\\\/\\\/darkamazi.site\\\/\",\"name\":\"Darka Mazi\",\"description\":\"Ana Sayfa\",\"publisher\":{\"@id\":\"https:\\\/\\\/darkamazi.site\\\/#organization\"},\"potentialAction\":[{\"@type\":\"SearchAction\",\"target\":{\"@type\":\"EntryPoint\",\"urlTemplate\":\"https:\\\/\\\/darkamazi.site\\\/?s={search_term_string}\"},\"query-input\":{\"@type\":\"PropertyValueSpecification\",\"valueRequired\":true,\"valueName\":\"search_term_string\"}}],\"inLanguage\":\"en-US\"},{\"@type\":\"Organization\",\"@id\":\"https:\\\/\\\/darkamazi.site\\\/#organization\",\"name\":\"Darka Mazi T\u00fcrk\u00e7e\",\"alternateName\":\"Darka Mazi\",\"url\":\"https:\\\/\\\/darkamazi.site\\\/\",\"logo\":{\"@type\":\"ImageObject\",\"inLanguage\":\"en-US\",\"@id\":\"https:\\\/\\\/darkamazi.site\\\/#\\\/schema\\\/logo\\\/image\\\/\",\"url\":\"https:\\\/\\\/darkamazi.site\\\/darka-content\\\/uploads\\\/2017\\\/12\\\/darka-mazi-logo.png\",\"contentUrl\":\"https:\\\/\\\/darkamazi.site\\\/darka-content\\\/uploads\\\/2017\\\/12\\\/darka-mazi-logo.png\",\"width\":151,\"height\":75,\"caption\":\"Darka Mazi T\u00fcrk\u00e7e\"},\"image\":{\"@id\":\"https:\\\/\\\/darkamazi.site\\\/#\\\/schema\\\/logo\\\/image\\\/\"},\"sameAs\":[\"https:\\\/\\\/www.facebook.com\\\/DarkaMaziturkce\",\"https:\\\/\\\/x.com\\\/DarkaMaziTurkce\"]},{\"@type\":\"Person\",\"@id\":\"https:\\\/\\\/darkamazi.site\\\/#\\\/schema\\\/person\\\/67986a95ac546c16760365877ef4a9d3\",\"name\":\"darka mazi\",\"sameAs\":[\"https:\\\/\\\/darkamazi.site\"],\"url\":\"https:\\\/\\\/darkamazi.site\\\/archives\\\/author\\\/turkish\"}]}<\/script>\n<!-- \/ Yoast SEO plugin. -->","seo_head_json":{"title":"\u0130mral\u0131 tutanaklar\u0131 yay\u0131nland\u0131: \u00d6calan \u201cSuriye\u2019yi \u0130srail\u2019in insaf\u0131na b\u0131rakmayaca\u011f\u0131m\u201d demi\u015f - Darka Mazi","robots":{"index":"index","follow":"follow","max-snippet":"max-snippet:-1","max-image-preview":"max-image-preview:large","max-video-preview":"max-video-preview:-1"},"canonical":"https:\/\/darkamazi.site\/archives\/1036295","og_locale":"en_US","og_type":"article","og_title":"\u0130mral\u0131 tutanaklar\u0131 yay\u0131nland\u0131: \u00d6calan \u201cSuriye\u2019yi \u0130srail\u2019in insaf\u0131na b\u0131rakmayaca\u011f\u0131m\u201d demi\u015f - Darka Mazi","og_description":"Meclis\u2019teki komisyon \u00fcyelerinin 24 Kas\u0131m 2025&#8217;te Abdullah \u00d6calan ile \u0130mral\u0131 Adas\u0131&#8217;nda yapt\u0131\u011f\u0131 g\u00f6r\u00fc\u015fme yapm\u0131\u015ft\u0131.Meclis Milli Dayan\u0131\u015fma, Karde\u015flik ve Demokrasi Komisyonu ad\u0131na yap\u0131lan g\u00f6r\u00fc\u015fmeye ili\u015fkin kay\u0131tlar, &#8220;\u0130mral\u0131 Y\u00fcksek G\u00fcvenlikli Cezaevi G\u00f6r\u00fc\u015fme Tutana\u011f\u0131&#8221; ba\u015fl\u0131\u011f\u0131yla TBMM&#8217;nin resmi internet sitesinde yer ald\u0131. Yay\u0131nlanan tutanaklarda \u00d6calan\u2019dan dikkat ve tepki \u00e7eken a\u00e7\u0131klamalar geldi. Ninesinin T\u00fcrkmen oldu\u011funu siyasete ad\u0131m\u0131n\u0131 \u00dclk\u00fc Oca\u011f\u0131nda att\u0131\u011f\u0131n\u0131 [&hellip;]","og_url":"https:\/\/darkamazi.site\/archives\/1036295","og_site_name":"Darka Mazi","article_publisher":"https:\/\/www.facebook.com\/DarkaMaziturkce","article_published_time":"2026-01-23T19:17:23+00:00","article_modified_time":"2026-01-24T09:07:52+00:00","og_image":[{"width":900,"height":497,"url":"https:\/\/darkamazi.site\/file\/2026\/01\/xapo-1.jpg","type":"image\/jpeg"}],"author":"darka mazi","twitter_card":"summary_large_image","twitter_creator":"@DarkaMaziTurkce","twitter_site":"@DarkaMaziTurkce","twitter_misc":{"Written by":"darka mazi","Est. reading time":"23 minutes"},"schema":{"@context":"https:\/\/schema.org","@graph":[{"@type":"NewsArticle","@id":"https:\/\/darkamazi.site\/archives\/1036295#article","isPartOf":{"@id":"https:\/\/darkamazi.site\/archives\/1036295"},"author":{"name":"darka mazi","@id":"https:\/\/darkamazi.site\/#\/schema\/person\/67986a95ac546c16760365877ef4a9d3"},"headline":"\u0130mral\u0131 tutanaklar\u0131 yay\u0131nland\u0131: \u00d6calan \u201cSuriye\u2019yi \u0130srail\u2019in insaf\u0131na b\u0131rakmayaca\u011f\u0131m\u201d demi\u015f","datePublished":"2026-01-23T19:17:23+00:00","dateModified":"2026-01-24T09:07:52+00:00","mainEntityOfPage":{"@id":"https:\/\/darkamazi.site\/archives\/1036295"},"wordCount":7895,"publisher":{"@id":"https:\/\/darkamazi.site\/#organization"},"image":{"@id":"https:\/\/darkamazi.site\/archives\/1036295#primaryimage"},"thumbnailUrl":"https:\/\/darkamazi.site\/file\/2026\/01\/xapo-1.jpg","keywords":["\u00f6nemli"],"articleSection":["Kurdistan"],"inLanguage":"en-US"},{"@type":"WebPage","@id":"https:\/\/darkamazi.site\/archives\/1036295","url":"https:\/\/darkamazi.site\/archives\/1036295","name":"\u0130mral\u0131 tutanaklar\u0131 yay\u0131nland\u0131: \u00d6calan \u201cSuriye\u2019yi \u0130srail\u2019in insaf\u0131na b\u0131rakmayaca\u011f\u0131m\u201d demi\u015f - Darka Mazi","isPartOf":{"@id":"https:\/\/darkamazi.site\/#website"},"primaryImageOfPage":{"@id":"https:\/\/darkamazi.site\/archives\/1036295#primaryimage"},"image":{"@id":"https:\/\/darkamazi.site\/archives\/1036295#primaryimage"},"thumbnailUrl":"https:\/\/darkamazi.site\/file\/2026\/01\/xapo-1.jpg","datePublished":"2026-01-23T19:17:23+00:00","dateModified":"2026-01-24T09:07:52+00:00","breadcrumb":{"@id":"https:\/\/darkamazi.site\/archives\/1036295#breadcrumb"},"inLanguage":"en-US","potentialAction":[{"@type":"ReadAction","target":["https:\/\/darkamazi.site\/archives\/1036295"]}]},{"@type":"ImageObject","inLanguage":"en-US","@id":"https:\/\/darkamazi.site\/archives\/1036295#primaryimage","url":"https:\/\/darkamazi.site\/file\/2026\/01\/xapo-1.jpg","contentUrl":"https:\/\/darkamazi.site\/file\/2026\/01\/xapo-1.jpg","width":900,"height":497,"caption":"\u0130mral\u0131 tutanaklar\u0131 yay\u0131nland\u0131: \u00d6calan \u201cSuriye\u2019yi \u0130srail\u2019in insaf\u0131na b\u0131rakmayaca\u011f\u0131m\u201d demi\u015f"},{"@type":"BreadcrumbList","@id":"https:\/\/darkamazi.site\/archives\/1036295#breadcrumb","itemListElement":[{"@type":"ListItem","position":1,"name":"Home","item":"https:\/\/darkamazi.site\/"},{"@type":"ListItem","position":2,"name":"\u0130mral\u0131 tutanaklar\u0131 yay\u0131nland\u0131: \u00d6calan \u201cSuriye\u2019yi \u0130srail\u2019in insaf\u0131na b\u0131rakmayaca\u011f\u0131m\u201d demi\u015f"}]},{"@type":"WebSite","@id":"https:\/\/darkamazi.site\/#website","url":"https:\/\/darkamazi.site\/","name":"Darka Mazi","description":"Ana Sayfa","publisher":{"@id":"https:\/\/darkamazi.site\/#organization"},"potentialAction":[{"@type":"SearchAction","target":{"@type":"EntryPoint","urlTemplate":"https:\/\/darkamazi.site\/?s={search_term_string}"},"query-input":{"@type":"PropertyValueSpecification","valueRequired":true,"valueName":"search_term_string"}}],"inLanguage":"en-US"},{"@type":"Organization","@id":"https:\/\/darkamazi.site\/#organization","name":"Darka Mazi T\u00fcrk\u00e7e","alternateName":"Darka Mazi","url":"https:\/\/darkamazi.site\/","logo":{"@type":"ImageObject","inLanguage":"en-US","@id":"https:\/\/darkamazi.site\/#\/schema\/logo\/image\/","url":"https:\/\/darkamazi.site\/file\/2017\/12\/darka-mazi-logo.png","contentUrl":"https:\/\/darkamazi.site\/file\/2017\/12\/darka-mazi-logo.png","width":151,"height":75,"caption":"Darka Mazi T\u00fcrk\u00e7e"},"image":{"@id":"https:\/\/darkamazi.site\/#\/schema\/logo\/image\/"},"sameAs":["https:\/\/www.facebook.com\/DarkaMaziturkce","https:\/\/x.com\/DarkaMaziTurkce"]},{"@type":"Person","@id":"https:\/\/darkamazi.site\/#\/schema\/person\/67986a95ac546c16760365877ef4a9d3","name":"darka mazi","sameAs":["https:\/\/darkamazi.site"],"url":"https:\/\/darkamazi.site\/archives\/author\/turkish"}]}},"_links":{"self":[{"href":"https:\/\/darkamazi.site\/funavuv\/wp\/v2\/posts\/1036295","targetHints":{"allow":["GET"]}}],"collection":[{"href":"https:\/\/darkamazi.site\/funavuv\/wp\/v2\/posts"}],"about":[{"href":"https:\/\/darkamazi.site\/funavuv\/wp\/v2\/types\/post"}],"author":[{"embeddable":true,"href":"https:\/\/darkamazi.site\/funavuv\/wp\/v2\/users\/2"}],"replies":[{"embeddable":true,"href":"https:\/\/darkamazi.site\/funavuv\/wp\/v2\/comments?post=1036295"}],"version-history":[{"count":0,"href":"https:\/\/darkamazi.site\/funavuv\/wp\/v2\/posts\/1036295\/revisions"}],"wp:featuredmedia":[{"embeddable":true,"href":"https:\/\/darkamazi.site\/funavuv\/wp\/v2\/media\/1036296"}],"wp:attachment":[{"href":"https:\/\/darkamazi.site\/funavuv\/wp\/v2\/media?parent=1036295"}],"wp:term":[{"taxonomy":"category","embeddable":true,"href":"https:\/\/darkamazi.site\/funavuv\/wp\/v2\/categories?post=1036295"},{"taxonomy":"post_tag","embeddable":true,"href":"https:\/\/darkamazi.site\/funavuv\/wp\/v2\/tags?post=1036295"}],"curies":[{"name":"wp","href":"https:\/\/api.w.org\/{rel}","templated":true}]}}