{"id":1036298,"date":"2026-01-24T10:15:13","date_gmt":"2026-01-24T07:15:13","guid":{"rendered":"https:\/\/darkamazi.site\/?p=1036298"},"modified":"2026-01-24T10:16:17","modified_gmt":"2026-01-24T07:16:17","slug":"le-penden-aciklama-kurtler-cesurca-konustu-fakat-korkakca-terkedildiler","status":"publish","type":"post","link":"https:\/\/darkamazi.site\/archives\/1036298","title":{"rendered":"Le Pen&#8217;den a\u00e7\u0131klama: &#8220;K\u00fcrtler cesurca konu\u015ftu fakat korkak\u00e7a terkedildiler&#8221;"},"content":{"rendered":"<p>Fransa\u2019da a\u015f\u0131r\u0131 sa\u011fc\u0131 Ulusal Birlik (RN) Partisi lideri Marine Le Pen, Suriye\u2019de K\u00fcrtlere y\u00f6nelik tutumu sert s\u00f6zlerle ele\u015ftirdi.<\/p>\n<p>X hesab\u0131ndan yapt\u0131\u011f\u0131 payla\u015f\u0131mda Le Pen, I\u015e\u0130D\u2019e kar\u015f\u0131 m\u00fccadelede K\u00fcrtlerin cesurca sava\u015ft\u0131\u011f\u0131n\u0131 ancak bug\u00fcn \u201ckorkak\u00e7a terk edildiklerini\u201d s\u00f6yledi.<\/p>\n<p>Payla\u015f\u0131m\u0131nda uluslararas\u0131 toplumu da hedef alan Le Pen, \u201cK\u00fcrtler \u00f6l\u00fcyor. I\u015e\u0130D ter\u00f6ristlerine kar\u015f\u0131 cesurca sava\u015fan K\u00fcrtler korkak\u00e7a terk edildi ve uluslararas\u0131 toplum g\u00f6zlerini ba\u015fka y\u00f6ne \u00e7eviriyor\u201d ifadelerini kulland\u0131.<\/p>\n<p>Fransa Cumhurba\u015fkan\u0131 Emmanuel Macron\u2019u da ele\u015ftiren Le Pen, Macron\u2019un Suriye\u2019nin \u201ckendini ba\u015fkan ilan eden\u201d liderine erken ve aceleci \u015fekilde me\u015fruiyet kazand\u0131rd\u0131\u011f\u0131n\u0131 s\u00f6yledi.<\/p>\n<p>Le Pen, Suriye Cumhurba\u015fkan\u0131 Ahmed \u015eara\u2019y\u0131 \u201cI\u015e\u0130D ve El Kaide ge\u00e7mi\u015fi olan bir cihat\u00e7\u0131\u201d olarak niteledi.<\/p>\n<p>Macron\u2019un bu tutumunun sonu\u00e7lar\u0131na dikkat \u00e7eken Le Pen, \u201c\u0130slamc\u0131l\u0131\u011fa sayg\u0131nl\u0131k belgesi veren\u00a0 Cumhurba\u015fkan\u0131, bug\u00fcn Suriye\u2019deki az\u0131nl\u0131klara y\u00f6nelik zul\u00fcmde a\u011f\u0131r bir sorumluluk ta\u015f\u0131yor\u201d dedi.<\/p>\n<p>Le Pen\u2019in a\u00e7\u0131klamalar\u0131, Fransa\u2019da Suriye politikas\u0131 ve K\u00fcrtlerin durumu konusundaki tart\u0131\u015fmalar\u0131 yeniden g\u00fcndeme ta\u015f\u0131d\u0131.<\/p>\n","protected":false},"excerpt":{"rendered":"<p>Fransa\u2019da a\u015f\u0131r\u0131 sa\u011fc\u0131 Ulusal Birlik (RN) Partisi lideri Marine Le Pen, Suriye\u2019de K\u00fcrtlere y\u00f6nelik tutumu sert s\u00f6zlerle ele\u015ftirdi. X hesab\u0131ndan yapt\u0131\u011f\u0131 payla\u015f\u0131mda Le Pen, I\u015e\u0130D\u2019e kar\u015f\u0131 m\u00fccadelede K\u00fcrtlerin cesurca sava\u015ft\u0131\u011f\u0131n\u0131 ancak bug\u00fcn \u201ckorkak\u00e7a terk edildiklerini\u201d s\u00f6yledi. Payla\u015f\u0131m\u0131nda uluslararas\u0131 toplumu da hedef alan Le Pen, \u201cK\u00fcrtler \u00f6l\u00fcyor. I\u015e\u0130D ter\u00f6ristlerine kar\u015f\u0131 cesurca sava\u015fan K\u00fcrtler korkak\u00e7a terk edildi [&hellip;]<\/p>\n","protected":false},"author":2,"featured_media":1036299,"comment_status":"closed","ping_status":"closed","sticky":false,"template":"","format":"standard","meta":{"footnotes":""},"categories":[6],"tags":[],"class_list":["post-1036298","post","type-post","status-publish","format-standard","has-post-thumbnail","hentry","category-dunya"],"blocksy_meta":[],"seo_head":"<!-- This site is optimized with the Yoast SEO plugin v27.5 - https:\/\/yoast.com\/product\/yoast-seo-wordpress\/ -->\n<title>Le Pen&#039;den a\u00e7\u0131klama: &quot;K\u00fcrtler cesurca konu\u015ftu fakat korkak\u00e7a terkedildiler&quot; - Darka Mazi<\/title>\n<meta name=\"robots\" content=\"index, follow, max-snippet:-1, max-image-preview:large, max-video-preview:-1\" \/>\n<link rel=\"canonical\" href=\"https:\/\/darkamazi.site\/archives\/1036298\" \/>\n<meta property=\"og:locale\" content=\"en_US\" \/>\n<meta property=\"og:type\" content=\"article\" \/>\n<meta property=\"og:title\" content=\"Le Pen&#039;den a\u00e7\u0131klama: &quot;K\u00fcrtler cesurca konu\u015ftu fakat korkak\u00e7a terkedildiler&quot; - Darka Mazi\" \/>\n<meta property=\"og:description\" content=\"Fransa\u2019da a\u015f\u0131r\u0131 sa\u011fc\u0131 Ulusal Birlik (RN) Partisi lideri Marine Le Pen, Suriye\u2019de K\u00fcrtlere y\u00f6nelik tutumu sert s\u00f6zlerle ele\u015ftirdi. X hesab\u0131ndan yapt\u0131\u011f\u0131 payla\u015f\u0131mda Le Pen, I\u015e\u0130D\u2019e kar\u015f\u0131 m\u00fccadelede K\u00fcrtlerin cesurca sava\u015ft\u0131\u011f\u0131n\u0131 ancak bug\u00fcn \u201ckorkak\u00e7a terk edildiklerini\u201d s\u00f6yledi. Payla\u015f\u0131m\u0131nda uluslararas\u0131 toplumu da hedef alan Le Pen, \u201cK\u00fcrtler \u00f6l\u00fcyor. I\u015e\u0130D ter\u00f6ristlerine kar\u015f\u0131 cesurca sava\u015fan K\u00fcrtler korkak\u00e7a terk edildi [&hellip;]\" \/>\n<meta property=\"og:url\" content=\"https:\/\/darkamazi.site\/archives\/1036298\" \/>\n<meta property=\"og:site_name\" content=\"Darka Mazi\" \/>\n<meta property=\"article:publisher\" content=\"https:\/\/www.facebook.com\/DarkaMaziturkce\" \/>\n<meta property=\"article:published_time\" content=\"2026-01-24T07:15:13+00:00\" \/>\n<meta property=\"article:modified_time\" content=\"2026-01-24T07:16:17+00:00\" \/>\n<meta property=\"og:image\" content=\"https:\/\/darkamazi.site\/file\/2026\/01\/le-pen-aciklama.jpg\" \/>\n\t<meta property=\"og:image:width\" content=\"1280\" \/>\n\t<meta property=\"og:image:height\" content=\"720\" \/>\n\t<meta property=\"og:image:type\" content=\"image\/jpeg\" \/>\n<meta name=\"author\" content=\"darka mazi\" \/>\n<meta name=\"twitter:card\" content=\"summary_large_image\" \/>\n<meta name=\"twitter:creator\" content=\"@DarkaMaziTurkce\" \/>\n<meta name=\"twitter:site\" content=\"@DarkaMaziTurkce\" \/>\n<meta name=\"twitter:label1\" content=\"Written by\" \/>\n\t<meta name=\"twitter:data1\" content=\"darka mazi\" \/>\n\t<meta name=\"twitter:label2\" content=\"Est. reading time\" \/>\n\t<meta name=\"twitter:data2\" content=\"1 minute\" \/>\n<script type=\"application\/ld+json\" class=\"seo-schema-graph\">{\"@context\":\"https:\\\/\\\/schema.org\",\"@graph\":[{\"@type\":\"NewsArticle\",\"@id\":\"https:\\\/\\\/darkamazi.site\\\/archives\\\/1036298#article\",\"isPartOf\":{\"@id\":\"https:\\\/\\\/darkamazi.site\\\/archives\\\/1036298\"},\"author\":{\"name\":\"darka mazi\",\"@id\":\"https:\\\/\\\/darkamazi.site\\\/#\\\/schema\\\/person\\\/67986a95ac546c16760365877ef4a9d3\"},\"headline\":\"Le Pen&#8217;den a\u00e7\u0131klama: &#8220;K\u00fcrtler cesurca konu\u015ftu fakat korkak\u00e7a terkedildiler&#8221;\",\"datePublished\":\"2026-01-24T07:15:13+00:00\",\"dateModified\":\"2026-01-24T07:16:17+00:00\",\"mainEntityOfPage\":{\"@id\":\"https:\\\/\\\/darkamazi.site\\\/archives\\\/1036298\"},\"wordCount\":222,\"publisher\":{\"@id\":\"https:\\\/\\\/darkamazi.site\\\/#organization\"},\"image\":{\"@id\":\"https:\\\/\\\/darkamazi.site\\\/archives\\\/1036298#primaryimage\"},\"thumbnailUrl\":\"https:\\\/\\\/darkamazi.site\\\/darka-content\\\/uploads\\\/2026\\\/01\\\/le-pen-aciklama.jpg\",\"articleSection\":[\"D\u00fcnya\"],\"inLanguage\":\"en-US\"},{\"@type\":\"WebPage\",\"@id\":\"https:\\\/\\\/darkamazi.site\\\/archives\\\/1036298\",\"url\":\"https:\\\/\\\/darkamazi.site\\\/archives\\\/1036298\",\"name\":\"Le Pen'den a\u00e7\u0131klama: \\\"K\u00fcrtler cesurca konu\u015ftu fakat korkak\u00e7a terkedildiler\\\" - Darka Mazi\",\"isPartOf\":{\"@id\":\"https:\\\/\\\/darkamazi.site\\\/#website\"},\"primaryImageOfPage\":{\"@id\":\"https:\\\/\\\/darkamazi.site\\\/archives\\\/1036298#primaryimage\"},\"image\":{\"@id\":\"https:\\\/\\\/darkamazi.site\\\/archives\\\/1036298#primaryimage\"},\"thumbnailUrl\":\"https:\\\/\\\/darkamazi.site\\\/darka-content\\\/uploads\\\/2026\\\/01\\\/le-pen-aciklama.jpg\",\"datePublished\":\"2026-01-24T07:15:13+00:00\",\"dateModified\":\"2026-01-24T07:16:17+00:00\",\"breadcrumb\":{\"@id\":\"https:\\\/\\\/darkamazi.site\\\/archives\\\/1036298#breadcrumb\"},\"inLanguage\":\"en-US\",\"potentialAction\":[{\"@type\":\"ReadAction\",\"target\":[\"https:\\\/\\\/darkamazi.site\\\/archives\\\/1036298\"]}]},{\"@type\":\"ImageObject\",\"inLanguage\":\"en-US\",\"@id\":\"https:\\\/\\\/darkamazi.site\\\/archives\\\/1036298#primaryimage\",\"url\":\"https:\\\/\\\/darkamazi.site\\\/darka-content\\\/uploads\\\/2026\\\/01\\\/le-pen-aciklama.jpg\",\"contentUrl\":\"https:\\\/\\\/darkamazi.site\\\/darka-content\\\/uploads\\\/2026\\\/01\\\/le-pen-aciklama.jpg\",\"width\":1280,\"height\":720,\"caption\":\"Le Pen'den a\u00e7\u0131klama: \\\"K\u00fcrtler cesurca konu\u015ftu fakat korkak\u00e7a terkedildiler\\\"\"},{\"@type\":\"BreadcrumbList\",\"@id\":\"https:\\\/\\\/darkamazi.site\\\/archives\\\/1036298#breadcrumb\",\"itemListElement\":[{\"@type\":\"ListItem\",\"position\":1,\"name\":\"Home\",\"item\":\"https:\\\/\\\/darkamazi.site\\\/\"},{\"@type\":\"ListItem\",\"position\":2,\"name\":\"Le Pen&#8217;den a\u00e7\u0131klama: &#8220;K\u00fcrtler cesurca konu\u015ftu fakat korkak\u00e7a terkedildiler&#8221;\"}]},{\"@type\":\"WebSite\",\"@id\":\"https:\\\/\\\/darkamazi.site\\\/#website\",\"url\":\"https:\\\/\\\/darkamazi.site\\\/\",\"name\":\"Darka Mazi\",\"description\":\"Ana Sayfa\",\"publisher\":{\"@id\":\"https:\\\/\\\/darkamazi.site\\\/#organization\"},\"potentialAction\":[{\"@type\":\"SearchAction\",\"target\":{\"@type\":\"EntryPoint\",\"urlTemplate\":\"https:\\\/\\\/darkamazi.site\\\/?s={search_term_string}\"},\"query-input\":{\"@type\":\"PropertyValueSpecification\",\"valueRequired\":true,\"valueName\":\"search_term_string\"}}],\"inLanguage\":\"en-US\"},{\"@type\":\"Organization\",\"@id\":\"https:\\\/\\\/darkamazi.site\\\/#organization\",\"name\":\"Darka Mazi T\u00fcrk\u00e7e\",\"alternateName\":\"Darka Mazi\",\"url\":\"https:\\\/\\\/darkamazi.site\\\/\",\"logo\":{\"@type\":\"ImageObject\",\"inLanguage\":\"en-US\",\"@id\":\"https:\\\/\\\/darkamazi.site\\\/#\\\/schema\\\/logo\\\/image\\\/\",\"url\":\"https:\\\/\\\/darkamazi.site\\\/darka-content\\\/uploads\\\/2017\\\/12\\\/darka-mazi-logo.png\",\"contentUrl\":\"https:\\\/\\\/darkamazi.site\\\/darka-content\\\/uploads\\\/2017\\\/12\\\/darka-mazi-logo.png\",\"width\":151,\"height\":75,\"caption\":\"Darka Mazi T\u00fcrk\u00e7e\"},\"image\":{\"@id\":\"https:\\\/\\\/darkamazi.site\\\/#\\\/schema\\\/logo\\\/image\\\/\"},\"sameAs\":[\"https:\\\/\\\/www.facebook.com\\\/DarkaMaziturkce\",\"https:\\\/\\\/x.com\\\/DarkaMaziTurkce\"]},{\"@type\":\"Person\",\"@id\":\"https:\\\/\\\/darkamazi.site\\\/#\\\/schema\\\/person\\\/67986a95ac546c16760365877ef4a9d3\",\"name\":\"darka mazi\",\"sameAs\":[\"https:\\\/\\\/darkamazi.site\"],\"url\":\"https:\\\/\\\/darkamazi.site\\\/archives\\\/author\\\/turkish\"}]}<\/script>\n<!-- \/ Yoast SEO plugin. -->","seo_head_json":{"title":"Le Pen'den a\u00e7\u0131klama: \"K\u00fcrtler cesurca konu\u015ftu fakat korkak\u00e7a terkedildiler\" - Darka Mazi","robots":{"index":"index","follow":"follow","max-snippet":"max-snippet:-1","max-image-preview":"max-image-preview:large","max-video-preview":"max-video-preview:-1"},"canonical":"https:\/\/darkamazi.site\/archives\/1036298","og_locale":"en_US","og_type":"article","og_title":"Le Pen'den a\u00e7\u0131klama: \"K\u00fcrtler cesurca konu\u015ftu fakat korkak\u00e7a terkedildiler\" - Darka Mazi","og_description":"Fransa\u2019da a\u015f\u0131r\u0131 sa\u011fc\u0131 Ulusal Birlik (RN) Partisi lideri Marine Le Pen, Suriye\u2019de K\u00fcrtlere y\u00f6nelik tutumu sert s\u00f6zlerle ele\u015ftirdi. X hesab\u0131ndan yapt\u0131\u011f\u0131 payla\u015f\u0131mda Le Pen, I\u015e\u0130D\u2019e kar\u015f\u0131 m\u00fccadelede K\u00fcrtlerin cesurca sava\u015ft\u0131\u011f\u0131n\u0131 ancak bug\u00fcn \u201ckorkak\u00e7a terk edildiklerini\u201d s\u00f6yledi. Payla\u015f\u0131m\u0131nda uluslararas\u0131 toplumu da hedef alan Le Pen, \u201cK\u00fcrtler \u00f6l\u00fcyor. I\u015e\u0130D ter\u00f6ristlerine kar\u015f\u0131 cesurca sava\u015fan K\u00fcrtler korkak\u00e7a terk edildi [&hellip;]","og_url":"https:\/\/darkamazi.site\/archives\/1036298","og_site_name":"Darka Mazi","article_publisher":"https:\/\/www.facebook.com\/DarkaMaziturkce","article_published_time":"2026-01-24T07:15:13+00:00","article_modified_time":"2026-01-24T07:16:17+00:00","og_image":[{"width":1280,"height":720,"url":"https:\/\/darkamazi.site\/file\/2026\/01\/le-pen-aciklama.jpg","type":"image\/jpeg"}],"author":"darka mazi","twitter_card":"summary_large_image","twitter_creator":"@DarkaMaziTurkce","twitter_site":"@DarkaMaziTurkce","twitter_misc":{"Written by":"darka mazi","Est. reading time":"1 minute"},"schema":{"@context":"https:\/\/schema.org","@graph":[{"@type":"NewsArticle","@id":"https:\/\/darkamazi.site\/archives\/1036298#article","isPartOf":{"@id":"https:\/\/darkamazi.site\/archives\/1036298"},"author":{"name":"darka mazi","@id":"https:\/\/darkamazi.site\/#\/schema\/person\/67986a95ac546c16760365877ef4a9d3"},"headline":"Le Pen&#8217;den a\u00e7\u0131klama: &#8220;K\u00fcrtler cesurca konu\u015ftu fakat korkak\u00e7a terkedildiler&#8221;","datePublished":"2026-01-24T07:15:13+00:00","dateModified":"2026-01-24T07:16:17+00:00","mainEntityOfPage":{"@id":"https:\/\/darkamazi.site\/archives\/1036298"},"wordCount":222,"publisher":{"@id":"https:\/\/darkamazi.site\/#organization"},"image":{"@id":"https:\/\/darkamazi.site\/archives\/1036298#primaryimage"},"thumbnailUrl":"https:\/\/darkamazi.site\/file\/2026\/01\/le-pen-aciklama.jpg","articleSection":["D\u00fcnya"],"inLanguage":"en-US"},{"@type":"WebPage","@id":"https:\/\/darkamazi.site\/archives\/1036298","url":"https:\/\/darkamazi.site\/archives\/1036298","name":"Le Pen'den a\u00e7\u0131klama: \"K\u00fcrtler cesurca konu\u015ftu fakat korkak\u00e7a terkedildiler\" - Darka Mazi","isPartOf":{"@id":"https:\/\/darkamazi.site\/#website"},"primaryImageOfPage":{"@id":"https:\/\/darkamazi.site\/archives\/1036298#primaryimage"},"image":{"@id":"https:\/\/darkamazi.site\/archives\/1036298#primaryimage"},"thumbnailUrl":"https:\/\/darkamazi.site\/file\/2026\/01\/le-pen-aciklama.jpg","datePublished":"2026-01-24T07:15:13+00:00","dateModified":"2026-01-24T07:16:17+00:00","breadcrumb":{"@id":"https:\/\/darkamazi.site\/archives\/1036298#breadcrumb"},"inLanguage":"en-US","potentialAction":[{"@type":"ReadAction","target":["https:\/\/darkamazi.site\/archives\/1036298"]}]},{"@type":"ImageObject","inLanguage":"en-US","@id":"https:\/\/darkamazi.site\/archives\/1036298#primaryimage","url":"https:\/\/darkamazi.site\/file\/2026\/01\/le-pen-aciklama.jpg","contentUrl":"https:\/\/darkamazi.site\/file\/2026\/01\/le-pen-aciklama.jpg","width":1280,"height":720,"caption":"Le Pen'den a\u00e7\u0131klama: \"K\u00fcrtler cesurca konu\u015ftu fakat korkak\u00e7a terkedildiler\""},{"@type":"BreadcrumbList","@id":"https:\/\/darkamazi.site\/archives\/1036298#breadcrumb","itemListElement":[{"@type":"ListItem","position":1,"name":"Home","item":"https:\/\/darkamazi.site\/"},{"@type":"ListItem","position":2,"name":"Le Pen&#8217;den a\u00e7\u0131klama: &#8220;K\u00fcrtler cesurca konu\u015ftu fakat korkak\u00e7a terkedildiler&#8221;"}]},{"@type":"WebSite","@id":"https:\/\/darkamazi.site\/#website","url":"https:\/\/darkamazi.site\/","name":"Darka Mazi","description":"Ana Sayfa","publisher":{"@id":"https:\/\/darkamazi.site\/#organization"},"potentialAction":[{"@type":"SearchAction","target":{"@type":"EntryPoint","urlTemplate":"https:\/\/darkamazi.site\/?s={search_term_string}"},"query-input":{"@type":"PropertyValueSpecification","valueRequired":true,"valueName":"search_term_string"}}],"inLanguage":"en-US"},{"@type":"Organization","@id":"https:\/\/darkamazi.site\/#organization","name":"Darka Mazi T\u00fcrk\u00e7e","alternateName":"Darka Mazi","url":"https:\/\/darkamazi.site\/","logo":{"@type":"ImageObject","inLanguage":"en-US","@id":"https:\/\/darkamazi.site\/#\/schema\/logo\/image\/","url":"https:\/\/darkamazi.site\/file\/2017\/12\/darka-mazi-logo.png","contentUrl":"https:\/\/darkamazi.site\/file\/2017\/12\/darka-mazi-logo.png","width":151,"height":75,"caption":"Darka Mazi T\u00fcrk\u00e7e"},"image":{"@id":"https:\/\/darkamazi.site\/#\/schema\/logo\/image\/"},"sameAs":["https:\/\/www.facebook.com\/DarkaMaziturkce","https:\/\/x.com\/DarkaMaziTurkce"]},{"@type":"Person","@id":"https:\/\/darkamazi.site\/#\/schema\/person\/67986a95ac546c16760365877ef4a9d3","name":"darka mazi","sameAs":["https:\/\/darkamazi.site"],"url":"https:\/\/darkamazi.site\/archives\/author\/turkish"}]}},"_links":{"self":[{"href":"https:\/\/darkamazi.site\/funavuv\/wp\/v2\/posts\/1036298","targetHints":{"allow":["GET"]}}],"collection":[{"href":"https:\/\/darkamazi.site\/funavuv\/wp\/v2\/posts"}],"about":[{"href":"https:\/\/darkamazi.site\/funavuv\/wp\/v2\/types\/post"}],"author":[{"embeddable":true,"href":"https:\/\/darkamazi.site\/funavuv\/wp\/v2\/users\/2"}],"replies":[{"embeddable":true,"href":"https:\/\/darkamazi.site\/funavuv\/wp\/v2\/comments?post=1036298"}],"version-history":[{"count":0,"href":"https:\/\/darkamazi.site\/funavuv\/wp\/v2\/posts\/1036298\/revisions"}],"wp:featuredmedia":[{"embeddable":true,"href":"https:\/\/darkamazi.site\/funavuv\/wp\/v2\/media\/1036299"}],"wp:attachment":[{"href":"https:\/\/darkamazi.site\/funavuv\/wp\/v2\/media?parent=1036298"}],"wp:term":[{"taxonomy":"category","embeddable":true,"href":"https:\/\/darkamazi.site\/funavuv\/wp\/v2\/categories?post=1036298"},{"taxonomy":"post_tag","embeddable":true,"href":"https:\/\/darkamazi.site\/funavuv\/wp\/v2\/tags?post=1036298"}],"curies":[{"name":"wp","href":"https:\/\/api.w.org\/{rel}","templated":true}]}}