{"id":1036301,"date":"2026-01-24T11:44:22","date_gmt":"2026-01-24T08:44:22","guid":{"rendered":"https:\/\/darkamazi.site\/?p=1036301"},"modified":"2026-01-24T11:47:02","modified_gmt":"2026-01-24T08:47:02","slug":"rojava-nasil-kurtulacak-kurtler-ne-yapmali","status":"publish","type":"post","link":"https:\/\/darkamazi.site\/archives\/1036301","title":{"rendered":"Rojava nas\u0131l kurtulacak? K\u00fcrtler ne yapmal\u0131?"},"content":{"rendered":"<p style=\"text-align: justify\">Rojava K\u00fcrdistan\u0131 b\u00fcy\u00fck bir sald\u0131r\u0131 alt\u0131nda. Rojava y\u00f6netimi \u00a0kontrol etti\u011fi \u00a0topraklar\u0131n ve enerji kaynaklar\u0131n\u0131n b\u00fcy\u00fck b\u00f6l\u00fcm\u00fcnden geri \u00e7ekilmek zorunda kald\u0131. 20 Ocak g\u00fcn\u00fc bir d\u00f6rt g\u00fcnl\u00fck bir ate\u015fkes ilan edilmi\u015f olsa da ate\u015fkesin sonunda da ne olaca\u011f\u0131 belli de\u011fil.\u00a0 Peki Rojava nas\u0131l kurtulacak, b\u00f6yle g\u00f6z g\u00f6re ezilip yok edilmelerini televizyonlardan canl\u0131 canl\u0131 izleyecek miyiz? K\u00fcrtler ne yapmal\u0131? K\u00fcrtler nerede hata yapt\u0131?<\/p>\n<p style=\"text-align: justify\">K\u00fcrtler bu s\u00fcre\u00e7te herkesten daha \u00e7ok direndiler, kahramanl\u0131k yapt\u0131lar ve sava\u015fta kazand\u0131lar ama masa kurulunca kaybetmeye mahkum edildi. Neden?<\/p>\n<p style=\"text-align: justify\">Baz\u0131lar\u0131 diyor ki \u201cK\u00fcrtler bu s\u00fcre\u00e7te birbirini ele\u015ftirmesin. Ge\u00e7mi\u015f sayfalar\u0131 a\u00e7mas\u0131n\u201d bir yere kadar do\u011fru g\u00f6r\u00fcne bilir fakat nerede hata yap\u0131ld\u0131\u011f\u0131n\u0131 net s\u00f6ylemezsek \u00f6n\u00fcm\u00fczdeki d\u00f6nem tehlikelerinde de ayn\u0131 hatalar\u0131 yapar\u0131z. Bunun i\u00e7in hata yap\u0131lan baz\u0131 noktalar\u0131 do\u011fru tespit etmek zorunday\u0131z.<\/p>\n<p style=\"text-align: justify\"><strong>K\u00fcrtler \u201cUlus Akl\u0131\u201d ile hareket etmeli<\/strong><\/p>\n<p style=\"text-align: justify\">A\u00e7\u0131k s\u00f6ylemek gerekirse K\u00fcrtler her konuda son noktaya gelmi\u015f de\u011filler. Fakat siyasal aritmetik pek de K\u00fcrtlerin lehine de\u011fil. Bat\u0131 ve Do\u011fu\u2019nun yerel g\u00fc\u00e7leri anla\u015fm\u0131\u015f. Rojava\u2019da K\u00fcrtlere bireysel vatanda\u015fl\u0131k d\u0131\u015f\u0131nda bir hak vermek istemiyorlar. Yani K\u00fcrtler millet olarak de\u011fil birey olarak Suriye devletine entegre edilmek isteniyor.\u00a0 \u00a0\u00c7\u00fcnk\u00fc K\u00fcrtler millet olarak hareket etmedi. Arap Bahar\u0131n\u0131n ba\u015f\u0131ndan bu yana da T\u00fcrkiye, Araplar vb herkes kendi ulus ve devlet \u00e7\u0131kar\u0131na g\u00f6re hareket etti. \u00c7\u00fcnk\u00fc adamlar\u0131n bir ulus akl\u0131 var, bir devlet akl\u0131 var.<\/p>\n<p style=\"text-align: justify\">K\u00fcrtlerde bu \u201culus akl\u0131\u201d \u201cdevlet akl\u0131\u201d ve bu olmad\u0131\u011f\u0131 s\u00fcrece de hep direnece\u011fiz, hem sava\u015faca\u011f\u0131z, hep hakl\u0131 olaca\u011f\u0131z ama bir yere gelmeyece\u011fiz. \u00c7\u00fcnk\u00fc d\u00fcnya sistemi uluslar ve devletler \u00fczerine kurulmu\u015f.\u00a0 Sisteme dahil olmak i\u00e7in ayn\u0131 arg\u00fcmanlara ve ayn\u0131 akla sahip olmak laz\u0131m. Kalk\u0131p taban h\u0131z s\u0131n\u0131r\u0131 100 km olan bir otobanda bisiklet ile \u201cbende oyuna dahil olay\u0131n arabalar\u0131 yeneyim\u201d, denmeyece\u011fi gibi devlet-ulus-\u00e7\u0131kar \u00fczerine kurulu bir sistemde kom\u00fcn-ideoloji-ahlak vb s\u00f6ylemlerle yer edinilemez. \u0130ster vicdani bulun ister bulmay\u0131n ama ger\u00e7ek budur. K\u00fcrtler bir \u201culus akl\u0131\u201d ile hareket etmek zorundad\u0131r. K\u00fcrtler devlet ayar\u0131nda bir g\u00fcce ula\u015fmak i\u00e7in ulusal ak\u0131lla hareket etmelidir.<\/p>\n<p style=\"text-align: justify\"><strong>K\u00fcrtler duygularla hareket edemez<\/strong><\/p>\n<p style=\"text-align: justify\">Bak\u0131n\u0131z bug\u00fcn Rojava \u00e7ok zor bir durumda. Hepimiz \u00e7ok \u00f6fkeliyiz, g\u00fcnlerdir uyuyam\u0131yoruz, hazmedemiyoruz.<\/p>\n<p style=\"text-align: justify\">K\u00fcrt halk\u0131 ne yap\u0131yor? \u0130nsanlar sokaklarda eylem yap\u0131yor, sosyal medyada harekette. Herkes Rojava\u2019ya gidelim diyor, baz\u0131lar\u0131 \u201cBat\u0131 bizi satt\u0131, biz de onlardan nefret edelim\u201d diyor.\u00a0 Din, vicdan, iman \u00e7a\u011fr\u0131lar\u0131 yap\u0131l\u0131yor. G\u00fcney\u2019de Semelka s\u0131n\u0131r kap\u0131s\u0131 a\u00e7\u0131ls\u0131n yard\u0131ma gidelim diyor. ( bu arada Semelka kap\u0131s\u0131 kapal\u0131 de\u011fildir, s\u00fcrekli bir g\u0131da vb konularda ak\u0131\u015f, ticaret vard\u0131r. Siviller ise haftan\u0131n belli g\u00fcnleri, gelip gidiyor). Pe\u015fmerge Hasekiye\u2019ye gitsin diyor.<\/p>\n<p style=\"text-align: justify\">\u015eimdi bunlar halk\u0131n talepleri bu talepler do\u011fru mu? Halk\u0131n sokakta olmas\u0131 ve Rojava i\u00e7in \u00f6l\u00fcm\u00fc g\u00f6ze almas\u0131 \u00e7ok do\u011fru ama at\u0131lan sloganlar\u0131n hepsi do\u011fru de\u011fil. \u00c7\u00fcnk\u00fc baz\u0131lar\u0131 sadece duygusal ve \u00f6fkeli d\u00fc\u015f\u00fcncelerin \u00fcr\u00fcn\u00fc. \u00d6rne\u011fin tiktok\u2019ta bir video yap\u0131lm\u0131\u015f, Mazlum Abdi -off, \u015eahin Cilo on diyerek HSD komutan\u0131na yine PKK kimli\u011fine d\u00f6nmesi isteniyor. \u00c7ok da g\u00fczel fig\u00fcrler yapm\u0131\u015flar, insan resme bak\u0131nca g\u00fczel g\u00f6r\u00fcn\u00fcyor. Fakat Rojava kadrolar\u0131n\u0131n PKK kimli\u011fine d\u00f6nmesi \u00e7\u00f6z\u00fcm de\u011fil. Tam tersine zaten Rojava PKK\u2019li olmak d\u0131\u015f\u0131nda \u00e7\u0131kamad\u0131\u011f\u0131 i\u00e7in Rojava bug\u00fcn bu haldedir. Ne yapal\u0131m \u015fimdi bir tiktok\u00e7u bu resmi g\u00fczel yapm\u0131\u015f diye pe\u015finden mi gidelim? Hay\u0131r, Rojava duygularla kurtar\u0131lmaz, \u00f6fke ve g\u00f6z ya\u015f\u0131 ile kurtar\u0131lmaz. Ulusal akl\u0131 kuracak siyaset\u00e7ilere ihtiyac\u0131m\u0131z var.<\/p>\n<p style=\"text-align: justify\"><strong>PKK ve \u00d6calan\u2019\u0131n rol\u00fc a\u00e7\u0131k g\u00f6r\u00fclmeli<\/strong><\/p>\n<p style=\"text-align: justify\">Rojava\u2019n\u0131n bug\u00fcn bu noktaya gelmesinde PKK ve Abdullah \u00d6calan\u2019\u0131n b\u00fcy\u00fck bir rol\u00fc vard\u0131r. \u00d6calan\u2019\u0131n ideolojik s\u00f6ylemleri Rojava\u2019da iflas etti. Bu paradigma ve d\u00fc\u015f\u00fcnce ele\u015ftirilerini bir yana b\u0131rakal\u0131m pratik olarak da PKK Rojava\u2019y\u0131 kendini \u201cme\u015frula\u015ft\u0131r\u0131p iktidarla\u015ft\u0131racak\u201d bir m\u00fclk olarak g\u00f6rd\u00fc.<\/p>\n<p style=\"text-align: justify\">Ve PKK s\u0131rf Rojava sadece onun olsun diye 2013 y\u0131l\u0131nda Hewler\u2019de yap\u0131lmas\u0131 beklenen K\u00fcrt ulusal kongresini engelledi. \u00a0Kongre olursa \u201cBarzaniler ve di\u011fer partilerde Rojava\u2019da etkili olur\u201d diye d\u00fc\u015f\u00fcnd\u00fc\u011f\u00fc i\u00e7in bunu yapt\u0131. PKK, Rojaval\u0131 g\u00fc\u00e7lerin Hewler ve Duhok\u2019taki \u00fc\u00e7 anla\u015fmas\u0131n\u0131, ortak y\u00f6netim kurmas\u0131n\u0131 engelledi. Ko\u015fullar vard\u0131 ama o K\u00fcrt g\u00fc\u00e7leri ile anla\u015fmak yerine \u0130ran ve Ha\u015fdi \u015eabi\u2019nin yan\u0131nda durdu. KDP\u2019ye kar\u015f\u0131 sava\u015f a\u00e7t\u0131. Oysa ki o zaman yani 2012 y\u0131l\u0131nda anla\u015fma olsa her \u015fey \u00e7ok farkl\u0131 olabilirdi.\u00a0 PKK ve \u00d6calan Rojava\u2019y\u0131 herkese pazarlay\u0131p imtiyaz elde edecekleri bir alan olarak g\u00f6rd\u00fc. Rojava\u2019n\u0131n K\u00fcrt kimli\u011fini zedeledi.\u00a0 2012 y\u0131l\u0131ndan bu yana Rojava y\u00f6neticileri \u00e7\u0131k\u0131p \u201cdevlet istemiyoruz, federalizm istemiyoruz, s\u0131n\u0131rlar de\u011fi\u015fsin istemiyoruz, g\u00fcney K\u00fcrdistan gibi bir yap\u0131 istemiyoruz\u201d diye diye asl\u0131nda \u201chi\u00e7bir \u015fey\u201d talep ettiler. Ve \u015fimdi de Rojava\u2019ya \u201chi\u00e7bir \u015fey\u201d veriliyor. Bu PKK\u2019nin eseridir.<\/p>\n<p style=\"text-align: justify\">Rojava\u2019n\u0131n durumunun en kritik oldu\u011fu ev K\u00fcrtlerin diken \u00fcst\u00fcnde oldu\u011fu 19 Ocak g\u00fcn\u00fc PKK\u2019nin ana medyas\u0131 ANF \u201cKom\u00fcnler neden gereklidir?\u201d diye \u00f6zel dosyalar yapt\u0131 ve \u00d6calan\u2019\u0131n Demokrasi ve Kom\u00fcn ili\u015fkisini anlatt\u0131. \u00a0\u00a0Ne kom\u00fcn\u00fc, ne \u00d6calan\u2019\u0131 ne ideolojisi bunun zaman\u0131 m\u0131 \u015fimdi?<\/p>\n<p style=\"text-align: justify\">Hani Bay\u0131k, hani Kalkan, Hani Hozat nerede bu isimler? Ortada yoklar.<\/p>\n<p style=\"text-align: justify\">Tabiri caiz ise Rojava PKK\u2019yi emdi, s\u00f6m\u00fcrd\u00fc Barzanilerin \u00fcst\u00fcne att\u0131. \u015eimdi herkes hadi Barzaniler harekete ge\u00e7sin diyor.<\/p>\n<p style=\"text-align: justify\"><strong>K\u00fcrtler \u015eii-S\u00fcnni cephesi aras\u0131nda ezilmekten \u201cUlusal Ak\u0131l\u201d ile kurtulur<\/strong><\/p>\n<p style=\"text-align: justify\">T\u00fcm siyasi partiler Rojava i\u00e7in bir \u015feyler s\u00f6yl\u00fcyor. Ama mesele bir \u015feyler s\u00f6ylemek de\u011fil \u201cbirlik olmak ve ulusal ak\u0131l\u201d ile hareket etmek \u00f6nemli.<\/p>\n<p style=\"text-align: justify\">Ba\u015fkan Barzani\u2019nin ani Avrupa gezisi ve t\u00fcm imkanlar\u0131 devreye sokmas\u0131 \u00e7ok \u00f6nemlidir. Ger\u00e7ek te \u015fu ki Rojava i\u00e7in Barzaniler d\u0131\u015f\u0131nda bir \u015fey yapacak kimse de yok. Fakat durum buyken hala PKK bir yana \u00e7ekiyor, hala YNK bir yana \u00e7ekiyor. Hala ama Barzaniler \u00f6ne \u00e7\u0131kmas\u0131n kayg\u0131s\u0131 duyuyor. Bu kabul edilmez. Ortada K\u00fcrtere kar\u015f\u0131 yap\u0131lm\u0131\u015f b\u00fcy\u00fck bir komplo ve plan oldu\u011funu g\u00f6rmek gerek.<\/p>\n<p style=\"text-align: justify\">Bak\u0131n \u015fu anda Rojava katliam ve yok olma tehlikesi ile kar\u015f\u0131 kar\u015f\u0131ya. Hatta t\u00fcm K\u00fcrtlere kar\u015f\u0131 bir d\u00fc\u015fmanl\u0131k var. Rojava\u2019daki olaylar K\u00fcrtlere kar\u015f\u0131 yap\u0131lan daha b\u00fcy\u00fck bir komplonun \u00f6n denemeleri olabilir. \u00a0\u0130ngiltere\u2019nin tarihten beri K\u00fcrtleri S\u00fcnniler ile \u00e7at\u0131\u015ft\u0131rmak konusunda bir politikas\u0131 vard\u0131 ve bu devam ediyor gibi g\u00f6r\u00fcl\u00fcyor. Ve elbette ba\u015fka g\u00fc\u00e7lerin de ama\u00e7lar\u0131 var. \u015eimdi S\u00fcnni ve \u015eii \u00e7at\u0131\u015fmas\u0131nda K\u00fcrtler aradan kim vurduya g\u00f6t\u00fcr\u00fclmek isteniyor olabilir. Araplarla K\u00fcrtler aras\u0131 bir \u00e7at\u0131\u015fma \u00e7\u0131kar\u0131lmak isteniyor olabilir. Ortada b\u00fcy\u00fck bir tehlike var.\u00a0 Rojava\u2019y\u0131 koruma hamleleri do\u011fru yap\u0131lmaz ise bir bakm\u0131\u015f\u0131z ki\u00a0 Ha\u015fdi \u015eabi\u2019nin yan\u0131nda S\u00fcnnilerle \u00e7at\u0131\u015f\u0131yoruz. Bunun i\u00e7in Rojava\u2019y\u0131 kurtaral\u0131m derken \u201cyap hep ya hi\u00e7\u201d noktas\u0131na gelmeyelim. Bu konuda s\u00f6ylenmesi gereken birka\u00e7 \u015fey var. Rojava i\u00e7in neler yap\u0131labilir.<\/p>\n<p style=\"text-align: justify\"><strong>K\u00fcrtler Ha\u015fdi \u015eabi ile yan yana S\u00fcnnilerle sava\u015fa m\u0131 itilmek isteniyor? <\/strong><\/p>\n<p style=\"text-align: justify\">YNK\u2019nin Rojava kar\u015f\u0131s\u0131ndaki tutumu d\u0131\u015far\u0131dan do\u011fru g\u00f6r\u00fclse de \u00f6zde sakatt\u0131r. Birincisi Rojava\u2019y\u0131 kurtarma yetene\u011fine sahip tek ulusal g\u00fc\u00e7 Barzanilerin alt\u0131n\u0131 oymaya \u00e7al\u0131\u015f\u0131p, d\u00fc\u015fmanl\u0131k yaparak bunu yapamaz. Bu nedenle samimi de\u011fildir. \u00d6te yandan YNK \u0130ran ve \u015eii ajandas\u0131na hatta \u0130ngilizlerin ara s\u0131ra kula\u011f\u0131na bir \u015feyler f\u0131s\u0131ldamas\u0131 ile g\u00fcnl\u00fck ad\u0131mlarla t\u00fcm K\u00fcrtleri de tehlikeye atar.<\/p>\n<p style=\"text-align: justify\">YNK, \u201cHaseki\u2019ye askeri g\u00fc\u00e7lerimizi g\u00f6nderdik\u201d diyerek bir video yay\u0131nlad\u0131lar.\u00a0 Bu videolar ve bu t\u00fcr a\u00e7\u0131klamalar sadece propagandad\u0131r ve K\u00fcrtlere faydadan \u00e7ok zarar\u0131 vard\u0131r.\u00a0 Bir inceleyelim.\u00a0 \u015eimdi bak\u0131n YNK g\u00fc\u00e7leri nas\u0131l gitmi\u015f Haseki\u2019ye? Semalka\u2019dan gitmemi\u015fler. Onlar Ha\u015fdi \u015eabi kontrol\u00fc alt\u0131ndaki kap\u0131dan ge\u00e7ip gitmi\u015fler. \u015e\u00f6yle bir hesaplayal\u0131m.\u00a0 YNK Ha\u015fdi \u015eabi\u2019nin orta\u011f\u0131. Ha\u015fdi \u015eabi ABD\u2019ye kar\u015f\u0131. \u015eimdi de Ahmet \u015eara\u2019ya kar\u015f\u0131. Kerk\u00fck Ha\u015fdi \u015eabi ve Irak i\u015fgali alt\u0131nda ama Ha\u015fdi \u015eabi K\u00fcrtleri korumak i\u00e7in Haseki\u2019ye gitmek istiyor. YNK, K\u00fcrtler ad\u0131na m\u0131 orada yoksa Ha\u015fdi \u015eabi ad\u0131na m\u0131? Ha\u015fdi \u015eabi komutanlar\u0131n\u0131n da \u00e7\u0131k\u0131p \u201cK\u00fcrtleri korumaya haz\u0131r\u0131z\u201d dedi\u011fini de d\u00fc\u015f\u00fcn\u00fcrsek t\u00fcm bunlar tesad\u00fcf m\u00fc? De\u011fil\u2026<\/p>\n<p style=\"text-align: justify\">2012\u2019den sonra Bat\u0131 ve \u0130ran\u2019la beraber S\u00fcnni g\u00fc\u00e7lere kar\u015f\u0131 sava\u015f verildi. \u015eimdi ne yapaca\u011f\u0131z ABD ve \u0130srail\u2019e k\u00fcs\u00fcp \u015fimdi de Irak Ha\u015fdi \u015eabi\u2019si ile beraber S\u00fcnnilere kar\u015f\u0131 m\u0131 sava\u015fal\u0131m? O zaman \u0130ran\u2019daki K\u00fcrtler ne olacak?\u00a0 Tiktokta, instigramda duygusal videolar \u00e7ekerek bu sorunun cevab\u0131 verilmez. Bu soru stratejik bir sorudur. \u201cK\u00fcrt Ulus Akl\u0131\u201d denen \u015fey bunun i\u00e7indir. K\u00fcrt siyasi hareketleri bu konuda \u00f6ncelikle birbirine kar\u015f\u0131 hem sald\u0131rgan sesini kesmeli hem de siyasi ad\u0131mlar\u0131n\u0131 durdurmal\u0131. D\u00fc\u015fmanl\u0131k \u015fimdi yap\u0131lmaz. Kamuoyuna a\u00e7\u0131k olmasa da bir ortak g\u00f6r\u00fc\u015fme olmal\u0131 ve temel konularda kararlar al\u0131nmal\u0131. K\u00fcrtler ulusal ak\u0131l ile uzun vadeli ve k\u0131sa vadeli kararlar almal\u0131d\u0131r. \u00d6rne\u011fin;<\/p>\n<p style=\"text-align: justify\">Her siyasi hareket ba\u015fta Avrupa olmak \u00fczere her yerde kitlesini sokaklarda tutmaya devam etmeli. Sosyal medyada K\u00fcrtler ellerinden ne geliyorsa yapmal\u0131. Halk en k\u00f6t\u00fc ko\u015fula da haz\u0131rlanmal\u0131.<\/p>\n<p style=\"text-align: justify\">En \u00f6nemlisi K\u00fcrt hareketleri \u00e7\u0131k\u0131p a\u00e7\u0131k Ba\u015fkan Barzani\u2019nin Rojava i\u00e7in giri\u015fimlerini destekledi\u011fini a\u00e7\u0131klay\u0131p, \u201cK\u00fcrtlerin temsil ediyor\u201d demeli.<\/p>\n<p style=\"text-align: justify\">Roj Pe\u015fmergelerinin durumu netle\u015fmeli: HSD\u2019nin t\u0131pk\u0131 \u015eam gibi \u201cRoj pe\u015fmergeleri toplu g\u00fc\u00e7 olarak de\u011fil birey olarak gelsin\u201d dedi\u011fi belirtiliyor. Rojava y\u00f6netiminin bu tutumu do\u011fru de\u011fildir. Bu konuda PKK\u2019li gibi d\u00fc\u015f\u00fcnmekten vazge\u00e7melidir.<\/p>\n<p style=\"text-align: justify\">Rojava\u2019ya askeri g\u00fc\u00e7 g\u00f6nderme meselesi duygusal saiklerle karar verilecek bir durum de\u011fildir.\u00a0 A\u011f\u0131r sonu\u00e7lar\u0131 olan ve stratejik d\u00fc\u015f\u00fcn\u00fclmesi gereken konulard\u0131r. Partiler ortak karar almadan yap\u0131lmaz.<\/p>\n<p style=\"text-align: justify\">K\u00fcrtler herkese d\u00fc\u015fman durumuna d\u00fc\u015fmeden, kendi \u00e7\u0131karlar\u0131n\u0131 koruyarak, \u00f6ncelikle de halk\u0131 fiziksel katliamdan koruman\u0131n siyasetini geli\u015ftirmelidir. Hem T\u00fcrklere hem \u0130ranl\u0131lara hem \u015eiilere d\u00fc\u015fman olal\u0131m olmaz. Unutmayal\u0131m bir ku\u015fat\u0131lm\u0131\u015f bir toplumuz. \u00a0Ve bizi kurtaracak tek \u015fey kendimiziz yani ulusal akl\u0131m\u0131z bizi kurtar\u0131r.<\/p>\n","protected":false},"excerpt":{"rendered":"<p>Rojava K\u00fcrdistan\u0131 b\u00fcy\u00fck bir sald\u0131r\u0131 alt\u0131nda. Rojava y\u00f6netimi \u00a0kontrol etti\u011fi \u00a0topraklar\u0131n ve enerji kaynaklar\u0131n\u0131n b\u00fcy\u00fck b\u00f6l\u00fcm\u00fcnden geri \u00e7ekilmek zorunda kald\u0131. 20 Ocak g\u00fcn\u00fc bir d\u00f6rt g\u00fcnl\u00fck bir ate\u015fkes ilan edilmi\u015f olsa da ate\u015fkesin sonunda da ne olaca\u011f\u0131 belli de\u011fil.\u00a0 Peki Rojava nas\u0131l kurtulacak, b\u00f6yle g\u00f6z g\u00f6re ezilip yok edilmelerini televizyonlardan canl\u0131 canl\u0131 izleyecek miyiz? K\u00fcrtler [&hellip;]<\/p>\n","protected":false},"author":2,"featured_media":1036302,"comment_status":"closed","ping_status":"closed","sticky":false,"template":"","format":"standard","meta":{"footnotes":""},"categories":[7],"tags":[31],"class_list":["post-1036301","post","type-post","status-publish","format-standard","has-post-thumbnail","hentry","category-editorden","tag-onemli"],"blocksy_meta":[],"seo_head":"<!-- This site is optimized with the Yoast SEO plugin v27.5 - https:\/\/yoast.com\/product\/yoast-seo-wordpress\/ -->\n<title>Rojava nas\u0131l kurtulacak? K\u00fcrtler ne yapmal\u0131? - Darka Mazi<\/title>\n<meta name=\"robots\" content=\"index, follow, max-snippet:-1, max-image-preview:large, max-video-preview:-1\" \/>\n<link rel=\"canonical\" href=\"https:\/\/darkamazi.site\/archives\/1036301\" \/>\n<meta property=\"og:locale\" content=\"en_US\" \/>\n<meta property=\"og:type\" content=\"article\" \/>\n<meta property=\"og:title\" content=\"Rojava nas\u0131l kurtulacak? K\u00fcrtler ne yapmal\u0131? - Darka Mazi\" \/>\n<meta property=\"og:description\" content=\"Rojava K\u00fcrdistan\u0131 b\u00fcy\u00fck bir sald\u0131r\u0131 alt\u0131nda. Rojava y\u00f6netimi \u00a0kontrol etti\u011fi \u00a0topraklar\u0131n ve enerji kaynaklar\u0131n\u0131n b\u00fcy\u00fck b\u00f6l\u00fcm\u00fcnden geri \u00e7ekilmek zorunda kald\u0131. 20 Ocak g\u00fcn\u00fc bir d\u00f6rt g\u00fcnl\u00fck bir ate\u015fkes ilan edilmi\u015f olsa da ate\u015fkesin sonunda da ne olaca\u011f\u0131 belli de\u011fil.\u00a0 Peki Rojava nas\u0131l kurtulacak, b\u00f6yle g\u00f6z g\u00f6re ezilip yok edilmelerini televizyonlardan canl\u0131 canl\u0131 izleyecek miyiz? K\u00fcrtler [&hellip;]\" \/>\n<meta property=\"og:url\" content=\"https:\/\/darkamazi.site\/archives\/1036301\" \/>\n<meta property=\"og:site_name\" content=\"Darka Mazi\" \/>\n<meta property=\"article:publisher\" content=\"https:\/\/www.facebook.com\/DarkaMaziturkce\" \/>\n<meta property=\"article:published_time\" content=\"2026-01-24T08:44:22+00:00\" \/>\n<meta property=\"article:modified_time\" content=\"2026-01-24T08:47:02+00:00\" \/>\n<meta property=\"og:image\" content=\"https:\/\/darkamazi.site\/file\/2026\/01\/kurdistan.jpg\" \/>\n\t<meta property=\"og:image:width\" content=\"900\" \/>\n\t<meta property=\"og:image:height\" content=\"475\" \/>\n\t<meta property=\"og:image:type\" content=\"image\/jpeg\" \/>\n<meta name=\"author\" content=\"darka mazi\" \/>\n<meta name=\"twitter:card\" content=\"summary_large_image\" \/>\n<meta name=\"twitter:creator\" content=\"@DarkaMaziTurkce\" \/>\n<meta name=\"twitter:site\" content=\"@DarkaMaziTurkce\" \/>\n<meta name=\"twitter:label1\" content=\"Written by\" \/>\n\t<meta name=\"twitter:data1\" content=\"darka mazi\" \/>\n\t<meta name=\"twitter:label2\" content=\"Est. reading time\" \/>\n\t<meta name=\"twitter:data2\" content=\"7 minutes\" \/>\n<script type=\"application\/ld+json\" class=\"seo-schema-graph\">{\"@context\":\"https:\\\/\\\/schema.org\",\"@graph\":[{\"@type\":\"NewsArticle\",\"@id\":\"https:\\\/\\\/darkamazi.site\\\/archives\\\/1036301#article\",\"isPartOf\":{\"@id\":\"https:\\\/\\\/darkamazi.site\\\/archives\\\/1036301\"},\"author\":{\"name\":\"darka mazi\",\"@id\":\"https:\\\/\\\/darkamazi.site\\\/#\\\/schema\\\/person\\\/67986a95ac546c16760365877ef4a9d3\"},\"headline\":\"Rojava nas\u0131l kurtulacak? K\u00fcrtler ne yapmal\u0131?\",\"datePublished\":\"2026-01-24T08:44:22+00:00\",\"dateModified\":\"2026-01-24T08:47:02+00:00\",\"mainEntityOfPage\":{\"@id\":\"https:\\\/\\\/darkamazi.site\\\/archives\\\/1036301\"},\"wordCount\":1889,\"publisher\":{\"@id\":\"https:\\\/\\\/darkamazi.site\\\/#organization\"},\"image\":{\"@id\":\"https:\\\/\\\/darkamazi.site\\\/archives\\\/1036301#primaryimage\"},\"thumbnailUrl\":\"https:\\\/\\\/darkamazi.site\\\/darka-content\\\/uploads\\\/2026\\\/01\\\/kurdistan.jpg\",\"keywords\":[\"\u00f6nemli\"],\"articleSection\":[\"Edit\u00f6rden\"],\"inLanguage\":\"en-US\"},{\"@type\":\"WebPage\",\"@id\":\"https:\\\/\\\/darkamazi.site\\\/archives\\\/1036301\",\"url\":\"https:\\\/\\\/darkamazi.site\\\/archives\\\/1036301\",\"name\":\"Rojava nas\u0131l kurtulacak? K\u00fcrtler ne yapmal\u0131? - Darka Mazi\",\"isPartOf\":{\"@id\":\"https:\\\/\\\/darkamazi.site\\\/#website\"},\"primaryImageOfPage\":{\"@id\":\"https:\\\/\\\/darkamazi.site\\\/archives\\\/1036301#primaryimage\"},\"image\":{\"@id\":\"https:\\\/\\\/darkamazi.site\\\/archives\\\/1036301#primaryimage\"},\"thumbnailUrl\":\"https:\\\/\\\/darkamazi.site\\\/darka-content\\\/uploads\\\/2026\\\/01\\\/kurdistan.jpg\",\"datePublished\":\"2026-01-24T08:44:22+00:00\",\"dateModified\":\"2026-01-24T08:47:02+00:00\",\"breadcrumb\":{\"@id\":\"https:\\\/\\\/darkamazi.site\\\/archives\\\/1036301#breadcrumb\"},\"inLanguage\":\"en-US\",\"potentialAction\":[{\"@type\":\"ReadAction\",\"target\":[\"https:\\\/\\\/darkamazi.site\\\/archives\\\/1036301\"]}]},{\"@type\":\"ImageObject\",\"inLanguage\":\"en-US\",\"@id\":\"https:\\\/\\\/darkamazi.site\\\/archives\\\/1036301#primaryimage\",\"url\":\"https:\\\/\\\/darkamazi.site\\\/darka-content\\\/uploads\\\/2026\\\/01\\\/kurdistan.jpg\",\"contentUrl\":\"https:\\\/\\\/darkamazi.site\\\/darka-content\\\/uploads\\\/2026\\\/01\\\/kurdistan.jpg\",\"width\":900,\"height\":475,\"caption\":\"Rojava nas\u0131l kurtulacak? K\u00fcrtler ne yapmal\u0131?\"},{\"@type\":\"BreadcrumbList\",\"@id\":\"https:\\\/\\\/darkamazi.site\\\/archives\\\/1036301#breadcrumb\",\"itemListElement\":[{\"@type\":\"ListItem\",\"position\":1,\"name\":\"Home\",\"item\":\"https:\\\/\\\/darkamazi.site\\\/\"},{\"@type\":\"ListItem\",\"position\":2,\"name\":\"Rojava nas\u0131l kurtulacak? K\u00fcrtler ne yapmal\u0131?\"}]},{\"@type\":\"WebSite\",\"@id\":\"https:\\\/\\\/darkamazi.site\\\/#website\",\"url\":\"https:\\\/\\\/darkamazi.site\\\/\",\"name\":\"Darka Mazi\",\"description\":\"Ana Sayfa\",\"publisher\":{\"@id\":\"https:\\\/\\\/darkamazi.site\\\/#organization\"},\"potentialAction\":[{\"@type\":\"SearchAction\",\"target\":{\"@type\":\"EntryPoint\",\"urlTemplate\":\"https:\\\/\\\/darkamazi.site\\\/?s={search_term_string}\"},\"query-input\":{\"@type\":\"PropertyValueSpecification\",\"valueRequired\":true,\"valueName\":\"search_term_string\"}}],\"inLanguage\":\"en-US\"},{\"@type\":\"Organization\",\"@id\":\"https:\\\/\\\/darkamazi.site\\\/#organization\",\"name\":\"Darka Mazi T\u00fcrk\u00e7e\",\"alternateName\":\"Darka Mazi\",\"url\":\"https:\\\/\\\/darkamazi.site\\\/\",\"logo\":{\"@type\":\"ImageObject\",\"inLanguage\":\"en-US\",\"@id\":\"https:\\\/\\\/darkamazi.site\\\/#\\\/schema\\\/logo\\\/image\\\/\",\"url\":\"https:\\\/\\\/darkamazi.site\\\/darka-content\\\/uploads\\\/2017\\\/12\\\/darka-mazi-logo.png\",\"contentUrl\":\"https:\\\/\\\/darkamazi.site\\\/darka-content\\\/uploads\\\/2017\\\/12\\\/darka-mazi-logo.png\",\"width\":151,\"height\":75,\"caption\":\"Darka Mazi T\u00fcrk\u00e7e\"},\"image\":{\"@id\":\"https:\\\/\\\/darkamazi.site\\\/#\\\/schema\\\/logo\\\/image\\\/\"},\"sameAs\":[\"https:\\\/\\\/www.facebook.com\\\/DarkaMaziturkce\",\"https:\\\/\\\/x.com\\\/DarkaMaziTurkce\"]},{\"@type\":\"Person\",\"@id\":\"https:\\\/\\\/darkamazi.site\\\/#\\\/schema\\\/person\\\/67986a95ac546c16760365877ef4a9d3\",\"name\":\"darka mazi\",\"sameAs\":[\"https:\\\/\\\/darkamazi.site\"],\"url\":\"https:\\\/\\\/darkamazi.site\\\/archives\\\/author\\\/turkish\"}]}<\/script>\n<!-- \/ Yoast SEO plugin. -->","seo_head_json":{"title":"Rojava nas\u0131l kurtulacak? K\u00fcrtler ne yapmal\u0131? - Darka Mazi","robots":{"index":"index","follow":"follow","max-snippet":"max-snippet:-1","max-image-preview":"max-image-preview:large","max-video-preview":"max-video-preview:-1"},"canonical":"https:\/\/darkamazi.site\/archives\/1036301","og_locale":"en_US","og_type":"article","og_title":"Rojava nas\u0131l kurtulacak? K\u00fcrtler ne yapmal\u0131? - Darka Mazi","og_description":"Rojava K\u00fcrdistan\u0131 b\u00fcy\u00fck bir sald\u0131r\u0131 alt\u0131nda. Rojava y\u00f6netimi \u00a0kontrol etti\u011fi \u00a0topraklar\u0131n ve enerji kaynaklar\u0131n\u0131n b\u00fcy\u00fck b\u00f6l\u00fcm\u00fcnden geri \u00e7ekilmek zorunda kald\u0131. 20 Ocak g\u00fcn\u00fc bir d\u00f6rt g\u00fcnl\u00fck bir ate\u015fkes ilan edilmi\u015f olsa da ate\u015fkesin sonunda da ne olaca\u011f\u0131 belli de\u011fil.\u00a0 Peki Rojava nas\u0131l kurtulacak, b\u00f6yle g\u00f6z g\u00f6re ezilip yok edilmelerini televizyonlardan canl\u0131 canl\u0131 izleyecek miyiz? K\u00fcrtler [&hellip;]","og_url":"https:\/\/darkamazi.site\/archives\/1036301","og_site_name":"Darka Mazi","article_publisher":"https:\/\/www.facebook.com\/DarkaMaziturkce","article_published_time":"2026-01-24T08:44:22+00:00","article_modified_time":"2026-01-24T08:47:02+00:00","og_image":[{"width":900,"height":475,"url":"https:\/\/darkamazi.site\/file\/2026\/01\/kurdistan.jpg","type":"image\/jpeg"}],"author":"darka mazi","twitter_card":"summary_large_image","twitter_creator":"@DarkaMaziTurkce","twitter_site":"@DarkaMaziTurkce","twitter_misc":{"Written by":"darka mazi","Est. reading time":"7 minutes"},"schema":{"@context":"https:\/\/schema.org","@graph":[{"@type":"NewsArticle","@id":"https:\/\/darkamazi.site\/archives\/1036301#article","isPartOf":{"@id":"https:\/\/darkamazi.site\/archives\/1036301"},"author":{"name":"darka mazi","@id":"https:\/\/darkamazi.site\/#\/schema\/person\/67986a95ac546c16760365877ef4a9d3"},"headline":"Rojava nas\u0131l kurtulacak? K\u00fcrtler ne yapmal\u0131?","datePublished":"2026-01-24T08:44:22+00:00","dateModified":"2026-01-24T08:47:02+00:00","mainEntityOfPage":{"@id":"https:\/\/darkamazi.site\/archives\/1036301"},"wordCount":1889,"publisher":{"@id":"https:\/\/darkamazi.site\/#organization"},"image":{"@id":"https:\/\/darkamazi.site\/archives\/1036301#primaryimage"},"thumbnailUrl":"https:\/\/darkamazi.site\/file\/2026\/01\/kurdistan.jpg","keywords":["\u00f6nemli"],"articleSection":["Edit\u00f6rden"],"inLanguage":"en-US"},{"@type":"WebPage","@id":"https:\/\/darkamazi.site\/archives\/1036301","url":"https:\/\/darkamazi.site\/archives\/1036301","name":"Rojava nas\u0131l kurtulacak? K\u00fcrtler ne yapmal\u0131? - Darka Mazi","isPartOf":{"@id":"https:\/\/darkamazi.site\/#website"},"primaryImageOfPage":{"@id":"https:\/\/darkamazi.site\/archives\/1036301#primaryimage"},"image":{"@id":"https:\/\/darkamazi.site\/archives\/1036301#primaryimage"},"thumbnailUrl":"https:\/\/darkamazi.site\/file\/2026\/01\/kurdistan.jpg","datePublished":"2026-01-24T08:44:22+00:00","dateModified":"2026-01-24T08:47:02+00:00","breadcrumb":{"@id":"https:\/\/darkamazi.site\/archives\/1036301#breadcrumb"},"inLanguage":"en-US","potentialAction":[{"@type":"ReadAction","target":["https:\/\/darkamazi.site\/archives\/1036301"]}]},{"@type":"ImageObject","inLanguage":"en-US","@id":"https:\/\/darkamazi.site\/archives\/1036301#primaryimage","url":"https:\/\/darkamazi.site\/file\/2026\/01\/kurdistan.jpg","contentUrl":"https:\/\/darkamazi.site\/file\/2026\/01\/kurdistan.jpg","width":900,"height":475,"caption":"Rojava nas\u0131l kurtulacak? K\u00fcrtler ne yapmal\u0131?"},{"@type":"BreadcrumbList","@id":"https:\/\/darkamazi.site\/archives\/1036301#breadcrumb","itemListElement":[{"@type":"ListItem","position":1,"name":"Home","item":"https:\/\/darkamazi.site\/"},{"@type":"ListItem","position":2,"name":"Rojava nas\u0131l kurtulacak? K\u00fcrtler ne yapmal\u0131?"}]},{"@type":"WebSite","@id":"https:\/\/darkamazi.site\/#website","url":"https:\/\/darkamazi.site\/","name":"Darka Mazi","description":"Ana Sayfa","publisher":{"@id":"https:\/\/darkamazi.site\/#organization"},"potentialAction":[{"@type":"SearchAction","target":{"@type":"EntryPoint","urlTemplate":"https:\/\/darkamazi.site\/?s={search_term_string}"},"query-input":{"@type":"PropertyValueSpecification","valueRequired":true,"valueName":"search_term_string"}}],"inLanguage":"en-US"},{"@type":"Organization","@id":"https:\/\/darkamazi.site\/#organization","name":"Darka Mazi T\u00fcrk\u00e7e","alternateName":"Darka Mazi","url":"https:\/\/darkamazi.site\/","logo":{"@type":"ImageObject","inLanguage":"en-US","@id":"https:\/\/darkamazi.site\/#\/schema\/logo\/image\/","url":"https:\/\/darkamazi.site\/file\/2017\/12\/darka-mazi-logo.png","contentUrl":"https:\/\/darkamazi.site\/file\/2017\/12\/darka-mazi-logo.png","width":151,"height":75,"caption":"Darka Mazi T\u00fcrk\u00e7e"},"image":{"@id":"https:\/\/darkamazi.site\/#\/schema\/logo\/image\/"},"sameAs":["https:\/\/www.facebook.com\/DarkaMaziturkce","https:\/\/x.com\/DarkaMaziTurkce"]},{"@type":"Person","@id":"https:\/\/darkamazi.site\/#\/schema\/person\/67986a95ac546c16760365877ef4a9d3","name":"darka mazi","sameAs":["https:\/\/darkamazi.site"],"url":"https:\/\/darkamazi.site\/archives\/author\/turkish"}]}},"_links":{"self":[{"href":"https:\/\/darkamazi.site\/funavuv\/wp\/v2\/posts\/1036301","targetHints":{"allow":["GET"]}}],"collection":[{"href":"https:\/\/darkamazi.site\/funavuv\/wp\/v2\/posts"}],"about":[{"href":"https:\/\/darkamazi.site\/funavuv\/wp\/v2\/types\/post"}],"author":[{"embeddable":true,"href":"https:\/\/darkamazi.site\/funavuv\/wp\/v2\/users\/2"}],"replies":[{"embeddable":true,"href":"https:\/\/darkamazi.site\/funavuv\/wp\/v2\/comments?post=1036301"}],"version-history":[{"count":0,"href":"https:\/\/darkamazi.site\/funavuv\/wp\/v2\/posts\/1036301\/revisions"}],"wp:featuredmedia":[{"embeddable":true,"href":"https:\/\/darkamazi.site\/funavuv\/wp\/v2\/media\/1036302"}],"wp:attachment":[{"href":"https:\/\/darkamazi.site\/funavuv\/wp\/v2\/media?parent=1036301"}],"wp:term":[{"taxonomy":"category","embeddable":true,"href":"https:\/\/darkamazi.site\/funavuv\/wp\/v2\/categories?post=1036301"},{"taxonomy":"post_tag","embeddable":true,"href":"https:\/\/darkamazi.site\/funavuv\/wp\/v2\/tags?post=1036301"}],"curies":[{"name":"wp","href":"https:\/\/api.w.org\/{rel}","templated":true}]}}