{"id":1036308,"date":"2026-01-25T11:14:00","date_gmt":"2026-01-25T08:14:00","guid":{"rendered":"https:\/\/darkamazi.site\/?p=1036308"},"modified":"2026-01-25T11:14:00","modified_gmt":"2026-01-25T08:14:00","slug":"pkk-hain-degildir","status":"publish","type":"post","link":"https:\/\/darkamazi.site\/archives\/1036308","title":{"rendered":"PKK hain de\u011fildir!!!"},"content":{"rendered":"<p style=\"text-align: justify\">\n<p style=\"text-align: justify\">Baz\u0131 K\u00fcrtler ve ayd\u0131nlar\u0131m\u0131z h\u00e2l\u00e2 \u015fu ger\u00e7e\u011fi do\u011fru kavrayabilmi\u015f de\u011fildir: PKK, ilk g\u00fcnden beri T\u00fcrk s\u00f6m\u00fcrgeci devleti taraf\u0131ndan kurulmu\u015f bir yap\u0131d\u0131r. D\u00fc\u015fmanlar taraf\u0131ndan kurulmu\u015f bir \u00f6rg\u00fct hain olmaz. Bu nedenle PKK hi\u00e7bir zaman hain de\u011fildir. Sadece kendisine bi\u00e7ilen rol\u00fc ve g\u00f6revi yerine getirmi\u015ftir.<\/p>\n<p style=\"text-align: justify\">PKK, K\u00fcrtlerin onurunu, haysiyetini ve de\u011ferini ayaklar alt\u0131na almak; \u00f6zg\u00fcr ve ba\u011f\u0131ms\u0131z bir K\u00fcrdistan\u2019\u0131n kurulmas\u0131n\u0131 engellemek amac\u0131yla kurulmu\u015ftur. Bu y\u00fczden hain olarak tan\u0131mlanamaz. Kendisine verilen kirli g\u00f6revi eksiksiz yerine getirmi\u015f ve getirmeye devam etmektedir. Onun \u00f6nc\u00fcl\u00fc\u011f\u00fcnde kurulan t\u00fcm yap\u0131lar da PKK\u2019nin bak\u0131\u015f a\u00e7\u0131s\u0131ndan ve \u00e7izgisinden hi\u00e7bir zaman kopmam\u0131\u015ft\u0131r. Yani hepsi ayn\u0131 \u015feydir.<\/p>\n<p style=\"text-align: justify\">Bug\u00fcn art\u0131k PKK\u2019yi ele\u015ftirip \u201cihanet etti\u201d dememiz do\u011fru de\u011fildir. \u00c7\u00fcnk\u00fc o, kendisine tayin edilen g\u00f6revi yerine getirmi\u015ftir ve getirmeye devam etmektedir. Hi\u00e7bir zaman K\u00fcrtlerin \u00e7\u0131karlar\u0131 do\u011frultusunda hareket etmemi\u015ftir ve etmeyecektir. Bu nedenle art\u0131k ele\u015ftirel yaz\u0131lar\u0131n ve s\u00f6ylemlerin de bir faydas\u0131 kalmam\u0131\u015ft\u0131r. Bu yakla\u015f\u0131m, ona ba\u011fl\u0131 t\u00fcm yap\u0131lar i\u00e7in de ge\u00e7erlidir.<\/p>\n<p style=\"text-align: justify\"><strong>Peki ne yapmal\u0131y\u0131z?<\/strong><\/p>\n<p style=\"text-align: justify\">As\u0131l soru burada ba\u015fl\u0131yor. Her \u015feyden \u00f6nce K\u00fcrtler olarak, ayd\u0131nlar\u0131m\u0131z ve siyaset\u00e7ilerimizle birlikte, ulusal bir hat \u00fczerinde birle\u015fmeli ve Kuzey K\u00fcrdistan\u2019da kolektif bir bi\u00e7imde ulusal bir \u00e7at\u0131 (S\u00eewanek netewey\u00ee) kurmal\u0131y\u0131z. Bu \u00e7at\u0131 alt\u0131nda g\u00fc\u00e7l\u00fc bir medya olu\u015fturmal\u0131y\u0131z. Ger\u00e7ekler temelinde, PKK\u2019nin yanl\u0131\u015flar\u0131n\u0131 halk\u0131n g\u00f6zleri \u00f6n\u00fcne sermeli ve bunlar\u0131n yanl\u0131\u015f oldu\u011funu a\u00e7\u0131k\u00e7a g\u00f6stermeliyiz.<\/p>\n<p style=\"text-align: justify\">B\u00f6yle bir \u00e7at\u0131 kurarak, hep birlikte \u00fczerimize ya\u011fan bask\u0131 ve tahribat\u0131 durdurabiliriz. Ge\u00e7mi\u015fte olanlar\u0131 geride b\u0131rakabiliriz. Bu da PKK\u2019nin yeniden analiz edilmesini ve sorgulanmas\u0131n\u0131 gerektirir. Onun kirli pratikleriyle ger\u00e7ek y\u00fcz\u00fcn\u00fc tan\u0131tmal\u0131 ve g\u00f6r\u00fcn\u00fcr k\u0131lmal\u0131y\u0131z.<\/p>\n<p style=\"text-align: justify\">Hepimiz biliyoruz ki PKK var olduk\u00e7a, K\u00fcrtler K\u00fcrdistan\u2019\u0131n d\u00f6rt par\u00e7as\u0131nda da huzur ve istikrara kavu\u015famayacakt\u0131r. PKK\u2019nin temel g\u00f6revi, K\u00fcrdistan\u2019da s\u00fcrekli bir kaos yaratmakt\u0131r ki halk, millet ve toplum rahat\u00e7a d\u00fc\u015f\u00fcnemesin. D\u00fc\u015f\u00fcncenin olmad\u0131\u011f\u0131 yerde hakikat de olu\u015fmaz.<\/p>\n<p style=\"text-align: justify\">Bu karanl\u0131k tabloda halk, do\u011fru ile yanl\u0131\u015f\u0131 ay\u0131rt edemez hale gelir. PKK\u2019nin kontrol\u00fcndeki toplum \u00e7\u00f6km\u00fc\u015f bir toplumdur. B\u00f6yle bir ortamda, toplumu ve toplumsal normlar\u0131 y\u0131km\u0131\u015f bir yap\u0131y\u0131 s\u00fcrekli ele\u015ftirmek de son derece zordur.<\/p>\n<p style=\"text-align: justify\">Otuz-k\u0131rk y\u0131ll\u0131k m\u00fccadele boyunca, yalan \u00fczerine in\u015fa edilmi\u015f bir s\u00fcre\u00e7 i\u015fletilmi\u015f; bu yalanlar toplum i\u00e7inde hakikat gibi kabul ettirilmi\u015ftir. Bu nedenle bug\u00fcn do\u011fruyu s\u00f6ylemek \u00e7ok zordur. S\u00f6yleseniz bile, \u00e7\u00f6km\u00fc\u015f bir toplumda b\u00fcy\u00fcm\u00fc\u015f bireyler size inanmaz. \u00c7\u00fcnk\u00fc onlar\u0131n hayat\u0131nda g\u00f6rd\u00fc\u011f\u00fc ve bildi\u011fi tek \u015fey PKK olmu\u015ftur.<\/p>\n<p style=\"text-align: justify\">E\u011fer halk hakikate inanm\u0131\u015f olsayd\u0131, PKK\u2019nin ortaya \u00e7\u0131kt\u0131\u011f\u0131 ilk g\u00fcnden itibaren onun devletin bir \u00f6rg\u00fct\u00fc oldu\u011fu ger\u00e7e\u011fi bug\u00fcne kadar s\u00fcrekli dillendirilmi\u015fti. Ancak insanlar ve toplum buna inanmad\u0131.<\/p>\n<p style=\"text-align: justify\">Bug\u00fcn de durum ayn\u0131d\u0131r. Art\u0131k PKK bile kendi ger\u00e7e\u011fini a\u00e7\u0131k\u00e7a ifade etmektedir; fakat m\u00fcritleri bunu \u201ctaktik\u201d olarak yorumlamaktad\u0131r. Biz s\u00f6yledi\u011fimizde ve yazd\u0131\u011f\u0131m\u0131zda ise, \u00e7\u00f6km\u00fc\u015f toplum taraf\u0131ndan hain ilan edilmekteyiz. Bu y\u00fczden bizim dile getirdi\u011fimiz hakikatler, PKK propagandas\u0131 gibi alg\u0131lanmaktad\u0131r.<\/p>\n<p style=\"text-align: justify\">Yani art\u0131k \u015funu iyi \u00f6\u011frenmemiz gerekiyor: PKK\u2019nin bir devlet aparat\u0131 oldu\u011funu ne kadar s\u00f6ylersek s\u00f6yleyelim, \u201chain\u201d ve \u201cu\u015fak\u201d kavramlar\u0131 \u00e7\u00f6km\u00fc\u015f bir toplum i\u00e7in anlam ifade etmemektedir.<\/p>\n<p style=\"text-align: justify\">\u00c7\u00f6km\u00fc\u015f toplumlarda, bireysel ve \u00f6rg\u00fctsel \u00e7\u0131karlar her \u015feyin \u00f6n\u00fcne ge\u00e7er. Kim bu toplumda bireylerin \u00e7\u0131karlar\u0131n\u0131 beslerse, halk da onun yan\u0131nda olur. Kim g\u00fcc\u00fc elinde tutarsa, kitleler de onun etraf\u0131nda toplan\u0131r.<\/p>\n<p style=\"text-align: justify\">Zaten \u00e7\u00f6km\u00fc\u015f bir toplumun nedeni de budur: herkesin sadece kendini ve kendi \u00e7\u0131kar\u0131n\u0131 d\u00fc\u015f\u00fcn\u00fcr hale gelmesidir. PKK, k\u0131rk y\u0131ld\u0131r tam olarak bunu yapm\u0131\u015f; ulusal, toplumsal ve ahlaki de\u011ferlere sahip K\u00fcrt toplumunu sistemli bi\u00e7imde \u00e7\u00f6kertmi\u015ftir.<\/p>\n<p style=\"text-align: justify\">Bunun yerine, bilgili, d\u00fcr\u00fcst ve g\u00fcvenilir \u015fahsiyetleri tasfiye ederek; halk\u0131 kendi pe\u015finden s\u00fcr\u00fckleyebilece\u011fi bir yap\u0131 in\u015fa etmi\u015ftir. Bu alanda da ba\u015far\u0131l\u0131 olmu\u015ftur.<\/p>\n<p style=\"text-align: justify\"><strong>\u00c7\u00f6z\u00fcm:<\/strong><\/p>\n<p style=\"text-align: justify\">T\u00fcm K\u00fcrtler; ayd\u0131nlar, yazarlar, sanat\u00e7\u0131lar, din insanlar\u0131, kanaat \u00f6nderleri, siyaset\u00e7iler ve cesur, bilgili \u015fahsiyetlerle birlikte, toplumun yeniden in\u015fas\u0131 i\u00e7in ortak bir m\u00fccadele y\u00fcr\u00fctmelidir.<\/p>\n<p style=\"text-align: justify\">Kuzey K\u00fcrdistan\u2019da ulusal bir \u00e7at\u0131 alt\u0131nda, toplumun t\u00fcm renklerini bir araya getirerek, \u00e7\u00f6km\u00fc\u015f toplumun normlar\u0131n\u0131 yeniden aya\u011fa kald\u0131rmak i\u00e7in \u00e7aba g\u00f6stermeliyiz.<\/p>\n<p style=\"text-align: justify\">Benim bilgime ve kanaatime g\u00f6re, bunu yapmad\u0131\u011f\u0131m\u0131z s\u00fcrece, bu \u00e7\u00f6km\u00fc\u015f toplum; K\u00fcrt milletinin hayr\u0131n\u0131 istemeyen, ancak baz\u0131 \u015fah\u0131slar\u0131n \u00e7\u0131karlar\u0131n\u0131 besleyen yap\u0131lara hizmet etmeye devam edecektir.<\/p>\n<p style=\"text-align: justify\">Bu y\u00fczden diyorum ki: PKK art\u0131k tan\u0131nm\u0131\u015ft\u0131r, bilinmektedir. Ona destek verenler bunu fikrinden dolay\u0131 yapm\u0131yor. Kendi \u00e7\u0131karlar\u0131n\u0131 onun sayesinde doyurduklar\u0131 i\u00e7in yap\u0131yorlar. Onun sayesinde makam ve mevki sahibi oluyorlar. Onun \u00fczerinden zenginle\u015fiyorlar. Yani ortada art\u0131k sadece rant vard\u0131r.<\/p>\n<p style=\"text-align: justify\">Biz, ulusal birlik ad\u0131na cesur bir iradeyle, K\u00fcrtlerin \u00e7\u0131karlar\u0131 do\u011frultusunda somut \u00e7al\u0131\u015fmalar y\u00fcr\u00fctmezsek, her \u015feyi kaybetmeye devam edece\u011fiz. Art\u0131k PKK\u2019yi ele\u015ftirmekten uzakla\u015f\u0131p, nas\u0131l birlikte kazanabilece\u011fimizi d\u00fc\u015f\u00fcnmek zorunday\u0131z.<\/p>\n<p style=\"text-align: justify\">Bu yol, \u00e7\u00f6km\u00fc\u015f toplumun \u00f6nc\u00fc ve sorumluluk sahibi kadrolar\u0131n\u0131n birlikteli\u011fiyle a\u00e7\u0131labilir. Ancak ne yaz\u0131k ki kendini K\u00fcrdistan\u2019\u0131n lideri olarak g\u00f6ren baz\u0131 \u015fahsiyetler de yozla\u015fm\u0131\u015ft\u0131r. Bir g\u00f6zleri rantta, di\u011fer g\u00f6zleri s\u00f6zde ulusall\u0131ktad\u0131r. Bu nedenle, toplum i\u00e7inde ciddi bir reforma ihtiya\u00e7 vard\u0131r. Do\u011fru ile yanl\u0131\u015f\u0131 ay\u0131rmak, zay\u0131fla g\u00fc\u00e7l\u00fc olan\u0131 ayn\u0131 kefeye koymamak gerekir.<\/p>\n<p style=\"text-align: justify\">Bu y\u00fczden tekrar ediyorum: PKK hain de\u011fildir. O, kendisine verilen g\u00f6revi yerine getirmi\u015ftir. E\u011fer bizler de bu \u00e7\u00f6km\u00fc\u015f toplumun ayd\u0131nlar\u0131, yazarlar\u0131 ve \u00f6nc\u00fcleri olarak kendi sorumlulu\u011fumuzu yerine getirmezsek, bir g\u00fcn as\u0131l hainler biz oluruz.<\/p>\n<p style=\"text-align: justify\">Kurd\u00e7eden turk\u00e7eye \u00e7eviren: Rod\u00ee Zerde\u015ft<\/p>\n<p style=\"text-align: justify\">B\u00fbb\u00ea Eser<\/p>\n","protected":false},"excerpt":{"rendered":"<p>Baz\u0131 K\u00fcrtler ve ayd\u0131nlar\u0131m\u0131z h\u00e2l\u00e2 \u015fu ger\u00e7e\u011fi do\u011fru kavrayabilmi\u015f de\u011fildir: PKK, ilk g\u00fcnden beri T\u00fcrk s\u00f6m\u00fcrgeci devleti taraf\u0131ndan kurulmu\u015f bir yap\u0131d\u0131r. D\u00fc\u015fmanlar taraf\u0131ndan kurulmu\u015f bir \u00f6rg\u00fct hain olmaz. Bu nedenle PKK hi\u00e7bir zaman hain de\u011fildir. Sadece kendisine bi\u00e7ilen rol\u00fc ve g\u00f6revi yerine getirmi\u015ftir. PKK, K\u00fcrtlerin onurunu, haysiyetini ve de\u011ferini ayaklar alt\u0131na almak; \u00f6zg\u00fcr ve ba\u011f\u0131ms\u0131z [&hellip;]<\/p>\n","protected":false},"author":2,"featured_media":1036309,"comment_status":"closed","ping_status":"closed","sticky":false,"template":"","format":"standard","meta":{"footnotes":""},"categories":[26],"tags":[31],"class_list":["post-1036308","post","type-post","status-publish","format-standard","has-post-thumbnail","hentry","category-forum","tag-onemli"],"blocksy_meta":[],"seo_head":"<!-- This site is optimized with the Yoast SEO plugin v27.5 - https:\/\/yoast.com\/product\/yoast-seo-wordpress\/ -->\n<title>PKK hain de\u011fildir!!! - Darka Mazi<\/title>\n<meta name=\"robots\" content=\"index, follow, max-snippet:-1, max-image-preview:large, max-video-preview:-1\" \/>\n<link rel=\"canonical\" href=\"https:\/\/darkamazi.site\/archives\/1036308\" \/>\n<meta property=\"og:locale\" content=\"en_US\" \/>\n<meta property=\"og:type\" content=\"article\" \/>\n<meta property=\"og:title\" content=\"PKK hain de\u011fildir!!! - Darka Mazi\" \/>\n<meta property=\"og:description\" content=\"Baz\u0131 K\u00fcrtler ve ayd\u0131nlar\u0131m\u0131z h\u00e2l\u00e2 \u015fu ger\u00e7e\u011fi do\u011fru kavrayabilmi\u015f de\u011fildir: PKK, ilk g\u00fcnden beri T\u00fcrk s\u00f6m\u00fcrgeci devleti taraf\u0131ndan kurulmu\u015f bir yap\u0131d\u0131r. D\u00fc\u015fmanlar taraf\u0131ndan kurulmu\u015f bir \u00f6rg\u00fct hain olmaz. Bu nedenle PKK hi\u00e7bir zaman hain de\u011fildir. Sadece kendisine bi\u00e7ilen rol\u00fc ve g\u00f6revi yerine getirmi\u015ftir. PKK, K\u00fcrtlerin onurunu, haysiyetini ve de\u011ferini ayaklar alt\u0131na almak; \u00f6zg\u00fcr ve ba\u011f\u0131ms\u0131z [&hellip;]\" \/>\n<meta property=\"og:url\" content=\"https:\/\/darkamazi.site\/archives\/1036308\" \/>\n<meta property=\"og:site_name\" content=\"Darka Mazi\" \/>\n<meta property=\"article:publisher\" content=\"https:\/\/www.facebook.com\/DarkaMaziturkce\" \/>\n<meta property=\"article:published_time\" content=\"2026-01-25T08:14:00+00:00\" \/>\n<meta property=\"og:image\" content=\"https:\/\/darkamazi.site\/file\/2026\/01\/Bube-eser-1-1.jpg\" \/>\n\t<meta property=\"og:image:width\" content=\"900\" \/>\n\t<meta property=\"og:image:height\" content=\"497\" \/>\n\t<meta property=\"og:image:type\" content=\"image\/jpeg\" \/>\n<meta name=\"author\" content=\"darka mazi\" \/>\n<meta name=\"twitter:card\" content=\"summary_large_image\" \/>\n<meta name=\"twitter:creator\" content=\"@DarkaMaziTurkce\" \/>\n<meta name=\"twitter:site\" content=\"@DarkaMaziTurkce\" \/>\n<meta name=\"twitter:label1\" content=\"Written by\" \/>\n\t<meta name=\"twitter:data1\" content=\"darka mazi\" \/>\n\t<meta name=\"twitter:label2\" content=\"Est. reading time\" \/>\n\t<meta name=\"twitter:data2\" content=\"4 minutes\" \/>\n<script type=\"application\/ld+json\" class=\"seo-schema-graph\">{\"@context\":\"https:\\\/\\\/schema.org\",\"@graph\":[{\"@type\":\"NewsArticle\",\"@id\":\"https:\\\/\\\/darkamazi.site\\\/archives\\\/1036308#article\",\"isPartOf\":{\"@id\":\"https:\\\/\\\/darkamazi.site\\\/archives\\\/1036308\"},\"author\":{\"name\":\"darka mazi\",\"@id\":\"https:\\\/\\\/darkamazi.site\\\/#\\\/schema\\\/person\\\/67986a95ac546c16760365877ef4a9d3\"},\"headline\":\"PKK hain de\u011fildir!!!\",\"datePublished\":\"2026-01-25T08:14:00+00:00\",\"mainEntityOfPage\":{\"@id\":\"https:\\\/\\\/darkamazi.site\\\/archives\\\/1036308\"},\"wordCount\":1089,\"publisher\":{\"@id\":\"https:\\\/\\\/darkamazi.site\\\/#organization\"},\"image\":{\"@id\":\"https:\\\/\\\/darkamazi.site\\\/archives\\\/1036308#primaryimage\"},\"thumbnailUrl\":\"https:\\\/\\\/darkamazi.site\\\/darka-content\\\/uploads\\\/2026\\\/01\\\/Bube-eser-1-1.jpg\",\"keywords\":[\"\u00f6nemli\"],\"articleSection\":[\"Forum\"],\"inLanguage\":\"en-US\"},{\"@type\":\"WebPage\",\"@id\":\"https:\\\/\\\/darkamazi.site\\\/archives\\\/1036308\",\"url\":\"https:\\\/\\\/darkamazi.site\\\/archives\\\/1036308\",\"name\":\"PKK hain de\u011fildir!!! - Darka Mazi\",\"isPartOf\":{\"@id\":\"https:\\\/\\\/darkamazi.site\\\/#website\"},\"primaryImageOfPage\":{\"@id\":\"https:\\\/\\\/darkamazi.site\\\/archives\\\/1036308#primaryimage\"},\"image\":{\"@id\":\"https:\\\/\\\/darkamazi.site\\\/archives\\\/1036308#primaryimage\"},\"thumbnailUrl\":\"https:\\\/\\\/darkamazi.site\\\/darka-content\\\/uploads\\\/2026\\\/01\\\/Bube-eser-1-1.jpg\",\"datePublished\":\"2026-01-25T08:14:00+00:00\",\"breadcrumb\":{\"@id\":\"https:\\\/\\\/darkamazi.site\\\/archives\\\/1036308#breadcrumb\"},\"inLanguage\":\"en-US\",\"potentialAction\":[{\"@type\":\"ReadAction\",\"target\":[\"https:\\\/\\\/darkamazi.site\\\/archives\\\/1036308\"]}]},{\"@type\":\"ImageObject\",\"inLanguage\":\"en-US\",\"@id\":\"https:\\\/\\\/darkamazi.site\\\/archives\\\/1036308#primaryimage\",\"url\":\"https:\\\/\\\/darkamazi.site\\\/darka-content\\\/uploads\\\/2026\\\/01\\\/Bube-eser-1-1.jpg\",\"contentUrl\":\"https:\\\/\\\/darkamazi.site\\\/darka-content\\\/uploads\\\/2026\\\/01\\\/Bube-eser-1-1.jpg\",\"width\":900,\"height\":497,\"caption\":\"PKK hain de\u011fildir!!!\"},{\"@type\":\"BreadcrumbList\",\"@id\":\"https:\\\/\\\/darkamazi.site\\\/archives\\\/1036308#breadcrumb\",\"itemListElement\":[{\"@type\":\"ListItem\",\"position\":1,\"name\":\"Home\",\"item\":\"https:\\\/\\\/darkamazi.site\\\/\"},{\"@type\":\"ListItem\",\"position\":2,\"name\":\"PKK hain de\u011fildir!!!\"}]},{\"@type\":\"WebSite\",\"@id\":\"https:\\\/\\\/darkamazi.site\\\/#website\",\"url\":\"https:\\\/\\\/darkamazi.site\\\/\",\"name\":\"Darka Mazi\",\"description\":\"Ana Sayfa\",\"publisher\":{\"@id\":\"https:\\\/\\\/darkamazi.site\\\/#organization\"},\"potentialAction\":[{\"@type\":\"SearchAction\",\"target\":{\"@type\":\"EntryPoint\",\"urlTemplate\":\"https:\\\/\\\/darkamazi.site\\\/?s={search_term_string}\"},\"query-input\":{\"@type\":\"PropertyValueSpecification\",\"valueRequired\":true,\"valueName\":\"search_term_string\"}}],\"inLanguage\":\"en-US\"},{\"@type\":\"Organization\",\"@id\":\"https:\\\/\\\/darkamazi.site\\\/#organization\",\"name\":\"Darka Mazi T\u00fcrk\u00e7e\",\"alternateName\":\"Darka Mazi\",\"url\":\"https:\\\/\\\/darkamazi.site\\\/\",\"logo\":{\"@type\":\"ImageObject\",\"inLanguage\":\"en-US\",\"@id\":\"https:\\\/\\\/darkamazi.site\\\/#\\\/schema\\\/logo\\\/image\\\/\",\"url\":\"https:\\\/\\\/darkamazi.site\\\/darka-content\\\/uploads\\\/2017\\\/12\\\/darka-mazi-logo.png\",\"contentUrl\":\"https:\\\/\\\/darkamazi.site\\\/darka-content\\\/uploads\\\/2017\\\/12\\\/darka-mazi-logo.png\",\"width\":151,\"height\":75,\"caption\":\"Darka Mazi T\u00fcrk\u00e7e\"},\"image\":{\"@id\":\"https:\\\/\\\/darkamazi.site\\\/#\\\/schema\\\/logo\\\/image\\\/\"},\"sameAs\":[\"https:\\\/\\\/www.facebook.com\\\/DarkaMaziturkce\",\"https:\\\/\\\/x.com\\\/DarkaMaziTurkce\"]},{\"@type\":\"Person\",\"@id\":\"https:\\\/\\\/darkamazi.site\\\/#\\\/schema\\\/person\\\/67986a95ac546c16760365877ef4a9d3\",\"name\":\"darka mazi\",\"sameAs\":[\"https:\\\/\\\/darkamazi.site\"],\"url\":\"https:\\\/\\\/darkamazi.site\\\/archives\\\/author\\\/turkish\"}]}<\/script>\n<!-- \/ Yoast SEO plugin. -->","seo_head_json":{"title":"PKK hain de\u011fildir!!! - Darka Mazi","robots":{"index":"index","follow":"follow","max-snippet":"max-snippet:-1","max-image-preview":"max-image-preview:large","max-video-preview":"max-video-preview:-1"},"canonical":"https:\/\/darkamazi.site\/archives\/1036308","og_locale":"en_US","og_type":"article","og_title":"PKK hain de\u011fildir!!! - Darka Mazi","og_description":"Baz\u0131 K\u00fcrtler ve ayd\u0131nlar\u0131m\u0131z h\u00e2l\u00e2 \u015fu ger\u00e7e\u011fi do\u011fru kavrayabilmi\u015f de\u011fildir: PKK, ilk g\u00fcnden beri T\u00fcrk s\u00f6m\u00fcrgeci devleti taraf\u0131ndan kurulmu\u015f bir yap\u0131d\u0131r. D\u00fc\u015fmanlar taraf\u0131ndan kurulmu\u015f bir \u00f6rg\u00fct hain olmaz. Bu nedenle PKK hi\u00e7bir zaman hain de\u011fildir. Sadece kendisine bi\u00e7ilen rol\u00fc ve g\u00f6revi yerine getirmi\u015ftir. PKK, K\u00fcrtlerin onurunu, haysiyetini ve de\u011ferini ayaklar alt\u0131na almak; \u00f6zg\u00fcr ve ba\u011f\u0131ms\u0131z [&hellip;]","og_url":"https:\/\/darkamazi.site\/archives\/1036308","og_site_name":"Darka Mazi","article_publisher":"https:\/\/www.facebook.com\/DarkaMaziturkce","article_published_time":"2026-01-25T08:14:00+00:00","og_image":[{"width":900,"height":497,"url":"https:\/\/darkamazi.site\/file\/2026\/01\/Bube-eser-1-1.jpg","type":"image\/jpeg"}],"author":"darka mazi","twitter_card":"summary_large_image","twitter_creator":"@DarkaMaziTurkce","twitter_site":"@DarkaMaziTurkce","twitter_misc":{"Written by":"darka mazi","Est. reading time":"4 minutes"},"schema":{"@context":"https:\/\/schema.org","@graph":[{"@type":"NewsArticle","@id":"https:\/\/darkamazi.site\/archives\/1036308#article","isPartOf":{"@id":"https:\/\/darkamazi.site\/archives\/1036308"},"author":{"name":"darka mazi","@id":"https:\/\/darkamazi.site\/#\/schema\/person\/67986a95ac546c16760365877ef4a9d3"},"headline":"PKK hain de\u011fildir!!!","datePublished":"2026-01-25T08:14:00+00:00","mainEntityOfPage":{"@id":"https:\/\/darkamazi.site\/archives\/1036308"},"wordCount":1089,"publisher":{"@id":"https:\/\/darkamazi.site\/#organization"},"image":{"@id":"https:\/\/darkamazi.site\/archives\/1036308#primaryimage"},"thumbnailUrl":"https:\/\/darkamazi.site\/file\/2026\/01\/Bube-eser-1-1.jpg","keywords":["\u00f6nemli"],"articleSection":["Forum"],"inLanguage":"en-US"},{"@type":"WebPage","@id":"https:\/\/darkamazi.site\/archives\/1036308","url":"https:\/\/darkamazi.site\/archives\/1036308","name":"PKK hain de\u011fildir!!! - Darka Mazi","isPartOf":{"@id":"https:\/\/darkamazi.site\/#website"},"primaryImageOfPage":{"@id":"https:\/\/darkamazi.site\/archives\/1036308#primaryimage"},"image":{"@id":"https:\/\/darkamazi.site\/archives\/1036308#primaryimage"},"thumbnailUrl":"https:\/\/darkamazi.site\/file\/2026\/01\/Bube-eser-1-1.jpg","datePublished":"2026-01-25T08:14:00+00:00","breadcrumb":{"@id":"https:\/\/darkamazi.site\/archives\/1036308#breadcrumb"},"inLanguage":"en-US","potentialAction":[{"@type":"ReadAction","target":["https:\/\/darkamazi.site\/archives\/1036308"]}]},{"@type":"ImageObject","inLanguage":"en-US","@id":"https:\/\/darkamazi.site\/archives\/1036308#primaryimage","url":"https:\/\/darkamazi.site\/file\/2026\/01\/Bube-eser-1-1.jpg","contentUrl":"https:\/\/darkamazi.site\/file\/2026\/01\/Bube-eser-1-1.jpg","width":900,"height":497,"caption":"PKK hain de\u011fildir!!!"},{"@type":"BreadcrumbList","@id":"https:\/\/darkamazi.site\/archives\/1036308#breadcrumb","itemListElement":[{"@type":"ListItem","position":1,"name":"Home","item":"https:\/\/darkamazi.site\/"},{"@type":"ListItem","position":2,"name":"PKK hain de\u011fildir!!!"}]},{"@type":"WebSite","@id":"https:\/\/darkamazi.site\/#website","url":"https:\/\/darkamazi.site\/","name":"Darka Mazi","description":"Ana Sayfa","publisher":{"@id":"https:\/\/darkamazi.site\/#organization"},"potentialAction":[{"@type":"SearchAction","target":{"@type":"EntryPoint","urlTemplate":"https:\/\/darkamazi.site\/?s={search_term_string}"},"query-input":{"@type":"PropertyValueSpecification","valueRequired":true,"valueName":"search_term_string"}}],"inLanguage":"en-US"},{"@type":"Organization","@id":"https:\/\/darkamazi.site\/#organization","name":"Darka Mazi T\u00fcrk\u00e7e","alternateName":"Darka Mazi","url":"https:\/\/darkamazi.site\/","logo":{"@type":"ImageObject","inLanguage":"en-US","@id":"https:\/\/darkamazi.site\/#\/schema\/logo\/image\/","url":"https:\/\/darkamazi.site\/file\/2017\/12\/darka-mazi-logo.png","contentUrl":"https:\/\/darkamazi.site\/file\/2017\/12\/darka-mazi-logo.png","width":151,"height":75,"caption":"Darka Mazi T\u00fcrk\u00e7e"},"image":{"@id":"https:\/\/darkamazi.site\/#\/schema\/logo\/image\/"},"sameAs":["https:\/\/www.facebook.com\/DarkaMaziturkce","https:\/\/x.com\/DarkaMaziTurkce"]},{"@type":"Person","@id":"https:\/\/darkamazi.site\/#\/schema\/person\/67986a95ac546c16760365877ef4a9d3","name":"darka mazi","sameAs":["https:\/\/darkamazi.site"],"url":"https:\/\/darkamazi.site\/archives\/author\/turkish"}]}},"_links":{"self":[{"href":"https:\/\/darkamazi.site\/funavuv\/wp\/v2\/posts\/1036308","targetHints":{"allow":["GET"]}}],"collection":[{"href":"https:\/\/darkamazi.site\/funavuv\/wp\/v2\/posts"}],"about":[{"href":"https:\/\/darkamazi.site\/funavuv\/wp\/v2\/types\/post"}],"author":[{"embeddable":true,"href":"https:\/\/darkamazi.site\/funavuv\/wp\/v2\/users\/2"}],"replies":[{"embeddable":true,"href":"https:\/\/darkamazi.site\/funavuv\/wp\/v2\/comments?post=1036308"}],"version-history":[{"count":0,"href":"https:\/\/darkamazi.site\/funavuv\/wp\/v2\/posts\/1036308\/revisions"}],"wp:featuredmedia":[{"embeddable":true,"href":"https:\/\/darkamazi.site\/funavuv\/wp\/v2\/media\/1036309"}],"wp:attachment":[{"href":"https:\/\/darkamazi.site\/funavuv\/wp\/v2\/media?parent=1036308"}],"wp:term":[{"taxonomy":"category","embeddable":true,"href":"https:\/\/darkamazi.site\/funavuv\/wp\/v2\/categories?post=1036308"},{"taxonomy":"post_tag","embeddable":true,"href":"https:\/\/darkamazi.site\/funavuv\/wp\/v2\/tags?post=1036308"}],"curies":[{"name":"wp","href":"https:\/\/api.w.org\/{rel}","templated":true}]}}