{"id":1036311,"date":"2026-01-25T11:33:13","date_gmt":"2026-01-25T08:33:13","guid":{"rendered":"https:\/\/darkamazi.site\/?p=1036311"},"modified":"2026-01-25T11:33:13","modified_gmt":"2026-01-25T08:33:13","slug":"guney-bati-kurdistan-kurdlerinin-hikayesi","status":"publish","type":"post","link":"https:\/\/darkamazi.site\/archives\/1036311","title":{"rendered":"G\u00fcney Bat\u0131 Kurdistan Kurdlerinin \u00a0hikayesi!"},"content":{"rendered":"<p style=\"text-align: justify\">\u00d6calan-PKK\u2019n\u0131n, G\u00fcneybat\u0131 K\u00fcrdistan (Rojava) K\u00fcrtlerinin iradesini gasp edip kontrol\u00fc ele ald\u0131\u011f\u0131 g\u00fcnden beri, K\u00fcrtlerin kendi topraklar\u0131ndaki talepleri tehlikeye girdi.<\/p>\n<p style=\"text-align: justify\">\u00d6nce \u015funu s\u00f6ylediler:<\/p>\n<p style=\"text-align: justify\">\u201cBuras\u0131 yaln\u0131zca Kurdlerin topra\u011f\u0131 de\u011fildir. Burada ya\u015fayan t\u00fcm milletlerin ortak vatan\u0131d\u0131r; bu nedenle biz bir K\u00fcrt mill\u00ee \u00f6rg\u00fct\u00fc de\u011filiz. Demokratik, ekolojik ve kad\u0131n \u00f6zg\u00fcrl\u00fck\u00e7\u00fc bir hareketiz. Mill\u00ee taleplere kar\u015f\u0131y\u0131z, milliyet\u00e7ilik felsefesine kar\u015f\u0131y\u0131z.\u201d(!)<\/p>\n<p style=\"text-align: justify\">PKK\u2019n\u0131n program\u0131nda da bu konu \u015f\u00f6yle ge\u00e7iyordu:<\/p>\n<p style=\"text-align: justify\"><em>\u201cSuriye topraklar\u0131nda bir par\u00e7a K\u00fcrdistan yoktur. Suriye\u2019de ya\u015fayan Kurdler, Kuzey K\u00fcrdistan\u2019daki ayaklanmalardan ka\u00e7\u0131p buraya s\u0131\u011f\u0131nm\u0131\u015f m\u00fcltecilerdir. Suriye i\u015fgalci bir devlet de\u011fildir.\u201d<\/em><\/p>\n<p style=\"text-align: justify\">Buna g\u00f6re, rejim kar\u015f\u0131t\u0131 g\u00fc\u00e7lere kar\u015f\u0131 Suriye rejimiyle birlikte sava\u015ft\u0131lar ve Suriye\u2019yi savundular. Bu ama\u00e7 u\u011fruna, K\u00fcrdistan olmayan topraklarda on binlerce Kurd \u00e7ocu\u011fu \u015fehit d\u00fc\u015ft\u00fc, yaraland\u0131 ve sakat kald\u0131.<\/p>\n<p style=\"text-align: justify\">T\u00fcrkiye devletinin sald\u0131r\u0131 ve i\u015fgallerine kar\u015f\u0131 da sava\u015fmad\u0131lar; bu y\u00fczden Kurdler topraklar\u0131n\u0131n %40\u2019\u0131n\u0131 kaybetti ve bu b\u00f6lgelerden zorunlu g\u00f6\u00e7e maruz kald\u0131lar, g\u00f6\u00e7 etmek zorunda b\u0131rak\u0131ld\u0131lar.<\/p>\n<p style=\"text-align: justify\"><strong>G\u00fcney Bat\u0131 Kurdistan Kurdlerinin iradesini ele ge\u00e7irdiler. <\/strong>Kurdlerin kendi topraklar\u0131nda kendilerini y\u00f6netmelerine ve topraklar\u0131n\u0131 korumalar\u0131na izin vermediler. Muhaliflerine kar\u015f\u0131 her y\u00f6ntemi kulland\u0131lar: Tutuklad\u0131lar, \u00f6ld\u00fcrd\u00fcler, zindanlara att\u0131lar; ofislerini yakt\u0131lar, K\u00fcrdistan bayraklar\u0131n\u0131 yakt\u0131lar. Zorla \u00e7ocuklar\u0131n\u0131 ka\u00e7\u0131r\u0131p kendi sava\u015f\u00e7\u0131lar\u0131 yapt\u0131lar. \u00c7ok say\u0131da Kurd\u00fc, topraklar\u0131n\u0131 terk etmeye ve m\u00fclteci olmaya zorlad\u0131lar. Total\u00eeter ve \u00eedeolojik bir sistemi egemen k\u0131ld\u0131lar. Araplar\u0131 getirip Kurd topraklar\u0131na yerle\u015ftirdiler. Kurdler d\u0131\u015f\u0131nda herkesle ittifak kurdular, ama kendilerinden olmayan Kurderi <strong><em>\u201cd\u00fc\u015fman\u201d <\/em><\/strong>ilan edip, hedef ald\u0131lar. Kurdistan bayra\u011f\u0131n\u0131, Kurdistan\u00ee sembolleri yasaklad\u0131lar. Ne oldu\u011fu belirsiz bayrak ve sembollerle, AbDullah \u00d6calan posterleriyle alanlar\u0131 donatt\u0131lar.<\/p>\n<p style=\"text-align: justify\">Siyasi hedeflerinde hi\u00e7bir zaman Roava Kurdistan\u0131\u2019nda K\u00fcrtlerin haklar\u0131ndan ve K\u00fcrdistan\u2019dan bahsetmediler. G. Bat\u0131 Kurdistan\u0131\u2019n\u0131n ad\u0131n\u0131<strong><em> \u201cKuzey Suriye\u201d<\/em><\/strong> yapt\u0131lar ve bu b\u00f6lgede <strong><em>\u201cKurdistan\u201d<\/em><\/strong> ad\u0131n\u0131n kullan\u0131lmas\u0131n\u0131 yasaklad\u0131lar. K\u00fcrtlerin mill\u00ee taleplerine kar\u015f\u0131 tutum ald\u0131lar ve bu milli taleplerde bulunanlar\u0131 \u201cilkel milliyet\u00e7i\u201d diye damgalay\u0131p; her talebi <em>\u201cdemokratik Suriye, demokratik kad\u0131n haklar\u0131, demokratik kanton, nesnel entegrasyon, halklar\u0131n karde\u015fli\u011fi ve demokratik ekoloji\u201d<\/em> diye \u00e7er\u00e7evelediler. Bu hedeflerde Kurdler i\u00e7in hi\u00e7bir \u015fey yoktu.<\/p>\n<p style=\"text-align: justify\">Rejimin \u00e7\u00f6k\u00fc\u015f\u00fcnden sonra, herkesten \u00f6nce kendi b\u00f6lgelerinde Suriye bayra\u011f\u0131n\u0131 ast\u0131lar ve bu kanl\u0131 g\u00fc\u00e7lerin varl\u0131\u011f\u0131n\u0131, onlar\u0131n iktidar\u0131n\u0131 kabul ettiler.<\/p>\n<p style=\"text-align: justify\">Bir s\u00fcre D\u00fcrz\u00eeler, Museyr\u00eeler ve uluslararas\u0131 g\u00fc\u00e7lerden umut ettik ki, onlar\u0131n taleplerine g\u00f6re <strong><em>\u201cyeni bir Suriye\u201d<\/em><\/strong> kurulacak ve Kurdlerin haklar\u0131 da korunacakt\u0131. Ne yaz\u0131k ki ortaya \u00e7\u0131kt\u0131 ve a\u00e7\u0131k\u00e7a bize s\u00f6ylendi:<\/p>\n<p style=\"text-align: justify\"><em>\u201cDemokratik \u00f6zerkli\u011fi temsil edenler kendilerini yaln\u0131zca Kurdlerin temsilcisi olarak g\u00f6rm\u00fcyorlar, herkesin koruyucusu olarak g\u00f6r\u00fcyorlar ve Rojava Kurdistan\u2019\u0131 topraklar\u0131nda Kurdler i\u00e7in stat\u00fcy\u00fc reddediyorlar; kendilerini Suriye\u2019de demokratik bir sistemin savunucusu olarak g\u00f6r\u00fcyorlar, biz ne yapal\u0131m!\u201d<\/em><\/p>\n<p style=\"text-align: justify\">T\u00fcrklerin u\u015fa\u011f\u0131 Colani ve ona ba\u011fl\u0131 kanl\u0131 ter\u00f6r \u00f6rg\u00fctleri, SDG\u2019leri\u00a0 komutan\u0131 Mazlum Abdi d\u0131\u015f\u0131nda hi\u00e7bir Kurd\u00fc muhatap almad\u0131; t\u00fcm askeri durum g\u00f6r\u00fc\u015fmelerini yaln\u0131zca Mazlum Abdi ile yapt\u0131. Bu g\u00f6r\u00fc\u015fmelerde bir g\u00fcn bile Kurdler i\u00e7in siyasi stat\u00fcye dair bir haber \u00e7\u0131kmad\u0131, ne istedikleri belli olmad\u0131. Hep \u201c<strong><em>demokratik, merkezi olmayan bir Suriye istiyoruz\u201d<\/em><\/strong> dediler ve bu stratejiye g\u00f6re HSD g\u00fc\u00e7lerinin durumunu m\u00fczakere ettiler. Ama hi\u00e7bir zaman Kurdler i\u00e7in nas\u0131l bir siyasi stat\u00fc sorununu programa almad\u0131lar.<\/p>\n<p style=\"text-align: justify\">Perde arkas\u0131nda T\u00fcrk devleti-Ocalan arac\u0131l\u0131\u011f\u0131yla bir\u00e7ok gizli anla\u015fma imzaland\u0131 ve bug\u00fcn bu anla\u015fmalar birer birer hayata ge\u00e7iriliyor. G\u00fcney Bat\u0131 Kurdistan\u2019da da K\u00fcrtlerin stat\u00fc elde etme ihtimali vard\u0131. Ne yaz\u0131k ki bu tehlikeye girdi.<\/p>\n<p style=\"text-align: justify\">Colani, tek ba\u015f\u0131na kendini <em>\u201cSuriye Cumhurba\u015fkan\u0131\u201d<\/em> yapt\u0131, kendine bir y\u00f6netim kurdu, anayasa haz\u0131rlad\u0131; uluslararas\u0131 ili\u015fkilerde <em>\u201cme\u015fruiyet\u201d<\/em> \u00e7abalar\u0131na giri\u015fti. Kurdler, D\u00fcrz\u00eeler ve Nusayrilerle bir araya gelmeden, onlar\u0131 dinlemeden, birlikte anayasa yapmadan, tek ba\u015f\u0131na kararlar al\u0131yor. Ne yaz\u0131k ki bu kararlar\u0131n arkas\u0131nda T\u00fcrk devleti var ve Suriye topraklar\u0131nda \u00e7ok tehlikeli bir sistem kuruluyor. Ba\u015ftan son g\u00fcne kadar da \u201cKuzey Suriye Demokratik y\u00f6netimi\u201d Colani\u2019yi muhatap ald\u0131 ve tek tarafl\u0131 olarak, onunla ili\u015fkileri y\u00fcr\u00fctmeye \u00e7abalad\u0131. Bu k\u00f6t\u00fc sistemin en b\u00fcy\u00fck savunucusu da bizzat T\u00fcrk devletinin kendisidir.<\/p>\n<p style=\"text-align: justify\">Bu y\u00f6ntemlerle Kurdler \u00fczerinde b\u00fcy\u00fck oyunlar oynan\u0131yor ve K\u00fcrtler yaln\u0131zca bu olaylar\u0131 izlemekle yetiniyor. \u015eu anda bu b\u00f6lgede Kurdler b\u00fcy\u00fck katliamlar ve mevzi kaybetmelerle kar\u015f\u0131 kar\u015f\u0131yad\u0131r. ABD, Kurdleri ortada b\u0131rakt\u0131 ve Kurdlerin b\u00f6lgedeki \u201cDA\u00ce\u015ee kar\u015f\u0131 sava\u015f R\u00f6l\u00fc\u201dn\u00fc Colani ve T\u00fcrk devletine devretti.<\/p>\n<p style=\"text-align: justify\">\n<p style=\"text-align: justify\">Bu beraberinde b\u00f6lgede Kurdler i\u00e7in ciddi tehlikeleri de beraberin getirece\u011finin habercisidir.<\/p>\n<p style=\"text-align: justify\">\u015eeyhmus \u00d6zzengin\/18.01.2026<\/p>\n<p style=\"text-align: justify\">\n","protected":false},"excerpt":{"rendered":"<p>\u00d6calan-PKK\u2019n\u0131n, G\u00fcneybat\u0131 K\u00fcrdistan (Rojava) K\u00fcrtlerinin iradesini gasp edip kontrol\u00fc ele ald\u0131\u011f\u0131 g\u00fcnden beri, K\u00fcrtlerin kendi topraklar\u0131ndaki talepleri tehlikeye girdi. \u00d6nce \u015funu s\u00f6ylediler: \u201cBuras\u0131 yaln\u0131zca Kurdlerin topra\u011f\u0131 de\u011fildir. Burada ya\u015fayan t\u00fcm milletlerin ortak vatan\u0131d\u0131r; bu nedenle biz bir K\u00fcrt mill\u00ee \u00f6rg\u00fct\u00fc de\u011filiz. Demokratik, ekolojik ve kad\u0131n \u00f6zg\u00fcrl\u00fck\u00e7\u00fc bir hareketiz. Mill\u00ee taleplere kar\u015f\u0131y\u0131z, milliyet\u00e7ilik felsefesine kar\u015f\u0131y\u0131z.\u201d(!) PKK\u2019n\u0131n [&hellip;]<\/p>\n","protected":false},"author":2,"featured_media":1036312,"comment_status":"closed","ping_status":"closed","sticky":false,"template":"","format":"standard","meta":{"footnotes":""},"categories":[26],"tags":[31],"class_list":["post-1036311","post","type-post","status-publish","format-standard","has-post-thumbnail","hentry","category-forum","tag-onemli"],"blocksy_meta":[],"seo_head":"<!-- This site is optimized with the Yoast SEO plugin v27.5 - https:\/\/yoast.com\/product\/yoast-seo-wordpress\/ -->\n<title>G\u00fcney Bat\u0131 Kurdistan Kurdlerinin \u00a0hikayesi! - Darka Mazi<\/title>\n<meta name=\"robots\" content=\"index, follow, max-snippet:-1, max-image-preview:large, max-video-preview:-1\" \/>\n<link rel=\"canonical\" href=\"https:\/\/darkamazi.site\/archives\/1036311\" \/>\n<meta property=\"og:locale\" content=\"en_US\" \/>\n<meta property=\"og:type\" content=\"article\" \/>\n<meta property=\"og:title\" content=\"G\u00fcney Bat\u0131 Kurdistan Kurdlerinin \u00a0hikayesi! - Darka Mazi\" \/>\n<meta property=\"og:description\" content=\"\u00d6calan-PKK\u2019n\u0131n, G\u00fcneybat\u0131 K\u00fcrdistan (Rojava) K\u00fcrtlerinin iradesini gasp edip kontrol\u00fc ele ald\u0131\u011f\u0131 g\u00fcnden beri, K\u00fcrtlerin kendi topraklar\u0131ndaki talepleri tehlikeye girdi. \u00d6nce \u015funu s\u00f6ylediler: \u201cBuras\u0131 yaln\u0131zca Kurdlerin topra\u011f\u0131 de\u011fildir. Burada ya\u015fayan t\u00fcm milletlerin ortak vatan\u0131d\u0131r; bu nedenle biz bir K\u00fcrt mill\u00ee \u00f6rg\u00fct\u00fc de\u011filiz. Demokratik, ekolojik ve kad\u0131n \u00f6zg\u00fcrl\u00fck\u00e7\u00fc bir hareketiz. Mill\u00ee taleplere kar\u015f\u0131y\u0131z, milliyet\u00e7ilik felsefesine kar\u015f\u0131y\u0131z.\u201d(!) PKK\u2019n\u0131n [&hellip;]\" \/>\n<meta property=\"og:url\" content=\"https:\/\/darkamazi.site\/archives\/1036311\" \/>\n<meta property=\"og:site_name\" content=\"Darka Mazi\" \/>\n<meta property=\"article:publisher\" content=\"https:\/\/www.facebook.com\/DarkaMaziturkce\" \/>\n<meta property=\"article:published_time\" content=\"2026-01-25T08:33:13+00:00\" \/>\n<meta property=\"og:image\" content=\"https:\/\/darkamazi.site\/file\/2026\/01\/sheyhmus-4.jpg\" \/>\n\t<meta property=\"og:image:width\" content=\"900\" \/>\n\t<meta property=\"og:image:height\" content=\"475\" \/>\n\t<meta property=\"og:image:type\" content=\"image\/jpeg\" \/>\n<meta name=\"author\" content=\"darka mazi\" \/>\n<meta name=\"twitter:card\" content=\"summary_large_image\" \/>\n<meta name=\"twitter:creator\" content=\"@DarkaMaziTurkce\" \/>\n<meta name=\"twitter:site\" content=\"@DarkaMaziTurkce\" \/>\n<meta name=\"twitter:label1\" content=\"Written by\" \/>\n\t<meta name=\"twitter:data1\" content=\"darka mazi\" \/>\n\t<meta name=\"twitter:label2\" content=\"Est. reading time\" \/>\n\t<meta name=\"twitter:data2\" content=\"3 minutes\" \/>\n<script type=\"application\/ld+json\" class=\"seo-schema-graph\">{\"@context\":\"https:\\\/\\\/schema.org\",\"@graph\":[{\"@type\":\"NewsArticle\",\"@id\":\"https:\\\/\\\/darkamazi.site\\\/archives\\\/1036311#article\",\"isPartOf\":{\"@id\":\"https:\\\/\\\/darkamazi.site\\\/archives\\\/1036311\"},\"author\":{\"name\":\"darka mazi\",\"@id\":\"https:\\\/\\\/darkamazi.site\\\/#\\\/schema\\\/person\\\/67986a95ac546c16760365877ef4a9d3\"},\"headline\":\"G\u00fcney Bat\u0131 Kurdistan Kurdlerinin \u00a0hikayesi!\",\"datePublished\":\"2026-01-25T08:33:13+00:00\",\"mainEntityOfPage\":{\"@id\":\"https:\\\/\\\/darkamazi.site\\\/archives\\\/1036311\"},\"wordCount\":869,\"publisher\":{\"@id\":\"https:\\\/\\\/darkamazi.site\\\/#organization\"},\"image\":{\"@id\":\"https:\\\/\\\/darkamazi.site\\\/archives\\\/1036311#primaryimage\"},\"thumbnailUrl\":\"https:\\\/\\\/darkamazi.site\\\/darka-content\\\/uploads\\\/2026\\\/01\\\/sheyhmus-4.jpg\",\"keywords\":[\"\u00f6nemli\"],\"articleSection\":[\"Forum\"],\"inLanguage\":\"en-US\"},{\"@type\":\"WebPage\",\"@id\":\"https:\\\/\\\/darkamazi.site\\\/archives\\\/1036311\",\"url\":\"https:\\\/\\\/darkamazi.site\\\/archives\\\/1036311\",\"name\":\"G\u00fcney Bat\u0131 Kurdistan Kurdlerinin \u00a0hikayesi! - Darka Mazi\",\"isPartOf\":{\"@id\":\"https:\\\/\\\/darkamazi.site\\\/#website\"},\"primaryImageOfPage\":{\"@id\":\"https:\\\/\\\/darkamazi.site\\\/archives\\\/1036311#primaryimage\"},\"image\":{\"@id\":\"https:\\\/\\\/darkamazi.site\\\/archives\\\/1036311#primaryimage\"},\"thumbnailUrl\":\"https:\\\/\\\/darkamazi.site\\\/darka-content\\\/uploads\\\/2026\\\/01\\\/sheyhmus-4.jpg\",\"datePublished\":\"2026-01-25T08:33:13+00:00\",\"breadcrumb\":{\"@id\":\"https:\\\/\\\/darkamazi.site\\\/archives\\\/1036311#breadcrumb\"},\"inLanguage\":\"en-US\",\"potentialAction\":[{\"@type\":\"ReadAction\",\"target\":[\"https:\\\/\\\/darkamazi.site\\\/archives\\\/1036311\"]}]},{\"@type\":\"ImageObject\",\"inLanguage\":\"en-US\",\"@id\":\"https:\\\/\\\/darkamazi.site\\\/archives\\\/1036311#primaryimage\",\"url\":\"https:\\\/\\\/darkamazi.site\\\/darka-content\\\/uploads\\\/2026\\\/01\\\/sheyhmus-4.jpg\",\"contentUrl\":\"https:\\\/\\\/darkamazi.site\\\/darka-content\\\/uploads\\\/2026\\\/01\\\/sheyhmus-4.jpg\",\"width\":900,\"height\":475,\"caption\":\"G\u00fcney K\u00fcrdistan Akt\u00f6rlerinin Diplomatik Ataklar\u0131!\"},{\"@type\":\"BreadcrumbList\",\"@id\":\"https:\\\/\\\/darkamazi.site\\\/archives\\\/1036311#breadcrumb\",\"itemListElement\":[{\"@type\":\"ListItem\",\"position\":1,\"name\":\"Home\",\"item\":\"https:\\\/\\\/darkamazi.site\\\/\"},{\"@type\":\"ListItem\",\"position\":2,\"name\":\"G\u00fcney Bat\u0131 Kurdistan Kurdlerinin \u00a0hikayesi!\"}]},{\"@type\":\"WebSite\",\"@id\":\"https:\\\/\\\/darkamazi.site\\\/#website\",\"url\":\"https:\\\/\\\/darkamazi.site\\\/\",\"name\":\"Darka Mazi\",\"description\":\"Ana Sayfa\",\"publisher\":{\"@id\":\"https:\\\/\\\/darkamazi.site\\\/#organization\"},\"potentialAction\":[{\"@type\":\"SearchAction\",\"target\":{\"@type\":\"EntryPoint\",\"urlTemplate\":\"https:\\\/\\\/darkamazi.site\\\/?s={search_term_string}\"},\"query-input\":{\"@type\":\"PropertyValueSpecification\",\"valueRequired\":true,\"valueName\":\"search_term_string\"}}],\"inLanguage\":\"en-US\"},{\"@type\":\"Organization\",\"@id\":\"https:\\\/\\\/darkamazi.site\\\/#organization\",\"name\":\"Darka Mazi T\u00fcrk\u00e7e\",\"alternateName\":\"Darka Mazi\",\"url\":\"https:\\\/\\\/darkamazi.site\\\/\",\"logo\":{\"@type\":\"ImageObject\",\"inLanguage\":\"en-US\",\"@id\":\"https:\\\/\\\/darkamazi.site\\\/#\\\/schema\\\/logo\\\/image\\\/\",\"url\":\"https:\\\/\\\/darkamazi.site\\\/darka-content\\\/uploads\\\/2017\\\/12\\\/darka-mazi-logo.png\",\"contentUrl\":\"https:\\\/\\\/darkamazi.site\\\/darka-content\\\/uploads\\\/2017\\\/12\\\/darka-mazi-logo.png\",\"width\":151,\"height\":75,\"caption\":\"Darka Mazi T\u00fcrk\u00e7e\"},\"image\":{\"@id\":\"https:\\\/\\\/darkamazi.site\\\/#\\\/schema\\\/logo\\\/image\\\/\"},\"sameAs\":[\"https:\\\/\\\/www.facebook.com\\\/DarkaMaziturkce\",\"https:\\\/\\\/x.com\\\/DarkaMaziTurkce\"]},{\"@type\":\"Person\",\"@id\":\"https:\\\/\\\/darkamazi.site\\\/#\\\/schema\\\/person\\\/67986a95ac546c16760365877ef4a9d3\",\"name\":\"darka mazi\",\"sameAs\":[\"https:\\\/\\\/darkamazi.site\"],\"url\":\"https:\\\/\\\/darkamazi.site\\\/archives\\\/author\\\/turkish\"}]}<\/script>\n<!-- \/ Yoast SEO plugin. -->","seo_head_json":{"title":"G\u00fcney Bat\u0131 Kurdistan Kurdlerinin \u00a0hikayesi! - Darka Mazi","robots":{"index":"index","follow":"follow","max-snippet":"max-snippet:-1","max-image-preview":"max-image-preview:large","max-video-preview":"max-video-preview:-1"},"canonical":"https:\/\/darkamazi.site\/archives\/1036311","og_locale":"en_US","og_type":"article","og_title":"G\u00fcney Bat\u0131 Kurdistan Kurdlerinin \u00a0hikayesi! - Darka Mazi","og_description":"\u00d6calan-PKK\u2019n\u0131n, G\u00fcneybat\u0131 K\u00fcrdistan (Rojava) K\u00fcrtlerinin iradesini gasp edip kontrol\u00fc ele ald\u0131\u011f\u0131 g\u00fcnden beri, K\u00fcrtlerin kendi topraklar\u0131ndaki talepleri tehlikeye girdi. \u00d6nce \u015funu s\u00f6ylediler: \u201cBuras\u0131 yaln\u0131zca Kurdlerin topra\u011f\u0131 de\u011fildir. Burada ya\u015fayan t\u00fcm milletlerin ortak vatan\u0131d\u0131r; bu nedenle biz bir K\u00fcrt mill\u00ee \u00f6rg\u00fct\u00fc de\u011filiz. Demokratik, ekolojik ve kad\u0131n \u00f6zg\u00fcrl\u00fck\u00e7\u00fc bir hareketiz. Mill\u00ee taleplere kar\u015f\u0131y\u0131z, milliyet\u00e7ilik felsefesine kar\u015f\u0131y\u0131z.\u201d(!) PKK\u2019n\u0131n [&hellip;]","og_url":"https:\/\/darkamazi.site\/archives\/1036311","og_site_name":"Darka Mazi","article_publisher":"https:\/\/www.facebook.com\/DarkaMaziturkce","article_published_time":"2026-01-25T08:33:13+00:00","og_image":[{"width":900,"height":475,"url":"https:\/\/darkamazi.site\/file\/2026\/01\/sheyhmus-4.jpg","type":"image\/jpeg"}],"author":"darka mazi","twitter_card":"summary_large_image","twitter_creator":"@DarkaMaziTurkce","twitter_site":"@DarkaMaziTurkce","twitter_misc":{"Written by":"darka mazi","Est. reading time":"3 minutes"},"schema":{"@context":"https:\/\/schema.org","@graph":[{"@type":"NewsArticle","@id":"https:\/\/darkamazi.site\/archives\/1036311#article","isPartOf":{"@id":"https:\/\/darkamazi.site\/archives\/1036311"},"author":{"name":"darka mazi","@id":"https:\/\/darkamazi.site\/#\/schema\/person\/67986a95ac546c16760365877ef4a9d3"},"headline":"G\u00fcney Bat\u0131 Kurdistan Kurdlerinin \u00a0hikayesi!","datePublished":"2026-01-25T08:33:13+00:00","mainEntityOfPage":{"@id":"https:\/\/darkamazi.site\/archives\/1036311"},"wordCount":869,"publisher":{"@id":"https:\/\/darkamazi.site\/#organization"},"image":{"@id":"https:\/\/darkamazi.site\/archives\/1036311#primaryimage"},"thumbnailUrl":"https:\/\/darkamazi.site\/file\/2026\/01\/sheyhmus-4.jpg","keywords":["\u00f6nemli"],"articleSection":["Forum"],"inLanguage":"en-US"},{"@type":"WebPage","@id":"https:\/\/darkamazi.site\/archives\/1036311","url":"https:\/\/darkamazi.site\/archives\/1036311","name":"G\u00fcney Bat\u0131 Kurdistan Kurdlerinin \u00a0hikayesi! - Darka Mazi","isPartOf":{"@id":"https:\/\/darkamazi.site\/#website"},"primaryImageOfPage":{"@id":"https:\/\/darkamazi.site\/archives\/1036311#primaryimage"},"image":{"@id":"https:\/\/darkamazi.site\/archives\/1036311#primaryimage"},"thumbnailUrl":"https:\/\/darkamazi.site\/file\/2026\/01\/sheyhmus-4.jpg","datePublished":"2026-01-25T08:33:13+00:00","breadcrumb":{"@id":"https:\/\/darkamazi.site\/archives\/1036311#breadcrumb"},"inLanguage":"en-US","potentialAction":[{"@type":"ReadAction","target":["https:\/\/darkamazi.site\/archives\/1036311"]}]},{"@type":"ImageObject","inLanguage":"en-US","@id":"https:\/\/darkamazi.site\/archives\/1036311#primaryimage","url":"https:\/\/darkamazi.site\/file\/2026\/01\/sheyhmus-4.jpg","contentUrl":"https:\/\/darkamazi.site\/file\/2026\/01\/sheyhmus-4.jpg","width":900,"height":475,"caption":"G\u00fcney K\u00fcrdistan Akt\u00f6rlerinin Diplomatik Ataklar\u0131!"},{"@type":"BreadcrumbList","@id":"https:\/\/darkamazi.site\/archives\/1036311#breadcrumb","itemListElement":[{"@type":"ListItem","position":1,"name":"Home","item":"https:\/\/darkamazi.site\/"},{"@type":"ListItem","position":2,"name":"G\u00fcney Bat\u0131 Kurdistan Kurdlerinin \u00a0hikayesi!"}]},{"@type":"WebSite","@id":"https:\/\/darkamazi.site\/#website","url":"https:\/\/darkamazi.site\/","name":"Darka Mazi","description":"Ana Sayfa","publisher":{"@id":"https:\/\/darkamazi.site\/#organization"},"potentialAction":[{"@type":"SearchAction","target":{"@type":"EntryPoint","urlTemplate":"https:\/\/darkamazi.site\/?s={search_term_string}"},"query-input":{"@type":"PropertyValueSpecification","valueRequired":true,"valueName":"search_term_string"}}],"inLanguage":"en-US"},{"@type":"Organization","@id":"https:\/\/darkamazi.site\/#organization","name":"Darka Mazi T\u00fcrk\u00e7e","alternateName":"Darka Mazi","url":"https:\/\/darkamazi.site\/","logo":{"@type":"ImageObject","inLanguage":"en-US","@id":"https:\/\/darkamazi.site\/#\/schema\/logo\/image\/","url":"https:\/\/darkamazi.site\/file\/2017\/12\/darka-mazi-logo.png","contentUrl":"https:\/\/darkamazi.site\/file\/2017\/12\/darka-mazi-logo.png","width":151,"height":75,"caption":"Darka Mazi T\u00fcrk\u00e7e"},"image":{"@id":"https:\/\/darkamazi.site\/#\/schema\/logo\/image\/"},"sameAs":["https:\/\/www.facebook.com\/DarkaMaziturkce","https:\/\/x.com\/DarkaMaziTurkce"]},{"@type":"Person","@id":"https:\/\/darkamazi.site\/#\/schema\/person\/67986a95ac546c16760365877ef4a9d3","name":"darka mazi","sameAs":["https:\/\/darkamazi.site"],"url":"https:\/\/darkamazi.site\/archives\/author\/turkish"}]}},"_links":{"self":[{"href":"https:\/\/darkamazi.site\/funavuv\/wp\/v2\/posts\/1036311","targetHints":{"allow":["GET"]}}],"collection":[{"href":"https:\/\/darkamazi.site\/funavuv\/wp\/v2\/posts"}],"about":[{"href":"https:\/\/darkamazi.site\/funavuv\/wp\/v2\/types\/post"}],"author":[{"embeddable":true,"href":"https:\/\/darkamazi.site\/funavuv\/wp\/v2\/users\/2"}],"replies":[{"embeddable":true,"href":"https:\/\/darkamazi.site\/funavuv\/wp\/v2\/comments?post=1036311"}],"version-history":[{"count":0,"href":"https:\/\/darkamazi.site\/funavuv\/wp\/v2\/posts\/1036311\/revisions"}],"wp:featuredmedia":[{"embeddable":true,"href":"https:\/\/darkamazi.site\/funavuv\/wp\/v2\/media\/1036312"}],"wp:attachment":[{"href":"https:\/\/darkamazi.site\/funavuv\/wp\/v2\/media?parent=1036311"}],"wp:term":[{"taxonomy":"category","embeddable":true,"href":"https:\/\/darkamazi.site\/funavuv\/wp\/v2\/categories?post=1036311"},{"taxonomy":"post_tag","embeddable":true,"href":"https:\/\/darkamazi.site\/funavuv\/wp\/v2\/tags?post=1036311"}],"curies":[{"name":"wp","href":"https:\/\/api.w.org\/{rel}","templated":true}]}}