{"id":1036328,"date":"2026-01-26T17:21:37","date_gmt":"2026-01-26T14:21:37","guid":{"rendered":"https:\/\/darkamazi.site\/?p=1036328"},"modified":"2026-01-26T17:21:37","modified_gmt":"2026-01-26T14:21:37","slug":"baskan-barzaniden-kobani-mesaji-bu-zafer-tum-kurdistan-halkinin-zaferiydi","status":"publish","type":"post","link":"https:\/\/darkamazi.site\/archives\/1036328","title":{"rendered":"Ba\u015fkan Barzani&#8217;den Kobani mesaj\u0131: Bu zafer, t\u00fcm K\u00fcrdistan halk\u0131n\u0131n zaferiydi"},"content":{"rendered":"<p style=\"text-align: justify\">Ba\u015fkan Mesud Barzani, Kobani&#8217;nin DA\u0130\u015e&#8217;ten kurtar\u0131lmas\u0131n\u0131n y\u0131l d\u00f6n\u00fcm\u00fcnde Pe\u015fmerge ve sava\u015f\u00e7\u0131lara tebriklerini ileterek, bu zaferi &#8220;insanl\u0131\u011f\u0131n ter\u00f6rizm ve karanl\u0131\u011fa kar\u015f\u0131 zaferi&#8221; olarak nitelendirdi.<\/p>\n<p style=\"text-align: justify\">Mesud Barzani, bug\u00fcn (26 Ocak 2026 Pazartesi) Kobani\u2019nin DA\u0130\u015e\u2019ten kurtar\u0131lmas\u0131n\u0131n 11. y\u0131l d\u00f6n\u00fcm\u00fcnde bir mesaj\u0131 yay\u0131mlad\u0131.<\/p>\n<p style=\"text-align: justify\">Barzani\u2019nin Ofisinin sosyal medya hesab\u0131ndan, K\u00fcrt\u00e7enin Kurmanci ve Sorani leh\u00e7eleri ile Arap\u00e7a yap\u0131lan payla\u015f\u0131mda, \u201cKobani&#8217;de ter\u00f6ristlerin yenilgiye u\u011frat\u0131l\u0131\u015f\u0131n\u0131n 11. y\u0131l d\u00f6n\u00fcm\u00fcnde, m\u00fcttefiklerin deste\u011fiyle Kobani&#8217;nin DA\u0130\u015e ter\u00f6ristlerinin eline ge\u00e7mesini engelleyen ve K\u00fcrt halk\u0131n\u0131n tarihinde b\u00fcy\u00fck bir zafer kaydeden kahraman sava\u015f\u00e7\u0131lar\u0131 ve Pe\u015fmergeleri selaml\u0131yoruz.&#8221; ifadelerine yer verildi.<\/p>\n<p style=\"text-align: justify\">Ba\u015fkan Barzani, &#8220;Bu zafer, t\u00fcm K\u00fcrdistan halk\u0131n\u0131n zaferiydi, insanl\u0131\u011f\u0131n ter\u00f6rizm ve karanl\u0131\u011fa kar\u015f\u0131 zaferiydi.&#8221; dedi.<\/p>\n","protected":false},"excerpt":{"rendered":"<p>Ba\u015fkan Mesud Barzani, Kobani&#8217;nin DA\u0130\u015e&#8217;ten kurtar\u0131lmas\u0131n\u0131n y\u0131l d\u00f6n\u00fcm\u00fcnde Pe\u015fmerge ve sava\u015f\u00e7\u0131lara tebriklerini ileterek, bu zaferi &#8220;insanl\u0131\u011f\u0131n ter\u00f6rizm ve karanl\u0131\u011fa kar\u015f\u0131 zaferi&#8221; olarak nitelendirdi. Mesud Barzani, bug\u00fcn (26 Ocak 2026 Pazartesi) Kobani\u2019nin DA\u0130\u015e\u2019ten kurtar\u0131lmas\u0131n\u0131n 11. y\u0131l d\u00f6n\u00fcm\u00fcnde bir mesaj\u0131 yay\u0131mlad\u0131. Barzani\u2019nin Ofisinin sosyal medya hesab\u0131ndan, K\u00fcrt\u00e7enin Kurmanci ve Sorani leh\u00e7eleri ile Arap\u00e7a yap\u0131lan payla\u015f\u0131mda, \u201cKobani&#8217;de ter\u00f6ristlerin [&hellip;]<\/p>\n","protected":false},"author":2,"featured_media":1036329,"comment_status":"closed","ping_status":"closed","sticky":false,"template":"","format":"standard","meta":{"footnotes":""},"categories":[3],"tags":[31],"class_list":["post-1036328","post","type-post","status-publish","format-standard","has-post-thumbnail","hentry","category-kurdistan","tag-onemli"],"blocksy_meta":[],"seo_head":"<!-- This site is optimized with the Yoast SEO plugin v27.5 - https:\/\/yoast.com\/product\/yoast-seo-wordpress\/ -->\n<title>Ba\u015fkan Barzani&#039;den Kobani mesaj\u0131: Bu zafer, t\u00fcm K\u00fcrdistan halk\u0131n\u0131n zaferiydi - Darka Mazi<\/title>\n<meta name=\"robots\" content=\"index, follow, max-snippet:-1, max-image-preview:large, max-video-preview:-1\" \/>\n<link rel=\"canonical\" href=\"https:\/\/darkamazi.site\/archives\/1036328\" \/>\n<meta property=\"og:locale\" content=\"en_US\" \/>\n<meta property=\"og:type\" content=\"article\" \/>\n<meta property=\"og:title\" content=\"Ba\u015fkan Barzani&#039;den Kobani mesaj\u0131: Bu zafer, t\u00fcm K\u00fcrdistan halk\u0131n\u0131n zaferiydi - Darka Mazi\" \/>\n<meta property=\"og:description\" content=\"Ba\u015fkan Mesud Barzani, Kobani&#8217;nin DA\u0130\u015e&#8217;ten kurtar\u0131lmas\u0131n\u0131n y\u0131l d\u00f6n\u00fcm\u00fcnde Pe\u015fmerge ve sava\u015f\u00e7\u0131lara tebriklerini ileterek, bu zaferi &#8220;insanl\u0131\u011f\u0131n ter\u00f6rizm ve karanl\u0131\u011fa kar\u015f\u0131 zaferi&#8221; olarak nitelendirdi. Mesud Barzani, bug\u00fcn (26 Ocak 2026 Pazartesi) Kobani\u2019nin DA\u0130\u015e\u2019ten kurtar\u0131lmas\u0131n\u0131n 11. y\u0131l d\u00f6n\u00fcm\u00fcnde bir mesaj\u0131 yay\u0131mlad\u0131. Barzani\u2019nin Ofisinin sosyal medya hesab\u0131ndan, K\u00fcrt\u00e7enin Kurmanci ve Sorani leh\u00e7eleri ile Arap\u00e7a yap\u0131lan payla\u015f\u0131mda, \u201cKobani&#8217;de ter\u00f6ristlerin [&hellip;]\" \/>\n<meta property=\"og:url\" content=\"https:\/\/darkamazi.site\/archives\/1036328\" \/>\n<meta property=\"og:site_name\" content=\"Darka Mazi\" \/>\n<meta property=\"article:publisher\" content=\"https:\/\/www.facebook.com\/DarkaMaziturkce\" \/>\n<meta property=\"article:published_time\" content=\"2026-01-26T14:21:37+00:00\" \/>\n<meta property=\"og:image\" content=\"https:\/\/darkamazi.site\/file\/2026\/01\/bayrakli-photo.jpg\" \/>\n\t<meta property=\"og:image:width\" content=\"1000\" \/>\n\t<meta property=\"og:image:height\" content=\"506\" \/>\n\t<meta property=\"og:image:type\" content=\"image\/jpeg\" \/>\n<meta name=\"author\" content=\"darka mazi\" \/>\n<meta name=\"twitter:card\" content=\"summary_large_image\" \/>\n<meta name=\"twitter:creator\" content=\"@DarkaMaziTurkce\" \/>\n<meta name=\"twitter:site\" content=\"@DarkaMaziTurkce\" \/>\n<meta name=\"twitter:label1\" content=\"Written by\" \/>\n\t<meta name=\"twitter:data1\" content=\"darka mazi\" \/>\n\t<meta name=\"twitter:label2\" content=\"Est. reading time\" \/>\n\t<meta name=\"twitter:data2\" content=\"1 minute\" \/>\n<script type=\"application\/ld+json\" class=\"seo-schema-graph\">{\"@context\":\"https:\\\/\\\/schema.org\",\"@graph\":[{\"@type\":\"NewsArticle\",\"@id\":\"https:\\\/\\\/darkamazi.site\\\/archives\\\/1036328#article\",\"isPartOf\":{\"@id\":\"https:\\\/\\\/darkamazi.site\\\/archives\\\/1036328\"},\"author\":{\"name\":\"darka mazi\",\"@id\":\"https:\\\/\\\/darkamazi.site\\\/#\\\/schema\\\/person\\\/67986a95ac546c16760365877ef4a9d3\"},\"headline\":\"Ba\u015fkan Barzani&#8217;den Kobani mesaj\u0131: Bu zafer, t\u00fcm K\u00fcrdistan halk\u0131n\u0131n zaferiydi\",\"datePublished\":\"2026-01-26T14:21:37+00:00\",\"mainEntityOfPage\":{\"@id\":\"https:\\\/\\\/darkamazi.site\\\/archives\\\/1036328\"},\"wordCount\":176,\"publisher\":{\"@id\":\"https:\\\/\\\/darkamazi.site\\\/#organization\"},\"image\":{\"@id\":\"https:\\\/\\\/darkamazi.site\\\/archives\\\/1036328#primaryimage\"},\"thumbnailUrl\":\"https:\\\/\\\/darkamazi.site\\\/darka-content\\\/uploads\\\/2026\\\/01\\\/bayrakli-photo.jpg\",\"keywords\":[\"\u00f6nemli\"],\"articleSection\":[\"Kurdistan\"],\"inLanguage\":\"en-US\"},{\"@type\":\"WebPage\",\"@id\":\"https:\\\/\\\/darkamazi.site\\\/archives\\\/1036328\",\"url\":\"https:\\\/\\\/darkamazi.site\\\/archives\\\/1036328\",\"name\":\"Ba\u015fkan Barzani'den Kobani mesaj\u0131: Bu zafer, t\u00fcm K\u00fcrdistan halk\u0131n\u0131n zaferiydi - Darka Mazi\",\"isPartOf\":{\"@id\":\"https:\\\/\\\/darkamazi.site\\\/#website\"},\"primaryImageOfPage\":{\"@id\":\"https:\\\/\\\/darkamazi.site\\\/archives\\\/1036328#primaryimage\"},\"image\":{\"@id\":\"https:\\\/\\\/darkamazi.site\\\/archives\\\/1036328#primaryimage\"},\"thumbnailUrl\":\"https:\\\/\\\/darkamazi.site\\\/darka-content\\\/uploads\\\/2026\\\/01\\\/bayrakli-photo.jpg\",\"datePublished\":\"2026-01-26T14:21:37+00:00\",\"breadcrumb\":{\"@id\":\"https:\\\/\\\/darkamazi.site\\\/archives\\\/1036328#breadcrumb\"},\"inLanguage\":\"en-US\",\"potentialAction\":[{\"@type\":\"ReadAction\",\"target\":[\"https:\\\/\\\/darkamazi.site\\\/archives\\\/1036328\"]}]},{\"@type\":\"ImageObject\",\"inLanguage\":\"en-US\",\"@id\":\"https:\\\/\\\/darkamazi.site\\\/archives\\\/1036328#primaryimage\",\"url\":\"https:\\\/\\\/darkamazi.site\\\/darka-content\\\/uploads\\\/2026\\\/01\\\/bayrakli-photo.jpg\",\"contentUrl\":\"https:\\\/\\\/darkamazi.site\\\/darka-content\\\/uploads\\\/2026\\\/01\\\/bayrakli-photo.jpg\",\"width\":1000,\"height\":506,\"caption\":\"Ba\u015fkan Barzani'den Kobani mesaj\u0131: Bu zafer, t\u00fcm K\u00fcrdistan halk\u0131n\u0131n zaferiydi\"},{\"@type\":\"BreadcrumbList\",\"@id\":\"https:\\\/\\\/darkamazi.site\\\/archives\\\/1036328#breadcrumb\",\"itemListElement\":[{\"@type\":\"ListItem\",\"position\":1,\"name\":\"Home\",\"item\":\"https:\\\/\\\/darkamazi.site\\\/\"},{\"@type\":\"ListItem\",\"position\":2,\"name\":\"Ba\u015fkan Barzani&#8217;den Kobani mesaj\u0131: Bu zafer, t\u00fcm K\u00fcrdistan halk\u0131n\u0131n zaferiydi\"}]},{\"@type\":\"WebSite\",\"@id\":\"https:\\\/\\\/darkamazi.site\\\/#website\",\"url\":\"https:\\\/\\\/darkamazi.site\\\/\",\"name\":\"Darka Mazi\",\"description\":\"Ana Sayfa\",\"publisher\":{\"@id\":\"https:\\\/\\\/darkamazi.site\\\/#organization\"},\"potentialAction\":[{\"@type\":\"SearchAction\",\"target\":{\"@type\":\"EntryPoint\",\"urlTemplate\":\"https:\\\/\\\/darkamazi.site\\\/?s={search_term_string}\"},\"query-input\":{\"@type\":\"PropertyValueSpecification\",\"valueRequired\":true,\"valueName\":\"search_term_string\"}}],\"inLanguage\":\"en-US\"},{\"@type\":\"Organization\",\"@id\":\"https:\\\/\\\/darkamazi.site\\\/#organization\",\"name\":\"Darka Mazi T\u00fcrk\u00e7e\",\"alternateName\":\"Darka Mazi\",\"url\":\"https:\\\/\\\/darkamazi.site\\\/\",\"logo\":{\"@type\":\"ImageObject\",\"inLanguage\":\"en-US\",\"@id\":\"https:\\\/\\\/darkamazi.site\\\/#\\\/schema\\\/logo\\\/image\\\/\",\"url\":\"https:\\\/\\\/darkamazi.site\\\/darka-content\\\/uploads\\\/2017\\\/12\\\/darka-mazi-logo.png\",\"contentUrl\":\"https:\\\/\\\/darkamazi.site\\\/darka-content\\\/uploads\\\/2017\\\/12\\\/darka-mazi-logo.png\",\"width\":151,\"height\":75,\"caption\":\"Darka Mazi T\u00fcrk\u00e7e\"},\"image\":{\"@id\":\"https:\\\/\\\/darkamazi.site\\\/#\\\/schema\\\/logo\\\/image\\\/\"},\"sameAs\":[\"https:\\\/\\\/www.facebook.com\\\/DarkaMaziturkce\",\"https:\\\/\\\/x.com\\\/DarkaMaziTurkce\"]},{\"@type\":\"Person\",\"@id\":\"https:\\\/\\\/darkamazi.site\\\/#\\\/schema\\\/person\\\/67986a95ac546c16760365877ef4a9d3\",\"name\":\"darka mazi\",\"sameAs\":[\"https:\\\/\\\/darkamazi.site\"],\"url\":\"https:\\\/\\\/darkamazi.site\\\/archives\\\/author\\\/turkish\"}]}<\/script>\n<!-- \/ Yoast SEO plugin. -->","seo_head_json":{"title":"Ba\u015fkan Barzani'den Kobani mesaj\u0131: Bu zafer, t\u00fcm K\u00fcrdistan halk\u0131n\u0131n zaferiydi - Darka Mazi","robots":{"index":"index","follow":"follow","max-snippet":"max-snippet:-1","max-image-preview":"max-image-preview:large","max-video-preview":"max-video-preview:-1"},"canonical":"https:\/\/darkamazi.site\/archives\/1036328","og_locale":"en_US","og_type":"article","og_title":"Ba\u015fkan Barzani'den Kobani mesaj\u0131: Bu zafer, t\u00fcm K\u00fcrdistan halk\u0131n\u0131n zaferiydi - Darka Mazi","og_description":"Ba\u015fkan Mesud Barzani, Kobani&#8217;nin DA\u0130\u015e&#8217;ten kurtar\u0131lmas\u0131n\u0131n y\u0131l d\u00f6n\u00fcm\u00fcnde Pe\u015fmerge ve sava\u015f\u00e7\u0131lara tebriklerini ileterek, bu zaferi &#8220;insanl\u0131\u011f\u0131n ter\u00f6rizm ve karanl\u0131\u011fa kar\u015f\u0131 zaferi&#8221; olarak nitelendirdi. Mesud Barzani, bug\u00fcn (26 Ocak 2026 Pazartesi) Kobani\u2019nin DA\u0130\u015e\u2019ten kurtar\u0131lmas\u0131n\u0131n 11. y\u0131l d\u00f6n\u00fcm\u00fcnde bir mesaj\u0131 yay\u0131mlad\u0131. Barzani\u2019nin Ofisinin sosyal medya hesab\u0131ndan, K\u00fcrt\u00e7enin Kurmanci ve Sorani leh\u00e7eleri ile Arap\u00e7a yap\u0131lan payla\u015f\u0131mda, \u201cKobani&#8217;de ter\u00f6ristlerin [&hellip;]","og_url":"https:\/\/darkamazi.site\/archives\/1036328","og_site_name":"Darka Mazi","article_publisher":"https:\/\/www.facebook.com\/DarkaMaziturkce","article_published_time":"2026-01-26T14:21:37+00:00","og_image":[{"width":1000,"height":506,"url":"https:\/\/darkamazi.site\/file\/2026\/01\/bayrakli-photo.jpg","type":"image\/jpeg"}],"author":"darka mazi","twitter_card":"summary_large_image","twitter_creator":"@DarkaMaziTurkce","twitter_site":"@DarkaMaziTurkce","twitter_misc":{"Written by":"darka mazi","Est. reading time":"1 minute"},"schema":{"@context":"https:\/\/schema.org","@graph":[{"@type":"NewsArticle","@id":"https:\/\/darkamazi.site\/archives\/1036328#article","isPartOf":{"@id":"https:\/\/darkamazi.site\/archives\/1036328"},"author":{"name":"darka mazi","@id":"https:\/\/darkamazi.site\/#\/schema\/person\/67986a95ac546c16760365877ef4a9d3"},"headline":"Ba\u015fkan Barzani&#8217;den Kobani mesaj\u0131: Bu zafer, t\u00fcm K\u00fcrdistan halk\u0131n\u0131n zaferiydi","datePublished":"2026-01-26T14:21:37+00:00","mainEntityOfPage":{"@id":"https:\/\/darkamazi.site\/archives\/1036328"},"wordCount":176,"publisher":{"@id":"https:\/\/darkamazi.site\/#organization"},"image":{"@id":"https:\/\/darkamazi.site\/archives\/1036328#primaryimage"},"thumbnailUrl":"https:\/\/darkamazi.site\/file\/2026\/01\/bayrakli-photo.jpg","keywords":["\u00f6nemli"],"articleSection":["Kurdistan"],"inLanguage":"en-US"},{"@type":"WebPage","@id":"https:\/\/darkamazi.site\/archives\/1036328","url":"https:\/\/darkamazi.site\/archives\/1036328","name":"Ba\u015fkan Barzani'den Kobani mesaj\u0131: Bu zafer, t\u00fcm K\u00fcrdistan halk\u0131n\u0131n zaferiydi - Darka Mazi","isPartOf":{"@id":"https:\/\/darkamazi.site\/#website"},"primaryImageOfPage":{"@id":"https:\/\/darkamazi.site\/archives\/1036328#primaryimage"},"image":{"@id":"https:\/\/darkamazi.site\/archives\/1036328#primaryimage"},"thumbnailUrl":"https:\/\/darkamazi.site\/file\/2026\/01\/bayrakli-photo.jpg","datePublished":"2026-01-26T14:21:37+00:00","breadcrumb":{"@id":"https:\/\/darkamazi.site\/archives\/1036328#breadcrumb"},"inLanguage":"en-US","potentialAction":[{"@type":"ReadAction","target":["https:\/\/darkamazi.site\/archives\/1036328"]}]},{"@type":"ImageObject","inLanguage":"en-US","@id":"https:\/\/darkamazi.site\/archives\/1036328#primaryimage","url":"https:\/\/darkamazi.site\/file\/2026\/01\/bayrakli-photo.jpg","contentUrl":"https:\/\/darkamazi.site\/file\/2026\/01\/bayrakli-photo.jpg","width":1000,"height":506,"caption":"Ba\u015fkan Barzani'den Kobani mesaj\u0131: Bu zafer, t\u00fcm K\u00fcrdistan halk\u0131n\u0131n zaferiydi"},{"@type":"BreadcrumbList","@id":"https:\/\/darkamazi.site\/archives\/1036328#breadcrumb","itemListElement":[{"@type":"ListItem","position":1,"name":"Home","item":"https:\/\/darkamazi.site\/"},{"@type":"ListItem","position":2,"name":"Ba\u015fkan Barzani&#8217;den Kobani mesaj\u0131: Bu zafer, t\u00fcm K\u00fcrdistan halk\u0131n\u0131n zaferiydi"}]},{"@type":"WebSite","@id":"https:\/\/darkamazi.site\/#website","url":"https:\/\/darkamazi.site\/","name":"Darka Mazi","description":"Ana Sayfa","publisher":{"@id":"https:\/\/darkamazi.site\/#organization"},"potentialAction":[{"@type":"SearchAction","target":{"@type":"EntryPoint","urlTemplate":"https:\/\/darkamazi.site\/?s={search_term_string}"},"query-input":{"@type":"PropertyValueSpecification","valueRequired":true,"valueName":"search_term_string"}}],"inLanguage":"en-US"},{"@type":"Organization","@id":"https:\/\/darkamazi.site\/#organization","name":"Darka Mazi T\u00fcrk\u00e7e","alternateName":"Darka Mazi","url":"https:\/\/darkamazi.site\/","logo":{"@type":"ImageObject","inLanguage":"en-US","@id":"https:\/\/darkamazi.site\/#\/schema\/logo\/image\/","url":"https:\/\/darkamazi.site\/file\/2017\/12\/darka-mazi-logo.png","contentUrl":"https:\/\/darkamazi.site\/file\/2017\/12\/darka-mazi-logo.png","width":151,"height":75,"caption":"Darka Mazi T\u00fcrk\u00e7e"},"image":{"@id":"https:\/\/darkamazi.site\/#\/schema\/logo\/image\/"},"sameAs":["https:\/\/www.facebook.com\/DarkaMaziturkce","https:\/\/x.com\/DarkaMaziTurkce"]},{"@type":"Person","@id":"https:\/\/darkamazi.site\/#\/schema\/person\/67986a95ac546c16760365877ef4a9d3","name":"darka mazi","sameAs":["https:\/\/darkamazi.site"],"url":"https:\/\/darkamazi.site\/archives\/author\/turkish"}]}},"_links":{"self":[{"href":"https:\/\/darkamazi.site\/funavuv\/wp\/v2\/posts\/1036328","targetHints":{"allow":["GET"]}}],"collection":[{"href":"https:\/\/darkamazi.site\/funavuv\/wp\/v2\/posts"}],"about":[{"href":"https:\/\/darkamazi.site\/funavuv\/wp\/v2\/types\/post"}],"author":[{"embeddable":true,"href":"https:\/\/darkamazi.site\/funavuv\/wp\/v2\/users\/2"}],"replies":[{"embeddable":true,"href":"https:\/\/darkamazi.site\/funavuv\/wp\/v2\/comments?post=1036328"}],"version-history":[{"count":0,"href":"https:\/\/darkamazi.site\/funavuv\/wp\/v2\/posts\/1036328\/revisions"}],"wp:featuredmedia":[{"embeddable":true,"href":"https:\/\/darkamazi.site\/funavuv\/wp\/v2\/media\/1036329"}],"wp:attachment":[{"href":"https:\/\/darkamazi.site\/funavuv\/wp\/v2\/media?parent=1036328"}],"wp:term":[{"taxonomy":"category","embeddable":true,"href":"https:\/\/darkamazi.site\/funavuv\/wp\/v2\/categories?post=1036328"},{"taxonomy":"post_tag","embeddable":true,"href":"https:\/\/darkamazi.site\/funavuv\/wp\/v2\/tags?post=1036328"}],"curies":[{"name":"wp","href":"https:\/\/api.w.org\/{rel}","templated":true}]}}