{"id":1036499,"date":"2026-02-22T16:39:35","date_gmt":"2026-02-22T13:39:35","guid":{"rendered":"https:\/\/darkamazi.site\/?p=1036499"},"modified":"2026-02-22T16:39:35","modified_gmt":"2026-02-22T13:39:35","slug":"kerkuk-irak-askerleri-kurtlerin-evlerini-basti-bir-aile-zorla-cikarildi","status":"publish","type":"post","link":"https:\/\/darkamazi.site\/archives\/1036499","title":{"rendered":"Kerk\u00fck:  Irak askerleri K\u00fcrtlerin evlerini bast\u0131, bir aile zorla \u00e7\u0131kar\u0131ld\u0131"},"content":{"rendered":"<p style=\"text-align: justify\">\u00a0Kerk\u00fck\u2019\u00fcn Newroz mahallesinde bu sabaha kar\u015f\u0131 K\u00fcrt ailelerin ya\u015fad\u0131\u011f\u0131 evlere bask\u0131n d\u00fczenleyen Irak ordusu, bir evi zorla tahliye ettirdi. Darp edilen ev sahibi, \u201cEvimden \u00e7\u0131kmayaca\u011f\u0131m\u0131 s\u00f6yleyince ailemin g\u00f6z\u00fc \u00f6n\u00fcnde beni d\u00f6vd\u00fcler ve d\u0131\u015far\u0131 f\u0131rlatt\u0131lar\u201d dedi.<\/p>\n<p style=\"text-align: justify\">Kerk\u00fck\u2019\u00fcn Newroz mahallesinde m\u00fclkiyet tart\u0131\u015fmalar\u0131 nedeniyle s\u00fcregelen gerginlik, bu sabah \u015fiddete d\u00f6n\u00fc\u015ft\u00fc.<\/p>\n<p style=\"text-align: justify\">Saat 03:00 sular\u0131nda mahalleye giren Irak ordusuna ba\u011fl\u0131 birlikler, bir K\u00fcrt ailenin evine bask\u0131n d\u00fczenleyerek zorla tahliye i\u015flemi ger\u00e7ekle\u015ftirdi.<\/p>\n<p style=\"text-align: justify\"><strong>\u201cAilemin g\u00f6z\u00fc \u00f6n\u00fcnde darp ettiler\u201d<\/strong><\/p>\n<p style=\"text-align: justify\">Olay yerinden bildiren R\u00fbdaw muhabiri Herdi Muhammed, g\u00f6rg\u00fc tan\u0131klar\u0131na dayanarak askerin eve zorla girdi\u011fini ve ev sahibini darp etti\u011fini aktard\u0131.<\/p>\n<p style=\"text-align: justify\">R\u00fbdaw\u2019a konu\u015fan ma\u011fdur ev sahibi, ya\u015fad\u0131\u011f\u0131 deh\u015feti \u015fu s\u00f6zlerle anlatt\u0131:<\/p>\n<p style=\"text-align: justify\">\u201cEvimi onarmak i\u00e7in bir s\u00fcreli\u011fine \u00e7\u0131km\u0131\u015ft\u0131m, bu gece ailemle birlikte geri d\u00f6nd\u00fcm. Askerler gelip evi bo\u015faltmam\u0131 istedi. Buran\u0131n benim evim oldu\u011funu ve \u00e7\u0131kmayaca\u011f\u0131m\u0131 s\u00f6yledim. Bunun \u00fczerine ailemin ve \u00e7ocuklar\u0131m\u0131n g\u00f6z\u00fc \u00f6n\u00fcnde \u00fczerime \u00e7ullan\u0131p beni d\u00f6vmeye ba\u015flad\u0131lar. Beni resmen havaya kald\u0131r\u0131p kap\u0131n\u0131n \u00f6n\u00fcne f\u0131rlatt\u0131lar.\u201d<\/p>\n","protected":false},"excerpt":{"rendered":"<p>\u00a0Kerk\u00fck\u2019\u00fcn Newroz mahallesinde bu sabaha kar\u015f\u0131 K\u00fcrt ailelerin ya\u015fad\u0131\u011f\u0131 evlere bask\u0131n d\u00fczenleyen Irak ordusu, bir evi zorla tahliye ettirdi. Darp edilen ev sahibi, \u201cEvimden \u00e7\u0131kmayaca\u011f\u0131m\u0131 s\u00f6yleyince ailemin g\u00f6z\u00fc \u00f6n\u00fcnde beni d\u00f6vd\u00fcler ve d\u0131\u015far\u0131 f\u0131rlatt\u0131lar\u201d dedi. Kerk\u00fck\u2019\u00fcn Newroz mahallesinde m\u00fclkiyet tart\u0131\u015fmalar\u0131 nedeniyle s\u00fcregelen gerginlik, bu sabah \u015fiddete d\u00f6n\u00fc\u015ft\u00fc. Saat 03:00 sular\u0131nda mahalleye giren Irak ordusuna ba\u011fl\u0131 [&hellip;]<\/p>\n","protected":false},"author":2,"featured_media":1036500,"comment_status":"closed","ping_status":"closed","sticky":false,"template":"","format":"standard","meta":{"footnotes":""},"categories":[3],"tags":[31],"class_list":["post-1036499","post","type-post","status-publish","format-standard","has-post-thumbnail","hentry","category-kurdistan","tag-onemli"],"blocksy_meta":[],"seo_head":"<!-- This site is optimized with the Yoast SEO plugin v27.5 - https:\/\/yoast.com\/product\/yoast-seo-wordpress\/ -->\n<title>Kerk\u00fck: Irak askerleri K\u00fcrtlerin evlerini bast\u0131, bir aile zorla \u00e7\u0131kar\u0131ld\u0131 - Darka Mazi<\/title>\n<meta name=\"robots\" content=\"index, follow, max-snippet:-1, max-image-preview:large, max-video-preview:-1\" \/>\n<link rel=\"canonical\" href=\"https:\/\/darkamazi.site\/archives\/1036499\" \/>\n<meta property=\"og:locale\" content=\"en_US\" \/>\n<meta property=\"og:type\" content=\"article\" \/>\n<meta property=\"og:title\" content=\"Kerk\u00fck: Irak askerleri K\u00fcrtlerin evlerini bast\u0131, bir aile zorla \u00e7\u0131kar\u0131ld\u0131 - Darka Mazi\" \/>\n<meta property=\"og:description\" content=\"\u00a0Kerk\u00fck\u2019\u00fcn Newroz mahallesinde bu sabaha kar\u015f\u0131 K\u00fcrt ailelerin ya\u015fad\u0131\u011f\u0131 evlere bask\u0131n d\u00fczenleyen Irak ordusu, bir evi zorla tahliye ettirdi. Darp edilen ev sahibi, \u201cEvimden \u00e7\u0131kmayaca\u011f\u0131m\u0131 s\u00f6yleyince ailemin g\u00f6z\u00fc \u00f6n\u00fcnde beni d\u00f6vd\u00fcler ve d\u0131\u015far\u0131 f\u0131rlatt\u0131lar\u201d dedi. Kerk\u00fck\u2019\u00fcn Newroz mahallesinde m\u00fclkiyet tart\u0131\u015fmalar\u0131 nedeniyle s\u00fcregelen gerginlik, bu sabah \u015fiddete d\u00f6n\u00fc\u015ft\u00fc. Saat 03:00 sular\u0131nda mahalleye giren Irak ordusuna ba\u011fl\u0131 [&hellip;]\" \/>\n<meta property=\"og:url\" content=\"https:\/\/darkamazi.site\/archives\/1036499\" \/>\n<meta property=\"og:site_name\" content=\"Darka Mazi\" \/>\n<meta property=\"article:publisher\" content=\"https:\/\/www.facebook.com\/DarkaMaziturkce\" \/>\n<meta property=\"article:published_time\" content=\"2026-02-22T13:39:35+00:00\" \/>\n<meta property=\"og:image\" content=\"https:\/\/darkamazi.site\/file\/2026\/02\/1.jpg\" \/>\n\t<meta property=\"og:image:width\" content=\"1562\" \/>\n\t<meta property=\"og:image:height\" content=\"878\" \/>\n\t<meta property=\"og:image:type\" content=\"image\/jpeg\" \/>\n<meta name=\"author\" content=\"darka mazi\" \/>\n<meta name=\"twitter:card\" content=\"summary_large_image\" \/>\n<meta name=\"twitter:creator\" content=\"@DarkaMaziTurkce\" \/>\n<meta name=\"twitter:site\" content=\"@DarkaMaziTurkce\" \/>\n<meta name=\"twitter:label1\" content=\"Written by\" \/>\n\t<meta name=\"twitter:data1\" content=\"darka mazi\" \/>\n\t<meta name=\"twitter:label2\" content=\"Est. reading time\" \/>\n\t<meta name=\"twitter:data2\" content=\"1 minute\" \/>\n<script type=\"application\/ld+json\" class=\"seo-schema-graph\">{\"@context\":\"https:\\\/\\\/schema.org\",\"@graph\":[{\"@type\":\"NewsArticle\",\"@id\":\"https:\\\/\\\/darkamazi.site\\\/archives\\\/1036499#article\",\"isPartOf\":{\"@id\":\"https:\\\/\\\/darkamazi.site\\\/archives\\\/1036499\"},\"author\":{\"name\":\"darka mazi\",\"@id\":\"https:\\\/\\\/darkamazi.site\\\/#\\\/schema\\\/person\\\/67986a95ac546c16760365877ef4a9d3\"},\"headline\":\"Kerk\u00fck: Irak askerleri K\u00fcrtlerin evlerini bast\u0131, bir aile zorla \u00e7\u0131kar\u0131ld\u0131\",\"datePublished\":\"2026-02-22T13:39:35+00:00\",\"mainEntityOfPage\":{\"@id\":\"https:\\\/\\\/darkamazi.site\\\/archives\\\/1036499\"},\"wordCount\":228,\"publisher\":{\"@id\":\"https:\\\/\\\/darkamazi.site\\\/#organization\"},\"image\":{\"@id\":\"https:\\\/\\\/darkamazi.site\\\/archives\\\/1036499#primaryimage\"},\"thumbnailUrl\":\"https:\\\/\\\/darkamazi.site\\\/darka-content\\\/uploads\\\/2026\\\/02\\\/1.jpg\",\"keywords\":[\"\u00f6nemli\"],\"articleSection\":[\"Kurdistan\"],\"inLanguage\":\"en-US\"},{\"@type\":\"WebPage\",\"@id\":\"https:\\\/\\\/darkamazi.site\\\/archives\\\/1036499\",\"url\":\"https:\\\/\\\/darkamazi.site\\\/archives\\\/1036499\",\"name\":\"Kerk\u00fck: Irak askerleri K\u00fcrtlerin evlerini bast\u0131, bir aile zorla \u00e7\u0131kar\u0131ld\u0131 - Darka Mazi\",\"isPartOf\":{\"@id\":\"https:\\\/\\\/darkamazi.site\\\/#website\"},\"primaryImageOfPage\":{\"@id\":\"https:\\\/\\\/darkamazi.site\\\/archives\\\/1036499#primaryimage\"},\"image\":{\"@id\":\"https:\\\/\\\/darkamazi.site\\\/archives\\\/1036499#primaryimage\"},\"thumbnailUrl\":\"https:\\\/\\\/darkamazi.site\\\/darka-content\\\/uploads\\\/2026\\\/02\\\/1.jpg\",\"datePublished\":\"2026-02-22T13:39:35+00:00\",\"breadcrumb\":{\"@id\":\"https:\\\/\\\/darkamazi.site\\\/archives\\\/1036499#breadcrumb\"},\"inLanguage\":\"en-US\",\"potentialAction\":[{\"@type\":\"ReadAction\",\"target\":[\"https:\\\/\\\/darkamazi.site\\\/archives\\\/1036499\"]}]},{\"@type\":\"ImageObject\",\"inLanguage\":\"en-US\",\"@id\":\"https:\\\/\\\/darkamazi.site\\\/archives\\\/1036499#primaryimage\",\"url\":\"https:\\\/\\\/darkamazi.site\\\/darka-content\\\/uploads\\\/2026\\\/02\\\/1.jpg\",\"contentUrl\":\"https:\\\/\\\/darkamazi.site\\\/darka-content\\\/uploads\\\/2026\\\/02\\\/1.jpg\",\"width\":1562,\"height\":878,\"caption\":\"Kerk\u00fck: Irak askerleri K\u00fcrtlerin evlerini bast\u0131, bir aile zorla \u00e7\u0131kar\u0131ld\u0131\"},{\"@type\":\"BreadcrumbList\",\"@id\":\"https:\\\/\\\/darkamazi.site\\\/archives\\\/1036499#breadcrumb\",\"itemListElement\":[{\"@type\":\"ListItem\",\"position\":1,\"name\":\"Home\",\"item\":\"https:\\\/\\\/darkamazi.site\\\/\"},{\"@type\":\"ListItem\",\"position\":2,\"name\":\"Kerk\u00fck: Irak askerleri K\u00fcrtlerin evlerini bast\u0131, bir aile zorla \u00e7\u0131kar\u0131ld\u0131\"}]},{\"@type\":\"WebSite\",\"@id\":\"https:\\\/\\\/darkamazi.site\\\/#website\",\"url\":\"https:\\\/\\\/darkamazi.site\\\/\",\"name\":\"Darka Mazi\",\"description\":\"Ana Sayfa\",\"publisher\":{\"@id\":\"https:\\\/\\\/darkamazi.site\\\/#organization\"},\"potentialAction\":[{\"@type\":\"SearchAction\",\"target\":{\"@type\":\"EntryPoint\",\"urlTemplate\":\"https:\\\/\\\/darkamazi.site\\\/?s={search_term_string}\"},\"query-input\":{\"@type\":\"PropertyValueSpecification\",\"valueRequired\":true,\"valueName\":\"search_term_string\"}}],\"inLanguage\":\"en-US\"},{\"@type\":\"Organization\",\"@id\":\"https:\\\/\\\/darkamazi.site\\\/#organization\",\"name\":\"Darka Mazi T\u00fcrk\u00e7e\",\"alternateName\":\"Darka Mazi\",\"url\":\"https:\\\/\\\/darkamazi.site\\\/\",\"logo\":{\"@type\":\"ImageObject\",\"inLanguage\":\"en-US\",\"@id\":\"https:\\\/\\\/darkamazi.site\\\/#\\\/schema\\\/logo\\\/image\\\/\",\"url\":\"https:\\\/\\\/darkamazi.site\\\/darka-content\\\/uploads\\\/2017\\\/12\\\/darka-mazi-logo.png\",\"contentUrl\":\"https:\\\/\\\/darkamazi.site\\\/darka-content\\\/uploads\\\/2017\\\/12\\\/darka-mazi-logo.png\",\"width\":151,\"height\":75,\"caption\":\"Darka Mazi T\u00fcrk\u00e7e\"},\"image\":{\"@id\":\"https:\\\/\\\/darkamazi.site\\\/#\\\/schema\\\/logo\\\/image\\\/\"},\"sameAs\":[\"https:\\\/\\\/www.facebook.com\\\/DarkaMaziturkce\",\"https:\\\/\\\/x.com\\\/DarkaMaziTurkce\"]},{\"@type\":\"Person\",\"@id\":\"https:\\\/\\\/darkamazi.site\\\/#\\\/schema\\\/person\\\/67986a95ac546c16760365877ef4a9d3\",\"name\":\"darka mazi\",\"sameAs\":[\"https:\\\/\\\/darkamazi.site\"],\"url\":\"https:\\\/\\\/darkamazi.site\\\/archives\\\/author\\\/turkish\"}]}<\/script>\n<!-- \/ Yoast SEO plugin. -->","seo_head_json":{"title":"Kerk\u00fck: Irak askerleri K\u00fcrtlerin evlerini bast\u0131, bir aile zorla \u00e7\u0131kar\u0131ld\u0131 - Darka Mazi","robots":{"index":"index","follow":"follow","max-snippet":"max-snippet:-1","max-image-preview":"max-image-preview:large","max-video-preview":"max-video-preview:-1"},"canonical":"https:\/\/darkamazi.site\/archives\/1036499","og_locale":"en_US","og_type":"article","og_title":"Kerk\u00fck: Irak askerleri K\u00fcrtlerin evlerini bast\u0131, bir aile zorla \u00e7\u0131kar\u0131ld\u0131 - Darka Mazi","og_description":"\u00a0Kerk\u00fck\u2019\u00fcn Newroz mahallesinde bu sabaha kar\u015f\u0131 K\u00fcrt ailelerin ya\u015fad\u0131\u011f\u0131 evlere bask\u0131n d\u00fczenleyen Irak ordusu, bir evi zorla tahliye ettirdi. Darp edilen ev sahibi, \u201cEvimden \u00e7\u0131kmayaca\u011f\u0131m\u0131 s\u00f6yleyince ailemin g\u00f6z\u00fc \u00f6n\u00fcnde beni d\u00f6vd\u00fcler ve d\u0131\u015far\u0131 f\u0131rlatt\u0131lar\u201d dedi. Kerk\u00fck\u2019\u00fcn Newroz mahallesinde m\u00fclkiyet tart\u0131\u015fmalar\u0131 nedeniyle s\u00fcregelen gerginlik, bu sabah \u015fiddete d\u00f6n\u00fc\u015ft\u00fc. Saat 03:00 sular\u0131nda mahalleye giren Irak ordusuna ba\u011fl\u0131 [&hellip;]","og_url":"https:\/\/darkamazi.site\/archives\/1036499","og_site_name":"Darka Mazi","article_publisher":"https:\/\/www.facebook.com\/DarkaMaziturkce","article_published_time":"2026-02-22T13:39:35+00:00","og_image":[{"width":1562,"height":878,"url":"https:\/\/darkamazi.site\/file\/2026\/02\/1.jpg","type":"image\/jpeg"}],"author":"darka mazi","twitter_card":"summary_large_image","twitter_creator":"@DarkaMaziTurkce","twitter_site":"@DarkaMaziTurkce","twitter_misc":{"Written by":"darka mazi","Est. reading time":"1 minute"},"schema":{"@context":"https:\/\/schema.org","@graph":[{"@type":"NewsArticle","@id":"https:\/\/darkamazi.site\/archives\/1036499#article","isPartOf":{"@id":"https:\/\/darkamazi.site\/archives\/1036499"},"author":{"name":"darka mazi","@id":"https:\/\/darkamazi.site\/#\/schema\/person\/67986a95ac546c16760365877ef4a9d3"},"headline":"Kerk\u00fck: Irak askerleri K\u00fcrtlerin evlerini bast\u0131, bir aile zorla \u00e7\u0131kar\u0131ld\u0131","datePublished":"2026-02-22T13:39:35+00:00","mainEntityOfPage":{"@id":"https:\/\/darkamazi.site\/archives\/1036499"},"wordCount":228,"publisher":{"@id":"https:\/\/darkamazi.site\/#organization"},"image":{"@id":"https:\/\/darkamazi.site\/archives\/1036499#primaryimage"},"thumbnailUrl":"https:\/\/darkamazi.site\/file\/2026\/02\/1.jpg","keywords":["\u00f6nemli"],"articleSection":["Kurdistan"],"inLanguage":"en-US"},{"@type":"WebPage","@id":"https:\/\/darkamazi.site\/archives\/1036499","url":"https:\/\/darkamazi.site\/archives\/1036499","name":"Kerk\u00fck: Irak askerleri K\u00fcrtlerin evlerini bast\u0131, bir aile zorla \u00e7\u0131kar\u0131ld\u0131 - Darka Mazi","isPartOf":{"@id":"https:\/\/darkamazi.site\/#website"},"primaryImageOfPage":{"@id":"https:\/\/darkamazi.site\/archives\/1036499#primaryimage"},"image":{"@id":"https:\/\/darkamazi.site\/archives\/1036499#primaryimage"},"thumbnailUrl":"https:\/\/darkamazi.site\/file\/2026\/02\/1.jpg","datePublished":"2026-02-22T13:39:35+00:00","breadcrumb":{"@id":"https:\/\/darkamazi.site\/archives\/1036499#breadcrumb"},"inLanguage":"en-US","potentialAction":[{"@type":"ReadAction","target":["https:\/\/darkamazi.site\/archives\/1036499"]}]},{"@type":"ImageObject","inLanguage":"en-US","@id":"https:\/\/darkamazi.site\/archives\/1036499#primaryimage","url":"https:\/\/darkamazi.site\/file\/2026\/02\/1.jpg","contentUrl":"https:\/\/darkamazi.site\/file\/2026\/02\/1.jpg","width":1562,"height":878,"caption":"Kerk\u00fck: Irak askerleri K\u00fcrtlerin evlerini bast\u0131, bir aile zorla \u00e7\u0131kar\u0131ld\u0131"},{"@type":"BreadcrumbList","@id":"https:\/\/darkamazi.site\/archives\/1036499#breadcrumb","itemListElement":[{"@type":"ListItem","position":1,"name":"Home","item":"https:\/\/darkamazi.site\/"},{"@type":"ListItem","position":2,"name":"Kerk\u00fck: Irak askerleri K\u00fcrtlerin evlerini bast\u0131, bir aile zorla \u00e7\u0131kar\u0131ld\u0131"}]},{"@type":"WebSite","@id":"https:\/\/darkamazi.site\/#website","url":"https:\/\/darkamazi.site\/","name":"Darka Mazi","description":"Ana Sayfa","publisher":{"@id":"https:\/\/darkamazi.site\/#organization"},"potentialAction":[{"@type":"SearchAction","target":{"@type":"EntryPoint","urlTemplate":"https:\/\/darkamazi.site\/?s={search_term_string}"},"query-input":{"@type":"PropertyValueSpecification","valueRequired":true,"valueName":"search_term_string"}}],"inLanguage":"en-US"},{"@type":"Organization","@id":"https:\/\/darkamazi.site\/#organization","name":"Darka Mazi T\u00fcrk\u00e7e","alternateName":"Darka Mazi","url":"https:\/\/darkamazi.site\/","logo":{"@type":"ImageObject","inLanguage":"en-US","@id":"https:\/\/darkamazi.site\/#\/schema\/logo\/image\/","url":"https:\/\/darkamazi.site\/file\/2017\/12\/darka-mazi-logo.png","contentUrl":"https:\/\/darkamazi.site\/file\/2017\/12\/darka-mazi-logo.png","width":151,"height":75,"caption":"Darka Mazi T\u00fcrk\u00e7e"},"image":{"@id":"https:\/\/darkamazi.site\/#\/schema\/logo\/image\/"},"sameAs":["https:\/\/www.facebook.com\/DarkaMaziturkce","https:\/\/x.com\/DarkaMaziTurkce"]},{"@type":"Person","@id":"https:\/\/darkamazi.site\/#\/schema\/person\/67986a95ac546c16760365877ef4a9d3","name":"darka mazi","sameAs":["https:\/\/darkamazi.site"],"url":"https:\/\/darkamazi.site\/archives\/author\/turkish"}]}},"_links":{"self":[{"href":"https:\/\/darkamazi.site\/funavuv\/wp\/v2\/posts\/1036499","targetHints":{"allow":["GET"]}}],"collection":[{"href":"https:\/\/darkamazi.site\/funavuv\/wp\/v2\/posts"}],"about":[{"href":"https:\/\/darkamazi.site\/funavuv\/wp\/v2\/types\/post"}],"author":[{"embeddable":true,"href":"https:\/\/darkamazi.site\/funavuv\/wp\/v2\/users\/2"}],"replies":[{"embeddable":true,"href":"https:\/\/darkamazi.site\/funavuv\/wp\/v2\/comments?post=1036499"}],"version-history":[{"count":0,"href":"https:\/\/darkamazi.site\/funavuv\/wp\/v2\/posts\/1036499\/revisions"}],"wp:featuredmedia":[{"embeddable":true,"href":"https:\/\/darkamazi.site\/funavuv\/wp\/v2\/media\/1036500"}],"wp:attachment":[{"href":"https:\/\/darkamazi.site\/funavuv\/wp\/v2\/media?parent=1036499"}],"wp:term":[{"taxonomy":"category","embeddable":true,"href":"https:\/\/darkamazi.site\/funavuv\/wp\/v2\/categories?post=1036499"},{"taxonomy":"post_tag","embeddable":true,"href":"https:\/\/darkamazi.site\/funavuv\/wp\/v2\/tags?post=1036499"}],"curies":[{"name":"wp","href":"https:\/\/api.w.org\/{rel}","templated":true}]}}