{"id":1036502,"date":"2026-02-22T16:43:32","date_gmt":"2026-02-22T13:43:32","guid":{"rendered":"https:\/\/darkamazi.site\/?p=1036502"},"modified":"2026-02-22T16:44:25","modified_gmt":"2026-02-22T13:44:25","slug":"reber-ahmed-kurdistan-bolgesi-hicbir-komsu-ulke-icin-tehdit-kaynagi-olmayacak","status":"publish","type":"post","link":"https:\/\/darkamazi.site\/archives\/1036502","title":{"rendered":"Reber Ahmed: K\u00fcrdistan B\u00f6lgesi, hi\u00e7bir kom\u015fu \u00fclke i\u00e7in tehdit kayna\u011f\u0131 olmayacak"},"content":{"rendered":"<p style=\"text-align: justify\">\u0130\u00e7i\u015fleri Bakan\u0131 Reber Ahmed, K\u00fcrdistan B\u00f6lgesi&#8217;nin hi\u00e7bir kom\u015fu \u00fclke i\u00e7in tehdit kayna\u011f\u0131 olmayaca\u011f\u0131n\u0131 vurgulad\u0131.<\/p>\n<p style=\"text-align: justify\">K\u00fcrdistan B\u00f6lgesi \u0130\u00e7i\u015fleri Bakan\u0131, bug\u00fcn (22 \u015eubat 2026 Pazar) d\u00fczenledi\u011fi bas\u0131n toplant\u0131s\u0131nda b\u00f6lgedeki g\u00fcvenlik durumu ve ter\u00f6r tehdidi hakk\u0131nda a\u00e7\u0131klama yapt\u0131.<\/p>\n<p style=\"text-align: justify\">\u0130\u00e7i\u015fleri Bakan\u0131, K\u00fcrdistan B\u00f6lgesi&#8217;nin istikrarl\u0131 politikas\u0131n\u0131 vurgulayarak, &#8220;K\u00fcrdistan B\u00f6lgesi,\u00a0hi\u00e7bir kom\u015fu \u00fclke i\u00e7in tehdit kayna\u011f\u0131 olmayacakt\u0131r.&#8221; dedi.<\/p>\n<p style=\"text-align: justify\">Ahmed ayr\u0131ca K\u00fcrdistan B\u00f6lgesi&#8217;nin her zaman kom\u015fular\u0131yla dostane ve istikrarl\u0131 ili\u015fkiler istedi\u011fini s\u00f6zlerine ekledi.<\/p>\n<p style=\"text-align: justify\">Ter\u00f6r \u00f6rg\u00fct\u00fc DA\u0130\u015e&#8217;in yeniden ortaya \u00e7\u0131kma tehdidine ili\u015fkin olarak Bakan Ahmed,\u00a0DA\u0130\u015e&#8217;in hala g\u00fc\u00e7l\u00fc bir tehdit oldu\u011funu ve ter\u00f6r \u00f6rg\u00fct\u00fcn\u00fcn yeniden canlanmas\u0131, \u00f6zellikle Irak ve Suriye&#8217;de eylemlerinin artmas\u0131 konusunda uyar\u0131da bulundu.<\/p>\n<p style=\"text-align: justify\">\u0130\u00e7i\u015fleri Bakan\u0131, b\u00f6lgede istikrar\u0131n korunmas\u0131n\u0131n \u00f6nemine dikkat \u00e7ekerek, insanlar\u0131n g\u00fcvenlik ve bar\u0131\u015f i\u00e7inde ya\u015fayabilmesi i\u00e7in Irak ve K\u00fcrdistan B\u00f6lgesi&#8217;nin sava\u015f ve \u00e7at\u0131\u015fma tehlikelerinden uzak tutulmas\u0131 i\u00e7in t\u00fcm \u00e7abalar\u0131n g\u00f6sterilmesi gerekti\u011fini s\u00f6yledi.<\/p>\n","protected":false},"excerpt":{"rendered":"<p>\u0130\u00e7i\u015fleri Bakan\u0131 Reber Ahmed, K\u00fcrdistan B\u00f6lgesi&#8217;nin hi\u00e7bir kom\u015fu \u00fclke i\u00e7in tehdit kayna\u011f\u0131 olmayaca\u011f\u0131n\u0131 vurgulad\u0131. K\u00fcrdistan B\u00f6lgesi \u0130\u00e7i\u015fleri Bakan\u0131, bug\u00fcn (22 \u015eubat 2026 Pazar) d\u00fczenledi\u011fi bas\u0131n toplant\u0131s\u0131nda b\u00f6lgedeki g\u00fcvenlik durumu ve ter\u00f6r tehdidi hakk\u0131nda a\u00e7\u0131klama yapt\u0131. \u0130\u00e7i\u015fleri Bakan\u0131, K\u00fcrdistan B\u00f6lgesi&#8217;nin istikrarl\u0131 politikas\u0131n\u0131 vurgulayarak, &#8220;K\u00fcrdistan B\u00f6lgesi,\u00a0hi\u00e7bir kom\u015fu \u00fclke i\u00e7in tehdit kayna\u011f\u0131 olmayacakt\u0131r.&#8221; dedi. Ahmed ayr\u0131ca K\u00fcrdistan B\u00f6lgesi&#8217;nin [&hellip;]<\/p>\n","protected":false},"author":2,"featured_media":1036503,"comment_status":"closed","ping_status":"closed","sticky":false,"template":"","format":"standard","meta":{"footnotes":""},"categories":[3],"tags":[31],"class_list":["post-1036502","post","type-post","status-publish","format-standard","has-post-thumbnail","hentry","category-kurdistan","tag-onemli"],"blocksy_meta":[],"seo_head":"<!-- This site is optimized with the Yoast SEO plugin v27.5 - https:\/\/yoast.com\/product\/yoast-seo-wordpress\/ -->\n<title>Reber Ahmed: K\u00fcrdistan B\u00f6lgesi, hi\u00e7bir kom\u015fu \u00fclke i\u00e7in tehdit kayna\u011f\u0131 olmayacak - Darka Mazi<\/title>\n<meta name=\"robots\" content=\"index, follow, max-snippet:-1, max-image-preview:large, max-video-preview:-1\" \/>\n<link rel=\"canonical\" href=\"https:\/\/darkamazi.site\/archives\/1036502\" \/>\n<meta property=\"og:locale\" content=\"en_US\" \/>\n<meta property=\"og:type\" content=\"article\" \/>\n<meta property=\"og:title\" content=\"Reber Ahmed: K\u00fcrdistan B\u00f6lgesi, hi\u00e7bir kom\u015fu \u00fclke i\u00e7in tehdit kayna\u011f\u0131 olmayacak - Darka Mazi\" \/>\n<meta property=\"og:description\" content=\"\u0130\u00e7i\u015fleri Bakan\u0131 Reber Ahmed, K\u00fcrdistan B\u00f6lgesi&#8217;nin hi\u00e7bir kom\u015fu \u00fclke i\u00e7in tehdit kayna\u011f\u0131 olmayaca\u011f\u0131n\u0131 vurgulad\u0131. K\u00fcrdistan B\u00f6lgesi \u0130\u00e7i\u015fleri Bakan\u0131, bug\u00fcn (22 \u015eubat 2026 Pazar) d\u00fczenledi\u011fi bas\u0131n toplant\u0131s\u0131nda b\u00f6lgedeki g\u00fcvenlik durumu ve ter\u00f6r tehdidi hakk\u0131nda a\u00e7\u0131klama yapt\u0131. \u0130\u00e7i\u015fleri Bakan\u0131, K\u00fcrdistan B\u00f6lgesi&#8217;nin istikrarl\u0131 politikas\u0131n\u0131 vurgulayarak, &#8220;K\u00fcrdistan B\u00f6lgesi,\u00a0hi\u00e7bir kom\u015fu \u00fclke i\u00e7in tehdit kayna\u011f\u0131 olmayacakt\u0131r.&#8221; dedi. Ahmed ayr\u0131ca K\u00fcrdistan B\u00f6lgesi&#8217;nin [&hellip;]\" \/>\n<meta property=\"og:url\" content=\"https:\/\/darkamazi.site\/archives\/1036502\" \/>\n<meta property=\"og:site_name\" content=\"Darka Mazi\" \/>\n<meta property=\"article:publisher\" content=\"https:\/\/www.facebook.com\/DarkaMaziturkce\" \/>\n<meta property=\"article:published_time\" content=\"2026-02-22T13:43:32+00:00\" \/>\n<meta property=\"article:modified_time\" content=\"2026-02-22T13:44:25+00:00\" \/>\n<meta property=\"og:image\" content=\"https:\/\/darkamazi.site\/file\/2026\/02\/reber-ahmet.jpg\" \/>\n\t<meta property=\"og:image:width\" content=\"1562\" \/>\n\t<meta property=\"og:image:height\" content=\"878\" \/>\n\t<meta property=\"og:image:type\" content=\"image\/jpeg\" \/>\n<meta name=\"author\" content=\"darka mazi\" \/>\n<meta name=\"twitter:card\" content=\"summary_large_image\" \/>\n<meta name=\"twitter:creator\" content=\"@DarkaMaziTurkce\" \/>\n<meta name=\"twitter:site\" content=\"@DarkaMaziTurkce\" \/>\n<meta name=\"twitter:label1\" content=\"Written by\" \/>\n\t<meta name=\"twitter:data1\" content=\"darka mazi\" \/>\n\t<meta name=\"twitter:label2\" content=\"Est. reading time\" \/>\n\t<meta name=\"twitter:data2\" content=\"1 minute\" \/>\n<script type=\"application\/ld+json\" class=\"seo-schema-graph\">{\"@context\":\"https:\\\/\\\/schema.org\",\"@graph\":[{\"@type\":\"NewsArticle\",\"@id\":\"https:\\\/\\\/darkamazi.site\\\/archives\\\/1036502#article\",\"isPartOf\":{\"@id\":\"https:\\\/\\\/darkamazi.site\\\/archives\\\/1036502\"},\"author\":{\"name\":\"darka mazi\",\"@id\":\"https:\\\/\\\/darkamazi.site\\\/#\\\/schema\\\/person\\\/67986a95ac546c16760365877ef4a9d3\"},\"headline\":\"Reber Ahmed: K\u00fcrdistan B\u00f6lgesi, hi\u00e7bir kom\u015fu \u00fclke i\u00e7in tehdit kayna\u011f\u0131 olmayacak\",\"datePublished\":\"2026-02-22T13:43:32+00:00\",\"dateModified\":\"2026-02-22T13:44:25+00:00\",\"mainEntityOfPage\":{\"@id\":\"https:\\\/\\\/darkamazi.site\\\/archives\\\/1036502\"},\"wordCount\":217,\"publisher\":{\"@id\":\"https:\\\/\\\/darkamazi.site\\\/#organization\"},\"image\":{\"@id\":\"https:\\\/\\\/darkamazi.site\\\/archives\\\/1036502#primaryimage\"},\"thumbnailUrl\":\"https:\\\/\\\/darkamazi.site\\\/darka-content\\\/uploads\\\/2026\\\/02\\\/reber-ahmet.jpg\",\"keywords\":[\"\u00f6nemli\"],\"articleSection\":[\"Kurdistan\"],\"inLanguage\":\"en-US\"},{\"@type\":\"WebPage\",\"@id\":\"https:\\\/\\\/darkamazi.site\\\/archives\\\/1036502\",\"url\":\"https:\\\/\\\/darkamazi.site\\\/archives\\\/1036502\",\"name\":\"Reber Ahmed: K\u00fcrdistan B\u00f6lgesi, hi\u00e7bir kom\u015fu \u00fclke i\u00e7in tehdit kayna\u011f\u0131 olmayacak - Darka Mazi\",\"isPartOf\":{\"@id\":\"https:\\\/\\\/darkamazi.site\\\/#website\"},\"primaryImageOfPage\":{\"@id\":\"https:\\\/\\\/darkamazi.site\\\/archives\\\/1036502#primaryimage\"},\"image\":{\"@id\":\"https:\\\/\\\/darkamazi.site\\\/archives\\\/1036502#primaryimage\"},\"thumbnailUrl\":\"https:\\\/\\\/darkamazi.site\\\/darka-content\\\/uploads\\\/2026\\\/02\\\/reber-ahmet.jpg\",\"datePublished\":\"2026-02-22T13:43:32+00:00\",\"dateModified\":\"2026-02-22T13:44:25+00:00\",\"breadcrumb\":{\"@id\":\"https:\\\/\\\/darkamazi.site\\\/archives\\\/1036502#breadcrumb\"},\"inLanguage\":\"en-US\",\"potentialAction\":[{\"@type\":\"ReadAction\",\"target\":[\"https:\\\/\\\/darkamazi.site\\\/archives\\\/1036502\"]}]},{\"@type\":\"ImageObject\",\"inLanguage\":\"en-US\",\"@id\":\"https:\\\/\\\/darkamazi.site\\\/archives\\\/1036502#primaryimage\",\"url\":\"https:\\\/\\\/darkamazi.site\\\/darka-content\\\/uploads\\\/2026\\\/02\\\/reber-ahmet.jpg\",\"contentUrl\":\"https:\\\/\\\/darkamazi.site\\\/darka-content\\\/uploads\\\/2026\\\/02\\\/reber-ahmet.jpg\",\"width\":1562,\"height\":878,\"caption\":\"Reber Ahmed: K\u00fcrdistan B\u00f6lgesi, hi\u00e7bir kom\u015fu \u00fclke i\u00e7in tehdit kayna\u011f\u0131 olmayacak\"},{\"@type\":\"BreadcrumbList\",\"@id\":\"https:\\\/\\\/darkamazi.site\\\/archives\\\/1036502#breadcrumb\",\"itemListElement\":[{\"@type\":\"ListItem\",\"position\":1,\"name\":\"Home\",\"item\":\"https:\\\/\\\/darkamazi.site\\\/\"},{\"@type\":\"ListItem\",\"position\":2,\"name\":\"Reber Ahmed: K\u00fcrdistan B\u00f6lgesi, hi\u00e7bir kom\u015fu \u00fclke i\u00e7in tehdit kayna\u011f\u0131 olmayacak\"}]},{\"@type\":\"WebSite\",\"@id\":\"https:\\\/\\\/darkamazi.site\\\/#website\",\"url\":\"https:\\\/\\\/darkamazi.site\\\/\",\"name\":\"Darka Mazi\",\"description\":\"Ana Sayfa\",\"publisher\":{\"@id\":\"https:\\\/\\\/darkamazi.site\\\/#organization\"},\"potentialAction\":[{\"@type\":\"SearchAction\",\"target\":{\"@type\":\"EntryPoint\",\"urlTemplate\":\"https:\\\/\\\/darkamazi.site\\\/?s={search_term_string}\"},\"query-input\":{\"@type\":\"PropertyValueSpecification\",\"valueRequired\":true,\"valueName\":\"search_term_string\"}}],\"inLanguage\":\"en-US\"},{\"@type\":\"Organization\",\"@id\":\"https:\\\/\\\/darkamazi.site\\\/#organization\",\"name\":\"Darka Mazi T\u00fcrk\u00e7e\",\"alternateName\":\"Darka Mazi\",\"url\":\"https:\\\/\\\/darkamazi.site\\\/\",\"logo\":{\"@type\":\"ImageObject\",\"inLanguage\":\"en-US\",\"@id\":\"https:\\\/\\\/darkamazi.site\\\/#\\\/schema\\\/logo\\\/image\\\/\",\"url\":\"https:\\\/\\\/darkamazi.site\\\/darka-content\\\/uploads\\\/2017\\\/12\\\/darka-mazi-logo.png\",\"contentUrl\":\"https:\\\/\\\/darkamazi.site\\\/darka-content\\\/uploads\\\/2017\\\/12\\\/darka-mazi-logo.png\",\"width\":151,\"height\":75,\"caption\":\"Darka Mazi T\u00fcrk\u00e7e\"},\"image\":{\"@id\":\"https:\\\/\\\/darkamazi.site\\\/#\\\/schema\\\/logo\\\/image\\\/\"},\"sameAs\":[\"https:\\\/\\\/www.facebook.com\\\/DarkaMaziturkce\",\"https:\\\/\\\/x.com\\\/DarkaMaziTurkce\"]},{\"@type\":\"Person\",\"@id\":\"https:\\\/\\\/darkamazi.site\\\/#\\\/schema\\\/person\\\/67986a95ac546c16760365877ef4a9d3\",\"name\":\"darka mazi\",\"sameAs\":[\"https:\\\/\\\/darkamazi.site\"],\"url\":\"https:\\\/\\\/darkamazi.site\\\/archives\\\/author\\\/turkish\"}]}<\/script>\n<!-- \/ Yoast SEO plugin. -->","seo_head_json":{"title":"Reber Ahmed: K\u00fcrdistan B\u00f6lgesi, hi\u00e7bir kom\u015fu \u00fclke i\u00e7in tehdit kayna\u011f\u0131 olmayacak - Darka Mazi","robots":{"index":"index","follow":"follow","max-snippet":"max-snippet:-1","max-image-preview":"max-image-preview:large","max-video-preview":"max-video-preview:-1"},"canonical":"https:\/\/darkamazi.site\/archives\/1036502","og_locale":"en_US","og_type":"article","og_title":"Reber Ahmed: K\u00fcrdistan B\u00f6lgesi, hi\u00e7bir kom\u015fu \u00fclke i\u00e7in tehdit kayna\u011f\u0131 olmayacak - Darka Mazi","og_description":"\u0130\u00e7i\u015fleri Bakan\u0131 Reber Ahmed, K\u00fcrdistan B\u00f6lgesi&#8217;nin hi\u00e7bir kom\u015fu \u00fclke i\u00e7in tehdit kayna\u011f\u0131 olmayaca\u011f\u0131n\u0131 vurgulad\u0131. K\u00fcrdistan B\u00f6lgesi \u0130\u00e7i\u015fleri Bakan\u0131, bug\u00fcn (22 \u015eubat 2026 Pazar) d\u00fczenledi\u011fi bas\u0131n toplant\u0131s\u0131nda b\u00f6lgedeki g\u00fcvenlik durumu ve ter\u00f6r tehdidi hakk\u0131nda a\u00e7\u0131klama yapt\u0131. \u0130\u00e7i\u015fleri Bakan\u0131, K\u00fcrdistan B\u00f6lgesi&#8217;nin istikrarl\u0131 politikas\u0131n\u0131 vurgulayarak, &#8220;K\u00fcrdistan B\u00f6lgesi,\u00a0hi\u00e7bir kom\u015fu \u00fclke i\u00e7in tehdit kayna\u011f\u0131 olmayacakt\u0131r.&#8221; dedi. Ahmed ayr\u0131ca K\u00fcrdistan B\u00f6lgesi&#8217;nin [&hellip;]","og_url":"https:\/\/darkamazi.site\/archives\/1036502","og_site_name":"Darka Mazi","article_publisher":"https:\/\/www.facebook.com\/DarkaMaziturkce","article_published_time":"2026-02-22T13:43:32+00:00","article_modified_time":"2026-02-22T13:44:25+00:00","og_image":[{"width":1562,"height":878,"url":"https:\/\/darkamazi.site\/file\/2026\/02\/reber-ahmet.jpg","type":"image\/jpeg"}],"author":"darka mazi","twitter_card":"summary_large_image","twitter_creator":"@DarkaMaziTurkce","twitter_site":"@DarkaMaziTurkce","twitter_misc":{"Written by":"darka mazi","Est. reading time":"1 minute"},"schema":{"@context":"https:\/\/schema.org","@graph":[{"@type":"NewsArticle","@id":"https:\/\/darkamazi.site\/archives\/1036502#article","isPartOf":{"@id":"https:\/\/darkamazi.site\/archives\/1036502"},"author":{"name":"darka mazi","@id":"https:\/\/darkamazi.site\/#\/schema\/person\/67986a95ac546c16760365877ef4a9d3"},"headline":"Reber Ahmed: K\u00fcrdistan B\u00f6lgesi, hi\u00e7bir kom\u015fu \u00fclke i\u00e7in tehdit kayna\u011f\u0131 olmayacak","datePublished":"2026-02-22T13:43:32+00:00","dateModified":"2026-02-22T13:44:25+00:00","mainEntityOfPage":{"@id":"https:\/\/darkamazi.site\/archives\/1036502"},"wordCount":217,"publisher":{"@id":"https:\/\/darkamazi.site\/#organization"},"image":{"@id":"https:\/\/darkamazi.site\/archives\/1036502#primaryimage"},"thumbnailUrl":"https:\/\/darkamazi.site\/file\/2026\/02\/reber-ahmet.jpg","keywords":["\u00f6nemli"],"articleSection":["Kurdistan"],"inLanguage":"en-US"},{"@type":"WebPage","@id":"https:\/\/darkamazi.site\/archives\/1036502","url":"https:\/\/darkamazi.site\/archives\/1036502","name":"Reber Ahmed: K\u00fcrdistan B\u00f6lgesi, hi\u00e7bir kom\u015fu \u00fclke i\u00e7in tehdit kayna\u011f\u0131 olmayacak - Darka Mazi","isPartOf":{"@id":"https:\/\/darkamazi.site\/#website"},"primaryImageOfPage":{"@id":"https:\/\/darkamazi.site\/archives\/1036502#primaryimage"},"image":{"@id":"https:\/\/darkamazi.site\/archives\/1036502#primaryimage"},"thumbnailUrl":"https:\/\/darkamazi.site\/file\/2026\/02\/reber-ahmet.jpg","datePublished":"2026-02-22T13:43:32+00:00","dateModified":"2026-02-22T13:44:25+00:00","breadcrumb":{"@id":"https:\/\/darkamazi.site\/archives\/1036502#breadcrumb"},"inLanguage":"en-US","potentialAction":[{"@type":"ReadAction","target":["https:\/\/darkamazi.site\/archives\/1036502"]}]},{"@type":"ImageObject","inLanguage":"en-US","@id":"https:\/\/darkamazi.site\/archives\/1036502#primaryimage","url":"https:\/\/darkamazi.site\/file\/2026\/02\/reber-ahmet.jpg","contentUrl":"https:\/\/darkamazi.site\/file\/2026\/02\/reber-ahmet.jpg","width":1562,"height":878,"caption":"Reber Ahmed: K\u00fcrdistan B\u00f6lgesi, hi\u00e7bir kom\u015fu \u00fclke i\u00e7in tehdit kayna\u011f\u0131 olmayacak"},{"@type":"BreadcrumbList","@id":"https:\/\/darkamazi.site\/archives\/1036502#breadcrumb","itemListElement":[{"@type":"ListItem","position":1,"name":"Home","item":"https:\/\/darkamazi.site\/"},{"@type":"ListItem","position":2,"name":"Reber Ahmed: K\u00fcrdistan B\u00f6lgesi, hi\u00e7bir kom\u015fu \u00fclke i\u00e7in tehdit kayna\u011f\u0131 olmayacak"}]},{"@type":"WebSite","@id":"https:\/\/darkamazi.site\/#website","url":"https:\/\/darkamazi.site\/","name":"Darka Mazi","description":"Ana Sayfa","publisher":{"@id":"https:\/\/darkamazi.site\/#organization"},"potentialAction":[{"@type":"SearchAction","target":{"@type":"EntryPoint","urlTemplate":"https:\/\/darkamazi.site\/?s={search_term_string}"},"query-input":{"@type":"PropertyValueSpecification","valueRequired":true,"valueName":"search_term_string"}}],"inLanguage":"en-US"},{"@type":"Organization","@id":"https:\/\/darkamazi.site\/#organization","name":"Darka Mazi T\u00fcrk\u00e7e","alternateName":"Darka Mazi","url":"https:\/\/darkamazi.site\/","logo":{"@type":"ImageObject","inLanguage":"en-US","@id":"https:\/\/darkamazi.site\/#\/schema\/logo\/image\/","url":"https:\/\/darkamazi.site\/file\/2017\/12\/darka-mazi-logo.png","contentUrl":"https:\/\/darkamazi.site\/file\/2017\/12\/darka-mazi-logo.png","width":151,"height":75,"caption":"Darka Mazi T\u00fcrk\u00e7e"},"image":{"@id":"https:\/\/darkamazi.site\/#\/schema\/logo\/image\/"},"sameAs":["https:\/\/www.facebook.com\/DarkaMaziturkce","https:\/\/x.com\/DarkaMaziTurkce"]},{"@type":"Person","@id":"https:\/\/darkamazi.site\/#\/schema\/person\/67986a95ac546c16760365877ef4a9d3","name":"darka mazi","sameAs":["https:\/\/darkamazi.site"],"url":"https:\/\/darkamazi.site\/archives\/author\/turkish"}]}},"_links":{"self":[{"href":"https:\/\/darkamazi.site\/funavuv\/wp\/v2\/posts\/1036502","targetHints":{"allow":["GET"]}}],"collection":[{"href":"https:\/\/darkamazi.site\/funavuv\/wp\/v2\/posts"}],"about":[{"href":"https:\/\/darkamazi.site\/funavuv\/wp\/v2\/types\/post"}],"author":[{"embeddable":true,"href":"https:\/\/darkamazi.site\/funavuv\/wp\/v2\/users\/2"}],"replies":[{"embeddable":true,"href":"https:\/\/darkamazi.site\/funavuv\/wp\/v2\/comments?post=1036502"}],"version-history":[{"count":0,"href":"https:\/\/darkamazi.site\/funavuv\/wp\/v2\/posts\/1036502\/revisions"}],"wp:featuredmedia":[{"embeddable":true,"href":"https:\/\/darkamazi.site\/funavuv\/wp\/v2\/media\/1036503"}],"wp:attachment":[{"href":"https:\/\/darkamazi.site\/funavuv\/wp\/v2\/media?parent=1036502"}],"wp:term":[{"taxonomy":"category","embeddable":true,"href":"https:\/\/darkamazi.site\/funavuv\/wp\/v2\/categories?post=1036502"},{"taxonomy":"post_tag","embeddable":true,"href":"https:\/\/darkamazi.site\/funavuv\/wp\/v2\/tags?post=1036502"}],"curies":[{"name":"wp","href":"https:\/\/api.w.org\/{rel}","templated":true}]}}