{"id":1036506,"date":"2026-02-23T13:00:52","date_gmt":"2026-02-23T10:00:52","guid":{"rendered":"https:\/\/darkamazi.site\/?p=1036506"},"modified":"2026-02-23T13:00:52","modified_gmt":"2026-02-23T10:00:52","slug":"abd-hasekedeki-kasrak-ussundeki-guclerini-kurdistan-bolgesine-cekiyor","status":"publish","type":"post","link":"https:\/\/darkamazi.site\/archives\/1036506","title":{"rendered":"ABD,  Haseke&#8217;deki Kasrak \u00dcss\u00fc\u2019ndeki g\u00fc\u00e7lerini K\u00fcrdistan B\u00f6lgesi&#8217;ne \u00e7ekiyor"},"content":{"rendered":"<p style=\"text-align: justify\">ABD birlikleri, Haseke k\u0131rsal\u0131ndaki Kasrak Askeri \u00dcss\u00fc&#8217;n\u00fc bo\u015faltmaya ba\u015flad\u0131.<\/p>\n<p style=\"text-align: justify\">\u015eam ile Suriye Demokratik G\u00fc\u00e7leri (SDG) aras\u0131ndaki anla\u015fma y\u00fcr\u00fcrl\u00fc\u011fe girdi. Anla\u015fmaya g\u00f6re baz\u0131 b\u00f6lgeler Suriye H\u00fck\u00fcmeti ve yerel g\u00fc\u00e7ler taraf\u0131ndan y\u00f6netilecekken, di\u011fer baz\u0131 b\u00f6lgelerde SDG konu\u015fland\u0131r\u0131lacak.<\/p>\n<p style=\"text-align: justify\">Bu geli\u015fmelerle birlikte, \u00dcs i\u00e7erisindeki askeri ekipmanlar\u0131 ta\u015f\u0131yan onlarca lojistik t\u0131r, konvoylar halinde K\u00fcrdistan B\u00f6lgesi s\u0131n\u0131r\u0131na hareket etti.<\/p>\n<p style=\"text-align: justify\">Kurdistan24 muhabirinin aktard\u0131\u011f\u0131na g\u00f6re ABD birliklerinin \u00fcsten \u00e7ekilme s\u00fcreci birka\u00e7 g\u00fcn s\u00fcrecek.<\/p>\n<p style=\"text-align: justify\">ABD, son 1 ayda Suriye\u2019deki \u015eeddadi ve Tenef b\u00f6lgelerindeki askeri \u00fcslerinden \u00e7ekilmi\u015fti.<\/p>\n<p style=\"text-align: justify\">ABD, 2015&#8217;ten itibaren ter\u00f6r \u00f6rg\u00fct\u00fc DA\u0130\u015e&#8217;e kar\u015f\u0131 y\u00fcr\u00fct\u00fclen operasyonlar kapsam\u0131nda Suriye&#8217;de askeri varl\u0131\u011f\u0131n\u0131 s\u00fcrd\u00fcrmektedir.<\/p>\n","protected":false},"excerpt":{"rendered":"<p>ABD birlikleri, Haseke k\u0131rsal\u0131ndaki Kasrak Askeri \u00dcss\u00fc&#8217;n\u00fc bo\u015faltmaya ba\u015flad\u0131. \u015eam ile Suriye Demokratik G\u00fc\u00e7leri (SDG) aras\u0131ndaki anla\u015fma y\u00fcr\u00fcrl\u00fc\u011fe girdi. Anla\u015fmaya g\u00f6re baz\u0131 b\u00f6lgeler Suriye H\u00fck\u00fcmeti ve yerel g\u00fc\u00e7ler taraf\u0131ndan y\u00f6netilecekken, di\u011fer baz\u0131 b\u00f6lgelerde SDG konu\u015fland\u0131r\u0131lacak. Bu geli\u015fmelerle birlikte, \u00dcs i\u00e7erisindeki askeri ekipmanlar\u0131 ta\u015f\u0131yan onlarca lojistik t\u0131r, konvoylar halinde K\u00fcrdistan B\u00f6lgesi s\u0131n\u0131r\u0131na hareket etti. Kurdistan24 muhabirinin [&hellip;]<\/p>\n","protected":false},"author":2,"featured_media":1036507,"comment_status":"closed","ping_status":"closed","sticky":false,"template":"","format":"standard","meta":{"footnotes":""},"categories":[3],"tags":[31],"class_list":["post-1036506","post","type-post","status-publish","format-standard","has-post-thumbnail","hentry","category-kurdistan","tag-onemli"],"blocksy_meta":[],"seo_head":"<!-- This site is optimized with the Yoast SEO plugin v27.5 - https:\/\/yoast.com\/product\/yoast-seo-wordpress\/ -->\n<title>ABD, Haseke&#039;deki Kasrak \u00dcss\u00fc\u2019ndeki g\u00fc\u00e7lerini K\u00fcrdistan B\u00f6lgesi&#039;ne \u00e7ekiyor - Darka Mazi<\/title>\n<meta name=\"robots\" content=\"index, follow, max-snippet:-1, max-image-preview:large, max-video-preview:-1\" \/>\n<link rel=\"canonical\" href=\"https:\/\/darkamazi.site\/archives\/1036506\" \/>\n<meta property=\"og:locale\" content=\"en_US\" \/>\n<meta property=\"og:type\" content=\"article\" \/>\n<meta property=\"og:title\" content=\"ABD, Haseke&#039;deki Kasrak \u00dcss\u00fc\u2019ndeki g\u00fc\u00e7lerini K\u00fcrdistan B\u00f6lgesi&#039;ne \u00e7ekiyor - Darka Mazi\" \/>\n<meta property=\"og:description\" content=\"ABD birlikleri, Haseke k\u0131rsal\u0131ndaki Kasrak Askeri \u00dcss\u00fc&#8217;n\u00fc bo\u015faltmaya ba\u015flad\u0131. \u015eam ile Suriye Demokratik G\u00fc\u00e7leri (SDG) aras\u0131ndaki anla\u015fma y\u00fcr\u00fcrl\u00fc\u011fe girdi. Anla\u015fmaya g\u00f6re baz\u0131 b\u00f6lgeler Suriye H\u00fck\u00fcmeti ve yerel g\u00fc\u00e7ler taraf\u0131ndan y\u00f6netilecekken, di\u011fer baz\u0131 b\u00f6lgelerde SDG konu\u015fland\u0131r\u0131lacak. Bu geli\u015fmelerle birlikte, \u00dcs i\u00e7erisindeki askeri ekipmanlar\u0131 ta\u015f\u0131yan onlarca lojistik t\u0131r, konvoylar halinde K\u00fcrdistan B\u00f6lgesi s\u0131n\u0131r\u0131na hareket etti. Kurdistan24 muhabirinin [&hellip;]\" \/>\n<meta property=\"og:url\" content=\"https:\/\/darkamazi.site\/archives\/1036506\" \/>\n<meta property=\"og:site_name\" content=\"Darka Mazi\" \/>\n<meta property=\"article:publisher\" content=\"https:\/\/www.facebook.com\/DarkaMaziturkce\" \/>\n<meta property=\"article:published_time\" content=\"2026-02-23T10:00:52+00:00\" \/>\n<meta property=\"og:image\" content=\"https:\/\/darkamazi.site\/file\/2026\/02\/Haseki-Kasrak.jpg\" \/>\n\t<meta property=\"og:image:width\" content=\"1562\" \/>\n\t<meta property=\"og:image:height\" content=\"878\" \/>\n\t<meta property=\"og:image:type\" content=\"image\/jpeg\" \/>\n<meta name=\"author\" content=\"darka mazi\" \/>\n<meta name=\"twitter:card\" content=\"summary_large_image\" \/>\n<meta name=\"twitter:creator\" content=\"@DarkaMaziTurkce\" \/>\n<meta name=\"twitter:site\" content=\"@DarkaMaziTurkce\" \/>\n<meta name=\"twitter:label1\" content=\"Written by\" \/>\n\t<meta name=\"twitter:data1\" content=\"darka mazi\" \/>\n\t<meta name=\"twitter:label2\" content=\"Est. reading time\" \/>\n\t<meta name=\"twitter:data2\" content=\"1 minute\" \/>\n<script type=\"application\/ld+json\" class=\"seo-schema-graph\">{\"@context\":\"https:\\\/\\\/schema.org\",\"@graph\":[{\"@type\":\"NewsArticle\",\"@id\":\"https:\\\/\\\/darkamazi.site\\\/archives\\\/1036506#article\",\"isPartOf\":{\"@id\":\"https:\\\/\\\/darkamazi.site\\\/archives\\\/1036506\"},\"author\":{\"name\":\"darka mazi\",\"@id\":\"https:\\\/\\\/darkamazi.site\\\/#\\\/schema\\\/person\\\/67986a95ac546c16760365877ef4a9d3\"},\"headline\":\"ABD, Haseke&#8217;deki Kasrak \u00dcss\u00fc\u2019ndeki g\u00fc\u00e7lerini K\u00fcrdistan B\u00f6lgesi&#8217;ne \u00e7ekiyor\",\"datePublished\":\"2026-02-23T10:00:52+00:00\",\"mainEntityOfPage\":{\"@id\":\"https:\\\/\\\/darkamazi.site\\\/archives\\\/1036506\"},\"wordCount\":156,\"publisher\":{\"@id\":\"https:\\\/\\\/darkamazi.site\\\/#organization\"},\"image\":{\"@id\":\"https:\\\/\\\/darkamazi.site\\\/archives\\\/1036506#primaryimage\"},\"thumbnailUrl\":\"https:\\\/\\\/darkamazi.site\\\/darka-content\\\/uploads\\\/2026\\\/02\\\/Haseki-Kasrak.jpg\",\"keywords\":[\"\u00f6nemli\"],\"articleSection\":[\"Kurdistan\"],\"inLanguage\":\"en-US\"},{\"@type\":\"WebPage\",\"@id\":\"https:\\\/\\\/darkamazi.site\\\/archives\\\/1036506\",\"url\":\"https:\\\/\\\/darkamazi.site\\\/archives\\\/1036506\",\"name\":\"ABD, Haseke'deki Kasrak \u00dcss\u00fc\u2019ndeki g\u00fc\u00e7lerini K\u00fcrdistan B\u00f6lgesi'ne \u00e7ekiyor - Darka Mazi\",\"isPartOf\":{\"@id\":\"https:\\\/\\\/darkamazi.site\\\/#website\"},\"primaryImageOfPage\":{\"@id\":\"https:\\\/\\\/darkamazi.site\\\/archives\\\/1036506#primaryimage\"},\"image\":{\"@id\":\"https:\\\/\\\/darkamazi.site\\\/archives\\\/1036506#primaryimage\"},\"thumbnailUrl\":\"https:\\\/\\\/darkamazi.site\\\/darka-content\\\/uploads\\\/2026\\\/02\\\/Haseki-Kasrak.jpg\",\"datePublished\":\"2026-02-23T10:00:52+00:00\",\"breadcrumb\":{\"@id\":\"https:\\\/\\\/darkamazi.site\\\/archives\\\/1036506#breadcrumb\"},\"inLanguage\":\"en-US\",\"potentialAction\":[{\"@type\":\"ReadAction\",\"target\":[\"https:\\\/\\\/darkamazi.site\\\/archives\\\/1036506\"]}]},{\"@type\":\"ImageObject\",\"inLanguage\":\"en-US\",\"@id\":\"https:\\\/\\\/darkamazi.site\\\/archives\\\/1036506#primaryimage\",\"url\":\"https:\\\/\\\/darkamazi.site\\\/darka-content\\\/uploads\\\/2026\\\/02\\\/Haseki-Kasrak.jpg\",\"contentUrl\":\"https:\\\/\\\/darkamazi.site\\\/darka-content\\\/uploads\\\/2026\\\/02\\\/Haseki-Kasrak.jpg\",\"width\":1562,\"height\":878,\"caption\":\"ABD, Haseke'deki Kasrak \u00dcss\u00fc\u2019ndeki g\u00fc\u00e7lerini K\u00fcrdistan B\u00f6lgesi'ne \u00e7ekiyor\"},{\"@type\":\"BreadcrumbList\",\"@id\":\"https:\\\/\\\/darkamazi.site\\\/archives\\\/1036506#breadcrumb\",\"itemListElement\":[{\"@type\":\"ListItem\",\"position\":1,\"name\":\"Home\",\"item\":\"https:\\\/\\\/darkamazi.site\\\/\"},{\"@type\":\"ListItem\",\"position\":2,\"name\":\"ABD, Haseke&#8217;deki Kasrak \u00dcss\u00fc\u2019ndeki g\u00fc\u00e7lerini K\u00fcrdistan B\u00f6lgesi&#8217;ne \u00e7ekiyor\"}]},{\"@type\":\"WebSite\",\"@id\":\"https:\\\/\\\/darkamazi.site\\\/#website\",\"url\":\"https:\\\/\\\/darkamazi.site\\\/\",\"name\":\"Darka Mazi\",\"description\":\"Ana Sayfa\",\"publisher\":{\"@id\":\"https:\\\/\\\/darkamazi.site\\\/#organization\"},\"potentialAction\":[{\"@type\":\"SearchAction\",\"target\":{\"@type\":\"EntryPoint\",\"urlTemplate\":\"https:\\\/\\\/darkamazi.site\\\/?s={search_term_string}\"},\"query-input\":{\"@type\":\"PropertyValueSpecification\",\"valueRequired\":true,\"valueName\":\"search_term_string\"}}],\"inLanguage\":\"en-US\"},{\"@type\":\"Organization\",\"@id\":\"https:\\\/\\\/darkamazi.site\\\/#organization\",\"name\":\"Darka Mazi T\u00fcrk\u00e7e\",\"alternateName\":\"Darka Mazi\",\"url\":\"https:\\\/\\\/darkamazi.site\\\/\",\"logo\":{\"@type\":\"ImageObject\",\"inLanguage\":\"en-US\",\"@id\":\"https:\\\/\\\/darkamazi.site\\\/#\\\/schema\\\/logo\\\/image\\\/\",\"url\":\"https:\\\/\\\/darkamazi.site\\\/darka-content\\\/uploads\\\/2017\\\/12\\\/darka-mazi-logo.png\",\"contentUrl\":\"https:\\\/\\\/darkamazi.site\\\/darka-content\\\/uploads\\\/2017\\\/12\\\/darka-mazi-logo.png\",\"width\":151,\"height\":75,\"caption\":\"Darka Mazi T\u00fcrk\u00e7e\"},\"image\":{\"@id\":\"https:\\\/\\\/darkamazi.site\\\/#\\\/schema\\\/logo\\\/image\\\/\"},\"sameAs\":[\"https:\\\/\\\/www.facebook.com\\\/DarkaMaziturkce\",\"https:\\\/\\\/x.com\\\/DarkaMaziTurkce\"]},{\"@type\":\"Person\",\"@id\":\"https:\\\/\\\/darkamazi.site\\\/#\\\/schema\\\/person\\\/67986a95ac546c16760365877ef4a9d3\",\"name\":\"darka mazi\",\"sameAs\":[\"https:\\\/\\\/darkamazi.site\"],\"url\":\"https:\\\/\\\/darkamazi.site\\\/archives\\\/author\\\/turkish\"}]}<\/script>\n<!-- \/ Yoast SEO plugin. -->","seo_head_json":{"title":"ABD, Haseke'deki Kasrak \u00dcss\u00fc\u2019ndeki g\u00fc\u00e7lerini K\u00fcrdistan B\u00f6lgesi'ne \u00e7ekiyor - Darka Mazi","robots":{"index":"index","follow":"follow","max-snippet":"max-snippet:-1","max-image-preview":"max-image-preview:large","max-video-preview":"max-video-preview:-1"},"canonical":"https:\/\/darkamazi.site\/archives\/1036506","og_locale":"en_US","og_type":"article","og_title":"ABD, Haseke'deki Kasrak \u00dcss\u00fc\u2019ndeki g\u00fc\u00e7lerini K\u00fcrdistan B\u00f6lgesi'ne \u00e7ekiyor - Darka Mazi","og_description":"ABD birlikleri, Haseke k\u0131rsal\u0131ndaki Kasrak Askeri \u00dcss\u00fc&#8217;n\u00fc bo\u015faltmaya ba\u015flad\u0131. \u015eam ile Suriye Demokratik G\u00fc\u00e7leri (SDG) aras\u0131ndaki anla\u015fma y\u00fcr\u00fcrl\u00fc\u011fe girdi. Anla\u015fmaya g\u00f6re baz\u0131 b\u00f6lgeler Suriye H\u00fck\u00fcmeti ve yerel g\u00fc\u00e7ler taraf\u0131ndan y\u00f6netilecekken, di\u011fer baz\u0131 b\u00f6lgelerde SDG konu\u015fland\u0131r\u0131lacak. Bu geli\u015fmelerle birlikte, \u00dcs i\u00e7erisindeki askeri ekipmanlar\u0131 ta\u015f\u0131yan onlarca lojistik t\u0131r, konvoylar halinde K\u00fcrdistan B\u00f6lgesi s\u0131n\u0131r\u0131na hareket etti. Kurdistan24 muhabirinin [&hellip;]","og_url":"https:\/\/darkamazi.site\/archives\/1036506","og_site_name":"Darka Mazi","article_publisher":"https:\/\/www.facebook.com\/DarkaMaziturkce","article_published_time":"2026-02-23T10:00:52+00:00","og_image":[{"width":1562,"height":878,"url":"https:\/\/darkamazi.site\/file\/2026\/02\/Haseki-Kasrak.jpg","type":"image\/jpeg"}],"author":"darka mazi","twitter_card":"summary_large_image","twitter_creator":"@DarkaMaziTurkce","twitter_site":"@DarkaMaziTurkce","twitter_misc":{"Written by":"darka mazi","Est. reading time":"1 minute"},"schema":{"@context":"https:\/\/schema.org","@graph":[{"@type":"NewsArticle","@id":"https:\/\/darkamazi.site\/archives\/1036506#article","isPartOf":{"@id":"https:\/\/darkamazi.site\/archives\/1036506"},"author":{"name":"darka mazi","@id":"https:\/\/darkamazi.site\/#\/schema\/person\/67986a95ac546c16760365877ef4a9d3"},"headline":"ABD, Haseke&#8217;deki Kasrak \u00dcss\u00fc\u2019ndeki g\u00fc\u00e7lerini K\u00fcrdistan B\u00f6lgesi&#8217;ne \u00e7ekiyor","datePublished":"2026-02-23T10:00:52+00:00","mainEntityOfPage":{"@id":"https:\/\/darkamazi.site\/archives\/1036506"},"wordCount":156,"publisher":{"@id":"https:\/\/darkamazi.site\/#organization"},"image":{"@id":"https:\/\/darkamazi.site\/archives\/1036506#primaryimage"},"thumbnailUrl":"https:\/\/darkamazi.site\/file\/2026\/02\/Haseki-Kasrak.jpg","keywords":["\u00f6nemli"],"articleSection":["Kurdistan"],"inLanguage":"en-US"},{"@type":"WebPage","@id":"https:\/\/darkamazi.site\/archives\/1036506","url":"https:\/\/darkamazi.site\/archives\/1036506","name":"ABD, Haseke'deki Kasrak \u00dcss\u00fc\u2019ndeki g\u00fc\u00e7lerini K\u00fcrdistan B\u00f6lgesi'ne \u00e7ekiyor - Darka Mazi","isPartOf":{"@id":"https:\/\/darkamazi.site\/#website"},"primaryImageOfPage":{"@id":"https:\/\/darkamazi.site\/archives\/1036506#primaryimage"},"image":{"@id":"https:\/\/darkamazi.site\/archives\/1036506#primaryimage"},"thumbnailUrl":"https:\/\/darkamazi.site\/file\/2026\/02\/Haseki-Kasrak.jpg","datePublished":"2026-02-23T10:00:52+00:00","breadcrumb":{"@id":"https:\/\/darkamazi.site\/archives\/1036506#breadcrumb"},"inLanguage":"en-US","potentialAction":[{"@type":"ReadAction","target":["https:\/\/darkamazi.site\/archives\/1036506"]}]},{"@type":"ImageObject","inLanguage":"en-US","@id":"https:\/\/darkamazi.site\/archives\/1036506#primaryimage","url":"https:\/\/darkamazi.site\/file\/2026\/02\/Haseki-Kasrak.jpg","contentUrl":"https:\/\/darkamazi.site\/file\/2026\/02\/Haseki-Kasrak.jpg","width":1562,"height":878,"caption":"ABD, Haseke'deki Kasrak \u00dcss\u00fc\u2019ndeki g\u00fc\u00e7lerini K\u00fcrdistan B\u00f6lgesi'ne \u00e7ekiyor"},{"@type":"BreadcrumbList","@id":"https:\/\/darkamazi.site\/archives\/1036506#breadcrumb","itemListElement":[{"@type":"ListItem","position":1,"name":"Home","item":"https:\/\/darkamazi.site\/"},{"@type":"ListItem","position":2,"name":"ABD, Haseke&#8217;deki Kasrak \u00dcss\u00fc\u2019ndeki g\u00fc\u00e7lerini K\u00fcrdistan B\u00f6lgesi&#8217;ne \u00e7ekiyor"}]},{"@type":"WebSite","@id":"https:\/\/darkamazi.site\/#website","url":"https:\/\/darkamazi.site\/","name":"Darka Mazi","description":"Ana Sayfa","publisher":{"@id":"https:\/\/darkamazi.site\/#organization"},"potentialAction":[{"@type":"SearchAction","target":{"@type":"EntryPoint","urlTemplate":"https:\/\/darkamazi.site\/?s={search_term_string}"},"query-input":{"@type":"PropertyValueSpecification","valueRequired":true,"valueName":"search_term_string"}}],"inLanguage":"en-US"},{"@type":"Organization","@id":"https:\/\/darkamazi.site\/#organization","name":"Darka Mazi T\u00fcrk\u00e7e","alternateName":"Darka Mazi","url":"https:\/\/darkamazi.site\/","logo":{"@type":"ImageObject","inLanguage":"en-US","@id":"https:\/\/darkamazi.site\/#\/schema\/logo\/image\/","url":"https:\/\/darkamazi.site\/file\/2017\/12\/darka-mazi-logo.png","contentUrl":"https:\/\/darkamazi.site\/file\/2017\/12\/darka-mazi-logo.png","width":151,"height":75,"caption":"Darka Mazi T\u00fcrk\u00e7e"},"image":{"@id":"https:\/\/darkamazi.site\/#\/schema\/logo\/image\/"},"sameAs":["https:\/\/www.facebook.com\/DarkaMaziturkce","https:\/\/x.com\/DarkaMaziTurkce"]},{"@type":"Person","@id":"https:\/\/darkamazi.site\/#\/schema\/person\/67986a95ac546c16760365877ef4a9d3","name":"darka mazi","sameAs":["https:\/\/darkamazi.site"],"url":"https:\/\/darkamazi.site\/archives\/author\/turkish"}]}},"_links":{"self":[{"href":"https:\/\/darkamazi.site\/funavuv\/wp\/v2\/posts\/1036506","targetHints":{"allow":["GET"]}}],"collection":[{"href":"https:\/\/darkamazi.site\/funavuv\/wp\/v2\/posts"}],"about":[{"href":"https:\/\/darkamazi.site\/funavuv\/wp\/v2\/types\/post"}],"author":[{"embeddable":true,"href":"https:\/\/darkamazi.site\/funavuv\/wp\/v2\/users\/2"}],"replies":[{"embeddable":true,"href":"https:\/\/darkamazi.site\/funavuv\/wp\/v2\/comments?post=1036506"}],"version-history":[{"count":0,"href":"https:\/\/darkamazi.site\/funavuv\/wp\/v2\/posts\/1036506\/revisions"}],"wp:featuredmedia":[{"embeddable":true,"href":"https:\/\/darkamazi.site\/funavuv\/wp\/v2\/media\/1036507"}],"wp:attachment":[{"href":"https:\/\/darkamazi.site\/funavuv\/wp\/v2\/media?parent=1036506"}],"wp:term":[{"taxonomy":"category","embeddable":true,"href":"https:\/\/darkamazi.site\/funavuv\/wp\/v2\/categories?post=1036506"},{"taxonomy":"post_tag","embeddable":true,"href":"https:\/\/darkamazi.site\/funavuv\/wp\/v2\/tags?post=1036506"}],"curies":[{"name":"wp","href":"https:\/\/api.w.org\/{rel}","templated":true}]}}