{"id":1036509,"date":"2026-02-23T14:28:20","date_gmt":"2026-02-23T11:28:20","guid":{"rendered":"https:\/\/darkamazi.site\/?p=1036509"},"modified":"2026-02-23T14:28:20","modified_gmt":"2026-02-23T11:28:20","slug":"kurdistan-bolgesi-hukumetinden-kurt-dili-icin-7-buyuk-stratejik-proje","status":"publish","type":"post","link":"https:\/\/darkamazi.site\/archives\/1036509","title":{"rendered":"K\u00fcrdistan B\u00f6lgesi h\u00fck\u00fcmetinden K\u00fcrt dili i\u00e7in 7 b\u00fcy\u00fck stratejik proje"},"content":{"rendered":"<p style=\"text-align: justify\">K\u00fcrdistan B\u00f6lgesi H\u00fck\u00fcmeti, K\u00fcrt dilini dijitalle\u015ftirmek ve k\u00fcreselle\u015ftirmek i\u00e7in yedi b\u00fcy\u00fck stratejik projeyi duyurdu.<\/p>\n<p style=\"text-align: justify\">H\u00fck\u00fcmet, Erbil&#8217;deki Saad Abdullah Konferans Salonu&#8217;nda d\u00fczenlenen bir t\u00f6rende K\u00fcrt dilinin geli\u015ftirilmesi, standartla\u015ft\u0131r\u0131lmas\u0131 ve k\u00fcreselle\u015ftirilmesi i\u00e7in bir dizi proje a\u00e7\u0131klad\u0131.<\/p>\n<p style=\"text-align: justify\">K\u00fcrdistan B\u00f6lgesi Medya ve Enformasyon Ofisinden yap\u0131lan a\u00e7\u0131klamaya g\u00f6re projeler, dokuzuncu h\u00fck\u00fcmet kabinesinin ana dili koruma ve zenginle\u015ftirme vizyonunun bir par\u00e7as\u0131 olup, t\u00fcm \u00f6nemli sekt\u00f6rleri (e\u011fitim, teknoloji ve uluslararas\u0131 ili\u015fkiler) kapsamaktad\u0131r.<\/p>\n<p style=\"text-align: justify\">Tan\u0131t\u0131lan projeler \u015fu \u015fekilde:<\/p>\n<p style=\"text-align: justify\">1- Yabanc\u0131lara K\u00fcrt\u00e7e \u00d6\u011fretimi: 13 farkl\u0131 dilde (7 Avrupa dili, 3 Orta Do\u011fu dili ve ilk kez \u00c7ince, Japonca ve Korece) konu\u015fanlar i\u00e7in haz\u0131rlanan &#8220;K\u00fcrt\u00e7eyi Kolayca \u00d6\u011frenin&#8221; adl\u0131 kitap serisi tan\u0131t\u0131ld\u0131.<\/p>\n<p style=\"text-align: justify\">2- Teknik \u00c7\u00f6z\u00fcm (K\u00fcrt\u00e7e Edit\u00f6r): Yaz\u0131m hatalar\u0131n\u0131 d\u00fczeltmede ve yaz\u0131m standartlar\u0131n\u0131 birle\u015ftirmede etkili rol oynayan Microsoft Word ve Excel programlar\u0131 i\u00e7in ilk K\u00fcrt\u00e7e yaz\u0131m eki duyuruldu.<\/p>\n<p style=\"text-align: justify\">3- B\u00fcy\u00fck Veri ve Yapay Zeka: 300 binden fazla kelime i\u00e7eren bir &#8220;K\u00fcrt\u00e7e Kelime Kay\u0131t Sistemi&#8221; olu\u015fturuldu. Bu sistem, morfoloji ve semantik temelli olup, K\u00fcrt dilinin yapay zekada kullan\u0131m\u0131na y\u00f6nelik bir altyap\u0131 olarak de\u011ferlendirilmektedir.<\/p>\n<p style=\"text-align: justify\">4- (K-IELTS) Sistemi: Yabanc\u0131lar\u0131n ve resmi sertifika ba\u015fvuru sahiplerinin yeterlilik seviyesini \u00f6l\u00e7mek i\u00e7in IELTS ve TOEFL gibi uluslararas\u0131 s\u0131navlara benzer K\u00fcrt\u00e7e dil test sistemi tan\u0131t\u0131ld\u0131.<\/p>\n<p style=\"text-align: justify\">5- \u00c7ocuklar i\u00e7in K\u00fcrt Alfabesi: \u0130lkokul \u00e7ocuklar\u0131na K\u00fcrt harflerini ve seslerini uygulamalar ve animasyonlar yard\u0131m\u0131yla \u00f6\u011freten yeni bir e\u011fitim projesi.<\/p>\n<p style=\"text-align: justify\">6- \u00c7ocuk Hikayeleri Serisi: Farkl\u0131 ya\u015f gruplar\u0131 i\u00e7in son derece sanatsal bir \u015fekilde haz\u0131rlanm\u0131\u015f yaz\u0131l\u0131 ve sesli hikayelerden olu\u015fan bir koleksiyon.<\/p>\n<p style=\"text-align: justify\">7- \u00c7ok Renkli S\u00f6zl\u00fck: 31 farkl\u0131 bilimsel ve ya\u015fam konusunu i\u00e7eren bir s\u00f6zl\u00fck.<\/p>\n<p style=\"text-align: justify\">T\u00f6ren kapsam\u0131nda konu\u015fan yazar ve dil bilimci Feryad Faz\u0131l, bu giri\u015fimin \u00f6nemine de\u011finerek,\u00a0&#8220;K\u00fcrt dilini teknoloji arac\u0131l\u0131\u011f\u0131yla d\u00fcnyaya tan\u0131tmaya \u00e7al\u0131\u015ft\u0131k. Bu projeler, K\u00fcrt dilinin d\u00fcnyan\u0131n standart dilleri aras\u0131nda yer almas\u0131 i\u00e7in tarihi bir ad\u0131md\u0131r.&#8221; dedi.<\/p>\n","protected":false},"excerpt":{"rendered":"<p>K\u00fcrdistan B\u00f6lgesi H\u00fck\u00fcmeti, K\u00fcrt dilini dijitalle\u015ftirmek ve k\u00fcreselle\u015ftirmek i\u00e7in yedi b\u00fcy\u00fck stratejik projeyi duyurdu. H\u00fck\u00fcmet, Erbil&#8217;deki Saad Abdullah Konferans Salonu&#8217;nda d\u00fczenlenen bir t\u00f6rende K\u00fcrt dilinin geli\u015ftirilmesi, standartla\u015ft\u0131r\u0131lmas\u0131 ve k\u00fcreselle\u015ftirilmesi i\u00e7in bir dizi proje a\u00e7\u0131klad\u0131. K\u00fcrdistan B\u00f6lgesi Medya ve Enformasyon Ofisinden yap\u0131lan a\u00e7\u0131klamaya g\u00f6re projeler, dokuzuncu h\u00fck\u00fcmet kabinesinin ana dili koruma ve zenginle\u015ftirme vizyonunun bir par\u00e7as\u0131 [&hellip;]<\/p>\n","protected":false},"author":2,"featured_media":1036510,"comment_status":"closed","ping_status":"closed","sticky":false,"template":"","format":"standard","meta":{"footnotes":""},"categories":[3],"tags":[31],"class_list":["post-1036509","post","type-post","status-publish","format-standard","has-post-thumbnail","hentry","category-kurdistan","tag-onemli"],"blocksy_meta":[],"seo_head":"<!-- This site is optimized with the Yoast SEO plugin v27.5 - https:\/\/yoast.com\/product\/yoast-seo-wordpress\/ -->\n<title>K\u00fcrdistan B\u00f6lgesi h\u00fck\u00fcmetinden K\u00fcrt dili i\u00e7in 7 b\u00fcy\u00fck stratejik proje - Darka Mazi<\/title>\n<meta name=\"robots\" content=\"index, follow, max-snippet:-1, max-image-preview:large, max-video-preview:-1\" \/>\n<link rel=\"canonical\" href=\"https:\/\/darkamazi.site\/archives\/1036509\" \/>\n<meta property=\"og:locale\" content=\"en_US\" \/>\n<meta property=\"og:type\" content=\"article\" \/>\n<meta property=\"og:title\" content=\"K\u00fcrdistan B\u00f6lgesi h\u00fck\u00fcmetinden K\u00fcrt dili i\u00e7in 7 b\u00fcy\u00fck stratejik proje - Darka Mazi\" \/>\n<meta property=\"og:description\" content=\"K\u00fcrdistan B\u00f6lgesi H\u00fck\u00fcmeti, K\u00fcrt dilini dijitalle\u015ftirmek ve k\u00fcreselle\u015ftirmek i\u00e7in yedi b\u00fcy\u00fck stratejik projeyi duyurdu. H\u00fck\u00fcmet, Erbil&#8217;deki Saad Abdullah Konferans Salonu&#8217;nda d\u00fczenlenen bir t\u00f6rende K\u00fcrt dilinin geli\u015ftirilmesi, standartla\u015ft\u0131r\u0131lmas\u0131 ve k\u00fcreselle\u015ftirilmesi i\u00e7in bir dizi proje a\u00e7\u0131klad\u0131. K\u00fcrdistan B\u00f6lgesi Medya ve Enformasyon Ofisinden yap\u0131lan a\u00e7\u0131klamaya g\u00f6re projeler, dokuzuncu h\u00fck\u00fcmet kabinesinin ana dili koruma ve zenginle\u015ftirme vizyonunun bir par\u00e7as\u0131 [&hellip;]\" \/>\n<meta property=\"og:url\" content=\"https:\/\/darkamazi.site\/archives\/1036509\" \/>\n<meta property=\"og:site_name\" content=\"Darka Mazi\" \/>\n<meta property=\"article:publisher\" content=\"https:\/\/www.facebook.com\/DarkaMaziturkce\" \/>\n<meta property=\"article:published_time\" content=\"2026-02-23T11:28:20+00:00\" \/>\n<meta property=\"og:image\" content=\"https:\/\/darkamazi.site\/file\/2026\/02\/IKLTS.jpg\" \/>\n\t<meta property=\"og:image:width\" content=\"1562\" \/>\n\t<meta property=\"og:image:height\" content=\"878\" \/>\n\t<meta property=\"og:image:type\" content=\"image\/jpeg\" \/>\n<meta name=\"author\" content=\"darka mazi\" \/>\n<meta name=\"twitter:card\" content=\"summary_large_image\" \/>\n<meta name=\"twitter:creator\" content=\"@DarkaMaziTurkce\" \/>\n<meta name=\"twitter:site\" content=\"@DarkaMaziTurkce\" \/>\n<meta name=\"twitter:label1\" content=\"Written by\" \/>\n\t<meta name=\"twitter:data1\" content=\"darka mazi\" \/>\n\t<meta name=\"twitter:label2\" content=\"Est. reading time\" \/>\n\t<meta name=\"twitter:data2\" content=\"2 minutes\" \/>\n<script type=\"application\/ld+json\" class=\"seo-schema-graph\">{\"@context\":\"https:\\\/\\\/schema.org\",\"@graph\":[{\"@type\":\"NewsArticle\",\"@id\":\"https:\\\/\\\/darkamazi.site\\\/archives\\\/1036509#article\",\"isPartOf\":{\"@id\":\"https:\\\/\\\/darkamazi.site\\\/archives\\\/1036509\"},\"author\":{\"name\":\"darka mazi\",\"@id\":\"https:\\\/\\\/darkamazi.site\\\/#\\\/schema\\\/person\\\/67986a95ac546c16760365877ef4a9d3\"},\"headline\":\"K\u00fcrdistan B\u00f6lgesi h\u00fck\u00fcmetinden K\u00fcrt dili i\u00e7in 7 b\u00fcy\u00fck stratejik proje\",\"datePublished\":\"2026-02-23T11:28:20+00:00\",\"mainEntityOfPage\":{\"@id\":\"https:\\\/\\\/darkamazi.site\\\/archives\\\/1036509\"},\"wordCount\":412,\"publisher\":{\"@id\":\"https:\\\/\\\/darkamazi.site\\\/#organization\"},\"image\":{\"@id\":\"https:\\\/\\\/darkamazi.site\\\/archives\\\/1036509#primaryimage\"},\"thumbnailUrl\":\"https:\\\/\\\/darkamazi.site\\\/darka-content\\\/uploads\\\/2026\\\/02\\\/IKLTS.jpg\",\"keywords\":[\"\u00f6nemli\"],\"articleSection\":[\"Kurdistan\"],\"inLanguage\":\"en-US\"},{\"@type\":\"WebPage\",\"@id\":\"https:\\\/\\\/darkamazi.site\\\/archives\\\/1036509\",\"url\":\"https:\\\/\\\/darkamazi.site\\\/archives\\\/1036509\",\"name\":\"K\u00fcrdistan B\u00f6lgesi h\u00fck\u00fcmetinden K\u00fcrt dili i\u00e7in 7 b\u00fcy\u00fck stratejik proje - Darka Mazi\",\"isPartOf\":{\"@id\":\"https:\\\/\\\/darkamazi.site\\\/#website\"},\"primaryImageOfPage\":{\"@id\":\"https:\\\/\\\/darkamazi.site\\\/archives\\\/1036509#primaryimage\"},\"image\":{\"@id\":\"https:\\\/\\\/darkamazi.site\\\/archives\\\/1036509#primaryimage\"},\"thumbnailUrl\":\"https:\\\/\\\/darkamazi.site\\\/darka-content\\\/uploads\\\/2026\\\/02\\\/IKLTS.jpg\",\"datePublished\":\"2026-02-23T11:28:20+00:00\",\"breadcrumb\":{\"@id\":\"https:\\\/\\\/darkamazi.site\\\/archives\\\/1036509#breadcrumb\"},\"inLanguage\":\"en-US\",\"potentialAction\":[{\"@type\":\"ReadAction\",\"target\":[\"https:\\\/\\\/darkamazi.site\\\/archives\\\/1036509\"]}]},{\"@type\":\"ImageObject\",\"inLanguage\":\"en-US\",\"@id\":\"https:\\\/\\\/darkamazi.site\\\/archives\\\/1036509#primaryimage\",\"url\":\"https:\\\/\\\/darkamazi.site\\\/darka-content\\\/uploads\\\/2026\\\/02\\\/IKLTS.jpg\",\"contentUrl\":\"https:\\\/\\\/darkamazi.site\\\/darka-content\\\/uploads\\\/2026\\\/02\\\/IKLTS.jpg\",\"width\":1562,\"height\":878,\"caption\":\"K\u00fcrdistan B\u00f6lgesi h\u00fck\u00fcmetinden K\u00fcrt dili i\u00e7in 7 b\u00fcy\u00fck stratejik proje\"},{\"@type\":\"BreadcrumbList\",\"@id\":\"https:\\\/\\\/darkamazi.site\\\/archives\\\/1036509#breadcrumb\",\"itemListElement\":[{\"@type\":\"ListItem\",\"position\":1,\"name\":\"Home\",\"item\":\"https:\\\/\\\/darkamazi.site\\\/\"},{\"@type\":\"ListItem\",\"position\":2,\"name\":\"K\u00fcrdistan B\u00f6lgesi h\u00fck\u00fcmetinden K\u00fcrt dili i\u00e7in 7 b\u00fcy\u00fck stratejik proje\"}]},{\"@type\":\"WebSite\",\"@id\":\"https:\\\/\\\/darkamazi.site\\\/#website\",\"url\":\"https:\\\/\\\/darkamazi.site\\\/\",\"name\":\"Darka Mazi\",\"description\":\"Ana Sayfa\",\"publisher\":{\"@id\":\"https:\\\/\\\/darkamazi.site\\\/#organization\"},\"potentialAction\":[{\"@type\":\"SearchAction\",\"target\":{\"@type\":\"EntryPoint\",\"urlTemplate\":\"https:\\\/\\\/darkamazi.site\\\/?s={search_term_string}\"},\"query-input\":{\"@type\":\"PropertyValueSpecification\",\"valueRequired\":true,\"valueName\":\"search_term_string\"}}],\"inLanguage\":\"en-US\"},{\"@type\":\"Organization\",\"@id\":\"https:\\\/\\\/darkamazi.site\\\/#organization\",\"name\":\"Darka Mazi T\u00fcrk\u00e7e\",\"alternateName\":\"Darka Mazi\",\"url\":\"https:\\\/\\\/darkamazi.site\\\/\",\"logo\":{\"@type\":\"ImageObject\",\"inLanguage\":\"en-US\",\"@id\":\"https:\\\/\\\/darkamazi.site\\\/#\\\/schema\\\/logo\\\/image\\\/\",\"url\":\"https:\\\/\\\/darkamazi.site\\\/darka-content\\\/uploads\\\/2017\\\/12\\\/darka-mazi-logo.png\",\"contentUrl\":\"https:\\\/\\\/darkamazi.site\\\/darka-content\\\/uploads\\\/2017\\\/12\\\/darka-mazi-logo.png\",\"width\":151,\"height\":75,\"caption\":\"Darka Mazi T\u00fcrk\u00e7e\"},\"image\":{\"@id\":\"https:\\\/\\\/darkamazi.site\\\/#\\\/schema\\\/logo\\\/image\\\/\"},\"sameAs\":[\"https:\\\/\\\/www.facebook.com\\\/DarkaMaziturkce\",\"https:\\\/\\\/x.com\\\/DarkaMaziTurkce\"]},{\"@type\":\"Person\",\"@id\":\"https:\\\/\\\/darkamazi.site\\\/#\\\/schema\\\/person\\\/67986a95ac546c16760365877ef4a9d3\",\"name\":\"darka mazi\",\"sameAs\":[\"https:\\\/\\\/darkamazi.site\"],\"url\":\"https:\\\/\\\/darkamazi.site\\\/archives\\\/author\\\/turkish\"}]}<\/script>\n<!-- \/ Yoast SEO plugin. -->","seo_head_json":{"title":"K\u00fcrdistan B\u00f6lgesi h\u00fck\u00fcmetinden K\u00fcrt dili i\u00e7in 7 b\u00fcy\u00fck stratejik proje - Darka Mazi","robots":{"index":"index","follow":"follow","max-snippet":"max-snippet:-1","max-image-preview":"max-image-preview:large","max-video-preview":"max-video-preview:-1"},"canonical":"https:\/\/darkamazi.site\/archives\/1036509","og_locale":"en_US","og_type":"article","og_title":"K\u00fcrdistan B\u00f6lgesi h\u00fck\u00fcmetinden K\u00fcrt dili i\u00e7in 7 b\u00fcy\u00fck stratejik proje - Darka Mazi","og_description":"K\u00fcrdistan B\u00f6lgesi H\u00fck\u00fcmeti, K\u00fcrt dilini dijitalle\u015ftirmek ve k\u00fcreselle\u015ftirmek i\u00e7in yedi b\u00fcy\u00fck stratejik projeyi duyurdu. H\u00fck\u00fcmet, Erbil&#8217;deki Saad Abdullah Konferans Salonu&#8217;nda d\u00fczenlenen bir t\u00f6rende K\u00fcrt dilinin geli\u015ftirilmesi, standartla\u015ft\u0131r\u0131lmas\u0131 ve k\u00fcreselle\u015ftirilmesi i\u00e7in bir dizi proje a\u00e7\u0131klad\u0131. K\u00fcrdistan B\u00f6lgesi Medya ve Enformasyon Ofisinden yap\u0131lan a\u00e7\u0131klamaya g\u00f6re projeler, dokuzuncu h\u00fck\u00fcmet kabinesinin ana dili koruma ve zenginle\u015ftirme vizyonunun bir par\u00e7as\u0131 [&hellip;]","og_url":"https:\/\/darkamazi.site\/archives\/1036509","og_site_name":"Darka Mazi","article_publisher":"https:\/\/www.facebook.com\/DarkaMaziturkce","article_published_time":"2026-02-23T11:28:20+00:00","og_image":[{"width":1562,"height":878,"url":"https:\/\/darkamazi.site\/file\/2026\/02\/IKLTS.jpg","type":"image\/jpeg"}],"author":"darka mazi","twitter_card":"summary_large_image","twitter_creator":"@DarkaMaziTurkce","twitter_site":"@DarkaMaziTurkce","twitter_misc":{"Written by":"darka mazi","Est. reading time":"2 minutes"},"schema":{"@context":"https:\/\/schema.org","@graph":[{"@type":"NewsArticle","@id":"https:\/\/darkamazi.site\/archives\/1036509#article","isPartOf":{"@id":"https:\/\/darkamazi.site\/archives\/1036509"},"author":{"name":"darka mazi","@id":"https:\/\/darkamazi.site\/#\/schema\/person\/67986a95ac546c16760365877ef4a9d3"},"headline":"K\u00fcrdistan B\u00f6lgesi h\u00fck\u00fcmetinden K\u00fcrt dili i\u00e7in 7 b\u00fcy\u00fck stratejik proje","datePublished":"2026-02-23T11:28:20+00:00","mainEntityOfPage":{"@id":"https:\/\/darkamazi.site\/archives\/1036509"},"wordCount":412,"publisher":{"@id":"https:\/\/darkamazi.site\/#organization"},"image":{"@id":"https:\/\/darkamazi.site\/archives\/1036509#primaryimage"},"thumbnailUrl":"https:\/\/darkamazi.site\/file\/2026\/02\/IKLTS.jpg","keywords":["\u00f6nemli"],"articleSection":["Kurdistan"],"inLanguage":"en-US"},{"@type":"WebPage","@id":"https:\/\/darkamazi.site\/archives\/1036509","url":"https:\/\/darkamazi.site\/archives\/1036509","name":"K\u00fcrdistan B\u00f6lgesi h\u00fck\u00fcmetinden K\u00fcrt dili i\u00e7in 7 b\u00fcy\u00fck stratejik proje - Darka Mazi","isPartOf":{"@id":"https:\/\/darkamazi.site\/#website"},"primaryImageOfPage":{"@id":"https:\/\/darkamazi.site\/archives\/1036509#primaryimage"},"image":{"@id":"https:\/\/darkamazi.site\/archives\/1036509#primaryimage"},"thumbnailUrl":"https:\/\/darkamazi.site\/file\/2026\/02\/IKLTS.jpg","datePublished":"2026-02-23T11:28:20+00:00","breadcrumb":{"@id":"https:\/\/darkamazi.site\/archives\/1036509#breadcrumb"},"inLanguage":"en-US","potentialAction":[{"@type":"ReadAction","target":["https:\/\/darkamazi.site\/archives\/1036509"]}]},{"@type":"ImageObject","inLanguage":"en-US","@id":"https:\/\/darkamazi.site\/archives\/1036509#primaryimage","url":"https:\/\/darkamazi.site\/file\/2026\/02\/IKLTS.jpg","contentUrl":"https:\/\/darkamazi.site\/file\/2026\/02\/IKLTS.jpg","width":1562,"height":878,"caption":"K\u00fcrdistan B\u00f6lgesi h\u00fck\u00fcmetinden K\u00fcrt dili i\u00e7in 7 b\u00fcy\u00fck stratejik proje"},{"@type":"BreadcrumbList","@id":"https:\/\/darkamazi.site\/archives\/1036509#breadcrumb","itemListElement":[{"@type":"ListItem","position":1,"name":"Home","item":"https:\/\/darkamazi.site\/"},{"@type":"ListItem","position":2,"name":"K\u00fcrdistan B\u00f6lgesi h\u00fck\u00fcmetinden K\u00fcrt dili i\u00e7in 7 b\u00fcy\u00fck stratejik proje"}]},{"@type":"WebSite","@id":"https:\/\/darkamazi.site\/#website","url":"https:\/\/darkamazi.site\/","name":"Darka Mazi","description":"Ana Sayfa","publisher":{"@id":"https:\/\/darkamazi.site\/#organization"},"potentialAction":[{"@type":"SearchAction","target":{"@type":"EntryPoint","urlTemplate":"https:\/\/darkamazi.site\/?s={search_term_string}"},"query-input":{"@type":"PropertyValueSpecification","valueRequired":true,"valueName":"search_term_string"}}],"inLanguage":"en-US"},{"@type":"Organization","@id":"https:\/\/darkamazi.site\/#organization","name":"Darka Mazi T\u00fcrk\u00e7e","alternateName":"Darka Mazi","url":"https:\/\/darkamazi.site\/","logo":{"@type":"ImageObject","inLanguage":"en-US","@id":"https:\/\/darkamazi.site\/#\/schema\/logo\/image\/","url":"https:\/\/darkamazi.site\/file\/2017\/12\/darka-mazi-logo.png","contentUrl":"https:\/\/darkamazi.site\/file\/2017\/12\/darka-mazi-logo.png","width":151,"height":75,"caption":"Darka Mazi T\u00fcrk\u00e7e"},"image":{"@id":"https:\/\/darkamazi.site\/#\/schema\/logo\/image\/"},"sameAs":["https:\/\/www.facebook.com\/DarkaMaziturkce","https:\/\/x.com\/DarkaMaziTurkce"]},{"@type":"Person","@id":"https:\/\/darkamazi.site\/#\/schema\/person\/67986a95ac546c16760365877ef4a9d3","name":"darka mazi","sameAs":["https:\/\/darkamazi.site"],"url":"https:\/\/darkamazi.site\/archives\/author\/turkish"}]}},"_links":{"self":[{"href":"https:\/\/darkamazi.site\/funavuv\/wp\/v2\/posts\/1036509","targetHints":{"allow":["GET"]}}],"collection":[{"href":"https:\/\/darkamazi.site\/funavuv\/wp\/v2\/posts"}],"about":[{"href":"https:\/\/darkamazi.site\/funavuv\/wp\/v2\/types\/post"}],"author":[{"embeddable":true,"href":"https:\/\/darkamazi.site\/funavuv\/wp\/v2\/users\/2"}],"replies":[{"embeddable":true,"href":"https:\/\/darkamazi.site\/funavuv\/wp\/v2\/comments?post=1036509"}],"version-history":[{"count":0,"href":"https:\/\/darkamazi.site\/funavuv\/wp\/v2\/posts\/1036509\/revisions"}],"wp:featuredmedia":[{"embeddable":true,"href":"https:\/\/darkamazi.site\/funavuv\/wp\/v2\/media\/1036510"}],"wp:attachment":[{"href":"https:\/\/darkamazi.site\/funavuv\/wp\/v2\/media?parent=1036509"}],"wp:term":[{"taxonomy":"category","embeddable":true,"href":"https:\/\/darkamazi.site\/funavuv\/wp\/v2\/categories?post=1036509"},{"taxonomy":"post_tag","embeddable":true,"href":"https:\/\/darkamazi.site\/funavuv\/wp\/v2\/tags?post=1036509"}],"curies":[{"name":"wp","href":"https:\/\/api.w.org\/{rel}","templated":true}]}}